{"id":141880,"date":"2025-05-30T12:52:01","date_gmt":"2025-05-30T15:52:01","guid":{"rendered":"https:\/\/infoecos.com.ar\/?p=141880"},"modified":"2025-06-01T19:42:18","modified_gmt":"2025-06-01T22:42:18","slug":"fallecio-un-pionero-de-la-radiofonia-por-frecuencia-modulada-en-el-oeste-de-buenos-aires-cesar-diumenjo","status":"publish","type":"post","link":"https:\/\/infoecos.com.ar\/index.php\/fallecio-un-pionero-de-la-radiofonia-por-frecuencia-modulada-en-el-oeste-de-buenos-aires-cesar-diumenjo\/","title":{"rendered":"Falleci\u00f3 un pionero de la radiofon\u00eda por Frecuencia Modulada en el Oeste de Buenos Aires: C\u00e9sar Diumenjo"},"content":{"rendered":"\n<p>Falleci\u00f3 ayer en General Villegas un verdadero pionero de la radiofon\u00eda de esa ciudad del oeste de la provincia de Buenos Aires. Se trata de C\u00e9sar Diumenjo, que padec\u00eda una enfermedad cr\u00f3nica, que se hab\u00eda agudizado en los \u00faltimos tiempos.<\/p>\n\n\n\n<p>De profesi\u00f3n ingeniero electromec\u00e1nico puso en el aire la conocida Frecuencia Modula Infinita, en el a\u00f1o 1998, la primera en su tipo. <\/p>\n\n\n\n<p>Era integrante de una tradicional familia propietaria del ex cine Rex, cuyo edificio, donde se encuentra su pasi\u00f3n, la radio, fue restaurado recientemente por sus hermanos y Madre.<\/p>\n\n\n\n<figure class=\"wp-block-image aligncenter size-full\"><img loading=\"lazy\" decoding=\"async\" width=\"600\" height=\"609\" src=\"https:\/\/infoecos.com.ar\/wp-content\/uploads\/2025\/05\/image-131.png\" alt=\"\" class=\"wp-image-141881\"\/><\/figure>\n","protected":false},"excerpt":{"rendered":"<p>De profesi\u00f3n ingeniero electromec\u00e1nico puso en el aire la conocida Frecuencia Modula Infinita, en el a\u00f1o 1998, la primera en su tipo<\/p>\n","protected":false},"author":2,"featured_media":141881,"comment_status":"closed","ping_status":"open","sticky":false,"template":"","format":"standard","meta":{"footnotes":""},"categories":[1],"tags":[10298],"class_list":["post-141880","post","type-post","status-publish","format-standard","has-post-thumbnail","hentry","category-sin-categoria","tag-bloque-inferior"],"yoast_head":"<!-- This site is optimized with the Yoast SEO plugin v23.4 - https:\/\/yoast.com\/wordpress\/plugins\/seo\/ -->\n<title>Falleci\u00f3 un pionero de la radiofon\u00eda por Frecuencia Modulada en el Oeste de Buenos Aires: C\u00e9sar Diumenjo - Infoecos<\/title>\n<meta name=\"robots\" content=\"index, follow, max-snippet:-1, max-image-preview:large, max-video-preview:-1\" \/>\n<link rel=\"canonical\" href=\"https:\/\/infoecos.com.ar\/index.php\/fallecio-un-pionero-de-la-radiofonia-por-frecuencia-modulada-en-el-oeste-de-buenos-aires-cesar-diumenjo\/\" \/>\n<meta property=\"og:locale\" content=\"es_ES\" \/>\n<meta property=\"og:type\" content=\"article\" \/>\n<meta property=\"og:title\" content=\"Falleci\u00f3 un pionero de la radiofon\u00eda por Frecuencia Modulada en el Oeste de Buenos Aires: C\u00e9sar Diumenjo - Infoecos\" \/>\n<meta property=\"og:description\" content=\"De profesi\u00f3n ingeniero electromec\u00e1nico puso en el aire la conocida Frecuencia Modula Infinita, en el a\u00f1o 1998, la primera en su tipo\" \/>\n<meta property=\"og:url\" content=\"https:\/\/infoecos.com.ar\/index.php\/fallecio-un-pionero-de-la-radiofonia-por-frecuencia-modulada-en-el-oeste-de-buenos-aires-cesar-diumenjo\/\" \/>\n<meta property=\"og:site_name\" content=\"Infoecos\" \/>\n<meta property=\"article:publisher\" content=\"https:\/\/www.facebook.com\/profile.php?id=100063200290284\" \/>\n<meta property=\"article:published_time\" content=\"2025-05-30T15:52:01+00:00\" \/>\n<meta property=\"article:modified_time\" content=\"2025-06-01T22:42:18+00:00\" \/>\n<meta property=\"og:image\" content=\"https:\/\/infoecos.com.ar\/wp-content\/uploads\/2025\/05\/image-131.png\" \/>\n\t<meta property=\"og:image:width\" content=\"600\" \/>\n\t<meta property=\"og:image:height\" content=\"609\" \/>\n\t<meta property=\"og:image:type\" content=\"image\/png\" \/>\n<meta name=\"author\" content=\"Jorge Matheus\" \/>\n<meta name=\"twitter:card\" content=\"summary_large_image\" \/>\n<meta name=\"twitter:creator\" content=\"@infoecos\" \/>\n<meta name=\"twitter:site\" content=\"@infoecos\" \/>\n<meta name=\"twitter:label1\" content=\"Escrito por\" \/>\n\t<meta name=\"twitter:data1\" content=\"Jorge Matheus\" \/>\n\t<meta name=\"twitter:label2\" content=\"Tiempo de lectura\" \/>\n\t<meta name=\"twitter:data2\" content=\"1 minuto\" \/>\n<script type=\"application\/ld+json\" class=\"yoast-schema-graph\">{\"@context\":\"https:\/\/schema.org\",\"@graph\":[{\"@type\":\"Article\",\"@id\":\"https:\/\/infoecos.com.ar\/index.php\/fallecio-un-pionero-de-la-radiofonia-por-frecuencia-modulada-en-el-oeste-de-buenos-aires-cesar-diumenjo\/#article\",\"isPartOf\":{\"@id\":\"https:\/\/infoecos.com.ar\/index.php\/fallecio-un-pionero-de-la-radiofonia-por-frecuencia-modulada-en-el-oeste-de-buenos-aires-cesar-diumenjo\/\"},\"author\":{\"name\":\"Jorge Matheus\",\"@id\":\"https:\/\/infoecos.com.ar\/#\/schema\/person\/8f5ace5ce73b4b4aac4b7245aee6f191\"},\"headline\":\"Falleci\u00f3 un pionero de la radiofon\u00eda por Frecuencia Modulada en el Oeste de Buenos Aires: C\u00e9sar Diumenjo\",\"datePublished\":\"2025-05-30T15:52:01+00:00\",\"dateModified\":\"2025-06-01T22:42:18+00:00\",\"mainEntityOfPage\":{\"@id\":\"https:\/\/infoecos.com.ar\/index.php\/fallecio-un-pionero-de-la-radiofonia-por-frecuencia-modulada-en-el-oeste-de-buenos-aires-cesar-diumenjo\/\"},\"wordCount\":117,\"publisher\":{\"@id\":\"https:\/\/infoecos.com.ar\/#organization\"},\"image\":{\"@id\":\"https:\/\/infoecos.com.ar\/index.php\/fallecio-un-pionero-de-la-radiofonia-por-frecuencia-modulada-en-el-oeste-de-buenos-aires-cesar-diumenjo\/#primaryimage\"},\"thumbnailUrl\":\"https:\/\/infoecos.com.ar\/wp-content\/uploads\/2025\/05\/image-131.png\",\"keywords\":[\"Bloque inferior\"],\"inLanguage\":\"es\"},{\"@type\":\"WebPage\",\"@id\":\"https:\/\/infoecos.com.ar\/index.php\/fallecio-un-pionero-de-la-radiofonia-por-frecuencia-modulada-en-el-oeste-de-buenos-aires-cesar-diumenjo\/\",\"url\":\"https:\/\/infoecos.com.ar\/index.php\/fallecio-un-pionero-de-la-radiofonia-por-frecuencia-modulada-en-el-oeste-de-buenos-aires-cesar-diumenjo\/\",\"name\":\"Falleci\u00f3 un pionero de la radiofon\u00eda por Frecuencia Modulada en el Oeste de Buenos Aires: C\u00e9sar Diumenjo - Infoecos\",\"isPartOf\":{\"@id\":\"https:\/\/infoecos.com.ar\/#website\"},\"primaryImageOfPage\":{\"@id\":\"https:\/\/infoecos.com.ar\/index.php\/fallecio-un-pionero-de-la-radiofonia-por-frecuencia-modulada-en-el-oeste-de-buenos-aires-cesar-diumenjo\/#primaryimage\"},\"image\":{\"@id\":\"https:\/\/infoecos.com.ar\/index.php\/fallecio-un-pionero-de-la-radiofonia-por-frecuencia-modulada-en-el-oeste-de-buenos-aires-cesar-diumenjo\/#primaryimage\"},\"thumbnailUrl\":\"https:\/\/infoecos.com.ar\/wp-content\/uploads\/2025\/05\/image-131.png\",\"datePublished\":\"2025-05-30T15:52:01+00:00\",\"dateModified\":\"2025-06-01T22:42:18+00:00\",\"breadcrumb\":{\"@id\":\"https:\/\/infoecos.com.ar\/index.php\/fallecio-un-pionero-de-la-radiofonia-por-frecuencia-modulada-en-el-oeste-de-buenos-aires-cesar-diumenjo\/#breadcrumb\"},\"inLanguage\":\"es\",\"potentialAction\":[{\"@type\":\"ReadAction\",\"target\":[\"https:\/\/infoecos.com.ar\/index.php\/fallecio-un-pionero-de-la-radiofonia-por-frecuencia-modulada-en-el-oeste-de-buenos-aires-cesar-diumenjo\/\"]}]},{\"@type\":\"ImageObject\",\"inLanguage\":\"es\",\"@id\":\"https:\/\/infoecos.com.ar\/index.php\/fallecio-un-pionero-de-la-radiofonia-por-frecuencia-modulada-en-el-oeste-de-buenos-aires-cesar-diumenjo\/#primaryimage\",\"url\":\"https:\/\/infoecos.com.ar\/wp-content\/uploads\/2025\/05\/image-131.png\",\"contentUrl\":\"https:\/\/infoecos.com.ar\/wp-content\/uploads\/2025\/05\/image-131.png\",\"width\":600,\"height\":609},{\"@type\":\"BreadcrumbList\",\"@id\":\"https:\/\/infoecos.com.ar\/index.php\/fallecio-un-pionero-de-la-radiofonia-por-frecuencia-modulada-en-el-oeste-de-buenos-aires-cesar-diumenjo\/#breadcrumb\",\"itemListElement\":[{\"@type\":\"ListItem\",\"position\":1,\"name\":\"Portada\",\"item\":\"https:\/\/infoecos.com.ar\/\"},{\"@type\":\"ListItem\",\"position\":2,\"name\":\"Falleci\u00f3 un pionero de la radiofon\u00eda por Frecuencia Modulada en el Oeste de Buenos Aires: C\u00e9sar Diumenjo\"}]},{\"@type\":\"WebSite\",\"@id\":\"https:\/\/infoecos.com.ar\/#website\",\"url\":\"https:\/\/infoecos.com.ar\/\",\"name\":\"Infoecos\",\"description\":\"Noticias de trenque lauquen y la zona\",\"publisher\":{\"@id\":\"https:\/\/infoecos.com.ar\/#organization\"},\"alternateName\":\"Noticias\",\"potentialAction\":[{\"@type\":\"SearchAction\",\"target\":{\"@type\":\"EntryPoint\",\"urlTemplate\":\"https:\/\/infoecos.com.ar\/?s={search_term_string}\"},\"query-input\":{\"@type\":\"PropertyValueSpecification\",\"valueRequired\":true,\"valueName\":\"search_term_string\"}}],\"inLanguage\":\"es\"},{\"@type\":\"Organization\",\"@id\":\"https:\/\/infoecos.com.ar\/#organization\",\"name\":\"Infoecos\",\"alternateName\":\"Noticias\",\"url\":\"https:\/\/infoecos.com.ar\/\",\"logo\":{\"@type\":\"ImageObject\",\"inLanguage\":\"es\",\"@id\":\"https:\/\/infoecos.com.ar\/#\/schema\/logo\/image\/\",\"url\":\"https:\/\/infoecos.com.ar\/wp-content\/uploads\/2024\/03\/cropped-logo.png\",\"contentUrl\":\"https:\/\/infoecos.com.ar\/wp-content\/uploads\/2024\/03\/cropped-logo.png\",\"width\":374,\"height\":90,\"caption\":\"Infoecos\"},\"image\":{\"@id\":\"https:\/\/infoecos.com.ar\/#\/schema\/logo\/image\/\"},\"sameAs\":[\"https:\/\/www.facebook.com\/profile.php?id=100063200290284\",\"https:\/\/x.com\/infoecos\"]},{\"@type\":\"Person\",\"@id\":\"https:\/\/infoecos.com.ar\/#\/schema\/person\/8f5ace5ce73b4b4aac4b7245aee6f191\",\"name\":\"Jorge Matheus\",\"url\":\"https:\/\/infoecos.com.ar\/index.php\/author\/jomatheus\/\"}]}<\/script>\n<!-- \/ Yoast SEO plugin. -->","yoast_head_json":{"title":"Falleci\u00f3 un pionero de la radiofon\u00eda por Frecuencia Modulada en el Oeste de Buenos Aires: C\u00e9sar Diumenjo - Infoecos","robots":{"index":"index","follow":"follow","max-snippet":"max-snippet:-1","max-image-preview":"max-image-preview:large","max-video-preview":"max-video-preview:-1"},"canonical":"https:\/\/infoecos.com.ar\/index.php\/fallecio-un-pionero-de-la-radiofonia-por-frecuencia-modulada-en-el-oeste-de-buenos-aires-cesar-diumenjo\/","og_locale":"es_ES","og_type":"article","og_title":"Falleci\u00f3 un pionero de la radiofon\u00eda por Frecuencia Modulada en el Oeste de Buenos Aires: C\u00e9sar Diumenjo - Infoecos","og_description":"De profesi\u00f3n ingeniero electromec\u00e1nico puso en el aire la conocida Frecuencia Modula Infinita, en el a\u00f1o 1998, la primera en su tipo","og_url":"https:\/\/infoecos.com.ar\/index.php\/fallecio-un-pionero-de-la-radiofonia-por-frecuencia-modulada-en-el-oeste-de-buenos-aires-cesar-diumenjo\/","og_site_name":"Infoecos","article_publisher":"https:\/\/www.facebook.com\/profile.php?id=100063200290284","article_published_time":"2025-05-30T15:52:01+00:00","article_modified_time":"2025-06-01T22:42:18+00:00","og_image":[{"width":600,"height":609,"url":"https:\/\/infoecos.com.ar\/wp-content\/uploads\/2025\/05\/image-131.png","type":"image\/png"}],"author":"Jorge Matheus","twitter_card":"summary_large_image","twitter_creator":"@infoecos","twitter_site":"@infoecos","twitter_misc":{"Escrito por":"Jorge Matheus","Tiempo de lectura":"1 minuto"},"schema":{"@context":"https:\/\/schema.org","@graph":[{"@type":"Article","@id":"https:\/\/infoecos.com.ar\/index.php\/fallecio-un-pionero-de-la-radiofonia-por-frecuencia-modulada-en-el-oeste-de-buenos-aires-cesar-diumenjo\/#article","isPartOf":{"@id":"https:\/\/infoecos.com.ar\/index.php\/fallecio-un-pionero-de-la-radiofonia-por-frecuencia-modulada-en-el-oeste-de-buenos-aires-cesar-diumenjo\/"},"author":{"name":"Jorge Matheus","@id":"https:\/\/infoecos.com.ar\/#\/schema\/person\/8f5ace5ce73b4b4aac4b7245aee6f191"},"headline":"Falleci\u00f3 un pionero de la radiofon\u00eda por Frecuencia Modulada en el Oeste de Buenos Aires: C\u00e9sar Diumenjo","datePublished":"2025-05-30T15:52:01+00:00","dateModified":"2025-06-01T22:42:18+00:00","mainEntityOfPage":{"@id":"https:\/\/infoecos.com.ar\/index.php\/fallecio-un-pionero-de-la-radiofonia-por-frecuencia-modulada-en-el-oeste-de-buenos-aires-cesar-diumenjo\/"},"wordCount":117,"publisher":{"@id":"https:\/\/infoecos.com.ar\/#organization"},"image":{"@id":"https:\/\/infoecos.com.ar\/index.php\/fallecio-un-pionero-de-la-radiofonia-por-frecuencia-modulada-en-el-oeste-de-buenos-aires-cesar-diumenjo\/#primaryimage"},"thumbnailUrl":"https:\/\/infoecos.com.ar\/wp-content\/uploads\/2025\/05\/image-131.png","keywords":["Bloque inferior"],"inLanguage":"es"},{"@type":"WebPage","@id":"https:\/\/infoecos.com.ar\/index.php\/fallecio-un-pionero-de-la-radiofonia-por-frecuencia-modulada-en-el-oeste-de-buenos-aires-cesar-diumenjo\/","url":"https:\/\/infoecos.com.ar\/index.php\/fallecio-un-pionero-de-la-radiofonia-por-frecuencia-modulada-en-el-oeste-de-buenos-aires-cesar-diumenjo\/","name":"Falleci\u00f3 un pionero de la radiofon\u00eda por Frecuencia Modulada en el Oeste de Buenos Aires: C\u00e9sar Diumenjo - Infoecos","isPartOf":{"@id":"https:\/\/infoecos.com.ar\/#website"},"primaryImageOfPage":{"@id":"https:\/\/infoecos.com.ar\/index.php\/fallecio-un-pionero-de-la-radiofonia-por-frecuencia-modulada-en-el-oeste-de-buenos-aires-cesar-diumenjo\/#primaryimage"},"image":{"@id":"https:\/\/infoecos.com.ar\/index.php\/fallecio-un-pionero-de-la-radiofonia-por-frecuencia-modulada-en-el-oeste-de-buenos-aires-cesar-diumenjo\/#primaryimage"},"thumbnailUrl":"https:\/\/infoecos.com.ar\/wp-content\/uploads\/2025\/05\/image-131.png","datePublished":"2025-05-30T15:52:01+00:00","dateModified":"2025-06-01T22:42:18+00:00","breadcrumb":{"@id":"https:\/\/infoecos.com.ar\/index.php\/fallecio-un-pionero-de-la-radiofonia-por-frecuencia-modulada-en-el-oeste-de-buenos-aires-cesar-diumenjo\/#breadcrumb"},"inLanguage":"es","potentialAction":[{"@type":"ReadAction","target":["https:\/\/infoecos.com.ar\/index.php\/fallecio-un-pionero-de-la-radiofonia-por-frecuencia-modulada-en-el-oeste-de-buenos-aires-cesar-diumenjo\/"]}]},{"@type":"ImageObject","inLanguage":"es","@id":"https:\/\/infoecos.com.ar\/index.php\/fallecio-un-pionero-de-la-radiofonia-por-frecuencia-modulada-en-el-oeste-de-buenos-aires-cesar-diumenjo\/#primaryimage","url":"https:\/\/infoecos.com.ar\/wp-content\/uploads\/2025\/05\/image-131.png","contentUrl":"https:\/\/infoecos.com.ar\/wp-content\/uploads\/2025\/05\/image-131.png","width":600,"height":609},{"@type":"BreadcrumbList","@id":"https:\/\/infoecos.com.ar\/index.php\/fallecio-un-pionero-de-la-radiofonia-por-frecuencia-modulada-en-el-oeste-de-buenos-aires-cesar-diumenjo\/#breadcrumb","itemListElement":[{"@type":"ListItem","position":1,"name":"Portada","item":"https:\/\/infoecos.com.ar\/"},{"@type":"ListItem","position":2,"name":"Falleci\u00f3 un pionero de la radiofon\u00eda por Frecuencia Modulada en el Oeste de Buenos Aires: C\u00e9sar Diumenjo"}]},{"@type":"WebSite","@id":"https:\/\/infoecos.com.ar\/#website","url":"https:\/\/infoecos.com.ar\/","name":"Infoecos","description":"Noticias de trenque lauquen y la zona","publisher":{"@id":"https:\/\/infoecos.com.ar\/#organization"},"alternateName":"Noticias","potentialAction":[{"@type":"SearchAction","target":{"@type":"EntryPoint","urlTemplate":"https:\/\/infoecos.com.ar\/?s={search_term_string}"},"query-input":{"@type":"PropertyValueSpecification","valueRequired":true,"valueName":"search_term_string"}}],"inLanguage":"es"},{"@type":"Organization","@id":"https:\/\/infoecos.com.ar\/#organization","name":"Infoecos","alternateName":"Noticias","url":"https:\/\/infoecos.com.ar\/","logo":{"@type":"ImageObject","inLanguage":"es","@id":"https:\/\/infoecos.com.ar\/#\/schema\/logo\/image\/","url":"https:\/\/infoecos.com.ar\/wp-content\/uploads\/2024\/03\/cropped-logo.png","contentUrl":"https:\/\/infoecos.com.ar\/wp-content\/uploads\/2024\/03\/cropped-logo.png","width":374,"height":90,"caption":"Infoecos"},"image":{"@id":"https:\/\/infoecos.com.ar\/#\/schema\/logo\/image\/"},"sameAs":["https:\/\/www.facebook.com\/profile.php?id=100063200290284","https:\/\/x.com\/infoecos"]},{"@type":"Person","@id":"https:\/\/infoecos.com.ar\/#\/schema\/person\/8f5ace5ce73b4b4aac4b7245aee6f191","name":"Jorge Matheus","url":"https:\/\/infoecos.com.ar\/index.php\/author\/jomatheus\/"}]}},"featured_image_urls":{"full":["https:\/\/infoecos.com.ar\/wp-content\/uploads\/2025\/05\/image-131.png",600,609,false],"thumbnail":["https:\/\/infoecos.com.ar\/wp-content\/uploads\/2025\/05\/image-131-300x150.png",300,150,true],"medium":["https:\/\/infoecos.com.ar\/wp-content\/uploads\/2025\/05\/image-131.png",600,609,false],"medium_large":["https:\/\/infoecos.com.ar\/wp-content\/uploads\/2025\/05\/image-131.png",600,609,false],"large":["https:\/\/infoecos.com.ar\/wp-content\/uploads\/2025\/05\/image-131.png",600,609,false],"1536x1536":["https:\/\/infoecos.com.ar\/wp-content\/uploads\/2025\/05\/image-131.png",600,609,false],"2048x2048":["https:\/\/infoecos.com.ar\/wp-content\/uploads\/2025\/05\/image-131.png",600,609,false],"covernews-slider-full":["https:\/\/infoecos.com.ar\/wp-content\/uploads\/2025\/05\/image-131.png",600,609,false],"covernews-slider-center":["https:\/\/infoecos.com.ar\/wp-content\/uploads\/2025\/05\/image-131-600x500.png",600,500,true],"covernews-featured":["https:\/\/infoecos.com.ar\/wp-content\/uploads\/2025\/05\/image-131.png",600,609,false],"covernews-medium":["https:\/\/infoecos.com.ar\/wp-content\/uploads\/2025\/05\/image-131-540x340.png",540,340,true],"covernews-medium-square":["https:\/\/infoecos.com.ar\/wp-content\/uploads\/2025\/05\/image-131-400x250.png",400,250,true]},"author_info":{"info":["Jorge Matheus"]},"category_info":"<a href=\"https:\/\/infoecos.com.ar\/index.php\/category\/sin-categoria\/\" rel=\"category tag\">Sin categor\u00eda<\/a>","tag_info":"Sin categor\u00eda","comment_count":"0","_links":{"self":[{"href":"https:\/\/infoecos.com.ar\/index.php\/wp-json\/wp\/v2\/posts\/141880"}],"collection":[{"href":"https:\/\/infoecos.com.ar\/index.php\/wp-json\/wp\/v2\/posts"}],"about":[{"href":"https:\/\/infoecos.com.ar\/index.php\/wp-json\/wp\/v2\/types\/post"}],"author":[{"embeddable":true,"href":"https:\/\/infoecos.com.ar\/index.php\/wp-json\/wp\/v2\/users\/2"}],"replies":[{"embeddable":true,"href":"https:\/\/infoecos.com.ar\/index.php\/wp-json\/wp\/v2\/comments?post=141880"}],"version-history":[{"count":1,"href":"https:\/\/infoecos.com.ar\/index.php\/wp-json\/wp\/v2\/posts\/141880\/revisions"}],"predecessor-version":[{"id":141882,"href":"https:\/\/infoecos.com.ar\/index.php\/wp-json\/wp\/v2\/posts\/141880\/revisions\/141882"}],"wp:featuredmedia":[{"embeddable":true,"href":"https:\/\/infoecos.com.ar\/index.php\/wp-json\/wp\/v2\/media\/141881"}],"wp:attachment":[{"href":"https:\/\/infoecos.com.ar\/index.php\/wp-json\/wp\/v2\/media?parent=141880"}],"wp:term":[{"taxonomy":"category","embeddable":true,"href":"https:\/\/infoecos.com.ar\/index.php\/wp-json\/wp\/v2\/categories?post=141880"},{"taxonomy":"post_tag","embeddable":true,"href":"https:\/\/infoecos.com.ar\/index.php\/wp-json\/wp\/v2\/tags?post=141880"}],"curies":[{"name":"wp","href":"https:\/\/api.w.org\/{rel}","templated":true}]}}