{"id":142204,"date":"2025-06-05T14:41:15","date_gmt":"2025-06-05T17:41:15","guid":{"rendered":"https:\/\/infoecos.com.ar\/?p=142204"},"modified":"2025-06-10T21:00:47","modified_gmt":"2025-06-11T00:00:47","slug":"142204","status":"publish","type":"post","link":"https:\/\/infoecos.com.ar\/index.php\/142204\/","title":{"rendered":"El autor del m\u00faltiple asesinato del martes en la zona de Tres Arroyos y que luego se suicid\u00f3, ven\u00eda tomando medicaci\u00f3n psiqui\u00e1trica"},"content":{"rendered":"\n<p><strong>Fernando Dellarciprete<\/strong>\u00a0quien pasado el mediod\u00eda del martes asesin\u00f3 a\u00a0<strong>Roc\u00edo Villarreal<\/strong>, su pareja de 34 a\u00f1os, ven\u00eda tomando medicaci\u00f3n psiqui\u00e1trica desde hac\u00eda un tiempo, pero algunos d\u00edas antes de cometer la masacre, la hab\u00eda dejado, se\u00f1ala una nota publicada en el medio Ecos Diarios de Necochea.<\/p>\n\n\n\n<figure class=\"wp-block-image aligncenter size-full is-resized\"><img loading=\"lazy\" decoding=\"async\" width=\"1536\" height=\"864\" src=\"https:\/\/infoecos.com.ar\/wp-content\/uploads\/2025\/06\/image-55.png\" alt=\"\" class=\"wp-image-142213\" style=\"width:392px;height:auto\" srcset=\"https:\/\/infoecos.com.ar\/wp-content\/uploads\/2025\/06\/image-55.png 1536w, https:\/\/infoecos.com.ar\/wp-content\/uploads\/2025\/06\/image-55-800x450.png 800w, https:\/\/infoecos.com.ar\/wp-content\/uploads\/2025\/06\/image-55-768x432.png 768w, https:\/\/infoecos.com.ar\/wp-content\/uploads\/2025\/06\/image-55-1024x576.png 1024w\" sizes=\"(max-width: 1536px) 100vw, 1536px\" \/><\/figure>\n\n\n\n<p>Se agrega que <strong>hab\u00eda dejado de tomar la medicaci\u00f3n<\/strong>, a pesar de que las recomendaciones profesionales indicaban que no estaba apto para dejarlas y que, por el contrario, era mejor intensificar las medidas de control.<\/p>\n\n\n\n<p>Seg\u00fan pudo saber Ecos Diarios, un familiar cercano incluso habr\u00eda recibido el pedido de \u201cseguirlo de cerca\u201d, porque no estaba bien. Ese familiar tambi\u00e9n habr\u00eda recibido un llamado telef\u00f3nico en el que el propio Fernando habr\u00eda indicado que estaba cometiendo o a punto de cometer una locura. <\/p>\n\n\n\n<p>El cami\u00f3n al que embisti\u00f3 despu\u00e9s de haber realizado la acci\u00f3n criminal, circulaba en direcci\u00f3n Necochea-Tres Arroyos, a unos 20 kil\u00f3metros de la rotonda de Energ\u00eda.\u00a0El camionero, de apellido Luna, colega de Fernando y a quien conoc\u00eda por ser tambi\u00e9n oriundo de la misma ciudad, no pudo hacer absolutamente nada.<\/p>\n\n\n\n<figure class=\"wp-block-image aligncenter size-full is-resized\"><img loading=\"lazy\" decoding=\"async\" width=\"1024\" height=\"798\" src=\"https:\/\/infoecos.com.ar\/wp-content\/uploads\/2025\/06\/image-54.png\" alt=\"\" class=\"wp-image-142212\" style=\"width:386px;height:auto\" srcset=\"https:\/\/infoecos.com.ar\/wp-content\/uploads\/2025\/06\/image-54.png 1024w, https:\/\/infoecos.com.ar\/wp-content\/uploads\/2025\/06\/image-54-800x623.png 800w, https:\/\/infoecos.com.ar\/wp-content\/uploads\/2025\/06\/image-54-768x599.png 768w\" sizes=\"(max-width: 1024px) 100vw, 1024px\" \/><\/figure>\n\n\n\n<p>La\u00a0<strong>fiscal Natalia Ramos<\/strong> puntualiz\u00f3 que \u201cno tenemos informaci\u00f3n que indique que hab\u00eda alg\u00fan conflicto y no hab\u00eda denuncias penales previas\u201d, por lo que afirm\u00f3 que \u201c<strong>realmente los familiares se sorprendieron con la situaci\u00f3n al igual que a los vecinos<\/strong>, ya que nada indicaba que esto pod\u00eda llegar a terminar\u201d de esta manera.<\/p>\n\n\n\n<figure class=\"wp-block-image aligncenter size-full\"><img loading=\"lazy\" decoding=\"async\" width=\"414\" height=\"370\" src=\"https:\/\/infoecos.com.ar\/wp-content\/uploads\/2025\/06\/image-56.png\" alt=\"\" class=\"wp-image-142214\"\/><\/figure>\n\n\n\n<p>Lo que s\u00ed dijo la fiscal es que\u00a0<strong>Del Archiprete \u201cestaba siendo asistido por salud mental, en la ciudad de Tres Arroyos\u201d<\/strong>, por lo que \u201cestamos convocando a las psiquiatras y las psic\u00f3logas para que nos expliquen bien cu\u00e1l era su patolog\u00eda y cu\u00e1l era su tratamiento\u201d.<\/p>\n\n\n\n<figure class=\"wp-block-embed is-type-wp-embed is-provider-incrustado wp-block-embed-incrustado\"><div class=\"wp-block-embed__wrapper\">\n<blockquote class=\"wp-embedded-content\" data-secret=\"9KGCHo3Pqe\"><a href=\"https:\/\/infoecos.com.ar\/index.php\/otra-tragedia-que-racionalmente-es-dificil-de-explicar-esta-vez-en-tres-arroyos\/\">Un hombre mat\u00f3 a toda su familia en Tres Arroyos y luego se suicid\u00f3, arroj\u00e1ndose contra un cami\u00f3n<\/a><\/blockquote><iframe loading=\"lazy\" class=\"wp-embedded-content\" sandbox=\"allow-scripts\" security=\"restricted\" style=\"position: absolute; visibility: hidden;\" title=\"\u00abUn hombre mat\u00f3 a toda su familia en Tres Arroyos y luego se suicid\u00f3, arroj\u00e1ndose contra un cami\u00f3n\u00bb \u2014 \" src=\"https:\/\/infoecos.com.ar\/index.php\/otra-tragedia-que-racionalmente-es-dificil-de-explicar-esta-vez-en-tres-arroyos\/embed\/#?secret=AGrgMpV5fy#?secret=9KGCHo3Pqe\" data-secret=\"9KGCHo3Pqe\" width=\"600\" height=\"338\" frameborder=\"0\" marginwidth=\"0\" marginheight=\"0\" scrolling=\"no\"><\/iframe>\n<\/div><\/figure>\n","protected":false},"excerpt":{"rendered":"<p>Fernando Dellarciprete\u00a0quien pasado el mediod\u00eda del martes asesin\u00f3 a\u00a0Roc\u00edo Villarreal, su pareja de 34 a\u00f1os,&#8230;<\/p>\n","protected":false},"author":2,"featured_media":142214,"comment_status":"closed","ping_status":"open","sticky":false,"template":"","format":"standard","meta":{"footnotes":""},"categories":[1],"tags":[10298],"class_list":["post-142204","post","type-post","status-publish","format-standard","has-post-thumbnail","hentry","category-sin-categoria","tag-bloque-inferior"],"yoast_head":"<!-- This site is optimized with the Yoast SEO plugin v23.4 - https:\/\/yoast.com\/wordpress\/plugins\/seo\/ -->\n<title>El autor del m\u00faltiple asesinato del martes en la zona de Tres Arroyos y que luego se suicid\u00f3, ven\u00eda tomando medicaci\u00f3n psiqui\u00e1trica - Infoecos<\/title>\n<meta name=\"robots\" content=\"index, follow, max-snippet:-1, max-image-preview:large, max-video-preview:-1\" \/>\n<link rel=\"canonical\" href=\"https:\/\/infoecos.com.ar\/index.php\/142204\/\" \/>\n<meta property=\"og:locale\" content=\"es_ES\" \/>\n<meta property=\"og:type\" content=\"article\" \/>\n<meta property=\"og:title\" content=\"El autor del m\u00faltiple asesinato del martes en la zona de Tres Arroyos y que luego se suicid\u00f3, ven\u00eda tomando medicaci\u00f3n psiqui\u00e1trica - Infoecos\" \/>\n<meta property=\"og:description\" content=\"Fernando Dellarciprete\u00a0quien pasado el mediod\u00eda del martes asesin\u00f3 a\u00a0Roc\u00edo Villarreal, su pareja de 34 a\u00f1os,...\" \/>\n<meta property=\"og:url\" content=\"https:\/\/infoecos.com.ar\/index.php\/142204\/\" \/>\n<meta property=\"og:site_name\" content=\"Infoecos\" \/>\n<meta property=\"article:publisher\" content=\"https:\/\/www.facebook.com\/profile.php?id=100063200290284\" \/>\n<meta property=\"article:published_time\" content=\"2025-06-05T17:41:15+00:00\" \/>\n<meta property=\"article:modified_time\" content=\"2025-06-11T00:00:47+00:00\" \/>\n<meta property=\"og:image\" content=\"https:\/\/infoecos.com.ar\/wp-content\/uploads\/2025\/06\/image-56.png\" \/>\n\t<meta property=\"og:image:width\" content=\"414\" \/>\n\t<meta property=\"og:image:height\" content=\"370\" \/>\n\t<meta property=\"og:image:type\" content=\"image\/png\" \/>\n<meta name=\"author\" content=\"Jorge Matheus\" \/>\n<meta name=\"twitter:card\" content=\"summary_large_image\" \/>\n<meta name=\"twitter:creator\" content=\"@infoecos\" \/>\n<meta name=\"twitter:site\" content=\"@infoecos\" \/>\n<meta name=\"twitter:label1\" content=\"Escrito por\" \/>\n\t<meta name=\"twitter:data1\" content=\"Jorge Matheus\" \/>\n\t<meta name=\"twitter:label2\" content=\"Tiempo de lectura\" \/>\n\t<meta name=\"twitter:data2\" content=\"3 minutos\" \/>\n<script type=\"application\/ld+json\" class=\"yoast-schema-graph\">{\"@context\":\"https:\/\/schema.org\",\"@graph\":[{\"@type\":\"Article\",\"@id\":\"https:\/\/infoecos.com.ar\/index.php\/142204\/#article\",\"isPartOf\":{\"@id\":\"https:\/\/infoecos.com.ar\/index.php\/142204\/\"},\"author\":{\"name\":\"Jorge Matheus\",\"@id\":\"https:\/\/infoecos.com.ar\/#\/schema\/person\/8f5ace5ce73b4b4aac4b7245aee6f191\"},\"headline\":\"El autor del m\u00faltiple asesinato del martes en la zona de Tres Arroyos y que luego se suicid\u00f3, ven\u00eda tomando medicaci\u00f3n psiqui\u00e1trica\",\"datePublished\":\"2025-06-05T17:41:15+00:00\",\"dateModified\":\"2025-06-11T00:00:47+00:00\",\"mainEntityOfPage\":{\"@id\":\"https:\/\/infoecos.com.ar\/index.php\/142204\/\"},\"wordCount\":347,\"publisher\":{\"@id\":\"https:\/\/infoecos.com.ar\/#organization\"},\"image\":{\"@id\":\"https:\/\/infoecos.com.ar\/index.php\/142204\/#primaryimage\"},\"thumbnailUrl\":\"https:\/\/infoecos.com.ar\/wp-content\/uploads\/2025\/06\/image-56.png\",\"keywords\":[\"Bloque inferior\"],\"inLanguage\":\"es\"},{\"@type\":\"WebPage\",\"@id\":\"https:\/\/infoecos.com.ar\/index.php\/142204\/\",\"url\":\"https:\/\/infoecos.com.ar\/index.php\/142204\/\",\"name\":\"El autor del m\u00faltiple asesinato del martes en la zona de Tres Arroyos y que luego se suicid\u00f3, ven\u00eda tomando medicaci\u00f3n psiqui\u00e1trica - Infoecos\",\"isPartOf\":{\"@id\":\"https:\/\/infoecos.com.ar\/#website\"},\"primaryImageOfPage\":{\"@id\":\"https:\/\/infoecos.com.ar\/index.php\/142204\/#primaryimage\"},\"image\":{\"@id\":\"https:\/\/infoecos.com.ar\/index.php\/142204\/#primaryimage\"},\"thumbnailUrl\":\"https:\/\/infoecos.com.ar\/wp-content\/uploads\/2025\/06\/image-56.png\",\"datePublished\":\"2025-06-05T17:41:15+00:00\",\"dateModified\":\"2025-06-11T00:00:47+00:00\",\"breadcrumb\":{\"@id\":\"https:\/\/infoecos.com.ar\/index.php\/142204\/#breadcrumb\"},\"inLanguage\":\"es\",\"potentialAction\":[{\"@type\":\"ReadAction\",\"target\":[\"https:\/\/infoecos.com.ar\/index.php\/142204\/\"]}]},{\"@type\":\"ImageObject\",\"inLanguage\":\"es\",\"@id\":\"https:\/\/infoecos.com.ar\/index.php\/142204\/#primaryimage\",\"url\":\"https:\/\/infoecos.com.ar\/wp-content\/uploads\/2025\/06\/image-56.png\",\"contentUrl\":\"https:\/\/infoecos.com.ar\/wp-content\/uploads\/2025\/06\/image-56.png\",\"width\":414,\"height\":370},{\"@type\":\"BreadcrumbList\",\"@id\":\"https:\/\/infoecos.com.ar\/index.php\/142204\/#breadcrumb\",\"itemListElement\":[{\"@type\":\"ListItem\",\"position\":1,\"name\":\"Portada\",\"item\":\"https:\/\/infoecos.com.ar\/\"},{\"@type\":\"ListItem\",\"position\":2,\"name\":\"El autor del m\u00faltiple asesinato del martes en la zona de Tres Arroyos y que luego se suicid\u00f3, ven\u00eda tomando medicaci\u00f3n psiqui\u00e1trica\"}]},{\"@type\":\"WebSite\",\"@id\":\"https:\/\/infoecos.com.ar\/#website\",\"url\":\"https:\/\/infoecos.com.ar\/\",\"name\":\"Infoecos\",\"description\":\"Noticias de trenque lauquen y la zona\",\"publisher\":{\"@id\":\"https:\/\/infoecos.com.ar\/#organization\"},\"alternateName\":\"Noticias\",\"potentialAction\":[{\"@type\":\"SearchAction\",\"target\":{\"@type\":\"EntryPoint\",\"urlTemplate\":\"https:\/\/infoecos.com.ar\/?s={search_term_string}\"},\"query-input\":{\"@type\":\"PropertyValueSpecification\",\"valueRequired\":true,\"valueName\":\"search_term_string\"}}],\"inLanguage\":\"es\"},{\"@type\":\"Organization\",\"@id\":\"https:\/\/infoecos.com.ar\/#organization\",\"name\":\"Infoecos\",\"alternateName\":\"Noticias\",\"url\":\"https:\/\/infoecos.com.ar\/\",\"logo\":{\"@type\":\"ImageObject\",\"inLanguage\":\"es\",\"@id\":\"https:\/\/infoecos.com.ar\/#\/schema\/logo\/image\/\",\"url\":\"https:\/\/infoecos.com.ar\/wp-content\/uploads\/2024\/03\/cropped-logo.png\",\"contentUrl\":\"https:\/\/infoecos.com.ar\/wp-content\/uploads\/2024\/03\/cropped-logo.png\",\"width\":374,\"height\":90,\"caption\":\"Infoecos\"},\"image\":{\"@id\":\"https:\/\/infoecos.com.ar\/#\/schema\/logo\/image\/\"},\"sameAs\":[\"https:\/\/www.facebook.com\/profile.php?id=100063200290284\",\"https:\/\/x.com\/infoecos\"]},{\"@type\":\"Person\",\"@id\":\"https:\/\/infoecos.com.ar\/#\/schema\/person\/8f5ace5ce73b4b4aac4b7245aee6f191\",\"name\":\"Jorge Matheus\",\"url\":\"https:\/\/infoecos.com.ar\/index.php\/author\/jomatheus\/\"}]}<\/script>\n<!-- \/ Yoast SEO plugin. -->","yoast_head_json":{"title":"El autor del m\u00faltiple asesinato del martes en la zona de Tres Arroyos y que luego se suicid\u00f3, ven\u00eda tomando medicaci\u00f3n psiqui\u00e1trica - Infoecos","robots":{"index":"index","follow":"follow","max-snippet":"max-snippet:-1","max-image-preview":"max-image-preview:large","max-video-preview":"max-video-preview:-1"},"canonical":"https:\/\/infoecos.com.ar\/index.php\/142204\/","og_locale":"es_ES","og_type":"article","og_title":"El autor del m\u00faltiple asesinato del martes en la zona de Tres Arroyos y que luego se suicid\u00f3, ven\u00eda tomando medicaci\u00f3n psiqui\u00e1trica - Infoecos","og_description":"Fernando Dellarciprete\u00a0quien pasado el mediod\u00eda del martes asesin\u00f3 a\u00a0Roc\u00edo Villarreal, su pareja de 34 a\u00f1os,...","og_url":"https:\/\/infoecos.com.ar\/index.php\/142204\/","og_site_name":"Infoecos","article_publisher":"https:\/\/www.facebook.com\/profile.php?id=100063200290284","article_published_time":"2025-06-05T17:41:15+00:00","article_modified_time":"2025-06-11T00:00:47+00:00","og_image":[{"width":414,"height":370,"url":"https:\/\/infoecos.com.ar\/wp-content\/uploads\/2025\/06\/image-56.png","type":"image\/png"}],"author":"Jorge Matheus","twitter_card":"summary_large_image","twitter_creator":"@infoecos","twitter_site":"@infoecos","twitter_misc":{"Escrito por":"Jorge Matheus","Tiempo de lectura":"3 minutos"},"schema":{"@context":"https:\/\/schema.org","@graph":[{"@type":"Article","@id":"https:\/\/infoecos.com.ar\/index.php\/142204\/#article","isPartOf":{"@id":"https:\/\/infoecos.com.ar\/index.php\/142204\/"},"author":{"name":"Jorge Matheus","@id":"https:\/\/infoecos.com.ar\/#\/schema\/person\/8f5ace5ce73b4b4aac4b7245aee6f191"},"headline":"El autor del m\u00faltiple asesinato del martes en la zona de Tres Arroyos y que luego se suicid\u00f3, ven\u00eda tomando medicaci\u00f3n psiqui\u00e1trica","datePublished":"2025-06-05T17:41:15+00:00","dateModified":"2025-06-11T00:00:47+00:00","mainEntityOfPage":{"@id":"https:\/\/infoecos.com.ar\/index.php\/142204\/"},"wordCount":347,"publisher":{"@id":"https:\/\/infoecos.com.ar\/#organization"},"image":{"@id":"https:\/\/infoecos.com.ar\/index.php\/142204\/#primaryimage"},"thumbnailUrl":"https:\/\/infoecos.com.ar\/wp-content\/uploads\/2025\/06\/image-56.png","keywords":["Bloque inferior"],"inLanguage":"es"},{"@type":"WebPage","@id":"https:\/\/infoecos.com.ar\/index.php\/142204\/","url":"https:\/\/infoecos.com.ar\/index.php\/142204\/","name":"El autor del m\u00faltiple asesinato del martes en la zona de Tres Arroyos y que luego se suicid\u00f3, ven\u00eda tomando medicaci\u00f3n psiqui\u00e1trica - Infoecos","isPartOf":{"@id":"https:\/\/infoecos.com.ar\/#website"},"primaryImageOfPage":{"@id":"https:\/\/infoecos.com.ar\/index.php\/142204\/#primaryimage"},"image":{"@id":"https:\/\/infoecos.com.ar\/index.php\/142204\/#primaryimage"},"thumbnailUrl":"https:\/\/infoecos.com.ar\/wp-content\/uploads\/2025\/06\/image-56.png","datePublished":"2025-06-05T17:41:15+00:00","dateModified":"2025-06-11T00:00:47+00:00","breadcrumb":{"@id":"https:\/\/infoecos.com.ar\/index.php\/142204\/#breadcrumb"},"inLanguage":"es","potentialAction":[{"@type":"ReadAction","target":["https:\/\/infoecos.com.ar\/index.php\/142204\/"]}]},{"@type":"ImageObject","inLanguage":"es","@id":"https:\/\/infoecos.com.ar\/index.php\/142204\/#primaryimage","url":"https:\/\/infoecos.com.ar\/wp-content\/uploads\/2025\/06\/image-56.png","contentUrl":"https:\/\/infoecos.com.ar\/wp-content\/uploads\/2025\/06\/image-56.png","width":414,"height":370},{"@type":"BreadcrumbList","@id":"https:\/\/infoecos.com.ar\/index.php\/142204\/#breadcrumb","itemListElement":[{"@type":"ListItem","position":1,"name":"Portada","item":"https:\/\/infoecos.com.ar\/"},{"@type":"ListItem","position":2,"name":"El autor del m\u00faltiple asesinato del martes en la zona de Tres Arroyos y que luego se suicid\u00f3, ven\u00eda tomando medicaci\u00f3n psiqui\u00e1trica"}]},{"@type":"WebSite","@id":"https:\/\/infoecos.com.ar\/#website","url":"https:\/\/infoecos.com.ar\/","name":"Infoecos","description":"Noticias de trenque lauquen y la zona","publisher":{"@id":"https:\/\/infoecos.com.ar\/#organization"},"alternateName":"Noticias","potentialAction":[{"@type":"SearchAction","target":{"@type":"EntryPoint","urlTemplate":"https:\/\/infoecos.com.ar\/?s={search_term_string}"},"query-input":{"@type":"PropertyValueSpecification","valueRequired":true,"valueName":"search_term_string"}}],"inLanguage":"es"},{"@type":"Organization","@id":"https:\/\/infoecos.com.ar\/#organization","name":"Infoecos","alternateName":"Noticias","url":"https:\/\/infoecos.com.ar\/","logo":{"@type":"ImageObject","inLanguage":"es","@id":"https:\/\/infoecos.com.ar\/#\/schema\/logo\/image\/","url":"https:\/\/infoecos.com.ar\/wp-content\/uploads\/2024\/03\/cropped-logo.png","contentUrl":"https:\/\/infoecos.com.ar\/wp-content\/uploads\/2024\/03\/cropped-logo.png","width":374,"height":90,"caption":"Infoecos"},"image":{"@id":"https:\/\/infoecos.com.ar\/#\/schema\/logo\/image\/"},"sameAs":["https:\/\/www.facebook.com\/profile.php?id=100063200290284","https:\/\/x.com\/infoecos"]},{"@type":"Person","@id":"https:\/\/infoecos.com.ar\/#\/schema\/person\/8f5ace5ce73b4b4aac4b7245aee6f191","name":"Jorge Matheus","url":"https:\/\/infoecos.com.ar\/index.php\/author\/jomatheus\/"}]}},"featured_image_urls":{"full":["https:\/\/infoecos.com.ar\/wp-content\/uploads\/2025\/06\/image-56.png",414,370,false],"thumbnail":["https:\/\/infoecos.com.ar\/wp-content\/uploads\/2025\/06\/image-56-300x150.png",300,150,true],"medium":["https:\/\/infoecos.com.ar\/wp-content\/uploads\/2025\/06\/image-56.png",414,370,false],"medium_large":["https:\/\/infoecos.com.ar\/wp-content\/uploads\/2025\/06\/image-56.png",414,370,false],"large":["https:\/\/infoecos.com.ar\/wp-content\/uploads\/2025\/06\/image-56.png",414,370,false],"1536x1536":["https:\/\/infoecos.com.ar\/wp-content\/uploads\/2025\/06\/image-56.png",414,370,false],"2048x2048":["https:\/\/infoecos.com.ar\/wp-content\/uploads\/2025\/06\/image-56.png",414,370,false],"covernews-slider-full":["https:\/\/infoecos.com.ar\/wp-content\/uploads\/2025\/06\/image-56.png",414,370,false],"covernews-slider-center":["https:\/\/infoecos.com.ar\/wp-content\/uploads\/2025\/06\/image-56.png",414,370,false],"covernews-featured":["https:\/\/infoecos.com.ar\/wp-content\/uploads\/2025\/06\/image-56.png",414,370,false],"covernews-medium":["https:\/\/infoecos.com.ar\/wp-content\/uploads\/2025\/06\/image-56-414x340.png",414,340,true],"covernews-medium-square":["https:\/\/infoecos.com.ar\/wp-content\/uploads\/2025\/06\/image-56-400x250.png",400,250,true]},"author_info":{"info":["Jorge Matheus"]},"category_info":"<a href=\"https:\/\/infoecos.com.ar\/index.php\/category\/sin-categoria\/\" rel=\"category tag\">Sin categor\u00eda<\/a>","tag_info":"Sin categor\u00eda","comment_count":"0","_links":{"self":[{"href":"https:\/\/infoecos.com.ar\/index.php\/wp-json\/wp\/v2\/posts\/142204"}],"collection":[{"href":"https:\/\/infoecos.com.ar\/index.php\/wp-json\/wp\/v2\/posts"}],"about":[{"href":"https:\/\/infoecos.com.ar\/index.php\/wp-json\/wp\/v2\/types\/post"}],"author":[{"embeddable":true,"href":"https:\/\/infoecos.com.ar\/index.php\/wp-json\/wp\/v2\/users\/2"}],"replies":[{"embeddable":true,"href":"https:\/\/infoecos.com.ar\/index.php\/wp-json\/wp\/v2\/comments?post=142204"}],"version-history":[{"count":2,"href":"https:\/\/infoecos.com.ar\/index.php\/wp-json\/wp\/v2\/posts\/142204\/revisions"}],"predecessor-version":[{"id":142215,"href":"https:\/\/infoecos.com.ar\/index.php\/wp-json\/wp\/v2\/posts\/142204\/revisions\/142215"}],"wp:featuredmedia":[{"embeddable":true,"href":"https:\/\/infoecos.com.ar\/index.php\/wp-json\/wp\/v2\/media\/142214"}],"wp:attachment":[{"href":"https:\/\/infoecos.com.ar\/index.php\/wp-json\/wp\/v2\/media?parent=142204"}],"wp:term":[{"taxonomy":"category","embeddable":true,"href":"https:\/\/infoecos.com.ar\/index.php\/wp-json\/wp\/v2\/categories?post=142204"},{"taxonomy":"post_tag","embeddable":true,"href":"https:\/\/infoecos.com.ar\/index.php\/wp-json\/wp\/v2\/tags?post=142204"}],"curies":[{"name":"wp","href":"https:\/\/api.w.org\/{rel}","templated":true}]}}