{"id":143041,"date":"2025-06-20T20:18:51","date_gmt":"2025-06-20T23:18:51","guid":{"rendered":"https:\/\/infoecos.com.ar\/?p=143041"},"modified":"2025-06-24T00:07:03","modified_gmt":"2025-06-24T03:07:03","slug":"entre-los-dias-18-y-20-de-septiembre-se-desarrollara-en-bolivar-la-3-expo-angus-federal","status":"publish","type":"post","link":"https:\/\/infoecos.com.ar\/index.php\/entre-los-dias-18-y-20-de-septiembre-se-desarrollara-en-bolivar-la-3-expo-angus-federal\/","title":{"rendered":"Entre los d\u00edas 18 y 20 de septiembre se desarrollar\u00e1 en Bol\u00edvar la 3\u00b0 Expo Angus Federal"},"content":{"rendered":"\n<p>La Sociedad Rural de Bol\u00edvar fue confirmada como sede de la 3\u00b0 Expo Angus Federal<strong>,<\/strong>\u00a0uno de los eventos m\u00e1s destacados del calendario ganadero nacional, organizado por la Asociaci\u00f3n Argentina de Angus. <\/p>\n\n\n\n<figure class=\"wp-block-image aligncenter size-large is-resized\"><img loading=\"lazy\" decoding=\"async\" width=\"1600\" height=\"1071\" src=\"https:\/\/infoecos.com.ar\/wp-content\/uploads\/2025\/06\/image-208-1600x1071.png\" alt=\"\" class=\"wp-image-143042\" style=\"width:430px;height:auto\" srcset=\"https:\/\/infoecos.com.ar\/wp-content\/uploads\/2025\/06\/image-208-1600x1071.png 1600w, https:\/\/infoecos.com.ar\/wp-content\/uploads\/2025\/06\/image-208-800x535.png 800w, https:\/\/infoecos.com.ar\/wp-content\/uploads\/2025\/06\/image-208-768x514.png 768w, https:\/\/infoecos.com.ar\/wp-content\/uploads\/2025\/06\/image-208-1536x1028.png 1536w, https:\/\/infoecos.com.ar\/wp-content\/uploads\/2025\/06\/image-208-1024x685.png 1024w, https:\/\/infoecos.com.ar\/wp-content\/uploads\/2025\/06\/image-208.png 1614w\" sizes=\"(max-width: 1600px) 100vw, 1600px\" \/><\/figure>\n\n\n\n<p>La exposici\u00f3n se llevar\u00e1 a cabo\u00a0del 18 al 20 de septiembre<strong>\u00a0<\/strong>en el predio de la Rural de Bol\u00edvar, instituci\u00f3n anfitriona que impuls\u00f3 y coordin\u00f3 el trabajo necesario para que este importante encuentro se realice por primera vez en nuestra ciudad.<\/p>\n\n\n\n<p>Durante tres jornadas,&nbsp;<strong>Bol\u00edvar reunir\u00e1 a caba\u00f1as Angus de distintas regiones del pa\u00eds&nbsp;<\/strong>y ser\u00e1 escenario de la presentaci\u00f3n de una destacada cantidad de reproductores, entre ejemplares P.P. (Puro de Pedigree) -individuales y en lotes- y lotes P.C. (Puro Controlado), lo que augura una muestra de gran nivel gen\u00e9tico y t\u00e9cnico.<\/p>\n\n\n\n<p>La Expo est\u00e1 abierta a todas las caba\u00f1as Angus de la Argentina y otorga puntaje de categor\u00eda A, lo que significa que suma puntos en el circuito nacional de la raza, agregando relevancia al evento y atrayendo a los principales referentes del sector.<\/p>\n\n\n\n<p><strong>Fuente: DIARIO LA MA\u00d1ANA BOL\u00cdVAR<\/strong><\/p>\n","protected":false},"excerpt":{"rendered":"<p>Durante tres jornadas,\u00a0Bol\u00edvar reunir\u00e1 a caba\u00f1as Angus de distintas regiones del pa\u00eds\u00a0y ser\u00e1 escenario de la presentaci\u00f3n de una destacada cantidad de reproductores, entre ejemplares P.P. (Puro de Pedigree) -individuales y en lotes- y lotes P.C. (Puro Controlado), lo que augura una muestra de gran nivel gen\u00e9tico y t\u00e9cnico<\/p>\n","protected":false},"author":2,"featured_media":143042,"comment_status":"closed","ping_status":"open","sticky":false,"template":"","format":"standard","meta":{"footnotes":""},"categories":[1],"tags":[1750],"class_list":["post-143041","post","type-post","status-publish","format-standard","has-post-thumbnail","hentry","category-sin-categoria","tag-deporte"],"yoast_head":"<!-- This site is optimized with the Yoast SEO plugin v23.4 - https:\/\/yoast.com\/wordpress\/plugins\/seo\/ -->\n<title>Entre los d\u00edas 18 y 20 de septiembre se desarrollar\u00e1 en Bol\u00edvar la 3\u00b0 Expo Angus Federal - Infoecos<\/title>\n<meta name=\"robots\" content=\"index, follow, max-snippet:-1, max-image-preview:large, max-video-preview:-1\" \/>\n<link rel=\"canonical\" href=\"https:\/\/infoecos.com.ar\/index.php\/entre-los-dias-18-y-20-de-septiembre-se-desarrollara-en-bolivar-la-3-expo-angus-federal\/\" \/>\n<meta property=\"og:locale\" content=\"es_ES\" \/>\n<meta property=\"og:type\" content=\"article\" \/>\n<meta property=\"og:title\" content=\"Entre los d\u00edas 18 y 20 de septiembre se desarrollar\u00e1 en Bol\u00edvar la 3\u00b0 Expo Angus Federal - Infoecos\" \/>\n<meta property=\"og:description\" content=\"Durante tres jornadas,\u00a0Bol\u00edvar reunir\u00e1 a caba\u00f1as Angus de distintas regiones del pa\u00eds\u00a0y ser\u00e1 escenario de la presentaci\u00f3n de una destacada cantidad de reproductores, entre ejemplares P.P. (Puro de Pedigree) -individuales y en lotes- y lotes P.C. (Puro Controlado), lo que augura una muestra de gran nivel gen\u00e9tico y t\u00e9cnico\" \/>\n<meta property=\"og:url\" content=\"https:\/\/infoecos.com.ar\/index.php\/entre-los-dias-18-y-20-de-septiembre-se-desarrollara-en-bolivar-la-3-expo-angus-federal\/\" \/>\n<meta property=\"og:site_name\" content=\"Infoecos\" \/>\n<meta property=\"article:publisher\" content=\"https:\/\/www.facebook.com\/profile.php?id=100063200290284\" \/>\n<meta property=\"article:published_time\" content=\"2025-06-20T23:18:51+00:00\" \/>\n<meta property=\"article:modified_time\" content=\"2025-06-24T03:07:03+00:00\" \/>\n<meta property=\"og:image\" content=\"https:\/\/infoecos.com.ar\/wp-content\/uploads\/2025\/06\/image-208-768x514.png\" \/>\n\t<meta property=\"og:image:width\" content=\"768\" \/>\n\t<meta property=\"og:image:height\" content=\"514\" \/>\n\t<meta property=\"og:image:type\" content=\"image\/png\" \/>\n<meta name=\"author\" content=\"Jorge Matheus\" \/>\n<meta name=\"twitter:card\" content=\"summary_large_image\" \/>\n<meta name=\"twitter:creator\" content=\"@infoecos\" \/>\n<meta name=\"twitter:site\" content=\"@infoecos\" \/>\n<meta name=\"twitter:label1\" content=\"Escrito por\" \/>\n\t<meta name=\"twitter:data1\" content=\"Jorge Matheus\" \/>\n\t<meta name=\"twitter:label2\" content=\"Tiempo de lectura\" \/>\n\t<meta name=\"twitter:data2\" content=\"2 minutos\" \/>\n<script type=\"application\/ld+json\" class=\"yoast-schema-graph\">{\"@context\":\"https:\/\/schema.org\",\"@graph\":[{\"@type\":\"Article\",\"@id\":\"https:\/\/infoecos.com.ar\/index.php\/entre-los-dias-18-y-20-de-septiembre-se-desarrollara-en-bolivar-la-3-expo-angus-federal\/#article\",\"isPartOf\":{\"@id\":\"https:\/\/infoecos.com.ar\/index.php\/entre-los-dias-18-y-20-de-septiembre-se-desarrollara-en-bolivar-la-3-expo-angus-federal\/\"},\"author\":{\"name\":\"Jorge Matheus\",\"@id\":\"https:\/\/infoecos.com.ar\/#\/schema\/person\/8f5ace5ce73b4b4aac4b7245aee6f191\"},\"headline\":\"Entre los d\u00edas 18 y 20 de septiembre se desarrollar\u00e1 en Bol\u00edvar la 3\u00b0 Expo Angus Federal\",\"datePublished\":\"2025-06-20T23:18:51+00:00\",\"dateModified\":\"2025-06-24T03:07:03+00:00\",\"mainEntityOfPage\":{\"@id\":\"https:\/\/infoecos.com.ar\/index.php\/entre-los-dias-18-y-20-de-septiembre-se-desarrollara-en-bolivar-la-3-expo-angus-federal\/\"},\"wordCount\":206,\"publisher\":{\"@id\":\"https:\/\/infoecos.com.ar\/#organization\"},\"image\":{\"@id\":\"https:\/\/infoecos.com.ar\/index.php\/entre-los-dias-18-y-20-de-septiembre-se-desarrollara-en-bolivar-la-3-expo-angus-federal\/#primaryimage\"},\"thumbnailUrl\":\"https:\/\/infoecos.com.ar\/wp-content\/uploads\/2025\/06\/image-208.png\",\"keywords\":[\"DEPORTE\"],\"inLanguage\":\"es\"},{\"@type\":\"WebPage\",\"@id\":\"https:\/\/infoecos.com.ar\/index.php\/entre-los-dias-18-y-20-de-septiembre-se-desarrollara-en-bolivar-la-3-expo-angus-federal\/\",\"url\":\"https:\/\/infoecos.com.ar\/index.php\/entre-los-dias-18-y-20-de-septiembre-se-desarrollara-en-bolivar-la-3-expo-angus-federal\/\",\"name\":\"Entre los d\u00edas 18 y 20 de septiembre se desarrollar\u00e1 en Bol\u00edvar la 3\u00b0 Expo Angus Federal - Infoecos\",\"isPartOf\":{\"@id\":\"https:\/\/infoecos.com.ar\/#website\"},\"primaryImageOfPage\":{\"@id\":\"https:\/\/infoecos.com.ar\/index.php\/entre-los-dias-18-y-20-de-septiembre-se-desarrollara-en-bolivar-la-3-expo-angus-federal\/#primaryimage\"},\"image\":{\"@id\":\"https:\/\/infoecos.com.ar\/index.php\/entre-los-dias-18-y-20-de-septiembre-se-desarrollara-en-bolivar-la-3-expo-angus-federal\/#primaryimage\"},\"thumbnailUrl\":\"https:\/\/infoecos.com.ar\/wp-content\/uploads\/2025\/06\/image-208.png\",\"datePublished\":\"2025-06-20T23:18:51+00:00\",\"dateModified\":\"2025-06-24T03:07:03+00:00\",\"breadcrumb\":{\"@id\":\"https:\/\/infoecos.com.ar\/index.php\/entre-los-dias-18-y-20-de-septiembre-se-desarrollara-en-bolivar-la-3-expo-angus-federal\/#breadcrumb\"},\"inLanguage\":\"es\",\"potentialAction\":[{\"@type\":\"ReadAction\",\"target\":[\"https:\/\/infoecos.com.ar\/index.php\/entre-los-dias-18-y-20-de-septiembre-se-desarrollara-en-bolivar-la-3-expo-angus-federal\/\"]}]},{\"@type\":\"ImageObject\",\"inLanguage\":\"es\",\"@id\":\"https:\/\/infoecos.com.ar\/index.php\/entre-los-dias-18-y-20-de-septiembre-se-desarrollara-en-bolivar-la-3-expo-angus-federal\/#primaryimage\",\"url\":\"https:\/\/infoecos.com.ar\/wp-content\/uploads\/2025\/06\/image-208.png\",\"contentUrl\":\"https:\/\/infoecos.com.ar\/wp-content\/uploads\/2025\/06\/image-208.png\",\"width\":1614,\"height\":1080},{\"@type\":\"BreadcrumbList\",\"@id\":\"https:\/\/infoecos.com.ar\/index.php\/entre-los-dias-18-y-20-de-septiembre-se-desarrollara-en-bolivar-la-3-expo-angus-federal\/#breadcrumb\",\"itemListElement\":[{\"@type\":\"ListItem\",\"position\":1,\"name\":\"Portada\",\"item\":\"https:\/\/infoecos.com.ar\/\"},{\"@type\":\"ListItem\",\"position\":2,\"name\":\"Entre los d\u00edas 18 y 20 de septiembre se desarrollar\u00e1 en Bol\u00edvar la 3\u00b0 Expo Angus Federal\"}]},{\"@type\":\"WebSite\",\"@id\":\"https:\/\/infoecos.com.ar\/#website\",\"url\":\"https:\/\/infoecos.com.ar\/\",\"name\":\"Infoecos\",\"description\":\"Noticias de trenque lauquen y la zona\",\"publisher\":{\"@id\":\"https:\/\/infoecos.com.ar\/#organization\"},\"alternateName\":\"Noticias\",\"potentialAction\":[{\"@type\":\"SearchAction\",\"target\":{\"@type\":\"EntryPoint\",\"urlTemplate\":\"https:\/\/infoecos.com.ar\/?s={search_term_string}\"},\"query-input\":{\"@type\":\"PropertyValueSpecification\",\"valueRequired\":true,\"valueName\":\"search_term_string\"}}],\"inLanguage\":\"es\"},{\"@type\":\"Organization\",\"@id\":\"https:\/\/infoecos.com.ar\/#organization\",\"name\":\"Infoecos\",\"alternateName\":\"Noticias\",\"url\":\"https:\/\/infoecos.com.ar\/\",\"logo\":{\"@type\":\"ImageObject\",\"inLanguage\":\"es\",\"@id\":\"https:\/\/infoecos.com.ar\/#\/schema\/logo\/image\/\",\"url\":\"https:\/\/infoecos.com.ar\/wp-content\/uploads\/2024\/03\/cropped-logo.png\",\"contentUrl\":\"https:\/\/infoecos.com.ar\/wp-content\/uploads\/2024\/03\/cropped-logo.png\",\"width\":374,\"height\":90,\"caption\":\"Infoecos\"},\"image\":{\"@id\":\"https:\/\/infoecos.com.ar\/#\/schema\/logo\/image\/\"},\"sameAs\":[\"https:\/\/www.facebook.com\/profile.php?id=100063200290284\",\"https:\/\/x.com\/infoecos\"]},{\"@type\":\"Person\",\"@id\":\"https:\/\/infoecos.com.ar\/#\/schema\/person\/8f5ace5ce73b4b4aac4b7245aee6f191\",\"name\":\"Jorge Matheus\",\"url\":\"https:\/\/infoecos.com.ar\/index.php\/author\/jomatheus\/\"}]}<\/script>\n<!-- \/ Yoast SEO plugin. -->","yoast_head_json":{"title":"Entre los d\u00edas 18 y 20 de septiembre se desarrollar\u00e1 en Bol\u00edvar la 3\u00b0 Expo Angus Federal - Infoecos","robots":{"index":"index","follow":"follow","max-snippet":"max-snippet:-1","max-image-preview":"max-image-preview:large","max-video-preview":"max-video-preview:-1"},"canonical":"https:\/\/infoecos.com.ar\/index.php\/entre-los-dias-18-y-20-de-septiembre-se-desarrollara-en-bolivar-la-3-expo-angus-federal\/","og_locale":"es_ES","og_type":"article","og_title":"Entre los d\u00edas 18 y 20 de septiembre se desarrollar\u00e1 en Bol\u00edvar la 3\u00b0 Expo Angus Federal - Infoecos","og_description":"Durante tres jornadas,\u00a0Bol\u00edvar reunir\u00e1 a caba\u00f1as Angus de distintas regiones del pa\u00eds\u00a0y ser\u00e1 escenario de la presentaci\u00f3n de una destacada cantidad de reproductores, entre ejemplares P.P. (Puro de Pedigree) -individuales y en lotes- y lotes P.C. (Puro Controlado), lo que augura una muestra de gran nivel gen\u00e9tico y t\u00e9cnico","og_url":"https:\/\/infoecos.com.ar\/index.php\/entre-los-dias-18-y-20-de-septiembre-se-desarrollara-en-bolivar-la-3-expo-angus-federal\/","og_site_name":"Infoecos","article_publisher":"https:\/\/www.facebook.com\/profile.php?id=100063200290284","article_published_time":"2025-06-20T23:18:51+00:00","article_modified_time":"2025-06-24T03:07:03+00:00","og_image":[{"width":768,"height":514,"url":"https:\/\/infoecos.com.ar\/wp-content\/uploads\/2025\/06\/image-208-768x514.png","type":"image\/png"}],"author":"Jorge Matheus","twitter_card":"summary_large_image","twitter_creator":"@infoecos","twitter_site":"@infoecos","twitter_misc":{"Escrito por":"Jorge Matheus","Tiempo de lectura":"2 minutos"},"schema":{"@context":"https:\/\/schema.org","@graph":[{"@type":"Article","@id":"https:\/\/infoecos.com.ar\/index.php\/entre-los-dias-18-y-20-de-septiembre-se-desarrollara-en-bolivar-la-3-expo-angus-federal\/#article","isPartOf":{"@id":"https:\/\/infoecos.com.ar\/index.php\/entre-los-dias-18-y-20-de-septiembre-se-desarrollara-en-bolivar-la-3-expo-angus-federal\/"},"author":{"name":"Jorge Matheus","@id":"https:\/\/infoecos.com.ar\/#\/schema\/person\/8f5ace5ce73b4b4aac4b7245aee6f191"},"headline":"Entre los d\u00edas 18 y 20 de septiembre se desarrollar\u00e1 en Bol\u00edvar la 3\u00b0 Expo Angus Federal","datePublished":"2025-06-20T23:18:51+00:00","dateModified":"2025-06-24T03:07:03+00:00","mainEntityOfPage":{"@id":"https:\/\/infoecos.com.ar\/index.php\/entre-los-dias-18-y-20-de-septiembre-se-desarrollara-en-bolivar-la-3-expo-angus-federal\/"},"wordCount":206,"publisher":{"@id":"https:\/\/infoecos.com.ar\/#organization"},"image":{"@id":"https:\/\/infoecos.com.ar\/index.php\/entre-los-dias-18-y-20-de-septiembre-se-desarrollara-en-bolivar-la-3-expo-angus-federal\/#primaryimage"},"thumbnailUrl":"https:\/\/infoecos.com.ar\/wp-content\/uploads\/2025\/06\/image-208.png","keywords":["DEPORTE"],"inLanguage":"es"},{"@type":"WebPage","@id":"https:\/\/infoecos.com.ar\/index.php\/entre-los-dias-18-y-20-de-septiembre-se-desarrollara-en-bolivar-la-3-expo-angus-federal\/","url":"https:\/\/infoecos.com.ar\/index.php\/entre-los-dias-18-y-20-de-septiembre-se-desarrollara-en-bolivar-la-3-expo-angus-federal\/","name":"Entre los d\u00edas 18 y 20 de septiembre se desarrollar\u00e1 en Bol\u00edvar la 3\u00b0 Expo Angus Federal - Infoecos","isPartOf":{"@id":"https:\/\/infoecos.com.ar\/#website"},"primaryImageOfPage":{"@id":"https:\/\/infoecos.com.ar\/index.php\/entre-los-dias-18-y-20-de-septiembre-se-desarrollara-en-bolivar-la-3-expo-angus-federal\/#primaryimage"},"image":{"@id":"https:\/\/infoecos.com.ar\/index.php\/entre-los-dias-18-y-20-de-septiembre-se-desarrollara-en-bolivar-la-3-expo-angus-federal\/#primaryimage"},"thumbnailUrl":"https:\/\/infoecos.com.ar\/wp-content\/uploads\/2025\/06\/image-208.png","datePublished":"2025-06-20T23:18:51+00:00","dateModified":"2025-06-24T03:07:03+00:00","breadcrumb":{"@id":"https:\/\/infoecos.com.ar\/index.php\/entre-los-dias-18-y-20-de-septiembre-se-desarrollara-en-bolivar-la-3-expo-angus-federal\/#breadcrumb"},"inLanguage":"es","potentialAction":[{"@type":"ReadAction","target":["https:\/\/infoecos.com.ar\/index.php\/entre-los-dias-18-y-20-de-septiembre-se-desarrollara-en-bolivar-la-3-expo-angus-federal\/"]}]},{"@type":"ImageObject","inLanguage":"es","@id":"https:\/\/infoecos.com.ar\/index.php\/entre-los-dias-18-y-20-de-septiembre-se-desarrollara-en-bolivar-la-3-expo-angus-federal\/#primaryimage","url":"https:\/\/infoecos.com.ar\/wp-content\/uploads\/2025\/06\/image-208.png","contentUrl":"https:\/\/infoecos.com.ar\/wp-content\/uploads\/2025\/06\/image-208.png","width":1614,"height":1080},{"@type":"BreadcrumbList","@id":"https:\/\/infoecos.com.ar\/index.php\/entre-los-dias-18-y-20-de-septiembre-se-desarrollara-en-bolivar-la-3-expo-angus-federal\/#breadcrumb","itemListElement":[{"@type":"ListItem","position":1,"name":"Portada","item":"https:\/\/infoecos.com.ar\/"},{"@type":"ListItem","position":2,"name":"Entre los d\u00edas 18 y 20 de septiembre se desarrollar\u00e1 en Bol\u00edvar la 3\u00b0 Expo Angus Federal"}]},{"@type":"WebSite","@id":"https:\/\/infoecos.com.ar\/#website","url":"https:\/\/infoecos.com.ar\/","name":"Infoecos","description":"Noticias de trenque lauquen y la zona","publisher":{"@id":"https:\/\/infoecos.com.ar\/#organization"},"alternateName":"Noticias","potentialAction":[{"@type":"SearchAction","target":{"@type":"EntryPoint","urlTemplate":"https:\/\/infoecos.com.ar\/?s={search_term_string}"},"query-input":{"@type":"PropertyValueSpecification","valueRequired":true,"valueName":"search_term_string"}}],"inLanguage":"es"},{"@type":"Organization","@id":"https:\/\/infoecos.com.ar\/#organization","name":"Infoecos","alternateName":"Noticias","url":"https:\/\/infoecos.com.ar\/","logo":{"@type":"ImageObject","inLanguage":"es","@id":"https:\/\/infoecos.com.ar\/#\/schema\/logo\/image\/","url":"https:\/\/infoecos.com.ar\/wp-content\/uploads\/2024\/03\/cropped-logo.png","contentUrl":"https:\/\/infoecos.com.ar\/wp-content\/uploads\/2024\/03\/cropped-logo.png","width":374,"height":90,"caption":"Infoecos"},"image":{"@id":"https:\/\/infoecos.com.ar\/#\/schema\/logo\/image\/"},"sameAs":["https:\/\/www.facebook.com\/profile.php?id=100063200290284","https:\/\/x.com\/infoecos"]},{"@type":"Person","@id":"https:\/\/infoecos.com.ar\/#\/schema\/person\/8f5ace5ce73b4b4aac4b7245aee6f191","name":"Jorge Matheus","url":"https:\/\/infoecos.com.ar\/index.php\/author\/jomatheus\/"}]}},"featured_image_urls":{"full":["https:\/\/infoecos.com.ar\/wp-content\/uploads\/2025\/06\/image-208.png",1614,1080,false],"thumbnail":["https:\/\/infoecos.com.ar\/wp-content\/uploads\/2025\/06\/image-208-300x150.png",300,150,true],"medium":["https:\/\/infoecos.com.ar\/wp-content\/uploads\/2025\/06\/image-208-800x535.png",800,535,true],"medium_large":["https:\/\/infoecos.com.ar\/wp-content\/uploads\/2025\/06\/image-208-768x514.png",640,428,true],"large":["https:\/\/infoecos.com.ar\/wp-content\/uploads\/2025\/06\/image-208-1600x1071.png",640,428,true],"1536x1536":["https:\/\/infoecos.com.ar\/wp-content\/uploads\/2025\/06\/image-208-1536x1028.png",1536,1028,true],"2048x2048":["https:\/\/infoecos.com.ar\/wp-content\/uploads\/2025\/06\/image-208.png",1614,1080,false],"covernews-slider-full":["https:\/\/infoecos.com.ar\/wp-content\/uploads\/2025\/06\/image-208-1115x715.png",1115,715,true],"covernews-slider-center":["https:\/\/infoecos.com.ar\/wp-content\/uploads\/2025\/06\/image-208-800x500.png",800,500,true],"covernews-featured":["https:\/\/infoecos.com.ar\/wp-content\/uploads\/2025\/06\/image-208-1024x685.png",1024,685,true],"covernews-medium":["https:\/\/infoecos.com.ar\/wp-content\/uploads\/2025\/06\/image-208-540x340.png",540,340,true],"covernews-medium-square":["https:\/\/infoecos.com.ar\/wp-content\/uploads\/2025\/06\/image-208-400x250.png",400,250,true]},"author_info":{"info":["Jorge Matheus"]},"category_info":"<a href=\"https:\/\/infoecos.com.ar\/index.php\/category\/sin-categoria\/\" rel=\"category tag\">Sin categor\u00eda<\/a>","tag_info":"Sin categor\u00eda","comment_count":"0","_links":{"self":[{"href":"https:\/\/infoecos.com.ar\/index.php\/wp-json\/wp\/v2\/posts\/143041"}],"collection":[{"href":"https:\/\/infoecos.com.ar\/index.php\/wp-json\/wp\/v2\/posts"}],"about":[{"href":"https:\/\/infoecos.com.ar\/index.php\/wp-json\/wp\/v2\/types\/post"}],"author":[{"embeddable":true,"href":"https:\/\/infoecos.com.ar\/index.php\/wp-json\/wp\/v2\/users\/2"}],"replies":[{"embeddable":true,"href":"https:\/\/infoecos.com.ar\/index.php\/wp-json\/wp\/v2\/comments?post=143041"}],"version-history":[{"count":1,"href":"https:\/\/infoecos.com.ar\/index.php\/wp-json\/wp\/v2\/posts\/143041\/revisions"}],"predecessor-version":[{"id":143043,"href":"https:\/\/infoecos.com.ar\/index.php\/wp-json\/wp\/v2\/posts\/143041\/revisions\/143043"}],"wp:featuredmedia":[{"embeddable":true,"href":"https:\/\/infoecos.com.ar\/index.php\/wp-json\/wp\/v2\/media\/143042"}],"wp:attachment":[{"href":"https:\/\/infoecos.com.ar\/index.php\/wp-json\/wp\/v2\/media?parent=143041"}],"wp:term":[{"taxonomy":"category","embeddable":true,"href":"https:\/\/infoecos.com.ar\/index.php\/wp-json\/wp\/v2\/categories?post=143041"},{"taxonomy":"post_tag","embeddable":true,"href":"https:\/\/infoecos.com.ar\/index.php\/wp-json\/wp\/v2\/tags?post=143041"}],"curies":[{"name":"wp","href":"https:\/\/api.w.org\/{rel}","templated":true}]}}