{"id":145703,"date":"2025-08-17T00:03:32","date_gmt":"2025-08-17T03:03:32","guid":{"rendered":"https:\/\/infoecos.com.ar\/?p=145703"},"modified":"2025-08-19T01:52:25","modified_gmt":"2025-08-19T04:52:25","slug":"beruti-pueblo-turistico-de-la-provincia-de-buenos-aires-se-realizo-este-sabado-una-recorrida-guiada-por-sitios-historicos","status":"publish","type":"post","link":"https:\/\/infoecos.com.ar\/index.php\/beruti-pueblo-turistico-de-la-provincia-de-buenos-aires-se-realizo-este-sabado-una-recorrida-guiada-por-sitios-historicos\/","title":{"rendered":"Beruti Pueblo Tur\u00edstico de la provincia de Buenos Aires: se realiz\u00f3 este s\u00e1bado una recorrida guiada por sitios hist\u00f3ricos"},"content":{"rendered":"\n<p>Se realiz\u00f3 este s\u00e1bado una recorrida guiada por sitios hist\u00f3ricos, en el marco del reconocimiento de la localidad de Beruti como Pueblo Tur\u00edstico por parte del Ministerio de Producci\u00f3n, Ciencia e Innovaci\u00f3n Tecnol\u00f3gica de la Provincia de Buenos Aires.<\/p>\n\n\n\n<figure class=\"wp-block-gallery has-nested-images columns-default is-cropped wp-block-gallery-1 is-layout-flex wp-block-gallery-is-layout-flex\">\n<figure class=\"wp-block-image size-large\"><img loading=\"lazy\" decoding=\"async\" width=\"1600\" height=\"1069\" data-id=\"145704\" src=\"https:\/\/infoecos.com.ar\/wp-content\/uploads\/2025\/08\/Recorrida-Beruti-1.jpg\" alt=\"\" class=\"wp-image-145704\" srcset=\"https:\/\/infoecos.com.ar\/wp-content\/uploads\/2025\/08\/Recorrida-Beruti-1.jpg 1600w, https:\/\/infoecos.com.ar\/wp-content\/uploads\/2025\/08\/Recorrida-Beruti-1-800x535.jpg 800w, https:\/\/infoecos.com.ar\/wp-content\/uploads\/2025\/08\/Recorrida-Beruti-1-768x513.jpg 768w, https:\/\/infoecos.com.ar\/wp-content\/uploads\/2025\/08\/Recorrida-Beruti-1-1536x1026.jpg 1536w, https:\/\/infoecos.com.ar\/wp-content\/uploads\/2025\/08\/Recorrida-Beruti-1-1024x684.jpg 1024w\" sizes=\"(max-width: 1600px) 100vw, 1600px\" \/><\/figure>\n\n\n\n<figure class=\"wp-block-image size-large\"><img loading=\"lazy\" decoding=\"async\" width=\"959\" height=\"641\" data-id=\"145708\" src=\"https:\/\/infoecos.com.ar\/wp-content\/uploads\/2025\/08\/Recorrida-Beruti-2.jpg\" alt=\"\" class=\"wp-image-145708\" srcset=\"https:\/\/infoecos.com.ar\/wp-content\/uploads\/2025\/08\/Recorrida-Beruti-2.jpg 959w, https:\/\/infoecos.com.ar\/wp-content\/uploads\/2025\/08\/Recorrida-Beruti-2-800x535.jpg 800w, https:\/\/infoecos.com.ar\/wp-content\/uploads\/2025\/08\/Recorrida-Beruti-2-768x513.jpg 768w\" sizes=\"(max-width: 959px) 100vw, 959px\" \/><\/figure>\n\n\n\n<figure class=\"wp-block-image size-large\"><img loading=\"lazy\" decoding=\"async\" width=\"959\" height=\"641\" data-id=\"145706\" src=\"https:\/\/infoecos.com.ar\/wp-content\/uploads\/2025\/08\/Recorrida-Beruti-3.jpg\" alt=\"\" class=\"wp-image-145706\" srcset=\"https:\/\/infoecos.com.ar\/wp-content\/uploads\/2025\/08\/Recorrida-Beruti-3.jpg 959w, https:\/\/infoecos.com.ar\/wp-content\/uploads\/2025\/08\/Recorrida-Beruti-3-800x535.jpg 800w, https:\/\/infoecos.com.ar\/wp-content\/uploads\/2025\/08\/Recorrida-Beruti-3-768x513.jpg 768w\" sizes=\"(max-width: 959px) 100vw, 959px\" \/><\/figure>\n\n\n\n<figure class=\"wp-block-image size-large\"><img loading=\"lazy\" decoding=\"async\" width=\"959\" height=\"641\" data-id=\"145709\" src=\"https:\/\/infoecos.com.ar\/wp-content\/uploads\/2025\/08\/Recorrida-Beruti-4.jpg\" alt=\"\" class=\"wp-image-145709\" srcset=\"https:\/\/infoecos.com.ar\/wp-content\/uploads\/2025\/08\/Recorrida-Beruti-4.jpg 959w, https:\/\/infoecos.com.ar\/wp-content\/uploads\/2025\/08\/Recorrida-Beruti-4-800x535.jpg 800w, https:\/\/infoecos.com.ar\/wp-content\/uploads\/2025\/08\/Recorrida-Beruti-4-768x513.jpg 768w\" sizes=\"(max-width: 959px) 100vw, 959px\" \/><\/figure>\n\n\n\n<figure class=\"wp-block-image size-large\"><img loading=\"lazy\" decoding=\"async\" width=\"959\" height=\"641\" data-id=\"145707\" src=\"https:\/\/infoecos.com.ar\/wp-content\/uploads\/2025\/08\/Recorrida-Beruti-5.jpg\" alt=\"\" class=\"wp-image-145707\" srcset=\"https:\/\/infoecos.com.ar\/wp-content\/uploads\/2025\/08\/Recorrida-Beruti-5.jpg 959w, https:\/\/infoecos.com.ar\/wp-content\/uploads\/2025\/08\/Recorrida-Beruti-5-800x535.jpg 800w, https:\/\/infoecos.com.ar\/wp-content\/uploads\/2025\/08\/Recorrida-Beruti-5-768x513.jpg 768w\" sizes=\"(max-width: 959px) 100vw, 959px\" \/><\/figure>\n\n\n\n<figure class=\"wp-block-image size-large\"><img loading=\"lazy\" decoding=\"async\" width=\"959\" height=\"641\" data-id=\"145705\" src=\"https:\/\/infoecos.com.ar\/wp-content\/uploads\/2025\/08\/Recorrida-Beruti-6.jpg\" alt=\"\" class=\"wp-image-145705\" srcset=\"https:\/\/infoecos.com.ar\/wp-content\/uploads\/2025\/08\/Recorrida-Beruti-6.jpg 959w, https:\/\/infoecos.com.ar\/wp-content\/uploads\/2025\/08\/Recorrida-Beruti-6-800x535.jpg 800w, https:\/\/infoecos.com.ar\/wp-content\/uploads\/2025\/08\/Recorrida-Beruti-6-768x513.jpg 768w\" sizes=\"(max-width: 959px) 100vw, 959px\" \/><\/figure>\n<\/figure>\n\n\n\n<p>De la actividad, organizada por la Oficina de Promoci\u00f3n Tur\u00edstica del Municipio, el grupo Crecer, Mar Verde y la Delegaci\u00f3n Municipal de Beruti, participaron el intendente Francisco Recoulat y el delegado de Beruti, Fabio Villarreal, junto a integrantes del equipo de gobierno municipal, representantes de instituciones y vecinos\/as.<\/p>\n\n\n\n<p>El grupo sali\u00f3 desde la Parroquia Santa Clotilde y recorri\u00f3 el Club Giat, el Cine La Luisa, la f\u00e1brica Giat y Bat, el Prado Espa\u00f1ol, Plazoleta Marconi, el Instituto Agrot\u00e9cnico Padre Castellaro y culmin\u00f3 en la Estaci\u00f3n del Ferrocarril donde se realiz\u00f3 el descubrimiento de una placa, se entreg\u00f3 folleter\u00eda, se proyect\u00f3 un video que refleja los sitios hist\u00f3ricos de la localidad y se present\u00f3 el sitio web sobre Beruti Pueblo Tur\u00edstico, al que los presentes accedieron desde un c\u00f3digo QR.<\/p>\n\n\n\n<figure class=\"wp-block-gallery has-nested-images columns-default is-cropped wp-block-gallery-2 is-layout-flex wp-block-gallery-is-layout-flex\">\n<figure class=\"wp-block-image size-large\"><img loading=\"lazy\" decoding=\"async\" width=\"959\" height=\"641\" data-id=\"145711\" src=\"https:\/\/infoecos.com.ar\/wp-content\/uploads\/2025\/08\/Recorrida-Beruti-7.jpg\" alt=\"\" class=\"wp-image-145711\" srcset=\"https:\/\/infoecos.com.ar\/wp-content\/uploads\/2025\/08\/Recorrida-Beruti-7.jpg 959w, https:\/\/infoecos.com.ar\/wp-content\/uploads\/2025\/08\/Recorrida-Beruti-7-800x535.jpg 800w, https:\/\/infoecos.com.ar\/wp-content\/uploads\/2025\/08\/Recorrida-Beruti-7-768x513.jpg 768w\" sizes=\"(max-width: 959px) 100vw, 959px\" \/><\/figure>\n\n\n\n<figure class=\"wp-block-image size-large\"><img loading=\"lazy\" decoding=\"async\" width=\"959\" height=\"641\" data-id=\"145710\" src=\"https:\/\/infoecos.com.ar\/wp-content\/uploads\/2025\/08\/Recorrida-Beruti-8.jpg\" alt=\"\" class=\"wp-image-145710\" srcset=\"https:\/\/infoecos.com.ar\/wp-content\/uploads\/2025\/08\/Recorrida-Beruti-8.jpg 959w, https:\/\/infoecos.com.ar\/wp-content\/uploads\/2025\/08\/Recorrida-Beruti-8-800x535.jpg 800w, https:\/\/infoecos.com.ar\/wp-content\/uploads\/2025\/08\/Recorrida-Beruti-8-768x513.jpg 768w\" sizes=\"(max-width: 959px) 100vw, 959px\" \/><\/figure>\n\n\n\n<figure class=\"wp-block-image size-large\"><img loading=\"lazy\" decoding=\"async\" width=\"959\" height=\"641\" data-id=\"145715\" src=\"https:\/\/infoecos.com.ar\/wp-content\/uploads\/2025\/08\/Recorrida-Beruti-9.jpg\" alt=\"\" class=\"wp-image-145715\" srcset=\"https:\/\/infoecos.com.ar\/wp-content\/uploads\/2025\/08\/Recorrida-Beruti-9.jpg 959w, https:\/\/infoecos.com.ar\/wp-content\/uploads\/2025\/08\/Recorrida-Beruti-9-800x535.jpg 800w, https:\/\/infoecos.com.ar\/wp-content\/uploads\/2025\/08\/Recorrida-Beruti-9-768x513.jpg 768w\" sizes=\"(max-width: 959px) 100vw, 959px\" \/><\/figure>\n\n\n\n<figure class=\"wp-block-image size-large\"><img loading=\"lazy\" decoding=\"async\" width=\"959\" height=\"641\" data-id=\"145713\" src=\"https:\/\/infoecos.com.ar\/wp-content\/uploads\/2025\/08\/Recorrida-Beruti-10.jpg\" alt=\"\" class=\"wp-image-145713\" srcset=\"https:\/\/infoecos.com.ar\/wp-content\/uploads\/2025\/08\/Recorrida-Beruti-10.jpg 959w, https:\/\/infoecos.com.ar\/wp-content\/uploads\/2025\/08\/Recorrida-Beruti-10-800x535.jpg 800w, https:\/\/infoecos.com.ar\/wp-content\/uploads\/2025\/08\/Recorrida-Beruti-10-768x513.jpg 768w\" sizes=\"(max-width: 959px) 100vw, 959px\" \/><\/figure>\n\n\n\n<figure class=\"wp-block-image size-large\"><img loading=\"lazy\" decoding=\"async\" width=\"959\" height=\"641\" data-id=\"145712\" src=\"https:\/\/infoecos.com.ar\/wp-content\/uploads\/2025\/08\/Recorrida-Beruti-11.jpg\" alt=\"\" class=\"wp-image-145712\" srcset=\"https:\/\/infoecos.com.ar\/wp-content\/uploads\/2025\/08\/Recorrida-Beruti-11.jpg 959w, https:\/\/infoecos.com.ar\/wp-content\/uploads\/2025\/08\/Recorrida-Beruti-11-800x535.jpg 800w, https:\/\/infoecos.com.ar\/wp-content\/uploads\/2025\/08\/Recorrida-Beruti-11-768x513.jpg 768w\" sizes=\"(max-width: 959px) 100vw, 959px\" \/><\/figure>\n\n\n\n<figure class=\"wp-block-image size-large\"><img loading=\"lazy\" decoding=\"async\" width=\"959\" height=\"641\" data-id=\"145714\" src=\"https:\/\/infoecos.com.ar\/wp-content\/uploads\/2025\/08\/Recorrida-Beruti-12.jpg\" alt=\"\" class=\"wp-image-145714\" srcset=\"https:\/\/infoecos.com.ar\/wp-content\/uploads\/2025\/08\/Recorrida-Beruti-12.jpg 959w, https:\/\/infoecos.com.ar\/wp-content\/uploads\/2025\/08\/Recorrida-Beruti-12-800x535.jpg 800w, https:\/\/infoecos.com.ar\/wp-content\/uploads\/2025\/08\/Recorrida-Beruti-12-768x513.jpg 768w\" sizes=\"(max-width: 959px) 100vw, 959px\" \/><\/figure>\n<\/figure>\n\n\n\n<p>La placa dice lo siguiente<em>: \u201cLa Subsecretar\u00eda de Turismo de la provincia de Buenos Aires declar\u00f3 Pueblo Tur\u00edstico a la localidad de Beruti el 4 de noviembre de 2024. El Municipio de Trenque Lauquen, Delegaci\u00f3n de Beruti, Grupo Crecer y vecinos adhieren al proyecto e impulsan el trabajo conjunto en beneficio de su comunidad y sus habitantes\u201d.<\/em><\/p>\n\n\n\n<p>En los distintos puntos, la coordinadora de la oficina de Promoci\u00f3n Tur\u00edstica del municipio, Mercedes de Castro y la profesora e integrante del grupo Crecer, Patricia Buffarini hicieron una breve rese\u00f1a del lugar y la lectura del cartel colocado.<\/p>\n\n\n\n<figure class=\"wp-block-gallery has-nested-images columns-default is-cropped wp-block-gallery-3 is-layout-flex wp-block-gallery-is-layout-flex\">\n<figure class=\"wp-block-image size-large\"><img loading=\"lazy\" decoding=\"async\" width=\"959\" height=\"641\" data-id=\"145716\" src=\"https:\/\/infoecos.com.ar\/wp-content\/uploads\/2025\/08\/Recorrida-Beruti-14.jpg\" alt=\"\" class=\"wp-image-145716\" srcset=\"https:\/\/infoecos.com.ar\/wp-content\/uploads\/2025\/08\/Recorrida-Beruti-14.jpg 959w, https:\/\/infoecos.com.ar\/wp-content\/uploads\/2025\/08\/Recorrida-Beruti-14-800x535.jpg 800w, https:\/\/infoecos.com.ar\/wp-content\/uploads\/2025\/08\/Recorrida-Beruti-14-768x513.jpg 768w\" sizes=\"(max-width: 959px) 100vw, 959px\" \/><\/figure>\n\n\n\n<figure class=\"wp-block-image size-large\"><img loading=\"lazy\" decoding=\"async\" width=\"959\" height=\"641\" data-id=\"145717\" src=\"https:\/\/infoecos.com.ar\/wp-content\/uploads\/2025\/08\/Recorrida-Beruti-15.jpg\" alt=\"\" class=\"wp-image-145717\" srcset=\"https:\/\/infoecos.com.ar\/wp-content\/uploads\/2025\/08\/Recorrida-Beruti-15.jpg 959w, https:\/\/infoecos.com.ar\/wp-content\/uploads\/2025\/08\/Recorrida-Beruti-15-800x535.jpg 800w, https:\/\/infoecos.com.ar\/wp-content\/uploads\/2025\/08\/Recorrida-Beruti-15-768x513.jpg 768w\" sizes=\"(max-width: 959px) 100vw, 959px\" \/><\/figure>\n<\/figure>\n\n\n\n<p>En el marco de este proyecto comunitario se colocaron 26 carteles identificatorios \u2014provinciales y municipales\u2014 que se instalaron en los accesos principales de Beruti (por camino de tierra y por Ruta Nacional N\u00ba5), as\u00ed como en otros puntos estrat\u00e9gicos de la localidad.<\/p>\n","protected":false},"excerpt":{"rendered":"<p>De la actividad, organizada por la Oficina de Promoci\u00f3n Tur\u00edstica del Municipio, el grupo Crecer, Mar Verde y la Delegaci\u00f3n Municipal de Beruti, participaron el intendente Francisco Recoulat y el delegado de Beruti, Fabio Villarreal, junto a integrantes del equipo de gobierno municipal, representantes de instituciones y vecinos\/as<\/p>\n","protected":false},"author":2,"featured_media":145704,"comment_status":"closed","ping_status":"open","sticky":false,"template":"","format":"standard","meta":{"footnotes":""},"categories":[1],"tags":[1500],"class_list":["post-145703","post","type-post","status-publish","format-standard","has-post-thumbnail","hentry","category-sin-categoria","tag-regional"],"yoast_head":"<!-- This site is optimized with the Yoast SEO plugin v23.4 - https:\/\/yoast.com\/wordpress\/plugins\/seo\/ -->\n<title>Beruti Pueblo Tur\u00edstico de la provincia de Buenos Aires: se realiz\u00f3 este s\u00e1bado una recorrida guiada por sitios hist\u00f3ricos - Infoecos<\/title>\n<meta name=\"robots\" content=\"index, follow, max-snippet:-1, max-image-preview:large, max-video-preview:-1\" \/>\n<link rel=\"canonical\" href=\"https:\/\/infoecos.com.ar\/index.php\/beruti-pueblo-turistico-de-la-provincia-de-buenos-aires-se-realizo-este-sabado-una-recorrida-guiada-por-sitios-historicos\/\" \/>\n<meta property=\"og:locale\" content=\"es_ES\" \/>\n<meta property=\"og:type\" content=\"article\" \/>\n<meta property=\"og:title\" content=\"Beruti Pueblo Tur\u00edstico de la provincia de Buenos Aires: se realiz\u00f3 este s\u00e1bado una recorrida guiada por sitios hist\u00f3ricos - Infoecos\" \/>\n<meta property=\"og:description\" content=\"De la actividad, organizada por la Oficina de Promoci\u00f3n Tur\u00edstica del Municipio, el grupo Crecer, Mar Verde y la Delegaci\u00f3n Municipal de Beruti, participaron el intendente Francisco Recoulat y el delegado de Beruti, Fabio Villarreal, junto a integrantes del equipo de gobierno municipal, representantes de instituciones y vecinos\/as\" \/>\n<meta property=\"og:url\" content=\"https:\/\/infoecos.com.ar\/index.php\/beruti-pueblo-turistico-de-la-provincia-de-buenos-aires-se-realizo-este-sabado-una-recorrida-guiada-por-sitios-historicos\/\" \/>\n<meta property=\"og:site_name\" content=\"Infoecos\" \/>\n<meta property=\"article:publisher\" content=\"https:\/\/www.facebook.com\/profile.php?id=100063200290284\" \/>\n<meta property=\"article:published_time\" content=\"2025-08-17T03:03:32+00:00\" \/>\n<meta property=\"article:modified_time\" content=\"2025-08-19T04:52:25+00:00\" \/>\n<meta property=\"og:image\" content=\"https:\/\/infoecos.com.ar\/wp-content\/uploads\/2025\/08\/Recorrida-Beruti-1.jpg\" \/>\n\t<meta property=\"og:image:width\" content=\"1600\" \/>\n\t<meta property=\"og:image:height\" content=\"1069\" \/>\n\t<meta property=\"og:image:type\" content=\"image\/jpeg\" \/>\n<meta name=\"author\" content=\"Jorge Matheus\" \/>\n<meta name=\"twitter:card\" content=\"summary_large_image\" \/>\n<meta name=\"twitter:creator\" content=\"@infoecos\" \/>\n<meta name=\"twitter:site\" content=\"@infoecos\" \/>\n<meta name=\"twitter:label1\" content=\"Escrito por\" \/>\n\t<meta name=\"twitter:data1\" content=\"Jorge Matheus\" \/>\n\t<meta name=\"twitter:label2\" content=\"Tiempo de lectura\" \/>\n\t<meta name=\"twitter:data2\" content=\"5 minutos\" \/>\n<script type=\"application\/ld+json\" class=\"yoast-schema-graph\">{\"@context\":\"https:\/\/schema.org\",\"@graph\":[{\"@type\":\"Article\",\"@id\":\"https:\/\/infoecos.com.ar\/index.php\/beruti-pueblo-turistico-de-la-provincia-de-buenos-aires-se-realizo-este-sabado-una-recorrida-guiada-por-sitios-historicos\/#article\",\"isPartOf\":{\"@id\":\"https:\/\/infoecos.com.ar\/index.php\/beruti-pueblo-turistico-de-la-provincia-de-buenos-aires-se-realizo-este-sabado-una-recorrida-guiada-por-sitios-historicos\/\"},\"author\":{\"name\":\"Jorge Matheus\",\"@id\":\"https:\/\/infoecos.com.ar\/#\/schema\/person\/8f5ace5ce73b4b4aac4b7245aee6f191\"},\"headline\":\"Beruti Pueblo Tur\u00edstico de la provincia de Buenos Aires: se realiz\u00f3 este s\u00e1bado una recorrida guiada por sitios hist\u00f3ricos\",\"datePublished\":\"2025-08-17T03:03:32+00:00\",\"dateModified\":\"2025-08-19T04:52:25+00:00\",\"mainEntityOfPage\":{\"@id\":\"https:\/\/infoecos.com.ar\/index.php\/beruti-pueblo-turistico-de-la-provincia-de-buenos-aires-se-realizo-este-sabado-una-recorrida-guiada-por-sitios-historicos\/\"},\"wordCount\":350,\"publisher\":{\"@id\":\"https:\/\/infoecos.com.ar\/#organization\"},\"image\":{\"@id\":\"https:\/\/infoecos.com.ar\/index.php\/beruti-pueblo-turistico-de-la-provincia-de-buenos-aires-se-realizo-este-sabado-una-recorrida-guiada-por-sitios-historicos\/#primaryimage\"},\"thumbnailUrl\":\"https:\/\/infoecos.com.ar\/wp-content\/uploads\/2025\/08\/Recorrida-Beruti-1.jpg\",\"keywords\":[\"REGIONAL\"],\"inLanguage\":\"es\"},{\"@type\":\"WebPage\",\"@id\":\"https:\/\/infoecos.com.ar\/index.php\/beruti-pueblo-turistico-de-la-provincia-de-buenos-aires-se-realizo-este-sabado-una-recorrida-guiada-por-sitios-historicos\/\",\"url\":\"https:\/\/infoecos.com.ar\/index.php\/beruti-pueblo-turistico-de-la-provincia-de-buenos-aires-se-realizo-este-sabado-una-recorrida-guiada-por-sitios-historicos\/\",\"name\":\"Beruti Pueblo Tur\u00edstico de la provincia de Buenos Aires: se realiz\u00f3 este s\u00e1bado una recorrida guiada por sitios hist\u00f3ricos - Infoecos\",\"isPartOf\":{\"@id\":\"https:\/\/infoecos.com.ar\/#website\"},\"primaryImageOfPage\":{\"@id\":\"https:\/\/infoecos.com.ar\/index.php\/beruti-pueblo-turistico-de-la-provincia-de-buenos-aires-se-realizo-este-sabado-una-recorrida-guiada-por-sitios-historicos\/#primaryimage\"},\"image\":{\"@id\":\"https:\/\/infoecos.com.ar\/index.php\/beruti-pueblo-turistico-de-la-provincia-de-buenos-aires-se-realizo-este-sabado-una-recorrida-guiada-por-sitios-historicos\/#primaryimage\"},\"thumbnailUrl\":\"https:\/\/infoecos.com.ar\/wp-content\/uploads\/2025\/08\/Recorrida-Beruti-1.jpg\",\"datePublished\":\"2025-08-17T03:03:32+00:00\",\"dateModified\":\"2025-08-19T04:52:25+00:00\",\"breadcrumb\":{\"@id\":\"https:\/\/infoecos.com.ar\/index.php\/beruti-pueblo-turistico-de-la-provincia-de-buenos-aires-se-realizo-este-sabado-una-recorrida-guiada-por-sitios-historicos\/#breadcrumb\"},\"inLanguage\":\"es\",\"potentialAction\":[{\"@type\":\"ReadAction\",\"target\":[\"https:\/\/infoecos.com.ar\/index.php\/beruti-pueblo-turistico-de-la-provincia-de-buenos-aires-se-realizo-este-sabado-una-recorrida-guiada-por-sitios-historicos\/\"]}]},{\"@type\":\"ImageObject\",\"inLanguage\":\"es\",\"@id\":\"https:\/\/infoecos.com.ar\/index.php\/beruti-pueblo-turistico-de-la-provincia-de-buenos-aires-se-realizo-este-sabado-una-recorrida-guiada-por-sitios-historicos\/#primaryimage\",\"url\":\"https:\/\/infoecos.com.ar\/wp-content\/uploads\/2025\/08\/Recorrida-Beruti-1.jpg\",\"contentUrl\":\"https:\/\/infoecos.com.ar\/wp-content\/uploads\/2025\/08\/Recorrida-Beruti-1.jpg\",\"width\":1600,\"height\":1069},{\"@type\":\"BreadcrumbList\",\"@id\":\"https:\/\/infoecos.com.ar\/index.php\/beruti-pueblo-turistico-de-la-provincia-de-buenos-aires-se-realizo-este-sabado-una-recorrida-guiada-por-sitios-historicos\/#breadcrumb\",\"itemListElement\":[{\"@type\":\"ListItem\",\"position\":1,\"name\":\"Portada\",\"item\":\"https:\/\/infoecos.com.ar\/\"},{\"@type\":\"ListItem\",\"position\":2,\"name\":\"Beruti Pueblo Tur\u00edstico de la provincia de Buenos Aires: se realiz\u00f3 este s\u00e1bado una recorrida guiada por sitios hist\u00f3ricos\"}]},{\"@type\":\"WebSite\",\"@id\":\"https:\/\/infoecos.com.ar\/#website\",\"url\":\"https:\/\/infoecos.com.ar\/\",\"name\":\"Infoecos\",\"description\":\"Noticias de trenque lauquen y la zona\",\"publisher\":{\"@id\":\"https:\/\/infoecos.com.ar\/#organization\"},\"alternateName\":\"Noticias\",\"potentialAction\":[{\"@type\":\"SearchAction\",\"target\":{\"@type\":\"EntryPoint\",\"urlTemplate\":\"https:\/\/infoecos.com.ar\/?s={search_term_string}\"},\"query-input\":{\"@type\":\"PropertyValueSpecification\",\"valueRequired\":true,\"valueName\":\"search_term_string\"}}],\"inLanguage\":\"es\"},{\"@type\":\"Organization\",\"@id\":\"https:\/\/infoecos.com.ar\/#organization\",\"name\":\"Infoecos\",\"alternateName\":\"Noticias\",\"url\":\"https:\/\/infoecos.com.ar\/\",\"logo\":{\"@type\":\"ImageObject\",\"inLanguage\":\"es\",\"@id\":\"https:\/\/infoecos.com.ar\/#\/schema\/logo\/image\/\",\"url\":\"https:\/\/infoecos.com.ar\/wp-content\/uploads\/2024\/03\/cropped-logo.png\",\"contentUrl\":\"https:\/\/infoecos.com.ar\/wp-content\/uploads\/2024\/03\/cropped-logo.png\",\"width\":374,\"height\":90,\"caption\":\"Infoecos\"},\"image\":{\"@id\":\"https:\/\/infoecos.com.ar\/#\/schema\/logo\/image\/\"},\"sameAs\":[\"https:\/\/www.facebook.com\/profile.php?id=100063200290284\",\"https:\/\/x.com\/infoecos\"]},{\"@type\":\"Person\",\"@id\":\"https:\/\/infoecos.com.ar\/#\/schema\/person\/8f5ace5ce73b4b4aac4b7245aee6f191\",\"name\":\"Jorge Matheus\",\"url\":\"https:\/\/infoecos.com.ar\/index.php\/author\/jomatheus\/\"}]}<\/script>\n<!-- \/ Yoast SEO plugin. -->","yoast_head_json":{"title":"Beruti Pueblo Tur\u00edstico de la provincia de Buenos Aires: se realiz\u00f3 este s\u00e1bado una recorrida guiada por sitios hist\u00f3ricos - Infoecos","robots":{"index":"index","follow":"follow","max-snippet":"max-snippet:-1","max-image-preview":"max-image-preview:large","max-video-preview":"max-video-preview:-1"},"canonical":"https:\/\/infoecos.com.ar\/index.php\/beruti-pueblo-turistico-de-la-provincia-de-buenos-aires-se-realizo-este-sabado-una-recorrida-guiada-por-sitios-historicos\/","og_locale":"es_ES","og_type":"article","og_title":"Beruti Pueblo Tur\u00edstico de la provincia de Buenos Aires: se realiz\u00f3 este s\u00e1bado una recorrida guiada por sitios hist\u00f3ricos - Infoecos","og_description":"De la actividad, organizada por la Oficina de Promoci\u00f3n Tur\u00edstica del Municipio, el grupo Crecer, Mar Verde y la Delegaci\u00f3n Municipal de Beruti, participaron el intendente Francisco Recoulat y el delegado de Beruti, Fabio Villarreal, junto a integrantes del equipo de gobierno municipal, representantes de instituciones y vecinos\/as","og_url":"https:\/\/infoecos.com.ar\/index.php\/beruti-pueblo-turistico-de-la-provincia-de-buenos-aires-se-realizo-este-sabado-una-recorrida-guiada-por-sitios-historicos\/","og_site_name":"Infoecos","article_publisher":"https:\/\/www.facebook.com\/profile.php?id=100063200290284","article_published_time":"2025-08-17T03:03:32+00:00","article_modified_time":"2025-08-19T04:52:25+00:00","og_image":[{"width":1600,"height":1069,"url":"https:\/\/infoecos.com.ar\/wp-content\/uploads\/2025\/08\/Recorrida-Beruti-1.jpg","type":"image\/jpeg"}],"author":"Jorge Matheus","twitter_card":"summary_large_image","twitter_creator":"@infoecos","twitter_site":"@infoecos","twitter_misc":{"Escrito por":"Jorge Matheus","Tiempo de lectura":"5 minutos"},"schema":{"@context":"https:\/\/schema.org","@graph":[{"@type":"Article","@id":"https:\/\/infoecos.com.ar\/index.php\/beruti-pueblo-turistico-de-la-provincia-de-buenos-aires-se-realizo-este-sabado-una-recorrida-guiada-por-sitios-historicos\/#article","isPartOf":{"@id":"https:\/\/infoecos.com.ar\/index.php\/beruti-pueblo-turistico-de-la-provincia-de-buenos-aires-se-realizo-este-sabado-una-recorrida-guiada-por-sitios-historicos\/"},"author":{"name":"Jorge Matheus","@id":"https:\/\/infoecos.com.ar\/#\/schema\/person\/8f5ace5ce73b4b4aac4b7245aee6f191"},"headline":"Beruti Pueblo Tur\u00edstico de la provincia de Buenos Aires: se realiz\u00f3 este s\u00e1bado una recorrida guiada por sitios hist\u00f3ricos","datePublished":"2025-08-17T03:03:32+00:00","dateModified":"2025-08-19T04:52:25+00:00","mainEntityOfPage":{"@id":"https:\/\/infoecos.com.ar\/index.php\/beruti-pueblo-turistico-de-la-provincia-de-buenos-aires-se-realizo-este-sabado-una-recorrida-guiada-por-sitios-historicos\/"},"wordCount":350,"publisher":{"@id":"https:\/\/infoecos.com.ar\/#organization"},"image":{"@id":"https:\/\/infoecos.com.ar\/index.php\/beruti-pueblo-turistico-de-la-provincia-de-buenos-aires-se-realizo-este-sabado-una-recorrida-guiada-por-sitios-historicos\/#primaryimage"},"thumbnailUrl":"https:\/\/infoecos.com.ar\/wp-content\/uploads\/2025\/08\/Recorrida-Beruti-1.jpg","keywords":["REGIONAL"],"inLanguage":"es"},{"@type":"WebPage","@id":"https:\/\/infoecos.com.ar\/index.php\/beruti-pueblo-turistico-de-la-provincia-de-buenos-aires-se-realizo-este-sabado-una-recorrida-guiada-por-sitios-historicos\/","url":"https:\/\/infoecos.com.ar\/index.php\/beruti-pueblo-turistico-de-la-provincia-de-buenos-aires-se-realizo-este-sabado-una-recorrida-guiada-por-sitios-historicos\/","name":"Beruti Pueblo Tur\u00edstico de la provincia de Buenos Aires: se realiz\u00f3 este s\u00e1bado una recorrida guiada por sitios hist\u00f3ricos - Infoecos","isPartOf":{"@id":"https:\/\/infoecos.com.ar\/#website"},"primaryImageOfPage":{"@id":"https:\/\/infoecos.com.ar\/index.php\/beruti-pueblo-turistico-de-la-provincia-de-buenos-aires-se-realizo-este-sabado-una-recorrida-guiada-por-sitios-historicos\/#primaryimage"},"image":{"@id":"https:\/\/infoecos.com.ar\/index.php\/beruti-pueblo-turistico-de-la-provincia-de-buenos-aires-se-realizo-este-sabado-una-recorrida-guiada-por-sitios-historicos\/#primaryimage"},"thumbnailUrl":"https:\/\/infoecos.com.ar\/wp-content\/uploads\/2025\/08\/Recorrida-Beruti-1.jpg","datePublished":"2025-08-17T03:03:32+00:00","dateModified":"2025-08-19T04:52:25+00:00","breadcrumb":{"@id":"https:\/\/infoecos.com.ar\/index.php\/beruti-pueblo-turistico-de-la-provincia-de-buenos-aires-se-realizo-este-sabado-una-recorrida-guiada-por-sitios-historicos\/#breadcrumb"},"inLanguage":"es","potentialAction":[{"@type":"ReadAction","target":["https:\/\/infoecos.com.ar\/index.php\/beruti-pueblo-turistico-de-la-provincia-de-buenos-aires-se-realizo-este-sabado-una-recorrida-guiada-por-sitios-historicos\/"]}]},{"@type":"ImageObject","inLanguage":"es","@id":"https:\/\/infoecos.com.ar\/index.php\/beruti-pueblo-turistico-de-la-provincia-de-buenos-aires-se-realizo-este-sabado-una-recorrida-guiada-por-sitios-historicos\/#primaryimage","url":"https:\/\/infoecos.com.ar\/wp-content\/uploads\/2025\/08\/Recorrida-Beruti-1.jpg","contentUrl":"https:\/\/infoecos.com.ar\/wp-content\/uploads\/2025\/08\/Recorrida-Beruti-1.jpg","width":1600,"height":1069},{"@type":"BreadcrumbList","@id":"https:\/\/infoecos.com.ar\/index.php\/beruti-pueblo-turistico-de-la-provincia-de-buenos-aires-se-realizo-este-sabado-una-recorrida-guiada-por-sitios-historicos\/#breadcrumb","itemListElement":[{"@type":"ListItem","position":1,"name":"Portada","item":"https:\/\/infoecos.com.ar\/"},{"@type":"ListItem","position":2,"name":"Beruti Pueblo Tur\u00edstico de la provincia de Buenos Aires: se realiz\u00f3 este s\u00e1bado una recorrida guiada por sitios hist\u00f3ricos"}]},{"@type":"WebSite","@id":"https:\/\/infoecos.com.ar\/#website","url":"https:\/\/infoecos.com.ar\/","name":"Infoecos","description":"Noticias de trenque lauquen y la zona","publisher":{"@id":"https:\/\/infoecos.com.ar\/#organization"},"alternateName":"Noticias","potentialAction":[{"@type":"SearchAction","target":{"@type":"EntryPoint","urlTemplate":"https:\/\/infoecos.com.ar\/?s={search_term_string}"},"query-input":{"@type":"PropertyValueSpecification","valueRequired":true,"valueName":"search_term_string"}}],"inLanguage":"es"},{"@type":"Organization","@id":"https:\/\/infoecos.com.ar\/#organization","name":"Infoecos","alternateName":"Noticias","url":"https:\/\/infoecos.com.ar\/","logo":{"@type":"ImageObject","inLanguage":"es","@id":"https:\/\/infoecos.com.ar\/#\/schema\/logo\/image\/","url":"https:\/\/infoecos.com.ar\/wp-content\/uploads\/2024\/03\/cropped-logo.png","contentUrl":"https:\/\/infoecos.com.ar\/wp-content\/uploads\/2024\/03\/cropped-logo.png","width":374,"height":90,"caption":"Infoecos"},"image":{"@id":"https:\/\/infoecos.com.ar\/#\/schema\/logo\/image\/"},"sameAs":["https:\/\/www.facebook.com\/profile.php?id=100063200290284","https:\/\/x.com\/infoecos"]},{"@type":"Person","@id":"https:\/\/infoecos.com.ar\/#\/schema\/person\/8f5ace5ce73b4b4aac4b7245aee6f191","name":"Jorge Matheus","url":"https:\/\/infoecos.com.ar\/index.php\/author\/jomatheus\/"}]}},"featured_image_urls":{"full":["https:\/\/infoecos.com.ar\/wp-content\/uploads\/2025\/08\/Recorrida-Beruti-1.jpg",1600,1069,false],"thumbnail":["https:\/\/infoecos.com.ar\/wp-content\/uploads\/2025\/08\/Recorrida-Beruti-1-300x150.jpg",300,150,true],"medium":["https:\/\/infoecos.com.ar\/wp-content\/uploads\/2025\/08\/Recorrida-Beruti-1-800x535.jpg",800,535,true],"medium_large":["https:\/\/infoecos.com.ar\/wp-content\/uploads\/2025\/08\/Recorrida-Beruti-1-768x513.jpg",640,428,true],"large":["https:\/\/infoecos.com.ar\/wp-content\/uploads\/2025\/08\/Recorrida-Beruti-1.jpg",640,428,false],"1536x1536":["https:\/\/infoecos.com.ar\/wp-content\/uploads\/2025\/08\/Recorrida-Beruti-1-1536x1026.jpg",1536,1026,true],"2048x2048":["https:\/\/infoecos.com.ar\/wp-content\/uploads\/2025\/08\/Recorrida-Beruti-1.jpg",1600,1069,false],"covernews-slider-full":["https:\/\/infoecos.com.ar\/wp-content\/uploads\/2025\/08\/Recorrida-Beruti-1-1115x715.jpg",1115,715,true],"covernews-slider-center":["https:\/\/infoecos.com.ar\/wp-content\/uploads\/2025\/08\/Recorrida-Beruti-1-800x500.jpg",800,500,true],"covernews-featured":["https:\/\/infoecos.com.ar\/wp-content\/uploads\/2025\/08\/Recorrida-Beruti-1-1024x684.jpg",1024,684,true],"covernews-medium":["https:\/\/infoecos.com.ar\/wp-content\/uploads\/2025\/08\/Recorrida-Beruti-1-540x340.jpg",540,340,true],"covernews-medium-square":["https:\/\/infoecos.com.ar\/wp-content\/uploads\/2025\/08\/Recorrida-Beruti-1-400x250.jpg",400,250,true]},"author_info":{"info":["Jorge Matheus"]},"category_info":"<a href=\"https:\/\/infoecos.com.ar\/index.php\/category\/sin-categoria\/\" rel=\"category tag\">Sin categor\u00eda<\/a>","tag_info":"Sin categor\u00eda","comment_count":"0","_links":{"self":[{"href":"https:\/\/infoecos.com.ar\/index.php\/wp-json\/wp\/v2\/posts\/145703"}],"collection":[{"href":"https:\/\/infoecos.com.ar\/index.php\/wp-json\/wp\/v2\/posts"}],"about":[{"href":"https:\/\/infoecos.com.ar\/index.php\/wp-json\/wp\/v2\/types\/post"}],"author":[{"embeddable":true,"href":"https:\/\/infoecos.com.ar\/index.php\/wp-json\/wp\/v2\/users\/2"}],"replies":[{"embeddable":true,"href":"https:\/\/infoecos.com.ar\/index.php\/wp-json\/wp\/v2\/comments?post=145703"}],"version-history":[{"count":1,"href":"https:\/\/infoecos.com.ar\/index.php\/wp-json\/wp\/v2\/posts\/145703\/revisions"}],"predecessor-version":[{"id":145718,"href":"https:\/\/infoecos.com.ar\/index.php\/wp-json\/wp\/v2\/posts\/145703\/revisions\/145718"}],"wp:featuredmedia":[{"embeddable":true,"href":"https:\/\/infoecos.com.ar\/index.php\/wp-json\/wp\/v2\/media\/145704"}],"wp:attachment":[{"href":"https:\/\/infoecos.com.ar\/index.php\/wp-json\/wp\/v2\/media?parent=145703"}],"wp:term":[{"taxonomy":"category","embeddable":true,"href":"https:\/\/infoecos.com.ar\/index.php\/wp-json\/wp\/v2\/categories?post=145703"},{"taxonomy":"post_tag","embeddable":true,"href":"https:\/\/infoecos.com.ar\/index.php\/wp-json\/wp\/v2\/tags?post=145703"}],"curies":[{"name":"wp","href":"https:\/\/api.w.org\/{rel}","templated":true}]}}