{"id":145864,"date":"2025-08-20T01:02:11","date_gmt":"2025-08-20T04:02:11","guid":{"rendered":"https:\/\/infoecos.com.ar\/?p=145864"},"modified":"2025-08-20T22:04:03","modified_gmt":"2025-08-21T01:04:03","slug":"vuelve-el-dia-ganado-del-inta-general-villegas","status":"publish","type":"post","link":"https:\/\/infoecos.com.ar\/index.php\/vuelve-el-dia-ganado-del-inta-general-villegas\/","title":{"rendered":"Vuelve el D\u00eda Ganado del\u00a0INTA General Villegas"},"content":{"rendered":"\n<p>El martes 9 de septiembre desde las 13 h. se llevar\u00e1 a cabo el&nbsp;<strong>D\u00eda Ganado 2025&nbsp;<\/strong>en el campo experimental \u201cLa Belita\u201d, en Drabble.&nbsp; Organizado por la&nbsp;<strong>Estaci\u00f3n Experimental Agropecuaria General Villegas del INTA<\/strong>, el encuentro contar\u00e1 con la participaci\u00f3n de especialistas&nbsp;vinculados a la&nbsp;producci\u00f3n ganadera. Para inscribirse y acceder al programa completo se deber\u00e1 ingresar a&nbsp;<a rel=\"noreferrer noopener\" href=\"https:\/\/forms.gle\/yRL6F8xX7Nkosq5y9\" target=\"_blank\">https:\/\/forms.gle\/yRL6F8xX7Nkosq5y9<\/a>&nbsp;.&nbsp;<\/p>\n\n\n\n<p>La jornada comenzar\u00e1 con diversas charlas a sal\u00f3n entre las que se encuentra \u201cPastoreo de alfalfa, nuevos conceptos para maximizar producci\u00f3n de carne\u201d, a cargo de la Ing. Agr. Cecilia Sardi\u00f1a. Por su parte, la ingeniera en Recursos Naturales Marianela Diez disertar\u00e1 sobre \u201cFeedlot y ambiente, una oportunidad para hacer bien las cosas\u201d. Asimismo, se llevar\u00e1 a cabo la charla \u201cSilo, grano y a la bolsa: propuesta para una recr\u00eda eficiente\u201d, a cargo del Ing. Agr. Sergio Viano. &nbsp;<\/p>\n\n\n\n<figure class=\"wp-block-image size-full\"><img loading=\"lazy\" decoding=\"async\" width=\"900\" height=\"1600\" src=\"https:\/\/infoecos.com.ar\/wp-content\/uploads\/2025\/08\/WhatsApp-Image-2025-08-18-at-15.13.52-1.jpeg\" alt=\"\" class=\"wp-image-145867\" srcset=\"https:\/\/infoecos.com.ar\/wp-content\/uploads\/2025\/08\/WhatsApp-Image-2025-08-18-at-15.13.52-1.jpeg 900w, https:\/\/infoecos.com.ar\/wp-content\/uploads\/2025\/08\/WhatsApp-Image-2025-08-18-at-15.13.52-1-450x800.jpeg 450w, https:\/\/infoecos.com.ar\/wp-content\/uploads\/2025\/08\/WhatsApp-Image-2025-08-18-at-15.13.52-1-768x1365.jpeg 768w, https:\/\/infoecos.com.ar\/wp-content\/uploads\/2025\/08\/WhatsApp-Image-2025-08-18-at-15.13.52-1-864x1536.jpeg 864w\" sizes=\"(max-width: 900px) 100vw, 900px\" \/><\/figure>\n\n\n\n<p>El evento&nbsp;incluye una recorrida a campo por diferentes estaciones, en las que se tratar\u00e1n diversos temas. En una de las paradas, se hablar\u00e1 de experiencias en herramientas alternativas para el control sustentable de par\u00e1sitos y evaluaci\u00f3n de leguminosas ricas en taninos (Sainfoin), a cargo del Med. Vet. Miguel Buffarini y la Ing. Agr. Cecilia Sardi\u00f1a. Por su parte, los ingenieros Nicol\u00e1s Bertram y Liz Mart\u00ednez expondr\u00e1n sobre caracterizaci\u00f3n y manejo de ambientes con limitantes ed\u00e1ficas y sobre las especies forrajeras m\u00e1s utilizadas. Asimismo, en otra de las estaciones se hablar\u00e1 de uso de grano de ma\u00edz en dietas de terminaci\u00f3n a corral y las experiencias locales con grano seco, h\u00famedo, entero, partido y reconstituido, a cargo de los ingenieros Lucas Gonz\u00e1lez e Irene Ceconi. Adem\u00e1s, el Ing. Agr. Daniel M\u00e9ndez disertar\u00e1 sobre el uso infrecuente de suplementos para la utilizaci\u00f3n de verdeos invernales. &nbsp;<\/p>\n\n\n\n<p>Cabe destacar que el D\u00eda Ganado tiene como objetivo principal sumar conocimiento ganadero, y est\u00e1 destinado a productores, asesores, profesionales, empresas y p\u00fablico interesado en la tem\u00e1tica. La entrada es libre y gratuita. &nbsp;<\/p>\n\n\n\n<p>M\u00e1s informaci\u00f3n: @inta_villegas &nbsp;<\/p>\n","protected":false},"excerpt":{"rendered":"<p>Se trata de una de las jornadas ganaderas m\u00e1s importantes de la regi\u00f3n, que combina charlas y recorridas a campo a manos de expertos en producci\u00f3n animal<\/p>\n","protected":false},"author":2,"featured_media":145866,"comment_status":"closed","ping_status":"open","sticky":false,"template":"","format":"standard","meta":{"footnotes":""},"categories":[1],"tags":[10290],"class_list":["post-145864","post","type-post","status-publish","format-standard","has-post-thumbnail","hentry","category-sin-categoria","tag-entretenimiento"],"yoast_head":"<!-- This site is optimized with the Yoast SEO plugin v23.4 - https:\/\/yoast.com\/wordpress\/plugins\/seo\/ -->\n<title>Vuelve el D\u00eda Ganado del\u00a0INTA General Villegas - Infoecos<\/title>\n<meta name=\"robots\" content=\"index, follow, max-snippet:-1, max-image-preview:large, max-video-preview:-1\" \/>\n<link rel=\"canonical\" href=\"https:\/\/infoecos.com.ar\/index.php\/vuelve-el-dia-ganado-del-inta-general-villegas\/\" \/>\n<meta property=\"og:locale\" content=\"es_ES\" \/>\n<meta property=\"og:type\" content=\"article\" \/>\n<meta property=\"og:title\" content=\"Vuelve el D\u00eda Ganado del\u00a0INTA General Villegas - Infoecos\" \/>\n<meta property=\"og:description\" content=\"Se trata de una de las jornadas ganaderas m\u00e1s importantes de la regi\u00f3n, que combina charlas y recorridas a campo a manos de expertos en producci\u00f3n animal\" \/>\n<meta property=\"og:url\" content=\"https:\/\/infoecos.com.ar\/index.php\/vuelve-el-dia-ganado-del-inta-general-villegas\/\" \/>\n<meta property=\"og:site_name\" content=\"Infoecos\" \/>\n<meta property=\"article:publisher\" content=\"https:\/\/www.facebook.com\/profile.php?id=100063200290284\" \/>\n<meta property=\"article:published_time\" content=\"2025-08-20T04:02:11+00:00\" \/>\n<meta property=\"article:modified_time\" content=\"2025-08-21T01:04:03+00:00\" \/>\n<meta property=\"og:image\" content=\"https:\/\/infoecos.com.ar\/wp-content\/uploads\/2025\/08\/WhatsApp-Image-2025-08-18-at-15.03.01-1.jpeg\" \/>\n\t<meta property=\"og:image:width\" content=\"1600\" \/>\n\t<meta property=\"og:image:height\" content=\"1200\" \/>\n\t<meta property=\"og:image:type\" content=\"image\/jpeg\" \/>\n<meta name=\"author\" content=\"Jorge Matheus\" \/>\n<meta name=\"twitter:card\" content=\"summary_large_image\" \/>\n<meta name=\"twitter:creator\" content=\"@infoecos\" \/>\n<meta name=\"twitter:site\" content=\"@infoecos\" \/>\n<meta name=\"twitter:label1\" content=\"Escrito por\" \/>\n\t<meta name=\"twitter:data1\" content=\"Jorge Matheus\" \/>\n\t<meta name=\"twitter:label2\" content=\"Tiempo de lectura\" \/>\n\t<meta name=\"twitter:data2\" content=\"2 minutos\" \/>\n<script type=\"application\/ld+json\" class=\"yoast-schema-graph\">{\"@context\":\"https:\/\/schema.org\",\"@graph\":[{\"@type\":\"Article\",\"@id\":\"https:\/\/infoecos.com.ar\/index.php\/vuelve-el-dia-ganado-del-inta-general-villegas\/#article\",\"isPartOf\":{\"@id\":\"https:\/\/infoecos.com.ar\/index.php\/vuelve-el-dia-ganado-del-inta-general-villegas\/\"},\"author\":{\"name\":\"Jorge Matheus\",\"@id\":\"https:\/\/infoecos.com.ar\/#\/schema\/person\/8f5ace5ce73b4b4aac4b7245aee6f191\"},\"headline\":\"Vuelve el D\u00eda Ganado del\u00a0INTA General Villegas\",\"datePublished\":\"2025-08-20T04:02:11+00:00\",\"dateModified\":\"2025-08-21T01:04:03+00:00\",\"mainEntityOfPage\":{\"@id\":\"https:\/\/infoecos.com.ar\/index.php\/vuelve-el-dia-ganado-del-inta-general-villegas\/\"},\"wordCount\":376,\"publisher\":{\"@id\":\"https:\/\/infoecos.com.ar\/#organization\"},\"image\":{\"@id\":\"https:\/\/infoecos.com.ar\/index.php\/vuelve-el-dia-ganado-del-inta-general-villegas\/#primaryimage\"},\"thumbnailUrl\":\"https:\/\/infoecos.com.ar\/wp-content\/uploads\/2025\/08\/WhatsApp-Image-2025-08-18-at-15.03.01-1.jpeg\",\"keywords\":[\"Entretenimiento\"],\"inLanguage\":\"es\"},{\"@type\":\"WebPage\",\"@id\":\"https:\/\/infoecos.com.ar\/index.php\/vuelve-el-dia-ganado-del-inta-general-villegas\/\",\"url\":\"https:\/\/infoecos.com.ar\/index.php\/vuelve-el-dia-ganado-del-inta-general-villegas\/\",\"name\":\"Vuelve el D\u00eda Ganado del\u00a0INTA General Villegas - Infoecos\",\"isPartOf\":{\"@id\":\"https:\/\/infoecos.com.ar\/#website\"},\"primaryImageOfPage\":{\"@id\":\"https:\/\/infoecos.com.ar\/index.php\/vuelve-el-dia-ganado-del-inta-general-villegas\/#primaryimage\"},\"image\":{\"@id\":\"https:\/\/infoecos.com.ar\/index.php\/vuelve-el-dia-ganado-del-inta-general-villegas\/#primaryimage\"},\"thumbnailUrl\":\"https:\/\/infoecos.com.ar\/wp-content\/uploads\/2025\/08\/WhatsApp-Image-2025-08-18-at-15.03.01-1.jpeg\",\"datePublished\":\"2025-08-20T04:02:11+00:00\",\"dateModified\":\"2025-08-21T01:04:03+00:00\",\"breadcrumb\":{\"@id\":\"https:\/\/infoecos.com.ar\/index.php\/vuelve-el-dia-ganado-del-inta-general-villegas\/#breadcrumb\"},\"inLanguage\":\"es\",\"potentialAction\":[{\"@type\":\"ReadAction\",\"target\":[\"https:\/\/infoecos.com.ar\/index.php\/vuelve-el-dia-ganado-del-inta-general-villegas\/\"]}]},{\"@type\":\"ImageObject\",\"inLanguage\":\"es\",\"@id\":\"https:\/\/infoecos.com.ar\/index.php\/vuelve-el-dia-ganado-del-inta-general-villegas\/#primaryimage\",\"url\":\"https:\/\/infoecos.com.ar\/wp-content\/uploads\/2025\/08\/WhatsApp-Image-2025-08-18-at-15.03.01-1.jpeg\",\"contentUrl\":\"https:\/\/infoecos.com.ar\/wp-content\/uploads\/2025\/08\/WhatsApp-Image-2025-08-18-at-15.03.01-1.jpeg\",\"width\":1600,\"height\":1200},{\"@type\":\"BreadcrumbList\",\"@id\":\"https:\/\/infoecos.com.ar\/index.php\/vuelve-el-dia-ganado-del-inta-general-villegas\/#breadcrumb\",\"itemListElement\":[{\"@type\":\"ListItem\",\"position\":1,\"name\":\"Portada\",\"item\":\"https:\/\/infoecos.com.ar\/\"},{\"@type\":\"ListItem\",\"position\":2,\"name\":\"Vuelve el D\u00eda Ganado del\u00a0INTA General Villegas\"}]},{\"@type\":\"WebSite\",\"@id\":\"https:\/\/infoecos.com.ar\/#website\",\"url\":\"https:\/\/infoecos.com.ar\/\",\"name\":\"Infoecos\",\"description\":\"Noticias de trenque lauquen y la zona\",\"publisher\":{\"@id\":\"https:\/\/infoecos.com.ar\/#organization\"},\"alternateName\":\"Noticias\",\"potentialAction\":[{\"@type\":\"SearchAction\",\"target\":{\"@type\":\"EntryPoint\",\"urlTemplate\":\"https:\/\/infoecos.com.ar\/?s={search_term_string}\"},\"query-input\":{\"@type\":\"PropertyValueSpecification\",\"valueRequired\":true,\"valueName\":\"search_term_string\"}}],\"inLanguage\":\"es\"},{\"@type\":\"Organization\",\"@id\":\"https:\/\/infoecos.com.ar\/#organization\",\"name\":\"Infoecos\",\"alternateName\":\"Noticias\",\"url\":\"https:\/\/infoecos.com.ar\/\",\"logo\":{\"@type\":\"ImageObject\",\"inLanguage\":\"es\",\"@id\":\"https:\/\/infoecos.com.ar\/#\/schema\/logo\/image\/\",\"url\":\"https:\/\/infoecos.com.ar\/wp-content\/uploads\/2024\/03\/cropped-logo.png\",\"contentUrl\":\"https:\/\/infoecos.com.ar\/wp-content\/uploads\/2024\/03\/cropped-logo.png\",\"width\":374,\"height\":90,\"caption\":\"Infoecos\"},\"image\":{\"@id\":\"https:\/\/infoecos.com.ar\/#\/schema\/logo\/image\/\"},\"sameAs\":[\"https:\/\/www.facebook.com\/profile.php?id=100063200290284\",\"https:\/\/x.com\/infoecos\"]},{\"@type\":\"Person\",\"@id\":\"https:\/\/infoecos.com.ar\/#\/schema\/person\/8f5ace5ce73b4b4aac4b7245aee6f191\",\"name\":\"Jorge Matheus\",\"url\":\"https:\/\/infoecos.com.ar\/index.php\/author\/jomatheus\/\"}]}<\/script>\n<!-- \/ Yoast SEO plugin. -->","yoast_head_json":{"title":"Vuelve el D\u00eda Ganado del\u00a0INTA General Villegas - Infoecos","robots":{"index":"index","follow":"follow","max-snippet":"max-snippet:-1","max-image-preview":"max-image-preview:large","max-video-preview":"max-video-preview:-1"},"canonical":"https:\/\/infoecos.com.ar\/index.php\/vuelve-el-dia-ganado-del-inta-general-villegas\/","og_locale":"es_ES","og_type":"article","og_title":"Vuelve el D\u00eda Ganado del\u00a0INTA General Villegas - Infoecos","og_description":"Se trata de una de las jornadas ganaderas m\u00e1s importantes de la regi\u00f3n, que combina charlas y recorridas a campo a manos de expertos en producci\u00f3n animal","og_url":"https:\/\/infoecos.com.ar\/index.php\/vuelve-el-dia-ganado-del-inta-general-villegas\/","og_site_name":"Infoecos","article_publisher":"https:\/\/www.facebook.com\/profile.php?id=100063200290284","article_published_time":"2025-08-20T04:02:11+00:00","article_modified_time":"2025-08-21T01:04:03+00:00","og_image":[{"width":1600,"height":1200,"url":"https:\/\/infoecos.com.ar\/wp-content\/uploads\/2025\/08\/WhatsApp-Image-2025-08-18-at-15.03.01-1.jpeg","type":"image\/jpeg"}],"author":"Jorge Matheus","twitter_card":"summary_large_image","twitter_creator":"@infoecos","twitter_site":"@infoecos","twitter_misc":{"Escrito por":"Jorge Matheus","Tiempo de lectura":"2 minutos"},"schema":{"@context":"https:\/\/schema.org","@graph":[{"@type":"Article","@id":"https:\/\/infoecos.com.ar\/index.php\/vuelve-el-dia-ganado-del-inta-general-villegas\/#article","isPartOf":{"@id":"https:\/\/infoecos.com.ar\/index.php\/vuelve-el-dia-ganado-del-inta-general-villegas\/"},"author":{"name":"Jorge Matheus","@id":"https:\/\/infoecos.com.ar\/#\/schema\/person\/8f5ace5ce73b4b4aac4b7245aee6f191"},"headline":"Vuelve el D\u00eda Ganado del\u00a0INTA General Villegas","datePublished":"2025-08-20T04:02:11+00:00","dateModified":"2025-08-21T01:04:03+00:00","mainEntityOfPage":{"@id":"https:\/\/infoecos.com.ar\/index.php\/vuelve-el-dia-ganado-del-inta-general-villegas\/"},"wordCount":376,"publisher":{"@id":"https:\/\/infoecos.com.ar\/#organization"},"image":{"@id":"https:\/\/infoecos.com.ar\/index.php\/vuelve-el-dia-ganado-del-inta-general-villegas\/#primaryimage"},"thumbnailUrl":"https:\/\/infoecos.com.ar\/wp-content\/uploads\/2025\/08\/WhatsApp-Image-2025-08-18-at-15.03.01-1.jpeg","keywords":["Entretenimiento"],"inLanguage":"es"},{"@type":"WebPage","@id":"https:\/\/infoecos.com.ar\/index.php\/vuelve-el-dia-ganado-del-inta-general-villegas\/","url":"https:\/\/infoecos.com.ar\/index.php\/vuelve-el-dia-ganado-del-inta-general-villegas\/","name":"Vuelve el D\u00eda Ganado del\u00a0INTA General Villegas - Infoecos","isPartOf":{"@id":"https:\/\/infoecos.com.ar\/#website"},"primaryImageOfPage":{"@id":"https:\/\/infoecos.com.ar\/index.php\/vuelve-el-dia-ganado-del-inta-general-villegas\/#primaryimage"},"image":{"@id":"https:\/\/infoecos.com.ar\/index.php\/vuelve-el-dia-ganado-del-inta-general-villegas\/#primaryimage"},"thumbnailUrl":"https:\/\/infoecos.com.ar\/wp-content\/uploads\/2025\/08\/WhatsApp-Image-2025-08-18-at-15.03.01-1.jpeg","datePublished":"2025-08-20T04:02:11+00:00","dateModified":"2025-08-21T01:04:03+00:00","breadcrumb":{"@id":"https:\/\/infoecos.com.ar\/index.php\/vuelve-el-dia-ganado-del-inta-general-villegas\/#breadcrumb"},"inLanguage":"es","potentialAction":[{"@type":"ReadAction","target":["https:\/\/infoecos.com.ar\/index.php\/vuelve-el-dia-ganado-del-inta-general-villegas\/"]}]},{"@type":"ImageObject","inLanguage":"es","@id":"https:\/\/infoecos.com.ar\/index.php\/vuelve-el-dia-ganado-del-inta-general-villegas\/#primaryimage","url":"https:\/\/infoecos.com.ar\/wp-content\/uploads\/2025\/08\/WhatsApp-Image-2025-08-18-at-15.03.01-1.jpeg","contentUrl":"https:\/\/infoecos.com.ar\/wp-content\/uploads\/2025\/08\/WhatsApp-Image-2025-08-18-at-15.03.01-1.jpeg","width":1600,"height":1200},{"@type":"BreadcrumbList","@id":"https:\/\/infoecos.com.ar\/index.php\/vuelve-el-dia-ganado-del-inta-general-villegas\/#breadcrumb","itemListElement":[{"@type":"ListItem","position":1,"name":"Portada","item":"https:\/\/infoecos.com.ar\/"},{"@type":"ListItem","position":2,"name":"Vuelve el D\u00eda Ganado del\u00a0INTA General Villegas"}]},{"@type":"WebSite","@id":"https:\/\/infoecos.com.ar\/#website","url":"https:\/\/infoecos.com.ar\/","name":"Infoecos","description":"Noticias de trenque lauquen y la zona","publisher":{"@id":"https:\/\/infoecos.com.ar\/#organization"},"alternateName":"Noticias","potentialAction":[{"@type":"SearchAction","target":{"@type":"EntryPoint","urlTemplate":"https:\/\/infoecos.com.ar\/?s={search_term_string}"},"query-input":{"@type":"PropertyValueSpecification","valueRequired":true,"valueName":"search_term_string"}}],"inLanguage":"es"},{"@type":"Organization","@id":"https:\/\/infoecos.com.ar\/#organization","name":"Infoecos","alternateName":"Noticias","url":"https:\/\/infoecos.com.ar\/","logo":{"@type":"ImageObject","inLanguage":"es","@id":"https:\/\/infoecos.com.ar\/#\/schema\/logo\/image\/","url":"https:\/\/infoecos.com.ar\/wp-content\/uploads\/2024\/03\/cropped-logo.png","contentUrl":"https:\/\/infoecos.com.ar\/wp-content\/uploads\/2024\/03\/cropped-logo.png","width":374,"height":90,"caption":"Infoecos"},"image":{"@id":"https:\/\/infoecos.com.ar\/#\/schema\/logo\/image\/"},"sameAs":["https:\/\/www.facebook.com\/profile.php?id=100063200290284","https:\/\/x.com\/infoecos"]},{"@type":"Person","@id":"https:\/\/infoecos.com.ar\/#\/schema\/person\/8f5ace5ce73b4b4aac4b7245aee6f191","name":"Jorge Matheus","url":"https:\/\/infoecos.com.ar\/index.php\/author\/jomatheus\/"}]}},"featured_image_urls":{"full":["https:\/\/infoecos.com.ar\/wp-content\/uploads\/2025\/08\/WhatsApp-Image-2025-08-18-at-15.03.01-1.jpeg",1600,1200,false],"thumbnail":["https:\/\/infoecos.com.ar\/wp-content\/uploads\/2025\/08\/WhatsApp-Image-2025-08-18-at-15.03.01-1-300x150.jpeg",300,150,true],"medium":["https:\/\/infoecos.com.ar\/wp-content\/uploads\/2025\/08\/WhatsApp-Image-2025-08-18-at-15.03.01-1-800x600.jpeg",800,600,true],"medium_large":["https:\/\/infoecos.com.ar\/wp-content\/uploads\/2025\/08\/WhatsApp-Image-2025-08-18-at-15.03.01-1-768x576.jpeg",640,480,true],"large":["https:\/\/infoecos.com.ar\/wp-content\/uploads\/2025\/08\/WhatsApp-Image-2025-08-18-at-15.03.01-1.jpeg",640,480,false],"1536x1536":["https:\/\/infoecos.com.ar\/wp-content\/uploads\/2025\/08\/WhatsApp-Image-2025-08-18-at-15.03.01-1-1536x1152.jpeg",1536,1152,true],"2048x2048":["https:\/\/infoecos.com.ar\/wp-content\/uploads\/2025\/08\/WhatsApp-Image-2025-08-18-at-15.03.01-1.jpeg",1600,1200,false],"covernews-slider-full":["https:\/\/infoecos.com.ar\/wp-content\/uploads\/2025\/08\/WhatsApp-Image-2025-08-18-at-15.03.01-1-1115x715.jpeg",1115,715,true],"covernews-slider-center":["https:\/\/infoecos.com.ar\/wp-content\/uploads\/2025\/08\/WhatsApp-Image-2025-08-18-at-15.03.01-1-800x500.jpeg",800,500,true],"covernews-featured":["https:\/\/infoecos.com.ar\/wp-content\/uploads\/2025\/08\/WhatsApp-Image-2025-08-18-at-15.03.01-1-1024x768.jpeg",1024,768,true],"covernews-medium":["https:\/\/infoecos.com.ar\/wp-content\/uploads\/2025\/08\/WhatsApp-Image-2025-08-18-at-15.03.01-1-540x340.jpeg",540,340,true],"covernews-medium-square":["https:\/\/infoecos.com.ar\/wp-content\/uploads\/2025\/08\/WhatsApp-Image-2025-08-18-at-15.03.01-1-400x250.jpeg",400,250,true]},"author_info":{"info":["Jorge Matheus"]},"category_info":"<a href=\"https:\/\/infoecos.com.ar\/index.php\/category\/sin-categoria\/\" rel=\"category tag\">Sin categor\u00eda<\/a>","tag_info":"Sin categor\u00eda","comment_count":"0","_links":{"self":[{"href":"https:\/\/infoecos.com.ar\/index.php\/wp-json\/wp\/v2\/posts\/145864"}],"collection":[{"href":"https:\/\/infoecos.com.ar\/index.php\/wp-json\/wp\/v2\/posts"}],"about":[{"href":"https:\/\/infoecos.com.ar\/index.php\/wp-json\/wp\/v2\/types\/post"}],"author":[{"embeddable":true,"href":"https:\/\/infoecos.com.ar\/index.php\/wp-json\/wp\/v2\/users\/2"}],"replies":[{"embeddable":true,"href":"https:\/\/infoecos.com.ar\/index.php\/wp-json\/wp\/v2\/comments?post=145864"}],"version-history":[{"count":1,"href":"https:\/\/infoecos.com.ar\/index.php\/wp-json\/wp\/v2\/posts\/145864\/revisions"}],"predecessor-version":[{"id":145868,"href":"https:\/\/infoecos.com.ar\/index.php\/wp-json\/wp\/v2\/posts\/145864\/revisions\/145868"}],"wp:featuredmedia":[{"embeddable":true,"href":"https:\/\/infoecos.com.ar\/index.php\/wp-json\/wp\/v2\/media\/145866"}],"wp:attachment":[{"href":"https:\/\/infoecos.com.ar\/index.php\/wp-json\/wp\/v2\/media?parent=145864"}],"wp:term":[{"taxonomy":"category","embeddable":true,"href":"https:\/\/infoecos.com.ar\/index.php\/wp-json\/wp\/v2\/categories?post=145864"},{"taxonomy":"post_tag","embeddable":true,"href":"https:\/\/infoecos.com.ar\/index.php\/wp-json\/wp\/v2\/tags?post=145864"}],"curies":[{"name":"wp","href":"https:\/\/api.w.org\/{rel}","templated":true}]}}