{"id":152172,"date":"2026-01-02T23:13:24","date_gmt":"2026-01-03T02:13:24","guid":{"rendered":"https:\/\/infoecos.com.ar\/?p=152172"},"modified":"2026-01-04T01:34:34","modified_gmt":"2026-01-04T04:34:34","slug":"nada-debajo-de-la-alfombra-pavoroso-informe-sobre-la-violencia-por-razones-de-genero-que-sigue-aumentando-en-trenque-lauquen","status":"publish","type":"post","link":"https:\/\/infoecos.com.ar\/index.php\/nada-debajo-de-la-alfombra-pavoroso-informe-sobre-la-violencia-por-razones-de-genero-que-sigue-aumentando-en-trenque-lauquen\/","title":{"rendered":"Nada debajo de la alfombra: preocupante informe sobre Violencia por Razones de G\u00e9nero que sigue aumentando, en Trenque Lauquen"},"content":{"rendered":"\n<p>La Oficina de Pol\u00edticas de G\u00e9nero de la Municipalidad de Trenque Lauquen desarroll\u00f3 un importante trabajo de acompa\u00f1amiento, asesoramiento y contenci\u00f3n frente a situaciones de violencia por razones de g\u00e9nero durante todo el 2025.<\/p>\n\n\n\n<p>Un total 419 intervenciones tuvo la Oficina de Pol\u00edticas de G\u00e9nero de la Municipalidad de Trenque Lauquen durante 2025 acompa\u00f1ando, asesorando y conteniendo en situaciones de violencia por razones de g\u00e9nero: el promedio fue de 35 intervenciones por mes, siendo diciembre, el de mayor demanda: 47.<\/p>\n\n\n\n<p>\u201cEn el an\u00e1lisis cualitativo de los registros, se identifica como modalidad de violencia prevalente la violencia dom\u00e9stica, entendida como aquella ejercida en el \u00e1mbito familiar o de pareja\/expareja\u201d, se explic\u00f3 desde la Oficina que conduce Mar\u00eda Eugenia Michelli.<\/p>\n\n\n\n<p>Los tipos de violencia m\u00e1s recurrentes detectados fueron:<\/p>\n\n\n\n<p><img loading=\"lazy\" decoding=\"async\" height=\"16\" width=\"16\" alt=\"\u25b6\" src=\"https:\/\/static.xx.fbcdn.net\/images\/emoji.php\/v9\/t40\/1\/16\/25b6.png\"> Violencia psicol\u00f3gica (amenazas, manipulaci\u00f3n, control, hostigamiento).<\/p>\n\n\n\n<p><img loading=\"lazy\" decoding=\"async\" height=\"16\" width=\"16\" alt=\"\u25b6\" src=\"https:\/\/static.xx.fbcdn.net\/images\/emoji.php\/v9\/t40\/1\/16\/25b6.png\"> Violencia f\u00edsica.<\/p>\n\n\n\n<p><img loading=\"lazy\" decoding=\"async\" height=\"16\" width=\"16\" alt=\"\u25b6\" src=\"https:\/\/static.xx.fbcdn.net\/images\/emoji.php\/v9\/t40\/1\/16\/25b6.png\"> Violencia econ\u00f3mica\/ patrimonial.<\/p>\n\n\n\n<p><img loading=\"lazy\" decoding=\"async\" height=\"16\" width=\"16\" alt=\"\u25b6\" src=\"https:\/\/static.xx.fbcdn.net\/images\/emoji.php\/v9\/t40\/1\/16\/25b6.png\"> Violencia sexual.<\/p>\n\n\n\n<p>Estos tipos de violencia se presentan mayoritariamente de forma combinada.<\/p>\n\n\n\n<p>Desde el 17 de septiembre, a nivel local se comenz\u00f3 a implementar el Sistema ALERTA 911 y a finales de diciembre, se retiraron 82 botones antip\u00e1nico activos.<\/p>\n\n\n\n<p>Por asesoramiento y acompa\u00f1amiento acudir la Oficina de Pol\u00edticas de G\u00e9nero, en calle Col\u00f3n 125. La atenci\u00f3n es de lunes a viernes de 7 a 13 \/ TE (2392) 52-0696. Pero adem\u00e1s posee un celular de Guardia todos los d\u00edas las 24 hs.: (2392) 61-0641.<\/p>\n\n\n\n<p>Las personas en situaci\u00f3n de violencia de g\u00e9nero disponen de alternativas para tener informaci\u00f3n, asesoramiento o acompa\u00f1amiento, seg\u00fan necesiten:<\/p>\n\n\n\n<p>. Si est\u00e1n en peligro, deben comunicarse con el 911.<\/p>\n\n\n\n<p>. Para denunciar, tienen que dirigirse a la Comisar\u00eda de la Mujer y la Familia, en la calle 9 de Julio 1003 \/ TE. (02392) 42-4711.<\/p>\n\n\n\n<p>. Por informaci\u00f3n, asesoramiento y contenci\u00f3n pueden llamar a la L\u00ednea 144.<\/p>\n\n\n\n<p>. Quien est\u00e9 lastimada tiene que acercarse hasta el Hospital Municipal o cualquiera de los Centros de Atenci\u00f3n Primaria de la Salud (CAPS), que se encuentran en distintos barrios de la ciudad.<\/p>\n\n\n\n<figure class=\"wp-block-image size-full\"><img loading=\"lazy\" decoding=\"async\" width=\"1080\" height=\"1350\" src=\"https:\/\/infoecos.com.ar\/wp-content\/uploads\/2026\/01\/Informe-Politicas-de-Genero.jpeg\" alt=\"\" class=\"wp-image-152173\" srcset=\"https:\/\/infoecos.com.ar\/wp-content\/uploads\/2026\/01\/Informe-Politicas-de-Genero.jpeg 1080w, https:\/\/infoecos.com.ar\/wp-content\/uploads\/2026\/01\/Informe-Politicas-de-Genero-640x800.jpeg 640w, https:\/\/infoecos.com.ar\/wp-content\/uploads\/2026\/01\/Informe-Politicas-de-Genero-768x960.jpeg 768w, https:\/\/infoecos.com.ar\/wp-content\/uploads\/2026\/01\/Informe-Politicas-de-Genero-1024x1280.jpeg 1024w\" sizes=\"(max-width: 1080px) 100vw, 1080px\" \/><\/figure>\n","protected":false},"excerpt":{"rendered":"<p>Un total 419 intervenciones tuvo la Oficina de Pol\u00edticas de G\u00e9nero de la Municipalidad de Trenque Lauquen durante 2025 acompa\u00f1ando, asesorando y conteniendo en situaciones de violencia por razones de g\u00e9nero: el promedio fue de 35 intervenciones por mes, siendo diciembre, el de mayor demanda: 47<\/p>\n","protected":false},"author":2,"featured_media":152173,"comment_status":"closed","ping_status":"open","sticky":false,"template":"","format":"standard","meta":{"footnotes":""},"categories":[1612],"tags":[10304],"class_list":["post-152172","post","type-post","status-publish","format-standard","has-post-thumbnail","hentry","category-noticia-principal","tag-actualidad"],"yoast_head":"<!-- This site is optimized with the Yoast SEO plugin v23.4 - https:\/\/yoast.com\/wordpress\/plugins\/seo\/ -->\n<title>Nada debajo de la alfombra: preocupante informe sobre Violencia por Razones de G\u00e9nero que sigue aumentando, en Trenque Lauquen - Infoecos<\/title>\n<meta name=\"robots\" content=\"index, follow, max-snippet:-1, max-image-preview:large, max-video-preview:-1\" \/>\n<link rel=\"canonical\" href=\"https:\/\/infoecos.com.ar\/index.php\/nada-debajo-de-la-alfombra-pavoroso-informe-sobre-la-violencia-por-razones-de-genero-que-sigue-aumentando-en-trenque-lauquen\/\" \/>\n<meta property=\"og:locale\" content=\"es_ES\" \/>\n<meta property=\"og:type\" content=\"article\" \/>\n<meta property=\"og:title\" content=\"Nada debajo de la alfombra: preocupante informe sobre Violencia por Razones de G\u00e9nero que sigue aumentando, en Trenque Lauquen - Infoecos\" \/>\n<meta property=\"og:description\" content=\"Un total 419 intervenciones tuvo la Oficina de Pol\u00edticas de G\u00e9nero de la Municipalidad de Trenque Lauquen durante 2025 acompa\u00f1ando, asesorando y conteniendo en situaciones de violencia por razones de g\u00e9nero: el promedio fue de 35 intervenciones por mes, siendo diciembre, el de mayor demanda: 47\" \/>\n<meta property=\"og:url\" content=\"https:\/\/infoecos.com.ar\/index.php\/nada-debajo-de-la-alfombra-pavoroso-informe-sobre-la-violencia-por-razones-de-genero-que-sigue-aumentando-en-trenque-lauquen\/\" \/>\n<meta property=\"og:site_name\" content=\"Infoecos\" \/>\n<meta property=\"article:publisher\" content=\"https:\/\/www.facebook.com\/profile.php?id=100063200290284\" \/>\n<meta property=\"article:published_time\" content=\"2026-01-03T02:13:24+00:00\" \/>\n<meta property=\"article:modified_time\" content=\"2026-01-04T04:34:34+00:00\" \/>\n<meta property=\"og:image\" content=\"https:\/\/infoecos.com.ar\/wp-content\/uploads\/2026\/01\/Informe-Politicas-de-Genero.jpeg\" \/>\n\t<meta property=\"og:image:width\" content=\"1080\" \/>\n\t<meta property=\"og:image:height\" content=\"1350\" \/>\n\t<meta property=\"og:image:type\" content=\"image\/jpeg\" \/>\n<meta name=\"author\" content=\"Jorge Matheus\" \/>\n<meta name=\"twitter:card\" content=\"summary_large_image\" \/>\n<meta name=\"twitter:creator\" content=\"@infoecos\" \/>\n<meta name=\"twitter:site\" content=\"@infoecos\" \/>\n<meta name=\"twitter:label1\" content=\"Escrito por\" \/>\n\t<meta name=\"twitter:data1\" content=\"Jorge Matheus\" \/>\n\t<meta name=\"twitter:label2\" content=\"Tiempo de lectura\" \/>\n\t<meta name=\"twitter:data2\" content=\"3 minutos\" \/>\n<script type=\"application\/ld+json\" class=\"yoast-schema-graph\">{\"@context\":\"https:\/\/schema.org\",\"@graph\":[{\"@type\":\"Article\",\"@id\":\"https:\/\/infoecos.com.ar\/index.php\/nada-debajo-de-la-alfombra-pavoroso-informe-sobre-la-violencia-por-razones-de-genero-que-sigue-aumentando-en-trenque-lauquen\/#article\",\"isPartOf\":{\"@id\":\"https:\/\/infoecos.com.ar\/index.php\/nada-debajo-de-la-alfombra-pavoroso-informe-sobre-la-violencia-por-razones-de-genero-que-sigue-aumentando-en-trenque-lauquen\/\"},\"author\":{\"name\":\"Jorge Matheus\",\"@id\":\"https:\/\/infoecos.com.ar\/#\/schema\/person\/8f5ace5ce73b4b4aac4b7245aee6f191\"},\"headline\":\"Nada debajo de la alfombra: preocupante informe sobre Violencia por Razones de G\u00e9nero que sigue aumentando, en Trenque Lauquen\",\"datePublished\":\"2026-01-03T02:13:24+00:00\",\"dateModified\":\"2026-01-04T04:34:34+00:00\",\"mainEntityOfPage\":{\"@id\":\"https:\/\/infoecos.com.ar\/index.php\/nada-debajo-de-la-alfombra-pavoroso-informe-sobre-la-violencia-por-razones-de-genero-que-sigue-aumentando-en-trenque-lauquen\/\"},\"wordCount\":352,\"publisher\":{\"@id\":\"https:\/\/infoecos.com.ar\/#organization\"},\"image\":{\"@id\":\"https:\/\/infoecos.com.ar\/index.php\/nada-debajo-de-la-alfombra-pavoroso-informe-sobre-la-violencia-por-razones-de-genero-que-sigue-aumentando-en-trenque-lauquen\/#primaryimage\"},\"thumbnailUrl\":\"https:\/\/infoecos.com.ar\/wp-content\/uploads\/2026\/01\/Informe-Politicas-de-Genero.jpeg\",\"keywords\":[\"Actualidad\"],\"articleSection\":[\"Noticia Principal\"],\"inLanguage\":\"es\"},{\"@type\":\"WebPage\",\"@id\":\"https:\/\/infoecos.com.ar\/index.php\/nada-debajo-de-la-alfombra-pavoroso-informe-sobre-la-violencia-por-razones-de-genero-que-sigue-aumentando-en-trenque-lauquen\/\",\"url\":\"https:\/\/infoecos.com.ar\/index.php\/nada-debajo-de-la-alfombra-pavoroso-informe-sobre-la-violencia-por-razones-de-genero-que-sigue-aumentando-en-trenque-lauquen\/\",\"name\":\"Nada debajo de la alfombra: preocupante informe sobre Violencia por Razones de G\u00e9nero que sigue aumentando, en Trenque Lauquen - Infoecos\",\"isPartOf\":{\"@id\":\"https:\/\/infoecos.com.ar\/#website\"},\"primaryImageOfPage\":{\"@id\":\"https:\/\/infoecos.com.ar\/index.php\/nada-debajo-de-la-alfombra-pavoroso-informe-sobre-la-violencia-por-razones-de-genero-que-sigue-aumentando-en-trenque-lauquen\/#primaryimage\"},\"image\":{\"@id\":\"https:\/\/infoecos.com.ar\/index.php\/nada-debajo-de-la-alfombra-pavoroso-informe-sobre-la-violencia-por-razones-de-genero-que-sigue-aumentando-en-trenque-lauquen\/#primaryimage\"},\"thumbnailUrl\":\"https:\/\/infoecos.com.ar\/wp-content\/uploads\/2026\/01\/Informe-Politicas-de-Genero.jpeg\",\"datePublished\":\"2026-01-03T02:13:24+00:00\",\"dateModified\":\"2026-01-04T04:34:34+00:00\",\"breadcrumb\":{\"@id\":\"https:\/\/infoecos.com.ar\/index.php\/nada-debajo-de-la-alfombra-pavoroso-informe-sobre-la-violencia-por-razones-de-genero-que-sigue-aumentando-en-trenque-lauquen\/#breadcrumb\"},\"inLanguage\":\"es\",\"potentialAction\":[{\"@type\":\"ReadAction\",\"target\":[\"https:\/\/infoecos.com.ar\/index.php\/nada-debajo-de-la-alfombra-pavoroso-informe-sobre-la-violencia-por-razones-de-genero-que-sigue-aumentando-en-trenque-lauquen\/\"]}]},{\"@type\":\"ImageObject\",\"inLanguage\":\"es\",\"@id\":\"https:\/\/infoecos.com.ar\/index.php\/nada-debajo-de-la-alfombra-pavoroso-informe-sobre-la-violencia-por-razones-de-genero-que-sigue-aumentando-en-trenque-lauquen\/#primaryimage\",\"url\":\"https:\/\/infoecos.com.ar\/wp-content\/uploads\/2026\/01\/Informe-Politicas-de-Genero.jpeg\",\"contentUrl\":\"https:\/\/infoecos.com.ar\/wp-content\/uploads\/2026\/01\/Informe-Politicas-de-Genero.jpeg\",\"width\":1080,\"height\":1350},{\"@type\":\"BreadcrumbList\",\"@id\":\"https:\/\/infoecos.com.ar\/index.php\/nada-debajo-de-la-alfombra-pavoroso-informe-sobre-la-violencia-por-razones-de-genero-que-sigue-aumentando-en-trenque-lauquen\/#breadcrumb\",\"itemListElement\":[{\"@type\":\"ListItem\",\"position\":1,\"name\":\"Portada\",\"item\":\"https:\/\/infoecos.com.ar\/\"},{\"@type\":\"ListItem\",\"position\":2,\"name\":\"Nada debajo de la alfombra: preocupante informe sobre Violencia por Razones de G\u00e9nero que sigue aumentando, en Trenque Lauquen\"}]},{\"@type\":\"WebSite\",\"@id\":\"https:\/\/infoecos.com.ar\/#website\",\"url\":\"https:\/\/infoecos.com.ar\/\",\"name\":\"Infoecos\",\"description\":\"Noticias de trenque lauquen y la zona\",\"publisher\":{\"@id\":\"https:\/\/infoecos.com.ar\/#organization\"},\"alternateName\":\"Noticias\",\"potentialAction\":[{\"@type\":\"SearchAction\",\"target\":{\"@type\":\"EntryPoint\",\"urlTemplate\":\"https:\/\/infoecos.com.ar\/?s={search_term_string}\"},\"query-input\":{\"@type\":\"PropertyValueSpecification\",\"valueRequired\":true,\"valueName\":\"search_term_string\"}}],\"inLanguage\":\"es\"},{\"@type\":\"Organization\",\"@id\":\"https:\/\/infoecos.com.ar\/#organization\",\"name\":\"Infoecos\",\"alternateName\":\"Noticias\",\"url\":\"https:\/\/infoecos.com.ar\/\",\"logo\":{\"@type\":\"ImageObject\",\"inLanguage\":\"es\",\"@id\":\"https:\/\/infoecos.com.ar\/#\/schema\/logo\/image\/\",\"url\":\"https:\/\/infoecos.com.ar\/wp-content\/uploads\/2024\/03\/cropped-logo.png\",\"contentUrl\":\"https:\/\/infoecos.com.ar\/wp-content\/uploads\/2024\/03\/cropped-logo.png\",\"width\":374,\"height\":90,\"caption\":\"Infoecos\"},\"image\":{\"@id\":\"https:\/\/infoecos.com.ar\/#\/schema\/logo\/image\/\"},\"sameAs\":[\"https:\/\/www.facebook.com\/profile.php?id=100063200290284\",\"https:\/\/x.com\/infoecos\"]},{\"@type\":\"Person\",\"@id\":\"https:\/\/infoecos.com.ar\/#\/schema\/person\/8f5ace5ce73b4b4aac4b7245aee6f191\",\"name\":\"Jorge Matheus\",\"url\":\"https:\/\/infoecos.com.ar\/index.php\/author\/jomatheus\/\"}]}<\/script>\n<!-- \/ Yoast SEO plugin. -->","yoast_head_json":{"title":"Nada debajo de la alfombra: preocupante informe sobre Violencia por Razones de G\u00e9nero que sigue aumentando, en Trenque Lauquen - Infoecos","robots":{"index":"index","follow":"follow","max-snippet":"max-snippet:-1","max-image-preview":"max-image-preview:large","max-video-preview":"max-video-preview:-1"},"canonical":"https:\/\/infoecos.com.ar\/index.php\/nada-debajo-de-la-alfombra-pavoroso-informe-sobre-la-violencia-por-razones-de-genero-que-sigue-aumentando-en-trenque-lauquen\/","og_locale":"es_ES","og_type":"article","og_title":"Nada debajo de la alfombra: preocupante informe sobre Violencia por Razones de G\u00e9nero que sigue aumentando, en Trenque Lauquen - Infoecos","og_description":"Un total 419 intervenciones tuvo la Oficina de Pol\u00edticas de G\u00e9nero de la Municipalidad de Trenque Lauquen durante 2025 acompa\u00f1ando, asesorando y conteniendo en situaciones de violencia por razones de g\u00e9nero: el promedio fue de 35 intervenciones por mes, siendo diciembre, el de mayor demanda: 47","og_url":"https:\/\/infoecos.com.ar\/index.php\/nada-debajo-de-la-alfombra-pavoroso-informe-sobre-la-violencia-por-razones-de-genero-que-sigue-aumentando-en-trenque-lauquen\/","og_site_name":"Infoecos","article_publisher":"https:\/\/www.facebook.com\/profile.php?id=100063200290284","article_published_time":"2026-01-03T02:13:24+00:00","article_modified_time":"2026-01-04T04:34:34+00:00","og_image":[{"width":1080,"height":1350,"url":"https:\/\/infoecos.com.ar\/wp-content\/uploads\/2026\/01\/Informe-Politicas-de-Genero.jpeg","type":"image\/jpeg"}],"author":"Jorge Matheus","twitter_card":"summary_large_image","twitter_creator":"@infoecos","twitter_site":"@infoecos","twitter_misc":{"Escrito por":"Jorge Matheus","Tiempo de lectura":"3 minutos"},"schema":{"@context":"https:\/\/schema.org","@graph":[{"@type":"Article","@id":"https:\/\/infoecos.com.ar\/index.php\/nada-debajo-de-la-alfombra-pavoroso-informe-sobre-la-violencia-por-razones-de-genero-que-sigue-aumentando-en-trenque-lauquen\/#article","isPartOf":{"@id":"https:\/\/infoecos.com.ar\/index.php\/nada-debajo-de-la-alfombra-pavoroso-informe-sobre-la-violencia-por-razones-de-genero-que-sigue-aumentando-en-trenque-lauquen\/"},"author":{"name":"Jorge Matheus","@id":"https:\/\/infoecos.com.ar\/#\/schema\/person\/8f5ace5ce73b4b4aac4b7245aee6f191"},"headline":"Nada debajo de la alfombra: preocupante informe sobre Violencia por Razones de G\u00e9nero que sigue aumentando, en Trenque Lauquen","datePublished":"2026-01-03T02:13:24+00:00","dateModified":"2026-01-04T04:34:34+00:00","mainEntityOfPage":{"@id":"https:\/\/infoecos.com.ar\/index.php\/nada-debajo-de-la-alfombra-pavoroso-informe-sobre-la-violencia-por-razones-de-genero-que-sigue-aumentando-en-trenque-lauquen\/"},"wordCount":352,"publisher":{"@id":"https:\/\/infoecos.com.ar\/#organization"},"image":{"@id":"https:\/\/infoecos.com.ar\/index.php\/nada-debajo-de-la-alfombra-pavoroso-informe-sobre-la-violencia-por-razones-de-genero-que-sigue-aumentando-en-trenque-lauquen\/#primaryimage"},"thumbnailUrl":"https:\/\/infoecos.com.ar\/wp-content\/uploads\/2026\/01\/Informe-Politicas-de-Genero.jpeg","keywords":["Actualidad"],"articleSection":["Noticia Principal"],"inLanguage":"es"},{"@type":"WebPage","@id":"https:\/\/infoecos.com.ar\/index.php\/nada-debajo-de-la-alfombra-pavoroso-informe-sobre-la-violencia-por-razones-de-genero-que-sigue-aumentando-en-trenque-lauquen\/","url":"https:\/\/infoecos.com.ar\/index.php\/nada-debajo-de-la-alfombra-pavoroso-informe-sobre-la-violencia-por-razones-de-genero-que-sigue-aumentando-en-trenque-lauquen\/","name":"Nada debajo de la alfombra: preocupante informe sobre Violencia por Razones de G\u00e9nero que sigue aumentando, en Trenque Lauquen - Infoecos","isPartOf":{"@id":"https:\/\/infoecos.com.ar\/#website"},"primaryImageOfPage":{"@id":"https:\/\/infoecos.com.ar\/index.php\/nada-debajo-de-la-alfombra-pavoroso-informe-sobre-la-violencia-por-razones-de-genero-que-sigue-aumentando-en-trenque-lauquen\/#primaryimage"},"image":{"@id":"https:\/\/infoecos.com.ar\/index.php\/nada-debajo-de-la-alfombra-pavoroso-informe-sobre-la-violencia-por-razones-de-genero-que-sigue-aumentando-en-trenque-lauquen\/#primaryimage"},"thumbnailUrl":"https:\/\/infoecos.com.ar\/wp-content\/uploads\/2026\/01\/Informe-Politicas-de-Genero.jpeg","datePublished":"2026-01-03T02:13:24+00:00","dateModified":"2026-01-04T04:34:34+00:00","breadcrumb":{"@id":"https:\/\/infoecos.com.ar\/index.php\/nada-debajo-de-la-alfombra-pavoroso-informe-sobre-la-violencia-por-razones-de-genero-que-sigue-aumentando-en-trenque-lauquen\/#breadcrumb"},"inLanguage":"es","potentialAction":[{"@type":"ReadAction","target":["https:\/\/infoecos.com.ar\/index.php\/nada-debajo-de-la-alfombra-pavoroso-informe-sobre-la-violencia-por-razones-de-genero-que-sigue-aumentando-en-trenque-lauquen\/"]}]},{"@type":"ImageObject","inLanguage":"es","@id":"https:\/\/infoecos.com.ar\/index.php\/nada-debajo-de-la-alfombra-pavoroso-informe-sobre-la-violencia-por-razones-de-genero-que-sigue-aumentando-en-trenque-lauquen\/#primaryimage","url":"https:\/\/infoecos.com.ar\/wp-content\/uploads\/2026\/01\/Informe-Politicas-de-Genero.jpeg","contentUrl":"https:\/\/infoecos.com.ar\/wp-content\/uploads\/2026\/01\/Informe-Politicas-de-Genero.jpeg","width":1080,"height":1350},{"@type":"BreadcrumbList","@id":"https:\/\/infoecos.com.ar\/index.php\/nada-debajo-de-la-alfombra-pavoroso-informe-sobre-la-violencia-por-razones-de-genero-que-sigue-aumentando-en-trenque-lauquen\/#breadcrumb","itemListElement":[{"@type":"ListItem","position":1,"name":"Portada","item":"https:\/\/infoecos.com.ar\/"},{"@type":"ListItem","position":2,"name":"Nada debajo de la alfombra: preocupante informe sobre Violencia por Razones de G\u00e9nero que sigue aumentando, en Trenque Lauquen"}]},{"@type":"WebSite","@id":"https:\/\/infoecos.com.ar\/#website","url":"https:\/\/infoecos.com.ar\/","name":"Infoecos","description":"Noticias de trenque lauquen y la zona","publisher":{"@id":"https:\/\/infoecos.com.ar\/#organization"},"alternateName":"Noticias","potentialAction":[{"@type":"SearchAction","target":{"@type":"EntryPoint","urlTemplate":"https:\/\/infoecos.com.ar\/?s={search_term_string}"},"query-input":{"@type":"PropertyValueSpecification","valueRequired":true,"valueName":"search_term_string"}}],"inLanguage":"es"},{"@type":"Organization","@id":"https:\/\/infoecos.com.ar\/#organization","name":"Infoecos","alternateName":"Noticias","url":"https:\/\/infoecos.com.ar\/","logo":{"@type":"ImageObject","inLanguage":"es","@id":"https:\/\/infoecos.com.ar\/#\/schema\/logo\/image\/","url":"https:\/\/infoecos.com.ar\/wp-content\/uploads\/2024\/03\/cropped-logo.png","contentUrl":"https:\/\/infoecos.com.ar\/wp-content\/uploads\/2024\/03\/cropped-logo.png","width":374,"height":90,"caption":"Infoecos"},"image":{"@id":"https:\/\/infoecos.com.ar\/#\/schema\/logo\/image\/"},"sameAs":["https:\/\/www.facebook.com\/profile.php?id=100063200290284","https:\/\/x.com\/infoecos"]},{"@type":"Person","@id":"https:\/\/infoecos.com.ar\/#\/schema\/person\/8f5ace5ce73b4b4aac4b7245aee6f191","name":"Jorge Matheus","url":"https:\/\/infoecos.com.ar\/index.php\/author\/jomatheus\/"}]}},"featured_image_urls":{"full":["https:\/\/infoecos.com.ar\/wp-content\/uploads\/2026\/01\/Informe-Politicas-de-Genero.jpeg",1080,1350,false],"thumbnail":["https:\/\/infoecos.com.ar\/wp-content\/uploads\/2026\/01\/Informe-Politicas-de-Genero-300x150.jpeg",300,150,true],"medium":["https:\/\/infoecos.com.ar\/wp-content\/uploads\/2026\/01\/Informe-Politicas-de-Genero-640x800.jpeg",640,800,true],"medium_large":["https:\/\/infoecos.com.ar\/wp-content\/uploads\/2026\/01\/Informe-Politicas-de-Genero-768x960.jpeg",640,800,true],"large":["https:\/\/infoecos.com.ar\/wp-content\/uploads\/2026\/01\/Informe-Politicas-de-Genero.jpeg",640,800,false],"1536x1536":["https:\/\/infoecos.com.ar\/wp-content\/uploads\/2026\/01\/Informe-Politicas-de-Genero.jpeg",1080,1350,false],"2048x2048":["https:\/\/infoecos.com.ar\/wp-content\/uploads\/2026\/01\/Informe-Politicas-de-Genero.jpeg",1080,1350,false],"covernews-slider-full":["https:\/\/infoecos.com.ar\/wp-content\/uploads\/2026\/01\/Informe-Politicas-de-Genero-1080x715.jpeg",1080,715,true],"covernews-slider-center":["https:\/\/infoecos.com.ar\/wp-content\/uploads\/2026\/01\/Informe-Politicas-de-Genero-800x500.jpeg",800,500,true],"covernews-featured":["https:\/\/infoecos.com.ar\/wp-content\/uploads\/2026\/01\/Informe-Politicas-de-Genero-1024x1280.jpeg",1024,1280,true],"covernews-medium":["https:\/\/infoecos.com.ar\/wp-content\/uploads\/2026\/01\/Informe-Politicas-de-Genero-540x340.jpeg",540,340,true],"covernews-medium-square":["https:\/\/infoecos.com.ar\/wp-content\/uploads\/2026\/01\/Informe-Politicas-de-Genero-400x250.jpeg",400,250,true]},"author_info":{"info":["Jorge Matheus"]},"category_info":"<a href=\"https:\/\/infoecos.com.ar\/index.php\/category\/noticia-principal\/\" rel=\"category tag\">Noticia Principal<\/a>","tag_info":"Noticia Principal","comment_count":"0","_links":{"self":[{"href":"https:\/\/infoecos.com.ar\/index.php\/wp-json\/wp\/v2\/posts\/152172"}],"collection":[{"href":"https:\/\/infoecos.com.ar\/index.php\/wp-json\/wp\/v2\/posts"}],"about":[{"href":"https:\/\/infoecos.com.ar\/index.php\/wp-json\/wp\/v2\/types\/post"}],"author":[{"embeddable":true,"href":"https:\/\/infoecos.com.ar\/index.php\/wp-json\/wp\/v2\/users\/2"}],"replies":[{"embeddable":true,"href":"https:\/\/infoecos.com.ar\/index.php\/wp-json\/wp\/v2\/comments?post=152172"}],"version-history":[{"count":2,"href":"https:\/\/infoecos.com.ar\/index.php\/wp-json\/wp\/v2\/posts\/152172\/revisions"}],"predecessor-version":[{"id":152175,"href":"https:\/\/infoecos.com.ar\/index.php\/wp-json\/wp\/v2\/posts\/152172\/revisions\/152175"}],"wp:featuredmedia":[{"embeddable":true,"href":"https:\/\/infoecos.com.ar\/index.php\/wp-json\/wp\/v2\/media\/152173"}],"wp:attachment":[{"href":"https:\/\/infoecos.com.ar\/index.php\/wp-json\/wp\/v2\/media?parent=152172"}],"wp:term":[{"taxonomy":"category","embeddable":true,"href":"https:\/\/infoecos.com.ar\/index.php\/wp-json\/wp\/v2\/categories?post=152172"},{"taxonomy":"post_tag","embeddable":true,"href":"https:\/\/infoecos.com.ar\/index.php\/wp-json\/wp\/v2\/tags?post=152172"}],"curies":[{"name":"wp","href":"https:\/\/api.w.org\/{rel}","templated":true}]}}