{"id":152338,"date":"2026-01-06T22:19:12","date_gmt":"2026-01-07T01:19:12","guid":{"rendered":"https:\/\/infoecos.com.ar\/?p=152338"},"modified":"2026-01-06T22:24:49","modified_gmt":"2026-01-07T01:24:49","slug":"una-verguenza-prestacion-del-servicio-de-agua-potable-para-carlos-casares-y-pehuajo-afectado-por-cortes-de-energia-en-moctezuma","status":"publish","type":"post","link":"https:\/\/infoecos.com.ar\/index.php\/una-verguenza-prestacion-del-servicio-de-agua-potable-para-carlos-casares-y-pehuajo-afectado-por-cortes-de-energia-en-moctezuma\/","title":{"rendered":"Una verg\u00fcenza: prestaci\u00f3n del servicio de agua potable para Carlos Casares y Pehuaj\u00f3 afectado por cortes de energ\u00eda en Moctezuma"},"content":{"rendered":"\n<p>La empresa ABSA inform\u00f3 este martes que contin\u00faan produci\u00e9ndose microcortes de energ\u00eda el\u00e9ctrica sobre los equipos de producci\u00f3n de agua que alimentan el Acueducto Moctezuma, reduciendo de esta manera el caudal que ingresa a la Planta Potabilizadora de Carlos Casares.<\/p>\n\n\n\n<p><strong>NdR:<\/strong> <mark style=\"background-color:rgba(0, 0, 0, 0)\" class=\"has-inline-color has-vivid-red-color\"><strong><em>esto constituye una verdadera verg\u00fcenza. El \u00abpato\u00bb lo pagan los vecinos de esas comunidades de nuestra regi\u00f3n.<\/em><\/strong><\/mark> <strong><mark style=\"background-color:rgba(0, 0, 0, 0)\" class=\"has-inline-color has-vivid-red-color\"><em>Sea de quien sea la responsabilidad, vivir dependiendo de la ineficiencia en el servicio, se convierte en un hecho com\u00fan y  cuestionable. <\/em><\/mark><\/strong><\/p>\n\n\n\n<p>Esta situaci\u00f3n provoca baja presi\u00f3n en la red de abastecimiento tanto de Casares como de Pehuaj\u00f3. Como ha ocurrido en los \u00faltimos d\u00edas, la inestabilidad del suministro el\u00e9ctrico, con cortes intermitentes y falta de tensi\u00f3n, ocasionan aver\u00edas en el acueducto, e impactos en la cantidad de agua disponible para consumo.<\/p>\n\n\n\n<p>Por esta raz\u00f3n, se solicita a las personas usuarias de ambas localidades, cuidar las reservas domiciliarias y priorizar el uso del agua para hidrataci\u00f3n e higiene personal, hasta la normalizaci\u00f3n del servicio, estimada para el mediod\u00eda.<\/p>\n\n\n\n<p>Se recuerda que, ante dificultades en el servicio, la empresa cuenta con los siguientes canales de contacto: l\u00ednea telef\u00f3nica de Asistencia T\u00e9cnica 0800-999-2272 y redes sociales: Facebook y Telegram.<\/p>\n\n\n\n<figure class=\"wp-block-image size-full\"><img loading=\"lazy\" decoding=\"async\" width=\"807\" height=\"454\" src=\"https:\/\/infoecos.com.ar\/wp-content\/uploads\/2024\/06\/image-363.png\" alt=\"\" class=\"wp-image-126357\" srcset=\"https:\/\/infoecos.com.ar\/wp-content\/uploads\/2024\/06\/image-363.png 807w, https:\/\/infoecos.com.ar\/wp-content\/uploads\/2024\/06\/image-363-800x450.png 800w, https:\/\/infoecos.com.ar\/wp-content\/uploads\/2024\/06\/image-363-768x432.png 768w\" sizes=\"(max-width: 807px) 100vw, 807px\" \/><\/figure>\n","protected":false},"excerpt":{"rendered":"<p>Esta situaci\u00f3n provoca baja presi\u00f3n en la red de abastecimiento tanto de Casares como de Pehuaj\u00f3. Como ha ocurrido en los \u00faltimos d\u00edas, la inestabilidad del suministro el\u00e9ctrico, con cortes intermitentes y falta de tensi\u00f3n, ocasionan aver\u00edas en el acueducto, e impactos en la cantidad de agua disponible para consumo<\/p>\n","protected":false},"author":2,"featured_media":126357,"comment_status":"closed","ping_status":"open","sticky":false,"template":"","format":"standard","meta":{"footnotes":""},"categories":[1612],"tags":[10290],"class_list":["post-152338","post","type-post","status-publish","format-standard","has-post-thumbnail","hentry","category-noticia-principal","tag-entretenimiento"],"yoast_head":"<!-- This site is optimized with the Yoast SEO plugin v23.4 - https:\/\/yoast.com\/wordpress\/plugins\/seo\/ -->\n<title>Una verg\u00fcenza: prestaci\u00f3n del servicio de agua potable para Carlos Casares y Pehuaj\u00f3 afectado por cortes de energ\u00eda en Moctezuma - Infoecos<\/title>\n<meta name=\"robots\" content=\"index, follow, max-snippet:-1, max-image-preview:large, max-video-preview:-1\" \/>\n<link rel=\"canonical\" href=\"https:\/\/infoecos.com.ar\/index.php\/una-verguenza-prestacion-del-servicio-de-agua-potable-para-carlos-casares-y-pehuajo-afectado-por-cortes-de-energia-en-moctezuma\/\" \/>\n<meta property=\"og:locale\" content=\"es_ES\" \/>\n<meta property=\"og:type\" content=\"article\" \/>\n<meta property=\"og:title\" content=\"Una verg\u00fcenza: prestaci\u00f3n del servicio de agua potable para Carlos Casares y Pehuaj\u00f3 afectado por cortes de energ\u00eda en Moctezuma - Infoecos\" \/>\n<meta property=\"og:description\" content=\"Esta situaci\u00f3n provoca baja presi\u00f3n en la red de abastecimiento tanto de Casares como de Pehuaj\u00f3. Como ha ocurrido en los \u00faltimos d\u00edas, la inestabilidad del suministro el\u00e9ctrico, con cortes intermitentes y falta de tensi\u00f3n, ocasionan aver\u00edas en el acueducto, e impactos en la cantidad de agua disponible para consumo\" \/>\n<meta property=\"og:url\" content=\"https:\/\/infoecos.com.ar\/index.php\/una-verguenza-prestacion-del-servicio-de-agua-potable-para-carlos-casares-y-pehuajo-afectado-por-cortes-de-energia-en-moctezuma\/\" \/>\n<meta property=\"og:site_name\" content=\"Infoecos\" \/>\n<meta property=\"article:publisher\" content=\"https:\/\/www.facebook.com\/profile.php?id=100063200290284\" \/>\n<meta property=\"article:published_time\" content=\"2026-01-07T01:19:12+00:00\" \/>\n<meta property=\"article:modified_time\" content=\"2026-01-07T01:24:49+00:00\" \/>\n<meta property=\"og:image\" content=\"https:\/\/infoecos.com.ar\/wp-content\/uploads\/2024\/06\/image-363.png\" \/>\n\t<meta property=\"og:image:width\" content=\"807\" \/>\n\t<meta property=\"og:image:height\" content=\"454\" \/>\n\t<meta property=\"og:image:type\" content=\"image\/png\" \/>\n<meta name=\"author\" content=\"Jorge Matheus\" \/>\n<meta name=\"twitter:card\" content=\"summary_large_image\" \/>\n<meta name=\"twitter:creator\" content=\"@infoecos\" \/>\n<meta name=\"twitter:site\" content=\"@infoecos\" \/>\n<meta name=\"twitter:label1\" content=\"Escrito por\" \/>\n\t<meta name=\"twitter:data1\" content=\"Jorge Matheus\" \/>\n\t<meta name=\"twitter:label2\" content=\"Tiempo de lectura\" \/>\n\t<meta name=\"twitter:data2\" content=\"2 minutos\" \/>\n<script type=\"application\/ld+json\" class=\"yoast-schema-graph\">{\"@context\":\"https:\/\/schema.org\",\"@graph\":[{\"@type\":\"Article\",\"@id\":\"https:\/\/infoecos.com.ar\/index.php\/una-verguenza-prestacion-del-servicio-de-agua-potable-para-carlos-casares-y-pehuajo-afectado-por-cortes-de-energia-en-moctezuma\/#article\",\"isPartOf\":{\"@id\":\"https:\/\/infoecos.com.ar\/index.php\/una-verguenza-prestacion-del-servicio-de-agua-potable-para-carlos-casares-y-pehuajo-afectado-por-cortes-de-energia-en-moctezuma\/\"},\"author\":{\"name\":\"Jorge Matheus\",\"@id\":\"https:\/\/infoecos.com.ar\/#\/schema\/person\/8f5ace5ce73b4b4aac4b7245aee6f191\"},\"headline\":\"Una verg\u00fcenza: prestaci\u00f3n del servicio de agua potable para Carlos Casares y Pehuaj\u00f3 afectado por cortes de energ\u00eda en Moctezuma\",\"datePublished\":\"2026-01-07T01:19:12+00:00\",\"dateModified\":\"2026-01-07T01:24:49+00:00\",\"mainEntityOfPage\":{\"@id\":\"https:\/\/infoecos.com.ar\/index.php\/una-verguenza-prestacion-del-servicio-de-agua-potable-para-carlos-casares-y-pehuajo-afectado-por-cortes-de-energia-en-moctezuma\/\"},\"wordCount\":240,\"publisher\":{\"@id\":\"https:\/\/infoecos.com.ar\/#organization\"},\"image\":{\"@id\":\"https:\/\/infoecos.com.ar\/index.php\/una-verguenza-prestacion-del-servicio-de-agua-potable-para-carlos-casares-y-pehuajo-afectado-por-cortes-de-energia-en-moctezuma\/#primaryimage\"},\"thumbnailUrl\":\"https:\/\/infoecos.com.ar\/wp-content\/uploads\/2024\/06\/image-363.png\",\"keywords\":[\"Entretenimiento\"],\"articleSection\":[\"Noticia Principal\"],\"inLanguage\":\"es\"},{\"@type\":\"WebPage\",\"@id\":\"https:\/\/infoecos.com.ar\/index.php\/una-verguenza-prestacion-del-servicio-de-agua-potable-para-carlos-casares-y-pehuajo-afectado-por-cortes-de-energia-en-moctezuma\/\",\"url\":\"https:\/\/infoecos.com.ar\/index.php\/una-verguenza-prestacion-del-servicio-de-agua-potable-para-carlos-casares-y-pehuajo-afectado-por-cortes-de-energia-en-moctezuma\/\",\"name\":\"Una verg\u00fcenza: prestaci\u00f3n del servicio de agua potable para Carlos Casares y Pehuaj\u00f3 afectado por cortes de energ\u00eda en Moctezuma - Infoecos\",\"isPartOf\":{\"@id\":\"https:\/\/infoecos.com.ar\/#website\"},\"primaryImageOfPage\":{\"@id\":\"https:\/\/infoecos.com.ar\/index.php\/una-verguenza-prestacion-del-servicio-de-agua-potable-para-carlos-casares-y-pehuajo-afectado-por-cortes-de-energia-en-moctezuma\/#primaryimage\"},\"image\":{\"@id\":\"https:\/\/infoecos.com.ar\/index.php\/una-verguenza-prestacion-del-servicio-de-agua-potable-para-carlos-casares-y-pehuajo-afectado-por-cortes-de-energia-en-moctezuma\/#primaryimage\"},\"thumbnailUrl\":\"https:\/\/infoecos.com.ar\/wp-content\/uploads\/2024\/06\/image-363.png\",\"datePublished\":\"2026-01-07T01:19:12+00:00\",\"dateModified\":\"2026-01-07T01:24:49+00:00\",\"breadcrumb\":{\"@id\":\"https:\/\/infoecos.com.ar\/index.php\/una-verguenza-prestacion-del-servicio-de-agua-potable-para-carlos-casares-y-pehuajo-afectado-por-cortes-de-energia-en-moctezuma\/#breadcrumb\"},\"inLanguage\":\"es\",\"potentialAction\":[{\"@type\":\"ReadAction\",\"target\":[\"https:\/\/infoecos.com.ar\/index.php\/una-verguenza-prestacion-del-servicio-de-agua-potable-para-carlos-casares-y-pehuajo-afectado-por-cortes-de-energia-en-moctezuma\/\"]}]},{\"@type\":\"ImageObject\",\"inLanguage\":\"es\",\"@id\":\"https:\/\/infoecos.com.ar\/index.php\/una-verguenza-prestacion-del-servicio-de-agua-potable-para-carlos-casares-y-pehuajo-afectado-por-cortes-de-energia-en-moctezuma\/#primaryimage\",\"url\":\"https:\/\/infoecos.com.ar\/wp-content\/uploads\/2024\/06\/image-363.png\",\"contentUrl\":\"https:\/\/infoecos.com.ar\/wp-content\/uploads\/2024\/06\/image-363.png\",\"width\":807,\"height\":454},{\"@type\":\"BreadcrumbList\",\"@id\":\"https:\/\/infoecos.com.ar\/index.php\/una-verguenza-prestacion-del-servicio-de-agua-potable-para-carlos-casares-y-pehuajo-afectado-por-cortes-de-energia-en-moctezuma\/#breadcrumb\",\"itemListElement\":[{\"@type\":\"ListItem\",\"position\":1,\"name\":\"Portada\",\"item\":\"https:\/\/infoecos.com.ar\/\"},{\"@type\":\"ListItem\",\"position\":2,\"name\":\"Una verg\u00fcenza: prestaci\u00f3n del servicio de agua potable para Carlos Casares y Pehuaj\u00f3 afectado por cortes de energ\u00eda en Moctezuma\"}]},{\"@type\":\"WebSite\",\"@id\":\"https:\/\/infoecos.com.ar\/#website\",\"url\":\"https:\/\/infoecos.com.ar\/\",\"name\":\"Infoecos\",\"description\":\"Noticias de trenque lauquen y la zona\",\"publisher\":{\"@id\":\"https:\/\/infoecos.com.ar\/#organization\"},\"alternateName\":\"Noticias\",\"potentialAction\":[{\"@type\":\"SearchAction\",\"target\":{\"@type\":\"EntryPoint\",\"urlTemplate\":\"https:\/\/infoecos.com.ar\/?s={search_term_string}\"},\"query-input\":{\"@type\":\"PropertyValueSpecification\",\"valueRequired\":true,\"valueName\":\"search_term_string\"}}],\"inLanguage\":\"es\"},{\"@type\":\"Organization\",\"@id\":\"https:\/\/infoecos.com.ar\/#organization\",\"name\":\"Infoecos\",\"alternateName\":\"Noticias\",\"url\":\"https:\/\/infoecos.com.ar\/\",\"logo\":{\"@type\":\"ImageObject\",\"inLanguage\":\"es\",\"@id\":\"https:\/\/infoecos.com.ar\/#\/schema\/logo\/image\/\",\"url\":\"https:\/\/infoecos.com.ar\/wp-content\/uploads\/2024\/03\/cropped-logo.png\",\"contentUrl\":\"https:\/\/infoecos.com.ar\/wp-content\/uploads\/2024\/03\/cropped-logo.png\",\"width\":374,\"height\":90,\"caption\":\"Infoecos\"},\"image\":{\"@id\":\"https:\/\/infoecos.com.ar\/#\/schema\/logo\/image\/\"},\"sameAs\":[\"https:\/\/www.facebook.com\/profile.php?id=100063200290284\",\"https:\/\/x.com\/infoecos\"]},{\"@type\":\"Person\",\"@id\":\"https:\/\/infoecos.com.ar\/#\/schema\/person\/8f5ace5ce73b4b4aac4b7245aee6f191\",\"name\":\"Jorge Matheus\",\"url\":\"https:\/\/infoecos.com.ar\/index.php\/author\/jomatheus\/\"}]}<\/script>\n<!-- \/ Yoast SEO plugin. -->","yoast_head_json":{"title":"Una verg\u00fcenza: prestaci\u00f3n del servicio de agua potable para Carlos Casares y Pehuaj\u00f3 afectado por cortes de energ\u00eda en Moctezuma - Infoecos","robots":{"index":"index","follow":"follow","max-snippet":"max-snippet:-1","max-image-preview":"max-image-preview:large","max-video-preview":"max-video-preview:-1"},"canonical":"https:\/\/infoecos.com.ar\/index.php\/una-verguenza-prestacion-del-servicio-de-agua-potable-para-carlos-casares-y-pehuajo-afectado-por-cortes-de-energia-en-moctezuma\/","og_locale":"es_ES","og_type":"article","og_title":"Una verg\u00fcenza: prestaci\u00f3n del servicio de agua potable para Carlos Casares y Pehuaj\u00f3 afectado por cortes de energ\u00eda en Moctezuma - Infoecos","og_description":"Esta situaci\u00f3n provoca baja presi\u00f3n en la red de abastecimiento tanto de Casares como de Pehuaj\u00f3. Como ha ocurrido en los \u00faltimos d\u00edas, la inestabilidad del suministro el\u00e9ctrico, con cortes intermitentes y falta de tensi\u00f3n, ocasionan aver\u00edas en el acueducto, e impactos en la cantidad de agua disponible para consumo","og_url":"https:\/\/infoecos.com.ar\/index.php\/una-verguenza-prestacion-del-servicio-de-agua-potable-para-carlos-casares-y-pehuajo-afectado-por-cortes-de-energia-en-moctezuma\/","og_site_name":"Infoecos","article_publisher":"https:\/\/www.facebook.com\/profile.php?id=100063200290284","article_published_time":"2026-01-07T01:19:12+00:00","article_modified_time":"2026-01-07T01:24:49+00:00","og_image":[{"width":807,"height":454,"url":"https:\/\/infoecos.com.ar\/wp-content\/uploads\/2024\/06\/image-363.png","type":"image\/png"}],"author":"Jorge Matheus","twitter_card":"summary_large_image","twitter_creator":"@infoecos","twitter_site":"@infoecos","twitter_misc":{"Escrito por":"Jorge Matheus","Tiempo de lectura":"2 minutos"},"schema":{"@context":"https:\/\/schema.org","@graph":[{"@type":"Article","@id":"https:\/\/infoecos.com.ar\/index.php\/una-verguenza-prestacion-del-servicio-de-agua-potable-para-carlos-casares-y-pehuajo-afectado-por-cortes-de-energia-en-moctezuma\/#article","isPartOf":{"@id":"https:\/\/infoecos.com.ar\/index.php\/una-verguenza-prestacion-del-servicio-de-agua-potable-para-carlos-casares-y-pehuajo-afectado-por-cortes-de-energia-en-moctezuma\/"},"author":{"name":"Jorge Matheus","@id":"https:\/\/infoecos.com.ar\/#\/schema\/person\/8f5ace5ce73b4b4aac4b7245aee6f191"},"headline":"Una verg\u00fcenza: prestaci\u00f3n del servicio de agua potable para Carlos Casares y Pehuaj\u00f3 afectado por cortes de energ\u00eda en Moctezuma","datePublished":"2026-01-07T01:19:12+00:00","dateModified":"2026-01-07T01:24:49+00:00","mainEntityOfPage":{"@id":"https:\/\/infoecos.com.ar\/index.php\/una-verguenza-prestacion-del-servicio-de-agua-potable-para-carlos-casares-y-pehuajo-afectado-por-cortes-de-energia-en-moctezuma\/"},"wordCount":240,"publisher":{"@id":"https:\/\/infoecos.com.ar\/#organization"},"image":{"@id":"https:\/\/infoecos.com.ar\/index.php\/una-verguenza-prestacion-del-servicio-de-agua-potable-para-carlos-casares-y-pehuajo-afectado-por-cortes-de-energia-en-moctezuma\/#primaryimage"},"thumbnailUrl":"https:\/\/infoecos.com.ar\/wp-content\/uploads\/2024\/06\/image-363.png","keywords":["Entretenimiento"],"articleSection":["Noticia Principal"],"inLanguage":"es"},{"@type":"WebPage","@id":"https:\/\/infoecos.com.ar\/index.php\/una-verguenza-prestacion-del-servicio-de-agua-potable-para-carlos-casares-y-pehuajo-afectado-por-cortes-de-energia-en-moctezuma\/","url":"https:\/\/infoecos.com.ar\/index.php\/una-verguenza-prestacion-del-servicio-de-agua-potable-para-carlos-casares-y-pehuajo-afectado-por-cortes-de-energia-en-moctezuma\/","name":"Una verg\u00fcenza: prestaci\u00f3n del servicio de agua potable para Carlos Casares y Pehuaj\u00f3 afectado por cortes de energ\u00eda en Moctezuma - Infoecos","isPartOf":{"@id":"https:\/\/infoecos.com.ar\/#website"},"primaryImageOfPage":{"@id":"https:\/\/infoecos.com.ar\/index.php\/una-verguenza-prestacion-del-servicio-de-agua-potable-para-carlos-casares-y-pehuajo-afectado-por-cortes-de-energia-en-moctezuma\/#primaryimage"},"image":{"@id":"https:\/\/infoecos.com.ar\/index.php\/una-verguenza-prestacion-del-servicio-de-agua-potable-para-carlos-casares-y-pehuajo-afectado-por-cortes-de-energia-en-moctezuma\/#primaryimage"},"thumbnailUrl":"https:\/\/infoecos.com.ar\/wp-content\/uploads\/2024\/06\/image-363.png","datePublished":"2026-01-07T01:19:12+00:00","dateModified":"2026-01-07T01:24:49+00:00","breadcrumb":{"@id":"https:\/\/infoecos.com.ar\/index.php\/una-verguenza-prestacion-del-servicio-de-agua-potable-para-carlos-casares-y-pehuajo-afectado-por-cortes-de-energia-en-moctezuma\/#breadcrumb"},"inLanguage":"es","potentialAction":[{"@type":"ReadAction","target":["https:\/\/infoecos.com.ar\/index.php\/una-verguenza-prestacion-del-servicio-de-agua-potable-para-carlos-casares-y-pehuajo-afectado-por-cortes-de-energia-en-moctezuma\/"]}]},{"@type":"ImageObject","inLanguage":"es","@id":"https:\/\/infoecos.com.ar\/index.php\/una-verguenza-prestacion-del-servicio-de-agua-potable-para-carlos-casares-y-pehuajo-afectado-por-cortes-de-energia-en-moctezuma\/#primaryimage","url":"https:\/\/infoecos.com.ar\/wp-content\/uploads\/2024\/06\/image-363.png","contentUrl":"https:\/\/infoecos.com.ar\/wp-content\/uploads\/2024\/06\/image-363.png","width":807,"height":454},{"@type":"BreadcrumbList","@id":"https:\/\/infoecos.com.ar\/index.php\/una-verguenza-prestacion-del-servicio-de-agua-potable-para-carlos-casares-y-pehuajo-afectado-por-cortes-de-energia-en-moctezuma\/#breadcrumb","itemListElement":[{"@type":"ListItem","position":1,"name":"Portada","item":"https:\/\/infoecos.com.ar\/"},{"@type":"ListItem","position":2,"name":"Una verg\u00fcenza: prestaci\u00f3n del servicio de agua potable para Carlos Casares y Pehuaj\u00f3 afectado por cortes de energ\u00eda en Moctezuma"}]},{"@type":"WebSite","@id":"https:\/\/infoecos.com.ar\/#website","url":"https:\/\/infoecos.com.ar\/","name":"Infoecos","description":"Noticias de trenque lauquen y la zona","publisher":{"@id":"https:\/\/infoecos.com.ar\/#organization"},"alternateName":"Noticias","potentialAction":[{"@type":"SearchAction","target":{"@type":"EntryPoint","urlTemplate":"https:\/\/infoecos.com.ar\/?s={search_term_string}"},"query-input":{"@type":"PropertyValueSpecification","valueRequired":true,"valueName":"search_term_string"}}],"inLanguage":"es"},{"@type":"Organization","@id":"https:\/\/infoecos.com.ar\/#organization","name":"Infoecos","alternateName":"Noticias","url":"https:\/\/infoecos.com.ar\/","logo":{"@type":"ImageObject","inLanguage":"es","@id":"https:\/\/infoecos.com.ar\/#\/schema\/logo\/image\/","url":"https:\/\/infoecos.com.ar\/wp-content\/uploads\/2024\/03\/cropped-logo.png","contentUrl":"https:\/\/infoecos.com.ar\/wp-content\/uploads\/2024\/03\/cropped-logo.png","width":374,"height":90,"caption":"Infoecos"},"image":{"@id":"https:\/\/infoecos.com.ar\/#\/schema\/logo\/image\/"},"sameAs":["https:\/\/www.facebook.com\/profile.php?id=100063200290284","https:\/\/x.com\/infoecos"]},{"@type":"Person","@id":"https:\/\/infoecos.com.ar\/#\/schema\/person\/8f5ace5ce73b4b4aac4b7245aee6f191","name":"Jorge Matheus","url":"https:\/\/infoecos.com.ar\/index.php\/author\/jomatheus\/"}]}},"featured_image_urls":{"full":["https:\/\/infoecos.com.ar\/wp-content\/uploads\/2024\/06\/image-363.png",807,454,false],"thumbnail":["https:\/\/infoecos.com.ar\/wp-content\/uploads\/2024\/06\/image-363-300x150.png",300,150,true],"medium":["https:\/\/infoecos.com.ar\/wp-content\/uploads\/2024\/06\/image-363-800x450.png",800,450,true],"medium_large":["https:\/\/infoecos.com.ar\/wp-content\/uploads\/2024\/06\/image-363-768x432.png",640,360,true],"large":["https:\/\/infoecos.com.ar\/wp-content\/uploads\/2024\/06\/image-363.png",640,360,false],"1536x1536":["https:\/\/infoecos.com.ar\/wp-content\/uploads\/2024\/06\/image-363.png",807,454,false],"2048x2048":["https:\/\/infoecos.com.ar\/wp-content\/uploads\/2024\/06\/image-363.png",807,454,false],"covernews-slider-full":["https:\/\/infoecos.com.ar\/wp-content\/uploads\/2024\/06\/image-363.png",807,454,false],"covernews-slider-center":["https:\/\/infoecos.com.ar\/wp-content\/uploads\/2024\/06\/image-363-800x454.png",800,454,true],"covernews-featured":["https:\/\/infoecos.com.ar\/wp-content\/uploads\/2024\/06\/image-363.png",807,454,false],"covernews-medium":["https:\/\/infoecos.com.ar\/wp-content\/uploads\/2024\/06\/image-363-540x340.png",540,340,true],"covernews-medium-square":["https:\/\/infoecos.com.ar\/wp-content\/uploads\/2024\/06\/image-363-400x250.png",400,250,true]},"author_info":{"info":["Jorge Matheus"]},"category_info":"<a href=\"https:\/\/infoecos.com.ar\/index.php\/category\/noticia-principal\/\" rel=\"category tag\">Noticia Principal<\/a>","tag_info":"Noticia Principal","comment_count":"0","_links":{"self":[{"href":"https:\/\/infoecos.com.ar\/index.php\/wp-json\/wp\/v2\/posts\/152338"}],"collection":[{"href":"https:\/\/infoecos.com.ar\/index.php\/wp-json\/wp\/v2\/posts"}],"about":[{"href":"https:\/\/infoecos.com.ar\/index.php\/wp-json\/wp\/v2\/types\/post"}],"author":[{"embeddable":true,"href":"https:\/\/infoecos.com.ar\/index.php\/wp-json\/wp\/v2\/users\/2"}],"replies":[{"embeddable":true,"href":"https:\/\/infoecos.com.ar\/index.php\/wp-json\/wp\/v2\/comments?post=152338"}],"version-history":[{"count":1,"href":"https:\/\/infoecos.com.ar\/index.php\/wp-json\/wp\/v2\/posts\/152338\/revisions"}],"predecessor-version":[{"id":152339,"href":"https:\/\/infoecos.com.ar\/index.php\/wp-json\/wp\/v2\/posts\/152338\/revisions\/152339"}],"wp:featuredmedia":[{"embeddable":true,"href":"https:\/\/infoecos.com.ar\/index.php\/wp-json\/wp\/v2\/media\/126357"}],"wp:attachment":[{"href":"https:\/\/infoecos.com.ar\/index.php\/wp-json\/wp\/v2\/media?parent=152338"}],"wp:term":[{"taxonomy":"category","embeddable":true,"href":"https:\/\/infoecos.com.ar\/index.php\/wp-json\/wp\/v2\/categories?post=152338"},{"taxonomy":"post_tag","embeddable":true,"href":"https:\/\/infoecos.com.ar\/index.php\/wp-json\/wp\/v2\/tags?post=152338"}],"curies":[{"name":"wp","href":"https:\/\/api.w.org\/{rel}","templated":true}]}}