{"id":152661,"date":"2026-01-16T17:47:52","date_gmt":"2026-01-16T20:47:52","guid":{"rendered":"https:\/\/infoecos.com.ar\/?p=152661"},"modified":"2026-01-18T01:59:19","modified_gmt":"2026-01-18T04:59:19","slug":"casi-mil-conductores-alcoholizados-sancionados-en-las-rutas-del-pais-durante-la-primera-quincena-de-enero","status":"publish","type":"post","link":"https:\/\/infoecos.com.ar\/index.php\/casi-mil-conductores-alcoholizados-sancionados-en-las-rutas-del-pais-durante-la-primera-quincena-de-enero\/","title":{"rendered":"Casi mil conductores alcoholizados sancionados en las rutas del pa\u00eds durante la primera quincena de enero"},"content":{"rendered":"\n<p>Durante la primera quincena de enero, la Agencia Nacional de Seguridad Vial (ANSV) reforz\u00f3 los operativos de control en rutas nacionales, autopistas y accesos a los principales destinos tur\u00edsticos del pa\u00eds. En total se controlaron&nbsp;<strong>231.962 veh\u00edculos<\/strong>&nbsp;en 2.913 operativos y se labraron&nbsp;<strong>5.085 actas de infracci\u00f3n<\/strong>&nbsp;por incumplimientos a la normativa vigente. \u00bfLa falta principal?&nbsp;<strong>966 casos de alcoholemia positiva<\/strong>.<\/p>\n\n\n\n<p><strong>Los registros m\u00e1s altos de alcoholemia fueron:<\/strong><\/p>\n\n\n\n<ul class=\"wp-block-list\">\n<li>M\u00e1s de 3 g\/l (por encima de la medici\u00f3n m\u00e1xima) en General G\u00fcemes, Salta.<\/li>\n\n\n\n<li>2,84 g\/l en Gualeguaych\u00fa, Entre R\u00edos.<\/li>\n\n\n\n<li>2,71 g\/l en Ruta Nacional 12, Misiones.<\/li>\n\n\n\n<li>2,56 g\/l en Gualeguaych\u00fa, Entre R\u00edos.<\/li>\n\n\n\n<li>2,48 g\/l en RN117 y RN14, Corrientes.<\/li>\n<\/ul>\n\n\n\n<p>Los operativos, que se realizan todos los d\u00edas en coordinaci\u00f3n con provincias y municipios y est\u00e1n desplegados en&nbsp;<strong>39 puntos estrat\u00e9gicos<\/strong>, permitieron adem\u00e1s detectar 838 infracciones por falta de RTO\/VTV, 586 por no portar la documentaci\u00f3n obligatoria y 586 por no utilizar el cintur\u00f3n de seguridad.<\/p>\n\n\n\n<p>Tambi\u00e9n se registraron 372 infracciones por falta de patente o tapadas adrede, y 30 por uso indebido de banquinas, una maniobra peligrosa que altera la circulaci\u00f3n y expone a un riesgo extremo al resto de los usuarios de la v\u00eda.<\/p>\n\n\n\n<p>Estas cifras reflejan las principales malas conductas al volante que impactan directamente en la seguridad vial. Manejar implica una responsabilidad individual indelegable: cumplir las normas y circular en condiciones seguras. Conducir alcoholizado, ignorar el cintur\u00f3n o incumplir la ley no es un error menor. Las reglas est\u00e1n para cumplirse y su violaci\u00f3n ser\u00e1 sancionada.<\/p>\n\n\n\n<p>Durante las fiscalizaciones, los agentes corroboran la circulaci\u00f3n con documentaci\u00f3n obligatoria vigente, el consumo de alcohol en los conductores, el uso de los elementos de protecci\u00f3n y la colocaci\u00f3n adecuada de patentes.&nbsp;<\/p>\n\n\n\n<p><strong>Controles al transporte de carga y pasajeros<\/strong><\/p>\n\n\n\n<p>Durante la primera quincena de enero, la Comisi\u00f3n Nacional de Regulaci\u00f3n del Transporte (CNRT) realiz\u00f3 controles al transporte de carga y pasajeros en distintos puntos del pa\u00eds. En total, se fiscalizaron 46.731 veh\u00edculos, entre ellos 30.460 camiones y 16.271 micros.<\/p>\n\n\n\n<p>Como resultado, se labraron 1.019 actas de infracci\u00f3n \u2014416 a camiones y 603 a micros\u2014 y se dispuso la retenci\u00f3n de 116 veh\u00edculos, 87 camiones y 29 micros.<\/p>\n\n\n\n<p><strong>LECTURA R\u00c1PIDA &#8211; PRIMERA QUINCENA DEL VERANO DE LA ANSV<\/strong><\/p>\n\n\n\n<ul class=\"wp-block-list\">\n<li>Veh\u00edculos controlados:&nbsp;<strong>231.962<\/strong><\/li>\n\n\n\n<li>Sanciones totales:&nbsp;<strong>5.085<\/strong><\/li>\n\n\n\n<li>Alcoholemia positiva:&nbsp;<strong>966<\/strong><\/li>\n\n\n\n<li>Falta de RTO\/VTV:&nbsp;<strong>838<\/strong><\/li>\n\n\n\n<li>Falta de documentaci\u00f3n:&nbsp;<strong>586<\/strong><\/li>\n\n\n\n<li>No uso de cintur\u00f3n:&nbsp;<strong>586<\/strong><\/li>\n\n\n\n<li>Patentes irregulares:&nbsp;<strong>372<\/strong><\/li>\n\n\n\n<li>Uso de banquinas:&nbsp;<strong>30<\/strong><\/li>\n\n\n\n<li><strong>Alcoholemia m\u00e1s alta: +3 g\/l (por encima de la medici\u00f3n m\u00e1xima) un motociclista en Salta<\/strong><\/li>\n<\/ul>\n\n\n\n<figure class=\"wp-block-gallery has-nested-images columns-default is-cropped wp-block-gallery-1 is-layout-flex wp-block-gallery-is-layout-flex\">\n<figure class=\"wp-block-image size-large\"><img loading=\"lazy\" decoding=\"async\" width=\"960\" height=\"1280\" data-id=\"152662\" src=\"https:\/\/infoecos.com.ar\/wp-content\/uploads\/2026\/01\/ANSV-1.jpg\" alt=\"\" class=\"wp-image-152662\" srcset=\"https:\/\/infoecos.com.ar\/wp-content\/uploads\/2026\/01\/ANSV-1.jpg 960w, https:\/\/infoecos.com.ar\/wp-content\/uploads\/2026\/01\/ANSV-1-600x800.jpg 600w, https:\/\/infoecos.com.ar\/wp-content\/uploads\/2026\/01\/ANSV-1-768x1024.jpg 768w\" sizes=\"(max-width: 960px) 100vw, 960px\" \/><\/figure>\n\n\n\n<figure class=\"wp-block-image size-large\"><img loading=\"lazy\" decoding=\"async\" width=\"901\" height=\"1600\" data-id=\"152664\" src=\"https:\/\/infoecos.com.ar\/wp-content\/uploads\/2026\/01\/ANSV-2-901x1600.jpg\" alt=\"\" class=\"wp-image-152664\" srcset=\"https:\/\/infoecos.com.ar\/wp-content\/uploads\/2026\/01\/ANSV-2-901x1600.jpg 901w, https:\/\/infoecos.com.ar\/wp-content\/uploads\/2026\/01\/ANSV-2-450x800.jpg 450w, https:\/\/infoecos.com.ar\/wp-content\/uploads\/2026\/01\/ANSV-2-768x1364.jpg 768w, https:\/\/infoecos.com.ar\/wp-content\/uploads\/2026\/01\/ANSV-2-865x1536.jpg 865w, https:\/\/infoecos.com.ar\/wp-content\/uploads\/2026\/01\/ANSV-2-1153x2048.jpg 1153w, https:\/\/infoecos.com.ar\/wp-content\/uploads\/2026\/01\/ANSV-2-1024x1819.jpg 1024w, https:\/\/infoecos.com.ar\/wp-content\/uploads\/2026\/01\/ANSV-2-scaled.jpg 1441w\" sizes=\"(max-width: 901px) 100vw, 901px\" \/><\/figure>\n\n\n\n<figure class=\"wp-block-image size-large\"><img loading=\"lazy\" decoding=\"async\" width=\"1200\" height=\"1600\" data-id=\"152663\" src=\"https:\/\/infoecos.com.ar\/wp-content\/uploads\/2026\/01\/ANSV-3.jpg\" alt=\"\" class=\"wp-image-152663\" srcset=\"https:\/\/infoecos.com.ar\/wp-content\/uploads\/2026\/01\/ANSV-3.jpg 1200w, https:\/\/infoecos.com.ar\/wp-content\/uploads\/2026\/01\/ANSV-3-600x800.jpg 600w, https:\/\/infoecos.com.ar\/wp-content\/uploads\/2026\/01\/ANSV-3-768x1024.jpg 768w, https:\/\/infoecos.com.ar\/wp-content\/uploads\/2026\/01\/ANSV-3-1152x1536.jpg 1152w, https:\/\/infoecos.com.ar\/wp-content\/uploads\/2026\/01\/ANSV-3-1024x1365.jpg 1024w\" sizes=\"(max-width: 1200px) 100vw, 1200px\" \/><\/figure>\n<\/figure>\n\n\n\n<figure class=\"wp-block-video\"><video controls src=\"https:\/\/infoecos.com.ar\/wp-content\/uploads\/2026\/01\/CASOS-DE-ALCOHOLEMIA-COMUNICADO-REEL-REDES.mp4\"><\/video><\/figure>\n","protected":false},"excerpt":{"rendered":"<p>La Agencia Nacional de Seguridad Vial sancion\u00f3 a 966 conductores por circular con alcoholemia positiva en rutas del pa\u00eds. Los controles se realizan todos los d\u00edas durante la temporada de verano en puntos estrat\u00e9gicos de alta circulaci\u00f3n<\/p>\n","protected":false},"author":2,"featured_media":152664,"comment_status":"closed","ping_status":"open","sticky":false,"template":"","format":"standard","meta":{"footnotes":""},"categories":[1612,1],"tags":[10304],"class_list":["post-152661","post","type-post","status-publish","format-standard","has-post-thumbnail","hentry","category-noticia-principal","category-sin-categoria","tag-actualidad"],"yoast_head":"<!-- This site is optimized with the Yoast SEO plugin v23.4 - https:\/\/yoast.com\/wordpress\/plugins\/seo\/ -->\n<title>Casi mil conductores alcoholizados sancionados en las rutas del pa\u00eds durante la primera quincena de enero - Infoecos<\/title>\n<meta name=\"robots\" content=\"index, follow, max-snippet:-1, max-image-preview:large, max-video-preview:-1\" \/>\n<link rel=\"canonical\" href=\"https:\/\/infoecos.com.ar\/index.php\/casi-mil-conductores-alcoholizados-sancionados-en-las-rutas-del-pais-durante-la-primera-quincena-de-enero\/\" \/>\n<meta property=\"og:locale\" content=\"es_ES\" \/>\n<meta property=\"og:type\" content=\"article\" \/>\n<meta property=\"og:title\" content=\"Casi mil conductores alcoholizados sancionados en las rutas del pa\u00eds durante la primera quincena de enero - Infoecos\" \/>\n<meta property=\"og:description\" content=\"La Agencia Nacional de Seguridad Vial sancion\u00f3 a 966 conductores por circular con alcoholemia positiva en rutas del pa\u00eds. Los controles se realizan todos los d\u00edas durante la temporada de verano en puntos estrat\u00e9gicos de alta circulaci\u00f3n\" \/>\n<meta property=\"og:url\" content=\"https:\/\/infoecos.com.ar\/index.php\/casi-mil-conductores-alcoholizados-sancionados-en-las-rutas-del-pais-durante-la-primera-quincena-de-enero\/\" \/>\n<meta property=\"og:site_name\" content=\"Infoecos\" \/>\n<meta property=\"article:publisher\" content=\"https:\/\/www.facebook.com\/profile.php?id=100063200290284\" \/>\n<meta property=\"article:published_time\" content=\"2026-01-16T20:47:52+00:00\" \/>\n<meta property=\"article:modified_time\" content=\"2026-01-18T04:59:19+00:00\" \/>\n<meta property=\"og:image\" content=\"https:\/\/infoecos.com.ar\/wp-content\/uploads\/2026\/01\/ANSV-2-scaled.jpg\" \/>\n\t<meta property=\"og:image:width\" content=\"1441\" \/>\n\t<meta property=\"og:image:height\" content=\"2560\" \/>\n\t<meta property=\"og:image:type\" content=\"image\/jpeg\" \/>\n<meta name=\"author\" content=\"Jorge Matheus\" \/>\n<meta name=\"twitter:card\" content=\"summary_large_image\" \/>\n<meta name=\"twitter:creator\" content=\"@infoecos\" \/>\n<meta name=\"twitter:site\" content=\"@infoecos\" \/>\n<meta name=\"twitter:label1\" content=\"Escrito por\" \/>\n\t<meta name=\"twitter:data1\" content=\"Jorge Matheus\" \/>\n\t<meta name=\"twitter:label2\" content=\"Tiempo de lectura\" \/>\n\t<meta name=\"twitter:data2\" content=\"3 minutos\" \/>\n<script type=\"application\/ld+json\" class=\"yoast-schema-graph\">{\"@context\":\"https:\/\/schema.org\",\"@graph\":[{\"@type\":\"Article\",\"@id\":\"https:\/\/infoecos.com.ar\/index.php\/casi-mil-conductores-alcoholizados-sancionados-en-las-rutas-del-pais-durante-la-primera-quincena-de-enero\/#article\",\"isPartOf\":{\"@id\":\"https:\/\/infoecos.com.ar\/index.php\/casi-mil-conductores-alcoholizados-sancionados-en-las-rutas-del-pais-durante-la-primera-quincena-de-enero\/\"},\"author\":{\"name\":\"Jorge Matheus\",\"@id\":\"https:\/\/infoecos.com.ar\/#\/schema\/person\/8f5ace5ce73b4b4aac4b7245aee6f191\"},\"headline\":\"Casi mil conductores alcoholizados sancionados en las rutas del pa\u00eds durante la primera quincena de enero\",\"datePublished\":\"2026-01-16T20:47:52+00:00\",\"dateModified\":\"2026-01-18T04:59:19+00:00\",\"mainEntityOfPage\":{\"@id\":\"https:\/\/infoecos.com.ar\/index.php\/casi-mil-conductores-alcoholizados-sancionados-en-las-rutas-del-pais-durante-la-primera-quincena-de-enero\/\"},\"wordCount\":457,\"publisher\":{\"@id\":\"https:\/\/infoecos.com.ar\/#organization\"},\"image\":{\"@id\":\"https:\/\/infoecos.com.ar\/index.php\/casi-mil-conductores-alcoholizados-sancionados-en-las-rutas-del-pais-durante-la-primera-quincena-de-enero\/#primaryimage\"},\"thumbnailUrl\":\"https:\/\/infoecos.com.ar\/wp-content\/uploads\/2026\/01\/ANSV-2-scaled.jpg\",\"keywords\":[\"Actualidad\"],\"articleSection\":[\"Noticia Principal\"],\"inLanguage\":\"es\"},{\"@type\":\"WebPage\",\"@id\":\"https:\/\/infoecos.com.ar\/index.php\/casi-mil-conductores-alcoholizados-sancionados-en-las-rutas-del-pais-durante-la-primera-quincena-de-enero\/\",\"url\":\"https:\/\/infoecos.com.ar\/index.php\/casi-mil-conductores-alcoholizados-sancionados-en-las-rutas-del-pais-durante-la-primera-quincena-de-enero\/\",\"name\":\"Casi mil conductores alcoholizados sancionados en las rutas del pa\u00eds durante la primera quincena de enero - Infoecos\",\"isPartOf\":{\"@id\":\"https:\/\/infoecos.com.ar\/#website\"},\"primaryImageOfPage\":{\"@id\":\"https:\/\/infoecos.com.ar\/index.php\/casi-mil-conductores-alcoholizados-sancionados-en-las-rutas-del-pais-durante-la-primera-quincena-de-enero\/#primaryimage\"},\"image\":{\"@id\":\"https:\/\/infoecos.com.ar\/index.php\/casi-mil-conductores-alcoholizados-sancionados-en-las-rutas-del-pais-durante-la-primera-quincena-de-enero\/#primaryimage\"},\"thumbnailUrl\":\"https:\/\/infoecos.com.ar\/wp-content\/uploads\/2026\/01\/ANSV-2-scaled.jpg\",\"datePublished\":\"2026-01-16T20:47:52+00:00\",\"dateModified\":\"2026-01-18T04:59:19+00:00\",\"breadcrumb\":{\"@id\":\"https:\/\/infoecos.com.ar\/index.php\/casi-mil-conductores-alcoholizados-sancionados-en-las-rutas-del-pais-durante-la-primera-quincena-de-enero\/#breadcrumb\"},\"inLanguage\":\"es\",\"potentialAction\":[{\"@type\":\"ReadAction\",\"target\":[\"https:\/\/infoecos.com.ar\/index.php\/casi-mil-conductores-alcoholizados-sancionados-en-las-rutas-del-pais-durante-la-primera-quincena-de-enero\/\"]}]},{\"@type\":\"ImageObject\",\"inLanguage\":\"es\",\"@id\":\"https:\/\/infoecos.com.ar\/index.php\/casi-mil-conductores-alcoholizados-sancionados-en-las-rutas-del-pais-durante-la-primera-quincena-de-enero\/#primaryimage\",\"url\":\"https:\/\/infoecos.com.ar\/wp-content\/uploads\/2026\/01\/ANSV-2-scaled.jpg\",\"contentUrl\":\"https:\/\/infoecos.com.ar\/wp-content\/uploads\/2026\/01\/ANSV-2-scaled.jpg\",\"width\":1441,\"height\":2560},{\"@type\":\"BreadcrumbList\",\"@id\":\"https:\/\/infoecos.com.ar\/index.php\/casi-mil-conductores-alcoholizados-sancionados-en-las-rutas-del-pais-durante-la-primera-quincena-de-enero\/#breadcrumb\",\"itemListElement\":[{\"@type\":\"ListItem\",\"position\":1,\"name\":\"Portada\",\"item\":\"https:\/\/infoecos.com.ar\/\"},{\"@type\":\"ListItem\",\"position\":2,\"name\":\"Casi mil conductores alcoholizados sancionados en las rutas del pa\u00eds durante la primera quincena de enero\"}]},{\"@type\":\"WebSite\",\"@id\":\"https:\/\/infoecos.com.ar\/#website\",\"url\":\"https:\/\/infoecos.com.ar\/\",\"name\":\"Infoecos\",\"description\":\"Noticias de trenque lauquen y la zona\",\"publisher\":{\"@id\":\"https:\/\/infoecos.com.ar\/#organization\"},\"alternateName\":\"Noticias\",\"potentialAction\":[{\"@type\":\"SearchAction\",\"target\":{\"@type\":\"EntryPoint\",\"urlTemplate\":\"https:\/\/infoecos.com.ar\/?s={search_term_string}\"},\"query-input\":{\"@type\":\"PropertyValueSpecification\",\"valueRequired\":true,\"valueName\":\"search_term_string\"}}],\"inLanguage\":\"es\"},{\"@type\":\"Organization\",\"@id\":\"https:\/\/infoecos.com.ar\/#organization\",\"name\":\"Infoecos\",\"alternateName\":\"Noticias\",\"url\":\"https:\/\/infoecos.com.ar\/\",\"logo\":{\"@type\":\"ImageObject\",\"inLanguage\":\"es\",\"@id\":\"https:\/\/infoecos.com.ar\/#\/schema\/logo\/image\/\",\"url\":\"https:\/\/infoecos.com.ar\/wp-content\/uploads\/2024\/03\/cropped-logo.png\",\"contentUrl\":\"https:\/\/infoecos.com.ar\/wp-content\/uploads\/2024\/03\/cropped-logo.png\",\"width\":374,\"height\":90,\"caption\":\"Infoecos\"},\"image\":{\"@id\":\"https:\/\/infoecos.com.ar\/#\/schema\/logo\/image\/\"},\"sameAs\":[\"https:\/\/www.facebook.com\/profile.php?id=100063200290284\",\"https:\/\/x.com\/infoecos\"]},{\"@type\":\"Person\",\"@id\":\"https:\/\/infoecos.com.ar\/#\/schema\/person\/8f5ace5ce73b4b4aac4b7245aee6f191\",\"name\":\"Jorge Matheus\",\"url\":\"https:\/\/infoecos.com.ar\/index.php\/author\/jomatheus\/\"}]}<\/script>\n<!-- \/ Yoast SEO plugin. -->","yoast_head_json":{"title":"Casi mil conductores alcoholizados sancionados en las rutas del pa\u00eds durante la primera quincena de enero - Infoecos","robots":{"index":"index","follow":"follow","max-snippet":"max-snippet:-1","max-image-preview":"max-image-preview:large","max-video-preview":"max-video-preview:-1"},"canonical":"https:\/\/infoecos.com.ar\/index.php\/casi-mil-conductores-alcoholizados-sancionados-en-las-rutas-del-pais-durante-la-primera-quincena-de-enero\/","og_locale":"es_ES","og_type":"article","og_title":"Casi mil conductores alcoholizados sancionados en las rutas del pa\u00eds durante la primera quincena de enero - Infoecos","og_description":"La Agencia Nacional de Seguridad Vial sancion\u00f3 a 966 conductores por circular con alcoholemia positiva en rutas del pa\u00eds. Los controles se realizan todos los d\u00edas durante la temporada de verano en puntos estrat\u00e9gicos de alta circulaci\u00f3n","og_url":"https:\/\/infoecos.com.ar\/index.php\/casi-mil-conductores-alcoholizados-sancionados-en-las-rutas-del-pais-durante-la-primera-quincena-de-enero\/","og_site_name":"Infoecos","article_publisher":"https:\/\/www.facebook.com\/profile.php?id=100063200290284","article_published_time":"2026-01-16T20:47:52+00:00","article_modified_time":"2026-01-18T04:59:19+00:00","og_image":[{"width":1441,"height":2560,"url":"https:\/\/infoecos.com.ar\/wp-content\/uploads\/2026\/01\/ANSV-2-scaled.jpg","type":"image\/jpeg"}],"author":"Jorge Matheus","twitter_card":"summary_large_image","twitter_creator":"@infoecos","twitter_site":"@infoecos","twitter_misc":{"Escrito por":"Jorge Matheus","Tiempo de lectura":"3 minutos"},"schema":{"@context":"https:\/\/schema.org","@graph":[{"@type":"Article","@id":"https:\/\/infoecos.com.ar\/index.php\/casi-mil-conductores-alcoholizados-sancionados-en-las-rutas-del-pais-durante-la-primera-quincena-de-enero\/#article","isPartOf":{"@id":"https:\/\/infoecos.com.ar\/index.php\/casi-mil-conductores-alcoholizados-sancionados-en-las-rutas-del-pais-durante-la-primera-quincena-de-enero\/"},"author":{"name":"Jorge Matheus","@id":"https:\/\/infoecos.com.ar\/#\/schema\/person\/8f5ace5ce73b4b4aac4b7245aee6f191"},"headline":"Casi mil conductores alcoholizados sancionados en las rutas del pa\u00eds durante la primera quincena de enero","datePublished":"2026-01-16T20:47:52+00:00","dateModified":"2026-01-18T04:59:19+00:00","mainEntityOfPage":{"@id":"https:\/\/infoecos.com.ar\/index.php\/casi-mil-conductores-alcoholizados-sancionados-en-las-rutas-del-pais-durante-la-primera-quincena-de-enero\/"},"wordCount":457,"publisher":{"@id":"https:\/\/infoecos.com.ar\/#organization"},"image":{"@id":"https:\/\/infoecos.com.ar\/index.php\/casi-mil-conductores-alcoholizados-sancionados-en-las-rutas-del-pais-durante-la-primera-quincena-de-enero\/#primaryimage"},"thumbnailUrl":"https:\/\/infoecos.com.ar\/wp-content\/uploads\/2026\/01\/ANSV-2-scaled.jpg","keywords":["Actualidad"],"articleSection":["Noticia Principal"],"inLanguage":"es"},{"@type":"WebPage","@id":"https:\/\/infoecos.com.ar\/index.php\/casi-mil-conductores-alcoholizados-sancionados-en-las-rutas-del-pais-durante-la-primera-quincena-de-enero\/","url":"https:\/\/infoecos.com.ar\/index.php\/casi-mil-conductores-alcoholizados-sancionados-en-las-rutas-del-pais-durante-la-primera-quincena-de-enero\/","name":"Casi mil conductores alcoholizados sancionados en las rutas del pa\u00eds durante la primera quincena de enero - Infoecos","isPartOf":{"@id":"https:\/\/infoecos.com.ar\/#website"},"primaryImageOfPage":{"@id":"https:\/\/infoecos.com.ar\/index.php\/casi-mil-conductores-alcoholizados-sancionados-en-las-rutas-del-pais-durante-la-primera-quincena-de-enero\/#primaryimage"},"image":{"@id":"https:\/\/infoecos.com.ar\/index.php\/casi-mil-conductores-alcoholizados-sancionados-en-las-rutas-del-pais-durante-la-primera-quincena-de-enero\/#primaryimage"},"thumbnailUrl":"https:\/\/infoecos.com.ar\/wp-content\/uploads\/2026\/01\/ANSV-2-scaled.jpg","datePublished":"2026-01-16T20:47:52+00:00","dateModified":"2026-01-18T04:59:19+00:00","breadcrumb":{"@id":"https:\/\/infoecos.com.ar\/index.php\/casi-mil-conductores-alcoholizados-sancionados-en-las-rutas-del-pais-durante-la-primera-quincena-de-enero\/#breadcrumb"},"inLanguage":"es","potentialAction":[{"@type":"ReadAction","target":["https:\/\/infoecos.com.ar\/index.php\/casi-mil-conductores-alcoholizados-sancionados-en-las-rutas-del-pais-durante-la-primera-quincena-de-enero\/"]}]},{"@type":"ImageObject","inLanguage":"es","@id":"https:\/\/infoecos.com.ar\/index.php\/casi-mil-conductores-alcoholizados-sancionados-en-las-rutas-del-pais-durante-la-primera-quincena-de-enero\/#primaryimage","url":"https:\/\/infoecos.com.ar\/wp-content\/uploads\/2026\/01\/ANSV-2-scaled.jpg","contentUrl":"https:\/\/infoecos.com.ar\/wp-content\/uploads\/2026\/01\/ANSV-2-scaled.jpg","width":1441,"height":2560},{"@type":"BreadcrumbList","@id":"https:\/\/infoecos.com.ar\/index.php\/casi-mil-conductores-alcoholizados-sancionados-en-las-rutas-del-pais-durante-la-primera-quincena-de-enero\/#breadcrumb","itemListElement":[{"@type":"ListItem","position":1,"name":"Portada","item":"https:\/\/infoecos.com.ar\/"},{"@type":"ListItem","position":2,"name":"Casi mil conductores alcoholizados sancionados en las rutas del pa\u00eds durante la primera quincena de enero"}]},{"@type":"WebSite","@id":"https:\/\/infoecos.com.ar\/#website","url":"https:\/\/infoecos.com.ar\/","name":"Infoecos","description":"Noticias de trenque lauquen y la zona","publisher":{"@id":"https:\/\/infoecos.com.ar\/#organization"},"alternateName":"Noticias","potentialAction":[{"@type":"SearchAction","target":{"@type":"EntryPoint","urlTemplate":"https:\/\/infoecos.com.ar\/?s={search_term_string}"},"query-input":{"@type":"PropertyValueSpecification","valueRequired":true,"valueName":"search_term_string"}}],"inLanguage":"es"},{"@type":"Organization","@id":"https:\/\/infoecos.com.ar\/#organization","name":"Infoecos","alternateName":"Noticias","url":"https:\/\/infoecos.com.ar\/","logo":{"@type":"ImageObject","inLanguage":"es","@id":"https:\/\/infoecos.com.ar\/#\/schema\/logo\/image\/","url":"https:\/\/infoecos.com.ar\/wp-content\/uploads\/2024\/03\/cropped-logo.png","contentUrl":"https:\/\/infoecos.com.ar\/wp-content\/uploads\/2024\/03\/cropped-logo.png","width":374,"height":90,"caption":"Infoecos"},"image":{"@id":"https:\/\/infoecos.com.ar\/#\/schema\/logo\/image\/"},"sameAs":["https:\/\/www.facebook.com\/profile.php?id=100063200290284","https:\/\/x.com\/infoecos"]},{"@type":"Person","@id":"https:\/\/infoecos.com.ar\/#\/schema\/person\/8f5ace5ce73b4b4aac4b7245aee6f191","name":"Jorge Matheus","url":"https:\/\/infoecos.com.ar\/index.php\/author\/jomatheus\/"}]}},"featured_image_urls":{"full":["https:\/\/infoecos.com.ar\/wp-content\/uploads\/2026\/01\/ANSV-2-scaled.jpg",1441,2560,false],"thumbnail":["https:\/\/infoecos.com.ar\/wp-content\/uploads\/2026\/01\/ANSV-2-300x150.jpg",300,150,true],"medium":["https:\/\/infoecos.com.ar\/wp-content\/uploads\/2026\/01\/ANSV-2-450x800.jpg",450,800,true],"medium_large":["https:\/\/infoecos.com.ar\/wp-content\/uploads\/2026\/01\/ANSV-2-768x1364.jpg",640,1137,true],"large":["https:\/\/infoecos.com.ar\/wp-content\/uploads\/2026\/01\/ANSV-2-901x1600.jpg",640,1137,true],"1536x1536":["https:\/\/infoecos.com.ar\/wp-content\/uploads\/2026\/01\/ANSV-2-865x1536.jpg",865,1536,true],"2048x2048":["https:\/\/infoecos.com.ar\/wp-content\/uploads\/2026\/01\/ANSV-2-1153x2048.jpg",1153,2048,true],"covernews-slider-full":["https:\/\/infoecos.com.ar\/wp-content\/uploads\/2026\/01\/ANSV-2-1115x715.jpg",1115,715,true],"covernews-slider-center":["https:\/\/infoecos.com.ar\/wp-content\/uploads\/2026\/01\/ANSV-2-800x500.jpg",800,500,true],"covernews-featured":["https:\/\/infoecos.com.ar\/wp-content\/uploads\/2026\/01\/ANSV-2-1024x1819.jpg",1024,1819,true],"covernews-medium":["https:\/\/infoecos.com.ar\/wp-content\/uploads\/2026\/01\/ANSV-2-540x340.jpg",540,340,true],"covernews-medium-square":["https:\/\/infoecos.com.ar\/wp-content\/uploads\/2026\/01\/ANSV-2-400x250.jpg",400,250,true]},"author_info":{"info":["Jorge Matheus"]},"category_info":"<a href=\"https:\/\/infoecos.com.ar\/index.php\/category\/noticia-principal\/\" rel=\"category tag\">Noticia Principal<\/a> <a href=\"https:\/\/infoecos.com.ar\/index.php\/category\/sin-categoria\/\" rel=\"category tag\">Sin categor\u00eda<\/a>","tag_info":"Sin categor\u00eda","comment_count":"0","_links":{"self":[{"href":"https:\/\/infoecos.com.ar\/index.php\/wp-json\/wp\/v2\/posts\/152661"}],"collection":[{"href":"https:\/\/infoecos.com.ar\/index.php\/wp-json\/wp\/v2\/posts"}],"about":[{"href":"https:\/\/infoecos.com.ar\/index.php\/wp-json\/wp\/v2\/types\/post"}],"author":[{"embeddable":true,"href":"https:\/\/infoecos.com.ar\/index.php\/wp-json\/wp\/v2\/users\/2"}],"replies":[{"embeddable":true,"href":"https:\/\/infoecos.com.ar\/index.php\/wp-json\/wp\/v2\/comments?post=152661"}],"version-history":[{"count":1,"href":"https:\/\/infoecos.com.ar\/index.php\/wp-json\/wp\/v2\/posts\/152661\/revisions"}],"predecessor-version":[{"id":152666,"href":"https:\/\/infoecos.com.ar\/index.php\/wp-json\/wp\/v2\/posts\/152661\/revisions\/152666"}],"wp:featuredmedia":[{"embeddable":true,"href":"https:\/\/infoecos.com.ar\/index.php\/wp-json\/wp\/v2\/media\/152664"}],"wp:attachment":[{"href":"https:\/\/infoecos.com.ar\/index.php\/wp-json\/wp\/v2\/media?parent=152661"}],"wp:term":[{"taxonomy":"category","embeddable":true,"href":"https:\/\/infoecos.com.ar\/index.php\/wp-json\/wp\/v2\/categories?post=152661"},{"taxonomy":"post_tag","embeddable":true,"href":"https:\/\/infoecos.com.ar\/index.php\/wp-json\/wp\/v2\/tags?post=152661"}],"curies":[{"name":"wp","href":"https:\/\/api.w.org\/{rel}","templated":true}]}}