{"id":152720,"date":"2026-01-19T01:36:53","date_gmt":"2026-01-19T04:36:53","guid":{"rendered":"https:\/\/infoecos.com.ar\/?p=152720"},"modified":"2026-01-19T01:36:54","modified_gmt":"2026-01-19T04:36:54","slug":"estimacion-de-dia-esplendido-a-pleno-sol-con-temperatura-que-no-superaria-los-26","status":"publish","type":"post","link":"https:\/\/infoecos.com.ar\/index.php\/estimacion-de-dia-esplendido-a-pleno-sol-con-temperatura-que-no-superaria-los-26\/","title":{"rendered":"Estimaci\u00f3n de d\u00eda espl\u00e9ndido a pleno sol con temperatura que no superar\u00eda los 26\u00b0"},"content":{"rendered":"\n<p class=\"has-text-align-center\"><strong>Servicio Meteorol\u00f3gico Nacional<\/strong><\/p>\n\n\n\n<p><strong><mark style=\"background-color:rgba(0, 0, 0, 0)\" class=\"has-inline-color has-vivid-red-color\">Estimaci\u00f3n de d\u00eda espl\u00e9ndido con temperatura que no superar\u00eda los 26\u00b0. El pron\u00f3stico v\u00e1lido hasta el viernes 23 de Enero 2026<\/mark><\/strong>.<\/p>\n\n\n\n<figure class=\"wp-block-image size-full is-resized\"><img loading=\"lazy\" decoding=\"async\" width=\"907\" height=\"331\" src=\"https:\/\/infoecos.com.ar\/wp-content\/uploads\/2026\/01\/pronosticohastaviernes23.jpg\" alt=\"\" class=\"wp-image-152721\" style=\"width:740px;height:auto\" srcset=\"https:\/\/infoecos.com.ar\/wp-content\/uploads\/2026\/01\/pronosticohastaviernes23.jpg 907w, https:\/\/infoecos.com.ar\/wp-content\/uploads\/2026\/01\/pronosticohastaviernes23-800x292.jpg 800w, https:\/\/infoecos.com.ar\/wp-content\/uploads\/2026\/01\/pronosticohastaviernes23-768x280.jpg 768w\" sizes=\"(max-width: 907px) 100vw, 907px\" \/><\/figure>\n\n\n\n<p class=\"has-text-align-center\"><strong>Sensores Clim\u00e1ticos Municipalidad de Trenque Lauquen<\/strong><\/p>\n\n\n\n<p><strong><mark style=\"background-color:rgba(0, 0, 0, 0)\" class=\"has-inline-color has-vivid-red-color\">Temperatura debajo de las predominantes en el verano este domingo. La m\u00e1xima como puede verse en el gr\u00e1fico lleg\u00f3 a los 27.3\u00b0. Soplaron r\u00e1fagas de viento de hasta 33.9 kil\u00f3metros por hora.<\/mark><\/strong><\/p>\n\n\n\n<figure class=\"wp-block-image size-full\"><img loading=\"lazy\" decoding=\"async\" width=\"1082\" height=\"375\" src=\"https:\/\/infoecos.com.ar\/wp-content\/uploads\/2026\/01\/image-99.png\" alt=\"\" class=\"wp-image-152722\" srcset=\"https:\/\/infoecos.com.ar\/wp-content\/uploads\/2026\/01\/image-99.png 1082w, https:\/\/infoecos.com.ar\/wp-content\/uploads\/2026\/01\/image-99-800x277.png 800w, https:\/\/infoecos.com.ar\/wp-content\/uploads\/2026\/01\/image-99-768x266.png 768w, https:\/\/infoecos.com.ar\/wp-content\/uploads\/2026\/01\/image-99-1024x355.png 1024w\" sizes=\"(max-width: 1082px) 100vw, 1082px\" \/><\/figure>\n","protected":false},"excerpt":{"rendered":"<p>Temperatura debajo de las predominantes en el verano este domingo. La m\u00e1xima como puede verse en el gr\u00e1fico lleg\u00f3 a los 27.3\u00b0. Soplaron r\u00e1fagas de viento de hasta 33.9 kil\u00f3metros por hora<\/p>\n","protected":false},"author":2,"featured_media":102069,"comment_status":"closed","ping_status":"open","sticky":false,"template":"","format":"standard","meta":{"footnotes":""},"categories":[1612],"tags":[1750],"class_list":["post-152720","post","type-post","status-publish","format-standard","has-post-thumbnail","hentry","category-noticia-principal","tag-deporte"],"yoast_head":"<!-- This site is optimized with the Yoast SEO plugin v23.4 - https:\/\/yoast.com\/wordpress\/plugins\/seo\/ -->\n<title>Estimaci\u00f3n de d\u00eda espl\u00e9ndido a pleno sol con temperatura que no superar\u00eda los 26\u00b0 - Infoecos<\/title>\n<meta name=\"robots\" content=\"index, follow, max-snippet:-1, max-image-preview:large, max-video-preview:-1\" \/>\n<link rel=\"canonical\" href=\"https:\/\/infoecos.com.ar\/index.php\/estimacion-de-dia-esplendido-a-pleno-sol-con-temperatura-que-no-superaria-los-26\/\" \/>\n<meta property=\"og:locale\" content=\"es_ES\" \/>\n<meta property=\"og:type\" content=\"article\" \/>\n<meta property=\"og:title\" content=\"Estimaci\u00f3n de d\u00eda espl\u00e9ndido a pleno sol con temperatura que no superar\u00eda los 26\u00b0 - Infoecos\" \/>\n<meta property=\"og:description\" content=\"Temperatura debajo de las predominantes en el verano este domingo. La m\u00e1xima como puede verse en el gr\u00e1fico lleg\u00f3 a los 27.3\u00b0. Soplaron r\u00e1fagas de viento de hasta 33.9 kil\u00f3metros por hora\" \/>\n<meta property=\"og:url\" content=\"https:\/\/infoecos.com.ar\/index.php\/estimacion-de-dia-esplendido-a-pleno-sol-con-temperatura-que-no-superaria-los-26\/\" \/>\n<meta property=\"og:site_name\" content=\"Infoecos\" \/>\n<meta property=\"article:publisher\" content=\"https:\/\/www.facebook.com\/profile.php?id=100063200290284\" \/>\n<meta property=\"article:published_time\" content=\"2026-01-19T04:36:53+00:00\" \/>\n<meta property=\"article:modified_time\" content=\"2026-01-19T04:36:54+00:00\" \/>\n<meta property=\"og:image\" content=\"https:\/\/infoecos.com.ar\/wp-content\/uploads\/2023\/02\/sol-1.png\" \/>\n\t<meta property=\"og:image:width\" content=\"257\" \/>\n\t<meta property=\"og:image:height\" content=\"256\" \/>\n\t<meta property=\"og:image:type\" content=\"image\/png\" \/>\n<meta name=\"author\" content=\"Jorge Matheus\" \/>\n<meta name=\"twitter:card\" content=\"summary_large_image\" \/>\n<meta name=\"twitter:creator\" content=\"@infoecos\" \/>\n<meta name=\"twitter:site\" content=\"@infoecos\" \/>\n<meta name=\"twitter:label1\" content=\"Escrito por\" \/>\n\t<meta name=\"twitter:data1\" content=\"Jorge Matheus\" \/>\n\t<meta name=\"twitter:label2\" content=\"Tiempo de lectura\" \/>\n\t<meta name=\"twitter:data2\" content=\"1 minuto\" \/>\n<script type=\"application\/ld+json\" class=\"yoast-schema-graph\">{\"@context\":\"https:\/\/schema.org\",\"@graph\":[{\"@type\":\"Article\",\"@id\":\"https:\/\/infoecos.com.ar\/index.php\/estimacion-de-dia-esplendido-a-pleno-sol-con-temperatura-que-no-superaria-los-26\/#article\",\"isPartOf\":{\"@id\":\"https:\/\/infoecos.com.ar\/index.php\/estimacion-de-dia-esplendido-a-pleno-sol-con-temperatura-que-no-superaria-los-26\/\"},\"author\":{\"name\":\"Jorge Matheus\",\"@id\":\"https:\/\/infoecos.com.ar\/#\/schema\/person\/8f5ace5ce73b4b4aac4b7245aee6f191\"},\"headline\":\"Estimaci\u00f3n de d\u00eda espl\u00e9ndido a pleno sol con temperatura que no superar\u00eda los 26\u00b0\",\"datePublished\":\"2026-01-19T04:36:53+00:00\",\"dateModified\":\"2026-01-19T04:36:54+00:00\",\"mainEntityOfPage\":{\"@id\":\"https:\/\/infoecos.com.ar\/index.php\/estimacion-de-dia-esplendido-a-pleno-sol-con-temperatura-que-no-superaria-los-26\/\"},\"wordCount\":86,\"publisher\":{\"@id\":\"https:\/\/infoecos.com.ar\/#organization\"},\"image\":{\"@id\":\"https:\/\/infoecos.com.ar\/index.php\/estimacion-de-dia-esplendido-a-pleno-sol-con-temperatura-que-no-superaria-los-26\/#primaryimage\"},\"thumbnailUrl\":\"https:\/\/infoecos.com.ar\/wp-content\/uploads\/2023\/02\/sol-1.png\",\"keywords\":[\"DEPORTE\"],\"articleSection\":[\"Noticia Principal\"],\"inLanguage\":\"es\"},{\"@type\":\"WebPage\",\"@id\":\"https:\/\/infoecos.com.ar\/index.php\/estimacion-de-dia-esplendido-a-pleno-sol-con-temperatura-que-no-superaria-los-26\/\",\"url\":\"https:\/\/infoecos.com.ar\/index.php\/estimacion-de-dia-esplendido-a-pleno-sol-con-temperatura-que-no-superaria-los-26\/\",\"name\":\"Estimaci\u00f3n de d\u00eda espl\u00e9ndido a pleno sol con temperatura que no superar\u00eda los 26\u00b0 - Infoecos\",\"isPartOf\":{\"@id\":\"https:\/\/infoecos.com.ar\/#website\"},\"primaryImageOfPage\":{\"@id\":\"https:\/\/infoecos.com.ar\/index.php\/estimacion-de-dia-esplendido-a-pleno-sol-con-temperatura-que-no-superaria-los-26\/#primaryimage\"},\"image\":{\"@id\":\"https:\/\/infoecos.com.ar\/index.php\/estimacion-de-dia-esplendido-a-pleno-sol-con-temperatura-que-no-superaria-los-26\/#primaryimage\"},\"thumbnailUrl\":\"https:\/\/infoecos.com.ar\/wp-content\/uploads\/2023\/02\/sol-1.png\",\"datePublished\":\"2026-01-19T04:36:53+00:00\",\"dateModified\":\"2026-01-19T04:36:54+00:00\",\"breadcrumb\":{\"@id\":\"https:\/\/infoecos.com.ar\/index.php\/estimacion-de-dia-esplendido-a-pleno-sol-con-temperatura-que-no-superaria-los-26\/#breadcrumb\"},\"inLanguage\":\"es\",\"potentialAction\":[{\"@type\":\"ReadAction\",\"target\":[\"https:\/\/infoecos.com.ar\/index.php\/estimacion-de-dia-esplendido-a-pleno-sol-con-temperatura-que-no-superaria-los-26\/\"]}]},{\"@type\":\"ImageObject\",\"inLanguage\":\"es\",\"@id\":\"https:\/\/infoecos.com.ar\/index.php\/estimacion-de-dia-esplendido-a-pleno-sol-con-temperatura-que-no-superaria-los-26\/#primaryimage\",\"url\":\"https:\/\/infoecos.com.ar\/wp-content\/uploads\/2023\/02\/sol-1.png\",\"contentUrl\":\"https:\/\/infoecos.com.ar\/wp-content\/uploads\/2023\/02\/sol-1.png\",\"width\":257,\"height\":256},{\"@type\":\"BreadcrumbList\",\"@id\":\"https:\/\/infoecos.com.ar\/index.php\/estimacion-de-dia-esplendido-a-pleno-sol-con-temperatura-que-no-superaria-los-26\/#breadcrumb\",\"itemListElement\":[{\"@type\":\"ListItem\",\"position\":1,\"name\":\"Portada\",\"item\":\"https:\/\/infoecos.com.ar\/\"},{\"@type\":\"ListItem\",\"position\":2,\"name\":\"Estimaci\u00f3n de d\u00eda espl\u00e9ndido a pleno sol con temperatura que no superar\u00eda los 26\u00b0\"}]},{\"@type\":\"WebSite\",\"@id\":\"https:\/\/infoecos.com.ar\/#website\",\"url\":\"https:\/\/infoecos.com.ar\/\",\"name\":\"Infoecos\",\"description\":\"Noticias de trenque lauquen y la zona\",\"publisher\":{\"@id\":\"https:\/\/infoecos.com.ar\/#organization\"},\"alternateName\":\"Noticias\",\"potentialAction\":[{\"@type\":\"SearchAction\",\"target\":{\"@type\":\"EntryPoint\",\"urlTemplate\":\"https:\/\/infoecos.com.ar\/?s={search_term_string}\"},\"query-input\":{\"@type\":\"PropertyValueSpecification\",\"valueRequired\":true,\"valueName\":\"search_term_string\"}}],\"inLanguage\":\"es\"},{\"@type\":\"Organization\",\"@id\":\"https:\/\/infoecos.com.ar\/#organization\",\"name\":\"Infoecos\",\"alternateName\":\"Noticias\",\"url\":\"https:\/\/infoecos.com.ar\/\",\"logo\":{\"@type\":\"ImageObject\",\"inLanguage\":\"es\",\"@id\":\"https:\/\/infoecos.com.ar\/#\/schema\/logo\/image\/\",\"url\":\"https:\/\/infoecos.com.ar\/wp-content\/uploads\/2024\/03\/cropped-logo.png\",\"contentUrl\":\"https:\/\/infoecos.com.ar\/wp-content\/uploads\/2024\/03\/cropped-logo.png\",\"width\":374,\"height\":90,\"caption\":\"Infoecos\"},\"image\":{\"@id\":\"https:\/\/infoecos.com.ar\/#\/schema\/logo\/image\/\"},\"sameAs\":[\"https:\/\/www.facebook.com\/profile.php?id=100063200290284\",\"https:\/\/x.com\/infoecos\"]},{\"@type\":\"Person\",\"@id\":\"https:\/\/infoecos.com.ar\/#\/schema\/person\/8f5ace5ce73b4b4aac4b7245aee6f191\",\"name\":\"Jorge Matheus\",\"url\":\"https:\/\/infoecos.com.ar\/index.php\/author\/jomatheus\/\"}]}<\/script>\n<!-- \/ Yoast SEO plugin. -->","yoast_head_json":{"title":"Estimaci\u00f3n de d\u00eda espl\u00e9ndido a pleno sol con temperatura que no superar\u00eda los 26\u00b0 - Infoecos","robots":{"index":"index","follow":"follow","max-snippet":"max-snippet:-1","max-image-preview":"max-image-preview:large","max-video-preview":"max-video-preview:-1"},"canonical":"https:\/\/infoecos.com.ar\/index.php\/estimacion-de-dia-esplendido-a-pleno-sol-con-temperatura-que-no-superaria-los-26\/","og_locale":"es_ES","og_type":"article","og_title":"Estimaci\u00f3n de d\u00eda espl\u00e9ndido a pleno sol con temperatura que no superar\u00eda los 26\u00b0 - Infoecos","og_description":"Temperatura debajo de las predominantes en el verano este domingo. La m\u00e1xima como puede verse en el gr\u00e1fico lleg\u00f3 a los 27.3\u00b0. Soplaron r\u00e1fagas de viento de hasta 33.9 kil\u00f3metros por hora","og_url":"https:\/\/infoecos.com.ar\/index.php\/estimacion-de-dia-esplendido-a-pleno-sol-con-temperatura-que-no-superaria-los-26\/","og_site_name":"Infoecos","article_publisher":"https:\/\/www.facebook.com\/profile.php?id=100063200290284","article_published_time":"2026-01-19T04:36:53+00:00","article_modified_time":"2026-01-19T04:36:54+00:00","og_image":[{"width":257,"height":256,"url":"https:\/\/infoecos.com.ar\/wp-content\/uploads\/2023\/02\/sol-1.png","type":"image\/png"}],"author":"Jorge Matheus","twitter_card":"summary_large_image","twitter_creator":"@infoecos","twitter_site":"@infoecos","twitter_misc":{"Escrito por":"Jorge Matheus","Tiempo de lectura":"1 minuto"},"schema":{"@context":"https:\/\/schema.org","@graph":[{"@type":"Article","@id":"https:\/\/infoecos.com.ar\/index.php\/estimacion-de-dia-esplendido-a-pleno-sol-con-temperatura-que-no-superaria-los-26\/#article","isPartOf":{"@id":"https:\/\/infoecos.com.ar\/index.php\/estimacion-de-dia-esplendido-a-pleno-sol-con-temperatura-que-no-superaria-los-26\/"},"author":{"name":"Jorge Matheus","@id":"https:\/\/infoecos.com.ar\/#\/schema\/person\/8f5ace5ce73b4b4aac4b7245aee6f191"},"headline":"Estimaci\u00f3n de d\u00eda espl\u00e9ndido a pleno sol con temperatura que no superar\u00eda los 26\u00b0","datePublished":"2026-01-19T04:36:53+00:00","dateModified":"2026-01-19T04:36:54+00:00","mainEntityOfPage":{"@id":"https:\/\/infoecos.com.ar\/index.php\/estimacion-de-dia-esplendido-a-pleno-sol-con-temperatura-que-no-superaria-los-26\/"},"wordCount":86,"publisher":{"@id":"https:\/\/infoecos.com.ar\/#organization"},"image":{"@id":"https:\/\/infoecos.com.ar\/index.php\/estimacion-de-dia-esplendido-a-pleno-sol-con-temperatura-que-no-superaria-los-26\/#primaryimage"},"thumbnailUrl":"https:\/\/infoecos.com.ar\/wp-content\/uploads\/2023\/02\/sol-1.png","keywords":["DEPORTE"],"articleSection":["Noticia Principal"],"inLanguage":"es"},{"@type":"WebPage","@id":"https:\/\/infoecos.com.ar\/index.php\/estimacion-de-dia-esplendido-a-pleno-sol-con-temperatura-que-no-superaria-los-26\/","url":"https:\/\/infoecos.com.ar\/index.php\/estimacion-de-dia-esplendido-a-pleno-sol-con-temperatura-que-no-superaria-los-26\/","name":"Estimaci\u00f3n de d\u00eda espl\u00e9ndido a pleno sol con temperatura que no superar\u00eda los 26\u00b0 - Infoecos","isPartOf":{"@id":"https:\/\/infoecos.com.ar\/#website"},"primaryImageOfPage":{"@id":"https:\/\/infoecos.com.ar\/index.php\/estimacion-de-dia-esplendido-a-pleno-sol-con-temperatura-que-no-superaria-los-26\/#primaryimage"},"image":{"@id":"https:\/\/infoecos.com.ar\/index.php\/estimacion-de-dia-esplendido-a-pleno-sol-con-temperatura-que-no-superaria-los-26\/#primaryimage"},"thumbnailUrl":"https:\/\/infoecos.com.ar\/wp-content\/uploads\/2023\/02\/sol-1.png","datePublished":"2026-01-19T04:36:53+00:00","dateModified":"2026-01-19T04:36:54+00:00","breadcrumb":{"@id":"https:\/\/infoecos.com.ar\/index.php\/estimacion-de-dia-esplendido-a-pleno-sol-con-temperatura-que-no-superaria-los-26\/#breadcrumb"},"inLanguage":"es","potentialAction":[{"@type":"ReadAction","target":["https:\/\/infoecos.com.ar\/index.php\/estimacion-de-dia-esplendido-a-pleno-sol-con-temperatura-que-no-superaria-los-26\/"]}]},{"@type":"ImageObject","inLanguage":"es","@id":"https:\/\/infoecos.com.ar\/index.php\/estimacion-de-dia-esplendido-a-pleno-sol-con-temperatura-que-no-superaria-los-26\/#primaryimage","url":"https:\/\/infoecos.com.ar\/wp-content\/uploads\/2023\/02\/sol-1.png","contentUrl":"https:\/\/infoecos.com.ar\/wp-content\/uploads\/2023\/02\/sol-1.png","width":257,"height":256},{"@type":"BreadcrumbList","@id":"https:\/\/infoecos.com.ar\/index.php\/estimacion-de-dia-esplendido-a-pleno-sol-con-temperatura-que-no-superaria-los-26\/#breadcrumb","itemListElement":[{"@type":"ListItem","position":1,"name":"Portada","item":"https:\/\/infoecos.com.ar\/"},{"@type":"ListItem","position":2,"name":"Estimaci\u00f3n de d\u00eda espl\u00e9ndido a pleno sol con temperatura que no superar\u00eda los 26\u00b0"}]},{"@type":"WebSite","@id":"https:\/\/infoecos.com.ar\/#website","url":"https:\/\/infoecos.com.ar\/","name":"Infoecos","description":"Noticias de trenque lauquen y la zona","publisher":{"@id":"https:\/\/infoecos.com.ar\/#organization"},"alternateName":"Noticias","potentialAction":[{"@type":"SearchAction","target":{"@type":"EntryPoint","urlTemplate":"https:\/\/infoecos.com.ar\/?s={search_term_string}"},"query-input":{"@type":"PropertyValueSpecification","valueRequired":true,"valueName":"search_term_string"}}],"inLanguage":"es"},{"@type":"Organization","@id":"https:\/\/infoecos.com.ar\/#organization","name":"Infoecos","alternateName":"Noticias","url":"https:\/\/infoecos.com.ar\/","logo":{"@type":"ImageObject","inLanguage":"es","@id":"https:\/\/infoecos.com.ar\/#\/schema\/logo\/image\/","url":"https:\/\/infoecos.com.ar\/wp-content\/uploads\/2024\/03\/cropped-logo.png","contentUrl":"https:\/\/infoecos.com.ar\/wp-content\/uploads\/2024\/03\/cropped-logo.png","width":374,"height":90,"caption":"Infoecos"},"image":{"@id":"https:\/\/infoecos.com.ar\/#\/schema\/logo\/image\/"},"sameAs":["https:\/\/www.facebook.com\/profile.php?id=100063200290284","https:\/\/x.com\/infoecos"]},{"@type":"Person","@id":"https:\/\/infoecos.com.ar\/#\/schema\/person\/8f5ace5ce73b4b4aac4b7245aee6f191","name":"Jorge Matheus","url":"https:\/\/infoecos.com.ar\/index.php\/author\/jomatheus\/"}]}},"featured_image_urls":{"full":["https:\/\/infoecos.com.ar\/wp-content\/uploads\/2023\/02\/sol-1.png",257,256,false],"thumbnail":["https:\/\/infoecos.com.ar\/wp-content\/uploads\/2023\/02\/sol-1-257x150.png",257,150,true],"medium":["https:\/\/infoecos.com.ar\/wp-content\/uploads\/2023\/02\/sol-1.png",257,256,false],"medium_large":["https:\/\/infoecos.com.ar\/wp-content\/uploads\/2023\/02\/sol-1.png",257,256,false],"large":["https:\/\/infoecos.com.ar\/wp-content\/uploads\/2023\/02\/sol-1.png",257,256,false],"1536x1536":["https:\/\/infoecos.com.ar\/wp-content\/uploads\/2023\/02\/sol-1.png",257,256,false],"2048x2048":["https:\/\/infoecos.com.ar\/wp-content\/uploads\/2023\/02\/sol-1.png",257,256,false],"covernews-slider-full":["https:\/\/infoecos.com.ar\/wp-content\/uploads\/2023\/02\/sol-1.png",257,256,false],"covernews-slider-center":["https:\/\/infoecos.com.ar\/wp-content\/uploads\/2023\/02\/sol-1.png",257,256,false],"covernews-featured":["https:\/\/infoecos.com.ar\/wp-content\/uploads\/2023\/02\/sol-1.png",257,256,false],"covernews-medium":["https:\/\/infoecos.com.ar\/wp-content\/uploads\/2023\/02\/sol-1.png",257,256,false],"covernews-medium-square":["https:\/\/infoecos.com.ar\/wp-content\/uploads\/2023\/02\/sol-1.png",251,250,false]},"author_info":{"info":["Jorge Matheus"]},"category_info":"<a href=\"https:\/\/infoecos.com.ar\/index.php\/category\/noticia-principal\/\" rel=\"category tag\">Noticia Principal<\/a>","tag_info":"Noticia Principal","comment_count":"0","_links":{"self":[{"href":"https:\/\/infoecos.com.ar\/index.php\/wp-json\/wp\/v2\/posts\/152720"}],"collection":[{"href":"https:\/\/infoecos.com.ar\/index.php\/wp-json\/wp\/v2\/posts"}],"about":[{"href":"https:\/\/infoecos.com.ar\/index.php\/wp-json\/wp\/v2\/types\/post"}],"author":[{"embeddable":true,"href":"https:\/\/infoecos.com.ar\/index.php\/wp-json\/wp\/v2\/users\/2"}],"replies":[{"embeddable":true,"href":"https:\/\/infoecos.com.ar\/index.php\/wp-json\/wp\/v2\/comments?post=152720"}],"version-history":[{"count":1,"href":"https:\/\/infoecos.com.ar\/index.php\/wp-json\/wp\/v2\/posts\/152720\/revisions"}],"predecessor-version":[{"id":152723,"href":"https:\/\/infoecos.com.ar\/index.php\/wp-json\/wp\/v2\/posts\/152720\/revisions\/152723"}],"wp:featuredmedia":[{"embeddable":true,"href":"https:\/\/infoecos.com.ar\/index.php\/wp-json\/wp\/v2\/media\/102069"}],"wp:attachment":[{"href":"https:\/\/infoecos.com.ar\/index.php\/wp-json\/wp\/v2\/media?parent=152720"}],"wp:term":[{"taxonomy":"category","embeddable":true,"href":"https:\/\/infoecos.com.ar\/index.php\/wp-json\/wp\/v2\/categories?post=152720"},{"taxonomy":"post_tag","embeddable":true,"href":"https:\/\/infoecos.com.ar\/index.php\/wp-json\/wp\/v2\/tags?post=152720"}],"curies":[{"name":"wp","href":"https:\/\/api.w.org\/{rel}","templated":true}]}}