{"id":152735,"date":"2026-01-19T02:43:49","date_gmt":"2026-01-19T05:43:49","guid":{"rendered":"https:\/\/infoecos.com.ar\/?p=152735"},"modified":"2026-01-19T02:46:19","modified_gmt":"2026-01-19T05:46:19","slug":"el-sitio-distrito-interior-estuvo-en-el-tramo-de-la-ruta-nacional-33-conocido-como-alteo-la-elisa-entre-general-villegas-y-america","status":"publish","type":"post","link":"https:\/\/infoecos.com.ar\/index.php\/el-sitio-distrito-interior-estuvo-en-el-tramo-de-la-ruta-nacional-33-conocido-como-alteo-la-elisa-entre-general-villegas-y-america\/","title":{"rendered":"Distrito Interior en el tramo de la Ruta Nacional 33 conocido como \u00abAlteo La Elisa\u00bb, entre General Villegas y Am\u00e9rica: la calzada est\u00e1 destrozada"},"content":{"rendered":"\n<p>El responsable del sitio Distrito Interior concurri\u00f3 a la zona de la Ruta Nacional 33, en el tramo conocido como el alteo La Elisa, ubicado entre General Villegas y Am\u00e9rica. <\/p>\n\n\n\n<p>En el medio colega se brinda informaci\u00f3n y se elabor\u00f3 un video de poco m\u00e1s de cinco minutos que fue subido a Youtube, donde se especifica que la calzada est\u00e1 destrozada. Apunta que \u00absi bien no existen los pozos de hace un tiempo, la deformaci\u00f3n y las piedras sueltas, vuelven al lugar un escenario propicio para los accidentes\u00bb.<\/p>\n\n\n\n<figure class=\"wp-block-image aligncenter size-full\"><img loading=\"lazy\" decoding=\"async\" width=\"620\" height=\"300\" src=\"https:\/\/infoecos.com.ar\/wp-content\/uploads\/2026\/01\/informe-portada.jpg\" alt=\"\" class=\"wp-image-152736\"\/><\/figure>\n\n\n\n<p>Sobre todo los camiones, deben frenar pr\u00e1cticamente a cero y maniobrar en muchos casos cruz\u00e1ndose de carril.<\/p>\n\n\n\n<p>Los colegas repiten que se requiere conducir con mucha precauci\u00f3n y hasta evitar viajar en horarios nocturnos o con tormenta.<\/p>\n\n\n\n<figure class=\"wp-block-embed is-type-video is-provider-youtube wp-block-embed-youtube wp-embed-aspect-16-9 wp-has-aspect-ratio\"><div class=\"wp-block-embed__wrapper\">\n<iframe loading=\"lazy\" title=\"Maxima precauci\u00f3n al circular por la R33 entre Villegas y Am\u00e9rica\" width=\"640\" height=\"360\" src=\"https:\/\/www.youtube.com\/embed\/6ydjOUW-ohQ?start=49&#038;feature=oembed\" frameborder=\"0\" allow=\"accelerometer; autoplay; clipboard-write; encrypted-media; gyroscope; picture-in-picture; web-share\" referrerpolicy=\"strict-origin-when-cross-origin\" allowfullscreen><\/iframe>\n<\/div><\/figure>\n","protected":false},"excerpt":{"rendered":"<p>En el medio colega se brinda informaci\u00f3n y se elabor\u00f3 un video de poco m\u00e1s de cinco minutos que fue subido a Youtube, donde se especifica que la calzada est\u00e1 destrozada<\/p>\n","protected":false},"author":2,"featured_media":152736,"comment_status":"closed","ping_status":"open","sticky":false,"template":"","format":"standard","meta":{"footnotes":""},"categories":[1612],"tags":[1500],"class_list":["post-152735","post","type-post","status-publish","format-standard","has-post-thumbnail","hentry","category-noticia-principal","tag-regional"],"yoast_head":"<!-- This site is optimized with the Yoast SEO plugin v23.4 - https:\/\/yoast.com\/wordpress\/plugins\/seo\/ -->\n<title>Distrito Interior en el tramo de la Ruta Nacional 33 conocido como &quot;Alteo La Elisa&quot;, entre General Villegas y Am\u00e9rica: la calzada est\u00e1 destrozada - Infoecos<\/title>\n<meta name=\"robots\" content=\"index, follow, max-snippet:-1, max-image-preview:large, max-video-preview:-1\" \/>\n<link rel=\"canonical\" href=\"https:\/\/infoecos.com.ar\/index.php\/el-sitio-distrito-interior-estuvo-en-el-tramo-de-la-ruta-nacional-33-conocido-como-alteo-la-elisa-entre-general-villegas-y-america\/\" \/>\n<meta property=\"og:locale\" content=\"es_ES\" \/>\n<meta property=\"og:type\" content=\"article\" \/>\n<meta property=\"og:title\" content=\"Distrito Interior en el tramo de la Ruta Nacional 33 conocido como &quot;Alteo La Elisa&quot;, entre General Villegas y Am\u00e9rica: la calzada est\u00e1 destrozada - Infoecos\" \/>\n<meta property=\"og:description\" content=\"En el medio colega se brinda informaci\u00f3n y se elabor\u00f3 un video de poco m\u00e1s de cinco minutos que fue subido a Youtube, donde se especifica que la calzada est\u00e1 destrozada\" \/>\n<meta property=\"og:url\" content=\"https:\/\/infoecos.com.ar\/index.php\/el-sitio-distrito-interior-estuvo-en-el-tramo-de-la-ruta-nacional-33-conocido-como-alteo-la-elisa-entre-general-villegas-y-america\/\" \/>\n<meta property=\"og:site_name\" content=\"Infoecos\" \/>\n<meta property=\"article:publisher\" content=\"https:\/\/www.facebook.com\/profile.php?id=100063200290284\" \/>\n<meta property=\"article:published_time\" content=\"2026-01-19T05:43:49+00:00\" \/>\n<meta property=\"article:modified_time\" content=\"2026-01-19T05:46:19+00:00\" \/>\n<meta property=\"og:image\" content=\"https:\/\/infoecos.com.ar\/wp-content\/uploads\/2026\/01\/informe-portada.jpg\" \/>\n\t<meta property=\"og:image:width\" content=\"620\" \/>\n\t<meta property=\"og:image:height\" content=\"300\" \/>\n\t<meta property=\"og:image:type\" content=\"image\/jpeg\" \/>\n<meta name=\"author\" content=\"Jorge Matheus\" \/>\n<meta name=\"twitter:card\" content=\"summary_large_image\" \/>\n<meta name=\"twitter:creator\" content=\"@infoecos\" \/>\n<meta name=\"twitter:site\" content=\"@infoecos\" \/>\n<meta name=\"twitter:label1\" content=\"Escrito por\" \/>\n\t<meta name=\"twitter:data1\" content=\"Jorge Matheus\" \/>\n\t<meta name=\"twitter:label2\" content=\"Tiempo de lectura\" \/>\n\t<meta name=\"twitter:data2\" content=\"1 minuto\" \/>\n<script type=\"application\/ld+json\" class=\"yoast-schema-graph\">{\"@context\":\"https:\/\/schema.org\",\"@graph\":[{\"@type\":\"Article\",\"@id\":\"https:\/\/infoecos.com.ar\/index.php\/el-sitio-distrito-interior-estuvo-en-el-tramo-de-la-ruta-nacional-33-conocido-como-alteo-la-elisa-entre-general-villegas-y-america\/#article\",\"isPartOf\":{\"@id\":\"https:\/\/infoecos.com.ar\/index.php\/el-sitio-distrito-interior-estuvo-en-el-tramo-de-la-ruta-nacional-33-conocido-como-alteo-la-elisa-entre-general-villegas-y-america\/\"},\"author\":{\"name\":\"Jorge Matheus\",\"@id\":\"https:\/\/infoecos.com.ar\/#\/schema\/person\/8f5ace5ce73b4b4aac4b7245aee6f191\"},\"headline\":\"Distrito Interior en el tramo de la Ruta Nacional 33 conocido como \u00abAlteo La Elisa\u00bb, entre General Villegas y Am\u00e9rica: la calzada est\u00e1 destrozada\",\"datePublished\":\"2026-01-19T05:43:49+00:00\",\"dateModified\":\"2026-01-19T05:46:19+00:00\",\"mainEntityOfPage\":{\"@id\":\"https:\/\/infoecos.com.ar\/index.php\/el-sitio-distrito-interior-estuvo-en-el-tramo-de-la-ruta-nacional-33-conocido-como-alteo-la-elisa-entre-general-villegas-y-america\/\"},\"wordCount\":165,\"publisher\":{\"@id\":\"https:\/\/infoecos.com.ar\/#organization\"},\"image\":{\"@id\":\"https:\/\/infoecos.com.ar\/index.php\/el-sitio-distrito-interior-estuvo-en-el-tramo-de-la-ruta-nacional-33-conocido-como-alteo-la-elisa-entre-general-villegas-y-america\/#primaryimage\"},\"thumbnailUrl\":\"https:\/\/infoecos.com.ar\/wp-content\/uploads\/2026\/01\/informe-portada.jpg\",\"keywords\":[\"REGIONAL\"],\"articleSection\":[\"Noticia Principal\"],\"inLanguage\":\"es\"},{\"@type\":\"WebPage\",\"@id\":\"https:\/\/infoecos.com.ar\/index.php\/el-sitio-distrito-interior-estuvo-en-el-tramo-de-la-ruta-nacional-33-conocido-como-alteo-la-elisa-entre-general-villegas-y-america\/\",\"url\":\"https:\/\/infoecos.com.ar\/index.php\/el-sitio-distrito-interior-estuvo-en-el-tramo-de-la-ruta-nacional-33-conocido-como-alteo-la-elisa-entre-general-villegas-y-america\/\",\"name\":\"Distrito Interior en el tramo de la Ruta Nacional 33 conocido como \\\"Alteo La Elisa\\\", entre General Villegas y Am\u00e9rica: la calzada est\u00e1 destrozada - Infoecos\",\"isPartOf\":{\"@id\":\"https:\/\/infoecos.com.ar\/#website\"},\"primaryImageOfPage\":{\"@id\":\"https:\/\/infoecos.com.ar\/index.php\/el-sitio-distrito-interior-estuvo-en-el-tramo-de-la-ruta-nacional-33-conocido-como-alteo-la-elisa-entre-general-villegas-y-america\/#primaryimage\"},\"image\":{\"@id\":\"https:\/\/infoecos.com.ar\/index.php\/el-sitio-distrito-interior-estuvo-en-el-tramo-de-la-ruta-nacional-33-conocido-como-alteo-la-elisa-entre-general-villegas-y-america\/#primaryimage\"},\"thumbnailUrl\":\"https:\/\/infoecos.com.ar\/wp-content\/uploads\/2026\/01\/informe-portada.jpg\",\"datePublished\":\"2026-01-19T05:43:49+00:00\",\"dateModified\":\"2026-01-19T05:46:19+00:00\",\"breadcrumb\":{\"@id\":\"https:\/\/infoecos.com.ar\/index.php\/el-sitio-distrito-interior-estuvo-en-el-tramo-de-la-ruta-nacional-33-conocido-como-alteo-la-elisa-entre-general-villegas-y-america\/#breadcrumb\"},\"inLanguage\":\"es\",\"potentialAction\":[{\"@type\":\"ReadAction\",\"target\":[\"https:\/\/infoecos.com.ar\/index.php\/el-sitio-distrito-interior-estuvo-en-el-tramo-de-la-ruta-nacional-33-conocido-como-alteo-la-elisa-entre-general-villegas-y-america\/\"]}]},{\"@type\":\"ImageObject\",\"inLanguage\":\"es\",\"@id\":\"https:\/\/infoecos.com.ar\/index.php\/el-sitio-distrito-interior-estuvo-en-el-tramo-de-la-ruta-nacional-33-conocido-como-alteo-la-elisa-entre-general-villegas-y-america\/#primaryimage\",\"url\":\"https:\/\/infoecos.com.ar\/wp-content\/uploads\/2026\/01\/informe-portada.jpg\",\"contentUrl\":\"https:\/\/infoecos.com.ar\/wp-content\/uploads\/2026\/01\/informe-portada.jpg\",\"width\":620,\"height\":300},{\"@type\":\"BreadcrumbList\",\"@id\":\"https:\/\/infoecos.com.ar\/index.php\/el-sitio-distrito-interior-estuvo-en-el-tramo-de-la-ruta-nacional-33-conocido-como-alteo-la-elisa-entre-general-villegas-y-america\/#breadcrumb\",\"itemListElement\":[{\"@type\":\"ListItem\",\"position\":1,\"name\":\"Portada\",\"item\":\"https:\/\/infoecos.com.ar\/\"},{\"@type\":\"ListItem\",\"position\":2,\"name\":\"Distrito Interior en el tramo de la Ruta Nacional 33 conocido como \u00abAlteo La Elisa\u00bb, entre General Villegas y Am\u00e9rica: la calzada est\u00e1 destrozada\"}]},{\"@type\":\"WebSite\",\"@id\":\"https:\/\/infoecos.com.ar\/#website\",\"url\":\"https:\/\/infoecos.com.ar\/\",\"name\":\"Infoecos\",\"description\":\"Noticias de trenque lauquen y la zona\",\"publisher\":{\"@id\":\"https:\/\/infoecos.com.ar\/#organization\"},\"alternateName\":\"Noticias\",\"potentialAction\":[{\"@type\":\"SearchAction\",\"target\":{\"@type\":\"EntryPoint\",\"urlTemplate\":\"https:\/\/infoecos.com.ar\/?s={search_term_string}\"},\"query-input\":{\"@type\":\"PropertyValueSpecification\",\"valueRequired\":true,\"valueName\":\"search_term_string\"}}],\"inLanguage\":\"es\"},{\"@type\":\"Organization\",\"@id\":\"https:\/\/infoecos.com.ar\/#organization\",\"name\":\"Infoecos\",\"alternateName\":\"Noticias\",\"url\":\"https:\/\/infoecos.com.ar\/\",\"logo\":{\"@type\":\"ImageObject\",\"inLanguage\":\"es\",\"@id\":\"https:\/\/infoecos.com.ar\/#\/schema\/logo\/image\/\",\"url\":\"https:\/\/infoecos.com.ar\/wp-content\/uploads\/2024\/03\/cropped-logo.png\",\"contentUrl\":\"https:\/\/infoecos.com.ar\/wp-content\/uploads\/2024\/03\/cropped-logo.png\",\"width\":374,\"height\":90,\"caption\":\"Infoecos\"},\"image\":{\"@id\":\"https:\/\/infoecos.com.ar\/#\/schema\/logo\/image\/\"},\"sameAs\":[\"https:\/\/www.facebook.com\/profile.php?id=100063200290284\",\"https:\/\/x.com\/infoecos\"]},{\"@type\":\"Person\",\"@id\":\"https:\/\/infoecos.com.ar\/#\/schema\/person\/8f5ace5ce73b4b4aac4b7245aee6f191\",\"name\":\"Jorge Matheus\",\"url\":\"https:\/\/infoecos.com.ar\/index.php\/author\/jomatheus\/\"}]}<\/script>\n<!-- \/ Yoast SEO plugin. -->","yoast_head_json":{"title":"Distrito Interior en el tramo de la Ruta Nacional 33 conocido como \"Alteo La Elisa\", entre General Villegas y Am\u00e9rica: la calzada est\u00e1 destrozada - Infoecos","robots":{"index":"index","follow":"follow","max-snippet":"max-snippet:-1","max-image-preview":"max-image-preview:large","max-video-preview":"max-video-preview:-1"},"canonical":"https:\/\/infoecos.com.ar\/index.php\/el-sitio-distrito-interior-estuvo-en-el-tramo-de-la-ruta-nacional-33-conocido-como-alteo-la-elisa-entre-general-villegas-y-america\/","og_locale":"es_ES","og_type":"article","og_title":"Distrito Interior en el tramo de la Ruta Nacional 33 conocido como \"Alteo La Elisa\", entre General Villegas y Am\u00e9rica: la calzada est\u00e1 destrozada - Infoecos","og_description":"En el medio colega se brinda informaci\u00f3n y se elabor\u00f3 un video de poco m\u00e1s de cinco minutos que fue subido a Youtube, donde se especifica que la calzada est\u00e1 destrozada","og_url":"https:\/\/infoecos.com.ar\/index.php\/el-sitio-distrito-interior-estuvo-en-el-tramo-de-la-ruta-nacional-33-conocido-como-alteo-la-elisa-entre-general-villegas-y-america\/","og_site_name":"Infoecos","article_publisher":"https:\/\/www.facebook.com\/profile.php?id=100063200290284","article_published_time":"2026-01-19T05:43:49+00:00","article_modified_time":"2026-01-19T05:46:19+00:00","og_image":[{"width":620,"height":300,"url":"https:\/\/infoecos.com.ar\/wp-content\/uploads\/2026\/01\/informe-portada.jpg","type":"image\/jpeg"}],"author":"Jorge Matheus","twitter_card":"summary_large_image","twitter_creator":"@infoecos","twitter_site":"@infoecos","twitter_misc":{"Escrito por":"Jorge Matheus","Tiempo de lectura":"1 minuto"},"schema":{"@context":"https:\/\/schema.org","@graph":[{"@type":"Article","@id":"https:\/\/infoecos.com.ar\/index.php\/el-sitio-distrito-interior-estuvo-en-el-tramo-de-la-ruta-nacional-33-conocido-como-alteo-la-elisa-entre-general-villegas-y-america\/#article","isPartOf":{"@id":"https:\/\/infoecos.com.ar\/index.php\/el-sitio-distrito-interior-estuvo-en-el-tramo-de-la-ruta-nacional-33-conocido-como-alteo-la-elisa-entre-general-villegas-y-america\/"},"author":{"name":"Jorge Matheus","@id":"https:\/\/infoecos.com.ar\/#\/schema\/person\/8f5ace5ce73b4b4aac4b7245aee6f191"},"headline":"Distrito Interior en el tramo de la Ruta Nacional 33 conocido como \u00abAlteo La Elisa\u00bb, entre General Villegas y Am\u00e9rica: la calzada est\u00e1 destrozada","datePublished":"2026-01-19T05:43:49+00:00","dateModified":"2026-01-19T05:46:19+00:00","mainEntityOfPage":{"@id":"https:\/\/infoecos.com.ar\/index.php\/el-sitio-distrito-interior-estuvo-en-el-tramo-de-la-ruta-nacional-33-conocido-como-alteo-la-elisa-entre-general-villegas-y-america\/"},"wordCount":165,"publisher":{"@id":"https:\/\/infoecos.com.ar\/#organization"},"image":{"@id":"https:\/\/infoecos.com.ar\/index.php\/el-sitio-distrito-interior-estuvo-en-el-tramo-de-la-ruta-nacional-33-conocido-como-alteo-la-elisa-entre-general-villegas-y-america\/#primaryimage"},"thumbnailUrl":"https:\/\/infoecos.com.ar\/wp-content\/uploads\/2026\/01\/informe-portada.jpg","keywords":["REGIONAL"],"articleSection":["Noticia Principal"],"inLanguage":"es"},{"@type":"WebPage","@id":"https:\/\/infoecos.com.ar\/index.php\/el-sitio-distrito-interior-estuvo-en-el-tramo-de-la-ruta-nacional-33-conocido-como-alteo-la-elisa-entre-general-villegas-y-america\/","url":"https:\/\/infoecos.com.ar\/index.php\/el-sitio-distrito-interior-estuvo-en-el-tramo-de-la-ruta-nacional-33-conocido-como-alteo-la-elisa-entre-general-villegas-y-america\/","name":"Distrito Interior en el tramo de la Ruta Nacional 33 conocido como \"Alteo La Elisa\", entre General Villegas y Am\u00e9rica: la calzada est\u00e1 destrozada - Infoecos","isPartOf":{"@id":"https:\/\/infoecos.com.ar\/#website"},"primaryImageOfPage":{"@id":"https:\/\/infoecos.com.ar\/index.php\/el-sitio-distrito-interior-estuvo-en-el-tramo-de-la-ruta-nacional-33-conocido-como-alteo-la-elisa-entre-general-villegas-y-america\/#primaryimage"},"image":{"@id":"https:\/\/infoecos.com.ar\/index.php\/el-sitio-distrito-interior-estuvo-en-el-tramo-de-la-ruta-nacional-33-conocido-como-alteo-la-elisa-entre-general-villegas-y-america\/#primaryimage"},"thumbnailUrl":"https:\/\/infoecos.com.ar\/wp-content\/uploads\/2026\/01\/informe-portada.jpg","datePublished":"2026-01-19T05:43:49+00:00","dateModified":"2026-01-19T05:46:19+00:00","breadcrumb":{"@id":"https:\/\/infoecos.com.ar\/index.php\/el-sitio-distrito-interior-estuvo-en-el-tramo-de-la-ruta-nacional-33-conocido-como-alteo-la-elisa-entre-general-villegas-y-america\/#breadcrumb"},"inLanguage":"es","potentialAction":[{"@type":"ReadAction","target":["https:\/\/infoecos.com.ar\/index.php\/el-sitio-distrito-interior-estuvo-en-el-tramo-de-la-ruta-nacional-33-conocido-como-alteo-la-elisa-entre-general-villegas-y-america\/"]}]},{"@type":"ImageObject","inLanguage":"es","@id":"https:\/\/infoecos.com.ar\/index.php\/el-sitio-distrito-interior-estuvo-en-el-tramo-de-la-ruta-nacional-33-conocido-como-alteo-la-elisa-entre-general-villegas-y-america\/#primaryimage","url":"https:\/\/infoecos.com.ar\/wp-content\/uploads\/2026\/01\/informe-portada.jpg","contentUrl":"https:\/\/infoecos.com.ar\/wp-content\/uploads\/2026\/01\/informe-portada.jpg","width":620,"height":300},{"@type":"BreadcrumbList","@id":"https:\/\/infoecos.com.ar\/index.php\/el-sitio-distrito-interior-estuvo-en-el-tramo-de-la-ruta-nacional-33-conocido-como-alteo-la-elisa-entre-general-villegas-y-america\/#breadcrumb","itemListElement":[{"@type":"ListItem","position":1,"name":"Portada","item":"https:\/\/infoecos.com.ar\/"},{"@type":"ListItem","position":2,"name":"Distrito Interior en el tramo de la Ruta Nacional 33 conocido como \u00abAlteo La Elisa\u00bb, entre General Villegas y Am\u00e9rica: la calzada est\u00e1 destrozada"}]},{"@type":"WebSite","@id":"https:\/\/infoecos.com.ar\/#website","url":"https:\/\/infoecos.com.ar\/","name":"Infoecos","description":"Noticias de trenque lauquen y la zona","publisher":{"@id":"https:\/\/infoecos.com.ar\/#organization"},"alternateName":"Noticias","potentialAction":[{"@type":"SearchAction","target":{"@type":"EntryPoint","urlTemplate":"https:\/\/infoecos.com.ar\/?s={search_term_string}"},"query-input":{"@type":"PropertyValueSpecification","valueRequired":true,"valueName":"search_term_string"}}],"inLanguage":"es"},{"@type":"Organization","@id":"https:\/\/infoecos.com.ar\/#organization","name":"Infoecos","alternateName":"Noticias","url":"https:\/\/infoecos.com.ar\/","logo":{"@type":"ImageObject","inLanguage":"es","@id":"https:\/\/infoecos.com.ar\/#\/schema\/logo\/image\/","url":"https:\/\/infoecos.com.ar\/wp-content\/uploads\/2024\/03\/cropped-logo.png","contentUrl":"https:\/\/infoecos.com.ar\/wp-content\/uploads\/2024\/03\/cropped-logo.png","width":374,"height":90,"caption":"Infoecos"},"image":{"@id":"https:\/\/infoecos.com.ar\/#\/schema\/logo\/image\/"},"sameAs":["https:\/\/www.facebook.com\/profile.php?id=100063200290284","https:\/\/x.com\/infoecos"]},{"@type":"Person","@id":"https:\/\/infoecos.com.ar\/#\/schema\/person\/8f5ace5ce73b4b4aac4b7245aee6f191","name":"Jorge Matheus","url":"https:\/\/infoecos.com.ar\/index.php\/author\/jomatheus\/"}]}},"featured_image_urls":{"full":["https:\/\/infoecos.com.ar\/wp-content\/uploads\/2026\/01\/informe-portada.jpg",620,300,false],"thumbnail":["https:\/\/infoecos.com.ar\/wp-content\/uploads\/2026\/01\/informe-portada-300x150.jpg",300,150,true],"medium":["https:\/\/infoecos.com.ar\/wp-content\/uploads\/2026\/01\/informe-portada.jpg",620,300,false],"medium_large":["https:\/\/infoecos.com.ar\/wp-content\/uploads\/2026\/01\/informe-portada.jpg",620,300,false],"large":["https:\/\/infoecos.com.ar\/wp-content\/uploads\/2026\/01\/informe-portada.jpg",620,300,false],"1536x1536":["https:\/\/infoecos.com.ar\/wp-content\/uploads\/2026\/01\/informe-portada.jpg",620,300,false],"2048x2048":["https:\/\/infoecos.com.ar\/wp-content\/uploads\/2026\/01\/informe-portada.jpg",620,300,false],"covernews-slider-full":["https:\/\/infoecos.com.ar\/wp-content\/uploads\/2026\/01\/informe-portada.jpg",620,300,false],"covernews-slider-center":["https:\/\/infoecos.com.ar\/wp-content\/uploads\/2026\/01\/informe-portada.jpg",620,300,false],"covernews-featured":["https:\/\/infoecos.com.ar\/wp-content\/uploads\/2026\/01\/informe-portada.jpg",620,300,false],"covernews-medium":["https:\/\/infoecos.com.ar\/wp-content\/uploads\/2026\/01\/informe-portada-540x300.jpg",540,300,true],"covernews-medium-square":["https:\/\/infoecos.com.ar\/wp-content\/uploads\/2026\/01\/informe-portada-400x250.jpg",400,250,true]},"author_info":{"info":["Jorge Matheus"]},"category_info":"<a href=\"https:\/\/infoecos.com.ar\/index.php\/category\/noticia-principal\/\" rel=\"category tag\">Noticia Principal<\/a>","tag_info":"Noticia Principal","comment_count":"0","_links":{"self":[{"href":"https:\/\/infoecos.com.ar\/index.php\/wp-json\/wp\/v2\/posts\/152735"}],"collection":[{"href":"https:\/\/infoecos.com.ar\/index.php\/wp-json\/wp\/v2\/posts"}],"about":[{"href":"https:\/\/infoecos.com.ar\/index.php\/wp-json\/wp\/v2\/types\/post"}],"author":[{"embeddable":true,"href":"https:\/\/infoecos.com.ar\/index.php\/wp-json\/wp\/v2\/users\/2"}],"replies":[{"embeddable":true,"href":"https:\/\/infoecos.com.ar\/index.php\/wp-json\/wp\/v2\/comments?post=152735"}],"version-history":[{"count":2,"href":"https:\/\/infoecos.com.ar\/index.php\/wp-json\/wp\/v2\/posts\/152735\/revisions"}],"predecessor-version":[{"id":152738,"href":"https:\/\/infoecos.com.ar\/index.php\/wp-json\/wp\/v2\/posts\/152735\/revisions\/152738"}],"wp:featuredmedia":[{"embeddable":true,"href":"https:\/\/infoecos.com.ar\/index.php\/wp-json\/wp\/v2\/media\/152736"}],"wp:attachment":[{"href":"https:\/\/infoecos.com.ar\/index.php\/wp-json\/wp\/v2\/media?parent=152735"}],"wp:term":[{"taxonomy":"category","embeddable":true,"href":"https:\/\/infoecos.com.ar\/index.php\/wp-json\/wp\/v2\/categories?post=152735"},{"taxonomy":"post_tag","embeddable":true,"href":"https:\/\/infoecos.com.ar\/index.php\/wp-json\/wp\/v2\/tags?post=152735"}],"curies":[{"name":"wp","href":"https:\/\/api.w.org\/{rel}","templated":true}]}}