{"id":154254,"date":"2026-03-01T15:17:57","date_gmt":"2026-03-01T18:17:57","guid":{"rendered":"https:\/\/infoecos.com.ar\/?p=154254"},"modified":"2026-03-01T15:17:58","modified_gmt":"2026-03-01T18:17:58","slug":"paro-nacional-docente-este-lunes-con-adhesion-de-los-gremios-de-la-provincia-de-buenos-aires","status":"publish","type":"post","link":"https:\/\/infoecos.com.ar\/index.php\/paro-nacional-docente-este-lunes-con-adhesion-de-los-gremios-de-la-provincia-de-buenos-aires\/","title":{"rendered":"Paro nacional docente, este lunes, con adhesi\u00f3n de los gremios de la provincia de Buenos Aires"},"content":{"rendered":"\n<p>La Confederaci\u00f3n de Trabajadores de la Educaci\u00f3n (Ctera) y otros gremios realizar\u00e1n este lunes un paro nacional docente de 24 horas que afectar\u00e1 la vuelta a las aulas en unas 15 provincias, incluida Buenos Aires.\u00a0<\/p>\n\n\n\n<p>En el caso de la provincia ser\u00e1 la primera huelga de maestros que enfrentar\u00e1 el gobierno de Axel Kicillof en un inicio de clases.<\/p>\n\n\n\n<figure class=\"wp-block-image aligncenter size-full is-resized\"><img loading=\"lazy\" decoding=\"async\" width=\"1121\" height=\"633\" src=\"https:\/\/infoecos.com.ar\/wp-content\/uploads\/2025\/02\/image-241.png\" alt=\"\" class=\"wp-image-138050\" style=\"width:536px;height:auto\" srcset=\"https:\/\/infoecos.com.ar\/wp-content\/uploads\/2025\/02\/image-241.png 1121w, https:\/\/infoecos.com.ar\/wp-content\/uploads\/2025\/02\/image-241-800x452.png 800w, https:\/\/infoecos.com.ar\/wp-content\/uploads\/2025\/02\/image-241-768x434.png 768w, https:\/\/infoecos.com.ar\/wp-content\/uploads\/2025\/02\/image-241-1024x578.png 1024w\" sizes=\"(max-width: 1121px) 100vw, 1121px\" \/><\/figure>\n\n\n\n<p>El Congreso Extraordinario de la Federaci\u00f3n de Educadores Bonaerenses (FEB) hab\u00eda rechazado d\u00edas atr\u00e1s la propuesta salarial de un incremento del 3% que les hab\u00eda acercado el gobierno bonaerense, por considerarla insuficiente.<\/p>\n\n\n\n<p>El gobierno provincial inform\u00f3 que, para tratar de resolver el problema paritario, convoc\u00f3 a los docentes y estatales a una nueva reuni\u00f3n el pr\u00f3ximo mi\u00e9rcoles a las 11. La titular de la FEB, Liliana Olivera, asegur\u00f3 que la propuesta de suba \u201cno alcanza a cubrir la p\u00e9rdida salarial que venimos sufriendo en el sector\u201d. Olivera inform\u00f3 que un maestro de grado que reci\u00e9n se inicia, con esta propuesta, percibir\u00eda un incremento en su sueldo de bolsillo de $22.188.<\/p>\n\n\n\n<p>Al paro de este lunes lo promueven adem\u00e1s los sindicatos docentes de la CGT: la Uni\u00f3n de Docentes Argentinos (UDA) y la Confederaci\u00f3n de Educadores Argentinos (CEA)<\/p>\n\n\n\n<p><\/p>\n","protected":false},"excerpt":{"rendered":"<p>En el caso de la provincia ser\u00e1 la primera huelga de maestros que enfrentar\u00e1 el gobierno de Axel Kicillof en un inicio de clases<\/p>\n","protected":false},"author":2,"featured_media":138050,"comment_status":"closed","ping_status":"open","sticky":false,"template":"","format":"standard","meta":{"footnotes":""},"categories":[1612],"tags":[97],"class_list":["post-154254","post","type-post","status-publish","format-standard","has-post-thumbnail","hentry","category-noticia-principal","tag-economia"],"yoast_head":"<!-- This site is optimized with the Yoast SEO plugin v23.4 - https:\/\/yoast.com\/wordpress\/plugins\/seo\/ -->\n<title>Paro nacional docente, este lunes, con adhesi\u00f3n de los gremios de la provincia de Buenos Aires - Infoecos<\/title>\n<meta name=\"robots\" content=\"index, follow, max-snippet:-1, max-image-preview:large, max-video-preview:-1\" \/>\n<link rel=\"canonical\" href=\"https:\/\/infoecos.com.ar\/index.php\/paro-nacional-docente-este-lunes-con-adhesion-de-los-gremios-de-la-provincia-de-buenos-aires\/\" \/>\n<meta property=\"og:locale\" content=\"es_ES\" \/>\n<meta property=\"og:type\" content=\"article\" \/>\n<meta property=\"og:title\" content=\"Paro nacional docente, este lunes, con adhesi\u00f3n de los gremios de la provincia de Buenos Aires - Infoecos\" \/>\n<meta property=\"og:description\" content=\"En el caso de la provincia ser\u00e1 la primera huelga de maestros que enfrentar\u00e1 el gobierno de Axel Kicillof en un inicio de clases\" \/>\n<meta property=\"og:url\" content=\"https:\/\/infoecos.com.ar\/index.php\/paro-nacional-docente-este-lunes-con-adhesion-de-los-gremios-de-la-provincia-de-buenos-aires\/\" \/>\n<meta property=\"og:site_name\" content=\"Infoecos\" \/>\n<meta property=\"article:publisher\" content=\"https:\/\/www.facebook.com\/profile.php?id=100063200290284\" \/>\n<meta property=\"article:published_time\" content=\"2026-03-01T18:17:57+00:00\" \/>\n<meta property=\"article:modified_time\" content=\"2026-03-01T18:17:58+00:00\" \/>\n<meta property=\"og:image\" content=\"https:\/\/infoecos.com.ar\/wp-content\/uploads\/2025\/02\/image-241.png\" \/>\n\t<meta property=\"og:image:width\" content=\"1121\" \/>\n\t<meta property=\"og:image:height\" content=\"633\" \/>\n\t<meta property=\"og:image:type\" content=\"image\/png\" \/>\n<meta name=\"author\" content=\"Jorge Matheus\" \/>\n<meta name=\"twitter:card\" content=\"summary_large_image\" \/>\n<meta name=\"twitter:creator\" content=\"@infoecos\" \/>\n<meta name=\"twitter:site\" content=\"@infoecos\" \/>\n<meta name=\"twitter:label1\" content=\"Escrito por\" \/>\n\t<meta name=\"twitter:data1\" content=\"Jorge Matheus\" \/>\n\t<meta name=\"twitter:label2\" content=\"Tiempo de lectura\" \/>\n\t<meta name=\"twitter:data2\" content=\"2 minutos\" \/>\n<script type=\"application\/ld+json\" class=\"yoast-schema-graph\">{\"@context\":\"https:\/\/schema.org\",\"@graph\":[{\"@type\":\"Article\",\"@id\":\"https:\/\/infoecos.com.ar\/index.php\/paro-nacional-docente-este-lunes-con-adhesion-de-los-gremios-de-la-provincia-de-buenos-aires\/#article\",\"isPartOf\":{\"@id\":\"https:\/\/infoecos.com.ar\/index.php\/paro-nacional-docente-este-lunes-con-adhesion-de-los-gremios-de-la-provincia-de-buenos-aires\/\"},\"author\":{\"name\":\"Jorge Matheus\",\"@id\":\"https:\/\/infoecos.com.ar\/#\/schema\/person\/8f5ace5ce73b4b4aac4b7245aee6f191\"},\"headline\":\"Paro nacional docente, este lunes, con adhesi\u00f3n de los gremios de la provincia de Buenos Aires\",\"datePublished\":\"2026-03-01T18:17:57+00:00\",\"dateModified\":\"2026-03-01T18:17:58+00:00\",\"mainEntityOfPage\":{\"@id\":\"https:\/\/infoecos.com.ar\/index.php\/paro-nacional-docente-este-lunes-con-adhesion-de-los-gremios-de-la-provincia-de-buenos-aires\/\"},\"wordCount\":225,\"publisher\":{\"@id\":\"https:\/\/infoecos.com.ar\/#organization\"},\"image\":{\"@id\":\"https:\/\/infoecos.com.ar\/index.php\/paro-nacional-docente-este-lunes-con-adhesion-de-los-gremios-de-la-provincia-de-buenos-aires\/#primaryimage\"},\"thumbnailUrl\":\"https:\/\/infoecos.com.ar\/wp-content\/uploads\/2025\/02\/image-241.png\",\"keywords\":[\"ECONOM\u00cdA\"],\"articleSection\":[\"Noticia Principal\"],\"inLanguage\":\"es\"},{\"@type\":\"WebPage\",\"@id\":\"https:\/\/infoecos.com.ar\/index.php\/paro-nacional-docente-este-lunes-con-adhesion-de-los-gremios-de-la-provincia-de-buenos-aires\/\",\"url\":\"https:\/\/infoecos.com.ar\/index.php\/paro-nacional-docente-este-lunes-con-adhesion-de-los-gremios-de-la-provincia-de-buenos-aires\/\",\"name\":\"Paro nacional docente, este lunes, con adhesi\u00f3n de los gremios de la provincia de Buenos Aires - Infoecos\",\"isPartOf\":{\"@id\":\"https:\/\/infoecos.com.ar\/#website\"},\"primaryImageOfPage\":{\"@id\":\"https:\/\/infoecos.com.ar\/index.php\/paro-nacional-docente-este-lunes-con-adhesion-de-los-gremios-de-la-provincia-de-buenos-aires\/#primaryimage\"},\"image\":{\"@id\":\"https:\/\/infoecos.com.ar\/index.php\/paro-nacional-docente-este-lunes-con-adhesion-de-los-gremios-de-la-provincia-de-buenos-aires\/#primaryimage\"},\"thumbnailUrl\":\"https:\/\/infoecos.com.ar\/wp-content\/uploads\/2025\/02\/image-241.png\",\"datePublished\":\"2026-03-01T18:17:57+00:00\",\"dateModified\":\"2026-03-01T18:17:58+00:00\",\"breadcrumb\":{\"@id\":\"https:\/\/infoecos.com.ar\/index.php\/paro-nacional-docente-este-lunes-con-adhesion-de-los-gremios-de-la-provincia-de-buenos-aires\/#breadcrumb\"},\"inLanguage\":\"es\",\"potentialAction\":[{\"@type\":\"ReadAction\",\"target\":[\"https:\/\/infoecos.com.ar\/index.php\/paro-nacional-docente-este-lunes-con-adhesion-de-los-gremios-de-la-provincia-de-buenos-aires\/\"]}]},{\"@type\":\"ImageObject\",\"inLanguage\":\"es\",\"@id\":\"https:\/\/infoecos.com.ar\/index.php\/paro-nacional-docente-este-lunes-con-adhesion-de-los-gremios-de-la-provincia-de-buenos-aires\/#primaryimage\",\"url\":\"https:\/\/infoecos.com.ar\/wp-content\/uploads\/2025\/02\/image-241.png\",\"contentUrl\":\"https:\/\/infoecos.com.ar\/wp-content\/uploads\/2025\/02\/image-241.png\",\"width\":1121,\"height\":633},{\"@type\":\"BreadcrumbList\",\"@id\":\"https:\/\/infoecos.com.ar\/index.php\/paro-nacional-docente-este-lunes-con-adhesion-de-los-gremios-de-la-provincia-de-buenos-aires\/#breadcrumb\",\"itemListElement\":[{\"@type\":\"ListItem\",\"position\":1,\"name\":\"Portada\",\"item\":\"https:\/\/infoecos.com.ar\/\"},{\"@type\":\"ListItem\",\"position\":2,\"name\":\"Paro nacional docente, este lunes, con adhesi\u00f3n de los gremios de la provincia de Buenos Aires\"}]},{\"@type\":\"WebSite\",\"@id\":\"https:\/\/infoecos.com.ar\/#website\",\"url\":\"https:\/\/infoecos.com.ar\/\",\"name\":\"Infoecos\",\"description\":\"Noticias de trenque lauquen y la zona\",\"publisher\":{\"@id\":\"https:\/\/infoecos.com.ar\/#organization\"},\"alternateName\":\"Noticias\",\"potentialAction\":[{\"@type\":\"SearchAction\",\"target\":{\"@type\":\"EntryPoint\",\"urlTemplate\":\"https:\/\/infoecos.com.ar\/?s={search_term_string}\"},\"query-input\":{\"@type\":\"PropertyValueSpecification\",\"valueRequired\":true,\"valueName\":\"search_term_string\"}}],\"inLanguage\":\"es\"},{\"@type\":\"Organization\",\"@id\":\"https:\/\/infoecos.com.ar\/#organization\",\"name\":\"Infoecos\",\"alternateName\":\"Noticias\",\"url\":\"https:\/\/infoecos.com.ar\/\",\"logo\":{\"@type\":\"ImageObject\",\"inLanguage\":\"es\",\"@id\":\"https:\/\/infoecos.com.ar\/#\/schema\/logo\/image\/\",\"url\":\"https:\/\/infoecos.com.ar\/wp-content\/uploads\/2024\/03\/cropped-logo.png\",\"contentUrl\":\"https:\/\/infoecos.com.ar\/wp-content\/uploads\/2024\/03\/cropped-logo.png\",\"width\":374,\"height\":90,\"caption\":\"Infoecos\"},\"image\":{\"@id\":\"https:\/\/infoecos.com.ar\/#\/schema\/logo\/image\/\"},\"sameAs\":[\"https:\/\/www.facebook.com\/profile.php?id=100063200290284\",\"https:\/\/x.com\/infoecos\"]},{\"@type\":\"Person\",\"@id\":\"https:\/\/infoecos.com.ar\/#\/schema\/person\/8f5ace5ce73b4b4aac4b7245aee6f191\",\"name\":\"Jorge Matheus\",\"url\":\"https:\/\/infoecos.com.ar\/index.php\/author\/jomatheus\/\"}]}<\/script>\n<!-- \/ Yoast SEO plugin. -->","yoast_head_json":{"title":"Paro nacional docente, este lunes, con adhesi\u00f3n de los gremios de la provincia de Buenos Aires - Infoecos","robots":{"index":"index","follow":"follow","max-snippet":"max-snippet:-1","max-image-preview":"max-image-preview:large","max-video-preview":"max-video-preview:-1"},"canonical":"https:\/\/infoecos.com.ar\/index.php\/paro-nacional-docente-este-lunes-con-adhesion-de-los-gremios-de-la-provincia-de-buenos-aires\/","og_locale":"es_ES","og_type":"article","og_title":"Paro nacional docente, este lunes, con adhesi\u00f3n de los gremios de la provincia de Buenos Aires - Infoecos","og_description":"En el caso de la provincia ser\u00e1 la primera huelga de maestros que enfrentar\u00e1 el gobierno de Axel Kicillof en un inicio de clases","og_url":"https:\/\/infoecos.com.ar\/index.php\/paro-nacional-docente-este-lunes-con-adhesion-de-los-gremios-de-la-provincia-de-buenos-aires\/","og_site_name":"Infoecos","article_publisher":"https:\/\/www.facebook.com\/profile.php?id=100063200290284","article_published_time":"2026-03-01T18:17:57+00:00","article_modified_time":"2026-03-01T18:17:58+00:00","og_image":[{"width":1121,"height":633,"url":"https:\/\/infoecos.com.ar\/wp-content\/uploads\/2025\/02\/image-241.png","type":"image\/png"}],"author":"Jorge Matheus","twitter_card":"summary_large_image","twitter_creator":"@infoecos","twitter_site":"@infoecos","twitter_misc":{"Escrito por":"Jorge Matheus","Tiempo de lectura":"2 minutos"},"schema":{"@context":"https:\/\/schema.org","@graph":[{"@type":"Article","@id":"https:\/\/infoecos.com.ar\/index.php\/paro-nacional-docente-este-lunes-con-adhesion-de-los-gremios-de-la-provincia-de-buenos-aires\/#article","isPartOf":{"@id":"https:\/\/infoecos.com.ar\/index.php\/paro-nacional-docente-este-lunes-con-adhesion-de-los-gremios-de-la-provincia-de-buenos-aires\/"},"author":{"name":"Jorge Matheus","@id":"https:\/\/infoecos.com.ar\/#\/schema\/person\/8f5ace5ce73b4b4aac4b7245aee6f191"},"headline":"Paro nacional docente, este lunes, con adhesi\u00f3n de los gremios de la provincia de Buenos Aires","datePublished":"2026-03-01T18:17:57+00:00","dateModified":"2026-03-01T18:17:58+00:00","mainEntityOfPage":{"@id":"https:\/\/infoecos.com.ar\/index.php\/paro-nacional-docente-este-lunes-con-adhesion-de-los-gremios-de-la-provincia-de-buenos-aires\/"},"wordCount":225,"publisher":{"@id":"https:\/\/infoecos.com.ar\/#organization"},"image":{"@id":"https:\/\/infoecos.com.ar\/index.php\/paro-nacional-docente-este-lunes-con-adhesion-de-los-gremios-de-la-provincia-de-buenos-aires\/#primaryimage"},"thumbnailUrl":"https:\/\/infoecos.com.ar\/wp-content\/uploads\/2025\/02\/image-241.png","keywords":["ECONOM\u00cdA"],"articleSection":["Noticia Principal"],"inLanguage":"es"},{"@type":"WebPage","@id":"https:\/\/infoecos.com.ar\/index.php\/paro-nacional-docente-este-lunes-con-adhesion-de-los-gremios-de-la-provincia-de-buenos-aires\/","url":"https:\/\/infoecos.com.ar\/index.php\/paro-nacional-docente-este-lunes-con-adhesion-de-los-gremios-de-la-provincia-de-buenos-aires\/","name":"Paro nacional docente, este lunes, con adhesi\u00f3n de los gremios de la provincia de Buenos Aires - Infoecos","isPartOf":{"@id":"https:\/\/infoecos.com.ar\/#website"},"primaryImageOfPage":{"@id":"https:\/\/infoecos.com.ar\/index.php\/paro-nacional-docente-este-lunes-con-adhesion-de-los-gremios-de-la-provincia-de-buenos-aires\/#primaryimage"},"image":{"@id":"https:\/\/infoecos.com.ar\/index.php\/paro-nacional-docente-este-lunes-con-adhesion-de-los-gremios-de-la-provincia-de-buenos-aires\/#primaryimage"},"thumbnailUrl":"https:\/\/infoecos.com.ar\/wp-content\/uploads\/2025\/02\/image-241.png","datePublished":"2026-03-01T18:17:57+00:00","dateModified":"2026-03-01T18:17:58+00:00","breadcrumb":{"@id":"https:\/\/infoecos.com.ar\/index.php\/paro-nacional-docente-este-lunes-con-adhesion-de-los-gremios-de-la-provincia-de-buenos-aires\/#breadcrumb"},"inLanguage":"es","potentialAction":[{"@type":"ReadAction","target":["https:\/\/infoecos.com.ar\/index.php\/paro-nacional-docente-este-lunes-con-adhesion-de-los-gremios-de-la-provincia-de-buenos-aires\/"]}]},{"@type":"ImageObject","inLanguage":"es","@id":"https:\/\/infoecos.com.ar\/index.php\/paro-nacional-docente-este-lunes-con-adhesion-de-los-gremios-de-la-provincia-de-buenos-aires\/#primaryimage","url":"https:\/\/infoecos.com.ar\/wp-content\/uploads\/2025\/02\/image-241.png","contentUrl":"https:\/\/infoecos.com.ar\/wp-content\/uploads\/2025\/02\/image-241.png","width":1121,"height":633},{"@type":"BreadcrumbList","@id":"https:\/\/infoecos.com.ar\/index.php\/paro-nacional-docente-este-lunes-con-adhesion-de-los-gremios-de-la-provincia-de-buenos-aires\/#breadcrumb","itemListElement":[{"@type":"ListItem","position":1,"name":"Portada","item":"https:\/\/infoecos.com.ar\/"},{"@type":"ListItem","position":2,"name":"Paro nacional docente, este lunes, con adhesi\u00f3n de los gremios de la provincia de Buenos Aires"}]},{"@type":"WebSite","@id":"https:\/\/infoecos.com.ar\/#website","url":"https:\/\/infoecos.com.ar\/","name":"Infoecos","description":"Noticias de trenque lauquen y la zona","publisher":{"@id":"https:\/\/infoecos.com.ar\/#organization"},"alternateName":"Noticias","potentialAction":[{"@type":"SearchAction","target":{"@type":"EntryPoint","urlTemplate":"https:\/\/infoecos.com.ar\/?s={search_term_string}"},"query-input":{"@type":"PropertyValueSpecification","valueRequired":true,"valueName":"search_term_string"}}],"inLanguage":"es"},{"@type":"Organization","@id":"https:\/\/infoecos.com.ar\/#organization","name":"Infoecos","alternateName":"Noticias","url":"https:\/\/infoecos.com.ar\/","logo":{"@type":"ImageObject","inLanguage":"es","@id":"https:\/\/infoecos.com.ar\/#\/schema\/logo\/image\/","url":"https:\/\/infoecos.com.ar\/wp-content\/uploads\/2024\/03\/cropped-logo.png","contentUrl":"https:\/\/infoecos.com.ar\/wp-content\/uploads\/2024\/03\/cropped-logo.png","width":374,"height":90,"caption":"Infoecos"},"image":{"@id":"https:\/\/infoecos.com.ar\/#\/schema\/logo\/image\/"},"sameAs":["https:\/\/www.facebook.com\/profile.php?id=100063200290284","https:\/\/x.com\/infoecos"]},{"@type":"Person","@id":"https:\/\/infoecos.com.ar\/#\/schema\/person\/8f5ace5ce73b4b4aac4b7245aee6f191","name":"Jorge Matheus","url":"https:\/\/infoecos.com.ar\/index.php\/author\/jomatheus\/"}]}},"featured_image_urls":{"full":["https:\/\/infoecos.com.ar\/wp-content\/uploads\/2025\/02\/image-241.png",1121,633,false],"thumbnail":["https:\/\/infoecos.com.ar\/wp-content\/uploads\/2025\/02\/image-241-300x150.png",300,150,true],"medium":["https:\/\/infoecos.com.ar\/wp-content\/uploads\/2025\/02\/image-241-800x452.png",800,452,true],"medium_large":["https:\/\/infoecos.com.ar\/wp-content\/uploads\/2025\/02\/image-241-768x434.png",640,362,true],"large":["https:\/\/infoecos.com.ar\/wp-content\/uploads\/2025\/02\/image-241.png",640,361,false],"1536x1536":["https:\/\/infoecos.com.ar\/wp-content\/uploads\/2025\/02\/image-241.png",1121,633,false],"2048x2048":["https:\/\/infoecos.com.ar\/wp-content\/uploads\/2025\/02\/image-241.png",1121,633,false],"covernews-slider-full":["https:\/\/infoecos.com.ar\/wp-content\/uploads\/2025\/02\/image-241-1115x633.png",1115,633,true],"covernews-slider-center":["https:\/\/infoecos.com.ar\/wp-content\/uploads\/2025\/02\/image-241-800x500.png",800,500,true],"covernews-featured":["https:\/\/infoecos.com.ar\/wp-content\/uploads\/2025\/02\/image-241-1024x578.png",1024,578,true],"covernews-medium":["https:\/\/infoecos.com.ar\/wp-content\/uploads\/2025\/02\/image-241-540x340.png",540,340,true],"covernews-medium-square":["https:\/\/infoecos.com.ar\/wp-content\/uploads\/2025\/02\/image-241-400x250.png",400,250,true]},"author_info":{"info":["Jorge Matheus"]},"category_info":"<a href=\"https:\/\/infoecos.com.ar\/index.php\/category\/noticia-principal\/\" rel=\"category tag\">Noticia Principal<\/a>","tag_info":"Noticia Principal","comment_count":"0","_links":{"self":[{"href":"https:\/\/infoecos.com.ar\/index.php\/wp-json\/wp\/v2\/posts\/154254"}],"collection":[{"href":"https:\/\/infoecos.com.ar\/index.php\/wp-json\/wp\/v2\/posts"}],"about":[{"href":"https:\/\/infoecos.com.ar\/index.php\/wp-json\/wp\/v2\/types\/post"}],"author":[{"embeddable":true,"href":"https:\/\/infoecos.com.ar\/index.php\/wp-json\/wp\/v2\/users\/2"}],"replies":[{"embeddable":true,"href":"https:\/\/infoecos.com.ar\/index.php\/wp-json\/wp\/v2\/comments?post=154254"}],"version-history":[{"count":1,"href":"https:\/\/infoecos.com.ar\/index.php\/wp-json\/wp\/v2\/posts\/154254\/revisions"}],"predecessor-version":[{"id":154255,"href":"https:\/\/infoecos.com.ar\/index.php\/wp-json\/wp\/v2\/posts\/154254\/revisions\/154255"}],"wp:featuredmedia":[{"embeddable":true,"href":"https:\/\/infoecos.com.ar\/index.php\/wp-json\/wp\/v2\/media\/138050"}],"wp:attachment":[{"href":"https:\/\/infoecos.com.ar\/index.php\/wp-json\/wp\/v2\/media?parent=154254"}],"wp:term":[{"taxonomy":"category","embeddable":true,"href":"https:\/\/infoecos.com.ar\/index.php\/wp-json\/wp\/v2\/categories?post=154254"},{"taxonomy":"post_tag","embeddable":true,"href":"https:\/\/infoecos.com.ar\/index.php\/wp-json\/wp\/v2\/tags?post=154254"}],"curies":[{"name":"wp","href":"https:\/\/api.w.org\/{rel}","templated":true}]}}