{"id":154462,"date":"2026-03-04T19:17:51","date_gmt":"2026-03-04T22:17:51","guid":{"rendered":"https:\/\/infoecos.com.ar\/?p=154462"},"modified":"2026-03-04T19:17:52","modified_gmt":"2026-03-04T22:17:52","slug":"el-nuevo-ministro-de-justicia-de-la-nacion-es-juan-bautista-mahiques","status":"publish","type":"post","link":"https:\/\/infoecos.com.ar\/index.php\/el-nuevo-ministro-de-justicia-de-la-nacion-es-juan-bautista-mahiques\/","title":{"rendered":"El nuevo ministro de Justicia de la Naci\u00f3n es Juan Bautista Mahiques"},"content":{"rendered":"\n<p>\u00a0Juan Bautista Mahiques, es el nuevo ministro de Justicia, en reemplazo de\u00a0Mariano C\u00faneo Libarona,<\/p>\n\n\n\n<p>Mahiques fue un funcionario clave del Ministerio de Justicia durante el gobierno de\u00a0Mauricio Macri\u00a0y ascendi\u00f3 en la pol\u00edtica de la mano de\u00a0Daniel Angelici, seg\u00fan consigna lanacion.com.ar. Tambi\u00e9n ocup\u00f3 cargos de alto perfil en la AFA, en la gesti\u00f3n que lleva a cabo Claudio \u00abChiqui\u00bb Tapia.<\/p>\n\n\n\n<p>El n\u00famero dos del ministerio de Justicia ser\u00e1\u00a0Santiago Viola. Sale del ministerio\u00a0Sebasti\u00e1n Amerio<\/p>\n\n\n\n<figure class=\"wp-block-image size-full\"><img loading=\"lazy\" decoding=\"async\" width=\"880\" height=\"586\" src=\"https:\/\/infoecos.com.ar\/wp-content\/uploads\/2026\/03\/image-24.png\" alt=\"\" class=\"wp-image-154463\" srcset=\"https:\/\/infoecos.com.ar\/wp-content\/uploads\/2026\/03\/image-24.png 880w, https:\/\/infoecos.com.ar\/wp-content\/uploads\/2026\/03\/image-24-800x533.png 800w, https:\/\/infoecos.com.ar\/wp-content\/uploads\/2026\/03\/image-24-768x511.png 768w\" sizes=\"(max-width: 880px) 100vw, 880px\" \/><\/figure>\n","protected":false},"excerpt":{"rendered":"<p>El n\u00famero dos ser\u00e1\u00a0Santiago Viola. Sale del ministerio\u00a0Sebasti\u00e1n Amerio<\/p>\n","protected":false},"author":2,"featured_media":154463,"comment_status":"closed","ping_status":"open","sticky":false,"template":"","format":"standard","meta":{"footnotes":""},"categories":[1],"tags":[1500],"class_list":["post-154462","post","type-post","status-publish","format-standard","has-post-thumbnail","hentry","category-sin-categoria","tag-regional"],"yoast_head":"<!-- This site is optimized with the Yoast SEO plugin v23.4 - https:\/\/yoast.com\/wordpress\/plugins\/seo\/ -->\n<title>El nuevo ministro de Justicia de la Naci\u00f3n es Juan Bautista Mahiques - Infoecos<\/title>\n<meta name=\"robots\" content=\"index, follow, max-snippet:-1, max-image-preview:large, max-video-preview:-1\" \/>\n<link rel=\"canonical\" href=\"https:\/\/infoecos.com.ar\/index.php\/el-nuevo-ministro-de-justicia-de-la-nacion-es-juan-bautista-mahiques\/\" \/>\n<meta property=\"og:locale\" content=\"es_ES\" \/>\n<meta property=\"og:type\" content=\"article\" \/>\n<meta property=\"og:title\" content=\"El nuevo ministro de Justicia de la Naci\u00f3n es Juan Bautista Mahiques - Infoecos\" \/>\n<meta property=\"og:description\" content=\"El n\u00famero dos ser\u00e1\u00a0Santiago Viola. Sale del ministerio\u00a0Sebasti\u00e1n Amerio\" \/>\n<meta property=\"og:url\" content=\"https:\/\/infoecos.com.ar\/index.php\/el-nuevo-ministro-de-justicia-de-la-nacion-es-juan-bautista-mahiques\/\" \/>\n<meta property=\"og:site_name\" content=\"Infoecos\" \/>\n<meta property=\"article:publisher\" content=\"https:\/\/www.facebook.com\/profile.php?id=100063200290284\" \/>\n<meta property=\"article:published_time\" content=\"2026-03-04T22:17:51+00:00\" \/>\n<meta property=\"article:modified_time\" content=\"2026-03-04T22:17:52+00:00\" \/>\n<meta property=\"og:image\" content=\"https:\/\/infoecos.com.ar\/wp-content\/uploads\/2026\/03\/image-24.png\" \/>\n\t<meta property=\"og:image:width\" content=\"880\" \/>\n\t<meta property=\"og:image:height\" content=\"586\" \/>\n\t<meta property=\"og:image:type\" content=\"image\/png\" \/>\n<meta name=\"author\" content=\"Jorge Matheus\" \/>\n<meta name=\"twitter:card\" content=\"summary_large_image\" \/>\n<meta name=\"twitter:creator\" content=\"@infoecos\" \/>\n<meta name=\"twitter:site\" content=\"@infoecos\" \/>\n<meta name=\"twitter:label1\" content=\"Escrito por\" \/>\n\t<meta name=\"twitter:data1\" content=\"Jorge Matheus\" \/>\n\t<meta name=\"twitter:label2\" content=\"Tiempo de lectura\" \/>\n\t<meta name=\"twitter:data2\" content=\"1 minuto\" \/>\n<script type=\"application\/ld+json\" class=\"yoast-schema-graph\">{\"@context\":\"https:\/\/schema.org\",\"@graph\":[{\"@type\":\"Article\",\"@id\":\"https:\/\/infoecos.com.ar\/index.php\/el-nuevo-ministro-de-justicia-de-la-nacion-es-juan-bautista-mahiques\/#article\",\"isPartOf\":{\"@id\":\"https:\/\/infoecos.com.ar\/index.php\/el-nuevo-ministro-de-justicia-de-la-nacion-es-juan-bautista-mahiques\/\"},\"author\":{\"name\":\"Jorge Matheus\",\"@id\":\"https:\/\/infoecos.com.ar\/#\/schema\/person\/8f5ace5ce73b4b4aac4b7245aee6f191\"},\"headline\":\"El nuevo ministro de Justicia de la Naci\u00f3n es Juan Bautista Mahiques\",\"datePublished\":\"2026-03-04T22:17:51+00:00\",\"dateModified\":\"2026-03-04T22:17:52+00:00\",\"mainEntityOfPage\":{\"@id\":\"https:\/\/infoecos.com.ar\/index.php\/el-nuevo-ministro-de-justicia-de-la-nacion-es-juan-bautista-mahiques\/\"},\"wordCount\":100,\"publisher\":{\"@id\":\"https:\/\/infoecos.com.ar\/#organization\"},\"image\":{\"@id\":\"https:\/\/infoecos.com.ar\/index.php\/el-nuevo-ministro-de-justicia-de-la-nacion-es-juan-bautista-mahiques\/#primaryimage\"},\"thumbnailUrl\":\"https:\/\/infoecos.com.ar\/wp-content\/uploads\/2026\/03\/image-24.png\",\"keywords\":[\"REGIONAL\"],\"inLanguage\":\"es\"},{\"@type\":\"WebPage\",\"@id\":\"https:\/\/infoecos.com.ar\/index.php\/el-nuevo-ministro-de-justicia-de-la-nacion-es-juan-bautista-mahiques\/\",\"url\":\"https:\/\/infoecos.com.ar\/index.php\/el-nuevo-ministro-de-justicia-de-la-nacion-es-juan-bautista-mahiques\/\",\"name\":\"El nuevo ministro de Justicia de la Naci\u00f3n es Juan Bautista Mahiques - Infoecos\",\"isPartOf\":{\"@id\":\"https:\/\/infoecos.com.ar\/#website\"},\"primaryImageOfPage\":{\"@id\":\"https:\/\/infoecos.com.ar\/index.php\/el-nuevo-ministro-de-justicia-de-la-nacion-es-juan-bautista-mahiques\/#primaryimage\"},\"image\":{\"@id\":\"https:\/\/infoecos.com.ar\/index.php\/el-nuevo-ministro-de-justicia-de-la-nacion-es-juan-bautista-mahiques\/#primaryimage\"},\"thumbnailUrl\":\"https:\/\/infoecos.com.ar\/wp-content\/uploads\/2026\/03\/image-24.png\",\"datePublished\":\"2026-03-04T22:17:51+00:00\",\"dateModified\":\"2026-03-04T22:17:52+00:00\",\"breadcrumb\":{\"@id\":\"https:\/\/infoecos.com.ar\/index.php\/el-nuevo-ministro-de-justicia-de-la-nacion-es-juan-bautista-mahiques\/#breadcrumb\"},\"inLanguage\":\"es\",\"potentialAction\":[{\"@type\":\"ReadAction\",\"target\":[\"https:\/\/infoecos.com.ar\/index.php\/el-nuevo-ministro-de-justicia-de-la-nacion-es-juan-bautista-mahiques\/\"]}]},{\"@type\":\"ImageObject\",\"inLanguage\":\"es\",\"@id\":\"https:\/\/infoecos.com.ar\/index.php\/el-nuevo-ministro-de-justicia-de-la-nacion-es-juan-bautista-mahiques\/#primaryimage\",\"url\":\"https:\/\/infoecos.com.ar\/wp-content\/uploads\/2026\/03\/image-24.png\",\"contentUrl\":\"https:\/\/infoecos.com.ar\/wp-content\/uploads\/2026\/03\/image-24.png\",\"width\":880,\"height\":586},{\"@type\":\"BreadcrumbList\",\"@id\":\"https:\/\/infoecos.com.ar\/index.php\/el-nuevo-ministro-de-justicia-de-la-nacion-es-juan-bautista-mahiques\/#breadcrumb\",\"itemListElement\":[{\"@type\":\"ListItem\",\"position\":1,\"name\":\"Portada\",\"item\":\"https:\/\/infoecos.com.ar\/\"},{\"@type\":\"ListItem\",\"position\":2,\"name\":\"El nuevo ministro de Justicia de la Naci\u00f3n es Juan Bautista Mahiques\"}]},{\"@type\":\"WebSite\",\"@id\":\"https:\/\/infoecos.com.ar\/#website\",\"url\":\"https:\/\/infoecos.com.ar\/\",\"name\":\"Infoecos\",\"description\":\"Noticias de trenque lauquen y la zona\",\"publisher\":{\"@id\":\"https:\/\/infoecos.com.ar\/#organization\"},\"alternateName\":\"Noticias\",\"potentialAction\":[{\"@type\":\"SearchAction\",\"target\":{\"@type\":\"EntryPoint\",\"urlTemplate\":\"https:\/\/infoecos.com.ar\/?s={search_term_string}\"},\"query-input\":{\"@type\":\"PropertyValueSpecification\",\"valueRequired\":true,\"valueName\":\"search_term_string\"}}],\"inLanguage\":\"es\"},{\"@type\":\"Organization\",\"@id\":\"https:\/\/infoecos.com.ar\/#organization\",\"name\":\"Infoecos\",\"alternateName\":\"Noticias\",\"url\":\"https:\/\/infoecos.com.ar\/\",\"logo\":{\"@type\":\"ImageObject\",\"inLanguage\":\"es\",\"@id\":\"https:\/\/infoecos.com.ar\/#\/schema\/logo\/image\/\",\"url\":\"https:\/\/infoecos.com.ar\/wp-content\/uploads\/2024\/03\/cropped-logo.png\",\"contentUrl\":\"https:\/\/infoecos.com.ar\/wp-content\/uploads\/2024\/03\/cropped-logo.png\",\"width\":374,\"height\":90,\"caption\":\"Infoecos\"},\"image\":{\"@id\":\"https:\/\/infoecos.com.ar\/#\/schema\/logo\/image\/\"},\"sameAs\":[\"https:\/\/www.facebook.com\/profile.php?id=100063200290284\",\"https:\/\/x.com\/infoecos\"]},{\"@type\":\"Person\",\"@id\":\"https:\/\/infoecos.com.ar\/#\/schema\/person\/8f5ace5ce73b4b4aac4b7245aee6f191\",\"name\":\"Jorge Matheus\",\"url\":\"https:\/\/infoecos.com.ar\/index.php\/author\/jomatheus\/\"}]}<\/script>\n<!-- \/ Yoast SEO plugin. -->","yoast_head_json":{"title":"El nuevo ministro de Justicia de la Naci\u00f3n es Juan Bautista Mahiques - Infoecos","robots":{"index":"index","follow":"follow","max-snippet":"max-snippet:-1","max-image-preview":"max-image-preview:large","max-video-preview":"max-video-preview:-1"},"canonical":"https:\/\/infoecos.com.ar\/index.php\/el-nuevo-ministro-de-justicia-de-la-nacion-es-juan-bautista-mahiques\/","og_locale":"es_ES","og_type":"article","og_title":"El nuevo ministro de Justicia de la Naci\u00f3n es Juan Bautista Mahiques - Infoecos","og_description":"El n\u00famero dos ser\u00e1\u00a0Santiago Viola. Sale del ministerio\u00a0Sebasti\u00e1n Amerio","og_url":"https:\/\/infoecos.com.ar\/index.php\/el-nuevo-ministro-de-justicia-de-la-nacion-es-juan-bautista-mahiques\/","og_site_name":"Infoecos","article_publisher":"https:\/\/www.facebook.com\/profile.php?id=100063200290284","article_published_time":"2026-03-04T22:17:51+00:00","article_modified_time":"2026-03-04T22:17:52+00:00","og_image":[{"width":880,"height":586,"url":"https:\/\/infoecos.com.ar\/wp-content\/uploads\/2026\/03\/image-24.png","type":"image\/png"}],"author":"Jorge Matheus","twitter_card":"summary_large_image","twitter_creator":"@infoecos","twitter_site":"@infoecos","twitter_misc":{"Escrito por":"Jorge Matheus","Tiempo de lectura":"1 minuto"},"schema":{"@context":"https:\/\/schema.org","@graph":[{"@type":"Article","@id":"https:\/\/infoecos.com.ar\/index.php\/el-nuevo-ministro-de-justicia-de-la-nacion-es-juan-bautista-mahiques\/#article","isPartOf":{"@id":"https:\/\/infoecos.com.ar\/index.php\/el-nuevo-ministro-de-justicia-de-la-nacion-es-juan-bautista-mahiques\/"},"author":{"name":"Jorge Matheus","@id":"https:\/\/infoecos.com.ar\/#\/schema\/person\/8f5ace5ce73b4b4aac4b7245aee6f191"},"headline":"El nuevo ministro de Justicia de la Naci\u00f3n es Juan Bautista Mahiques","datePublished":"2026-03-04T22:17:51+00:00","dateModified":"2026-03-04T22:17:52+00:00","mainEntityOfPage":{"@id":"https:\/\/infoecos.com.ar\/index.php\/el-nuevo-ministro-de-justicia-de-la-nacion-es-juan-bautista-mahiques\/"},"wordCount":100,"publisher":{"@id":"https:\/\/infoecos.com.ar\/#organization"},"image":{"@id":"https:\/\/infoecos.com.ar\/index.php\/el-nuevo-ministro-de-justicia-de-la-nacion-es-juan-bautista-mahiques\/#primaryimage"},"thumbnailUrl":"https:\/\/infoecos.com.ar\/wp-content\/uploads\/2026\/03\/image-24.png","keywords":["REGIONAL"],"inLanguage":"es"},{"@type":"WebPage","@id":"https:\/\/infoecos.com.ar\/index.php\/el-nuevo-ministro-de-justicia-de-la-nacion-es-juan-bautista-mahiques\/","url":"https:\/\/infoecos.com.ar\/index.php\/el-nuevo-ministro-de-justicia-de-la-nacion-es-juan-bautista-mahiques\/","name":"El nuevo ministro de Justicia de la Naci\u00f3n es Juan Bautista Mahiques - Infoecos","isPartOf":{"@id":"https:\/\/infoecos.com.ar\/#website"},"primaryImageOfPage":{"@id":"https:\/\/infoecos.com.ar\/index.php\/el-nuevo-ministro-de-justicia-de-la-nacion-es-juan-bautista-mahiques\/#primaryimage"},"image":{"@id":"https:\/\/infoecos.com.ar\/index.php\/el-nuevo-ministro-de-justicia-de-la-nacion-es-juan-bautista-mahiques\/#primaryimage"},"thumbnailUrl":"https:\/\/infoecos.com.ar\/wp-content\/uploads\/2026\/03\/image-24.png","datePublished":"2026-03-04T22:17:51+00:00","dateModified":"2026-03-04T22:17:52+00:00","breadcrumb":{"@id":"https:\/\/infoecos.com.ar\/index.php\/el-nuevo-ministro-de-justicia-de-la-nacion-es-juan-bautista-mahiques\/#breadcrumb"},"inLanguage":"es","potentialAction":[{"@type":"ReadAction","target":["https:\/\/infoecos.com.ar\/index.php\/el-nuevo-ministro-de-justicia-de-la-nacion-es-juan-bautista-mahiques\/"]}]},{"@type":"ImageObject","inLanguage":"es","@id":"https:\/\/infoecos.com.ar\/index.php\/el-nuevo-ministro-de-justicia-de-la-nacion-es-juan-bautista-mahiques\/#primaryimage","url":"https:\/\/infoecos.com.ar\/wp-content\/uploads\/2026\/03\/image-24.png","contentUrl":"https:\/\/infoecos.com.ar\/wp-content\/uploads\/2026\/03\/image-24.png","width":880,"height":586},{"@type":"BreadcrumbList","@id":"https:\/\/infoecos.com.ar\/index.php\/el-nuevo-ministro-de-justicia-de-la-nacion-es-juan-bautista-mahiques\/#breadcrumb","itemListElement":[{"@type":"ListItem","position":1,"name":"Portada","item":"https:\/\/infoecos.com.ar\/"},{"@type":"ListItem","position":2,"name":"El nuevo ministro de Justicia de la Naci\u00f3n es Juan Bautista Mahiques"}]},{"@type":"WebSite","@id":"https:\/\/infoecos.com.ar\/#website","url":"https:\/\/infoecos.com.ar\/","name":"Infoecos","description":"Noticias de trenque lauquen y la zona","publisher":{"@id":"https:\/\/infoecos.com.ar\/#organization"},"alternateName":"Noticias","potentialAction":[{"@type":"SearchAction","target":{"@type":"EntryPoint","urlTemplate":"https:\/\/infoecos.com.ar\/?s={search_term_string}"},"query-input":{"@type":"PropertyValueSpecification","valueRequired":true,"valueName":"search_term_string"}}],"inLanguage":"es"},{"@type":"Organization","@id":"https:\/\/infoecos.com.ar\/#organization","name":"Infoecos","alternateName":"Noticias","url":"https:\/\/infoecos.com.ar\/","logo":{"@type":"ImageObject","inLanguage":"es","@id":"https:\/\/infoecos.com.ar\/#\/schema\/logo\/image\/","url":"https:\/\/infoecos.com.ar\/wp-content\/uploads\/2024\/03\/cropped-logo.png","contentUrl":"https:\/\/infoecos.com.ar\/wp-content\/uploads\/2024\/03\/cropped-logo.png","width":374,"height":90,"caption":"Infoecos"},"image":{"@id":"https:\/\/infoecos.com.ar\/#\/schema\/logo\/image\/"},"sameAs":["https:\/\/www.facebook.com\/profile.php?id=100063200290284","https:\/\/x.com\/infoecos"]},{"@type":"Person","@id":"https:\/\/infoecos.com.ar\/#\/schema\/person\/8f5ace5ce73b4b4aac4b7245aee6f191","name":"Jorge Matheus","url":"https:\/\/infoecos.com.ar\/index.php\/author\/jomatheus\/"}]}},"featured_image_urls":{"full":["https:\/\/infoecos.com.ar\/wp-content\/uploads\/2026\/03\/image-24.png",880,586,false],"thumbnail":["https:\/\/infoecos.com.ar\/wp-content\/uploads\/2026\/03\/image-24-300x150.png",300,150,true],"medium":["https:\/\/infoecos.com.ar\/wp-content\/uploads\/2026\/03\/image-24-800x533.png",800,533,true],"medium_large":["https:\/\/infoecos.com.ar\/wp-content\/uploads\/2026\/03\/image-24-768x511.png",640,426,true],"large":["https:\/\/infoecos.com.ar\/wp-content\/uploads\/2026\/03\/image-24.png",640,426,false],"1536x1536":["https:\/\/infoecos.com.ar\/wp-content\/uploads\/2026\/03\/image-24.png",880,586,false],"2048x2048":["https:\/\/infoecos.com.ar\/wp-content\/uploads\/2026\/03\/image-24.png",880,586,false],"covernews-slider-full":["https:\/\/infoecos.com.ar\/wp-content\/uploads\/2026\/03\/image-24.png",880,586,false],"covernews-slider-center":["https:\/\/infoecos.com.ar\/wp-content\/uploads\/2026\/03\/image-24-800x500.png",800,500,true],"covernews-featured":["https:\/\/infoecos.com.ar\/wp-content\/uploads\/2026\/03\/image-24.png",880,586,false],"covernews-medium":["https:\/\/infoecos.com.ar\/wp-content\/uploads\/2026\/03\/image-24-540x340.png",540,340,true],"covernews-medium-square":["https:\/\/infoecos.com.ar\/wp-content\/uploads\/2026\/03\/image-24-400x250.png",400,250,true]},"author_info":{"info":["Jorge Matheus"]},"category_info":"<a href=\"https:\/\/infoecos.com.ar\/index.php\/category\/sin-categoria\/\" rel=\"category tag\">Sin categor\u00eda<\/a>","tag_info":"Sin categor\u00eda","comment_count":"0","_links":{"self":[{"href":"https:\/\/infoecos.com.ar\/index.php\/wp-json\/wp\/v2\/posts\/154462"}],"collection":[{"href":"https:\/\/infoecos.com.ar\/index.php\/wp-json\/wp\/v2\/posts"}],"about":[{"href":"https:\/\/infoecos.com.ar\/index.php\/wp-json\/wp\/v2\/types\/post"}],"author":[{"embeddable":true,"href":"https:\/\/infoecos.com.ar\/index.php\/wp-json\/wp\/v2\/users\/2"}],"replies":[{"embeddable":true,"href":"https:\/\/infoecos.com.ar\/index.php\/wp-json\/wp\/v2\/comments?post=154462"}],"version-history":[{"count":1,"href":"https:\/\/infoecos.com.ar\/index.php\/wp-json\/wp\/v2\/posts\/154462\/revisions"}],"predecessor-version":[{"id":154464,"href":"https:\/\/infoecos.com.ar\/index.php\/wp-json\/wp\/v2\/posts\/154462\/revisions\/154464"}],"wp:featuredmedia":[{"embeddable":true,"href":"https:\/\/infoecos.com.ar\/index.php\/wp-json\/wp\/v2\/media\/154463"}],"wp:attachment":[{"href":"https:\/\/infoecos.com.ar\/index.php\/wp-json\/wp\/v2\/media?parent=154462"}],"wp:term":[{"taxonomy":"category","embeddable":true,"href":"https:\/\/infoecos.com.ar\/index.php\/wp-json\/wp\/v2\/categories?post=154462"},{"taxonomy":"post_tag","embeddable":true,"href":"https:\/\/infoecos.com.ar\/index.php\/wp-json\/wp\/v2\/tags?post=154462"}],"curies":[{"name":"wp","href":"https:\/\/api.w.org\/{rel}","templated":true}]}}