{"id":154465,"date":"2026-03-04T19:26:11","date_gmt":"2026-03-04T22:26:11","guid":{"rendered":"https:\/\/infoecos.com.ar\/?p=154465"},"modified":"2026-03-15T02:54:26","modified_gmt":"2026-03-15T05:54:26","slug":"la-universidad-austral-impulsa-la-primera-diplomatura-en-ia-para-docentes-y-proyecta-un-modelo-federal-desde-san-luis","status":"publish","type":"post","link":"https:\/\/infoecos.com.ar\/index.php\/la-universidad-austral-impulsa-la-primera-diplomatura-en-ia-para-docentes-y-proyecta-un-modelo-federal-desde-san-luis\/","title":{"rendered":"La Universidad Austral impulsa la primera Diplomatura en IA para docentes y proyecta un modelo federal desde San Luis"},"content":{"rendered":"\n<p>La transformaci\u00f3n tecnol\u00f3gica atraviesa cada dimensi\u00f3n de la vida social y la educaci\u00f3n no es la excepci\u00f3n. En ese contexto,&nbsp;<strong>la Universidad Austral dio un paso estrat\u00e9gico<\/strong>: liderar acad\u00e9micamente la primera&nbsp;<strong>Diplomatura en Inteligencia Artificial para la Ense\u00f1anza y la Innovaci\u00f3n en el Aula<\/strong>, una iniciativa que se lanza en la provincia de San Luis y que busca&nbsp;<strong>sentar las bases de una pol\u00edtica de formaci\u00f3n docente con alcance nacional<\/strong>.<\/p>\n\n\n\n<p>A trav\u00e9s de una nueva sinergia institucional, la Universidad Austral y San Luis integran capacidades para impulsar proyectos que transformar\u00e1n el futuro de la provincia. M\u00e1s all\u00e1 del anclaje local, el coraz\u00f3n de esta iniciativa es acad\u00e9mico y responde a una convicci\u00f3n clara:&nbsp;<strong>la inteligencia artificial debe integrarse a las aulas desde una mirada pedag\u00f3gica s\u00f3lida, \u00e9tica y profundamente humana.<\/strong><\/p>\n\n\n\n<p>El&nbsp;<strong>decano de la Escuela de Educaci\u00f3n de la Austral, Santiago Bellomo<\/strong>, fue quien present\u00f3 los fundamentos conceptuales de la diplomatura y dej\u00f3 en claro el esp\u00edritu que la atraviesa. \u201cEl concepto ha irrumpido en la escena educativa, todav\u00eda nos tiene algo perplejos, entonces la idea es entender m\u00e1s de qu\u00e9 se trata, indagar sobre d\u00f3nde nos puede llevar en t\u00e9rminos de su potencial y conocer algunos riesgos que se evidencian\u201d, explic\u00f3.<\/p>\n\n\n\n<p>La clave del programa no est\u00e1 solo en la teor\u00eda, sino en la pr\u00e1ctica colaborativa. Con alrededor de&nbsp;<strong>120 tutores aportados por la Universidad Austral&nbsp;<\/strong>y una din\u00e1mica de trabajo por desaf\u00edos (\u201cchallenges\u201d), el curso propone&nbsp;<strong>conocer, explorar y documentar experiencias concretas en el aula para construir un repositorio colectivo de buenas pr\u00e1cticas<\/strong>.<\/p>\n\n\n\n<p>La diplomatura se desarrollar\u00e1 en modalidad h\u00edbrida y contar\u00e1 con una estructura de trabajo basada en challenges o desaf\u00edos pedag\u00f3gicos que invitan a los docentes a dise\u00f1ar, experimentar y reflexionar sobre el uso de la inteligencia artificial en su pr\u00e1ctica educativa. Esta propuesta formativa, combina una l\u00f3gica de alcance a gran escala con dispositivos que garantizan el acompa\u00f1amiento personalizado de los participantes. En este sentido, el recorrido incluye tutor\u00edas acad\u00e9micas y un espacio especialmente dise\u00f1ado para la socializaci\u00f3n de buenas pr\u00e1cticas, concebido como un reservorio vivo de experiencias donde los docentes podr\u00e1n compartir, analizar y enriquecer sus producciones. De este modo, la diplomatura busca no solo promover la apropiaci\u00f3n cr\u00edtica de herramientas de inteligencia artificial, sino tambi\u00e9n favorecer la transferencia real al aula y el impacto concreto en las pr\u00e1cticas de ense\u00f1anza.<\/p>\n\n\n\n<p>\u201cLo importante de todo esto es el reservorio de experiencia de los miles que van a compartir sus producciones, es algo sobre lo cual construir. Esta es una carrera como la marat\u00f3n, no de postas cortitas, entonces hay que empezar a correr y acumular esas experiencias\u201d, afirm\u00f3 el decano.<\/p>\n\n\n\n<p>En la misma l\u00ednea, la directora de la diplomatura, Alejandra Vatrano, subray\u00f3 la dimensi\u00f3n cultural y profesional del desaf\u00edo: \u201cHoy la inteligencia artificial dej\u00f3 de ser una tendencia para convertirse en un nuevo lenguaje cultural. Los docentes no solo necesitamos comprender c\u00f3mo funciona, sino&nbsp;<strong>aprender a integrarla con criterio pedag\u00f3gico, \u00e9tica y sentido did\u00e1ctico<\/strong>. Esta capacitaci\u00f3n es una necesidad porque&nbsp;<strong>redefine el rol docente: nos permite pasar de usuarios pasivos de herramientas a dise\u00f1adores de experiencias de aprendizaje potenciadas por IA<\/strong>. Formarse en este campo no es incorporar tecnolog\u00eda, es ampliar nuestras capacidades profesionales para ense\u00f1ar mejor en el presente\u201d.<\/p>\n\n\n\n<p>Vatrano tambi\u00e9n destac\u00f3 el impacto que ya genera la propuesta entre los educadores: \u201cLa recepci\u00f3n que hemos tenido de parte de los docentes ha sido profundamente movilizadora. Se percibe la alegr\u00eda, la motivaci\u00f3n y el entusiasmo por ser parte de esta Diplomatura. Para muchos, representa un&nbsp;<strong>desaf\u00edo personal y profesional<\/strong>, una oportunidad de superarse, actualizarse y&nbsp;<strong>seguir jerarquizando su pr\u00e1ctica<\/strong>. Esa energ\u00eda y ese compromiso reafirman el sentido de esta propuesta formativa: acompa\u00f1ar el crecimiento de quienes todos los d\u00edas transforman la educaci\u00f3n\u201d.<\/p>\n\n\n\n<p>La diplomatura&nbsp;<strong>-gratuita, virtual, con instancias pr\u00e1cticas y puntaje docente-<\/strong>&nbsp;est\u00e1 dirigida a educadores de todos los niveles: Inicial, Primario, Secundario, J\u00f3venes y Adultos y Formaci\u00f3n Docente. Adem\u00e1s, los participantes recibir\u00e1n&nbsp;<strong>una computadora durante el cursado para garantizar el acceso a los contenidos<\/strong>.<\/p>\n\n\n\n<p>La decisi\u00f3n de convocar a la Universidad Austral como socio acad\u00e9mico no fue casual. Desde el Ministerio de Educaci\u00f3n de San Luis destacaron que se busc\u00f3&nbsp;<strong>\u201cexpertos en educaci\u00f3n que fueran adem\u00e1s especialistas en IA, no al rev\u00e9s\u201d<\/strong>, priorizando la capacidad de&nbsp;<strong>traducir la tecnolog\u00eda en secuencias pedag\u00f3gicas concretas y aplicables<\/strong>.<\/p>\n\n\n\n<p>El lanzamiento en San Luis es&nbsp;<strong>una primera experiencia de un modelo que podr\u00eda escalarse a otras jurisdicciones<\/strong>. En un escenario global donde incluso los pa\u00edses m\u00e1s desarrollados a\u00fan exploran c\u00f3mo integrar la IA en la escuela, la Austral propone un camino:&nbsp;<strong>formaci\u00f3n rigurosa, construcci\u00f3n colectiva de conocimiento y una defensa expl\u00edcita del rol insustituible del docente<\/strong>.<\/p>\n\n\n\n<p>San Luis es el punto de partida. La necesidad, sin embargo, es nacional.<\/p>\n\n\n\n<figure class=\"wp-block-image size-large\"><img loading=\"lazy\" decoding=\"async\" width=\"1600\" height=\"1064\" src=\"https:\/\/infoecos.com.ar\/wp-content\/uploads\/2026\/03\/image-25-1600x1064.png\" alt=\"\" class=\"wp-image-154466\" srcset=\"https:\/\/infoecos.com.ar\/wp-content\/uploads\/2026\/03\/image-25-1600x1064.png 1600w, https:\/\/infoecos.com.ar\/wp-content\/uploads\/2026\/03\/image-25-800x532.png 800w, https:\/\/infoecos.com.ar\/wp-content\/uploads\/2026\/03\/image-25-768x511.png 768w, https:\/\/infoecos.com.ar\/wp-content\/uploads\/2026\/03\/image-25-1536x1022.png 1536w, https:\/\/infoecos.com.ar\/wp-content\/uploads\/2026\/03\/image-25-2048x1362.png 2048w, https:\/\/infoecos.com.ar\/wp-content\/uploads\/2026\/03\/image-25-1024x681.png 1024w\" sizes=\"(max-width: 1600px) 100vw, 1600px\" \/><\/figure>\n\n\n\n<p><em><strong>Santiago Bellomo, decano de la Escuela de Educaci\u00f3n de la Universidad Austral<\/strong>, durante la presentaci\u00f3n de la Diplomatura en Inteligencia Artificial para la Ense\u00f1anza y la Innovaci\u00f3n en el Aula en San Luis.<\/em><\/p>\n","protected":false},"excerpt":{"rendered":"<p>El coraz\u00f3n de esta iniciativa es acad\u00e9mico y responde a una convicci\u00f3n clara:\u00a0la inteligencia artificial debe integrarse a las aulas desde una mirada pedag\u00f3gica s\u00f3lida, \u00e9tica y profundamente humana.<\/p>\n","protected":false},"author":2,"featured_media":154466,"comment_status":"closed","ping_status":"open","sticky":false,"template":"","format":"standard","meta":{"footnotes":""},"categories":[1],"tags":[10304,10298],"class_list":["post-154465","post","type-post","status-publish","format-standard","has-post-thumbnail","hentry","category-sin-categoria","tag-actualidad","tag-bloque-inferior"],"yoast_head":"<!-- This site is optimized with the Yoast SEO plugin v23.4 - https:\/\/yoast.com\/wordpress\/plugins\/seo\/ -->\n<title>La Universidad Austral impulsa la primera Diplomatura en IA para docentes y proyecta un modelo federal desde San Luis - Infoecos<\/title>\n<meta name=\"robots\" content=\"index, follow, max-snippet:-1, max-image-preview:large, max-video-preview:-1\" \/>\n<link rel=\"canonical\" href=\"https:\/\/infoecos.com.ar\/index.php\/la-universidad-austral-impulsa-la-primera-diplomatura-en-ia-para-docentes-y-proyecta-un-modelo-federal-desde-san-luis\/\" \/>\n<meta property=\"og:locale\" content=\"es_ES\" \/>\n<meta property=\"og:type\" content=\"article\" \/>\n<meta property=\"og:title\" content=\"La Universidad Austral impulsa la primera Diplomatura en IA para docentes y proyecta un modelo federal desde San Luis - Infoecos\" \/>\n<meta property=\"og:description\" content=\"El coraz\u00f3n de esta iniciativa es acad\u00e9mico y responde a una convicci\u00f3n clara:\u00a0la inteligencia artificial debe integrarse a las aulas desde una mirada pedag\u00f3gica s\u00f3lida, \u00e9tica y profundamente humana.\" \/>\n<meta property=\"og:url\" content=\"https:\/\/infoecos.com.ar\/index.php\/la-universidad-austral-impulsa-la-primera-diplomatura-en-ia-para-docentes-y-proyecta-un-modelo-federal-desde-san-luis\/\" \/>\n<meta property=\"og:site_name\" content=\"Infoecos\" \/>\n<meta property=\"article:publisher\" content=\"https:\/\/www.facebook.com\/profile.php?id=100063200290284\" \/>\n<meta property=\"article:published_time\" content=\"2026-03-04T22:26:11+00:00\" \/>\n<meta property=\"article:modified_time\" content=\"2026-03-15T05:54:26+00:00\" \/>\n<meta property=\"og:image\" content=\"https:\/\/infoecos.com.ar\/wp-content\/uploads\/2026\/03\/image-25-1600x1064.png\" \/>\n\t<meta property=\"og:image:width\" content=\"1600\" \/>\n\t<meta property=\"og:image:height\" content=\"1064\" \/>\n\t<meta property=\"og:image:type\" content=\"image\/png\" \/>\n<meta name=\"author\" content=\"Jorge Matheus\" \/>\n<meta name=\"twitter:card\" content=\"summary_large_image\" \/>\n<meta name=\"twitter:creator\" content=\"@infoecos\" \/>\n<meta name=\"twitter:site\" content=\"@infoecos\" \/>\n<meta name=\"twitter:label1\" content=\"Escrito por\" \/>\n\t<meta name=\"twitter:data1\" content=\"Jorge Matheus\" \/>\n\t<meta name=\"twitter:label2\" content=\"Tiempo de lectura\" \/>\n\t<meta name=\"twitter:data2\" content=\"5 minutos\" \/>\n<script type=\"application\/ld+json\" class=\"yoast-schema-graph\">{\"@context\":\"https:\/\/schema.org\",\"@graph\":[{\"@type\":\"Article\",\"@id\":\"https:\/\/infoecos.com.ar\/index.php\/la-universidad-austral-impulsa-la-primera-diplomatura-en-ia-para-docentes-y-proyecta-un-modelo-federal-desde-san-luis\/#article\",\"isPartOf\":{\"@id\":\"https:\/\/infoecos.com.ar\/index.php\/la-universidad-austral-impulsa-la-primera-diplomatura-en-ia-para-docentes-y-proyecta-un-modelo-federal-desde-san-luis\/\"},\"author\":{\"name\":\"Jorge Matheus\",\"@id\":\"https:\/\/infoecos.com.ar\/#\/schema\/person\/8f5ace5ce73b4b4aac4b7245aee6f191\"},\"headline\":\"La Universidad Austral impulsa la primera Diplomatura en IA para docentes y proyecta un modelo federal desde San Luis\",\"datePublished\":\"2026-03-04T22:26:11+00:00\",\"dateModified\":\"2026-03-15T05:54:26+00:00\",\"mainEntityOfPage\":{\"@id\":\"https:\/\/infoecos.com.ar\/index.php\/la-universidad-austral-impulsa-la-primera-diplomatura-en-ia-para-docentes-y-proyecta-un-modelo-federal-desde-san-luis\/\"},\"wordCount\":947,\"publisher\":{\"@id\":\"https:\/\/infoecos.com.ar\/#organization\"},\"image\":{\"@id\":\"https:\/\/infoecos.com.ar\/index.php\/la-universidad-austral-impulsa-la-primera-diplomatura-en-ia-para-docentes-y-proyecta-un-modelo-federal-desde-san-luis\/#primaryimage\"},\"thumbnailUrl\":\"https:\/\/infoecos.com.ar\/wp-content\/uploads\/2026\/03\/image-25.png\",\"keywords\":[\"Actualidad\",\"Bloque inferior\"],\"inLanguage\":\"es\"},{\"@type\":\"WebPage\",\"@id\":\"https:\/\/infoecos.com.ar\/index.php\/la-universidad-austral-impulsa-la-primera-diplomatura-en-ia-para-docentes-y-proyecta-un-modelo-federal-desde-san-luis\/\",\"url\":\"https:\/\/infoecos.com.ar\/index.php\/la-universidad-austral-impulsa-la-primera-diplomatura-en-ia-para-docentes-y-proyecta-un-modelo-federal-desde-san-luis\/\",\"name\":\"La Universidad Austral impulsa la primera Diplomatura en IA para docentes y proyecta un modelo federal desde San Luis - Infoecos\",\"isPartOf\":{\"@id\":\"https:\/\/infoecos.com.ar\/#website\"},\"primaryImageOfPage\":{\"@id\":\"https:\/\/infoecos.com.ar\/index.php\/la-universidad-austral-impulsa-la-primera-diplomatura-en-ia-para-docentes-y-proyecta-un-modelo-federal-desde-san-luis\/#primaryimage\"},\"image\":{\"@id\":\"https:\/\/infoecos.com.ar\/index.php\/la-universidad-austral-impulsa-la-primera-diplomatura-en-ia-para-docentes-y-proyecta-un-modelo-federal-desde-san-luis\/#primaryimage\"},\"thumbnailUrl\":\"https:\/\/infoecos.com.ar\/wp-content\/uploads\/2026\/03\/image-25.png\",\"datePublished\":\"2026-03-04T22:26:11+00:00\",\"dateModified\":\"2026-03-15T05:54:26+00:00\",\"breadcrumb\":{\"@id\":\"https:\/\/infoecos.com.ar\/index.php\/la-universidad-austral-impulsa-la-primera-diplomatura-en-ia-para-docentes-y-proyecta-un-modelo-federal-desde-san-luis\/#breadcrumb\"},\"inLanguage\":\"es\",\"potentialAction\":[{\"@type\":\"ReadAction\",\"target\":[\"https:\/\/infoecos.com.ar\/index.php\/la-universidad-austral-impulsa-la-primera-diplomatura-en-ia-para-docentes-y-proyecta-un-modelo-federal-desde-san-luis\/\"]}]},{\"@type\":\"ImageObject\",\"inLanguage\":\"es\",\"@id\":\"https:\/\/infoecos.com.ar\/index.php\/la-universidad-austral-impulsa-la-primera-diplomatura-en-ia-para-docentes-y-proyecta-un-modelo-federal-desde-san-luis\/#primaryimage\",\"url\":\"https:\/\/infoecos.com.ar\/wp-content\/uploads\/2026\/03\/image-25.png\",\"contentUrl\":\"https:\/\/infoecos.com.ar\/wp-content\/uploads\/2026\/03\/image-25.png\",\"width\":2560,\"height\":1703},{\"@type\":\"BreadcrumbList\",\"@id\":\"https:\/\/infoecos.com.ar\/index.php\/la-universidad-austral-impulsa-la-primera-diplomatura-en-ia-para-docentes-y-proyecta-un-modelo-federal-desde-san-luis\/#breadcrumb\",\"itemListElement\":[{\"@type\":\"ListItem\",\"position\":1,\"name\":\"Portada\",\"item\":\"https:\/\/infoecos.com.ar\/\"},{\"@type\":\"ListItem\",\"position\":2,\"name\":\"La Universidad Austral impulsa la primera Diplomatura en IA para docentes y proyecta un modelo federal desde San Luis\"}]},{\"@type\":\"WebSite\",\"@id\":\"https:\/\/infoecos.com.ar\/#website\",\"url\":\"https:\/\/infoecos.com.ar\/\",\"name\":\"Infoecos\",\"description\":\"Noticias de trenque lauquen y la zona\",\"publisher\":{\"@id\":\"https:\/\/infoecos.com.ar\/#organization\"},\"alternateName\":\"Noticias\",\"potentialAction\":[{\"@type\":\"SearchAction\",\"target\":{\"@type\":\"EntryPoint\",\"urlTemplate\":\"https:\/\/infoecos.com.ar\/?s={search_term_string}\"},\"query-input\":{\"@type\":\"PropertyValueSpecification\",\"valueRequired\":true,\"valueName\":\"search_term_string\"}}],\"inLanguage\":\"es\"},{\"@type\":\"Organization\",\"@id\":\"https:\/\/infoecos.com.ar\/#organization\",\"name\":\"Infoecos\",\"alternateName\":\"Noticias\",\"url\":\"https:\/\/infoecos.com.ar\/\",\"logo\":{\"@type\":\"ImageObject\",\"inLanguage\":\"es\",\"@id\":\"https:\/\/infoecos.com.ar\/#\/schema\/logo\/image\/\",\"url\":\"https:\/\/infoecos.com.ar\/wp-content\/uploads\/2024\/03\/cropped-logo.png\",\"contentUrl\":\"https:\/\/infoecos.com.ar\/wp-content\/uploads\/2024\/03\/cropped-logo.png\",\"width\":374,\"height\":90,\"caption\":\"Infoecos\"},\"image\":{\"@id\":\"https:\/\/infoecos.com.ar\/#\/schema\/logo\/image\/\"},\"sameAs\":[\"https:\/\/www.facebook.com\/profile.php?id=100063200290284\",\"https:\/\/x.com\/infoecos\"]},{\"@type\":\"Person\",\"@id\":\"https:\/\/infoecos.com.ar\/#\/schema\/person\/8f5ace5ce73b4b4aac4b7245aee6f191\",\"name\":\"Jorge Matheus\",\"url\":\"https:\/\/infoecos.com.ar\/index.php\/author\/jomatheus\/\"}]}<\/script>\n<!-- \/ Yoast SEO plugin. -->","yoast_head_json":{"title":"La Universidad Austral impulsa la primera Diplomatura en IA para docentes y proyecta un modelo federal desde San Luis - Infoecos","robots":{"index":"index","follow":"follow","max-snippet":"max-snippet:-1","max-image-preview":"max-image-preview:large","max-video-preview":"max-video-preview:-1"},"canonical":"https:\/\/infoecos.com.ar\/index.php\/la-universidad-austral-impulsa-la-primera-diplomatura-en-ia-para-docentes-y-proyecta-un-modelo-federal-desde-san-luis\/","og_locale":"es_ES","og_type":"article","og_title":"La Universidad Austral impulsa la primera Diplomatura en IA para docentes y proyecta un modelo federal desde San Luis - Infoecos","og_description":"El coraz\u00f3n de esta iniciativa es acad\u00e9mico y responde a una convicci\u00f3n clara:\u00a0la inteligencia artificial debe integrarse a las aulas desde una mirada pedag\u00f3gica s\u00f3lida, \u00e9tica y profundamente humana.","og_url":"https:\/\/infoecos.com.ar\/index.php\/la-universidad-austral-impulsa-la-primera-diplomatura-en-ia-para-docentes-y-proyecta-un-modelo-federal-desde-san-luis\/","og_site_name":"Infoecos","article_publisher":"https:\/\/www.facebook.com\/profile.php?id=100063200290284","article_published_time":"2026-03-04T22:26:11+00:00","article_modified_time":"2026-03-15T05:54:26+00:00","og_image":[{"width":1600,"height":1064,"url":"https:\/\/infoecos.com.ar\/wp-content\/uploads\/2026\/03\/image-25-1600x1064.png","type":"image\/png"}],"author":"Jorge Matheus","twitter_card":"summary_large_image","twitter_creator":"@infoecos","twitter_site":"@infoecos","twitter_misc":{"Escrito por":"Jorge Matheus","Tiempo de lectura":"5 minutos"},"schema":{"@context":"https:\/\/schema.org","@graph":[{"@type":"Article","@id":"https:\/\/infoecos.com.ar\/index.php\/la-universidad-austral-impulsa-la-primera-diplomatura-en-ia-para-docentes-y-proyecta-un-modelo-federal-desde-san-luis\/#article","isPartOf":{"@id":"https:\/\/infoecos.com.ar\/index.php\/la-universidad-austral-impulsa-la-primera-diplomatura-en-ia-para-docentes-y-proyecta-un-modelo-federal-desde-san-luis\/"},"author":{"name":"Jorge Matheus","@id":"https:\/\/infoecos.com.ar\/#\/schema\/person\/8f5ace5ce73b4b4aac4b7245aee6f191"},"headline":"La Universidad Austral impulsa la primera Diplomatura en IA para docentes y proyecta un modelo federal desde San Luis","datePublished":"2026-03-04T22:26:11+00:00","dateModified":"2026-03-15T05:54:26+00:00","mainEntityOfPage":{"@id":"https:\/\/infoecos.com.ar\/index.php\/la-universidad-austral-impulsa-la-primera-diplomatura-en-ia-para-docentes-y-proyecta-un-modelo-federal-desde-san-luis\/"},"wordCount":947,"publisher":{"@id":"https:\/\/infoecos.com.ar\/#organization"},"image":{"@id":"https:\/\/infoecos.com.ar\/index.php\/la-universidad-austral-impulsa-la-primera-diplomatura-en-ia-para-docentes-y-proyecta-un-modelo-federal-desde-san-luis\/#primaryimage"},"thumbnailUrl":"https:\/\/infoecos.com.ar\/wp-content\/uploads\/2026\/03\/image-25.png","keywords":["Actualidad","Bloque inferior"],"inLanguage":"es"},{"@type":"WebPage","@id":"https:\/\/infoecos.com.ar\/index.php\/la-universidad-austral-impulsa-la-primera-diplomatura-en-ia-para-docentes-y-proyecta-un-modelo-federal-desde-san-luis\/","url":"https:\/\/infoecos.com.ar\/index.php\/la-universidad-austral-impulsa-la-primera-diplomatura-en-ia-para-docentes-y-proyecta-un-modelo-federal-desde-san-luis\/","name":"La Universidad Austral impulsa la primera Diplomatura en IA para docentes y proyecta un modelo federal desde San Luis - Infoecos","isPartOf":{"@id":"https:\/\/infoecos.com.ar\/#website"},"primaryImageOfPage":{"@id":"https:\/\/infoecos.com.ar\/index.php\/la-universidad-austral-impulsa-la-primera-diplomatura-en-ia-para-docentes-y-proyecta-un-modelo-federal-desde-san-luis\/#primaryimage"},"image":{"@id":"https:\/\/infoecos.com.ar\/index.php\/la-universidad-austral-impulsa-la-primera-diplomatura-en-ia-para-docentes-y-proyecta-un-modelo-federal-desde-san-luis\/#primaryimage"},"thumbnailUrl":"https:\/\/infoecos.com.ar\/wp-content\/uploads\/2026\/03\/image-25.png","datePublished":"2026-03-04T22:26:11+00:00","dateModified":"2026-03-15T05:54:26+00:00","breadcrumb":{"@id":"https:\/\/infoecos.com.ar\/index.php\/la-universidad-austral-impulsa-la-primera-diplomatura-en-ia-para-docentes-y-proyecta-un-modelo-federal-desde-san-luis\/#breadcrumb"},"inLanguage":"es","potentialAction":[{"@type":"ReadAction","target":["https:\/\/infoecos.com.ar\/index.php\/la-universidad-austral-impulsa-la-primera-diplomatura-en-ia-para-docentes-y-proyecta-un-modelo-federal-desde-san-luis\/"]}]},{"@type":"ImageObject","inLanguage":"es","@id":"https:\/\/infoecos.com.ar\/index.php\/la-universidad-austral-impulsa-la-primera-diplomatura-en-ia-para-docentes-y-proyecta-un-modelo-federal-desde-san-luis\/#primaryimage","url":"https:\/\/infoecos.com.ar\/wp-content\/uploads\/2026\/03\/image-25.png","contentUrl":"https:\/\/infoecos.com.ar\/wp-content\/uploads\/2026\/03\/image-25.png","width":2560,"height":1703},{"@type":"BreadcrumbList","@id":"https:\/\/infoecos.com.ar\/index.php\/la-universidad-austral-impulsa-la-primera-diplomatura-en-ia-para-docentes-y-proyecta-un-modelo-federal-desde-san-luis\/#breadcrumb","itemListElement":[{"@type":"ListItem","position":1,"name":"Portada","item":"https:\/\/infoecos.com.ar\/"},{"@type":"ListItem","position":2,"name":"La Universidad Austral impulsa la primera Diplomatura en IA para docentes y proyecta un modelo federal desde San Luis"}]},{"@type":"WebSite","@id":"https:\/\/infoecos.com.ar\/#website","url":"https:\/\/infoecos.com.ar\/","name":"Infoecos","description":"Noticias de trenque lauquen y la zona","publisher":{"@id":"https:\/\/infoecos.com.ar\/#organization"},"alternateName":"Noticias","potentialAction":[{"@type":"SearchAction","target":{"@type":"EntryPoint","urlTemplate":"https:\/\/infoecos.com.ar\/?s={search_term_string}"},"query-input":{"@type":"PropertyValueSpecification","valueRequired":true,"valueName":"search_term_string"}}],"inLanguage":"es"},{"@type":"Organization","@id":"https:\/\/infoecos.com.ar\/#organization","name":"Infoecos","alternateName":"Noticias","url":"https:\/\/infoecos.com.ar\/","logo":{"@type":"ImageObject","inLanguage":"es","@id":"https:\/\/infoecos.com.ar\/#\/schema\/logo\/image\/","url":"https:\/\/infoecos.com.ar\/wp-content\/uploads\/2024\/03\/cropped-logo.png","contentUrl":"https:\/\/infoecos.com.ar\/wp-content\/uploads\/2024\/03\/cropped-logo.png","width":374,"height":90,"caption":"Infoecos"},"image":{"@id":"https:\/\/infoecos.com.ar\/#\/schema\/logo\/image\/"},"sameAs":["https:\/\/www.facebook.com\/profile.php?id=100063200290284","https:\/\/x.com\/infoecos"]},{"@type":"Person","@id":"https:\/\/infoecos.com.ar\/#\/schema\/person\/8f5ace5ce73b4b4aac4b7245aee6f191","name":"Jorge Matheus","url":"https:\/\/infoecos.com.ar\/index.php\/author\/jomatheus\/"}]}},"featured_image_urls":{"full":["https:\/\/infoecos.com.ar\/wp-content\/uploads\/2026\/03\/image-25.png",2560,1703,false],"thumbnail":["https:\/\/infoecos.com.ar\/wp-content\/uploads\/2026\/03\/image-25-300x150.png",300,150,true],"medium":["https:\/\/infoecos.com.ar\/wp-content\/uploads\/2026\/03\/image-25-800x532.png",800,532,true],"medium_large":["https:\/\/infoecos.com.ar\/wp-content\/uploads\/2026\/03\/image-25-768x511.png",640,426,true],"large":["https:\/\/infoecos.com.ar\/wp-content\/uploads\/2026\/03\/image-25-1600x1064.png",640,426,true],"1536x1536":["https:\/\/infoecos.com.ar\/wp-content\/uploads\/2026\/03\/image-25-1536x1022.png",1536,1022,true],"2048x2048":["https:\/\/infoecos.com.ar\/wp-content\/uploads\/2026\/03\/image-25-2048x1362.png",2048,1362,true],"covernews-slider-full":["https:\/\/infoecos.com.ar\/wp-content\/uploads\/2026\/03\/image-25-1115x715.png",1115,715,true],"covernews-slider-center":["https:\/\/infoecos.com.ar\/wp-content\/uploads\/2026\/03\/image-25-800x500.png",800,500,true],"covernews-featured":["https:\/\/infoecos.com.ar\/wp-content\/uploads\/2026\/03\/image-25-1024x681.png",1024,681,true],"covernews-medium":["https:\/\/infoecos.com.ar\/wp-content\/uploads\/2026\/03\/image-25-540x340.png",540,340,true],"covernews-medium-square":["https:\/\/infoecos.com.ar\/wp-content\/uploads\/2026\/03\/image-25-400x250.png",400,250,true]},"author_info":{"info":["Jorge Matheus"]},"category_info":"<a href=\"https:\/\/infoecos.com.ar\/index.php\/category\/sin-categoria\/\" rel=\"category tag\">Sin categor\u00eda<\/a>","tag_info":"Sin categor\u00eda","comment_count":"0","_links":{"self":[{"href":"https:\/\/infoecos.com.ar\/index.php\/wp-json\/wp\/v2\/posts\/154465"}],"collection":[{"href":"https:\/\/infoecos.com.ar\/index.php\/wp-json\/wp\/v2\/posts"}],"about":[{"href":"https:\/\/infoecos.com.ar\/index.php\/wp-json\/wp\/v2\/types\/post"}],"author":[{"embeddable":true,"href":"https:\/\/infoecos.com.ar\/index.php\/wp-json\/wp\/v2\/users\/2"}],"replies":[{"embeddable":true,"href":"https:\/\/infoecos.com.ar\/index.php\/wp-json\/wp\/v2\/comments?post=154465"}],"version-history":[{"count":1,"href":"https:\/\/infoecos.com.ar\/index.php\/wp-json\/wp\/v2\/posts\/154465\/revisions"}],"predecessor-version":[{"id":154467,"href":"https:\/\/infoecos.com.ar\/index.php\/wp-json\/wp\/v2\/posts\/154465\/revisions\/154467"}],"wp:featuredmedia":[{"embeddable":true,"href":"https:\/\/infoecos.com.ar\/index.php\/wp-json\/wp\/v2\/media\/154466"}],"wp:attachment":[{"href":"https:\/\/infoecos.com.ar\/index.php\/wp-json\/wp\/v2\/media?parent=154465"}],"wp:term":[{"taxonomy":"category","embeddable":true,"href":"https:\/\/infoecos.com.ar\/index.php\/wp-json\/wp\/v2\/categories?post=154465"},{"taxonomy":"post_tag","embeddable":true,"href":"https:\/\/infoecos.com.ar\/index.php\/wp-json\/wp\/v2\/tags?post=154465"}],"curies":[{"name":"wp","href":"https:\/\/api.w.org\/{rel}","templated":true}]}}