{"id":154490,"date":"2026-03-05T00:19:31","date_gmt":"2026-03-05T03:19:31","guid":{"rendered":"https:\/\/infoecos.com.ar\/?p=154490"},"modified":"2026-03-15T02:52:40","modified_gmt":"2026-03-15T05:52:40","slug":"el-intendente-de-trenque-lauquen-durante-mas-de-una-hora-se-refirio-al-crecimiento-del-distrito-e-hizo-varias-apelaciones-y-reconocimientos","status":"publish","type":"post","link":"https:\/\/infoecos.com.ar\/index.php\/el-intendente-de-trenque-lauquen-durante-mas-de-una-hora-se-refirio-al-crecimiento-del-distrito-e-hizo-varias-apelaciones-y-reconocimientos\/","title":{"rendered":"El intendente de Trenque Lauquen durante m\u00e1s de una hora se refiri\u00f3 al crecimiento del distrito e hizo varias apelaciones y reconocimientos"},"content":{"rendered":"\n<p>El intendente municipal de Trenque Lauquen, Francisco Recoulat, con una alocuci\u00f3n extensa, tono distendido, reiterados agradecimientos al Concejo Deliberante, unas cuantas apelaciones a la comunidad, referencias al crecimiento experimentado por el distrito en todos los \u00f3rdenes, una ennumeraci\u00f3n de obras realizadas, las que se est\u00e1n ejecutando y a realizar, dej\u00f3 abierto el per\u00edodo ordinario de sesiones del Concejo Deliberante.<\/p>\n\n\n\n<figure class=\"wp-block-image size-large\"><img loading=\"lazy\" decoding=\"async\" width=\"1600\" height=\"1066\" src=\"https:\/\/infoecos.com.ar\/wp-content\/uploads\/2026\/03\/Apertura-de-Sesiones-2-1600x1066.jpeg\" alt=\"\" class=\"wp-image-154529\" srcset=\"https:\/\/infoecos.com.ar\/wp-content\/uploads\/2026\/03\/Apertura-de-Sesiones-2-1600x1066.jpeg 1600w, https:\/\/infoecos.com.ar\/wp-content\/uploads\/2026\/03\/Apertura-de-Sesiones-2-800x533.jpeg 800w, https:\/\/infoecos.com.ar\/wp-content\/uploads\/2026\/03\/Apertura-de-Sesiones-2-768x512.jpeg 768w, https:\/\/infoecos.com.ar\/wp-content\/uploads\/2026\/03\/Apertura-de-Sesiones-2-1536x1024.jpeg 1536w, https:\/\/infoecos.com.ar\/wp-content\/uploads\/2026\/03\/Apertura-de-Sesiones-2-2048x1365.jpeg 2048w, https:\/\/infoecos.com.ar\/wp-content\/uploads\/2026\/03\/Apertura-de-Sesiones-2-1024x682.jpeg 1024w\" sizes=\"(max-width: 1600px) 100vw, 1600px\" \/><\/figure>\n\n\n\n<p>Se refiri\u00f3 a la situaci\u00f3n econ\u00f3mica del pa\u00eds en general, la que calific\u00f3 como dif\u00edcil, pero sin entrar en colisi\u00f3n con la Libertad Avanza, bloque de n\u00famero importante en la constituci\u00f3n del cuerpo.<\/p>\n\n\n\n<p>Hizo especial referencia a lo ejecutado en el mejoramiento de los edificios p\u00fablicos, y mencion\u00f3 &#8211; una por una &#8211; todas las obras realizadas en educaci\u00f3n en los \u00faltimos tiempos, con el acompa\u00f1amiento econ\u00f3mico del gobierno bonaerense.<\/p>\n\n\n\n<p>Reconociendo que pueden existir diferencias de ideas y metodol\u00f3gicas, el intendente hizo un llamado a las fuerzas de la oposici\u00f3n a construir consensos y los invit\u00f3, tanto a dialogar, como a formar parte de sus gestiones ante las autoridades nacionales y provinciales.<\/p>\n\n\n\n<figure class=\"wp-block-gallery has-nested-images columns-default is-cropped wp-block-gallery-1 is-layout-flex wp-block-gallery-is-layout-flex\">\n<figure class=\"wp-block-image size-large\"><img loading=\"lazy\" decoding=\"async\" width=\"1600\" height=\"1397\" data-id=\"154531\" src=\"https:\/\/infoecos.com.ar\/wp-content\/uploads\/2026\/03\/Apertura-de-Sesiones-9-1600x1397.jpeg\" alt=\"\" class=\"wp-image-154531\" srcset=\"https:\/\/infoecos.com.ar\/wp-content\/uploads\/2026\/03\/Apertura-de-Sesiones-9-1600x1397.jpeg 1600w, https:\/\/infoecos.com.ar\/wp-content\/uploads\/2026\/03\/Apertura-de-Sesiones-9-800x698.jpeg 800w, https:\/\/infoecos.com.ar\/wp-content\/uploads\/2026\/03\/Apertura-de-Sesiones-9-768x671.jpeg 768w, https:\/\/infoecos.com.ar\/wp-content\/uploads\/2026\/03\/Apertura-de-Sesiones-9-1536x1341.jpeg 1536w, https:\/\/infoecos.com.ar\/wp-content\/uploads\/2026\/03\/Apertura-de-Sesiones-9-2048x1788.jpeg 2048w, https:\/\/infoecos.com.ar\/wp-content\/uploads\/2026\/03\/Apertura-de-Sesiones-9-1024x894.jpeg 1024w\" sizes=\"(max-width: 1600px) 100vw, 1600px\" \/><\/figure>\n\n\n\n<figure class=\"wp-block-image size-large\"><img loading=\"lazy\" decoding=\"async\" width=\"1600\" height=\"1307\" data-id=\"154534\" src=\"https:\/\/infoecos.com.ar\/wp-content\/uploads\/2026\/03\/Apertura-de-Sesiones-10-1600x1307.jpeg\" alt=\"\" class=\"wp-image-154534\" srcset=\"https:\/\/infoecos.com.ar\/wp-content\/uploads\/2026\/03\/Apertura-de-Sesiones-10-1600x1307.jpeg 1600w, https:\/\/infoecos.com.ar\/wp-content\/uploads\/2026\/03\/Apertura-de-Sesiones-10-800x653.jpeg 800w, https:\/\/infoecos.com.ar\/wp-content\/uploads\/2026\/03\/Apertura-de-Sesiones-10-768x627.jpeg 768w, https:\/\/infoecos.com.ar\/wp-content\/uploads\/2026\/03\/Apertura-de-Sesiones-10-1536x1255.jpeg 1536w, https:\/\/infoecos.com.ar\/wp-content\/uploads\/2026\/03\/Apertura-de-Sesiones-10-2048x1673.jpeg 2048w, https:\/\/infoecos.com.ar\/wp-content\/uploads\/2026\/03\/Apertura-de-Sesiones-10-1024x836.jpeg 1024w\" sizes=\"(max-width: 1600px) 100vw, 1600px\" \/><\/figure>\n\n\n\n<figure class=\"wp-block-image size-large\"><img loading=\"lazy\" decoding=\"async\" width=\"1600\" height=\"1391\" data-id=\"154536\" src=\"https:\/\/infoecos.com.ar\/wp-content\/uploads\/2026\/03\/Apertura-de-Sesiones-11-1600x1391.jpeg\" alt=\"\" class=\"wp-image-154536\" srcset=\"https:\/\/infoecos.com.ar\/wp-content\/uploads\/2026\/03\/Apertura-de-Sesiones-11-1600x1391.jpeg 1600w, https:\/\/infoecos.com.ar\/wp-content\/uploads\/2026\/03\/Apertura-de-Sesiones-11-800x695.jpeg 800w, https:\/\/infoecos.com.ar\/wp-content\/uploads\/2026\/03\/Apertura-de-Sesiones-11-768x668.jpeg 768w, https:\/\/infoecos.com.ar\/wp-content\/uploads\/2026\/03\/Apertura-de-Sesiones-11-1536x1335.jpeg 1536w, https:\/\/infoecos.com.ar\/wp-content\/uploads\/2026\/03\/Apertura-de-Sesiones-11-2048x1780.jpeg 2048w, https:\/\/infoecos.com.ar\/wp-content\/uploads\/2026\/03\/Apertura-de-Sesiones-11-1024x890.jpeg 1024w\" sizes=\"(max-width: 1600px) 100vw, 1600px\" \/><\/figure>\n\n\n\n<figure class=\"wp-block-image size-large\"><img loading=\"lazy\" decoding=\"async\" width=\"1600\" height=\"1066\" data-id=\"154533\" src=\"https:\/\/infoecos.com.ar\/wp-content\/uploads\/2026\/03\/Apertura-de-Sesiones-12-1600x1066.jpeg\" alt=\"\" class=\"wp-image-154533\" srcset=\"https:\/\/infoecos.com.ar\/wp-content\/uploads\/2026\/03\/Apertura-de-Sesiones-12-1600x1066.jpeg 1600w, https:\/\/infoecos.com.ar\/wp-content\/uploads\/2026\/03\/Apertura-de-Sesiones-12-800x533.jpeg 800w, https:\/\/infoecos.com.ar\/wp-content\/uploads\/2026\/03\/Apertura-de-Sesiones-12-768x512.jpeg 768w, https:\/\/infoecos.com.ar\/wp-content\/uploads\/2026\/03\/Apertura-de-Sesiones-12-1536x1024.jpeg 1536w, https:\/\/infoecos.com.ar\/wp-content\/uploads\/2026\/03\/Apertura-de-Sesiones-12-2048x1365.jpeg 2048w, https:\/\/infoecos.com.ar\/wp-content\/uploads\/2026\/03\/Apertura-de-Sesiones-12-1024x682.jpeg 1024w\" sizes=\"(max-width: 1600px) 100vw, 1600px\" \/><\/figure>\n\n\n\n<figure class=\"wp-block-image size-large\"><img loading=\"lazy\" decoding=\"async\" width=\"1600\" height=\"842\" data-id=\"154535\" src=\"https:\/\/infoecos.com.ar\/wp-content\/uploads\/2026\/03\/Apertura-de-Sesiones-13-1600x842.jpeg\" alt=\"\" class=\"wp-image-154535\" srcset=\"https:\/\/infoecos.com.ar\/wp-content\/uploads\/2026\/03\/Apertura-de-Sesiones-13-1600x842.jpeg 1600w, https:\/\/infoecos.com.ar\/wp-content\/uploads\/2026\/03\/Apertura-de-Sesiones-13-800x421.jpeg 800w, https:\/\/infoecos.com.ar\/wp-content\/uploads\/2026\/03\/Apertura-de-Sesiones-13-768x404.jpeg 768w, https:\/\/infoecos.com.ar\/wp-content\/uploads\/2026\/03\/Apertura-de-Sesiones-13-1536x808.jpeg 1536w, https:\/\/infoecos.com.ar\/wp-content\/uploads\/2026\/03\/Apertura-de-Sesiones-13-2048x1078.jpeg 2048w, https:\/\/infoecos.com.ar\/wp-content\/uploads\/2026\/03\/Apertura-de-Sesiones-13-1024x539.jpeg 1024w\" sizes=\"(max-width: 1600px) 100vw, 1600px\" \/><\/figure>\n\n\n\n<figure class=\"wp-block-image size-large\"><img loading=\"lazy\" decoding=\"async\" width=\"1600\" height=\"1066\" data-id=\"154532\" src=\"https:\/\/infoecos.com.ar\/wp-content\/uploads\/2026\/03\/Apertura-de-Sesiones-14-1600x1066.jpeg\" alt=\"\" class=\"wp-image-154532\" srcset=\"https:\/\/infoecos.com.ar\/wp-content\/uploads\/2026\/03\/Apertura-de-Sesiones-14-1600x1066.jpeg 1600w, https:\/\/infoecos.com.ar\/wp-content\/uploads\/2026\/03\/Apertura-de-Sesiones-14-800x533.jpeg 800w, https:\/\/infoecos.com.ar\/wp-content\/uploads\/2026\/03\/Apertura-de-Sesiones-14-768x512.jpeg 768w, https:\/\/infoecos.com.ar\/wp-content\/uploads\/2026\/03\/Apertura-de-Sesiones-14-1536x1024.jpeg 1536w, https:\/\/infoecos.com.ar\/wp-content\/uploads\/2026\/03\/Apertura-de-Sesiones-14-2048x1365.jpeg 2048w, https:\/\/infoecos.com.ar\/wp-content\/uploads\/2026\/03\/Apertura-de-Sesiones-14-1024x682.jpeg 1024w\" sizes=\"(max-width: 1600px) 100vw, 1600px\" \/><\/figure>\n<\/figure>\n\n\n\n<p>Asistido por una carpeta en el estrado, Recoulat transmiti\u00f3 casi de memoria lo expuesto y que puede verse en el video de la transmisi\u00f3n que realiz\u00f3 el Concejo Deliberante y est\u00e1 subido a Facebook: <strong><a href=\"https:\/\/www.facebook.com\/hcdtl?__cft__[0]=AZZ8FGyXv6E8M8N7LtPqW-CkA_8OZ4asnY_DmfRdWfSfaKaD3MDKDCaTqj3_dBHiAab3hjiWLXSjec-zWSJUZ_CgL4WglEnsBs1orLiQVwjIT0vtXzYkd39pN2S5S_LpcnuYkymNPYECncrXk9TOOKsTay993W3xNEQn24_CR5NKO9plebekJefR76Y9NjjdqT0yYTIy_DfuY-SoNQ2GRhUH&amp;__tn__=-]C%2CP-R\">Honorable Concejo Deliberante de Trenque Lauquen<\/a><\/strong>.<\/p>\n\n\n\n<p>El edificio del cuerpo que no es demasiado amplio para albergar muchos asistentes, estuvo lleno. El mensaje no dio para interrupciones con aplausos, ni siquiera de su propio bloque, observ\u00e1ndose en toda la transmisi\u00f3n que se le puso especial inter\u00e9s.<\/p>\n\n\n\n<figure class=\"wp-block-gallery has-nested-images columns-default is-cropped wp-block-gallery-2 is-layout-flex wp-block-gallery-is-layout-flex\">\n<figure class=\"wp-block-image size-large\"><img loading=\"lazy\" decoding=\"async\" width=\"1600\" height=\"1066\" data-id=\"154537\" src=\"https:\/\/infoecos.com.ar\/wp-content\/uploads\/2026\/03\/Apertura-de-Sesiones-15-1600x1066.jpeg\" alt=\"\" class=\"wp-image-154537\" srcset=\"https:\/\/infoecos.com.ar\/wp-content\/uploads\/2026\/03\/Apertura-de-Sesiones-15-1600x1066.jpeg 1600w, https:\/\/infoecos.com.ar\/wp-content\/uploads\/2026\/03\/Apertura-de-Sesiones-15-800x533.jpeg 800w, https:\/\/infoecos.com.ar\/wp-content\/uploads\/2026\/03\/Apertura-de-Sesiones-15-768x512.jpeg 768w, https:\/\/infoecos.com.ar\/wp-content\/uploads\/2026\/03\/Apertura-de-Sesiones-15-1536x1024.jpeg 1536w, https:\/\/infoecos.com.ar\/wp-content\/uploads\/2026\/03\/Apertura-de-Sesiones-15-2048x1365.jpeg 2048w, https:\/\/infoecos.com.ar\/wp-content\/uploads\/2026\/03\/Apertura-de-Sesiones-15-1024x682.jpeg 1024w\" sizes=\"(max-width: 1600px) 100vw, 1600px\" \/><\/figure>\n\n\n\n<figure class=\"wp-block-image size-large\"><img loading=\"lazy\" decoding=\"async\" width=\"1600\" height=\"903\" data-id=\"154538\" src=\"https:\/\/infoecos.com.ar\/wp-content\/uploads\/2026\/03\/Apertura-de-Sesiones-16-1600x903.jpeg\" alt=\"\" class=\"wp-image-154538\" srcset=\"https:\/\/infoecos.com.ar\/wp-content\/uploads\/2026\/03\/Apertura-de-Sesiones-16-1600x903.jpeg 1600w, https:\/\/infoecos.com.ar\/wp-content\/uploads\/2026\/03\/Apertura-de-Sesiones-16-800x452.jpeg 800w, https:\/\/infoecos.com.ar\/wp-content\/uploads\/2026\/03\/Apertura-de-Sesiones-16-768x434.jpeg 768w, https:\/\/infoecos.com.ar\/wp-content\/uploads\/2026\/03\/Apertura-de-Sesiones-16-1536x867.jpeg 1536w, https:\/\/infoecos.com.ar\/wp-content\/uploads\/2026\/03\/Apertura-de-Sesiones-16-2048x1156.jpeg 2048w, https:\/\/infoecos.com.ar\/wp-content\/uploads\/2026\/03\/Apertura-de-Sesiones-16-1024x578.jpeg 1024w\" sizes=\"(max-width: 1600px) 100vw, 1600px\" \/><\/figure>\n\n\n\n<figure class=\"wp-block-image size-large\"><img loading=\"lazy\" decoding=\"async\" width=\"1600\" height=\"1203\" data-id=\"154539\" src=\"https:\/\/infoecos.com.ar\/wp-content\/uploads\/2026\/03\/Apertura-de-Sesiones-17-1600x1203.jpeg\" alt=\"\" class=\"wp-image-154539\" srcset=\"https:\/\/infoecos.com.ar\/wp-content\/uploads\/2026\/03\/Apertura-de-Sesiones-17-1600x1203.jpeg 1600w, https:\/\/infoecos.com.ar\/wp-content\/uploads\/2026\/03\/Apertura-de-Sesiones-17-800x601.jpeg 800w, https:\/\/infoecos.com.ar\/wp-content\/uploads\/2026\/03\/Apertura-de-Sesiones-17-768x577.jpeg 768w, https:\/\/infoecos.com.ar\/wp-content\/uploads\/2026\/03\/Apertura-de-Sesiones-17-1536x1154.jpeg 1536w, https:\/\/infoecos.com.ar\/wp-content\/uploads\/2026\/03\/Apertura-de-Sesiones-17-2048x1539.jpeg 2048w, https:\/\/infoecos.com.ar\/wp-content\/uploads\/2026\/03\/Apertura-de-Sesiones-17-1024x770.jpeg 1024w\" sizes=\"(max-width: 1600px) 100vw, 1600px\" \/><\/figure>\n<\/figure>\n","protected":false},"excerpt":{"rendered":"<p>Dej\u00f3 abierto el per\u00edodo de sesiones ordinarias del Concejo Deliberante del distrito. <\/p>\n","protected":false},"author":2,"featured_media":154529,"comment_status":"closed","ping_status":"open","sticky":false,"template":"","format":"standard","meta":{"footnotes":""},"categories":[1],"tags":[10298],"class_list":["post-154490","post","type-post","status-publish","format-standard","has-post-thumbnail","hentry","category-sin-categoria","tag-bloque-inferior"],"yoast_head":"<!-- This site is optimized with the Yoast SEO plugin v23.4 - https:\/\/yoast.com\/wordpress\/plugins\/seo\/ -->\n<title>El intendente de Trenque Lauquen durante m\u00e1s de una hora se refiri\u00f3 al crecimiento del distrito e hizo varias apelaciones y reconocimientos - Infoecos<\/title>\n<meta name=\"robots\" content=\"index, follow, max-snippet:-1, max-image-preview:large, max-video-preview:-1\" \/>\n<link rel=\"canonical\" href=\"https:\/\/infoecos.com.ar\/index.php\/el-intendente-de-trenque-lauquen-durante-mas-de-una-hora-se-refirio-al-crecimiento-del-distrito-e-hizo-varias-apelaciones-y-reconocimientos\/\" \/>\n<meta property=\"og:locale\" content=\"es_ES\" \/>\n<meta property=\"og:type\" content=\"article\" \/>\n<meta property=\"og:title\" content=\"El intendente de Trenque Lauquen durante m\u00e1s de una hora se refiri\u00f3 al crecimiento del distrito e hizo varias apelaciones y reconocimientos - Infoecos\" \/>\n<meta property=\"og:description\" content=\"Dej\u00f3 abierto el per\u00edodo de sesiones ordinarias del Concejo Deliberante del distrito.\" \/>\n<meta property=\"og:url\" content=\"https:\/\/infoecos.com.ar\/index.php\/el-intendente-de-trenque-lauquen-durante-mas-de-una-hora-se-refirio-al-crecimiento-del-distrito-e-hizo-varias-apelaciones-y-reconocimientos\/\" \/>\n<meta property=\"og:site_name\" content=\"Infoecos\" \/>\n<meta property=\"article:publisher\" content=\"https:\/\/www.facebook.com\/profile.php?id=100063200290284\" \/>\n<meta property=\"article:published_time\" content=\"2026-03-05T03:19:31+00:00\" \/>\n<meta property=\"article:modified_time\" content=\"2026-03-15T05:52:40+00:00\" \/>\n<meta property=\"og:image\" content=\"https:\/\/infoecos.com.ar\/wp-content\/uploads\/2026\/03\/Apertura-de-Sesiones-2.jpeg\" \/>\n\t<meta property=\"og:image:width\" content=\"2560\" \/>\n\t<meta property=\"og:image:height\" content=\"1706\" \/>\n\t<meta property=\"og:image:type\" content=\"image\/jpeg\" \/>\n<meta name=\"author\" content=\"Jorge Matheus\" \/>\n<meta name=\"twitter:card\" content=\"summary_large_image\" \/>\n<meta name=\"twitter:creator\" content=\"@infoecos\" \/>\n<meta name=\"twitter:site\" content=\"@infoecos\" \/>\n<meta name=\"twitter:label1\" content=\"Escrito por\" \/>\n\t<meta name=\"twitter:data1\" content=\"Jorge Matheus\" \/>\n\t<meta name=\"twitter:label2\" content=\"Tiempo de lectura\" \/>\n\t<meta name=\"twitter:data2\" content=\"4 minutos\" \/>\n<script type=\"application\/ld+json\" class=\"yoast-schema-graph\">{\"@context\":\"https:\/\/schema.org\",\"@graph\":[{\"@type\":\"Article\",\"@id\":\"https:\/\/infoecos.com.ar\/index.php\/el-intendente-de-trenque-lauquen-durante-mas-de-una-hora-se-refirio-al-crecimiento-del-distrito-e-hizo-varias-apelaciones-y-reconocimientos\/#article\",\"isPartOf\":{\"@id\":\"https:\/\/infoecos.com.ar\/index.php\/el-intendente-de-trenque-lauquen-durante-mas-de-una-hora-se-refirio-al-crecimiento-del-distrito-e-hizo-varias-apelaciones-y-reconocimientos\/\"},\"author\":{\"name\":\"Jorge Matheus\",\"@id\":\"https:\/\/infoecos.com.ar\/#\/schema\/person\/8f5ace5ce73b4b4aac4b7245aee6f191\"},\"headline\":\"El intendente de Trenque Lauquen durante m\u00e1s de una hora se refiri\u00f3 al crecimiento del distrito e hizo varias apelaciones y reconocimientos\",\"datePublished\":\"2026-03-05T03:19:31+00:00\",\"dateModified\":\"2026-03-15T05:52:40+00:00\",\"mainEntityOfPage\":{\"@id\":\"https:\/\/infoecos.com.ar\/index.php\/el-intendente-de-trenque-lauquen-durante-mas-de-una-hora-se-refirio-al-crecimiento-del-distrito-e-hizo-varias-apelaciones-y-reconocimientos\/\"},\"wordCount\":295,\"publisher\":{\"@id\":\"https:\/\/infoecos.com.ar\/#organization\"},\"image\":{\"@id\":\"https:\/\/infoecos.com.ar\/index.php\/el-intendente-de-trenque-lauquen-durante-mas-de-una-hora-se-refirio-al-crecimiento-del-distrito-e-hizo-varias-apelaciones-y-reconocimientos\/#primaryimage\"},\"thumbnailUrl\":\"https:\/\/infoecos.com.ar\/wp-content\/uploads\/2026\/03\/Apertura-de-Sesiones-2.jpeg\",\"keywords\":[\"Bloque inferior\"],\"inLanguage\":\"es\"},{\"@type\":\"WebPage\",\"@id\":\"https:\/\/infoecos.com.ar\/index.php\/el-intendente-de-trenque-lauquen-durante-mas-de-una-hora-se-refirio-al-crecimiento-del-distrito-e-hizo-varias-apelaciones-y-reconocimientos\/\",\"url\":\"https:\/\/infoecos.com.ar\/index.php\/el-intendente-de-trenque-lauquen-durante-mas-de-una-hora-se-refirio-al-crecimiento-del-distrito-e-hizo-varias-apelaciones-y-reconocimientos\/\",\"name\":\"El intendente de Trenque Lauquen durante m\u00e1s de una hora se refiri\u00f3 al crecimiento del distrito e hizo varias apelaciones y reconocimientos - Infoecos\",\"isPartOf\":{\"@id\":\"https:\/\/infoecos.com.ar\/#website\"},\"primaryImageOfPage\":{\"@id\":\"https:\/\/infoecos.com.ar\/index.php\/el-intendente-de-trenque-lauquen-durante-mas-de-una-hora-se-refirio-al-crecimiento-del-distrito-e-hizo-varias-apelaciones-y-reconocimientos\/#primaryimage\"},\"image\":{\"@id\":\"https:\/\/infoecos.com.ar\/index.php\/el-intendente-de-trenque-lauquen-durante-mas-de-una-hora-se-refirio-al-crecimiento-del-distrito-e-hizo-varias-apelaciones-y-reconocimientos\/#primaryimage\"},\"thumbnailUrl\":\"https:\/\/infoecos.com.ar\/wp-content\/uploads\/2026\/03\/Apertura-de-Sesiones-2.jpeg\",\"datePublished\":\"2026-03-05T03:19:31+00:00\",\"dateModified\":\"2026-03-15T05:52:40+00:00\",\"breadcrumb\":{\"@id\":\"https:\/\/infoecos.com.ar\/index.php\/el-intendente-de-trenque-lauquen-durante-mas-de-una-hora-se-refirio-al-crecimiento-del-distrito-e-hizo-varias-apelaciones-y-reconocimientos\/#breadcrumb\"},\"inLanguage\":\"es\",\"potentialAction\":[{\"@type\":\"ReadAction\",\"target\":[\"https:\/\/infoecos.com.ar\/index.php\/el-intendente-de-trenque-lauquen-durante-mas-de-una-hora-se-refirio-al-crecimiento-del-distrito-e-hizo-varias-apelaciones-y-reconocimientos\/\"]}]},{\"@type\":\"ImageObject\",\"inLanguage\":\"es\",\"@id\":\"https:\/\/infoecos.com.ar\/index.php\/el-intendente-de-trenque-lauquen-durante-mas-de-una-hora-se-refirio-al-crecimiento-del-distrito-e-hizo-varias-apelaciones-y-reconocimientos\/#primaryimage\",\"url\":\"https:\/\/infoecos.com.ar\/wp-content\/uploads\/2026\/03\/Apertura-de-Sesiones-2.jpeg\",\"contentUrl\":\"https:\/\/infoecos.com.ar\/wp-content\/uploads\/2026\/03\/Apertura-de-Sesiones-2.jpeg\",\"width\":2560,\"height\":1706},{\"@type\":\"BreadcrumbList\",\"@id\":\"https:\/\/infoecos.com.ar\/index.php\/el-intendente-de-trenque-lauquen-durante-mas-de-una-hora-se-refirio-al-crecimiento-del-distrito-e-hizo-varias-apelaciones-y-reconocimientos\/#breadcrumb\",\"itemListElement\":[{\"@type\":\"ListItem\",\"position\":1,\"name\":\"Portada\",\"item\":\"https:\/\/infoecos.com.ar\/\"},{\"@type\":\"ListItem\",\"position\":2,\"name\":\"El intendente de Trenque Lauquen durante m\u00e1s de una hora se refiri\u00f3 al crecimiento del distrito e hizo varias apelaciones y reconocimientos\"}]},{\"@type\":\"WebSite\",\"@id\":\"https:\/\/infoecos.com.ar\/#website\",\"url\":\"https:\/\/infoecos.com.ar\/\",\"name\":\"Infoecos\",\"description\":\"Noticias de trenque lauquen y la zona\",\"publisher\":{\"@id\":\"https:\/\/infoecos.com.ar\/#organization\"},\"alternateName\":\"Noticias\",\"potentialAction\":[{\"@type\":\"SearchAction\",\"target\":{\"@type\":\"EntryPoint\",\"urlTemplate\":\"https:\/\/infoecos.com.ar\/?s={search_term_string}\"},\"query-input\":{\"@type\":\"PropertyValueSpecification\",\"valueRequired\":true,\"valueName\":\"search_term_string\"}}],\"inLanguage\":\"es\"},{\"@type\":\"Organization\",\"@id\":\"https:\/\/infoecos.com.ar\/#organization\",\"name\":\"Infoecos\",\"alternateName\":\"Noticias\",\"url\":\"https:\/\/infoecos.com.ar\/\",\"logo\":{\"@type\":\"ImageObject\",\"inLanguage\":\"es\",\"@id\":\"https:\/\/infoecos.com.ar\/#\/schema\/logo\/image\/\",\"url\":\"https:\/\/infoecos.com.ar\/wp-content\/uploads\/2024\/03\/cropped-logo.png\",\"contentUrl\":\"https:\/\/infoecos.com.ar\/wp-content\/uploads\/2024\/03\/cropped-logo.png\",\"width\":374,\"height\":90,\"caption\":\"Infoecos\"},\"image\":{\"@id\":\"https:\/\/infoecos.com.ar\/#\/schema\/logo\/image\/\"},\"sameAs\":[\"https:\/\/www.facebook.com\/profile.php?id=100063200290284\",\"https:\/\/x.com\/infoecos\"]},{\"@type\":\"Person\",\"@id\":\"https:\/\/infoecos.com.ar\/#\/schema\/person\/8f5ace5ce73b4b4aac4b7245aee6f191\",\"name\":\"Jorge Matheus\",\"url\":\"https:\/\/infoecos.com.ar\/index.php\/author\/jomatheus\/\"}]}<\/script>\n<!-- \/ Yoast SEO plugin. -->","yoast_head_json":{"title":"El intendente de Trenque Lauquen durante m\u00e1s de una hora se refiri\u00f3 al crecimiento del distrito e hizo varias apelaciones y reconocimientos - Infoecos","robots":{"index":"index","follow":"follow","max-snippet":"max-snippet:-1","max-image-preview":"max-image-preview:large","max-video-preview":"max-video-preview:-1"},"canonical":"https:\/\/infoecos.com.ar\/index.php\/el-intendente-de-trenque-lauquen-durante-mas-de-una-hora-se-refirio-al-crecimiento-del-distrito-e-hizo-varias-apelaciones-y-reconocimientos\/","og_locale":"es_ES","og_type":"article","og_title":"El intendente de Trenque Lauquen durante m\u00e1s de una hora se refiri\u00f3 al crecimiento del distrito e hizo varias apelaciones y reconocimientos - Infoecos","og_description":"Dej\u00f3 abierto el per\u00edodo de sesiones ordinarias del Concejo Deliberante del distrito.","og_url":"https:\/\/infoecos.com.ar\/index.php\/el-intendente-de-trenque-lauquen-durante-mas-de-una-hora-se-refirio-al-crecimiento-del-distrito-e-hizo-varias-apelaciones-y-reconocimientos\/","og_site_name":"Infoecos","article_publisher":"https:\/\/www.facebook.com\/profile.php?id=100063200290284","article_published_time":"2026-03-05T03:19:31+00:00","article_modified_time":"2026-03-15T05:52:40+00:00","og_image":[{"width":2560,"height":1706,"url":"https:\/\/infoecos.com.ar\/wp-content\/uploads\/2026\/03\/Apertura-de-Sesiones-2.jpeg","type":"image\/jpeg"}],"author":"Jorge Matheus","twitter_card":"summary_large_image","twitter_creator":"@infoecos","twitter_site":"@infoecos","twitter_misc":{"Escrito por":"Jorge Matheus","Tiempo de lectura":"4 minutos"},"schema":{"@context":"https:\/\/schema.org","@graph":[{"@type":"Article","@id":"https:\/\/infoecos.com.ar\/index.php\/el-intendente-de-trenque-lauquen-durante-mas-de-una-hora-se-refirio-al-crecimiento-del-distrito-e-hizo-varias-apelaciones-y-reconocimientos\/#article","isPartOf":{"@id":"https:\/\/infoecos.com.ar\/index.php\/el-intendente-de-trenque-lauquen-durante-mas-de-una-hora-se-refirio-al-crecimiento-del-distrito-e-hizo-varias-apelaciones-y-reconocimientos\/"},"author":{"name":"Jorge Matheus","@id":"https:\/\/infoecos.com.ar\/#\/schema\/person\/8f5ace5ce73b4b4aac4b7245aee6f191"},"headline":"El intendente de Trenque Lauquen durante m\u00e1s de una hora se refiri\u00f3 al crecimiento del distrito e hizo varias apelaciones y reconocimientos","datePublished":"2026-03-05T03:19:31+00:00","dateModified":"2026-03-15T05:52:40+00:00","mainEntityOfPage":{"@id":"https:\/\/infoecos.com.ar\/index.php\/el-intendente-de-trenque-lauquen-durante-mas-de-una-hora-se-refirio-al-crecimiento-del-distrito-e-hizo-varias-apelaciones-y-reconocimientos\/"},"wordCount":295,"publisher":{"@id":"https:\/\/infoecos.com.ar\/#organization"},"image":{"@id":"https:\/\/infoecos.com.ar\/index.php\/el-intendente-de-trenque-lauquen-durante-mas-de-una-hora-se-refirio-al-crecimiento-del-distrito-e-hizo-varias-apelaciones-y-reconocimientos\/#primaryimage"},"thumbnailUrl":"https:\/\/infoecos.com.ar\/wp-content\/uploads\/2026\/03\/Apertura-de-Sesiones-2.jpeg","keywords":["Bloque inferior"],"inLanguage":"es"},{"@type":"WebPage","@id":"https:\/\/infoecos.com.ar\/index.php\/el-intendente-de-trenque-lauquen-durante-mas-de-una-hora-se-refirio-al-crecimiento-del-distrito-e-hizo-varias-apelaciones-y-reconocimientos\/","url":"https:\/\/infoecos.com.ar\/index.php\/el-intendente-de-trenque-lauquen-durante-mas-de-una-hora-se-refirio-al-crecimiento-del-distrito-e-hizo-varias-apelaciones-y-reconocimientos\/","name":"El intendente de Trenque Lauquen durante m\u00e1s de una hora se refiri\u00f3 al crecimiento del distrito e hizo varias apelaciones y reconocimientos - Infoecos","isPartOf":{"@id":"https:\/\/infoecos.com.ar\/#website"},"primaryImageOfPage":{"@id":"https:\/\/infoecos.com.ar\/index.php\/el-intendente-de-trenque-lauquen-durante-mas-de-una-hora-se-refirio-al-crecimiento-del-distrito-e-hizo-varias-apelaciones-y-reconocimientos\/#primaryimage"},"image":{"@id":"https:\/\/infoecos.com.ar\/index.php\/el-intendente-de-trenque-lauquen-durante-mas-de-una-hora-se-refirio-al-crecimiento-del-distrito-e-hizo-varias-apelaciones-y-reconocimientos\/#primaryimage"},"thumbnailUrl":"https:\/\/infoecos.com.ar\/wp-content\/uploads\/2026\/03\/Apertura-de-Sesiones-2.jpeg","datePublished":"2026-03-05T03:19:31+00:00","dateModified":"2026-03-15T05:52:40+00:00","breadcrumb":{"@id":"https:\/\/infoecos.com.ar\/index.php\/el-intendente-de-trenque-lauquen-durante-mas-de-una-hora-se-refirio-al-crecimiento-del-distrito-e-hizo-varias-apelaciones-y-reconocimientos\/#breadcrumb"},"inLanguage":"es","potentialAction":[{"@type":"ReadAction","target":["https:\/\/infoecos.com.ar\/index.php\/el-intendente-de-trenque-lauquen-durante-mas-de-una-hora-se-refirio-al-crecimiento-del-distrito-e-hizo-varias-apelaciones-y-reconocimientos\/"]}]},{"@type":"ImageObject","inLanguage":"es","@id":"https:\/\/infoecos.com.ar\/index.php\/el-intendente-de-trenque-lauquen-durante-mas-de-una-hora-se-refirio-al-crecimiento-del-distrito-e-hizo-varias-apelaciones-y-reconocimientos\/#primaryimage","url":"https:\/\/infoecos.com.ar\/wp-content\/uploads\/2026\/03\/Apertura-de-Sesiones-2.jpeg","contentUrl":"https:\/\/infoecos.com.ar\/wp-content\/uploads\/2026\/03\/Apertura-de-Sesiones-2.jpeg","width":2560,"height":1706},{"@type":"BreadcrumbList","@id":"https:\/\/infoecos.com.ar\/index.php\/el-intendente-de-trenque-lauquen-durante-mas-de-una-hora-se-refirio-al-crecimiento-del-distrito-e-hizo-varias-apelaciones-y-reconocimientos\/#breadcrumb","itemListElement":[{"@type":"ListItem","position":1,"name":"Portada","item":"https:\/\/infoecos.com.ar\/"},{"@type":"ListItem","position":2,"name":"El intendente de Trenque Lauquen durante m\u00e1s de una hora se refiri\u00f3 al crecimiento del distrito e hizo varias apelaciones y reconocimientos"}]},{"@type":"WebSite","@id":"https:\/\/infoecos.com.ar\/#website","url":"https:\/\/infoecos.com.ar\/","name":"Infoecos","description":"Noticias de trenque lauquen y la zona","publisher":{"@id":"https:\/\/infoecos.com.ar\/#organization"},"alternateName":"Noticias","potentialAction":[{"@type":"SearchAction","target":{"@type":"EntryPoint","urlTemplate":"https:\/\/infoecos.com.ar\/?s={search_term_string}"},"query-input":{"@type":"PropertyValueSpecification","valueRequired":true,"valueName":"search_term_string"}}],"inLanguage":"es"},{"@type":"Organization","@id":"https:\/\/infoecos.com.ar\/#organization","name":"Infoecos","alternateName":"Noticias","url":"https:\/\/infoecos.com.ar\/","logo":{"@type":"ImageObject","inLanguage":"es","@id":"https:\/\/infoecos.com.ar\/#\/schema\/logo\/image\/","url":"https:\/\/infoecos.com.ar\/wp-content\/uploads\/2024\/03\/cropped-logo.png","contentUrl":"https:\/\/infoecos.com.ar\/wp-content\/uploads\/2024\/03\/cropped-logo.png","width":374,"height":90,"caption":"Infoecos"},"image":{"@id":"https:\/\/infoecos.com.ar\/#\/schema\/logo\/image\/"},"sameAs":["https:\/\/www.facebook.com\/profile.php?id=100063200290284","https:\/\/x.com\/infoecos"]},{"@type":"Person","@id":"https:\/\/infoecos.com.ar\/#\/schema\/person\/8f5ace5ce73b4b4aac4b7245aee6f191","name":"Jorge Matheus","url":"https:\/\/infoecos.com.ar\/index.php\/author\/jomatheus\/"}]}},"featured_image_urls":{"full":["https:\/\/infoecos.com.ar\/wp-content\/uploads\/2026\/03\/Apertura-de-Sesiones-2.jpeg",2560,1706,false],"thumbnail":["https:\/\/infoecos.com.ar\/wp-content\/uploads\/2026\/03\/Apertura-de-Sesiones-2-300x150.jpeg",300,150,true],"medium":["https:\/\/infoecos.com.ar\/wp-content\/uploads\/2026\/03\/Apertura-de-Sesiones-2-800x533.jpeg",800,533,true],"medium_large":["https:\/\/infoecos.com.ar\/wp-content\/uploads\/2026\/03\/Apertura-de-Sesiones-2-768x512.jpeg",640,427,true],"large":["https:\/\/infoecos.com.ar\/wp-content\/uploads\/2026\/03\/Apertura-de-Sesiones-2-1600x1066.jpeg",640,426,true],"1536x1536":["https:\/\/infoecos.com.ar\/wp-content\/uploads\/2026\/03\/Apertura-de-Sesiones-2-1536x1024.jpeg",1536,1024,true],"2048x2048":["https:\/\/infoecos.com.ar\/wp-content\/uploads\/2026\/03\/Apertura-de-Sesiones-2-2048x1365.jpeg",2048,1365,true],"covernews-slider-full":["https:\/\/infoecos.com.ar\/wp-content\/uploads\/2026\/03\/Apertura-de-Sesiones-2-1115x715.jpeg",1115,715,true],"covernews-slider-center":["https:\/\/infoecos.com.ar\/wp-content\/uploads\/2026\/03\/Apertura-de-Sesiones-2-800x500.jpeg",800,500,true],"covernews-featured":["https:\/\/infoecos.com.ar\/wp-content\/uploads\/2026\/03\/Apertura-de-Sesiones-2-1024x682.jpeg",1024,682,true],"covernews-medium":["https:\/\/infoecos.com.ar\/wp-content\/uploads\/2026\/03\/Apertura-de-Sesiones-2-540x340.jpeg",540,340,true],"covernews-medium-square":["https:\/\/infoecos.com.ar\/wp-content\/uploads\/2026\/03\/Apertura-de-Sesiones-2-400x250.jpeg",400,250,true]},"author_info":{"info":["Jorge Matheus"]},"category_info":"<a href=\"https:\/\/infoecos.com.ar\/index.php\/category\/sin-categoria\/\" rel=\"category tag\">Sin categor\u00eda<\/a>","tag_info":"Sin categor\u00eda","comment_count":"0","_links":{"self":[{"href":"https:\/\/infoecos.com.ar\/index.php\/wp-json\/wp\/v2\/posts\/154490"}],"collection":[{"href":"https:\/\/infoecos.com.ar\/index.php\/wp-json\/wp\/v2\/posts"}],"about":[{"href":"https:\/\/infoecos.com.ar\/index.php\/wp-json\/wp\/v2\/types\/post"}],"author":[{"embeddable":true,"href":"https:\/\/infoecos.com.ar\/index.php\/wp-json\/wp\/v2\/users\/2"}],"replies":[{"embeddable":true,"href":"https:\/\/infoecos.com.ar\/index.php\/wp-json\/wp\/v2\/comments?post=154490"}],"version-history":[{"count":2,"href":"https:\/\/infoecos.com.ar\/index.php\/wp-json\/wp\/v2\/posts\/154490\/revisions"}],"predecessor-version":[{"id":154540,"href":"https:\/\/infoecos.com.ar\/index.php\/wp-json\/wp\/v2\/posts\/154490\/revisions\/154540"}],"wp:featuredmedia":[{"embeddable":true,"href":"https:\/\/infoecos.com.ar\/index.php\/wp-json\/wp\/v2\/media\/154529"}],"wp:attachment":[{"href":"https:\/\/infoecos.com.ar\/index.php\/wp-json\/wp\/v2\/media?parent=154490"}],"wp:term":[{"taxonomy":"category","embeddable":true,"href":"https:\/\/infoecos.com.ar\/index.php\/wp-json\/wp\/v2\/categories?post=154490"},{"taxonomy":"post_tag","embeddable":true,"href":"https:\/\/infoecos.com.ar\/index.php\/wp-json\/wp\/v2\/tags?post=154490"}],"curies":[{"name":"wp","href":"https:\/\/api.w.org\/{rel}","templated":true}]}}