{"id":154505,"date":"2026-03-05T01:30:51","date_gmt":"2026-03-05T04:30:51","guid":{"rendered":"https:\/\/infoecos.com.ar\/?p=154505"},"modified":"2026-03-08T02:29:05","modified_gmt":"2026-03-08T05:29:05","slug":"preocupada-por-la-inseguridad-en-el-distrito-de-pellegrini-gambier-asevero-lo-que-altere-el-orden-y-la-tranquilidad-del-pueblo-es-prioridad","status":"publish","type":"post","link":"https:\/\/infoecos.com.ar\/index.php\/preocupada-por-la-inseguridad-en-el-distrito-de-pellegrini-gambier-asevero-lo-que-altere-el-orden-y-la-tranquilidad-del-pueblo-es-prioridad\/","title":{"rendered":"Preocupada por la inseguridad en el distrito de Pellegrini, Gambier asever\u00f3: \u00ablo que altere el orden y la tranquilidad del pueblo es prioridad\u00bb"},"content":{"rendered":"\n<p>La intendente municipal\u00a0<strong>Sof\u00eda Gambier<\/strong>\u00a0difundi\u00f3 un mensaje con el objetivo de informar sobre la situaci\u00f3n de seguridad en el distrito.<\/p>\n\n\n\n<p>Reconoci\u00f3 que en los \u00faltimos d\u00edas se registraron diferentes hechos delictivos que \u201cnaturalmente preocupan\u201d a toda la comunidad. En ese sentido, asegur\u00f3 que de manera inmediata se comenz\u00f3 a trabajar de forma articulada con los organismos correspondientes, tanto con las fuerzas policiales como con el Poder Judicial.<\/p>\n\n\n\n<p>Remarc\u00f3 que la seguridad es una prioridad para la gesti\u00f3n.<\/p>\n\n\n\n<p>\u201cPellegrini no es tierra de nadie. Por el contrario, cualquier situaci\u00f3n que altere el orden y la tranquilidad del pueblo es prioridad para cada uno de nosotros\u201d, afirm\u00f3.<\/p>\n\n\n\n<p>Detall\u00f3 que se reforzaron los controles preventivos, se intensificaron los patrullajes y se est\u00e1n llevando adelante las investigaciones correspondientes en el \u00e1mbito judicial. Adem\u00e1s, destac\u00f3 la inversi\u00f3n municipal en prevenci\u00f3n, como la incorporaci\u00f3n y reubicaci\u00f3n estrat\u00e9gica de c\u00e1maras de seguridad \u2014en trabajo coordinado con la Polic\u00eda para optimizar el monitoreo\u2014, la mejora en la se\u00f1alizaci\u00f3n, la realizaci\u00f3n de operativos y la articulaci\u00f3n con otras autoridades.<\/p>\n\n\n\n<p>Gambier pidi\u00f3 a los vecinos confianza en las instituciones y responsabilidad en la difusi\u00f3n de informaci\u00f3n. \u201cEs fundamental para poder esclarecer cualquier hecho de este estilo\u201d, subray\u00f3.<\/p>\n\n\n\n<figure class=\"wp-block-image aligncenter size-full\"><img loading=\"lazy\" decoding=\"async\" width=\"517\" height=\"305\" src=\"https:\/\/infoecos.com.ar\/wp-content\/uploads\/2026\/03\/647686660_10243189559941669_2600045379895266781_n.jpg\" alt=\"\" class=\"wp-image-154507\"\/><\/figure>\n","protected":false},"excerpt":{"rendered":"<p>Difundi\u00f3 un mensaje con el objetivo de informar sobre la situaci\u00f3n de seguridad en el distrito.<\/p>\n","protected":false},"author":2,"featured_media":154507,"comment_status":"closed","ping_status":"open","sticky":false,"template":"","format":"standard","meta":{"footnotes":""},"categories":[1],"tags":[97],"class_list":["post-154505","post","type-post","status-publish","format-standard","has-post-thumbnail","hentry","category-sin-categoria","tag-economia"],"yoast_head":"<!-- This site is optimized with the Yoast SEO plugin v23.4 - https:\/\/yoast.com\/wordpress\/plugins\/seo\/ -->\n<title>Preocupada por la inseguridad en el distrito de Pellegrini, Gambier asever\u00f3: &quot;lo que altere el orden y la tranquilidad del pueblo es prioridad&quot; - Infoecos<\/title>\n<meta name=\"robots\" content=\"index, follow, max-snippet:-1, max-image-preview:large, max-video-preview:-1\" \/>\n<link rel=\"canonical\" href=\"https:\/\/infoecos.com.ar\/index.php\/preocupada-por-la-inseguridad-en-el-distrito-de-pellegrini-gambier-asevero-lo-que-altere-el-orden-y-la-tranquilidad-del-pueblo-es-prioridad\/\" \/>\n<meta property=\"og:locale\" content=\"es_ES\" \/>\n<meta property=\"og:type\" content=\"article\" \/>\n<meta property=\"og:title\" content=\"Preocupada por la inseguridad en el distrito de Pellegrini, Gambier asever\u00f3: &quot;lo que altere el orden y la tranquilidad del pueblo es prioridad&quot; - Infoecos\" \/>\n<meta property=\"og:description\" content=\"Difundi\u00f3 un mensaje con el objetivo de informar sobre la situaci\u00f3n de seguridad en el distrito.\" \/>\n<meta property=\"og:url\" content=\"https:\/\/infoecos.com.ar\/index.php\/preocupada-por-la-inseguridad-en-el-distrito-de-pellegrini-gambier-asevero-lo-que-altere-el-orden-y-la-tranquilidad-del-pueblo-es-prioridad\/\" \/>\n<meta property=\"og:site_name\" content=\"Infoecos\" \/>\n<meta property=\"article:publisher\" content=\"https:\/\/www.facebook.com\/profile.php?id=100063200290284\" \/>\n<meta property=\"article:published_time\" content=\"2026-03-05T04:30:51+00:00\" \/>\n<meta property=\"article:modified_time\" content=\"2026-03-08T05:29:05+00:00\" \/>\n<meta property=\"og:image\" content=\"https:\/\/infoecos.com.ar\/wp-content\/uploads\/2026\/03\/647686660_10243189559941669_2600045379895266781_n.jpg\" \/>\n\t<meta property=\"og:image:width\" content=\"517\" \/>\n\t<meta property=\"og:image:height\" content=\"305\" \/>\n\t<meta property=\"og:image:type\" content=\"image\/jpeg\" \/>\n<meta name=\"author\" content=\"Jorge Matheus\" \/>\n<meta name=\"twitter:card\" content=\"summary_large_image\" \/>\n<meta name=\"twitter:creator\" content=\"@infoecos\" \/>\n<meta name=\"twitter:site\" content=\"@infoecos\" \/>\n<meta name=\"twitter:label1\" content=\"Escrito por\" \/>\n\t<meta name=\"twitter:data1\" content=\"Jorge Matheus\" \/>\n\t<meta name=\"twitter:label2\" content=\"Tiempo de lectura\" \/>\n\t<meta name=\"twitter:data2\" content=\"2 minutos\" \/>\n<script type=\"application\/ld+json\" class=\"yoast-schema-graph\">{\"@context\":\"https:\/\/schema.org\",\"@graph\":[{\"@type\":\"Article\",\"@id\":\"https:\/\/infoecos.com.ar\/index.php\/preocupada-por-la-inseguridad-en-el-distrito-de-pellegrini-gambier-asevero-lo-que-altere-el-orden-y-la-tranquilidad-del-pueblo-es-prioridad\/#article\",\"isPartOf\":{\"@id\":\"https:\/\/infoecos.com.ar\/index.php\/preocupada-por-la-inseguridad-en-el-distrito-de-pellegrini-gambier-asevero-lo-que-altere-el-orden-y-la-tranquilidad-del-pueblo-es-prioridad\/\"},\"author\":{\"name\":\"Jorge Matheus\",\"@id\":\"https:\/\/infoecos.com.ar\/#\/schema\/person\/8f5ace5ce73b4b4aac4b7245aee6f191\"},\"headline\":\"Preocupada por la inseguridad en el distrito de Pellegrini, Gambier asever\u00f3: \u00ablo que altere el orden y la tranquilidad del pueblo es prioridad\u00bb\",\"datePublished\":\"2026-03-05T04:30:51+00:00\",\"dateModified\":\"2026-03-08T05:29:05+00:00\",\"mainEntityOfPage\":{\"@id\":\"https:\/\/infoecos.com.ar\/index.php\/preocupada-por-la-inseguridad-en-el-distrito-de-pellegrini-gambier-asevero-lo-que-altere-el-orden-y-la-tranquilidad-del-pueblo-es-prioridad\/\"},\"wordCount\":241,\"publisher\":{\"@id\":\"https:\/\/infoecos.com.ar\/#organization\"},\"image\":{\"@id\":\"https:\/\/infoecos.com.ar\/index.php\/preocupada-por-la-inseguridad-en-el-distrito-de-pellegrini-gambier-asevero-lo-que-altere-el-orden-y-la-tranquilidad-del-pueblo-es-prioridad\/#primaryimage\"},\"thumbnailUrl\":\"https:\/\/infoecos.com.ar\/wp-content\/uploads\/2026\/03\/647686660_10243189559941669_2600045379895266781_n.jpg\",\"keywords\":[\"ECONOM\u00cdA\"],\"inLanguage\":\"es\"},{\"@type\":\"WebPage\",\"@id\":\"https:\/\/infoecos.com.ar\/index.php\/preocupada-por-la-inseguridad-en-el-distrito-de-pellegrini-gambier-asevero-lo-que-altere-el-orden-y-la-tranquilidad-del-pueblo-es-prioridad\/\",\"url\":\"https:\/\/infoecos.com.ar\/index.php\/preocupada-por-la-inseguridad-en-el-distrito-de-pellegrini-gambier-asevero-lo-que-altere-el-orden-y-la-tranquilidad-del-pueblo-es-prioridad\/\",\"name\":\"Preocupada por la inseguridad en el distrito de Pellegrini, Gambier asever\u00f3: \\\"lo que altere el orden y la tranquilidad del pueblo es prioridad\\\" - Infoecos\",\"isPartOf\":{\"@id\":\"https:\/\/infoecos.com.ar\/#website\"},\"primaryImageOfPage\":{\"@id\":\"https:\/\/infoecos.com.ar\/index.php\/preocupada-por-la-inseguridad-en-el-distrito-de-pellegrini-gambier-asevero-lo-que-altere-el-orden-y-la-tranquilidad-del-pueblo-es-prioridad\/#primaryimage\"},\"image\":{\"@id\":\"https:\/\/infoecos.com.ar\/index.php\/preocupada-por-la-inseguridad-en-el-distrito-de-pellegrini-gambier-asevero-lo-que-altere-el-orden-y-la-tranquilidad-del-pueblo-es-prioridad\/#primaryimage\"},\"thumbnailUrl\":\"https:\/\/infoecos.com.ar\/wp-content\/uploads\/2026\/03\/647686660_10243189559941669_2600045379895266781_n.jpg\",\"datePublished\":\"2026-03-05T04:30:51+00:00\",\"dateModified\":\"2026-03-08T05:29:05+00:00\",\"breadcrumb\":{\"@id\":\"https:\/\/infoecos.com.ar\/index.php\/preocupada-por-la-inseguridad-en-el-distrito-de-pellegrini-gambier-asevero-lo-que-altere-el-orden-y-la-tranquilidad-del-pueblo-es-prioridad\/#breadcrumb\"},\"inLanguage\":\"es\",\"potentialAction\":[{\"@type\":\"ReadAction\",\"target\":[\"https:\/\/infoecos.com.ar\/index.php\/preocupada-por-la-inseguridad-en-el-distrito-de-pellegrini-gambier-asevero-lo-que-altere-el-orden-y-la-tranquilidad-del-pueblo-es-prioridad\/\"]}]},{\"@type\":\"ImageObject\",\"inLanguage\":\"es\",\"@id\":\"https:\/\/infoecos.com.ar\/index.php\/preocupada-por-la-inseguridad-en-el-distrito-de-pellegrini-gambier-asevero-lo-que-altere-el-orden-y-la-tranquilidad-del-pueblo-es-prioridad\/#primaryimage\",\"url\":\"https:\/\/infoecos.com.ar\/wp-content\/uploads\/2026\/03\/647686660_10243189559941669_2600045379895266781_n.jpg\",\"contentUrl\":\"https:\/\/infoecos.com.ar\/wp-content\/uploads\/2026\/03\/647686660_10243189559941669_2600045379895266781_n.jpg\",\"width\":517,\"height\":305},{\"@type\":\"BreadcrumbList\",\"@id\":\"https:\/\/infoecos.com.ar\/index.php\/preocupada-por-la-inseguridad-en-el-distrito-de-pellegrini-gambier-asevero-lo-que-altere-el-orden-y-la-tranquilidad-del-pueblo-es-prioridad\/#breadcrumb\",\"itemListElement\":[{\"@type\":\"ListItem\",\"position\":1,\"name\":\"Portada\",\"item\":\"https:\/\/infoecos.com.ar\/\"},{\"@type\":\"ListItem\",\"position\":2,\"name\":\"Preocupada por la inseguridad en el distrito de Pellegrini, Gambier asever\u00f3: \u00ablo que altere el orden y la tranquilidad del pueblo es prioridad\u00bb\"}]},{\"@type\":\"WebSite\",\"@id\":\"https:\/\/infoecos.com.ar\/#website\",\"url\":\"https:\/\/infoecos.com.ar\/\",\"name\":\"Infoecos\",\"description\":\"Noticias de trenque lauquen y la zona\",\"publisher\":{\"@id\":\"https:\/\/infoecos.com.ar\/#organization\"},\"alternateName\":\"Noticias\",\"potentialAction\":[{\"@type\":\"SearchAction\",\"target\":{\"@type\":\"EntryPoint\",\"urlTemplate\":\"https:\/\/infoecos.com.ar\/?s={search_term_string}\"},\"query-input\":{\"@type\":\"PropertyValueSpecification\",\"valueRequired\":true,\"valueName\":\"search_term_string\"}}],\"inLanguage\":\"es\"},{\"@type\":\"Organization\",\"@id\":\"https:\/\/infoecos.com.ar\/#organization\",\"name\":\"Infoecos\",\"alternateName\":\"Noticias\",\"url\":\"https:\/\/infoecos.com.ar\/\",\"logo\":{\"@type\":\"ImageObject\",\"inLanguage\":\"es\",\"@id\":\"https:\/\/infoecos.com.ar\/#\/schema\/logo\/image\/\",\"url\":\"https:\/\/infoecos.com.ar\/wp-content\/uploads\/2024\/03\/cropped-logo.png\",\"contentUrl\":\"https:\/\/infoecos.com.ar\/wp-content\/uploads\/2024\/03\/cropped-logo.png\",\"width\":374,\"height\":90,\"caption\":\"Infoecos\"},\"image\":{\"@id\":\"https:\/\/infoecos.com.ar\/#\/schema\/logo\/image\/\"},\"sameAs\":[\"https:\/\/www.facebook.com\/profile.php?id=100063200290284\",\"https:\/\/x.com\/infoecos\"]},{\"@type\":\"Person\",\"@id\":\"https:\/\/infoecos.com.ar\/#\/schema\/person\/8f5ace5ce73b4b4aac4b7245aee6f191\",\"name\":\"Jorge Matheus\",\"url\":\"https:\/\/infoecos.com.ar\/index.php\/author\/jomatheus\/\"}]}<\/script>\n<!-- \/ Yoast SEO plugin. -->","yoast_head_json":{"title":"Preocupada por la inseguridad en el distrito de Pellegrini, Gambier asever\u00f3: \"lo que altere el orden y la tranquilidad del pueblo es prioridad\" - Infoecos","robots":{"index":"index","follow":"follow","max-snippet":"max-snippet:-1","max-image-preview":"max-image-preview:large","max-video-preview":"max-video-preview:-1"},"canonical":"https:\/\/infoecos.com.ar\/index.php\/preocupada-por-la-inseguridad-en-el-distrito-de-pellegrini-gambier-asevero-lo-que-altere-el-orden-y-la-tranquilidad-del-pueblo-es-prioridad\/","og_locale":"es_ES","og_type":"article","og_title":"Preocupada por la inseguridad en el distrito de Pellegrini, Gambier asever\u00f3: \"lo que altere el orden y la tranquilidad del pueblo es prioridad\" - Infoecos","og_description":"Difundi\u00f3 un mensaje con el objetivo de informar sobre la situaci\u00f3n de seguridad en el distrito.","og_url":"https:\/\/infoecos.com.ar\/index.php\/preocupada-por-la-inseguridad-en-el-distrito-de-pellegrini-gambier-asevero-lo-que-altere-el-orden-y-la-tranquilidad-del-pueblo-es-prioridad\/","og_site_name":"Infoecos","article_publisher":"https:\/\/www.facebook.com\/profile.php?id=100063200290284","article_published_time":"2026-03-05T04:30:51+00:00","article_modified_time":"2026-03-08T05:29:05+00:00","og_image":[{"width":517,"height":305,"url":"https:\/\/infoecos.com.ar\/wp-content\/uploads\/2026\/03\/647686660_10243189559941669_2600045379895266781_n.jpg","type":"image\/jpeg"}],"author":"Jorge Matheus","twitter_card":"summary_large_image","twitter_creator":"@infoecos","twitter_site":"@infoecos","twitter_misc":{"Escrito por":"Jorge Matheus","Tiempo de lectura":"2 minutos"},"schema":{"@context":"https:\/\/schema.org","@graph":[{"@type":"Article","@id":"https:\/\/infoecos.com.ar\/index.php\/preocupada-por-la-inseguridad-en-el-distrito-de-pellegrini-gambier-asevero-lo-que-altere-el-orden-y-la-tranquilidad-del-pueblo-es-prioridad\/#article","isPartOf":{"@id":"https:\/\/infoecos.com.ar\/index.php\/preocupada-por-la-inseguridad-en-el-distrito-de-pellegrini-gambier-asevero-lo-que-altere-el-orden-y-la-tranquilidad-del-pueblo-es-prioridad\/"},"author":{"name":"Jorge Matheus","@id":"https:\/\/infoecos.com.ar\/#\/schema\/person\/8f5ace5ce73b4b4aac4b7245aee6f191"},"headline":"Preocupada por la inseguridad en el distrito de Pellegrini, Gambier asever\u00f3: \u00ablo que altere el orden y la tranquilidad del pueblo es prioridad\u00bb","datePublished":"2026-03-05T04:30:51+00:00","dateModified":"2026-03-08T05:29:05+00:00","mainEntityOfPage":{"@id":"https:\/\/infoecos.com.ar\/index.php\/preocupada-por-la-inseguridad-en-el-distrito-de-pellegrini-gambier-asevero-lo-que-altere-el-orden-y-la-tranquilidad-del-pueblo-es-prioridad\/"},"wordCount":241,"publisher":{"@id":"https:\/\/infoecos.com.ar\/#organization"},"image":{"@id":"https:\/\/infoecos.com.ar\/index.php\/preocupada-por-la-inseguridad-en-el-distrito-de-pellegrini-gambier-asevero-lo-que-altere-el-orden-y-la-tranquilidad-del-pueblo-es-prioridad\/#primaryimage"},"thumbnailUrl":"https:\/\/infoecos.com.ar\/wp-content\/uploads\/2026\/03\/647686660_10243189559941669_2600045379895266781_n.jpg","keywords":["ECONOM\u00cdA"],"inLanguage":"es"},{"@type":"WebPage","@id":"https:\/\/infoecos.com.ar\/index.php\/preocupada-por-la-inseguridad-en-el-distrito-de-pellegrini-gambier-asevero-lo-que-altere-el-orden-y-la-tranquilidad-del-pueblo-es-prioridad\/","url":"https:\/\/infoecos.com.ar\/index.php\/preocupada-por-la-inseguridad-en-el-distrito-de-pellegrini-gambier-asevero-lo-que-altere-el-orden-y-la-tranquilidad-del-pueblo-es-prioridad\/","name":"Preocupada por la inseguridad en el distrito de Pellegrini, Gambier asever\u00f3: \"lo que altere el orden y la tranquilidad del pueblo es prioridad\" - Infoecos","isPartOf":{"@id":"https:\/\/infoecos.com.ar\/#website"},"primaryImageOfPage":{"@id":"https:\/\/infoecos.com.ar\/index.php\/preocupada-por-la-inseguridad-en-el-distrito-de-pellegrini-gambier-asevero-lo-que-altere-el-orden-y-la-tranquilidad-del-pueblo-es-prioridad\/#primaryimage"},"image":{"@id":"https:\/\/infoecos.com.ar\/index.php\/preocupada-por-la-inseguridad-en-el-distrito-de-pellegrini-gambier-asevero-lo-que-altere-el-orden-y-la-tranquilidad-del-pueblo-es-prioridad\/#primaryimage"},"thumbnailUrl":"https:\/\/infoecos.com.ar\/wp-content\/uploads\/2026\/03\/647686660_10243189559941669_2600045379895266781_n.jpg","datePublished":"2026-03-05T04:30:51+00:00","dateModified":"2026-03-08T05:29:05+00:00","breadcrumb":{"@id":"https:\/\/infoecos.com.ar\/index.php\/preocupada-por-la-inseguridad-en-el-distrito-de-pellegrini-gambier-asevero-lo-que-altere-el-orden-y-la-tranquilidad-del-pueblo-es-prioridad\/#breadcrumb"},"inLanguage":"es","potentialAction":[{"@type":"ReadAction","target":["https:\/\/infoecos.com.ar\/index.php\/preocupada-por-la-inseguridad-en-el-distrito-de-pellegrini-gambier-asevero-lo-que-altere-el-orden-y-la-tranquilidad-del-pueblo-es-prioridad\/"]}]},{"@type":"ImageObject","inLanguage":"es","@id":"https:\/\/infoecos.com.ar\/index.php\/preocupada-por-la-inseguridad-en-el-distrito-de-pellegrini-gambier-asevero-lo-que-altere-el-orden-y-la-tranquilidad-del-pueblo-es-prioridad\/#primaryimage","url":"https:\/\/infoecos.com.ar\/wp-content\/uploads\/2026\/03\/647686660_10243189559941669_2600045379895266781_n.jpg","contentUrl":"https:\/\/infoecos.com.ar\/wp-content\/uploads\/2026\/03\/647686660_10243189559941669_2600045379895266781_n.jpg","width":517,"height":305},{"@type":"BreadcrumbList","@id":"https:\/\/infoecos.com.ar\/index.php\/preocupada-por-la-inseguridad-en-el-distrito-de-pellegrini-gambier-asevero-lo-que-altere-el-orden-y-la-tranquilidad-del-pueblo-es-prioridad\/#breadcrumb","itemListElement":[{"@type":"ListItem","position":1,"name":"Portada","item":"https:\/\/infoecos.com.ar\/"},{"@type":"ListItem","position":2,"name":"Preocupada por la inseguridad en el distrito de Pellegrini, Gambier asever\u00f3: \u00ablo que altere el orden y la tranquilidad del pueblo es prioridad\u00bb"}]},{"@type":"WebSite","@id":"https:\/\/infoecos.com.ar\/#website","url":"https:\/\/infoecos.com.ar\/","name":"Infoecos","description":"Noticias de trenque lauquen y la zona","publisher":{"@id":"https:\/\/infoecos.com.ar\/#organization"},"alternateName":"Noticias","potentialAction":[{"@type":"SearchAction","target":{"@type":"EntryPoint","urlTemplate":"https:\/\/infoecos.com.ar\/?s={search_term_string}"},"query-input":{"@type":"PropertyValueSpecification","valueRequired":true,"valueName":"search_term_string"}}],"inLanguage":"es"},{"@type":"Organization","@id":"https:\/\/infoecos.com.ar\/#organization","name":"Infoecos","alternateName":"Noticias","url":"https:\/\/infoecos.com.ar\/","logo":{"@type":"ImageObject","inLanguage":"es","@id":"https:\/\/infoecos.com.ar\/#\/schema\/logo\/image\/","url":"https:\/\/infoecos.com.ar\/wp-content\/uploads\/2024\/03\/cropped-logo.png","contentUrl":"https:\/\/infoecos.com.ar\/wp-content\/uploads\/2024\/03\/cropped-logo.png","width":374,"height":90,"caption":"Infoecos"},"image":{"@id":"https:\/\/infoecos.com.ar\/#\/schema\/logo\/image\/"},"sameAs":["https:\/\/www.facebook.com\/profile.php?id=100063200290284","https:\/\/x.com\/infoecos"]},{"@type":"Person","@id":"https:\/\/infoecos.com.ar\/#\/schema\/person\/8f5ace5ce73b4b4aac4b7245aee6f191","name":"Jorge Matheus","url":"https:\/\/infoecos.com.ar\/index.php\/author\/jomatheus\/"}]}},"featured_image_urls":{"full":["https:\/\/infoecos.com.ar\/wp-content\/uploads\/2026\/03\/647686660_10243189559941669_2600045379895266781_n.jpg",517,305,false],"thumbnail":["https:\/\/infoecos.com.ar\/wp-content\/uploads\/2026\/03\/647686660_10243189559941669_2600045379895266781_n-300x150.jpg",300,150,true],"medium":["https:\/\/infoecos.com.ar\/wp-content\/uploads\/2026\/03\/647686660_10243189559941669_2600045379895266781_n.jpg",517,305,false],"medium_large":["https:\/\/infoecos.com.ar\/wp-content\/uploads\/2026\/03\/647686660_10243189559941669_2600045379895266781_n.jpg",517,305,false],"large":["https:\/\/infoecos.com.ar\/wp-content\/uploads\/2026\/03\/647686660_10243189559941669_2600045379895266781_n.jpg",517,305,false],"1536x1536":["https:\/\/infoecos.com.ar\/wp-content\/uploads\/2026\/03\/647686660_10243189559941669_2600045379895266781_n.jpg",517,305,false],"2048x2048":["https:\/\/infoecos.com.ar\/wp-content\/uploads\/2026\/03\/647686660_10243189559941669_2600045379895266781_n.jpg",517,305,false],"covernews-slider-full":["https:\/\/infoecos.com.ar\/wp-content\/uploads\/2026\/03\/647686660_10243189559941669_2600045379895266781_n.jpg",517,305,false],"covernews-slider-center":["https:\/\/infoecos.com.ar\/wp-content\/uploads\/2026\/03\/647686660_10243189559941669_2600045379895266781_n.jpg",517,305,false],"covernews-featured":["https:\/\/infoecos.com.ar\/wp-content\/uploads\/2026\/03\/647686660_10243189559941669_2600045379895266781_n.jpg",517,305,false],"covernews-medium":["https:\/\/infoecos.com.ar\/wp-content\/uploads\/2026\/03\/647686660_10243189559941669_2600045379895266781_n.jpg",517,305,false],"covernews-medium-square":["https:\/\/infoecos.com.ar\/wp-content\/uploads\/2026\/03\/647686660_10243189559941669_2600045379895266781_n-400x250.jpg",400,250,true]},"author_info":{"info":["Jorge Matheus"]},"category_info":"<a href=\"https:\/\/infoecos.com.ar\/index.php\/category\/sin-categoria\/\" rel=\"category tag\">Sin categor\u00eda<\/a>","tag_info":"Sin categor\u00eda","comment_count":"0","_links":{"self":[{"href":"https:\/\/infoecos.com.ar\/index.php\/wp-json\/wp\/v2\/posts\/154505"}],"collection":[{"href":"https:\/\/infoecos.com.ar\/index.php\/wp-json\/wp\/v2\/posts"}],"about":[{"href":"https:\/\/infoecos.com.ar\/index.php\/wp-json\/wp\/v2\/types\/post"}],"author":[{"embeddable":true,"href":"https:\/\/infoecos.com.ar\/index.php\/wp-json\/wp\/v2\/users\/2"}],"replies":[{"embeddable":true,"href":"https:\/\/infoecos.com.ar\/index.php\/wp-json\/wp\/v2\/comments?post=154505"}],"version-history":[{"count":2,"href":"https:\/\/infoecos.com.ar\/index.php\/wp-json\/wp\/v2\/posts\/154505\/revisions"}],"predecessor-version":[{"id":154518,"href":"https:\/\/infoecos.com.ar\/index.php\/wp-json\/wp\/v2\/posts\/154505\/revisions\/154518"}],"wp:featuredmedia":[{"embeddable":true,"href":"https:\/\/infoecos.com.ar\/index.php\/wp-json\/wp\/v2\/media\/154507"}],"wp:attachment":[{"href":"https:\/\/infoecos.com.ar\/index.php\/wp-json\/wp\/v2\/media?parent=154505"}],"wp:term":[{"taxonomy":"category","embeddable":true,"href":"https:\/\/infoecos.com.ar\/index.php\/wp-json\/wp\/v2\/categories?post=154505"},{"taxonomy":"post_tag","embeddable":true,"href":"https:\/\/infoecos.com.ar\/index.php\/wp-json\/wp\/v2\/tags?post=154505"}],"curies":[{"name":"wp","href":"https:\/\/api.w.org\/{rel}","templated":true}]}}