{"id":154512,"date":"2026-03-05T01:55:51","date_gmt":"2026-03-05T04:55:51","guid":{"rendered":"https:\/\/infoecos.com.ar\/?p=154512"},"modified":"2026-03-06T01:44:25","modified_gmt":"2026-03-06T04:44:25","slug":"la-union-industrial-argentina-informo-ayer-que-el-nivel-de-produccion-y-las-ventas-registraron-caidas","status":"publish","type":"post","link":"https:\/\/infoecos.com.ar\/index.php\/la-union-industrial-argentina-informo-ayer-que-el-nivel-de-produccion-y-las-ventas-registraron-caidas\/","title":{"rendered":"La Uni\u00f3n Industrial Argentina inform\u00f3 ayer que el nivel de producci\u00f3n\u00a0y las\u00a0ventas registraron\u00a0ca\u00eddas"},"content":{"rendered":"\n<figure class=\"wp-block-image alignright size-full is-resized\"><img loading=\"lazy\" decoding=\"async\" width=\"680\" height=\"453\" src=\"https:\/\/infoecos.com.ar\/wp-content\/uploads\/2026\/03\/image-35.png\" alt=\"\" class=\"wp-image-154513\" style=\"width:412px;height:auto\"\/><\/figure>\n\n\n\n<p>La\u00a0<strong>Uni\u00f3n Industrial Argentina<\/strong>\u00a0(UIA) inform\u00f3 que el<strong>\u00a0nivel de producci\u00f3n industrial<\/strong>\u00a0y las\u00a0<strong>ventas\u00a0<\/strong>\u2014tanto en el mercado interno como en las exportaciones\u2014 registraron\u00a0<strong>ca\u00eddas\u00a0<\/strong>entre la mayor\u00eda de las empresas relevadas en su \u00faltima encuesta. El informe tambi\u00e9n detect\u00f3\u00a0<strong>retrocesos en el empleo\u00a0<\/strong>de este sector productivo.<\/p>\n\n\n\n<p>Los datos surgen del&nbsp;<strong>Informe de Indicadores Industriales y Expectativas<\/strong>, difundido este mi\u00e9rcoles por la entidad empresaria. Seg\u00fan lo relevado, el&nbsp;<strong>53,3%<\/strong>&nbsp;de las empresas encuestadas indic\u00f3 que su&nbsp;<strong>nivel de producci\u00f3n cay\u00f3<\/strong>&nbsp;en comparaci\u00f3n con el promedio del cuarto trimestre del a\u00f1o pasado.<\/p>\n\n\n\n<p>En paralelo, el&nbsp;<strong>54,7%&nbsp;<\/strong>report\u00f3&nbsp;<strong>bajas en las ventas internas<\/strong>, mientras que solo el 13,3% se\u00f1al\u00f3 aumentos. En materia de&nbsp;<strong>comercio exterior<\/strong>, el&nbsp;<strong>30%<\/strong>&nbsp;de las compa\u00f1\u00edas inform\u00f3 una&nbsp;<strong>ca\u00edda&nbsp;<\/strong>en sus exportaciones y el 14,3% registr\u00f3 subas, proporciones que se mantuvieron en niveles similares a los observados en encuestas anteriores.<\/p>\n\n\n\n<p>Por otra parte, un indicador que tambi\u00e9n refleja deterioro en la actividad industrial es el&nbsp;<strong>empleo<\/strong>. El&nbsp;<strong>22,2%&nbsp;<\/strong>de las empresas relevadas registr\u00f3 una&nbsp;<strong>reducci\u00f3n de personal&nbsp;<\/strong>en enero. Entre ese grupo, la mitad recurri\u00f3 a&nbsp;<strong>despidos&nbsp;<\/strong>ante la menor actividad, el 41,4% redujo turnos de trabajo y el 22,9% implement\u00f3&nbsp;<strong>suspensiones<\/strong>. De cara a los pr\u00f3ximos 12 meses, el 19,4% anticip\u00f3 un aumento en su plantilla, mientras que el&nbsp;<strong>26% prev\u00e9 una reducci\u00f3n<\/strong>.<\/p>\n\n\n\n<p>El informe tambi\u00e9n advirti\u00f3<strong>&nbsp;<\/strong>que el&nbsp;<strong>45,6%&nbsp;<\/strong>de las empresas indic\u00f3 que tuvo&nbsp;<strong>problemas para afrontar&nbsp;<\/strong>al menos una de las categor\u00edas de&nbsp;<strong>pagos<\/strong>: salarios, proveedores, compromisos financieros, servicios p\u00fablicos o impuestos. Las mayores complicaciones se concentraron en el<strong>&nbsp;pago de tributos y proveedores<\/strong>, mientras que el 5,4% registr\u00f3 atrasos en todas esas obligaciones.<\/p>\n\n\n\n<p>Entre los factores se\u00f1alados por las compa\u00f1\u00edas, el&nbsp;<strong>46,1%&nbsp;<\/strong>identific\u00f3 la&nbsp;<strong>ca\u00edda de la demanda interna<\/strong>&nbsp;como su&nbsp;<strong>principal problema<\/strong>. El relevamiento tambi\u00e9n mostr\u00f3 un aumento en las<strong>&nbsp;preocupaciones vinculadas a la competencia externa<\/strong>: la dificultad para competir con bienes importados pas\u00f3 de no ser mencionada en octubre de 2024 a representar el&nbsp;<strong>19,4%&nbsp;<\/strong>de las respuestas en enero de 2026.<\/p>\n\n\n\n<p>El estudio tambi\u00e9n registr\u00f3 una<strong>&nbsp;moderaci\u00f3n en las expectativas positivas.<\/strong>&nbsp;La proporci\u00f3n de empresas que prev\u00e9 una mejora en su&nbsp;<strong>situaci\u00f3n econ\u00f3mica&nbsp;<\/strong>en particular descendi\u00f3 al 47,8%, frente al 60,4% del relevamiento anterior. Tambi\u00e9n bajaron las previsiones favorables sobre el&nbsp;<strong>sector de actividad<\/strong>, que pasaron del 57% al 41%, y sobre el&nbsp;<strong>contexto econ\u00f3mico nacional<\/strong>, que descendieron del 68,6% al 51%.<\/p>\n\n\n\n<p>Los resultados de esta encuesta fueron difundidos este mi\u00e9rcoles.<\/p>\n","protected":false},"excerpt":{"rendered":"<p>Los datos surgen del\u00a0Informe de Indicadores Industriales y Expectativas, difundido este mi\u00e9rcoles por la entidad empresaria<\/p>\n","protected":false},"author":2,"featured_media":154513,"comment_status":"closed","ping_status":"open","sticky":false,"template":"","format":"standard","meta":{"footnotes":""},"categories":[1],"tags":[10290],"class_list":["post-154512","post","type-post","status-publish","format-standard","has-post-thumbnail","hentry","category-sin-categoria","tag-entretenimiento"],"yoast_head":"<!-- This site is optimized with the Yoast SEO plugin v23.4 - https:\/\/yoast.com\/wordpress\/plugins\/seo\/ -->\n<title>La Uni\u00f3n Industrial Argentina inform\u00f3 ayer que el nivel de producci\u00f3n\u00a0y las\u00a0ventas registraron\u00a0ca\u00eddas - Infoecos<\/title>\n<meta name=\"robots\" content=\"index, follow, max-snippet:-1, max-image-preview:large, max-video-preview:-1\" \/>\n<link rel=\"canonical\" href=\"https:\/\/infoecos.com.ar\/index.php\/la-union-industrial-argentina-informo-ayer-que-el-nivel-de-produccion-y-las-ventas-registraron-caidas\/\" \/>\n<meta property=\"og:locale\" content=\"es_ES\" \/>\n<meta property=\"og:type\" content=\"article\" \/>\n<meta property=\"og:title\" content=\"La Uni\u00f3n Industrial Argentina inform\u00f3 ayer que el nivel de producci\u00f3n\u00a0y las\u00a0ventas registraron\u00a0ca\u00eddas - Infoecos\" \/>\n<meta property=\"og:description\" content=\"Los datos surgen del\u00a0Informe de Indicadores Industriales y Expectativas, difundido este mi\u00e9rcoles por la entidad empresaria\" \/>\n<meta property=\"og:url\" content=\"https:\/\/infoecos.com.ar\/index.php\/la-union-industrial-argentina-informo-ayer-que-el-nivel-de-produccion-y-las-ventas-registraron-caidas\/\" \/>\n<meta property=\"og:site_name\" content=\"Infoecos\" \/>\n<meta property=\"article:publisher\" content=\"https:\/\/www.facebook.com\/profile.php?id=100063200290284\" \/>\n<meta property=\"article:published_time\" content=\"2026-03-05T04:55:51+00:00\" \/>\n<meta property=\"article:modified_time\" content=\"2026-03-06T04:44:25+00:00\" \/>\n<meta property=\"og:image\" content=\"https:\/\/infoecos.com.ar\/wp-content\/uploads\/2026\/03\/image-35.png\" \/>\n\t<meta property=\"og:image:width\" content=\"680\" \/>\n\t<meta property=\"og:image:height\" content=\"453\" \/>\n\t<meta property=\"og:image:type\" content=\"image\/png\" \/>\n<meta name=\"author\" content=\"Jorge Matheus\" \/>\n<meta name=\"twitter:card\" content=\"summary_large_image\" \/>\n<meta name=\"twitter:creator\" content=\"@infoecos\" \/>\n<meta name=\"twitter:site\" content=\"@infoecos\" \/>\n<meta name=\"twitter:label1\" content=\"Escrito por\" \/>\n\t<meta name=\"twitter:data1\" content=\"Jorge Matheus\" \/>\n\t<meta name=\"twitter:label2\" content=\"Tiempo de lectura\" \/>\n\t<meta name=\"twitter:data2\" content=\"3 minutos\" \/>\n<script type=\"application\/ld+json\" class=\"yoast-schema-graph\">{\"@context\":\"https:\/\/schema.org\",\"@graph\":[{\"@type\":\"Article\",\"@id\":\"https:\/\/infoecos.com.ar\/index.php\/la-union-industrial-argentina-informo-ayer-que-el-nivel-de-produccion-y-las-ventas-registraron-caidas\/#article\",\"isPartOf\":{\"@id\":\"https:\/\/infoecos.com.ar\/index.php\/la-union-industrial-argentina-informo-ayer-que-el-nivel-de-produccion-y-las-ventas-registraron-caidas\/\"},\"author\":{\"name\":\"Jorge Matheus\",\"@id\":\"https:\/\/infoecos.com.ar\/#\/schema\/person\/8f5ace5ce73b4b4aac4b7245aee6f191\"},\"headline\":\"La Uni\u00f3n Industrial Argentina inform\u00f3 ayer que el nivel de producci\u00f3n\u00a0y las\u00a0ventas registraron\u00a0ca\u00eddas\",\"datePublished\":\"2026-03-05T04:55:51+00:00\",\"dateModified\":\"2026-03-06T04:44:25+00:00\",\"mainEntityOfPage\":{\"@id\":\"https:\/\/infoecos.com.ar\/index.php\/la-union-industrial-argentina-informo-ayer-que-el-nivel-de-produccion-y-las-ventas-registraron-caidas\/\"},\"wordCount\":474,\"publisher\":{\"@id\":\"https:\/\/infoecos.com.ar\/#organization\"},\"image\":{\"@id\":\"https:\/\/infoecos.com.ar\/index.php\/la-union-industrial-argentina-informo-ayer-que-el-nivel-de-produccion-y-las-ventas-registraron-caidas\/#primaryimage\"},\"thumbnailUrl\":\"https:\/\/infoecos.com.ar\/wp-content\/uploads\/2026\/03\/image-35.png\",\"keywords\":[\"Entretenimiento\"],\"inLanguage\":\"es\"},{\"@type\":\"WebPage\",\"@id\":\"https:\/\/infoecos.com.ar\/index.php\/la-union-industrial-argentina-informo-ayer-que-el-nivel-de-produccion-y-las-ventas-registraron-caidas\/\",\"url\":\"https:\/\/infoecos.com.ar\/index.php\/la-union-industrial-argentina-informo-ayer-que-el-nivel-de-produccion-y-las-ventas-registraron-caidas\/\",\"name\":\"La Uni\u00f3n Industrial Argentina inform\u00f3 ayer que el nivel de producci\u00f3n\u00a0y las\u00a0ventas registraron\u00a0ca\u00eddas - Infoecos\",\"isPartOf\":{\"@id\":\"https:\/\/infoecos.com.ar\/#website\"},\"primaryImageOfPage\":{\"@id\":\"https:\/\/infoecos.com.ar\/index.php\/la-union-industrial-argentina-informo-ayer-que-el-nivel-de-produccion-y-las-ventas-registraron-caidas\/#primaryimage\"},\"image\":{\"@id\":\"https:\/\/infoecos.com.ar\/index.php\/la-union-industrial-argentina-informo-ayer-que-el-nivel-de-produccion-y-las-ventas-registraron-caidas\/#primaryimage\"},\"thumbnailUrl\":\"https:\/\/infoecos.com.ar\/wp-content\/uploads\/2026\/03\/image-35.png\",\"datePublished\":\"2026-03-05T04:55:51+00:00\",\"dateModified\":\"2026-03-06T04:44:25+00:00\",\"breadcrumb\":{\"@id\":\"https:\/\/infoecos.com.ar\/index.php\/la-union-industrial-argentina-informo-ayer-que-el-nivel-de-produccion-y-las-ventas-registraron-caidas\/#breadcrumb\"},\"inLanguage\":\"es\",\"potentialAction\":[{\"@type\":\"ReadAction\",\"target\":[\"https:\/\/infoecos.com.ar\/index.php\/la-union-industrial-argentina-informo-ayer-que-el-nivel-de-produccion-y-las-ventas-registraron-caidas\/\"]}]},{\"@type\":\"ImageObject\",\"inLanguage\":\"es\",\"@id\":\"https:\/\/infoecos.com.ar\/index.php\/la-union-industrial-argentina-informo-ayer-que-el-nivel-de-produccion-y-las-ventas-registraron-caidas\/#primaryimage\",\"url\":\"https:\/\/infoecos.com.ar\/wp-content\/uploads\/2026\/03\/image-35.png\",\"contentUrl\":\"https:\/\/infoecos.com.ar\/wp-content\/uploads\/2026\/03\/image-35.png\",\"width\":680,\"height\":453},{\"@type\":\"BreadcrumbList\",\"@id\":\"https:\/\/infoecos.com.ar\/index.php\/la-union-industrial-argentina-informo-ayer-que-el-nivel-de-produccion-y-las-ventas-registraron-caidas\/#breadcrumb\",\"itemListElement\":[{\"@type\":\"ListItem\",\"position\":1,\"name\":\"Portada\",\"item\":\"https:\/\/infoecos.com.ar\/\"},{\"@type\":\"ListItem\",\"position\":2,\"name\":\"La Uni\u00f3n Industrial Argentina inform\u00f3 ayer que el nivel de producci\u00f3n\u00a0y las\u00a0ventas registraron\u00a0ca\u00eddas\"}]},{\"@type\":\"WebSite\",\"@id\":\"https:\/\/infoecos.com.ar\/#website\",\"url\":\"https:\/\/infoecos.com.ar\/\",\"name\":\"Infoecos\",\"description\":\"Noticias de trenque lauquen y la zona\",\"publisher\":{\"@id\":\"https:\/\/infoecos.com.ar\/#organization\"},\"alternateName\":\"Noticias\",\"potentialAction\":[{\"@type\":\"SearchAction\",\"target\":{\"@type\":\"EntryPoint\",\"urlTemplate\":\"https:\/\/infoecos.com.ar\/?s={search_term_string}\"},\"query-input\":{\"@type\":\"PropertyValueSpecification\",\"valueRequired\":true,\"valueName\":\"search_term_string\"}}],\"inLanguage\":\"es\"},{\"@type\":\"Organization\",\"@id\":\"https:\/\/infoecos.com.ar\/#organization\",\"name\":\"Infoecos\",\"alternateName\":\"Noticias\",\"url\":\"https:\/\/infoecos.com.ar\/\",\"logo\":{\"@type\":\"ImageObject\",\"inLanguage\":\"es\",\"@id\":\"https:\/\/infoecos.com.ar\/#\/schema\/logo\/image\/\",\"url\":\"https:\/\/infoecos.com.ar\/wp-content\/uploads\/2024\/03\/cropped-logo.png\",\"contentUrl\":\"https:\/\/infoecos.com.ar\/wp-content\/uploads\/2024\/03\/cropped-logo.png\",\"width\":374,\"height\":90,\"caption\":\"Infoecos\"},\"image\":{\"@id\":\"https:\/\/infoecos.com.ar\/#\/schema\/logo\/image\/\"},\"sameAs\":[\"https:\/\/www.facebook.com\/profile.php?id=100063200290284\",\"https:\/\/x.com\/infoecos\"]},{\"@type\":\"Person\",\"@id\":\"https:\/\/infoecos.com.ar\/#\/schema\/person\/8f5ace5ce73b4b4aac4b7245aee6f191\",\"name\":\"Jorge Matheus\",\"url\":\"https:\/\/infoecos.com.ar\/index.php\/author\/jomatheus\/\"}]}<\/script>\n<!-- \/ Yoast SEO plugin. -->","yoast_head_json":{"title":"La Uni\u00f3n Industrial Argentina inform\u00f3 ayer que el nivel de producci\u00f3n\u00a0y las\u00a0ventas registraron\u00a0ca\u00eddas - Infoecos","robots":{"index":"index","follow":"follow","max-snippet":"max-snippet:-1","max-image-preview":"max-image-preview:large","max-video-preview":"max-video-preview:-1"},"canonical":"https:\/\/infoecos.com.ar\/index.php\/la-union-industrial-argentina-informo-ayer-que-el-nivel-de-produccion-y-las-ventas-registraron-caidas\/","og_locale":"es_ES","og_type":"article","og_title":"La Uni\u00f3n Industrial Argentina inform\u00f3 ayer que el nivel de producci\u00f3n\u00a0y las\u00a0ventas registraron\u00a0ca\u00eddas - Infoecos","og_description":"Los datos surgen del\u00a0Informe de Indicadores Industriales y Expectativas, difundido este mi\u00e9rcoles por la entidad empresaria","og_url":"https:\/\/infoecos.com.ar\/index.php\/la-union-industrial-argentina-informo-ayer-que-el-nivel-de-produccion-y-las-ventas-registraron-caidas\/","og_site_name":"Infoecos","article_publisher":"https:\/\/www.facebook.com\/profile.php?id=100063200290284","article_published_time":"2026-03-05T04:55:51+00:00","article_modified_time":"2026-03-06T04:44:25+00:00","og_image":[{"width":680,"height":453,"url":"https:\/\/infoecos.com.ar\/wp-content\/uploads\/2026\/03\/image-35.png","type":"image\/png"}],"author":"Jorge Matheus","twitter_card":"summary_large_image","twitter_creator":"@infoecos","twitter_site":"@infoecos","twitter_misc":{"Escrito por":"Jorge Matheus","Tiempo de lectura":"3 minutos"},"schema":{"@context":"https:\/\/schema.org","@graph":[{"@type":"Article","@id":"https:\/\/infoecos.com.ar\/index.php\/la-union-industrial-argentina-informo-ayer-que-el-nivel-de-produccion-y-las-ventas-registraron-caidas\/#article","isPartOf":{"@id":"https:\/\/infoecos.com.ar\/index.php\/la-union-industrial-argentina-informo-ayer-que-el-nivel-de-produccion-y-las-ventas-registraron-caidas\/"},"author":{"name":"Jorge Matheus","@id":"https:\/\/infoecos.com.ar\/#\/schema\/person\/8f5ace5ce73b4b4aac4b7245aee6f191"},"headline":"La Uni\u00f3n Industrial Argentina inform\u00f3 ayer que el nivel de producci\u00f3n\u00a0y las\u00a0ventas registraron\u00a0ca\u00eddas","datePublished":"2026-03-05T04:55:51+00:00","dateModified":"2026-03-06T04:44:25+00:00","mainEntityOfPage":{"@id":"https:\/\/infoecos.com.ar\/index.php\/la-union-industrial-argentina-informo-ayer-que-el-nivel-de-produccion-y-las-ventas-registraron-caidas\/"},"wordCount":474,"publisher":{"@id":"https:\/\/infoecos.com.ar\/#organization"},"image":{"@id":"https:\/\/infoecos.com.ar\/index.php\/la-union-industrial-argentina-informo-ayer-que-el-nivel-de-produccion-y-las-ventas-registraron-caidas\/#primaryimage"},"thumbnailUrl":"https:\/\/infoecos.com.ar\/wp-content\/uploads\/2026\/03\/image-35.png","keywords":["Entretenimiento"],"inLanguage":"es"},{"@type":"WebPage","@id":"https:\/\/infoecos.com.ar\/index.php\/la-union-industrial-argentina-informo-ayer-que-el-nivel-de-produccion-y-las-ventas-registraron-caidas\/","url":"https:\/\/infoecos.com.ar\/index.php\/la-union-industrial-argentina-informo-ayer-que-el-nivel-de-produccion-y-las-ventas-registraron-caidas\/","name":"La Uni\u00f3n Industrial Argentina inform\u00f3 ayer que el nivel de producci\u00f3n\u00a0y las\u00a0ventas registraron\u00a0ca\u00eddas - Infoecos","isPartOf":{"@id":"https:\/\/infoecos.com.ar\/#website"},"primaryImageOfPage":{"@id":"https:\/\/infoecos.com.ar\/index.php\/la-union-industrial-argentina-informo-ayer-que-el-nivel-de-produccion-y-las-ventas-registraron-caidas\/#primaryimage"},"image":{"@id":"https:\/\/infoecos.com.ar\/index.php\/la-union-industrial-argentina-informo-ayer-que-el-nivel-de-produccion-y-las-ventas-registraron-caidas\/#primaryimage"},"thumbnailUrl":"https:\/\/infoecos.com.ar\/wp-content\/uploads\/2026\/03\/image-35.png","datePublished":"2026-03-05T04:55:51+00:00","dateModified":"2026-03-06T04:44:25+00:00","breadcrumb":{"@id":"https:\/\/infoecos.com.ar\/index.php\/la-union-industrial-argentina-informo-ayer-que-el-nivel-de-produccion-y-las-ventas-registraron-caidas\/#breadcrumb"},"inLanguage":"es","potentialAction":[{"@type":"ReadAction","target":["https:\/\/infoecos.com.ar\/index.php\/la-union-industrial-argentina-informo-ayer-que-el-nivel-de-produccion-y-las-ventas-registraron-caidas\/"]}]},{"@type":"ImageObject","inLanguage":"es","@id":"https:\/\/infoecos.com.ar\/index.php\/la-union-industrial-argentina-informo-ayer-que-el-nivel-de-produccion-y-las-ventas-registraron-caidas\/#primaryimage","url":"https:\/\/infoecos.com.ar\/wp-content\/uploads\/2026\/03\/image-35.png","contentUrl":"https:\/\/infoecos.com.ar\/wp-content\/uploads\/2026\/03\/image-35.png","width":680,"height":453},{"@type":"BreadcrumbList","@id":"https:\/\/infoecos.com.ar\/index.php\/la-union-industrial-argentina-informo-ayer-que-el-nivel-de-produccion-y-las-ventas-registraron-caidas\/#breadcrumb","itemListElement":[{"@type":"ListItem","position":1,"name":"Portada","item":"https:\/\/infoecos.com.ar\/"},{"@type":"ListItem","position":2,"name":"La Uni\u00f3n Industrial Argentina inform\u00f3 ayer que el nivel de producci\u00f3n\u00a0y las\u00a0ventas registraron\u00a0ca\u00eddas"}]},{"@type":"WebSite","@id":"https:\/\/infoecos.com.ar\/#website","url":"https:\/\/infoecos.com.ar\/","name":"Infoecos","description":"Noticias de trenque lauquen y la zona","publisher":{"@id":"https:\/\/infoecos.com.ar\/#organization"},"alternateName":"Noticias","potentialAction":[{"@type":"SearchAction","target":{"@type":"EntryPoint","urlTemplate":"https:\/\/infoecos.com.ar\/?s={search_term_string}"},"query-input":{"@type":"PropertyValueSpecification","valueRequired":true,"valueName":"search_term_string"}}],"inLanguage":"es"},{"@type":"Organization","@id":"https:\/\/infoecos.com.ar\/#organization","name":"Infoecos","alternateName":"Noticias","url":"https:\/\/infoecos.com.ar\/","logo":{"@type":"ImageObject","inLanguage":"es","@id":"https:\/\/infoecos.com.ar\/#\/schema\/logo\/image\/","url":"https:\/\/infoecos.com.ar\/wp-content\/uploads\/2024\/03\/cropped-logo.png","contentUrl":"https:\/\/infoecos.com.ar\/wp-content\/uploads\/2024\/03\/cropped-logo.png","width":374,"height":90,"caption":"Infoecos"},"image":{"@id":"https:\/\/infoecos.com.ar\/#\/schema\/logo\/image\/"},"sameAs":["https:\/\/www.facebook.com\/profile.php?id=100063200290284","https:\/\/x.com\/infoecos"]},{"@type":"Person","@id":"https:\/\/infoecos.com.ar\/#\/schema\/person\/8f5ace5ce73b4b4aac4b7245aee6f191","name":"Jorge Matheus","url":"https:\/\/infoecos.com.ar\/index.php\/author\/jomatheus\/"}]}},"featured_image_urls":{"full":["https:\/\/infoecos.com.ar\/wp-content\/uploads\/2026\/03\/image-35.png",680,453,false],"thumbnail":["https:\/\/infoecos.com.ar\/wp-content\/uploads\/2026\/03\/image-35-300x150.png",300,150,true],"medium":["https:\/\/infoecos.com.ar\/wp-content\/uploads\/2026\/03\/image-35.png",680,453,false],"medium_large":["https:\/\/infoecos.com.ar\/wp-content\/uploads\/2026\/03\/image-35.png",640,426,false],"large":["https:\/\/infoecos.com.ar\/wp-content\/uploads\/2026\/03\/image-35.png",640,426,false],"1536x1536":["https:\/\/infoecos.com.ar\/wp-content\/uploads\/2026\/03\/image-35.png",680,453,false],"2048x2048":["https:\/\/infoecos.com.ar\/wp-content\/uploads\/2026\/03\/image-35.png",680,453,false],"covernews-slider-full":["https:\/\/infoecos.com.ar\/wp-content\/uploads\/2026\/03\/image-35.png",680,453,false],"covernews-slider-center":["https:\/\/infoecos.com.ar\/wp-content\/uploads\/2026\/03\/image-35.png",680,453,false],"covernews-featured":["https:\/\/infoecos.com.ar\/wp-content\/uploads\/2026\/03\/image-35.png",680,453,false],"covernews-medium":["https:\/\/infoecos.com.ar\/wp-content\/uploads\/2026\/03\/image-35-540x340.png",540,340,true],"covernews-medium-square":["https:\/\/infoecos.com.ar\/wp-content\/uploads\/2026\/03\/image-35-400x250.png",400,250,true]},"author_info":{"info":["Jorge Matheus"]},"category_info":"<a href=\"https:\/\/infoecos.com.ar\/index.php\/category\/sin-categoria\/\" rel=\"category tag\">Sin categor\u00eda<\/a>","tag_info":"Sin categor\u00eda","comment_count":"0","_links":{"self":[{"href":"https:\/\/infoecos.com.ar\/index.php\/wp-json\/wp\/v2\/posts\/154512"}],"collection":[{"href":"https:\/\/infoecos.com.ar\/index.php\/wp-json\/wp\/v2\/posts"}],"about":[{"href":"https:\/\/infoecos.com.ar\/index.php\/wp-json\/wp\/v2\/types\/post"}],"author":[{"embeddable":true,"href":"https:\/\/infoecos.com.ar\/index.php\/wp-json\/wp\/v2\/users\/2"}],"replies":[{"embeddable":true,"href":"https:\/\/infoecos.com.ar\/index.php\/wp-json\/wp\/v2\/comments?post=154512"}],"version-history":[{"count":1,"href":"https:\/\/infoecos.com.ar\/index.php\/wp-json\/wp\/v2\/posts\/154512\/revisions"}],"predecessor-version":[{"id":154514,"href":"https:\/\/infoecos.com.ar\/index.php\/wp-json\/wp\/v2\/posts\/154512\/revisions\/154514"}],"wp:featuredmedia":[{"embeddable":true,"href":"https:\/\/infoecos.com.ar\/index.php\/wp-json\/wp\/v2\/media\/154513"}],"wp:attachment":[{"href":"https:\/\/infoecos.com.ar\/index.php\/wp-json\/wp\/v2\/media?parent=154512"}],"wp:term":[{"taxonomy":"category","embeddable":true,"href":"https:\/\/infoecos.com.ar\/index.php\/wp-json\/wp\/v2\/categories?post=154512"},{"taxonomy":"post_tag","embeddable":true,"href":"https:\/\/infoecos.com.ar\/index.php\/wp-json\/wp\/v2\/tags?post=154512"}],"curies":[{"name":"wp","href":"https:\/\/api.w.org\/{rel}","templated":true}]}}