{"id":154515,"date":"2026-03-05T02:09:43","date_gmt":"2026-03-05T05:09:43","guid":{"rendered":"https:\/\/infoecos.com.ar\/?p=154515"},"modified":"2026-03-07T16:31:04","modified_gmt":"2026-03-07T19:31:04","slug":"el-proximo-10-de-marzo-comenzara-a-regir-el-nuevo-esquema-del-impuesto-a-los-automotores-2026-en-la-provincia-de-buenos-aires","status":"publish","type":"post","link":"https:\/\/infoecos.com.ar\/index.php\/el-proximo-10-de-marzo-comenzara-a-regir-el-nuevo-esquema-del-impuesto-a-los-automotores-2026-en-la-provincia-de-buenos-aires\/","title":{"rendered":"El pr\u00f3ximo 10 de marzo comenzar\u00e1 a regir el nuevo esquema del Impuesto a los Automotores 2026 en la provincia de Buenos Aires"},"content":{"rendered":"\n<p>La&nbsp;Agencia de Recaudaci\u00f3n de la provincia de Buenos Aires (ARBA)&nbsp;inform\u00f3 que a partir de este mes de marzo comenzar\u00e1 a regir el nuevo esquema del Impuesto a los Automotores 2026, que combina una reducci\u00f3n de la carga tributaria para el 75% de los veh\u00edculos con la posibilidad de abonar en hasta 10 cuotas mensuales, brindando mayor previsibilidad financiera a las y los contribuyentes.<\/p>\n\n\n\n<p>La reforma incluye una modificaci\u00f3n estructural de la tabla de al\u00edcuotas, que pasa de 15 a 5 tramos de base imponible y reduce los porcentajes aplicados. La al\u00edcuota m\u00ednima baja de 3,64% a 1% y la m\u00e1xima se reduce de 5% a 4,5%. De esta manera, la carga efectiva del Impuesto Automotor ser\u00e1 de 1,9%, disminuyendo un 65% respecto de 2019 y consolidando un esquema m\u00e1s progresivo y equilibrado.<\/p>\n\n\n\n<p>El organismo record\u00f3 que el primer vencimiento operar\u00e1 el pr\u00f3ximo 10 de marzo, fecha desde la cual comenzar\u00e1 a regir el nuevo esquema. Quienes opten por el pago anual podr\u00e1n acceder a un descuento de hasta 15%, mientras que quienes abonen cada cuota en t\u00e9rmino obtendr\u00e1n una bonificaci\u00f3n de hasta 10% por buen cumplimiento, en reconocimiento al esfuerzo de las y los contribuyentes que mantienen sus obligaciones al d\u00eda.<\/p>\n\n\n\n<figure class=\"wp-block-image aligncenter size-full\"><img loading=\"lazy\" decoding=\"async\" width=\"354\" height=\"198\" src=\"https:\/\/infoecos.com.ar\/wp-content\/uploads\/2026\/03\/image-36.png\" alt=\"\" class=\"wp-image-154516\"\/><\/figure>\n","protected":false},"excerpt":{"rendered":"<p>Combina una reducci\u00f3n de la carga tributaria para el 75% de los veh\u00edculos con la posibilidad de abonar en hasta 10 cuotas mensuales, brindando mayor previsibilidad financiera a las y los contribuyentes<\/p>\n","protected":false},"author":2,"featured_media":107941,"comment_status":"closed","ping_status":"open","sticky":false,"template":"","format":"standard","meta":{"footnotes":""},"categories":[1],"tags":[6831],"class_list":["post-154515","post","type-post","status-publish","format-standard","has-post-thumbnail","hentry","category-sin-categoria","tag-servicios-comunitarios"],"yoast_head":"<!-- This site is optimized with the Yoast SEO plugin v23.4 - https:\/\/yoast.com\/wordpress\/plugins\/seo\/ -->\n<title>El pr\u00f3ximo 10 de marzo comenzar\u00e1 a regir el nuevo esquema del Impuesto a los Automotores 2026 en la provincia de Buenos Aires - Infoecos<\/title>\n<meta name=\"robots\" content=\"index, follow, max-snippet:-1, max-image-preview:large, max-video-preview:-1\" \/>\n<link rel=\"canonical\" href=\"https:\/\/infoecos.com.ar\/index.php\/el-proximo-10-de-marzo-comenzara-a-regir-el-nuevo-esquema-del-impuesto-a-los-automotores-2026-en-la-provincia-de-buenos-aires\/\" \/>\n<meta property=\"og:locale\" content=\"es_ES\" \/>\n<meta property=\"og:type\" content=\"article\" \/>\n<meta property=\"og:title\" content=\"El pr\u00f3ximo 10 de marzo comenzar\u00e1 a regir el nuevo esquema del Impuesto a los Automotores 2026 en la provincia de Buenos Aires - Infoecos\" \/>\n<meta property=\"og:description\" content=\"Combina una reducci\u00f3n de la carga tributaria para el 75% de los veh\u00edculos con la posibilidad de abonar en hasta 10 cuotas mensuales, brindando mayor previsibilidad financiera a las y los contribuyentes\" \/>\n<meta property=\"og:url\" content=\"https:\/\/infoecos.com.ar\/index.php\/el-proximo-10-de-marzo-comenzara-a-regir-el-nuevo-esquema-del-impuesto-a-los-automotores-2026-en-la-provincia-de-buenos-aires\/\" \/>\n<meta property=\"og:site_name\" content=\"Infoecos\" \/>\n<meta property=\"article:publisher\" content=\"https:\/\/www.facebook.com\/profile.php?id=100063200290284\" \/>\n<meta property=\"article:published_time\" content=\"2026-03-05T05:09:43+00:00\" \/>\n<meta property=\"article:modified_time\" content=\"2026-03-07T19:31:04+00:00\" \/>\n<meta property=\"og:image\" content=\"https:\/\/infoecos.com.ar\/wp-content\/uploads\/2023\/07\/arba-blog.png\" \/>\n\t<meta property=\"og:image:width\" content=\"761\" \/>\n\t<meta property=\"og:image:height\" content=\"321\" \/>\n\t<meta property=\"og:image:type\" content=\"image\/png\" \/>\n<meta name=\"author\" content=\"Jorge Matheus\" \/>\n<meta name=\"twitter:card\" content=\"summary_large_image\" \/>\n<meta name=\"twitter:creator\" content=\"@infoecos\" \/>\n<meta name=\"twitter:site\" content=\"@infoecos\" \/>\n<meta name=\"twitter:label1\" content=\"Escrito por\" \/>\n\t<meta name=\"twitter:data1\" content=\"Jorge Matheus\" \/>\n\t<meta name=\"twitter:label2\" content=\"Tiempo de lectura\" \/>\n\t<meta name=\"twitter:data2\" content=\"2 minutos\" \/>\n<script type=\"application\/ld+json\" class=\"yoast-schema-graph\">{\"@context\":\"https:\/\/schema.org\",\"@graph\":[{\"@type\":\"Article\",\"@id\":\"https:\/\/infoecos.com.ar\/index.php\/el-proximo-10-de-marzo-comenzara-a-regir-el-nuevo-esquema-del-impuesto-a-los-automotores-2026-en-la-provincia-de-buenos-aires\/#article\",\"isPartOf\":{\"@id\":\"https:\/\/infoecos.com.ar\/index.php\/el-proximo-10-de-marzo-comenzara-a-regir-el-nuevo-esquema-del-impuesto-a-los-automotores-2026-en-la-provincia-de-buenos-aires\/\"},\"author\":{\"name\":\"Jorge Matheus\",\"@id\":\"https:\/\/infoecos.com.ar\/#\/schema\/person\/8f5ace5ce73b4b4aac4b7245aee6f191\"},\"headline\":\"El pr\u00f3ximo 10 de marzo comenzar\u00e1 a regir el nuevo esquema del Impuesto a los Automotores 2026 en la provincia de Buenos Aires\",\"datePublished\":\"2026-03-05T05:09:43+00:00\",\"dateModified\":\"2026-03-07T19:31:04+00:00\",\"mainEntityOfPage\":{\"@id\":\"https:\/\/infoecos.com.ar\/index.php\/el-proximo-10-de-marzo-comenzara-a-regir-el-nuevo-esquema-del-impuesto-a-los-automotores-2026-en-la-provincia-de-buenos-aires\/\"},\"wordCount\":227,\"publisher\":{\"@id\":\"https:\/\/infoecos.com.ar\/#organization\"},\"image\":{\"@id\":\"https:\/\/infoecos.com.ar\/index.php\/el-proximo-10-de-marzo-comenzara-a-regir-el-nuevo-esquema-del-impuesto-a-los-automotores-2026-en-la-provincia-de-buenos-aires\/#primaryimage\"},\"thumbnailUrl\":\"https:\/\/infoecos.com.ar\/wp-content\/uploads\/2023\/07\/arba-blog.png\",\"keywords\":[\"SERVICIOS COMUNITARIOS\"],\"inLanguage\":\"es\"},{\"@type\":\"WebPage\",\"@id\":\"https:\/\/infoecos.com.ar\/index.php\/el-proximo-10-de-marzo-comenzara-a-regir-el-nuevo-esquema-del-impuesto-a-los-automotores-2026-en-la-provincia-de-buenos-aires\/\",\"url\":\"https:\/\/infoecos.com.ar\/index.php\/el-proximo-10-de-marzo-comenzara-a-regir-el-nuevo-esquema-del-impuesto-a-los-automotores-2026-en-la-provincia-de-buenos-aires\/\",\"name\":\"El pr\u00f3ximo 10 de marzo comenzar\u00e1 a regir el nuevo esquema del Impuesto a los Automotores 2026 en la provincia de Buenos Aires - Infoecos\",\"isPartOf\":{\"@id\":\"https:\/\/infoecos.com.ar\/#website\"},\"primaryImageOfPage\":{\"@id\":\"https:\/\/infoecos.com.ar\/index.php\/el-proximo-10-de-marzo-comenzara-a-regir-el-nuevo-esquema-del-impuesto-a-los-automotores-2026-en-la-provincia-de-buenos-aires\/#primaryimage\"},\"image\":{\"@id\":\"https:\/\/infoecos.com.ar\/index.php\/el-proximo-10-de-marzo-comenzara-a-regir-el-nuevo-esquema-del-impuesto-a-los-automotores-2026-en-la-provincia-de-buenos-aires\/#primaryimage\"},\"thumbnailUrl\":\"https:\/\/infoecos.com.ar\/wp-content\/uploads\/2023\/07\/arba-blog.png\",\"datePublished\":\"2026-03-05T05:09:43+00:00\",\"dateModified\":\"2026-03-07T19:31:04+00:00\",\"breadcrumb\":{\"@id\":\"https:\/\/infoecos.com.ar\/index.php\/el-proximo-10-de-marzo-comenzara-a-regir-el-nuevo-esquema-del-impuesto-a-los-automotores-2026-en-la-provincia-de-buenos-aires\/#breadcrumb\"},\"inLanguage\":\"es\",\"potentialAction\":[{\"@type\":\"ReadAction\",\"target\":[\"https:\/\/infoecos.com.ar\/index.php\/el-proximo-10-de-marzo-comenzara-a-regir-el-nuevo-esquema-del-impuesto-a-los-automotores-2026-en-la-provincia-de-buenos-aires\/\"]}]},{\"@type\":\"ImageObject\",\"inLanguage\":\"es\",\"@id\":\"https:\/\/infoecos.com.ar\/index.php\/el-proximo-10-de-marzo-comenzara-a-regir-el-nuevo-esquema-del-impuesto-a-los-automotores-2026-en-la-provincia-de-buenos-aires\/#primaryimage\",\"url\":\"https:\/\/infoecos.com.ar\/wp-content\/uploads\/2023\/07\/arba-blog.png\",\"contentUrl\":\"https:\/\/infoecos.com.ar\/wp-content\/uploads\/2023\/07\/arba-blog.png\",\"width\":761,\"height\":321},{\"@type\":\"BreadcrumbList\",\"@id\":\"https:\/\/infoecos.com.ar\/index.php\/el-proximo-10-de-marzo-comenzara-a-regir-el-nuevo-esquema-del-impuesto-a-los-automotores-2026-en-la-provincia-de-buenos-aires\/#breadcrumb\",\"itemListElement\":[{\"@type\":\"ListItem\",\"position\":1,\"name\":\"Portada\",\"item\":\"https:\/\/infoecos.com.ar\/\"},{\"@type\":\"ListItem\",\"position\":2,\"name\":\"El pr\u00f3ximo 10 de marzo comenzar\u00e1 a regir el nuevo esquema del Impuesto a los Automotores 2026 en la provincia de Buenos Aires\"}]},{\"@type\":\"WebSite\",\"@id\":\"https:\/\/infoecos.com.ar\/#website\",\"url\":\"https:\/\/infoecos.com.ar\/\",\"name\":\"Infoecos\",\"description\":\"Noticias de trenque lauquen y la zona\",\"publisher\":{\"@id\":\"https:\/\/infoecos.com.ar\/#organization\"},\"alternateName\":\"Noticias\",\"potentialAction\":[{\"@type\":\"SearchAction\",\"target\":{\"@type\":\"EntryPoint\",\"urlTemplate\":\"https:\/\/infoecos.com.ar\/?s={search_term_string}\"},\"query-input\":{\"@type\":\"PropertyValueSpecification\",\"valueRequired\":true,\"valueName\":\"search_term_string\"}}],\"inLanguage\":\"es\"},{\"@type\":\"Organization\",\"@id\":\"https:\/\/infoecos.com.ar\/#organization\",\"name\":\"Infoecos\",\"alternateName\":\"Noticias\",\"url\":\"https:\/\/infoecos.com.ar\/\",\"logo\":{\"@type\":\"ImageObject\",\"inLanguage\":\"es\",\"@id\":\"https:\/\/infoecos.com.ar\/#\/schema\/logo\/image\/\",\"url\":\"https:\/\/infoecos.com.ar\/wp-content\/uploads\/2024\/03\/cropped-logo.png\",\"contentUrl\":\"https:\/\/infoecos.com.ar\/wp-content\/uploads\/2024\/03\/cropped-logo.png\",\"width\":374,\"height\":90,\"caption\":\"Infoecos\"},\"image\":{\"@id\":\"https:\/\/infoecos.com.ar\/#\/schema\/logo\/image\/\"},\"sameAs\":[\"https:\/\/www.facebook.com\/profile.php?id=100063200290284\",\"https:\/\/x.com\/infoecos\"]},{\"@type\":\"Person\",\"@id\":\"https:\/\/infoecos.com.ar\/#\/schema\/person\/8f5ace5ce73b4b4aac4b7245aee6f191\",\"name\":\"Jorge Matheus\",\"url\":\"https:\/\/infoecos.com.ar\/index.php\/author\/jomatheus\/\"}]}<\/script>\n<!-- \/ Yoast SEO plugin. -->","yoast_head_json":{"title":"El pr\u00f3ximo 10 de marzo comenzar\u00e1 a regir el nuevo esquema del Impuesto a los Automotores 2026 en la provincia de Buenos Aires - Infoecos","robots":{"index":"index","follow":"follow","max-snippet":"max-snippet:-1","max-image-preview":"max-image-preview:large","max-video-preview":"max-video-preview:-1"},"canonical":"https:\/\/infoecos.com.ar\/index.php\/el-proximo-10-de-marzo-comenzara-a-regir-el-nuevo-esquema-del-impuesto-a-los-automotores-2026-en-la-provincia-de-buenos-aires\/","og_locale":"es_ES","og_type":"article","og_title":"El pr\u00f3ximo 10 de marzo comenzar\u00e1 a regir el nuevo esquema del Impuesto a los Automotores 2026 en la provincia de Buenos Aires - Infoecos","og_description":"Combina una reducci\u00f3n de la carga tributaria para el 75% de los veh\u00edculos con la posibilidad de abonar en hasta 10 cuotas mensuales, brindando mayor previsibilidad financiera a las y los contribuyentes","og_url":"https:\/\/infoecos.com.ar\/index.php\/el-proximo-10-de-marzo-comenzara-a-regir-el-nuevo-esquema-del-impuesto-a-los-automotores-2026-en-la-provincia-de-buenos-aires\/","og_site_name":"Infoecos","article_publisher":"https:\/\/www.facebook.com\/profile.php?id=100063200290284","article_published_time":"2026-03-05T05:09:43+00:00","article_modified_time":"2026-03-07T19:31:04+00:00","og_image":[{"width":761,"height":321,"url":"https:\/\/infoecos.com.ar\/wp-content\/uploads\/2023\/07\/arba-blog.png","type":"image\/png"}],"author":"Jorge Matheus","twitter_card":"summary_large_image","twitter_creator":"@infoecos","twitter_site":"@infoecos","twitter_misc":{"Escrito por":"Jorge Matheus","Tiempo de lectura":"2 minutos"},"schema":{"@context":"https:\/\/schema.org","@graph":[{"@type":"Article","@id":"https:\/\/infoecos.com.ar\/index.php\/el-proximo-10-de-marzo-comenzara-a-regir-el-nuevo-esquema-del-impuesto-a-los-automotores-2026-en-la-provincia-de-buenos-aires\/#article","isPartOf":{"@id":"https:\/\/infoecos.com.ar\/index.php\/el-proximo-10-de-marzo-comenzara-a-regir-el-nuevo-esquema-del-impuesto-a-los-automotores-2026-en-la-provincia-de-buenos-aires\/"},"author":{"name":"Jorge Matheus","@id":"https:\/\/infoecos.com.ar\/#\/schema\/person\/8f5ace5ce73b4b4aac4b7245aee6f191"},"headline":"El pr\u00f3ximo 10 de marzo comenzar\u00e1 a regir el nuevo esquema del Impuesto a los Automotores 2026 en la provincia de Buenos Aires","datePublished":"2026-03-05T05:09:43+00:00","dateModified":"2026-03-07T19:31:04+00:00","mainEntityOfPage":{"@id":"https:\/\/infoecos.com.ar\/index.php\/el-proximo-10-de-marzo-comenzara-a-regir-el-nuevo-esquema-del-impuesto-a-los-automotores-2026-en-la-provincia-de-buenos-aires\/"},"wordCount":227,"publisher":{"@id":"https:\/\/infoecos.com.ar\/#organization"},"image":{"@id":"https:\/\/infoecos.com.ar\/index.php\/el-proximo-10-de-marzo-comenzara-a-regir-el-nuevo-esquema-del-impuesto-a-los-automotores-2026-en-la-provincia-de-buenos-aires\/#primaryimage"},"thumbnailUrl":"https:\/\/infoecos.com.ar\/wp-content\/uploads\/2023\/07\/arba-blog.png","keywords":["SERVICIOS COMUNITARIOS"],"inLanguage":"es"},{"@type":"WebPage","@id":"https:\/\/infoecos.com.ar\/index.php\/el-proximo-10-de-marzo-comenzara-a-regir-el-nuevo-esquema-del-impuesto-a-los-automotores-2026-en-la-provincia-de-buenos-aires\/","url":"https:\/\/infoecos.com.ar\/index.php\/el-proximo-10-de-marzo-comenzara-a-regir-el-nuevo-esquema-del-impuesto-a-los-automotores-2026-en-la-provincia-de-buenos-aires\/","name":"El pr\u00f3ximo 10 de marzo comenzar\u00e1 a regir el nuevo esquema del Impuesto a los Automotores 2026 en la provincia de Buenos Aires - Infoecos","isPartOf":{"@id":"https:\/\/infoecos.com.ar\/#website"},"primaryImageOfPage":{"@id":"https:\/\/infoecos.com.ar\/index.php\/el-proximo-10-de-marzo-comenzara-a-regir-el-nuevo-esquema-del-impuesto-a-los-automotores-2026-en-la-provincia-de-buenos-aires\/#primaryimage"},"image":{"@id":"https:\/\/infoecos.com.ar\/index.php\/el-proximo-10-de-marzo-comenzara-a-regir-el-nuevo-esquema-del-impuesto-a-los-automotores-2026-en-la-provincia-de-buenos-aires\/#primaryimage"},"thumbnailUrl":"https:\/\/infoecos.com.ar\/wp-content\/uploads\/2023\/07\/arba-blog.png","datePublished":"2026-03-05T05:09:43+00:00","dateModified":"2026-03-07T19:31:04+00:00","breadcrumb":{"@id":"https:\/\/infoecos.com.ar\/index.php\/el-proximo-10-de-marzo-comenzara-a-regir-el-nuevo-esquema-del-impuesto-a-los-automotores-2026-en-la-provincia-de-buenos-aires\/#breadcrumb"},"inLanguage":"es","potentialAction":[{"@type":"ReadAction","target":["https:\/\/infoecos.com.ar\/index.php\/el-proximo-10-de-marzo-comenzara-a-regir-el-nuevo-esquema-del-impuesto-a-los-automotores-2026-en-la-provincia-de-buenos-aires\/"]}]},{"@type":"ImageObject","inLanguage":"es","@id":"https:\/\/infoecos.com.ar\/index.php\/el-proximo-10-de-marzo-comenzara-a-regir-el-nuevo-esquema-del-impuesto-a-los-automotores-2026-en-la-provincia-de-buenos-aires\/#primaryimage","url":"https:\/\/infoecos.com.ar\/wp-content\/uploads\/2023\/07\/arba-blog.png","contentUrl":"https:\/\/infoecos.com.ar\/wp-content\/uploads\/2023\/07\/arba-blog.png","width":761,"height":321},{"@type":"BreadcrumbList","@id":"https:\/\/infoecos.com.ar\/index.php\/el-proximo-10-de-marzo-comenzara-a-regir-el-nuevo-esquema-del-impuesto-a-los-automotores-2026-en-la-provincia-de-buenos-aires\/#breadcrumb","itemListElement":[{"@type":"ListItem","position":1,"name":"Portada","item":"https:\/\/infoecos.com.ar\/"},{"@type":"ListItem","position":2,"name":"El pr\u00f3ximo 10 de marzo comenzar\u00e1 a regir el nuevo esquema del Impuesto a los Automotores 2026 en la provincia de Buenos Aires"}]},{"@type":"WebSite","@id":"https:\/\/infoecos.com.ar\/#website","url":"https:\/\/infoecos.com.ar\/","name":"Infoecos","description":"Noticias de trenque lauquen y la zona","publisher":{"@id":"https:\/\/infoecos.com.ar\/#organization"},"alternateName":"Noticias","potentialAction":[{"@type":"SearchAction","target":{"@type":"EntryPoint","urlTemplate":"https:\/\/infoecos.com.ar\/?s={search_term_string}"},"query-input":{"@type":"PropertyValueSpecification","valueRequired":true,"valueName":"search_term_string"}}],"inLanguage":"es"},{"@type":"Organization","@id":"https:\/\/infoecos.com.ar\/#organization","name":"Infoecos","alternateName":"Noticias","url":"https:\/\/infoecos.com.ar\/","logo":{"@type":"ImageObject","inLanguage":"es","@id":"https:\/\/infoecos.com.ar\/#\/schema\/logo\/image\/","url":"https:\/\/infoecos.com.ar\/wp-content\/uploads\/2024\/03\/cropped-logo.png","contentUrl":"https:\/\/infoecos.com.ar\/wp-content\/uploads\/2024\/03\/cropped-logo.png","width":374,"height":90,"caption":"Infoecos"},"image":{"@id":"https:\/\/infoecos.com.ar\/#\/schema\/logo\/image\/"},"sameAs":["https:\/\/www.facebook.com\/profile.php?id=100063200290284","https:\/\/x.com\/infoecos"]},{"@type":"Person","@id":"https:\/\/infoecos.com.ar\/#\/schema\/person\/8f5ace5ce73b4b4aac4b7245aee6f191","name":"Jorge Matheus","url":"https:\/\/infoecos.com.ar\/index.php\/author\/jomatheus\/"}]}},"featured_image_urls":{"full":["https:\/\/infoecos.com.ar\/wp-content\/uploads\/2023\/07\/arba-blog.png",761,321,false],"thumbnail":["https:\/\/infoecos.com.ar\/wp-content\/uploads\/2023\/07\/arba-blog-300x150.png",300,150,true],"medium":["https:\/\/infoecos.com.ar\/wp-content\/uploads\/2023\/07\/arba-blog.png",761,321,false],"medium_large":["https:\/\/infoecos.com.ar\/wp-content\/uploads\/2023\/07\/arba-blog.png",640,270,false],"large":["https:\/\/infoecos.com.ar\/wp-content\/uploads\/2023\/07\/arba-blog.png",640,270,false],"1536x1536":["https:\/\/infoecos.com.ar\/wp-content\/uploads\/2023\/07\/arba-blog.png",761,321,false],"2048x2048":["https:\/\/infoecos.com.ar\/wp-content\/uploads\/2023\/07\/arba-blog.png",761,321,false],"covernews-slider-full":["https:\/\/infoecos.com.ar\/wp-content\/uploads\/2023\/07\/arba-blog.png",761,321,false],"covernews-slider-center":["https:\/\/infoecos.com.ar\/wp-content\/uploads\/2023\/07\/arba-blog.png",761,321,false],"covernews-featured":["https:\/\/infoecos.com.ar\/wp-content\/uploads\/2023\/07\/arba-blog.png",761,321,false],"covernews-medium":["https:\/\/infoecos.com.ar\/wp-content\/uploads\/2023\/07\/arba-blog-720x321.png",540,241,true],"covernews-medium-square":["https:\/\/infoecos.com.ar\/wp-content\/uploads\/2023\/07\/arba-blog-675x321.png",400,190,true]},"author_info":{"info":["Jorge Matheus"]},"category_info":"<a href=\"https:\/\/infoecos.com.ar\/index.php\/category\/sin-categoria\/\" rel=\"category tag\">Sin categor\u00eda<\/a>","tag_info":"Sin categor\u00eda","comment_count":"0","_links":{"self":[{"href":"https:\/\/infoecos.com.ar\/index.php\/wp-json\/wp\/v2\/posts\/154515"}],"collection":[{"href":"https:\/\/infoecos.com.ar\/index.php\/wp-json\/wp\/v2\/posts"}],"about":[{"href":"https:\/\/infoecos.com.ar\/index.php\/wp-json\/wp\/v2\/types\/post"}],"author":[{"embeddable":true,"href":"https:\/\/infoecos.com.ar\/index.php\/wp-json\/wp\/v2\/users\/2"}],"replies":[{"embeddable":true,"href":"https:\/\/infoecos.com.ar\/index.php\/wp-json\/wp\/v2\/comments?post=154515"}],"version-history":[{"count":1,"href":"https:\/\/infoecos.com.ar\/index.php\/wp-json\/wp\/v2\/posts\/154515\/revisions"}],"predecessor-version":[{"id":154517,"href":"https:\/\/infoecos.com.ar\/index.php\/wp-json\/wp\/v2\/posts\/154515\/revisions\/154517"}],"wp:featuredmedia":[{"embeddable":true,"href":"https:\/\/infoecos.com.ar\/index.php\/wp-json\/wp\/v2\/media\/107941"}],"wp:attachment":[{"href":"https:\/\/infoecos.com.ar\/index.php\/wp-json\/wp\/v2\/media?parent=154515"}],"wp:term":[{"taxonomy":"category","embeddable":true,"href":"https:\/\/infoecos.com.ar\/index.php\/wp-json\/wp\/v2\/categories?post=154515"},{"taxonomy":"post_tag","embeddable":true,"href":"https:\/\/infoecos.com.ar\/index.php\/wp-json\/wp\/v2\/tags?post=154515"}],"curies":[{"name":"wp","href":"https:\/\/api.w.org\/{rel}","templated":true}]}}