{"id":154541,"date":"2026-03-05T22:20:00","date_gmt":"2026-03-06T01:20:00","guid":{"rendered":"https:\/\/infoecos.com.ar\/?p=154541"},"modified":"2026-03-13T03:54:27","modified_gmt":"2026-03-13T06:54:27","slug":"analisis-de-los-efectos-del-conflicto-estados-unidos-israel-iran-en-la-economia-del-area-de-estudios-de-la-bolsa-de-comercio-y-produccion-bahia-blanca","status":"publish","type":"post","link":"https:\/\/infoecos.com.ar\/index.php\/analisis-de-los-efectos-del-conflicto-estados-unidos-israel-iran-en-la-economia-del-area-de-estudios-de-la-bolsa-de-comercio-y-produccion-bahia-blanca\/","title":{"rendered":"An\u00e1lisis de los efectos del conflicto Estados Unidos &#8211; Israel &#8211; Ir\u00e1n en nuestra econom\u00eda: \u00c1rea de estudios de la Bolsa de Comercio y Producci\u00f3n Bah\u00eda Blanca"},"content":{"rendered":"\n<p><strong>Guerra EE.UU.\/Israel \u2013 Ir\u00e1n<\/strong><br><\/p>\n\n\n\n<p>El s\u00e1bado 28 de febrero de 2026, Estados Unidos lanz\u00f3 el primer ataque directo sobre territorio iran\u00ed desde el bombardeo de instalaciones nucleares llevado a cabo el 22 de junio de 2025. Seg\u00fan declaraciones oficiales, busc\u00f3 desmantelar las capacidades de Ir\u00e1n de enriquecer uranio con objetivos militares, mientras esta vez tambi\u00e9n se persigue como objetivo un cambio de r\u00e9gimen con el en ambos casos se descabezamiento del gobierno de los ayatol\u00e1s, que incluy\u00f3 hasta el momento el asesinato del L\u00edder Supremo, Al\u00ed Jamenei, y de varios altos mandos.<\/p>\n\n\n\n<p>El ataque del 28 de febrero inici\u00f3 una escalada en Medio Oriente de derivaciones imposibles de prever. Ir\u00e1n, por su parte, lanz\u00f3 ataques con misiles y drones sobre Israel y distintas bases norteamericanas ubicadas en la zona del Golfo P\u00e9rsico e incluso contra Chipre, miembro de la Uni\u00f3n Europea. Est\u00e1 planteada una expansi\u00f3n geogr\u00e1fica y temporal de l\u00edmites a\u00fan difusos, mientras EE.UU. e Israel sostienen que el conflicto podr\u00eda durar semanas. En ese marco, se sigue con atenci\u00f3n la posici\u00f3n que adoptar\u00e1n potencias militares con intereses en la regi\u00f3n, como China, Rusia, India o la propia Uni\u00f3n Europea, mientras crece el riesgo de la proliferaci\u00f3n nuclear entre pa\u00edses que a\u00fan no desarrollaron armas de ese tipo, como es el caso de Polonia. Las \u00faltimas noticias indican el derribo por parte de la OTAN de un misil iran\u00ed sobre el territorio de Turqu\u00eda. Esto abre la posibilidad de que se active el art\u00edculo 5 del Tratado, dando lugar a una intervenci\u00f3n abierta de la alianza en el conflicto.<\/p>\n\n\n\n<p>Desde el comienzo de las hostilidades, la cotizaci\u00f3n del petr\u00f3leo y la urea registraron incrementos. En el caso del petr\u00f3leo, la suba fue del 12%, presionando al alza al aceite de soja y amenazando con desencadenar un aumento de precios en distintos sectores de la econom\u00eda.<br><\/p>\n\n\n\n<p>En ese sentido, es clave lo que suceda con el flujo comercial en el estrecho de Ormuz, actualmente bloqueado por Ir\u00e1n, por donde circulan unos 20 millones de barriles diarios que abastecen mayormente la demanda asi\u00e1tica de energ\u00eda. El flujo de granos a Oriente Medio tambi\u00e9n podr\u00eda verse afectado de prolongarse en conflicto, al tiempo que las empresas aseguradoras est\u00e1n suspendiendo las coberturas por conflictos b\u00e9licos.<\/p>\n\n\n\n<figure class=\"wp-block-image aligncenter size-full\"><img loading=\"lazy\" decoding=\"async\" width=\"608\" height=\"398\" src=\"https:\/\/infoecos.com.ar\/wp-content\/uploads\/2026\/03\/image.jpg\" alt=\"\" class=\"wp-image-154542\"\/><\/figure>\n\n\n\n<p>Ir\u00e1n estar\u00eda buscando atacar puntos estrat\u00e9gicos que vuelvan extremadamente costosa una prolongaci\u00f3n del conflicto para la econom\u00eda global. Trump, por su parte, se enfrenta en su pa\u00eds a una ca\u00edda en las encuestas, que expresan un rechazo mayoritario a esta guerra, mientras se acercan las elecciones de medio t\u00e9rmino de noviembre, cruciales para el futuro de su gobierno, en un contexto en el que los principales indicadores de la econom\u00eda dom\u00e9stica se mantienen atravesados por la incertidumbre.<\/p>\n\n\n\n<p><strong>Trump y los aranceles<\/strong><\/p>\n\n\n\n<p>En abril de 2025, Trump impuso aranceles \u201crec\u00edprocos\u201d a todos aquellos pa\u00edses con los que EE.UU. manten\u00eda un d\u00e9ficit comercial (\u201cDia de la liberaci\u00f3n\u201d), respaldado mediante la Ley de Poderes Econ\u00f3micos de Emergencia Internacional (IEEPA). El pasado 20 de febrero, el Tribunal Supremo de EE.UU. fall\u00f3 en contra de la medida comercial adoptada por el presidente norteamericano, anulando los aranceles implementados y consider\u00e1ndolos ilegales, ya que considera que el Congreso es la autoridad que debe determinar este tipo de impuestos. Dicha anulaci\u00f3n abarcar\u00eda los aranceles del \u201cD\u00eda de la liberaci\u00f3n\u201d pero no impactar\u00eda sobre los establecidos en acuerdos o productos espec\u00edficos. De prevalecer la decisi\u00f3n de la Corte, el gobierno de Trump deber\u00eda reembolsar m\u00e1s de u$s 130 mil millones en concepto de aranceles.<\/p>\n\n\n\n<p>Luego de la decisi\u00f3n de la Corte, Trump impuso en primer lugar una al\u00edcuota general del 10%, que luego fue elevada al 15%. Para esto, se vali\u00f3 de la Secci\u00f3n 122 de la Ley de Comercio de 1974, creada para situaciones de emergencia con alto d\u00e9ficit comercial o una acelerada depreciaci\u00f3n del d\u00f3lar, que otorga la facultad de imponer un arancel ante situaciones espec\u00edficas y no era usada desde 1973. Si bien en algunos casos, como Canad\u00e1 y Mexico, se mantendr\u00eda la exenci\u00f3n sobre la mayor\u00eda de los productos, debido al acuerdo de Libre Comercio de Am\u00e9rica del Norte (T-MEC), queda abierto el interrogante sobre c\u00f3mo impactar\u00e1n estas resoluciones sobre las relaciones comerciales de EE.UU. con el resto del mundo.<\/p>\n\n\n\n<p><strong>Acuerdo Mercosur \u2013 UE<\/strong><\/p>\n\n\n\n<p>El viernes 27 de febrero tanto Uruguay como Argentina, con solo horas de diferencia, aprobaron el acuerdo Mercosur-UE. A su vez, dicho acuerdo se est\u00e1 discutiendo en el Senado de Brasil, mientras que el Parlamento de Paraguay a\u00fan no lo ha comenzado a tratar. Si bien Argentina fue el primer pa\u00eds del Mercosur en completar los tr\u00e1mites legales, lo que permitir\u00e1 avanzar en su aplicaci\u00f3n provisional, a\u00fan resta definir las cantidades correspondientes a los cupos de exportaci\u00f3n hacia el mercado europeo.<\/p>\n\n\n\n<p>Este avance constituye un paso relevante en el proceso de integraci\u00f3n birregional e impulsa la liberalizaci\u00f3n progresiva del comercio bilateral, a trav\u00e9s de la reducci\u00f3n o eliminaci\u00f3n paulatina de aranceles aplicables a determinadas exportaciones de los pa\u00edses pertenecientes a ambos bloques. La apertura de los diferentes mercados afectar\u00e1 la operatoria internacional y local de diversos sectores productivos, especialmente en el \u00e1mbito agropecuario e industrial. Estos cambios generaron la oposici\u00f3n de Francia, uno de los mayores productores agr\u00edcolas de la Uni\u00f3n Europea, que se opone al acuerdo por el impacto que podr\u00eda tener sobre la actividad de sus agricultores.<\/p>\n\n\n\n<p>Luego de 25 a\u00f1os de negociaciones, el acuerdo atraviesa una etapa de&nbsp;<strong>aplicaci\u00f3n provisional<\/strong>. A\u00fan resta definir el reparto de los cupos de exportaci\u00f3n hacia el mercado europeo entre los pa\u00edses del Mercosur. Esta decisi\u00f3n resulta relevante para los productos agroindustriales estrat\u00e9gicos nacionales en particular la carne vacuna. La magnitud de los potenciales beneficios depender\u00e1 de la cuota que pueda negociar Argentina.<\/p>\n\n\n\n<p>El acuerdo contiene 3 pilares: el&nbsp;<strong>comercial<\/strong>, que se orienta a la conformaci\u00f3n progresiva de una zona de libre comercio, con el prop\u00f3sito de facilitar y profundizar el intercambio de bienes, servicios y el movimiento de capitales entre ambos bloques; el&nbsp;<strong>pol\u00edtico<\/strong>, estableciendo canales de di\u00e1logo para fortalecer relaciones birregionales; y el de&nbsp;<strong>cooperaci\u00f3n<\/strong>, compuesto por una serie de pautas espec\u00edficas sobre cooperaci\u00f3n y comercio.&nbsp;<\/p>\n","protected":false},"excerpt":{"rendered":"<p>Analizamos dos sucesos con impacto global, como la guerra en Medio Oriente y el fallo del Tribunal Supremo de Estados Unidos contra los aranceles impuestos por Trump, y cerramos con un repaso de la situaci\u00f3n actual del acuerdo entre el Mercosur y la Uni\u00f3n Europea, aprobado recientemente por el Congreso de nuestro pa\u00eds. <\/p>\n","protected":false},"author":2,"featured_media":154543,"comment_status":"closed","ping_status":"open","sticky":false,"template":"","format":"standard","meta":{"footnotes":""},"categories":[1],"tags":[10298,97],"class_list":["post-154541","post","type-post","status-publish","format-standard","has-post-thumbnail","hentry","category-sin-categoria","tag-bloque-inferior","tag-economia"],"yoast_head":"<!-- This site is optimized with the Yoast SEO plugin v23.4 - https:\/\/yoast.com\/wordpress\/plugins\/seo\/ -->\n<title>An\u00e1lisis de los efectos del conflicto Estados Unidos - Israel - Ir\u00e1n en nuestra econom\u00eda: \u00c1rea de estudios de la Bolsa de Comercio y Producci\u00f3n Bah\u00eda Blanca - Infoecos<\/title>\n<meta name=\"robots\" content=\"index, follow, max-snippet:-1, max-image-preview:large, max-video-preview:-1\" \/>\n<link rel=\"canonical\" href=\"https:\/\/infoecos.com.ar\/index.php\/analisis-de-los-efectos-del-conflicto-estados-unidos-israel-iran-en-la-economia-del-area-de-estudios-de-la-bolsa-de-comercio-y-produccion-bahia-blanca\/\" \/>\n<meta property=\"og:locale\" content=\"es_ES\" \/>\n<meta property=\"og:type\" content=\"article\" \/>\n<meta property=\"og:title\" content=\"An\u00e1lisis de los efectos del conflicto Estados Unidos - Israel - Ir\u00e1n en nuestra econom\u00eda: \u00c1rea de estudios de la Bolsa de Comercio y Producci\u00f3n Bah\u00eda Blanca - Infoecos\" \/>\n<meta property=\"og:description\" content=\"Analizamos dos sucesos con impacto global, como la guerra en Medio Oriente y el fallo del Tribunal Supremo de Estados Unidos contra los aranceles impuestos por Trump, y cerramos con un repaso de la situaci\u00f3n actual del acuerdo entre el Mercosur y la Uni\u00f3n Europea, aprobado recientemente por el Congreso de nuestro pa\u00eds.\" \/>\n<meta property=\"og:url\" content=\"https:\/\/infoecos.com.ar\/index.php\/analisis-de-los-efectos-del-conflicto-estados-unidos-israel-iran-en-la-economia-del-area-de-estudios-de-la-bolsa-de-comercio-y-produccion-bahia-blanca\/\" \/>\n<meta property=\"og:site_name\" content=\"Infoecos\" \/>\n<meta property=\"article:publisher\" content=\"https:\/\/www.facebook.com\/profile.php?id=100063200290284\" \/>\n<meta property=\"article:published_time\" content=\"2026-03-06T01:20:00+00:00\" \/>\n<meta property=\"article:modified_time\" content=\"2026-03-13T06:54:27+00:00\" \/>\n<meta property=\"og:image\" content=\"https:\/\/infoecos.com.ar\/wp-content\/uploads\/2026\/03\/unnamed-1.jpg\" \/>\n\t<meta property=\"og:image:width\" content=\"1600\" \/>\n\t<meta property=\"og:image:height\" content=\"985\" \/>\n\t<meta property=\"og:image:type\" content=\"image\/jpeg\" \/>\n<meta name=\"author\" content=\"Jorge Matheus\" \/>\n<meta name=\"twitter:card\" content=\"summary_large_image\" \/>\n<meta name=\"twitter:creator\" content=\"@infoecos\" \/>\n<meta name=\"twitter:site\" content=\"@infoecos\" \/>\n<meta name=\"twitter:label1\" content=\"Escrito por\" \/>\n\t<meta name=\"twitter:data1\" content=\"Jorge Matheus\" \/>\n\t<meta name=\"twitter:label2\" content=\"Tiempo de lectura\" \/>\n\t<meta name=\"twitter:data2\" content=\"6 minutos\" \/>\n<script type=\"application\/ld+json\" class=\"yoast-schema-graph\">{\"@context\":\"https:\/\/schema.org\",\"@graph\":[{\"@type\":\"Article\",\"@id\":\"https:\/\/infoecos.com.ar\/index.php\/analisis-de-los-efectos-del-conflicto-estados-unidos-israel-iran-en-la-economia-del-area-de-estudios-de-la-bolsa-de-comercio-y-produccion-bahia-blanca\/#article\",\"isPartOf\":{\"@id\":\"https:\/\/infoecos.com.ar\/index.php\/analisis-de-los-efectos-del-conflicto-estados-unidos-israel-iran-en-la-economia-del-area-de-estudios-de-la-bolsa-de-comercio-y-produccion-bahia-blanca\/\"},\"author\":{\"name\":\"Jorge Matheus\",\"@id\":\"https:\/\/infoecos.com.ar\/#\/schema\/person\/8f5ace5ce73b4b4aac4b7245aee6f191\"},\"headline\":\"An\u00e1lisis de los efectos del conflicto Estados Unidos &#8211; Israel &#8211; Ir\u00e1n en nuestra econom\u00eda: \u00c1rea de estudios de la Bolsa de Comercio y Producci\u00f3n Bah\u00eda Blanca\",\"datePublished\":\"2026-03-06T01:20:00+00:00\",\"dateModified\":\"2026-03-13T06:54:27+00:00\",\"mainEntityOfPage\":{\"@id\":\"https:\/\/infoecos.com.ar\/index.php\/analisis-de-los-efectos-del-conflicto-estados-unidos-israel-iran-en-la-economia-del-area-de-estudios-de-la-bolsa-de-comercio-y-produccion-bahia-blanca\/\"},\"wordCount\":1136,\"publisher\":{\"@id\":\"https:\/\/infoecos.com.ar\/#organization\"},\"image\":{\"@id\":\"https:\/\/infoecos.com.ar\/index.php\/analisis-de-los-efectos-del-conflicto-estados-unidos-israel-iran-en-la-economia-del-area-de-estudios-de-la-bolsa-de-comercio-y-produccion-bahia-blanca\/#primaryimage\"},\"thumbnailUrl\":\"https:\/\/infoecos.com.ar\/wp-content\/uploads\/2026\/03\/unnamed-1.jpg\",\"keywords\":[\"Bloque inferior\",\"ECONOM\u00cdA\"],\"inLanguage\":\"es\"},{\"@type\":\"WebPage\",\"@id\":\"https:\/\/infoecos.com.ar\/index.php\/analisis-de-los-efectos-del-conflicto-estados-unidos-israel-iran-en-la-economia-del-area-de-estudios-de-la-bolsa-de-comercio-y-produccion-bahia-blanca\/\",\"url\":\"https:\/\/infoecos.com.ar\/index.php\/analisis-de-los-efectos-del-conflicto-estados-unidos-israel-iran-en-la-economia-del-area-de-estudios-de-la-bolsa-de-comercio-y-produccion-bahia-blanca\/\",\"name\":\"An\u00e1lisis de los efectos del conflicto Estados Unidos - Israel - Ir\u00e1n en nuestra econom\u00eda: \u00c1rea de estudios de la Bolsa de Comercio y Producci\u00f3n Bah\u00eda Blanca - Infoecos\",\"isPartOf\":{\"@id\":\"https:\/\/infoecos.com.ar\/#website\"},\"primaryImageOfPage\":{\"@id\":\"https:\/\/infoecos.com.ar\/index.php\/analisis-de-los-efectos-del-conflicto-estados-unidos-israel-iran-en-la-economia-del-area-de-estudios-de-la-bolsa-de-comercio-y-produccion-bahia-blanca\/#primaryimage\"},\"image\":{\"@id\":\"https:\/\/infoecos.com.ar\/index.php\/analisis-de-los-efectos-del-conflicto-estados-unidos-israel-iran-en-la-economia-del-area-de-estudios-de-la-bolsa-de-comercio-y-produccion-bahia-blanca\/#primaryimage\"},\"thumbnailUrl\":\"https:\/\/infoecos.com.ar\/wp-content\/uploads\/2026\/03\/unnamed-1.jpg\",\"datePublished\":\"2026-03-06T01:20:00+00:00\",\"dateModified\":\"2026-03-13T06:54:27+00:00\",\"breadcrumb\":{\"@id\":\"https:\/\/infoecos.com.ar\/index.php\/analisis-de-los-efectos-del-conflicto-estados-unidos-israel-iran-en-la-economia-del-area-de-estudios-de-la-bolsa-de-comercio-y-produccion-bahia-blanca\/#breadcrumb\"},\"inLanguage\":\"es\",\"potentialAction\":[{\"@type\":\"ReadAction\",\"target\":[\"https:\/\/infoecos.com.ar\/index.php\/analisis-de-los-efectos-del-conflicto-estados-unidos-israel-iran-en-la-economia-del-area-de-estudios-de-la-bolsa-de-comercio-y-produccion-bahia-blanca\/\"]}]},{\"@type\":\"ImageObject\",\"inLanguage\":\"es\",\"@id\":\"https:\/\/infoecos.com.ar\/index.php\/analisis-de-los-efectos-del-conflicto-estados-unidos-israel-iran-en-la-economia-del-area-de-estudios-de-la-bolsa-de-comercio-y-produccion-bahia-blanca\/#primaryimage\",\"url\":\"https:\/\/infoecos.com.ar\/wp-content\/uploads\/2026\/03\/unnamed-1.jpg\",\"contentUrl\":\"https:\/\/infoecos.com.ar\/wp-content\/uploads\/2026\/03\/unnamed-1.jpg\",\"width\":1600,\"height\":985},{\"@type\":\"BreadcrumbList\",\"@id\":\"https:\/\/infoecos.com.ar\/index.php\/analisis-de-los-efectos-del-conflicto-estados-unidos-israel-iran-en-la-economia-del-area-de-estudios-de-la-bolsa-de-comercio-y-produccion-bahia-blanca\/#breadcrumb\",\"itemListElement\":[{\"@type\":\"ListItem\",\"position\":1,\"name\":\"Portada\",\"item\":\"https:\/\/infoecos.com.ar\/\"},{\"@type\":\"ListItem\",\"position\":2,\"name\":\"An\u00e1lisis de los efectos del conflicto Estados Unidos &#8211; Israel &#8211; Ir\u00e1n en nuestra econom\u00eda: \u00c1rea de estudios de la Bolsa de Comercio y Producci\u00f3n Bah\u00eda Blanca\"}]},{\"@type\":\"WebSite\",\"@id\":\"https:\/\/infoecos.com.ar\/#website\",\"url\":\"https:\/\/infoecos.com.ar\/\",\"name\":\"Infoecos\",\"description\":\"Noticias de trenque lauquen y la zona\",\"publisher\":{\"@id\":\"https:\/\/infoecos.com.ar\/#organization\"},\"alternateName\":\"Noticias\",\"potentialAction\":[{\"@type\":\"SearchAction\",\"target\":{\"@type\":\"EntryPoint\",\"urlTemplate\":\"https:\/\/infoecos.com.ar\/?s={search_term_string}\"},\"query-input\":{\"@type\":\"PropertyValueSpecification\",\"valueRequired\":true,\"valueName\":\"search_term_string\"}}],\"inLanguage\":\"es\"},{\"@type\":\"Organization\",\"@id\":\"https:\/\/infoecos.com.ar\/#organization\",\"name\":\"Infoecos\",\"alternateName\":\"Noticias\",\"url\":\"https:\/\/infoecos.com.ar\/\",\"logo\":{\"@type\":\"ImageObject\",\"inLanguage\":\"es\",\"@id\":\"https:\/\/infoecos.com.ar\/#\/schema\/logo\/image\/\",\"url\":\"https:\/\/infoecos.com.ar\/wp-content\/uploads\/2024\/03\/cropped-logo.png\",\"contentUrl\":\"https:\/\/infoecos.com.ar\/wp-content\/uploads\/2024\/03\/cropped-logo.png\",\"width\":374,\"height\":90,\"caption\":\"Infoecos\"},\"image\":{\"@id\":\"https:\/\/infoecos.com.ar\/#\/schema\/logo\/image\/\"},\"sameAs\":[\"https:\/\/www.facebook.com\/profile.php?id=100063200290284\",\"https:\/\/x.com\/infoecos\"]},{\"@type\":\"Person\",\"@id\":\"https:\/\/infoecos.com.ar\/#\/schema\/person\/8f5ace5ce73b4b4aac4b7245aee6f191\",\"name\":\"Jorge Matheus\",\"url\":\"https:\/\/infoecos.com.ar\/index.php\/author\/jomatheus\/\"}]}<\/script>\n<!-- \/ Yoast SEO plugin. -->","yoast_head_json":{"title":"An\u00e1lisis de los efectos del conflicto Estados Unidos - Israel - Ir\u00e1n en nuestra econom\u00eda: \u00c1rea de estudios de la Bolsa de Comercio y Producci\u00f3n Bah\u00eda Blanca - Infoecos","robots":{"index":"index","follow":"follow","max-snippet":"max-snippet:-1","max-image-preview":"max-image-preview:large","max-video-preview":"max-video-preview:-1"},"canonical":"https:\/\/infoecos.com.ar\/index.php\/analisis-de-los-efectos-del-conflicto-estados-unidos-israel-iran-en-la-economia-del-area-de-estudios-de-la-bolsa-de-comercio-y-produccion-bahia-blanca\/","og_locale":"es_ES","og_type":"article","og_title":"An\u00e1lisis de los efectos del conflicto Estados Unidos - Israel - Ir\u00e1n en nuestra econom\u00eda: \u00c1rea de estudios de la Bolsa de Comercio y Producci\u00f3n Bah\u00eda Blanca - Infoecos","og_description":"Analizamos dos sucesos con impacto global, como la guerra en Medio Oriente y el fallo del Tribunal Supremo de Estados Unidos contra los aranceles impuestos por Trump, y cerramos con un repaso de la situaci\u00f3n actual del acuerdo entre el Mercosur y la Uni\u00f3n Europea, aprobado recientemente por el Congreso de nuestro pa\u00eds.","og_url":"https:\/\/infoecos.com.ar\/index.php\/analisis-de-los-efectos-del-conflicto-estados-unidos-israel-iran-en-la-economia-del-area-de-estudios-de-la-bolsa-de-comercio-y-produccion-bahia-blanca\/","og_site_name":"Infoecos","article_publisher":"https:\/\/www.facebook.com\/profile.php?id=100063200290284","article_published_time":"2026-03-06T01:20:00+00:00","article_modified_time":"2026-03-13T06:54:27+00:00","og_image":[{"width":1600,"height":985,"url":"https:\/\/infoecos.com.ar\/wp-content\/uploads\/2026\/03\/unnamed-1.jpg","type":"image\/jpeg"}],"author":"Jorge Matheus","twitter_card":"summary_large_image","twitter_creator":"@infoecos","twitter_site":"@infoecos","twitter_misc":{"Escrito por":"Jorge Matheus","Tiempo de lectura":"6 minutos"},"schema":{"@context":"https:\/\/schema.org","@graph":[{"@type":"Article","@id":"https:\/\/infoecos.com.ar\/index.php\/analisis-de-los-efectos-del-conflicto-estados-unidos-israel-iran-en-la-economia-del-area-de-estudios-de-la-bolsa-de-comercio-y-produccion-bahia-blanca\/#article","isPartOf":{"@id":"https:\/\/infoecos.com.ar\/index.php\/analisis-de-los-efectos-del-conflicto-estados-unidos-israel-iran-en-la-economia-del-area-de-estudios-de-la-bolsa-de-comercio-y-produccion-bahia-blanca\/"},"author":{"name":"Jorge Matheus","@id":"https:\/\/infoecos.com.ar\/#\/schema\/person\/8f5ace5ce73b4b4aac4b7245aee6f191"},"headline":"An\u00e1lisis de los efectos del conflicto Estados Unidos &#8211; Israel &#8211; Ir\u00e1n en nuestra econom\u00eda: \u00c1rea de estudios de la Bolsa de Comercio y Producci\u00f3n Bah\u00eda Blanca","datePublished":"2026-03-06T01:20:00+00:00","dateModified":"2026-03-13T06:54:27+00:00","mainEntityOfPage":{"@id":"https:\/\/infoecos.com.ar\/index.php\/analisis-de-los-efectos-del-conflicto-estados-unidos-israel-iran-en-la-economia-del-area-de-estudios-de-la-bolsa-de-comercio-y-produccion-bahia-blanca\/"},"wordCount":1136,"publisher":{"@id":"https:\/\/infoecos.com.ar\/#organization"},"image":{"@id":"https:\/\/infoecos.com.ar\/index.php\/analisis-de-los-efectos-del-conflicto-estados-unidos-israel-iran-en-la-economia-del-area-de-estudios-de-la-bolsa-de-comercio-y-produccion-bahia-blanca\/#primaryimage"},"thumbnailUrl":"https:\/\/infoecos.com.ar\/wp-content\/uploads\/2026\/03\/unnamed-1.jpg","keywords":["Bloque inferior","ECONOM\u00cdA"],"inLanguage":"es"},{"@type":"WebPage","@id":"https:\/\/infoecos.com.ar\/index.php\/analisis-de-los-efectos-del-conflicto-estados-unidos-israel-iran-en-la-economia-del-area-de-estudios-de-la-bolsa-de-comercio-y-produccion-bahia-blanca\/","url":"https:\/\/infoecos.com.ar\/index.php\/analisis-de-los-efectos-del-conflicto-estados-unidos-israel-iran-en-la-economia-del-area-de-estudios-de-la-bolsa-de-comercio-y-produccion-bahia-blanca\/","name":"An\u00e1lisis de los efectos del conflicto Estados Unidos - Israel - Ir\u00e1n en nuestra econom\u00eda: \u00c1rea de estudios de la Bolsa de Comercio y Producci\u00f3n Bah\u00eda Blanca - Infoecos","isPartOf":{"@id":"https:\/\/infoecos.com.ar\/#website"},"primaryImageOfPage":{"@id":"https:\/\/infoecos.com.ar\/index.php\/analisis-de-los-efectos-del-conflicto-estados-unidos-israel-iran-en-la-economia-del-area-de-estudios-de-la-bolsa-de-comercio-y-produccion-bahia-blanca\/#primaryimage"},"image":{"@id":"https:\/\/infoecos.com.ar\/index.php\/analisis-de-los-efectos-del-conflicto-estados-unidos-israel-iran-en-la-economia-del-area-de-estudios-de-la-bolsa-de-comercio-y-produccion-bahia-blanca\/#primaryimage"},"thumbnailUrl":"https:\/\/infoecos.com.ar\/wp-content\/uploads\/2026\/03\/unnamed-1.jpg","datePublished":"2026-03-06T01:20:00+00:00","dateModified":"2026-03-13T06:54:27+00:00","breadcrumb":{"@id":"https:\/\/infoecos.com.ar\/index.php\/analisis-de-los-efectos-del-conflicto-estados-unidos-israel-iran-en-la-economia-del-area-de-estudios-de-la-bolsa-de-comercio-y-produccion-bahia-blanca\/#breadcrumb"},"inLanguage":"es","potentialAction":[{"@type":"ReadAction","target":["https:\/\/infoecos.com.ar\/index.php\/analisis-de-los-efectos-del-conflicto-estados-unidos-israel-iran-en-la-economia-del-area-de-estudios-de-la-bolsa-de-comercio-y-produccion-bahia-blanca\/"]}]},{"@type":"ImageObject","inLanguage":"es","@id":"https:\/\/infoecos.com.ar\/index.php\/analisis-de-los-efectos-del-conflicto-estados-unidos-israel-iran-en-la-economia-del-area-de-estudios-de-la-bolsa-de-comercio-y-produccion-bahia-blanca\/#primaryimage","url":"https:\/\/infoecos.com.ar\/wp-content\/uploads\/2026\/03\/unnamed-1.jpg","contentUrl":"https:\/\/infoecos.com.ar\/wp-content\/uploads\/2026\/03\/unnamed-1.jpg","width":1600,"height":985},{"@type":"BreadcrumbList","@id":"https:\/\/infoecos.com.ar\/index.php\/analisis-de-los-efectos-del-conflicto-estados-unidos-israel-iran-en-la-economia-del-area-de-estudios-de-la-bolsa-de-comercio-y-produccion-bahia-blanca\/#breadcrumb","itemListElement":[{"@type":"ListItem","position":1,"name":"Portada","item":"https:\/\/infoecos.com.ar\/"},{"@type":"ListItem","position":2,"name":"An\u00e1lisis de los efectos del conflicto Estados Unidos &#8211; Israel &#8211; Ir\u00e1n en nuestra econom\u00eda: \u00c1rea de estudios de la Bolsa de Comercio y Producci\u00f3n Bah\u00eda Blanca"}]},{"@type":"WebSite","@id":"https:\/\/infoecos.com.ar\/#website","url":"https:\/\/infoecos.com.ar\/","name":"Infoecos","description":"Noticias de trenque lauquen y la zona","publisher":{"@id":"https:\/\/infoecos.com.ar\/#organization"},"alternateName":"Noticias","potentialAction":[{"@type":"SearchAction","target":{"@type":"EntryPoint","urlTemplate":"https:\/\/infoecos.com.ar\/?s={search_term_string}"},"query-input":{"@type":"PropertyValueSpecification","valueRequired":true,"valueName":"search_term_string"}}],"inLanguage":"es"},{"@type":"Organization","@id":"https:\/\/infoecos.com.ar\/#organization","name":"Infoecos","alternateName":"Noticias","url":"https:\/\/infoecos.com.ar\/","logo":{"@type":"ImageObject","inLanguage":"es","@id":"https:\/\/infoecos.com.ar\/#\/schema\/logo\/image\/","url":"https:\/\/infoecos.com.ar\/wp-content\/uploads\/2024\/03\/cropped-logo.png","contentUrl":"https:\/\/infoecos.com.ar\/wp-content\/uploads\/2024\/03\/cropped-logo.png","width":374,"height":90,"caption":"Infoecos"},"image":{"@id":"https:\/\/infoecos.com.ar\/#\/schema\/logo\/image\/"},"sameAs":["https:\/\/www.facebook.com\/profile.php?id=100063200290284","https:\/\/x.com\/infoecos"]},{"@type":"Person","@id":"https:\/\/infoecos.com.ar\/#\/schema\/person\/8f5ace5ce73b4b4aac4b7245aee6f191","name":"Jorge Matheus","url":"https:\/\/infoecos.com.ar\/index.php\/author\/jomatheus\/"}]}},"featured_image_urls":{"full":["https:\/\/infoecos.com.ar\/wp-content\/uploads\/2026\/03\/unnamed-1.jpg",1600,985,false],"thumbnail":["https:\/\/infoecos.com.ar\/wp-content\/uploads\/2026\/03\/unnamed-1-300x150.jpg",300,150,true],"medium":["https:\/\/infoecos.com.ar\/wp-content\/uploads\/2026\/03\/unnamed-1-800x493.jpg",800,493,true],"medium_large":["https:\/\/infoecos.com.ar\/wp-content\/uploads\/2026\/03\/unnamed-1-768x473.jpg",640,394,true],"large":["https:\/\/infoecos.com.ar\/wp-content\/uploads\/2026\/03\/unnamed-1.jpg",640,394,false],"1536x1536":["https:\/\/infoecos.com.ar\/wp-content\/uploads\/2026\/03\/unnamed-1-1536x946.jpg",1536,946,true],"2048x2048":["https:\/\/infoecos.com.ar\/wp-content\/uploads\/2026\/03\/unnamed-1.jpg",1600,985,false],"covernews-slider-full":["https:\/\/infoecos.com.ar\/wp-content\/uploads\/2026\/03\/unnamed-1-1115x715.jpg",1115,715,true],"covernews-slider-center":["https:\/\/infoecos.com.ar\/wp-content\/uploads\/2026\/03\/unnamed-1-800x500.jpg",800,500,true],"covernews-featured":["https:\/\/infoecos.com.ar\/wp-content\/uploads\/2026\/03\/unnamed-1-1024x630.jpg",1024,630,true],"covernews-medium":["https:\/\/infoecos.com.ar\/wp-content\/uploads\/2026\/03\/unnamed-1-540x340.jpg",540,340,true],"covernews-medium-square":["https:\/\/infoecos.com.ar\/wp-content\/uploads\/2026\/03\/unnamed-1-400x250.jpg",400,250,true]},"author_info":{"info":["Jorge Matheus"]},"category_info":"<a href=\"https:\/\/infoecos.com.ar\/index.php\/category\/sin-categoria\/\" rel=\"category tag\">Sin categor\u00eda<\/a>","tag_info":"Sin categor\u00eda","comment_count":"0","_links":{"self":[{"href":"https:\/\/infoecos.com.ar\/index.php\/wp-json\/wp\/v2\/posts\/154541"}],"collection":[{"href":"https:\/\/infoecos.com.ar\/index.php\/wp-json\/wp\/v2\/posts"}],"about":[{"href":"https:\/\/infoecos.com.ar\/index.php\/wp-json\/wp\/v2\/types\/post"}],"author":[{"embeddable":true,"href":"https:\/\/infoecos.com.ar\/index.php\/wp-json\/wp\/v2\/users\/2"}],"replies":[{"embeddable":true,"href":"https:\/\/infoecos.com.ar\/index.php\/wp-json\/wp\/v2\/comments?post=154541"}],"version-history":[{"count":3,"href":"https:\/\/infoecos.com.ar\/index.php\/wp-json\/wp\/v2\/posts\/154541\/revisions"}],"predecessor-version":[{"id":154596,"href":"https:\/\/infoecos.com.ar\/index.php\/wp-json\/wp\/v2\/posts\/154541\/revisions\/154596"}],"wp:featuredmedia":[{"embeddable":true,"href":"https:\/\/infoecos.com.ar\/index.php\/wp-json\/wp\/v2\/media\/154543"}],"wp:attachment":[{"href":"https:\/\/infoecos.com.ar\/index.php\/wp-json\/wp\/v2\/media?parent=154541"}],"wp:term":[{"taxonomy":"category","embeddable":true,"href":"https:\/\/infoecos.com.ar\/index.php\/wp-json\/wp\/v2\/categories?post=154541"},{"taxonomy":"post_tag","embeddable":true,"href":"https:\/\/infoecos.com.ar\/index.php\/wp-json\/wp\/v2\/tags?post=154541"}],"curies":[{"name":"wp","href":"https:\/\/api.w.org\/{rel}","templated":true}]}}