{"id":154547,"date":"2026-03-05T22:45:31","date_gmt":"2026-03-06T01:45:31","guid":{"rendered":"https:\/\/infoecos.com.ar\/?p=154547"},"modified":"2026-03-06T02:23:00","modified_gmt":"2026-03-06T05:23:00","slug":"la-delegacion-de-trenquelauquenses-y-pampeanos-que-sufrieron-las-consecuencias-del-conflicto-estados-unidos-israel-iran-esta-regresando","status":"publish","type":"post","link":"https:\/\/infoecos.com.ar\/index.php\/la-delegacion-de-trenquelauquenses-y-pampeanos-que-sufrieron-las-consecuencias-del-conflicto-estados-unidos-israel-iran-esta-regresando\/","title":{"rendered":"La delegaci\u00f3n de trenquelauquenses y pampeanos que sufrieron las consecuencias del conflicto Estados Unidos &#8211; Israel &#8211; Ir\u00e1n, est\u00e1 regresando"},"content":{"rendered":"\n<p>Est\u00e1 viajando de regreso a la Argentina el grupo de trenquelauquenses y pampeanos que viaj\u00f3 a Dubai. As\u00ed lo inform\u00f3 a trav\u00e9s de un comunicado publicado en las redes y que reproducimos, la empresa de turismo Piana del Sole que organiz\u00f3 la visita a esa ciudad que sufre las consecuencias del conflicto Estados Unidos &#8211; Israel &#8211; Ir\u00e1n.<\/p>\n\n\n\n<figure class=\"wp-block-image aligncenter size-full is-resized\"><img loading=\"lazy\" decoding=\"async\" width=\"612\" height=\"408\" src=\"https:\/\/infoecos.com.ar\/wp-content\/uploads\/2026\/03\/image-40.png\" alt=\"\" class=\"wp-image-154549\" style=\"width:392px;height:auto\"\/><\/figure>\n\n\n\n<p>Se\u00f1ala entre otras cosas, aunque puede leerse, que el contingente emprendi\u00f3 el regreso luego de distintas gestiones hacia San Pablo, Rep\u00fablica Federativa del Brasil. Desde esa populosa ciudad del vecino pa\u00eds emprender\u00edan viaje a Buenos Aires.<\/p>\n\n\n\n<figure class=\"wp-block-image aligncenter size-full\"><img loading=\"lazy\" decoding=\"async\" width=\"526\" height=\"891\" src=\"https:\/\/infoecos.com.ar\/wp-content\/uploads\/2026\/03\/image-39.png\" alt=\"\" class=\"wp-image-154548\" srcset=\"https:\/\/infoecos.com.ar\/wp-content\/uploads\/2026\/03\/image-39.png 526w, https:\/\/infoecos.com.ar\/wp-content\/uploads\/2026\/03\/image-39-472x800.png 472w\" sizes=\"(max-width: 526px) 100vw, 526px\" \/><\/figure>\n","protected":false},"excerpt":{"rendered":"<p>As\u00ed lo inform\u00f3 a trav\u00e9s de un comunicado publicado en las redes y que reproducimos, la empresa de turismo Piana del Sole<\/p>\n","protected":false},"author":2,"featured_media":154549,"comment_status":"closed","ping_status":"open","sticky":false,"template":"","format":"standard","meta":{"footnotes":""},"categories":[1612],"tags":[1750],"class_list":["post-154547","post","type-post","status-publish","format-standard","has-post-thumbnail","hentry","category-noticia-principal","tag-deporte"],"yoast_head":"<!-- This site is optimized with the Yoast SEO plugin v23.4 - https:\/\/yoast.com\/wordpress\/plugins\/seo\/ -->\n<title>La delegaci\u00f3n de trenquelauquenses y pampeanos que sufrieron las consecuencias del conflicto Estados Unidos - Israel - Ir\u00e1n, est\u00e1 regresando - Infoecos<\/title>\n<meta name=\"robots\" content=\"index, follow, max-snippet:-1, max-image-preview:large, max-video-preview:-1\" \/>\n<link rel=\"canonical\" href=\"https:\/\/infoecos.com.ar\/index.php\/la-delegacion-de-trenquelauquenses-y-pampeanos-que-sufrieron-las-consecuencias-del-conflicto-estados-unidos-israel-iran-esta-regresando\/\" \/>\n<meta property=\"og:locale\" content=\"es_ES\" \/>\n<meta property=\"og:type\" content=\"article\" \/>\n<meta property=\"og:title\" content=\"La delegaci\u00f3n de trenquelauquenses y pampeanos que sufrieron las consecuencias del conflicto Estados Unidos - Israel - Ir\u00e1n, est\u00e1 regresando - Infoecos\" \/>\n<meta property=\"og:description\" content=\"As\u00ed lo inform\u00f3 a trav\u00e9s de un comunicado publicado en las redes y que reproducimos, la empresa de turismo Piana del Sole\" \/>\n<meta property=\"og:url\" content=\"https:\/\/infoecos.com.ar\/index.php\/la-delegacion-de-trenquelauquenses-y-pampeanos-que-sufrieron-las-consecuencias-del-conflicto-estados-unidos-israel-iran-esta-regresando\/\" \/>\n<meta property=\"og:site_name\" content=\"Infoecos\" \/>\n<meta property=\"article:publisher\" content=\"https:\/\/www.facebook.com\/profile.php?id=100063200290284\" \/>\n<meta property=\"article:published_time\" content=\"2026-03-06T01:45:31+00:00\" \/>\n<meta property=\"article:modified_time\" content=\"2026-03-06T05:23:00+00:00\" \/>\n<meta property=\"og:image\" content=\"https:\/\/infoecos.com.ar\/wp-content\/uploads\/2026\/03\/image-40.png\" \/>\n\t<meta property=\"og:image:width\" content=\"612\" \/>\n\t<meta property=\"og:image:height\" content=\"408\" \/>\n\t<meta property=\"og:image:type\" content=\"image\/png\" \/>\n<meta name=\"author\" content=\"Jorge Matheus\" \/>\n<meta name=\"twitter:card\" content=\"summary_large_image\" \/>\n<meta name=\"twitter:creator\" content=\"@infoecos\" \/>\n<meta name=\"twitter:site\" content=\"@infoecos\" \/>\n<meta name=\"twitter:label1\" content=\"Escrito por\" \/>\n\t<meta name=\"twitter:data1\" content=\"Jorge Matheus\" \/>\n\t<meta name=\"twitter:label2\" content=\"Tiempo de lectura\" \/>\n\t<meta name=\"twitter:data2\" content=\"2 minutos\" \/>\n<script type=\"application\/ld+json\" class=\"yoast-schema-graph\">{\"@context\":\"https:\/\/schema.org\",\"@graph\":[{\"@type\":\"Article\",\"@id\":\"https:\/\/infoecos.com.ar\/index.php\/la-delegacion-de-trenquelauquenses-y-pampeanos-que-sufrieron-las-consecuencias-del-conflicto-estados-unidos-israel-iran-esta-regresando\/#article\",\"isPartOf\":{\"@id\":\"https:\/\/infoecos.com.ar\/index.php\/la-delegacion-de-trenquelauquenses-y-pampeanos-que-sufrieron-las-consecuencias-del-conflicto-estados-unidos-israel-iran-esta-regresando\/\"},\"author\":{\"name\":\"Jorge Matheus\",\"@id\":\"https:\/\/infoecos.com.ar\/#\/schema\/person\/8f5ace5ce73b4b4aac4b7245aee6f191\"},\"headline\":\"La delegaci\u00f3n de trenquelauquenses y pampeanos que sufrieron las consecuencias del conflicto Estados Unidos &#8211; Israel &#8211; Ir\u00e1n, est\u00e1 regresando\",\"datePublished\":\"2026-03-06T01:45:31+00:00\",\"dateModified\":\"2026-03-06T05:23:00+00:00\",\"mainEntityOfPage\":{\"@id\":\"https:\/\/infoecos.com.ar\/index.php\/la-delegacion-de-trenquelauquenses-y-pampeanos-que-sufrieron-las-consecuencias-del-conflicto-estados-unidos-israel-iran-esta-regresando\/\"},\"wordCount\":122,\"publisher\":{\"@id\":\"https:\/\/infoecos.com.ar\/#organization\"},\"image\":{\"@id\":\"https:\/\/infoecos.com.ar\/index.php\/la-delegacion-de-trenquelauquenses-y-pampeanos-que-sufrieron-las-consecuencias-del-conflicto-estados-unidos-israel-iran-esta-regresando\/#primaryimage\"},\"thumbnailUrl\":\"https:\/\/infoecos.com.ar\/wp-content\/uploads\/2026\/03\/image-40.png\",\"keywords\":[\"DEPORTE\"],\"articleSection\":[\"Noticia Principal\"],\"inLanguage\":\"es\"},{\"@type\":\"WebPage\",\"@id\":\"https:\/\/infoecos.com.ar\/index.php\/la-delegacion-de-trenquelauquenses-y-pampeanos-que-sufrieron-las-consecuencias-del-conflicto-estados-unidos-israel-iran-esta-regresando\/\",\"url\":\"https:\/\/infoecos.com.ar\/index.php\/la-delegacion-de-trenquelauquenses-y-pampeanos-que-sufrieron-las-consecuencias-del-conflicto-estados-unidos-israel-iran-esta-regresando\/\",\"name\":\"La delegaci\u00f3n de trenquelauquenses y pampeanos que sufrieron las consecuencias del conflicto Estados Unidos - Israel - Ir\u00e1n, est\u00e1 regresando - Infoecos\",\"isPartOf\":{\"@id\":\"https:\/\/infoecos.com.ar\/#website\"},\"primaryImageOfPage\":{\"@id\":\"https:\/\/infoecos.com.ar\/index.php\/la-delegacion-de-trenquelauquenses-y-pampeanos-que-sufrieron-las-consecuencias-del-conflicto-estados-unidos-israel-iran-esta-regresando\/#primaryimage\"},\"image\":{\"@id\":\"https:\/\/infoecos.com.ar\/index.php\/la-delegacion-de-trenquelauquenses-y-pampeanos-que-sufrieron-las-consecuencias-del-conflicto-estados-unidos-israel-iran-esta-regresando\/#primaryimage\"},\"thumbnailUrl\":\"https:\/\/infoecos.com.ar\/wp-content\/uploads\/2026\/03\/image-40.png\",\"datePublished\":\"2026-03-06T01:45:31+00:00\",\"dateModified\":\"2026-03-06T05:23:00+00:00\",\"breadcrumb\":{\"@id\":\"https:\/\/infoecos.com.ar\/index.php\/la-delegacion-de-trenquelauquenses-y-pampeanos-que-sufrieron-las-consecuencias-del-conflicto-estados-unidos-israel-iran-esta-regresando\/#breadcrumb\"},\"inLanguage\":\"es\",\"potentialAction\":[{\"@type\":\"ReadAction\",\"target\":[\"https:\/\/infoecos.com.ar\/index.php\/la-delegacion-de-trenquelauquenses-y-pampeanos-que-sufrieron-las-consecuencias-del-conflicto-estados-unidos-israel-iran-esta-regresando\/\"]}]},{\"@type\":\"ImageObject\",\"inLanguage\":\"es\",\"@id\":\"https:\/\/infoecos.com.ar\/index.php\/la-delegacion-de-trenquelauquenses-y-pampeanos-que-sufrieron-las-consecuencias-del-conflicto-estados-unidos-israel-iran-esta-regresando\/#primaryimage\",\"url\":\"https:\/\/infoecos.com.ar\/wp-content\/uploads\/2026\/03\/image-40.png\",\"contentUrl\":\"https:\/\/infoecos.com.ar\/wp-content\/uploads\/2026\/03\/image-40.png\",\"width\":612,\"height\":408},{\"@type\":\"BreadcrumbList\",\"@id\":\"https:\/\/infoecos.com.ar\/index.php\/la-delegacion-de-trenquelauquenses-y-pampeanos-que-sufrieron-las-consecuencias-del-conflicto-estados-unidos-israel-iran-esta-regresando\/#breadcrumb\",\"itemListElement\":[{\"@type\":\"ListItem\",\"position\":1,\"name\":\"Portada\",\"item\":\"https:\/\/infoecos.com.ar\/\"},{\"@type\":\"ListItem\",\"position\":2,\"name\":\"La delegaci\u00f3n de trenquelauquenses y pampeanos que sufrieron las consecuencias del conflicto Estados Unidos &#8211; Israel &#8211; Ir\u00e1n, est\u00e1 regresando\"}]},{\"@type\":\"WebSite\",\"@id\":\"https:\/\/infoecos.com.ar\/#website\",\"url\":\"https:\/\/infoecos.com.ar\/\",\"name\":\"Infoecos\",\"description\":\"Noticias de trenque lauquen y la zona\",\"publisher\":{\"@id\":\"https:\/\/infoecos.com.ar\/#organization\"},\"alternateName\":\"Noticias\",\"potentialAction\":[{\"@type\":\"SearchAction\",\"target\":{\"@type\":\"EntryPoint\",\"urlTemplate\":\"https:\/\/infoecos.com.ar\/?s={search_term_string}\"},\"query-input\":{\"@type\":\"PropertyValueSpecification\",\"valueRequired\":true,\"valueName\":\"search_term_string\"}}],\"inLanguage\":\"es\"},{\"@type\":\"Organization\",\"@id\":\"https:\/\/infoecos.com.ar\/#organization\",\"name\":\"Infoecos\",\"alternateName\":\"Noticias\",\"url\":\"https:\/\/infoecos.com.ar\/\",\"logo\":{\"@type\":\"ImageObject\",\"inLanguage\":\"es\",\"@id\":\"https:\/\/infoecos.com.ar\/#\/schema\/logo\/image\/\",\"url\":\"https:\/\/infoecos.com.ar\/wp-content\/uploads\/2024\/03\/cropped-logo.png\",\"contentUrl\":\"https:\/\/infoecos.com.ar\/wp-content\/uploads\/2024\/03\/cropped-logo.png\",\"width\":374,\"height\":90,\"caption\":\"Infoecos\"},\"image\":{\"@id\":\"https:\/\/infoecos.com.ar\/#\/schema\/logo\/image\/\"},\"sameAs\":[\"https:\/\/www.facebook.com\/profile.php?id=100063200290284\",\"https:\/\/x.com\/infoecos\"]},{\"@type\":\"Person\",\"@id\":\"https:\/\/infoecos.com.ar\/#\/schema\/person\/8f5ace5ce73b4b4aac4b7245aee6f191\",\"name\":\"Jorge Matheus\",\"url\":\"https:\/\/infoecos.com.ar\/index.php\/author\/jomatheus\/\"}]}<\/script>\n<!-- \/ Yoast SEO plugin. -->","yoast_head_json":{"title":"La delegaci\u00f3n de trenquelauquenses y pampeanos que sufrieron las consecuencias del conflicto Estados Unidos - Israel - Ir\u00e1n, est\u00e1 regresando - Infoecos","robots":{"index":"index","follow":"follow","max-snippet":"max-snippet:-1","max-image-preview":"max-image-preview:large","max-video-preview":"max-video-preview:-1"},"canonical":"https:\/\/infoecos.com.ar\/index.php\/la-delegacion-de-trenquelauquenses-y-pampeanos-que-sufrieron-las-consecuencias-del-conflicto-estados-unidos-israel-iran-esta-regresando\/","og_locale":"es_ES","og_type":"article","og_title":"La delegaci\u00f3n de trenquelauquenses y pampeanos que sufrieron las consecuencias del conflicto Estados Unidos - Israel - Ir\u00e1n, est\u00e1 regresando - Infoecos","og_description":"As\u00ed lo inform\u00f3 a trav\u00e9s de un comunicado publicado en las redes y que reproducimos, la empresa de turismo Piana del Sole","og_url":"https:\/\/infoecos.com.ar\/index.php\/la-delegacion-de-trenquelauquenses-y-pampeanos-que-sufrieron-las-consecuencias-del-conflicto-estados-unidos-israel-iran-esta-regresando\/","og_site_name":"Infoecos","article_publisher":"https:\/\/www.facebook.com\/profile.php?id=100063200290284","article_published_time":"2026-03-06T01:45:31+00:00","article_modified_time":"2026-03-06T05:23:00+00:00","og_image":[{"width":612,"height":408,"url":"https:\/\/infoecos.com.ar\/wp-content\/uploads\/2026\/03\/image-40.png","type":"image\/png"}],"author":"Jorge Matheus","twitter_card":"summary_large_image","twitter_creator":"@infoecos","twitter_site":"@infoecos","twitter_misc":{"Escrito por":"Jorge Matheus","Tiempo de lectura":"2 minutos"},"schema":{"@context":"https:\/\/schema.org","@graph":[{"@type":"Article","@id":"https:\/\/infoecos.com.ar\/index.php\/la-delegacion-de-trenquelauquenses-y-pampeanos-que-sufrieron-las-consecuencias-del-conflicto-estados-unidos-israel-iran-esta-regresando\/#article","isPartOf":{"@id":"https:\/\/infoecos.com.ar\/index.php\/la-delegacion-de-trenquelauquenses-y-pampeanos-que-sufrieron-las-consecuencias-del-conflicto-estados-unidos-israel-iran-esta-regresando\/"},"author":{"name":"Jorge Matheus","@id":"https:\/\/infoecos.com.ar\/#\/schema\/person\/8f5ace5ce73b4b4aac4b7245aee6f191"},"headline":"La delegaci\u00f3n de trenquelauquenses y pampeanos que sufrieron las consecuencias del conflicto Estados Unidos &#8211; Israel &#8211; Ir\u00e1n, est\u00e1 regresando","datePublished":"2026-03-06T01:45:31+00:00","dateModified":"2026-03-06T05:23:00+00:00","mainEntityOfPage":{"@id":"https:\/\/infoecos.com.ar\/index.php\/la-delegacion-de-trenquelauquenses-y-pampeanos-que-sufrieron-las-consecuencias-del-conflicto-estados-unidos-israel-iran-esta-regresando\/"},"wordCount":122,"publisher":{"@id":"https:\/\/infoecos.com.ar\/#organization"},"image":{"@id":"https:\/\/infoecos.com.ar\/index.php\/la-delegacion-de-trenquelauquenses-y-pampeanos-que-sufrieron-las-consecuencias-del-conflicto-estados-unidos-israel-iran-esta-regresando\/#primaryimage"},"thumbnailUrl":"https:\/\/infoecos.com.ar\/wp-content\/uploads\/2026\/03\/image-40.png","keywords":["DEPORTE"],"articleSection":["Noticia Principal"],"inLanguage":"es"},{"@type":"WebPage","@id":"https:\/\/infoecos.com.ar\/index.php\/la-delegacion-de-trenquelauquenses-y-pampeanos-que-sufrieron-las-consecuencias-del-conflicto-estados-unidos-israel-iran-esta-regresando\/","url":"https:\/\/infoecos.com.ar\/index.php\/la-delegacion-de-trenquelauquenses-y-pampeanos-que-sufrieron-las-consecuencias-del-conflicto-estados-unidos-israel-iran-esta-regresando\/","name":"La delegaci\u00f3n de trenquelauquenses y pampeanos que sufrieron las consecuencias del conflicto Estados Unidos - Israel - Ir\u00e1n, est\u00e1 regresando - Infoecos","isPartOf":{"@id":"https:\/\/infoecos.com.ar\/#website"},"primaryImageOfPage":{"@id":"https:\/\/infoecos.com.ar\/index.php\/la-delegacion-de-trenquelauquenses-y-pampeanos-que-sufrieron-las-consecuencias-del-conflicto-estados-unidos-israel-iran-esta-regresando\/#primaryimage"},"image":{"@id":"https:\/\/infoecos.com.ar\/index.php\/la-delegacion-de-trenquelauquenses-y-pampeanos-que-sufrieron-las-consecuencias-del-conflicto-estados-unidos-israel-iran-esta-regresando\/#primaryimage"},"thumbnailUrl":"https:\/\/infoecos.com.ar\/wp-content\/uploads\/2026\/03\/image-40.png","datePublished":"2026-03-06T01:45:31+00:00","dateModified":"2026-03-06T05:23:00+00:00","breadcrumb":{"@id":"https:\/\/infoecos.com.ar\/index.php\/la-delegacion-de-trenquelauquenses-y-pampeanos-que-sufrieron-las-consecuencias-del-conflicto-estados-unidos-israel-iran-esta-regresando\/#breadcrumb"},"inLanguage":"es","potentialAction":[{"@type":"ReadAction","target":["https:\/\/infoecos.com.ar\/index.php\/la-delegacion-de-trenquelauquenses-y-pampeanos-que-sufrieron-las-consecuencias-del-conflicto-estados-unidos-israel-iran-esta-regresando\/"]}]},{"@type":"ImageObject","inLanguage":"es","@id":"https:\/\/infoecos.com.ar\/index.php\/la-delegacion-de-trenquelauquenses-y-pampeanos-que-sufrieron-las-consecuencias-del-conflicto-estados-unidos-israel-iran-esta-regresando\/#primaryimage","url":"https:\/\/infoecos.com.ar\/wp-content\/uploads\/2026\/03\/image-40.png","contentUrl":"https:\/\/infoecos.com.ar\/wp-content\/uploads\/2026\/03\/image-40.png","width":612,"height":408},{"@type":"BreadcrumbList","@id":"https:\/\/infoecos.com.ar\/index.php\/la-delegacion-de-trenquelauquenses-y-pampeanos-que-sufrieron-las-consecuencias-del-conflicto-estados-unidos-israel-iran-esta-regresando\/#breadcrumb","itemListElement":[{"@type":"ListItem","position":1,"name":"Portada","item":"https:\/\/infoecos.com.ar\/"},{"@type":"ListItem","position":2,"name":"La delegaci\u00f3n de trenquelauquenses y pampeanos que sufrieron las consecuencias del conflicto Estados Unidos &#8211; Israel &#8211; Ir\u00e1n, est\u00e1 regresando"}]},{"@type":"WebSite","@id":"https:\/\/infoecos.com.ar\/#website","url":"https:\/\/infoecos.com.ar\/","name":"Infoecos","description":"Noticias de trenque lauquen y la zona","publisher":{"@id":"https:\/\/infoecos.com.ar\/#organization"},"alternateName":"Noticias","potentialAction":[{"@type":"SearchAction","target":{"@type":"EntryPoint","urlTemplate":"https:\/\/infoecos.com.ar\/?s={search_term_string}"},"query-input":{"@type":"PropertyValueSpecification","valueRequired":true,"valueName":"search_term_string"}}],"inLanguage":"es"},{"@type":"Organization","@id":"https:\/\/infoecos.com.ar\/#organization","name":"Infoecos","alternateName":"Noticias","url":"https:\/\/infoecos.com.ar\/","logo":{"@type":"ImageObject","inLanguage":"es","@id":"https:\/\/infoecos.com.ar\/#\/schema\/logo\/image\/","url":"https:\/\/infoecos.com.ar\/wp-content\/uploads\/2024\/03\/cropped-logo.png","contentUrl":"https:\/\/infoecos.com.ar\/wp-content\/uploads\/2024\/03\/cropped-logo.png","width":374,"height":90,"caption":"Infoecos"},"image":{"@id":"https:\/\/infoecos.com.ar\/#\/schema\/logo\/image\/"},"sameAs":["https:\/\/www.facebook.com\/profile.php?id=100063200290284","https:\/\/x.com\/infoecos"]},{"@type":"Person","@id":"https:\/\/infoecos.com.ar\/#\/schema\/person\/8f5ace5ce73b4b4aac4b7245aee6f191","name":"Jorge Matheus","url":"https:\/\/infoecos.com.ar\/index.php\/author\/jomatheus\/"}]}},"featured_image_urls":{"full":["https:\/\/infoecos.com.ar\/wp-content\/uploads\/2026\/03\/image-40.png",612,408,false],"thumbnail":["https:\/\/infoecos.com.ar\/wp-content\/uploads\/2026\/03\/image-40-300x150.png",300,150,true],"medium":["https:\/\/infoecos.com.ar\/wp-content\/uploads\/2026\/03\/image-40.png",612,408,false],"medium_large":["https:\/\/infoecos.com.ar\/wp-content\/uploads\/2026\/03\/image-40.png",612,408,false],"large":["https:\/\/infoecos.com.ar\/wp-content\/uploads\/2026\/03\/image-40.png",612,408,false],"1536x1536":["https:\/\/infoecos.com.ar\/wp-content\/uploads\/2026\/03\/image-40.png",612,408,false],"2048x2048":["https:\/\/infoecos.com.ar\/wp-content\/uploads\/2026\/03\/image-40.png",612,408,false],"covernews-slider-full":["https:\/\/infoecos.com.ar\/wp-content\/uploads\/2026\/03\/image-40.png",612,408,false],"covernews-slider-center":["https:\/\/infoecos.com.ar\/wp-content\/uploads\/2026\/03\/image-40.png",612,408,false],"covernews-featured":["https:\/\/infoecos.com.ar\/wp-content\/uploads\/2026\/03\/image-40.png",612,408,false],"covernews-medium":["https:\/\/infoecos.com.ar\/wp-content\/uploads\/2026\/03\/image-40-540x340.png",540,340,true],"covernews-medium-square":["https:\/\/infoecos.com.ar\/wp-content\/uploads\/2026\/03\/image-40-400x250.png",400,250,true]},"author_info":{"info":["Jorge Matheus"]},"category_info":"<a href=\"https:\/\/infoecos.com.ar\/index.php\/category\/noticia-principal\/\" rel=\"category tag\">Noticia Principal<\/a>","tag_info":"Noticia Principal","comment_count":"0","_links":{"self":[{"href":"https:\/\/infoecos.com.ar\/index.php\/wp-json\/wp\/v2\/posts\/154547"}],"collection":[{"href":"https:\/\/infoecos.com.ar\/index.php\/wp-json\/wp\/v2\/posts"}],"about":[{"href":"https:\/\/infoecos.com.ar\/index.php\/wp-json\/wp\/v2\/types\/post"}],"author":[{"embeddable":true,"href":"https:\/\/infoecos.com.ar\/index.php\/wp-json\/wp\/v2\/users\/2"}],"replies":[{"embeddable":true,"href":"https:\/\/infoecos.com.ar\/index.php\/wp-json\/wp\/v2\/comments?post=154547"}],"version-history":[{"count":2,"href":"https:\/\/infoecos.com.ar\/index.php\/wp-json\/wp\/v2\/posts\/154547\/revisions"}],"predecessor-version":[{"id":154600,"href":"https:\/\/infoecos.com.ar\/index.php\/wp-json\/wp\/v2\/posts\/154547\/revisions\/154600"}],"wp:featuredmedia":[{"embeddable":true,"href":"https:\/\/infoecos.com.ar\/index.php\/wp-json\/wp\/v2\/media\/154549"}],"wp:attachment":[{"href":"https:\/\/infoecos.com.ar\/index.php\/wp-json\/wp\/v2\/media?parent=154547"}],"wp:term":[{"taxonomy":"category","embeddable":true,"href":"https:\/\/infoecos.com.ar\/index.php\/wp-json\/wp\/v2\/categories?post=154547"},{"taxonomy":"post_tag","embeddable":true,"href":"https:\/\/infoecos.com.ar\/index.php\/wp-json\/wp\/v2\/tags?post=154547"}],"curies":[{"name":"wp","href":"https:\/\/api.w.org\/{rel}","templated":true}]}}