{"id":154551,"date":"2026-03-05T22:57:51","date_gmt":"2026-03-06T01:57:51","guid":{"rendered":"https:\/\/infoecos.com.ar\/?p=154551"},"modified":"2026-03-06T23:34:42","modified_gmt":"2026-03-07T02:34:42","slug":"otro-accidente-en-la-ruta-nacional-33-en-jurisdiccion-del-distrito-de-general-villegas","status":"publish","type":"post","link":"https:\/\/infoecos.com.ar\/index.php\/otro-accidente-en-la-ruta-nacional-33-en-jurisdiccion-del-distrito-de-general-villegas\/","title":{"rendered":"Otro accidente en la Ruta Nacional 33, en jurisdicci\u00f3n del distrito de General Villegas"},"content":{"rendered":"\n<p>Otro grave siniestro vial en la Ruta Nacional 33. Ocurri\u00f3 en la ma\u00f1ana de este jueves frente al acceso principal de la estancia San Carlos, entre Piedritas y Emilio V. Bunge. <\/p>\n\n\n\n<figure class=\"wp-block-image aligncenter size-full is-resized\"><img loading=\"lazy\" decoding=\"async\" width=\"1152\" height=\"864\" src=\"https:\/\/infoecos.com.ar\/wp-content\/uploads\/2026\/03\/image-41.png\" alt=\"\" class=\"wp-image-154552\" style=\"width:394px;height:auto\" srcset=\"https:\/\/infoecos.com.ar\/wp-content\/uploads\/2026\/03\/image-41.png 1152w, https:\/\/infoecos.com.ar\/wp-content\/uploads\/2026\/03\/image-41-800x600.png 800w, https:\/\/infoecos.com.ar\/wp-content\/uploads\/2026\/03\/image-41-768x576.png 768w, https:\/\/infoecos.com.ar\/wp-content\/uploads\/2026\/03\/image-41-1024x768.png 1024w\" sizes=\"(max-width: 1152px) 100vw, 1152px\" \/><\/figure>\n\n\n\n<p>Un cami\u00f3n de cargas circulaba en direcci\u00f3n Bunge-Piedritas cuando,\u00a0al transitar por el mencionado sector,\u00a0perdi\u00f3 el control y termin\u00f3 volcando sobre la banquina.\u00a0<\/p>\n\n\n\n<p>El chofer,\u00a0oriundo de la ciudad cordobesa de\u00a0Huinca Renanc\u00f3,\u00a0logr\u00f3 salir de la cabina sin presentar lesiones de gravedad. esiones de gravedad.\u00a0<\/p>\n\n\n\n<p>El problema de la mencionada ruta persiste desde hace a\u00f1os sin que las autoridades correspondientes hayan implementado una soluci\u00f3n efectiva,\u00a0o siquiera paliativa,\u00a0para evitar que la lista de accidentes siga creciendo.<\/p>\n\n\n\n<p><\/p>\n","protected":false},"excerpt":{"rendered":"<p>Un cami\u00f3n de cargas circulaba en direcci\u00f3n Bunge-Piedritas cuando,\u00a0al transitar por el mencionado sector,\u00a0perdi\u00f3 el control y termin\u00f3 volcando sobre la banquina.<\/p>\n","protected":false},"author":2,"featured_media":154552,"comment_status":"closed","ping_status":"open","sticky":false,"template":"","format":"standard","meta":{"footnotes":""},"categories":[1],"tags":[10304],"class_list":["post-154551","post","type-post","status-publish","format-standard","has-post-thumbnail","hentry","category-sin-categoria","tag-actualidad"],"yoast_head":"<!-- This site is optimized with the Yoast SEO plugin v23.4 - https:\/\/yoast.com\/wordpress\/plugins\/seo\/ -->\n<title>Otro accidente en la Ruta Nacional 33, en jurisdicci\u00f3n del distrito de General Villegas - Infoecos<\/title>\n<meta name=\"robots\" content=\"index, follow, max-snippet:-1, max-image-preview:large, max-video-preview:-1\" \/>\n<link rel=\"canonical\" href=\"https:\/\/infoecos.com.ar\/index.php\/otro-accidente-en-la-ruta-nacional-33-en-jurisdiccion-del-distrito-de-general-villegas\/\" \/>\n<meta property=\"og:locale\" content=\"es_ES\" \/>\n<meta property=\"og:type\" content=\"article\" \/>\n<meta property=\"og:title\" content=\"Otro accidente en la Ruta Nacional 33, en jurisdicci\u00f3n del distrito de General Villegas - Infoecos\" \/>\n<meta property=\"og:description\" content=\"Un cami\u00f3n de cargas circulaba en direcci\u00f3n Bunge-Piedritas cuando,\u00a0al transitar por el mencionado sector,\u00a0perdi\u00f3 el control y termin\u00f3 volcando sobre la banquina.\" \/>\n<meta property=\"og:url\" content=\"https:\/\/infoecos.com.ar\/index.php\/otro-accidente-en-la-ruta-nacional-33-en-jurisdiccion-del-distrito-de-general-villegas\/\" \/>\n<meta property=\"og:site_name\" content=\"Infoecos\" \/>\n<meta property=\"article:publisher\" content=\"https:\/\/www.facebook.com\/profile.php?id=100063200290284\" \/>\n<meta property=\"article:published_time\" content=\"2026-03-06T01:57:51+00:00\" \/>\n<meta property=\"article:modified_time\" content=\"2026-03-07T02:34:42+00:00\" \/>\n<meta property=\"og:image\" content=\"https:\/\/infoecos.com.ar\/wp-content\/uploads\/2026\/03\/image-41.png\" \/>\n\t<meta property=\"og:image:width\" content=\"1152\" \/>\n\t<meta property=\"og:image:height\" content=\"864\" \/>\n\t<meta property=\"og:image:type\" content=\"image\/png\" \/>\n<meta name=\"author\" content=\"Jorge Matheus\" \/>\n<meta name=\"twitter:card\" content=\"summary_large_image\" \/>\n<meta name=\"twitter:creator\" content=\"@infoecos\" \/>\n<meta name=\"twitter:site\" content=\"@infoecos\" \/>\n<meta name=\"twitter:label1\" content=\"Escrito por\" \/>\n\t<meta name=\"twitter:data1\" content=\"Jorge Matheus\" \/>\n\t<meta name=\"twitter:label2\" content=\"Tiempo de lectura\" \/>\n\t<meta name=\"twitter:data2\" content=\"1 minuto\" \/>\n<script type=\"application\/ld+json\" class=\"yoast-schema-graph\">{\"@context\":\"https:\/\/schema.org\",\"@graph\":[{\"@type\":\"Article\",\"@id\":\"https:\/\/infoecos.com.ar\/index.php\/otro-accidente-en-la-ruta-nacional-33-en-jurisdiccion-del-distrito-de-general-villegas\/#article\",\"isPartOf\":{\"@id\":\"https:\/\/infoecos.com.ar\/index.php\/otro-accidente-en-la-ruta-nacional-33-en-jurisdiccion-del-distrito-de-general-villegas\/\"},\"author\":{\"name\":\"Jorge Matheus\",\"@id\":\"https:\/\/infoecos.com.ar\/#\/schema\/person\/8f5ace5ce73b4b4aac4b7245aee6f191\"},\"headline\":\"Otro accidente en la Ruta Nacional 33, en jurisdicci\u00f3n del distrito de General Villegas\",\"datePublished\":\"2026-03-06T01:57:51+00:00\",\"dateModified\":\"2026-03-07T02:34:42+00:00\",\"mainEntityOfPage\":{\"@id\":\"https:\/\/infoecos.com.ar\/index.php\/otro-accidente-en-la-ruta-nacional-33-en-jurisdiccion-del-distrito-de-general-villegas\/\"},\"wordCount\":128,\"publisher\":{\"@id\":\"https:\/\/infoecos.com.ar\/#organization\"},\"image\":{\"@id\":\"https:\/\/infoecos.com.ar\/index.php\/otro-accidente-en-la-ruta-nacional-33-en-jurisdiccion-del-distrito-de-general-villegas\/#primaryimage\"},\"thumbnailUrl\":\"https:\/\/infoecos.com.ar\/wp-content\/uploads\/2026\/03\/image-41.png\",\"keywords\":[\"Actualidad\"],\"inLanguage\":\"es\"},{\"@type\":\"WebPage\",\"@id\":\"https:\/\/infoecos.com.ar\/index.php\/otro-accidente-en-la-ruta-nacional-33-en-jurisdiccion-del-distrito-de-general-villegas\/\",\"url\":\"https:\/\/infoecos.com.ar\/index.php\/otro-accidente-en-la-ruta-nacional-33-en-jurisdiccion-del-distrito-de-general-villegas\/\",\"name\":\"Otro accidente en la Ruta Nacional 33, en jurisdicci\u00f3n del distrito de General Villegas - Infoecos\",\"isPartOf\":{\"@id\":\"https:\/\/infoecos.com.ar\/#website\"},\"primaryImageOfPage\":{\"@id\":\"https:\/\/infoecos.com.ar\/index.php\/otro-accidente-en-la-ruta-nacional-33-en-jurisdiccion-del-distrito-de-general-villegas\/#primaryimage\"},\"image\":{\"@id\":\"https:\/\/infoecos.com.ar\/index.php\/otro-accidente-en-la-ruta-nacional-33-en-jurisdiccion-del-distrito-de-general-villegas\/#primaryimage\"},\"thumbnailUrl\":\"https:\/\/infoecos.com.ar\/wp-content\/uploads\/2026\/03\/image-41.png\",\"datePublished\":\"2026-03-06T01:57:51+00:00\",\"dateModified\":\"2026-03-07T02:34:42+00:00\",\"breadcrumb\":{\"@id\":\"https:\/\/infoecos.com.ar\/index.php\/otro-accidente-en-la-ruta-nacional-33-en-jurisdiccion-del-distrito-de-general-villegas\/#breadcrumb\"},\"inLanguage\":\"es\",\"potentialAction\":[{\"@type\":\"ReadAction\",\"target\":[\"https:\/\/infoecos.com.ar\/index.php\/otro-accidente-en-la-ruta-nacional-33-en-jurisdiccion-del-distrito-de-general-villegas\/\"]}]},{\"@type\":\"ImageObject\",\"inLanguage\":\"es\",\"@id\":\"https:\/\/infoecos.com.ar\/index.php\/otro-accidente-en-la-ruta-nacional-33-en-jurisdiccion-del-distrito-de-general-villegas\/#primaryimage\",\"url\":\"https:\/\/infoecos.com.ar\/wp-content\/uploads\/2026\/03\/image-41.png\",\"contentUrl\":\"https:\/\/infoecos.com.ar\/wp-content\/uploads\/2026\/03\/image-41.png\",\"width\":1152,\"height\":864},{\"@type\":\"BreadcrumbList\",\"@id\":\"https:\/\/infoecos.com.ar\/index.php\/otro-accidente-en-la-ruta-nacional-33-en-jurisdiccion-del-distrito-de-general-villegas\/#breadcrumb\",\"itemListElement\":[{\"@type\":\"ListItem\",\"position\":1,\"name\":\"Portada\",\"item\":\"https:\/\/infoecos.com.ar\/\"},{\"@type\":\"ListItem\",\"position\":2,\"name\":\"Otro accidente en la Ruta Nacional 33, en jurisdicci\u00f3n del distrito de General Villegas\"}]},{\"@type\":\"WebSite\",\"@id\":\"https:\/\/infoecos.com.ar\/#website\",\"url\":\"https:\/\/infoecos.com.ar\/\",\"name\":\"Infoecos\",\"description\":\"Noticias de trenque lauquen y la zona\",\"publisher\":{\"@id\":\"https:\/\/infoecos.com.ar\/#organization\"},\"alternateName\":\"Noticias\",\"potentialAction\":[{\"@type\":\"SearchAction\",\"target\":{\"@type\":\"EntryPoint\",\"urlTemplate\":\"https:\/\/infoecos.com.ar\/?s={search_term_string}\"},\"query-input\":{\"@type\":\"PropertyValueSpecification\",\"valueRequired\":true,\"valueName\":\"search_term_string\"}}],\"inLanguage\":\"es\"},{\"@type\":\"Organization\",\"@id\":\"https:\/\/infoecos.com.ar\/#organization\",\"name\":\"Infoecos\",\"alternateName\":\"Noticias\",\"url\":\"https:\/\/infoecos.com.ar\/\",\"logo\":{\"@type\":\"ImageObject\",\"inLanguage\":\"es\",\"@id\":\"https:\/\/infoecos.com.ar\/#\/schema\/logo\/image\/\",\"url\":\"https:\/\/infoecos.com.ar\/wp-content\/uploads\/2024\/03\/cropped-logo.png\",\"contentUrl\":\"https:\/\/infoecos.com.ar\/wp-content\/uploads\/2024\/03\/cropped-logo.png\",\"width\":374,\"height\":90,\"caption\":\"Infoecos\"},\"image\":{\"@id\":\"https:\/\/infoecos.com.ar\/#\/schema\/logo\/image\/\"},\"sameAs\":[\"https:\/\/www.facebook.com\/profile.php?id=100063200290284\",\"https:\/\/x.com\/infoecos\"]},{\"@type\":\"Person\",\"@id\":\"https:\/\/infoecos.com.ar\/#\/schema\/person\/8f5ace5ce73b4b4aac4b7245aee6f191\",\"name\":\"Jorge Matheus\",\"url\":\"https:\/\/infoecos.com.ar\/index.php\/author\/jomatheus\/\"}]}<\/script>\n<!-- \/ Yoast SEO plugin. -->","yoast_head_json":{"title":"Otro accidente en la Ruta Nacional 33, en jurisdicci\u00f3n del distrito de General Villegas - Infoecos","robots":{"index":"index","follow":"follow","max-snippet":"max-snippet:-1","max-image-preview":"max-image-preview:large","max-video-preview":"max-video-preview:-1"},"canonical":"https:\/\/infoecos.com.ar\/index.php\/otro-accidente-en-la-ruta-nacional-33-en-jurisdiccion-del-distrito-de-general-villegas\/","og_locale":"es_ES","og_type":"article","og_title":"Otro accidente en la Ruta Nacional 33, en jurisdicci\u00f3n del distrito de General Villegas - Infoecos","og_description":"Un cami\u00f3n de cargas circulaba en direcci\u00f3n Bunge-Piedritas cuando,\u00a0al transitar por el mencionado sector,\u00a0perdi\u00f3 el control y termin\u00f3 volcando sobre la banquina.","og_url":"https:\/\/infoecos.com.ar\/index.php\/otro-accidente-en-la-ruta-nacional-33-en-jurisdiccion-del-distrito-de-general-villegas\/","og_site_name":"Infoecos","article_publisher":"https:\/\/www.facebook.com\/profile.php?id=100063200290284","article_published_time":"2026-03-06T01:57:51+00:00","article_modified_time":"2026-03-07T02:34:42+00:00","og_image":[{"width":1152,"height":864,"url":"https:\/\/infoecos.com.ar\/wp-content\/uploads\/2026\/03\/image-41.png","type":"image\/png"}],"author":"Jorge Matheus","twitter_card":"summary_large_image","twitter_creator":"@infoecos","twitter_site":"@infoecos","twitter_misc":{"Escrito por":"Jorge Matheus","Tiempo de lectura":"1 minuto"},"schema":{"@context":"https:\/\/schema.org","@graph":[{"@type":"Article","@id":"https:\/\/infoecos.com.ar\/index.php\/otro-accidente-en-la-ruta-nacional-33-en-jurisdiccion-del-distrito-de-general-villegas\/#article","isPartOf":{"@id":"https:\/\/infoecos.com.ar\/index.php\/otro-accidente-en-la-ruta-nacional-33-en-jurisdiccion-del-distrito-de-general-villegas\/"},"author":{"name":"Jorge Matheus","@id":"https:\/\/infoecos.com.ar\/#\/schema\/person\/8f5ace5ce73b4b4aac4b7245aee6f191"},"headline":"Otro accidente en la Ruta Nacional 33, en jurisdicci\u00f3n del distrito de General Villegas","datePublished":"2026-03-06T01:57:51+00:00","dateModified":"2026-03-07T02:34:42+00:00","mainEntityOfPage":{"@id":"https:\/\/infoecos.com.ar\/index.php\/otro-accidente-en-la-ruta-nacional-33-en-jurisdiccion-del-distrito-de-general-villegas\/"},"wordCount":128,"publisher":{"@id":"https:\/\/infoecos.com.ar\/#organization"},"image":{"@id":"https:\/\/infoecos.com.ar\/index.php\/otro-accidente-en-la-ruta-nacional-33-en-jurisdiccion-del-distrito-de-general-villegas\/#primaryimage"},"thumbnailUrl":"https:\/\/infoecos.com.ar\/wp-content\/uploads\/2026\/03\/image-41.png","keywords":["Actualidad"],"inLanguage":"es"},{"@type":"WebPage","@id":"https:\/\/infoecos.com.ar\/index.php\/otro-accidente-en-la-ruta-nacional-33-en-jurisdiccion-del-distrito-de-general-villegas\/","url":"https:\/\/infoecos.com.ar\/index.php\/otro-accidente-en-la-ruta-nacional-33-en-jurisdiccion-del-distrito-de-general-villegas\/","name":"Otro accidente en la Ruta Nacional 33, en jurisdicci\u00f3n del distrito de General Villegas - Infoecos","isPartOf":{"@id":"https:\/\/infoecos.com.ar\/#website"},"primaryImageOfPage":{"@id":"https:\/\/infoecos.com.ar\/index.php\/otro-accidente-en-la-ruta-nacional-33-en-jurisdiccion-del-distrito-de-general-villegas\/#primaryimage"},"image":{"@id":"https:\/\/infoecos.com.ar\/index.php\/otro-accidente-en-la-ruta-nacional-33-en-jurisdiccion-del-distrito-de-general-villegas\/#primaryimage"},"thumbnailUrl":"https:\/\/infoecos.com.ar\/wp-content\/uploads\/2026\/03\/image-41.png","datePublished":"2026-03-06T01:57:51+00:00","dateModified":"2026-03-07T02:34:42+00:00","breadcrumb":{"@id":"https:\/\/infoecos.com.ar\/index.php\/otro-accidente-en-la-ruta-nacional-33-en-jurisdiccion-del-distrito-de-general-villegas\/#breadcrumb"},"inLanguage":"es","potentialAction":[{"@type":"ReadAction","target":["https:\/\/infoecos.com.ar\/index.php\/otro-accidente-en-la-ruta-nacional-33-en-jurisdiccion-del-distrito-de-general-villegas\/"]}]},{"@type":"ImageObject","inLanguage":"es","@id":"https:\/\/infoecos.com.ar\/index.php\/otro-accidente-en-la-ruta-nacional-33-en-jurisdiccion-del-distrito-de-general-villegas\/#primaryimage","url":"https:\/\/infoecos.com.ar\/wp-content\/uploads\/2026\/03\/image-41.png","contentUrl":"https:\/\/infoecos.com.ar\/wp-content\/uploads\/2026\/03\/image-41.png","width":1152,"height":864},{"@type":"BreadcrumbList","@id":"https:\/\/infoecos.com.ar\/index.php\/otro-accidente-en-la-ruta-nacional-33-en-jurisdiccion-del-distrito-de-general-villegas\/#breadcrumb","itemListElement":[{"@type":"ListItem","position":1,"name":"Portada","item":"https:\/\/infoecos.com.ar\/"},{"@type":"ListItem","position":2,"name":"Otro accidente en la Ruta Nacional 33, en jurisdicci\u00f3n del distrito de General Villegas"}]},{"@type":"WebSite","@id":"https:\/\/infoecos.com.ar\/#website","url":"https:\/\/infoecos.com.ar\/","name":"Infoecos","description":"Noticias de trenque lauquen y la zona","publisher":{"@id":"https:\/\/infoecos.com.ar\/#organization"},"alternateName":"Noticias","potentialAction":[{"@type":"SearchAction","target":{"@type":"EntryPoint","urlTemplate":"https:\/\/infoecos.com.ar\/?s={search_term_string}"},"query-input":{"@type":"PropertyValueSpecification","valueRequired":true,"valueName":"search_term_string"}}],"inLanguage":"es"},{"@type":"Organization","@id":"https:\/\/infoecos.com.ar\/#organization","name":"Infoecos","alternateName":"Noticias","url":"https:\/\/infoecos.com.ar\/","logo":{"@type":"ImageObject","inLanguage":"es","@id":"https:\/\/infoecos.com.ar\/#\/schema\/logo\/image\/","url":"https:\/\/infoecos.com.ar\/wp-content\/uploads\/2024\/03\/cropped-logo.png","contentUrl":"https:\/\/infoecos.com.ar\/wp-content\/uploads\/2024\/03\/cropped-logo.png","width":374,"height":90,"caption":"Infoecos"},"image":{"@id":"https:\/\/infoecos.com.ar\/#\/schema\/logo\/image\/"},"sameAs":["https:\/\/www.facebook.com\/profile.php?id=100063200290284","https:\/\/x.com\/infoecos"]},{"@type":"Person","@id":"https:\/\/infoecos.com.ar\/#\/schema\/person\/8f5ace5ce73b4b4aac4b7245aee6f191","name":"Jorge Matheus","url":"https:\/\/infoecos.com.ar\/index.php\/author\/jomatheus\/"}]}},"featured_image_urls":{"full":["https:\/\/infoecos.com.ar\/wp-content\/uploads\/2026\/03\/image-41.png",1152,864,false],"thumbnail":["https:\/\/infoecos.com.ar\/wp-content\/uploads\/2026\/03\/image-41-300x150.png",300,150,true],"medium":["https:\/\/infoecos.com.ar\/wp-content\/uploads\/2026\/03\/image-41-800x600.png",800,600,true],"medium_large":["https:\/\/infoecos.com.ar\/wp-content\/uploads\/2026\/03\/image-41-768x576.png",640,480,true],"large":["https:\/\/infoecos.com.ar\/wp-content\/uploads\/2026\/03\/image-41.png",640,480,false],"1536x1536":["https:\/\/infoecos.com.ar\/wp-content\/uploads\/2026\/03\/image-41.png",1152,864,false],"2048x2048":["https:\/\/infoecos.com.ar\/wp-content\/uploads\/2026\/03\/image-41.png",1152,864,false],"covernews-slider-full":["https:\/\/infoecos.com.ar\/wp-content\/uploads\/2026\/03\/image-41-1115x715.png",1115,715,true],"covernews-slider-center":["https:\/\/infoecos.com.ar\/wp-content\/uploads\/2026\/03\/image-41-800x500.png",800,500,true],"covernews-featured":["https:\/\/infoecos.com.ar\/wp-content\/uploads\/2026\/03\/image-41-1024x768.png",1024,768,true],"covernews-medium":["https:\/\/infoecos.com.ar\/wp-content\/uploads\/2026\/03\/image-41-540x340.png",540,340,true],"covernews-medium-square":["https:\/\/infoecos.com.ar\/wp-content\/uploads\/2026\/03\/image-41-400x250.png",400,250,true]},"author_info":{"info":["Jorge Matheus"]},"category_info":"<a href=\"https:\/\/infoecos.com.ar\/index.php\/category\/sin-categoria\/\" rel=\"category tag\">Sin categor\u00eda<\/a>","tag_info":"Sin categor\u00eda","comment_count":"0","_links":{"self":[{"href":"https:\/\/infoecos.com.ar\/index.php\/wp-json\/wp\/v2\/posts\/154551"}],"collection":[{"href":"https:\/\/infoecos.com.ar\/index.php\/wp-json\/wp\/v2\/posts"}],"about":[{"href":"https:\/\/infoecos.com.ar\/index.php\/wp-json\/wp\/v2\/types\/post"}],"author":[{"embeddable":true,"href":"https:\/\/infoecos.com.ar\/index.php\/wp-json\/wp\/v2\/users\/2"}],"replies":[{"embeddable":true,"href":"https:\/\/infoecos.com.ar\/index.php\/wp-json\/wp\/v2\/comments?post=154551"}],"version-history":[{"count":1,"href":"https:\/\/infoecos.com.ar\/index.php\/wp-json\/wp\/v2\/posts\/154551\/revisions"}],"predecessor-version":[{"id":154553,"href":"https:\/\/infoecos.com.ar\/index.php\/wp-json\/wp\/v2\/posts\/154551\/revisions\/154553"}],"wp:featuredmedia":[{"embeddable":true,"href":"https:\/\/infoecos.com.ar\/index.php\/wp-json\/wp\/v2\/media\/154552"}],"wp:attachment":[{"href":"https:\/\/infoecos.com.ar\/index.php\/wp-json\/wp\/v2\/media?parent=154551"}],"wp:term":[{"taxonomy":"category","embeddable":true,"href":"https:\/\/infoecos.com.ar\/index.php\/wp-json\/wp\/v2\/categories?post=154551"},{"taxonomy":"post_tag","embeddable":true,"href":"https:\/\/infoecos.com.ar\/index.php\/wp-json\/wp\/v2\/tags?post=154551"}],"curies":[{"name":"wp","href":"https:\/\/api.w.org\/{rel}","templated":true}]}}