{"id":154554,"date":"2026-03-05T23:15:33","date_gmt":"2026-03-06T02:15:33","guid":{"rendered":"https:\/\/infoecos.com.ar\/?p=154554"},"modified":"2026-03-06T23:34:20","modified_gmt":"2026-03-07T02:34:20","slug":"zurro-se-refirio-a-la-liberacion-de-nahuel-gallo-por-parte-de-venezuela-ofreciendo-un-regalo-muy-valioso-a-dirigentes-peronistas-y-kirchneristas","status":"publish","type":"post","link":"https:\/\/infoecos.com.ar\/index.php\/zurro-se-refirio-a-la-liberacion-de-nahuel-gallo-por-parte-de-venezuela-ofreciendo-un-regalo-muy-valioso-a-dirigentes-peronistas-y-kirchneristas\/","title":{"rendered":"Zurro se refiri\u00f3 a la liberaci\u00f3n de Nahuel Gallo por parte de Venezuela ofreci\u00e9ndoles un regalo muy valioso, a dirigentes peronistas y kirchneristas"},"content":{"rendered":"\n<p>El intendente municipal de Pehuaj\u00f3, Pablo Zurro, se refiri\u00f3 en la red X (ex Twitter) a la liberaci\u00f3n del gendarme Nahuel Gallo por parte de la Rep\u00fablica de Venezuela, y da a entender que le ofrece regalar la zona testicular a los dirigentes peronistas, kirchneristas por no acompa\u00f1ar como \u00e9l cree que se debe hacer, las cr\u00edticas hacia el gobierno nacional.<\/p>\n\n\n\n<figure class=\"wp-block-image size-full\"><img loading=\"lazy\" decoding=\"async\" width=\"900\" height=\"599\" src=\"https:\/\/infoecos.com.ar\/wp-content\/uploads\/2026\/03\/image-43.png\" alt=\"\" class=\"wp-image-154559\" srcset=\"https:\/\/infoecos.com.ar\/wp-content\/uploads\/2026\/03\/image-43.png 900w, https:\/\/infoecos.com.ar\/wp-content\/uploads\/2026\/03\/image-43-800x532.png 800w, https:\/\/infoecos.com.ar\/wp-content\/uploads\/2026\/03\/image-43-768x511.png 768w\" sizes=\"(max-width: 900px) 100vw, 900px\" \/><\/figure>\n\n\n\n<p>El mensaje en la aplicaci\u00f3n tan usada por la dirigencia pol\u00edtica y periodismo, el mandatario comunal se\u00f1ala textualmente:<\/p>\n\n\n\n<p><strong><mark style=\"background-color:rgba(0, 0, 0, 0)\" class=\"has-inline-color has-vivid-red-color\">Una reflexi\u00f3n para toda la Argentina. <\/mark><\/strong><\/p>\n\n\n\n<p><strong><mark style=\"background-color:rgba(0, 0, 0, 0)\" class=\"has-inline-color has-vivid-red-color\">Soy intendente del Partido de Pehuaj\u00f3, estoy muy contento por la liberaci\u00f3n a Gallo pero era re injusto lo que pas\u00f3 con \u00e9l. Ahora para pensarlo, como te apretaron ac\u00e1 en la Argentina. Pero no es con vos, estoy mal con los que se adjudicaron. <\/mark><\/strong><\/p>\n\n\n\n<p><strong><mark style=\"background-color:rgba(0, 0, 0, 0)\" class=\"has-inline-color has-vivid-red-color\">A ver Bullrich, que tenes problema con el idioma castellano. Cuando dec\u00eds \u201clo trajeron las instituciones\u201d, No! Lo trajo la AFA, lo trajo el Chiqui Tapia. \u00bfPorque mienten tanto? <\/mark><\/strong><\/p>\n\n\n\n<p><mark style=\"background-color:rgba(0, 0, 0, 0)\" class=\"has-inline-color has-vivid-red-color\">\u00ab<\/mark><strong><mark style=\"background-color:rgba(0, 0, 0, 0)\" class=\"has-inline-color has-vivid-red-color\">No se callen, no se callen dirigentes peronistas, kirchneristas sino les voy a regalar algo que ustedes no tienen.<\/mark><\/strong><mark style=\"background-color:rgba(0, 0, 0, 0)\" class=\"has-inline-color has-vivid-red-color\">\u00ab<\/mark><\/p>\n\n\n\n<figure class=\"wp-block-image aligncenter size-full is-resized\"><img loading=\"lazy\" decoding=\"async\" width=\"593\" height=\"908\" src=\"https:\/\/infoecos.com.ar\/wp-content\/uploads\/2026\/03\/image-42.png\" alt=\"\" class=\"wp-image-154555\" style=\"width:512px;height:auto\" srcset=\"https:\/\/infoecos.com.ar\/wp-content\/uploads\/2026\/03\/image-42.png 593w, https:\/\/infoecos.com.ar\/wp-content\/uploads\/2026\/03\/image-42-522x800.png 522w\" sizes=\"(max-width: 593px) 100vw, 593px\" \/><\/figure>\n\n\n\n<figure class=\"wp-block-video\"><video controls src=\"https:\/\/infoecos.com.ar\/wp-content\/uploads\/2026\/03\/ssstwitter.com_1772760945287.mp4\"><\/video><\/figure>\n","protected":false},"excerpt":{"rendered":"<p>El intendente municipal de Pehuaj\u00f3, Pablo Zurro, se refiri\u00f3 en la red X (ex Twitter)&#8230;<\/p>\n","protected":false},"author":2,"featured_media":154559,"comment_status":"closed","ping_status":"open","sticky":false,"template":"","format":"standard","meta":{"footnotes":""},"categories":[1],"tags":[10304],"class_list":["post-154554","post","type-post","status-publish","format-standard","has-post-thumbnail","hentry","category-sin-categoria","tag-actualidad"],"yoast_head":"<!-- This site is optimized with the Yoast SEO plugin v23.4 - https:\/\/yoast.com\/wordpress\/plugins\/seo\/ -->\n<title>Zurro se refiri\u00f3 a la liberaci\u00f3n de Nahuel Gallo por parte de Venezuela ofreci\u00e9ndoles un regalo muy valioso, a dirigentes peronistas y kirchneristas - Infoecos<\/title>\n<meta name=\"robots\" content=\"index, follow, max-snippet:-1, max-image-preview:large, max-video-preview:-1\" \/>\n<link rel=\"canonical\" href=\"https:\/\/infoecos.com.ar\/index.php\/zurro-se-refirio-a-la-liberacion-de-nahuel-gallo-por-parte-de-venezuela-ofreciendo-un-regalo-muy-valioso-a-dirigentes-peronistas-y-kirchneristas\/\" \/>\n<meta property=\"og:locale\" content=\"es_ES\" \/>\n<meta property=\"og:type\" content=\"article\" \/>\n<meta property=\"og:title\" content=\"Zurro se refiri\u00f3 a la liberaci\u00f3n de Nahuel Gallo por parte de Venezuela ofreci\u00e9ndoles un regalo muy valioso, a dirigentes peronistas y kirchneristas - Infoecos\" \/>\n<meta property=\"og:description\" content=\"El intendente municipal de Pehuaj\u00f3, Pablo Zurro, se refiri\u00f3 en la red X (ex Twitter)...\" \/>\n<meta property=\"og:url\" content=\"https:\/\/infoecos.com.ar\/index.php\/zurro-se-refirio-a-la-liberacion-de-nahuel-gallo-por-parte-de-venezuela-ofreciendo-un-regalo-muy-valioso-a-dirigentes-peronistas-y-kirchneristas\/\" \/>\n<meta property=\"og:site_name\" content=\"Infoecos\" \/>\n<meta property=\"article:publisher\" content=\"https:\/\/www.facebook.com\/profile.php?id=100063200290284\" \/>\n<meta property=\"article:published_time\" content=\"2026-03-06T02:15:33+00:00\" \/>\n<meta property=\"article:modified_time\" content=\"2026-03-07T02:34:20+00:00\" \/>\n<meta property=\"og:image\" content=\"https:\/\/infoecos.com.ar\/wp-content\/uploads\/2026\/03\/image-43.png\" \/>\n\t<meta property=\"og:image:width\" content=\"900\" \/>\n\t<meta property=\"og:image:height\" content=\"599\" \/>\n\t<meta property=\"og:image:type\" content=\"image\/png\" \/>\n<meta name=\"author\" content=\"Jorge Matheus\" \/>\n<meta name=\"twitter:card\" content=\"summary_large_image\" \/>\n<meta name=\"twitter:creator\" content=\"@infoecos\" \/>\n<meta name=\"twitter:site\" content=\"@infoecos\" \/>\n<meta name=\"twitter:label1\" content=\"Escrito por\" \/>\n\t<meta name=\"twitter:data1\" content=\"Jorge Matheus\" \/>\n\t<meta name=\"twitter:label2\" content=\"Tiempo de lectura\" \/>\n\t<meta name=\"twitter:data2\" content=\"2 minutos\" \/>\n<script type=\"application\/ld+json\" class=\"yoast-schema-graph\">{\"@context\":\"https:\/\/schema.org\",\"@graph\":[{\"@type\":\"Article\",\"@id\":\"https:\/\/infoecos.com.ar\/index.php\/zurro-se-refirio-a-la-liberacion-de-nahuel-gallo-por-parte-de-venezuela-ofreciendo-un-regalo-muy-valioso-a-dirigentes-peronistas-y-kirchneristas\/#article\",\"isPartOf\":{\"@id\":\"https:\/\/infoecos.com.ar\/index.php\/zurro-se-refirio-a-la-liberacion-de-nahuel-gallo-por-parte-de-venezuela-ofreciendo-un-regalo-muy-valioso-a-dirigentes-peronistas-y-kirchneristas\/\"},\"author\":{\"name\":\"Jorge Matheus\",\"@id\":\"https:\/\/infoecos.com.ar\/#\/schema\/person\/8f5ace5ce73b4b4aac4b7245aee6f191\"},\"headline\":\"Zurro se refiri\u00f3 a la liberaci\u00f3n de Nahuel Gallo por parte de Venezuela ofreci\u00e9ndoles un regalo muy valioso, a dirigentes peronistas y kirchneristas\",\"datePublished\":\"2026-03-06T02:15:33+00:00\",\"dateModified\":\"2026-03-07T02:34:20+00:00\",\"mainEntityOfPage\":{\"@id\":\"https:\/\/infoecos.com.ar\/index.php\/zurro-se-refirio-a-la-liberacion-de-nahuel-gallo-por-parte-de-venezuela-ofreciendo-un-regalo-muy-valioso-a-dirigentes-peronistas-y-kirchneristas\/\"},\"wordCount\":213,\"publisher\":{\"@id\":\"https:\/\/infoecos.com.ar\/#organization\"},\"image\":{\"@id\":\"https:\/\/infoecos.com.ar\/index.php\/zurro-se-refirio-a-la-liberacion-de-nahuel-gallo-por-parte-de-venezuela-ofreciendo-un-regalo-muy-valioso-a-dirigentes-peronistas-y-kirchneristas\/#primaryimage\"},\"thumbnailUrl\":\"https:\/\/infoecos.com.ar\/wp-content\/uploads\/2026\/03\/image-43.png\",\"keywords\":[\"Actualidad\"],\"inLanguage\":\"es\"},{\"@type\":\"WebPage\",\"@id\":\"https:\/\/infoecos.com.ar\/index.php\/zurro-se-refirio-a-la-liberacion-de-nahuel-gallo-por-parte-de-venezuela-ofreciendo-un-regalo-muy-valioso-a-dirigentes-peronistas-y-kirchneristas\/\",\"url\":\"https:\/\/infoecos.com.ar\/index.php\/zurro-se-refirio-a-la-liberacion-de-nahuel-gallo-por-parte-de-venezuela-ofreciendo-un-regalo-muy-valioso-a-dirigentes-peronistas-y-kirchneristas\/\",\"name\":\"Zurro se refiri\u00f3 a la liberaci\u00f3n de Nahuel Gallo por parte de Venezuela ofreci\u00e9ndoles un regalo muy valioso, a dirigentes peronistas y kirchneristas - Infoecos\",\"isPartOf\":{\"@id\":\"https:\/\/infoecos.com.ar\/#website\"},\"primaryImageOfPage\":{\"@id\":\"https:\/\/infoecos.com.ar\/index.php\/zurro-se-refirio-a-la-liberacion-de-nahuel-gallo-por-parte-de-venezuela-ofreciendo-un-regalo-muy-valioso-a-dirigentes-peronistas-y-kirchneristas\/#primaryimage\"},\"image\":{\"@id\":\"https:\/\/infoecos.com.ar\/index.php\/zurro-se-refirio-a-la-liberacion-de-nahuel-gallo-por-parte-de-venezuela-ofreciendo-un-regalo-muy-valioso-a-dirigentes-peronistas-y-kirchneristas\/#primaryimage\"},\"thumbnailUrl\":\"https:\/\/infoecos.com.ar\/wp-content\/uploads\/2026\/03\/image-43.png\",\"datePublished\":\"2026-03-06T02:15:33+00:00\",\"dateModified\":\"2026-03-07T02:34:20+00:00\",\"breadcrumb\":{\"@id\":\"https:\/\/infoecos.com.ar\/index.php\/zurro-se-refirio-a-la-liberacion-de-nahuel-gallo-por-parte-de-venezuela-ofreciendo-un-regalo-muy-valioso-a-dirigentes-peronistas-y-kirchneristas\/#breadcrumb\"},\"inLanguage\":\"es\",\"potentialAction\":[{\"@type\":\"ReadAction\",\"target\":[\"https:\/\/infoecos.com.ar\/index.php\/zurro-se-refirio-a-la-liberacion-de-nahuel-gallo-por-parte-de-venezuela-ofreciendo-un-regalo-muy-valioso-a-dirigentes-peronistas-y-kirchneristas\/\"]}]},{\"@type\":\"ImageObject\",\"inLanguage\":\"es\",\"@id\":\"https:\/\/infoecos.com.ar\/index.php\/zurro-se-refirio-a-la-liberacion-de-nahuel-gallo-por-parte-de-venezuela-ofreciendo-un-regalo-muy-valioso-a-dirigentes-peronistas-y-kirchneristas\/#primaryimage\",\"url\":\"https:\/\/infoecos.com.ar\/wp-content\/uploads\/2026\/03\/image-43.png\",\"contentUrl\":\"https:\/\/infoecos.com.ar\/wp-content\/uploads\/2026\/03\/image-43.png\",\"width\":900,\"height\":599},{\"@type\":\"BreadcrumbList\",\"@id\":\"https:\/\/infoecos.com.ar\/index.php\/zurro-se-refirio-a-la-liberacion-de-nahuel-gallo-por-parte-de-venezuela-ofreciendo-un-regalo-muy-valioso-a-dirigentes-peronistas-y-kirchneristas\/#breadcrumb\",\"itemListElement\":[{\"@type\":\"ListItem\",\"position\":1,\"name\":\"Portada\",\"item\":\"https:\/\/infoecos.com.ar\/\"},{\"@type\":\"ListItem\",\"position\":2,\"name\":\"Zurro se refiri\u00f3 a la liberaci\u00f3n de Nahuel Gallo por parte de Venezuela ofreci\u00e9ndoles un regalo muy valioso, a dirigentes peronistas y kirchneristas\"}]},{\"@type\":\"WebSite\",\"@id\":\"https:\/\/infoecos.com.ar\/#website\",\"url\":\"https:\/\/infoecos.com.ar\/\",\"name\":\"Infoecos\",\"description\":\"Noticias de trenque lauquen y la zona\",\"publisher\":{\"@id\":\"https:\/\/infoecos.com.ar\/#organization\"},\"alternateName\":\"Noticias\",\"potentialAction\":[{\"@type\":\"SearchAction\",\"target\":{\"@type\":\"EntryPoint\",\"urlTemplate\":\"https:\/\/infoecos.com.ar\/?s={search_term_string}\"},\"query-input\":{\"@type\":\"PropertyValueSpecification\",\"valueRequired\":true,\"valueName\":\"search_term_string\"}}],\"inLanguage\":\"es\"},{\"@type\":\"Organization\",\"@id\":\"https:\/\/infoecos.com.ar\/#organization\",\"name\":\"Infoecos\",\"alternateName\":\"Noticias\",\"url\":\"https:\/\/infoecos.com.ar\/\",\"logo\":{\"@type\":\"ImageObject\",\"inLanguage\":\"es\",\"@id\":\"https:\/\/infoecos.com.ar\/#\/schema\/logo\/image\/\",\"url\":\"https:\/\/infoecos.com.ar\/wp-content\/uploads\/2024\/03\/cropped-logo.png\",\"contentUrl\":\"https:\/\/infoecos.com.ar\/wp-content\/uploads\/2024\/03\/cropped-logo.png\",\"width\":374,\"height\":90,\"caption\":\"Infoecos\"},\"image\":{\"@id\":\"https:\/\/infoecos.com.ar\/#\/schema\/logo\/image\/\"},\"sameAs\":[\"https:\/\/www.facebook.com\/profile.php?id=100063200290284\",\"https:\/\/x.com\/infoecos\"]},{\"@type\":\"Person\",\"@id\":\"https:\/\/infoecos.com.ar\/#\/schema\/person\/8f5ace5ce73b4b4aac4b7245aee6f191\",\"name\":\"Jorge Matheus\",\"url\":\"https:\/\/infoecos.com.ar\/index.php\/author\/jomatheus\/\"}]}<\/script>\n<!-- \/ Yoast SEO plugin. -->","yoast_head_json":{"title":"Zurro se refiri\u00f3 a la liberaci\u00f3n de Nahuel Gallo por parte de Venezuela ofreci\u00e9ndoles un regalo muy valioso, a dirigentes peronistas y kirchneristas - Infoecos","robots":{"index":"index","follow":"follow","max-snippet":"max-snippet:-1","max-image-preview":"max-image-preview:large","max-video-preview":"max-video-preview:-1"},"canonical":"https:\/\/infoecos.com.ar\/index.php\/zurro-se-refirio-a-la-liberacion-de-nahuel-gallo-por-parte-de-venezuela-ofreciendo-un-regalo-muy-valioso-a-dirigentes-peronistas-y-kirchneristas\/","og_locale":"es_ES","og_type":"article","og_title":"Zurro se refiri\u00f3 a la liberaci\u00f3n de Nahuel Gallo por parte de Venezuela ofreci\u00e9ndoles un regalo muy valioso, a dirigentes peronistas y kirchneristas - Infoecos","og_description":"El intendente municipal de Pehuaj\u00f3, Pablo Zurro, se refiri\u00f3 en la red X (ex Twitter)...","og_url":"https:\/\/infoecos.com.ar\/index.php\/zurro-se-refirio-a-la-liberacion-de-nahuel-gallo-por-parte-de-venezuela-ofreciendo-un-regalo-muy-valioso-a-dirigentes-peronistas-y-kirchneristas\/","og_site_name":"Infoecos","article_publisher":"https:\/\/www.facebook.com\/profile.php?id=100063200290284","article_published_time":"2026-03-06T02:15:33+00:00","article_modified_time":"2026-03-07T02:34:20+00:00","og_image":[{"width":900,"height":599,"url":"https:\/\/infoecos.com.ar\/wp-content\/uploads\/2026\/03\/image-43.png","type":"image\/png"}],"author":"Jorge Matheus","twitter_card":"summary_large_image","twitter_creator":"@infoecos","twitter_site":"@infoecos","twitter_misc":{"Escrito por":"Jorge Matheus","Tiempo de lectura":"2 minutos"},"schema":{"@context":"https:\/\/schema.org","@graph":[{"@type":"Article","@id":"https:\/\/infoecos.com.ar\/index.php\/zurro-se-refirio-a-la-liberacion-de-nahuel-gallo-por-parte-de-venezuela-ofreciendo-un-regalo-muy-valioso-a-dirigentes-peronistas-y-kirchneristas\/#article","isPartOf":{"@id":"https:\/\/infoecos.com.ar\/index.php\/zurro-se-refirio-a-la-liberacion-de-nahuel-gallo-por-parte-de-venezuela-ofreciendo-un-regalo-muy-valioso-a-dirigentes-peronistas-y-kirchneristas\/"},"author":{"name":"Jorge Matheus","@id":"https:\/\/infoecos.com.ar\/#\/schema\/person\/8f5ace5ce73b4b4aac4b7245aee6f191"},"headline":"Zurro se refiri\u00f3 a la liberaci\u00f3n de Nahuel Gallo por parte de Venezuela ofreci\u00e9ndoles un regalo muy valioso, a dirigentes peronistas y kirchneristas","datePublished":"2026-03-06T02:15:33+00:00","dateModified":"2026-03-07T02:34:20+00:00","mainEntityOfPage":{"@id":"https:\/\/infoecos.com.ar\/index.php\/zurro-se-refirio-a-la-liberacion-de-nahuel-gallo-por-parte-de-venezuela-ofreciendo-un-regalo-muy-valioso-a-dirigentes-peronistas-y-kirchneristas\/"},"wordCount":213,"publisher":{"@id":"https:\/\/infoecos.com.ar\/#organization"},"image":{"@id":"https:\/\/infoecos.com.ar\/index.php\/zurro-se-refirio-a-la-liberacion-de-nahuel-gallo-por-parte-de-venezuela-ofreciendo-un-regalo-muy-valioso-a-dirigentes-peronistas-y-kirchneristas\/#primaryimage"},"thumbnailUrl":"https:\/\/infoecos.com.ar\/wp-content\/uploads\/2026\/03\/image-43.png","keywords":["Actualidad"],"inLanguage":"es"},{"@type":"WebPage","@id":"https:\/\/infoecos.com.ar\/index.php\/zurro-se-refirio-a-la-liberacion-de-nahuel-gallo-por-parte-de-venezuela-ofreciendo-un-regalo-muy-valioso-a-dirigentes-peronistas-y-kirchneristas\/","url":"https:\/\/infoecos.com.ar\/index.php\/zurro-se-refirio-a-la-liberacion-de-nahuel-gallo-por-parte-de-venezuela-ofreciendo-un-regalo-muy-valioso-a-dirigentes-peronistas-y-kirchneristas\/","name":"Zurro se refiri\u00f3 a la liberaci\u00f3n de Nahuel Gallo por parte de Venezuela ofreci\u00e9ndoles un regalo muy valioso, a dirigentes peronistas y kirchneristas - Infoecos","isPartOf":{"@id":"https:\/\/infoecos.com.ar\/#website"},"primaryImageOfPage":{"@id":"https:\/\/infoecos.com.ar\/index.php\/zurro-se-refirio-a-la-liberacion-de-nahuel-gallo-por-parte-de-venezuela-ofreciendo-un-regalo-muy-valioso-a-dirigentes-peronistas-y-kirchneristas\/#primaryimage"},"image":{"@id":"https:\/\/infoecos.com.ar\/index.php\/zurro-se-refirio-a-la-liberacion-de-nahuel-gallo-por-parte-de-venezuela-ofreciendo-un-regalo-muy-valioso-a-dirigentes-peronistas-y-kirchneristas\/#primaryimage"},"thumbnailUrl":"https:\/\/infoecos.com.ar\/wp-content\/uploads\/2026\/03\/image-43.png","datePublished":"2026-03-06T02:15:33+00:00","dateModified":"2026-03-07T02:34:20+00:00","breadcrumb":{"@id":"https:\/\/infoecos.com.ar\/index.php\/zurro-se-refirio-a-la-liberacion-de-nahuel-gallo-por-parte-de-venezuela-ofreciendo-un-regalo-muy-valioso-a-dirigentes-peronistas-y-kirchneristas\/#breadcrumb"},"inLanguage":"es","potentialAction":[{"@type":"ReadAction","target":["https:\/\/infoecos.com.ar\/index.php\/zurro-se-refirio-a-la-liberacion-de-nahuel-gallo-por-parte-de-venezuela-ofreciendo-un-regalo-muy-valioso-a-dirigentes-peronistas-y-kirchneristas\/"]}]},{"@type":"ImageObject","inLanguage":"es","@id":"https:\/\/infoecos.com.ar\/index.php\/zurro-se-refirio-a-la-liberacion-de-nahuel-gallo-por-parte-de-venezuela-ofreciendo-un-regalo-muy-valioso-a-dirigentes-peronistas-y-kirchneristas\/#primaryimage","url":"https:\/\/infoecos.com.ar\/wp-content\/uploads\/2026\/03\/image-43.png","contentUrl":"https:\/\/infoecos.com.ar\/wp-content\/uploads\/2026\/03\/image-43.png","width":900,"height":599},{"@type":"BreadcrumbList","@id":"https:\/\/infoecos.com.ar\/index.php\/zurro-se-refirio-a-la-liberacion-de-nahuel-gallo-por-parte-de-venezuela-ofreciendo-un-regalo-muy-valioso-a-dirigentes-peronistas-y-kirchneristas\/#breadcrumb","itemListElement":[{"@type":"ListItem","position":1,"name":"Portada","item":"https:\/\/infoecos.com.ar\/"},{"@type":"ListItem","position":2,"name":"Zurro se refiri\u00f3 a la liberaci\u00f3n de Nahuel Gallo por parte de Venezuela ofreci\u00e9ndoles un regalo muy valioso, a dirigentes peronistas y kirchneristas"}]},{"@type":"WebSite","@id":"https:\/\/infoecos.com.ar\/#website","url":"https:\/\/infoecos.com.ar\/","name":"Infoecos","description":"Noticias de trenque lauquen y la zona","publisher":{"@id":"https:\/\/infoecos.com.ar\/#organization"},"alternateName":"Noticias","potentialAction":[{"@type":"SearchAction","target":{"@type":"EntryPoint","urlTemplate":"https:\/\/infoecos.com.ar\/?s={search_term_string}"},"query-input":{"@type":"PropertyValueSpecification","valueRequired":true,"valueName":"search_term_string"}}],"inLanguage":"es"},{"@type":"Organization","@id":"https:\/\/infoecos.com.ar\/#organization","name":"Infoecos","alternateName":"Noticias","url":"https:\/\/infoecos.com.ar\/","logo":{"@type":"ImageObject","inLanguage":"es","@id":"https:\/\/infoecos.com.ar\/#\/schema\/logo\/image\/","url":"https:\/\/infoecos.com.ar\/wp-content\/uploads\/2024\/03\/cropped-logo.png","contentUrl":"https:\/\/infoecos.com.ar\/wp-content\/uploads\/2024\/03\/cropped-logo.png","width":374,"height":90,"caption":"Infoecos"},"image":{"@id":"https:\/\/infoecos.com.ar\/#\/schema\/logo\/image\/"},"sameAs":["https:\/\/www.facebook.com\/profile.php?id=100063200290284","https:\/\/x.com\/infoecos"]},{"@type":"Person","@id":"https:\/\/infoecos.com.ar\/#\/schema\/person\/8f5ace5ce73b4b4aac4b7245aee6f191","name":"Jorge Matheus","url":"https:\/\/infoecos.com.ar\/index.php\/author\/jomatheus\/"}]}},"featured_image_urls":{"full":["https:\/\/infoecos.com.ar\/wp-content\/uploads\/2026\/03\/image-43.png",900,599,false],"thumbnail":["https:\/\/infoecos.com.ar\/wp-content\/uploads\/2026\/03\/image-43-300x150.png",300,150,true],"medium":["https:\/\/infoecos.com.ar\/wp-content\/uploads\/2026\/03\/image-43-800x532.png",800,532,true],"medium_large":["https:\/\/infoecos.com.ar\/wp-content\/uploads\/2026\/03\/image-43-768x511.png",640,426,true],"large":["https:\/\/infoecos.com.ar\/wp-content\/uploads\/2026\/03\/image-43.png",640,426,false],"1536x1536":["https:\/\/infoecos.com.ar\/wp-content\/uploads\/2026\/03\/image-43.png",900,599,false],"2048x2048":["https:\/\/infoecos.com.ar\/wp-content\/uploads\/2026\/03\/image-43.png",900,599,false],"covernews-slider-full":["https:\/\/infoecos.com.ar\/wp-content\/uploads\/2026\/03\/image-43.png",900,599,false],"covernews-slider-center":["https:\/\/infoecos.com.ar\/wp-content\/uploads\/2026\/03\/image-43-800x500.png",800,500,true],"covernews-featured":["https:\/\/infoecos.com.ar\/wp-content\/uploads\/2026\/03\/image-43.png",900,599,false],"covernews-medium":["https:\/\/infoecos.com.ar\/wp-content\/uploads\/2026\/03\/image-43-540x340.png",540,340,true],"covernews-medium-square":["https:\/\/infoecos.com.ar\/wp-content\/uploads\/2026\/03\/image-43-400x250.png",400,250,true]},"author_info":{"info":["Jorge Matheus"]},"category_info":"<a href=\"https:\/\/infoecos.com.ar\/index.php\/category\/sin-categoria\/\" rel=\"category tag\">Sin categor\u00eda<\/a>","tag_info":"Sin categor\u00eda","comment_count":"0","_links":{"self":[{"href":"https:\/\/infoecos.com.ar\/index.php\/wp-json\/wp\/v2\/posts\/154554"}],"collection":[{"href":"https:\/\/infoecos.com.ar\/index.php\/wp-json\/wp\/v2\/posts"}],"about":[{"href":"https:\/\/infoecos.com.ar\/index.php\/wp-json\/wp\/v2\/types\/post"}],"author":[{"embeddable":true,"href":"https:\/\/infoecos.com.ar\/index.php\/wp-json\/wp\/v2\/users\/2"}],"replies":[{"embeddable":true,"href":"https:\/\/infoecos.com.ar\/index.php\/wp-json\/wp\/v2\/comments?post=154554"}],"version-history":[{"count":2,"href":"https:\/\/infoecos.com.ar\/index.php\/wp-json\/wp\/v2\/posts\/154554\/revisions"}],"predecessor-version":[{"id":154561,"href":"https:\/\/infoecos.com.ar\/index.php\/wp-json\/wp\/v2\/posts\/154554\/revisions\/154561"}],"wp:featuredmedia":[{"embeddable":true,"href":"https:\/\/infoecos.com.ar\/index.php\/wp-json\/wp\/v2\/media\/154559"}],"wp:attachment":[{"href":"https:\/\/infoecos.com.ar\/index.php\/wp-json\/wp\/v2\/media?parent=154554"}],"wp:term":[{"taxonomy":"category","embeddable":true,"href":"https:\/\/infoecos.com.ar\/index.php\/wp-json\/wp\/v2\/categories?post=154554"},{"taxonomy":"post_tag","embeddable":true,"href":"https:\/\/infoecos.com.ar\/index.php\/wp-json\/wp\/v2\/tags?post=154554"}],"curies":[{"name":"wp","href":"https:\/\/api.w.org\/{rel}","templated":true}]}}