{"id":154597,"date":"2026-03-06T02:19:54","date_gmt":"2026-03-06T05:19:54","guid":{"rendered":"https:\/\/infoecos.com.ar\/?p=154597"},"modified":"2026-03-09T03:54:33","modified_gmt":"2026-03-09T06:54:33","slug":"por-segunda-vez-a-pedido-del-intendente-de-salliquelo-la-empresa-que-reparo-la-ruta-provincial-85-debe-volver-a-hacerlo","status":"publish","type":"post","link":"https:\/\/infoecos.com.ar\/index.php\/por-segunda-vez-a-pedido-del-intendente-de-salliquelo-la-empresa-que-reparo-la-ruta-provincial-85-debe-volver-a-hacerlo\/","title":{"rendered":"Por segunda vez, a pedido del intendente de Salliquel\u00f3, la empresa que repar\u00f3 la Ruta Provincial 85 debe volver a hacerlo"},"content":{"rendered":"\n<p>El intendente de Salliquel\u00f3, Ariel Succurro, recorri\u00f3 la Ruta Provincial N\u00ba 85 para informar sobre las gestiones realizadas por el Municipio ante la Direcci\u00f3n de Vialidad de la Provincia de Buenos Aires, luego de que la empresa contratada para intervenir en la v\u00eda debiera realizar reparaciones por segunda vez. <\/p>\n\n\n\n<p>Desde diciembre de 2023, el Gobierno salliquelense realizo distintos reclamos y gestiones ante el organismo provincial con el objetivo de mejorar el estado de esta ruta, atendiendo a los pedidos de la comunidad y a la preocupaci\u00f3n por las condiciones de transitabilidad. Durante 2025, la Provincia llev\u00f3 adelante trabajos de bacheo y pintura de la cinta asf\u00e1ltica. Sin embargo, hacia fines de ese mismo a\u00f1o se detectaron hundimientos y deformaciones en algunos de los bacheos realizados, lo que generaba riesgos para quienes circulan por el lugar.<\/p>\n\n\n\n<p>Ante esta situaci\u00f3n, el Municipio realiz\u00f3 un nuevo reclamo a fines de 2025 y el 6 de enero de este a\u00f1o present\u00f3 una nota formal solicitando a Vialidad que requiera a la empresa responsable de los trabajos la reparaci\u00f3n de los sectores afectados. Actualmente, durante la primera semana de marzo, la empresa se encuentra nuevamente trabajando en la Ruta Provincial N\u00ba 85 para reparar los tramos que presentaban inconvenientes.<\/p>\n\n\n\n<p><strong>Fuente: veradia.com<\/strong><\/p>\n\n\n\n<figure class=\"wp-block-image aligncenter size-full\"><img loading=\"lazy\" decoding=\"async\" width=\"690\" height=\"488\" src=\"https:\/\/infoecos.com.ar\/wp-content\/uploads\/2026\/03\/image-50.png\" alt=\"\" class=\"wp-image-154598\"\/><\/figure>\n","protected":false},"excerpt":{"rendered":"<p>El intendente de Salliquel\u00f3, Ariel Succurro, recorri\u00f3 la Ruta Provincial N\u00ba 85 para informar sobre&#8230;<\/p>\n","protected":false},"author":2,"featured_media":154598,"comment_status":"closed","ping_status":"open","sticky":false,"template":"","format":"standard","meta":{"footnotes":""},"categories":[1],"tags":[10304],"class_list":["post-154597","post","type-post","status-publish","format-standard","has-post-thumbnail","hentry","category-sin-categoria","tag-actualidad"],"yoast_head":"<!-- This site is optimized with the Yoast SEO plugin v23.4 - https:\/\/yoast.com\/wordpress\/plugins\/seo\/ -->\n<title>Por segunda vez, a pedido del intendente de Salliquel\u00f3, la empresa que repar\u00f3 la Ruta Provincial 85 debe volver a hacerlo - Infoecos<\/title>\n<meta name=\"robots\" content=\"index, follow, max-snippet:-1, max-image-preview:large, max-video-preview:-1\" \/>\n<link rel=\"canonical\" href=\"https:\/\/infoecos.com.ar\/index.php\/por-segunda-vez-a-pedido-del-intendente-de-salliquelo-la-empresa-que-reparo-la-ruta-provincial-85-debe-volver-a-hacerlo\/\" \/>\n<meta property=\"og:locale\" content=\"es_ES\" \/>\n<meta property=\"og:type\" content=\"article\" \/>\n<meta property=\"og:title\" content=\"Por segunda vez, a pedido del intendente de Salliquel\u00f3, la empresa que repar\u00f3 la Ruta Provincial 85 debe volver a hacerlo - Infoecos\" \/>\n<meta property=\"og:description\" content=\"El intendente de Salliquel\u00f3, Ariel Succurro, recorri\u00f3 la Ruta Provincial N\u00ba 85 para informar sobre...\" \/>\n<meta property=\"og:url\" content=\"https:\/\/infoecos.com.ar\/index.php\/por-segunda-vez-a-pedido-del-intendente-de-salliquelo-la-empresa-que-reparo-la-ruta-provincial-85-debe-volver-a-hacerlo\/\" \/>\n<meta property=\"og:site_name\" content=\"Infoecos\" \/>\n<meta property=\"article:publisher\" content=\"https:\/\/www.facebook.com\/profile.php?id=100063200290284\" \/>\n<meta property=\"article:published_time\" content=\"2026-03-06T05:19:54+00:00\" \/>\n<meta property=\"article:modified_time\" content=\"2026-03-09T06:54:33+00:00\" \/>\n<meta property=\"og:image\" content=\"https:\/\/infoecos.com.ar\/wp-content\/uploads\/2026\/03\/image-50.png\" \/>\n\t<meta property=\"og:image:width\" content=\"690\" \/>\n\t<meta property=\"og:image:height\" content=\"488\" \/>\n\t<meta property=\"og:image:type\" content=\"image\/png\" \/>\n<meta name=\"author\" content=\"Jorge Matheus\" \/>\n<meta name=\"twitter:card\" content=\"summary_large_image\" \/>\n<meta name=\"twitter:creator\" content=\"@infoecos\" \/>\n<meta name=\"twitter:site\" content=\"@infoecos\" \/>\n<meta name=\"twitter:label1\" content=\"Escrito por\" \/>\n\t<meta name=\"twitter:data1\" content=\"Jorge Matheus\" \/>\n\t<meta name=\"twitter:label2\" content=\"Tiempo de lectura\" \/>\n\t<meta name=\"twitter:data2\" content=\"2 minutos\" \/>\n<script type=\"application\/ld+json\" class=\"yoast-schema-graph\">{\"@context\":\"https:\/\/schema.org\",\"@graph\":[{\"@type\":\"Article\",\"@id\":\"https:\/\/infoecos.com.ar\/index.php\/por-segunda-vez-a-pedido-del-intendente-de-salliquelo-la-empresa-que-reparo-la-ruta-provincial-85-debe-volver-a-hacerlo\/#article\",\"isPartOf\":{\"@id\":\"https:\/\/infoecos.com.ar\/index.php\/por-segunda-vez-a-pedido-del-intendente-de-salliquelo-la-empresa-que-reparo-la-ruta-provincial-85-debe-volver-a-hacerlo\/\"},\"author\":{\"name\":\"Jorge Matheus\",\"@id\":\"https:\/\/infoecos.com.ar\/#\/schema\/person\/8f5ace5ce73b4b4aac4b7245aee6f191\"},\"headline\":\"Por segunda vez, a pedido del intendente de Salliquel\u00f3, la empresa que repar\u00f3 la Ruta Provincial 85 debe volver a hacerlo\",\"datePublished\":\"2026-03-06T05:19:54+00:00\",\"dateModified\":\"2026-03-09T06:54:33+00:00\",\"mainEntityOfPage\":{\"@id\":\"https:\/\/infoecos.com.ar\/index.php\/por-segunda-vez-a-pedido-del-intendente-de-salliquelo-la-empresa-que-reparo-la-ruta-provincial-85-debe-volver-a-hacerlo\/\"},\"wordCount\":229,\"publisher\":{\"@id\":\"https:\/\/infoecos.com.ar\/#organization\"},\"image\":{\"@id\":\"https:\/\/infoecos.com.ar\/index.php\/por-segunda-vez-a-pedido-del-intendente-de-salliquelo-la-empresa-que-reparo-la-ruta-provincial-85-debe-volver-a-hacerlo\/#primaryimage\"},\"thumbnailUrl\":\"https:\/\/infoecos.com.ar\/wp-content\/uploads\/2026\/03\/image-50.png\",\"keywords\":[\"Actualidad\"],\"inLanguage\":\"es\"},{\"@type\":\"WebPage\",\"@id\":\"https:\/\/infoecos.com.ar\/index.php\/por-segunda-vez-a-pedido-del-intendente-de-salliquelo-la-empresa-que-reparo-la-ruta-provincial-85-debe-volver-a-hacerlo\/\",\"url\":\"https:\/\/infoecos.com.ar\/index.php\/por-segunda-vez-a-pedido-del-intendente-de-salliquelo-la-empresa-que-reparo-la-ruta-provincial-85-debe-volver-a-hacerlo\/\",\"name\":\"Por segunda vez, a pedido del intendente de Salliquel\u00f3, la empresa que repar\u00f3 la Ruta Provincial 85 debe volver a hacerlo - Infoecos\",\"isPartOf\":{\"@id\":\"https:\/\/infoecos.com.ar\/#website\"},\"primaryImageOfPage\":{\"@id\":\"https:\/\/infoecos.com.ar\/index.php\/por-segunda-vez-a-pedido-del-intendente-de-salliquelo-la-empresa-que-reparo-la-ruta-provincial-85-debe-volver-a-hacerlo\/#primaryimage\"},\"image\":{\"@id\":\"https:\/\/infoecos.com.ar\/index.php\/por-segunda-vez-a-pedido-del-intendente-de-salliquelo-la-empresa-que-reparo-la-ruta-provincial-85-debe-volver-a-hacerlo\/#primaryimage\"},\"thumbnailUrl\":\"https:\/\/infoecos.com.ar\/wp-content\/uploads\/2026\/03\/image-50.png\",\"datePublished\":\"2026-03-06T05:19:54+00:00\",\"dateModified\":\"2026-03-09T06:54:33+00:00\",\"breadcrumb\":{\"@id\":\"https:\/\/infoecos.com.ar\/index.php\/por-segunda-vez-a-pedido-del-intendente-de-salliquelo-la-empresa-que-reparo-la-ruta-provincial-85-debe-volver-a-hacerlo\/#breadcrumb\"},\"inLanguage\":\"es\",\"potentialAction\":[{\"@type\":\"ReadAction\",\"target\":[\"https:\/\/infoecos.com.ar\/index.php\/por-segunda-vez-a-pedido-del-intendente-de-salliquelo-la-empresa-que-reparo-la-ruta-provincial-85-debe-volver-a-hacerlo\/\"]}]},{\"@type\":\"ImageObject\",\"inLanguage\":\"es\",\"@id\":\"https:\/\/infoecos.com.ar\/index.php\/por-segunda-vez-a-pedido-del-intendente-de-salliquelo-la-empresa-que-reparo-la-ruta-provincial-85-debe-volver-a-hacerlo\/#primaryimage\",\"url\":\"https:\/\/infoecos.com.ar\/wp-content\/uploads\/2026\/03\/image-50.png\",\"contentUrl\":\"https:\/\/infoecos.com.ar\/wp-content\/uploads\/2026\/03\/image-50.png\",\"width\":690,\"height\":488},{\"@type\":\"BreadcrumbList\",\"@id\":\"https:\/\/infoecos.com.ar\/index.php\/por-segunda-vez-a-pedido-del-intendente-de-salliquelo-la-empresa-que-reparo-la-ruta-provincial-85-debe-volver-a-hacerlo\/#breadcrumb\",\"itemListElement\":[{\"@type\":\"ListItem\",\"position\":1,\"name\":\"Portada\",\"item\":\"https:\/\/infoecos.com.ar\/\"},{\"@type\":\"ListItem\",\"position\":2,\"name\":\"Por segunda vez, a pedido del intendente de Salliquel\u00f3, la empresa que repar\u00f3 la Ruta Provincial 85 debe volver a hacerlo\"}]},{\"@type\":\"WebSite\",\"@id\":\"https:\/\/infoecos.com.ar\/#website\",\"url\":\"https:\/\/infoecos.com.ar\/\",\"name\":\"Infoecos\",\"description\":\"Noticias de trenque lauquen y la zona\",\"publisher\":{\"@id\":\"https:\/\/infoecos.com.ar\/#organization\"},\"alternateName\":\"Noticias\",\"potentialAction\":[{\"@type\":\"SearchAction\",\"target\":{\"@type\":\"EntryPoint\",\"urlTemplate\":\"https:\/\/infoecos.com.ar\/?s={search_term_string}\"},\"query-input\":{\"@type\":\"PropertyValueSpecification\",\"valueRequired\":true,\"valueName\":\"search_term_string\"}}],\"inLanguage\":\"es\"},{\"@type\":\"Organization\",\"@id\":\"https:\/\/infoecos.com.ar\/#organization\",\"name\":\"Infoecos\",\"alternateName\":\"Noticias\",\"url\":\"https:\/\/infoecos.com.ar\/\",\"logo\":{\"@type\":\"ImageObject\",\"inLanguage\":\"es\",\"@id\":\"https:\/\/infoecos.com.ar\/#\/schema\/logo\/image\/\",\"url\":\"https:\/\/infoecos.com.ar\/wp-content\/uploads\/2024\/03\/cropped-logo.png\",\"contentUrl\":\"https:\/\/infoecos.com.ar\/wp-content\/uploads\/2024\/03\/cropped-logo.png\",\"width\":374,\"height\":90,\"caption\":\"Infoecos\"},\"image\":{\"@id\":\"https:\/\/infoecos.com.ar\/#\/schema\/logo\/image\/\"},\"sameAs\":[\"https:\/\/www.facebook.com\/profile.php?id=100063200290284\",\"https:\/\/x.com\/infoecos\"]},{\"@type\":\"Person\",\"@id\":\"https:\/\/infoecos.com.ar\/#\/schema\/person\/8f5ace5ce73b4b4aac4b7245aee6f191\",\"name\":\"Jorge Matheus\",\"url\":\"https:\/\/infoecos.com.ar\/index.php\/author\/jomatheus\/\"}]}<\/script>\n<!-- \/ Yoast SEO plugin. -->","yoast_head_json":{"title":"Por segunda vez, a pedido del intendente de Salliquel\u00f3, la empresa que repar\u00f3 la Ruta Provincial 85 debe volver a hacerlo - Infoecos","robots":{"index":"index","follow":"follow","max-snippet":"max-snippet:-1","max-image-preview":"max-image-preview:large","max-video-preview":"max-video-preview:-1"},"canonical":"https:\/\/infoecos.com.ar\/index.php\/por-segunda-vez-a-pedido-del-intendente-de-salliquelo-la-empresa-que-reparo-la-ruta-provincial-85-debe-volver-a-hacerlo\/","og_locale":"es_ES","og_type":"article","og_title":"Por segunda vez, a pedido del intendente de Salliquel\u00f3, la empresa que repar\u00f3 la Ruta Provincial 85 debe volver a hacerlo - Infoecos","og_description":"El intendente de Salliquel\u00f3, Ariel Succurro, recorri\u00f3 la Ruta Provincial N\u00ba 85 para informar sobre...","og_url":"https:\/\/infoecos.com.ar\/index.php\/por-segunda-vez-a-pedido-del-intendente-de-salliquelo-la-empresa-que-reparo-la-ruta-provincial-85-debe-volver-a-hacerlo\/","og_site_name":"Infoecos","article_publisher":"https:\/\/www.facebook.com\/profile.php?id=100063200290284","article_published_time":"2026-03-06T05:19:54+00:00","article_modified_time":"2026-03-09T06:54:33+00:00","og_image":[{"width":690,"height":488,"url":"https:\/\/infoecos.com.ar\/wp-content\/uploads\/2026\/03\/image-50.png","type":"image\/png"}],"author":"Jorge Matheus","twitter_card":"summary_large_image","twitter_creator":"@infoecos","twitter_site":"@infoecos","twitter_misc":{"Escrito por":"Jorge Matheus","Tiempo de lectura":"2 minutos"},"schema":{"@context":"https:\/\/schema.org","@graph":[{"@type":"Article","@id":"https:\/\/infoecos.com.ar\/index.php\/por-segunda-vez-a-pedido-del-intendente-de-salliquelo-la-empresa-que-reparo-la-ruta-provincial-85-debe-volver-a-hacerlo\/#article","isPartOf":{"@id":"https:\/\/infoecos.com.ar\/index.php\/por-segunda-vez-a-pedido-del-intendente-de-salliquelo-la-empresa-que-reparo-la-ruta-provincial-85-debe-volver-a-hacerlo\/"},"author":{"name":"Jorge Matheus","@id":"https:\/\/infoecos.com.ar\/#\/schema\/person\/8f5ace5ce73b4b4aac4b7245aee6f191"},"headline":"Por segunda vez, a pedido del intendente de Salliquel\u00f3, la empresa que repar\u00f3 la Ruta Provincial 85 debe volver a hacerlo","datePublished":"2026-03-06T05:19:54+00:00","dateModified":"2026-03-09T06:54:33+00:00","mainEntityOfPage":{"@id":"https:\/\/infoecos.com.ar\/index.php\/por-segunda-vez-a-pedido-del-intendente-de-salliquelo-la-empresa-que-reparo-la-ruta-provincial-85-debe-volver-a-hacerlo\/"},"wordCount":229,"publisher":{"@id":"https:\/\/infoecos.com.ar\/#organization"},"image":{"@id":"https:\/\/infoecos.com.ar\/index.php\/por-segunda-vez-a-pedido-del-intendente-de-salliquelo-la-empresa-que-reparo-la-ruta-provincial-85-debe-volver-a-hacerlo\/#primaryimage"},"thumbnailUrl":"https:\/\/infoecos.com.ar\/wp-content\/uploads\/2026\/03\/image-50.png","keywords":["Actualidad"],"inLanguage":"es"},{"@type":"WebPage","@id":"https:\/\/infoecos.com.ar\/index.php\/por-segunda-vez-a-pedido-del-intendente-de-salliquelo-la-empresa-que-reparo-la-ruta-provincial-85-debe-volver-a-hacerlo\/","url":"https:\/\/infoecos.com.ar\/index.php\/por-segunda-vez-a-pedido-del-intendente-de-salliquelo-la-empresa-que-reparo-la-ruta-provincial-85-debe-volver-a-hacerlo\/","name":"Por segunda vez, a pedido del intendente de Salliquel\u00f3, la empresa que repar\u00f3 la Ruta Provincial 85 debe volver a hacerlo - Infoecos","isPartOf":{"@id":"https:\/\/infoecos.com.ar\/#website"},"primaryImageOfPage":{"@id":"https:\/\/infoecos.com.ar\/index.php\/por-segunda-vez-a-pedido-del-intendente-de-salliquelo-la-empresa-que-reparo-la-ruta-provincial-85-debe-volver-a-hacerlo\/#primaryimage"},"image":{"@id":"https:\/\/infoecos.com.ar\/index.php\/por-segunda-vez-a-pedido-del-intendente-de-salliquelo-la-empresa-que-reparo-la-ruta-provincial-85-debe-volver-a-hacerlo\/#primaryimage"},"thumbnailUrl":"https:\/\/infoecos.com.ar\/wp-content\/uploads\/2026\/03\/image-50.png","datePublished":"2026-03-06T05:19:54+00:00","dateModified":"2026-03-09T06:54:33+00:00","breadcrumb":{"@id":"https:\/\/infoecos.com.ar\/index.php\/por-segunda-vez-a-pedido-del-intendente-de-salliquelo-la-empresa-que-reparo-la-ruta-provincial-85-debe-volver-a-hacerlo\/#breadcrumb"},"inLanguage":"es","potentialAction":[{"@type":"ReadAction","target":["https:\/\/infoecos.com.ar\/index.php\/por-segunda-vez-a-pedido-del-intendente-de-salliquelo-la-empresa-que-reparo-la-ruta-provincial-85-debe-volver-a-hacerlo\/"]}]},{"@type":"ImageObject","inLanguage":"es","@id":"https:\/\/infoecos.com.ar\/index.php\/por-segunda-vez-a-pedido-del-intendente-de-salliquelo-la-empresa-que-reparo-la-ruta-provincial-85-debe-volver-a-hacerlo\/#primaryimage","url":"https:\/\/infoecos.com.ar\/wp-content\/uploads\/2026\/03\/image-50.png","contentUrl":"https:\/\/infoecos.com.ar\/wp-content\/uploads\/2026\/03\/image-50.png","width":690,"height":488},{"@type":"BreadcrumbList","@id":"https:\/\/infoecos.com.ar\/index.php\/por-segunda-vez-a-pedido-del-intendente-de-salliquelo-la-empresa-que-reparo-la-ruta-provincial-85-debe-volver-a-hacerlo\/#breadcrumb","itemListElement":[{"@type":"ListItem","position":1,"name":"Portada","item":"https:\/\/infoecos.com.ar\/"},{"@type":"ListItem","position":2,"name":"Por segunda vez, a pedido del intendente de Salliquel\u00f3, la empresa que repar\u00f3 la Ruta Provincial 85 debe volver a hacerlo"}]},{"@type":"WebSite","@id":"https:\/\/infoecos.com.ar\/#website","url":"https:\/\/infoecos.com.ar\/","name":"Infoecos","description":"Noticias de trenque lauquen y la zona","publisher":{"@id":"https:\/\/infoecos.com.ar\/#organization"},"alternateName":"Noticias","potentialAction":[{"@type":"SearchAction","target":{"@type":"EntryPoint","urlTemplate":"https:\/\/infoecos.com.ar\/?s={search_term_string}"},"query-input":{"@type":"PropertyValueSpecification","valueRequired":true,"valueName":"search_term_string"}}],"inLanguage":"es"},{"@type":"Organization","@id":"https:\/\/infoecos.com.ar\/#organization","name":"Infoecos","alternateName":"Noticias","url":"https:\/\/infoecos.com.ar\/","logo":{"@type":"ImageObject","inLanguage":"es","@id":"https:\/\/infoecos.com.ar\/#\/schema\/logo\/image\/","url":"https:\/\/infoecos.com.ar\/wp-content\/uploads\/2024\/03\/cropped-logo.png","contentUrl":"https:\/\/infoecos.com.ar\/wp-content\/uploads\/2024\/03\/cropped-logo.png","width":374,"height":90,"caption":"Infoecos"},"image":{"@id":"https:\/\/infoecos.com.ar\/#\/schema\/logo\/image\/"},"sameAs":["https:\/\/www.facebook.com\/profile.php?id=100063200290284","https:\/\/x.com\/infoecos"]},{"@type":"Person","@id":"https:\/\/infoecos.com.ar\/#\/schema\/person\/8f5ace5ce73b4b4aac4b7245aee6f191","name":"Jorge Matheus","url":"https:\/\/infoecos.com.ar\/index.php\/author\/jomatheus\/"}]}},"featured_image_urls":{"full":["https:\/\/infoecos.com.ar\/wp-content\/uploads\/2026\/03\/image-50.png",690,488,false],"thumbnail":["https:\/\/infoecos.com.ar\/wp-content\/uploads\/2026\/03\/image-50-300x150.png",300,150,true],"medium":["https:\/\/infoecos.com.ar\/wp-content\/uploads\/2026\/03\/image-50.png",690,488,false],"medium_large":["https:\/\/infoecos.com.ar\/wp-content\/uploads\/2026\/03\/image-50.png",640,453,false],"large":["https:\/\/infoecos.com.ar\/wp-content\/uploads\/2026\/03\/image-50.png",640,453,false],"1536x1536":["https:\/\/infoecos.com.ar\/wp-content\/uploads\/2026\/03\/image-50.png",690,488,false],"2048x2048":["https:\/\/infoecos.com.ar\/wp-content\/uploads\/2026\/03\/image-50.png",690,488,false],"covernews-slider-full":["https:\/\/infoecos.com.ar\/wp-content\/uploads\/2026\/03\/image-50.png",690,488,false],"covernews-slider-center":["https:\/\/infoecos.com.ar\/wp-content\/uploads\/2026\/03\/image-50.png",690,488,false],"covernews-featured":["https:\/\/infoecos.com.ar\/wp-content\/uploads\/2026\/03\/image-50.png",690,488,false],"covernews-medium":["https:\/\/infoecos.com.ar\/wp-content\/uploads\/2026\/03\/image-50-540x340.png",540,340,true],"covernews-medium-square":["https:\/\/infoecos.com.ar\/wp-content\/uploads\/2026\/03\/image-50-400x250.png",400,250,true]},"author_info":{"info":["Jorge Matheus"]},"category_info":"<a href=\"https:\/\/infoecos.com.ar\/index.php\/category\/sin-categoria\/\" rel=\"category tag\">Sin categor\u00eda<\/a>","tag_info":"Sin categor\u00eda","comment_count":"0","_links":{"self":[{"href":"https:\/\/infoecos.com.ar\/index.php\/wp-json\/wp\/v2\/posts\/154597"}],"collection":[{"href":"https:\/\/infoecos.com.ar\/index.php\/wp-json\/wp\/v2\/posts"}],"about":[{"href":"https:\/\/infoecos.com.ar\/index.php\/wp-json\/wp\/v2\/types\/post"}],"author":[{"embeddable":true,"href":"https:\/\/infoecos.com.ar\/index.php\/wp-json\/wp\/v2\/users\/2"}],"replies":[{"embeddable":true,"href":"https:\/\/infoecos.com.ar\/index.php\/wp-json\/wp\/v2\/comments?post=154597"}],"version-history":[{"count":1,"href":"https:\/\/infoecos.com.ar\/index.php\/wp-json\/wp\/v2\/posts\/154597\/revisions"}],"predecessor-version":[{"id":154599,"href":"https:\/\/infoecos.com.ar\/index.php\/wp-json\/wp\/v2\/posts\/154597\/revisions\/154599"}],"wp:featuredmedia":[{"embeddable":true,"href":"https:\/\/infoecos.com.ar\/index.php\/wp-json\/wp\/v2\/media\/154598"}],"wp:attachment":[{"href":"https:\/\/infoecos.com.ar\/index.php\/wp-json\/wp\/v2\/media?parent=154597"}],"wp:term":[{"taxonomy":"category","embeddable":true,"href":"https:\/\/infoecos.com.ar\/index.php\/wp-json\/wp\/v2\/categories?post=154597"},{"taxonomy":"post_tag","embeddable":true,"href":"https:\/\/infoecos.com.ar\/index.php\/wp-json\/wp\/v2\/tags?post=154597"}],"curies":[{"name":"wp","href":"https:\/\/api.w.org\/{rel}","templated":true}]}}