{"id":154603,"date":"2026-03-06T20:12:37","date_gmt":"2026-03-06T23:12:37","guid":{"rendered":"https:\/\/infoecos.com.ar\/?p=154603"},"modified":"2026-03-13T03:51:46","modified_gmt":"2026-03-13T06:51:46","slug":"la-agencia-nacional-de-seguridad-vial-fiscalizo-1-013-198-vehiculos-durante-el-verano-2026-y-continuara-con-las-acciones-durante-todo-el-ano","status":"publish","type":"post","link":"https:\/\/infoecos.com.ar\/index.php\/la-agencia-nacional-de-seguridad-vial-fiscalizo-1-013-198-vehiculos-durante-el-verano-2026-y-continuara-con-las-acciones-durante-todo-el-ano\/","title":{"rendered":"La Agencia Nacional de Seguridad Vial \u00a0fiscaliz\u00f3 1.013.198 veh\u00edculos durante el Verano 2026 y continuar\u00e1 con las acciones durante todo el a\u00f1o"},"content":{"rendered":"\n<p>La Agencia Nacional de Seguridad Vial (ANSV) cerr\u00f3 la fiscalizaci\u00f3n del *Verano 2026* con&nbsp;<strong>1.013.198 veh\u00edculos controlados<\/strong>&nbsp;en rutas, autopistas y accesos a los principales destinos tur\u00edsticos del pa\u00eds.<\/p>\n\n\n\n<p>Los procedimientos se realizaron todos los d\u00edas en&nbsp;<strong>39 puestos estrat\u00e9gicos<\/strong>, definidos por el alto caudal vehicular y en articulaci\u00f3n con provincias y municipios.<\/p>\n\n\n\n<p>En total se labraron *<strong>23.527 infracciones*<\/strong>. Entre los datos m\u00e1s relevantes, los agentes detectaron *<strong>3.672 casos de alcoholemia positiva*<\/strong>, conductores que fueron retirados de circulaci\u00f3n y que representaban un riesgo concreto en la v\u00eda p\u00fablica.<\/p>\n\n\n\n<p>Tambi\u00e9n se registraron:<\/p>\n\n\n\n<ul class=\"wp-block-list\">\n<li><strong>4.879\u00a0<\/strong>faltas de Revisi\u00f3n T\u00e9cnica Obligatoria (RTO)<\/li>\n\n\n\n<li><strong>2.668\u00a0<\/strong>conductores sin cintur\u00f3n de seguridad<\/li>\n\n\n\n<li><strong>2.662\u00a0<\/strong>casos de falta de documentaci\u00f3n<\/li>\n\n\n\n<li><strong>1.034\u00a0<\/strong>veh\u00edculos sin seguro obligatorio<\/li>\n\n\n\n<li><strong>1.075\u00a0<\/strong>patentes ausentes o adulteradas<\/li>\n<\/ul>\n\n\n\n<p>Como resultado de los operativos, se *<strong>retuvieron 6.421 licencias de conducir*<\/strong>&nbsp;y *<strong>1.605 veh\u00edculos*<\/strong>&nbsp;por incumplimientos a la normativa.<\/p>\n\n\n\n<p>Los controles son una herramienta clave para verificar que los conductores circulen cumpliendo las normas de tr\u00e1nsito. Estos operativos continuar\u00e1n durante todo el a\u00f1o, a trav\u00e9s de las bases operativas que el organismo mantiene desplegadas en el territorio nacional.<\/p>\n\n\n\n<p><strong>Los registros de alcoholemia positiva m\u00e1s altos:<\/strong><\/p>\n\n\n\n<ul class=\"wp-block-list\">\n<li>3,05 gl\/l \u2013 Corrientes<\/li>\n\n\n\n<li>3,03 gl\/l \u2013 Salta<\/li>\n\n\n\n<li>2,84 gl\/l \u2013 Entre R\u00edos<\/li>\n\n\n\n<li>2,71 gl\/l \u2013 Misiones<\/li>\n\n\n\n<li>2,56 gl\/l \u2013 Entre R\u00edos<\/li>\n<\/ul>\n\n\n\n<figure class=\"wp-block-video\"><video controls src=\"https:\/\/infoecos.com.ar\/wp-content\/uploads\/2026\/03\/VIDEO-ALCOHOLEMIAS-POSITIVAS.mp4\"><\/video><\/figure>\n","protected":false},"excerpt":{"rendered":"<p>Foto de archivo: En total se labraron *23.527 infracciones*<\/p>\n","protected":false},"author":2,"featured_media":152662,"comment_status":"closed","ping_status":"open","sticky":false,"template":"","format":"standard","meta":{"footnotes":""},"categories":[1],"tags":[10298],"class_list":["post-154603","post","type-post","status-publish","format-standard","has-post-thumbnail","hentry","category-sin-categoria","tag-bloque-inferior"],"yoast_head":"<!-- This site is optimized with the Yoast SEO plugin v23.4 - https:\/\/yoast.com\/wordpress\/plugins\/seo\/ -->\n<title>La Agencia Nacional de Seguridad Vial \u00a0fiscaliz\u00f3 1.013.198 veh\u00edculos durante el Verano 2026 y continuar\u00e1 con las acciones durante todo el a\u00f1o - Infoecos<\/title>\n<meta name=\"robots\" content=\"index, follow, max-snippet:-1, max-image-preview:large, max-video-preview:-1\" \/>\n<link rel=\"canonical\" href=\"https:\/\/infoecos.com.ar\/index.php\/la-agencia-nacional-de-seguridad-vial-fiscalizo-1-013-198-vehiculos-durante-el-verano-2026-y-continuara-con-las-acciones-durante-todo-el-ano\/\" \/>\n<meta property=\"og:locale\" content=\"es_ES\" \/>\n<meta property=\"og:type\" content=\"article\" \/>\n<meta property=\"og:title\" content=\"La Agencia Nacional de Seguridad Vial \u00a0fiscaliz\u00f3 1.013.198 veh\u00edculos durante el Verano 2026 y continuar\u00e1 con las acciones durante todo el a\u00f1o - Infoecos\" \/>\n<meta property=\"og:description\" content=\"Foto de archivo: En total se labraron *23.527 infracciones*\" \/>\n<meta property=\"og:url\" content=\"https:\/\/infoecos.com.ar\/index.php\/la-agencia-nacional-de-seguridad-vial-fiscalizo-1-013-198-vehiculos-durante-el-verano-2026-y-continuara-con-las-acciones-durante-todo-el-ano\/\" \/>\n<meta property=\"og:site_name\" content=\"Infoecos\" \/>\n<meta property=\"article:publisher\" content=\"https:\/\/www.facebook.com\/profile.php?id=100063200290284\" \/>\n<meta property=\"article:published_time\" content=\"2026-03-06T23:12:37+00:00\" \/>\n<meta property=\"article:modified_time\" content=\"2026-03-13T06:51:46+00:00\" \/>\n<meta property=\"og:image\" content=\"https:\/\/infoecos.com.ar\/wp-content\/uploads\/2026\/01\/ANSV-1.jpg\" \/>\n\t<meta property=\"og:image:width\" content=\"960\" \/>\n\t<meta property=\"og:image:height\" content=\"1280\" \/>\n\t<meta property=\"og:image:type\" content=\"image\/jpeg\" \/>\n<meta name=\"author\" content=\"Jorge Matheus\" \/>\n<meta name=\"twitter:card\" content=\"summary_large_image\" \/>\n<meta name=\"twitter:creator\" content=\"@infoecos\" \/>\n<meta name=\"twitter:site\" content=\"@infoecos\" \/>\n<meta name=\"twitter:label1\" content=\"Escrito por\" \/>\n\t<meta name=\"twitter:data1\" content=\"Jorge Matheus\" \/>\n\t<meta name=\"twitter:label2\" content=\"Tiempo de lectura\" \/>\n\t<meta name=\"twitter:data2\" content=\"2 minutos\" \/>\n<script type=\"application\/ld+json\" class=\"yoast-schema-graph\">{\"@context\":\"https:\/\/schema.org\",\"@graph\":[{\"@type\":\"Article\",\"@id\":\"https:\/\/infoecos.com.ar\/index.php\/la-agencia-nacional-de-seguridad-vial-fiscalizo-1-013-198-vehiculos-durante-el-verano-2026-y-continuara-con-las-acciones-durante-todo-el-ano\/#article\",\"isPartOf\":{\"@id\":\"https:\/\/infoecos.com.ar\/index.php\/la-agencia-nacional-de-seguridad-vial-fiscalizo-1-013-198-vehiculos-durante-el-verano-2026-y-continuara-con-las-acciones-durante-todo-el-ano\/\"},\"author\":{\"name\":\"Jorge Matheus\",\"@id\":\"https:\/\/infoecos.com.ar\/#\/schema\/person\/8f5ace5ce73b4b4aac4b7245aee6f191\"},\"headline\":\"La Agencia Nacional de Seguridad Vial \u00a0fiscaliz\u00f3 1.013.198 veh\u00edculos durante el Verano 2026 y continuar\u00e1 con las acciones durante todo el a\u00f1o\",\"datePublished\":\"2026-03-06T23:12:37+00:00\",\"dateModified\":\"2026-03-13T06:51:46+00:00\",\"mainEntityOfPage\":{\"@id\":\"https:\/\/infoecos.com.ar\/index.php\/la-agencia-nacional-de-seguridad-vial-fiscalizo-1-013-198-vehiculos-durante-el-verano-2026-y-continuara-con-las-acciones-durante-todo-el-ano\/\"},\"wordCount\":242,\"publisher\":{\"@id\":\"https:\/\/infoecos.com.ar\/#organization\"},\"image\":{\"@id\":\"https:\/\/infoecos.com.ar\/index.php\/la-agencia-nacional-de-seguridad-vial-fiscalizo-1-013-198-vehiculos-durante-el-verano-2026-y-continuara-con-las-acciones-durante-todo-el-ano\/#primaryimage\"},\"thumbnailUrl\":\"https:\/\/infoecos.com.ar\/wp-content\/uploads\/2026\/01\/ANSV-1.jpg\",\"keywords\":[\"Bloque inferior\"],\"inLanguage\":\"es\"},{\"@type\":\"WebPage\",\"@id\":\"https:\/\/infoecos.com.ar\/index.php\/la-agencia-nacional-de-seguridad-vial-fiscalizo-1-013-198-vehiculos-durante-el-verano-2026-y-continuara-con-las-acciones-durante-todo-el-ano\/\",\"url\":\"https:\/\/infoecos.com.ar\/index.php\/la-agencia-nacional-de-seguridad-vial-fiscalizo-1-013-198-vehiculos-durante-el-verano-2026-y-continuara-con-las-acciones-durante-todo-el-ano\/\",\"name\":\"La Agencia Nacional de Seguridad Vial \u00a0fiscaliz\u00f3 1.013.198 veh\u00edculos durante el Verano 2026 y continuar\u00e1 con las acciones durante todo el a\u00f1o - Infoecos\",\"isPartOf\":{\"@id\":\"https:\/\/infoecos.com.ar\/#website\"},\"primaryImageOfPage\":{\"@id\":\"https:\/\/infoecos.com.ar\/index.php\/la-agencia-nacional-de-seguridad-vial-fiscalizo-1-013-198-vehiculos-durante-el-verano-2026-y-continuara-con-las-acciones-durante-todo-el-ano\/#primaryimage\"},\"image\":{\"@id\":\"https:\/\/infoecos.com.ar\/index.php\/la-agencia-nacional-de-seguridad-vial-fiscalizo-1-013-198-vehiculos-durante-el-verano-2026-y-continuara-con-las-acciones-durante-todo-el-ano\/#primaryimage\"},\"thumbnailUrl\":\"https:\/\/infoecos.com.ar\/wp-content\/uploads\/2026\/01\/ANSV-1.jpg\",\"datePublished\":\"2026-03-06T23:12:37+00:00\",\"dateModified\":\"2026-03-13T06:51:46+00:00\",\"breadcrumb\":{\"@id\":\"https:\/\/infoecos.com.ar\/index.php\/la-agencia-nacional-de-seguridad-vial-fiscalizo-1-013-198-vehiculos-durante-el-verano-2026-y-continuara-con-las-acciones-durante-todo-el-ano\/#breadcrumb\"},\"inLanguage\":\"es\",\"potentialAction\":[{\"@type\":\"ReadAction\",\"target\":[\"https:\/\/infoecos.com.ar\/index.php\/la-agencia-nacional-de-seguridad-vial-fiscalizo-1-013-198-vehiculos-durante-el-verano-2026-y-continuara-con-las-acciones-durante-todo-el-ano\/\"]}]},{\"@type\":\"ImageObject\",\"inLanguage\":\"es\",\"@id\":\"https:\/\/infoecos.com.ar\/index.php\/la-agencia-nacional-de-seguridad-vial-fiscalizo-1-013-198-vehiculos-durante-el-verano-2026-y-continuara-con-las-acciones-durante-todo-el-ano\/#primaryimage\",\"url\":\"https:\/\/infoecos.com.ar\/wp-content\/uploads\/2026\/01\/ANSV-1.jpg\",\"contentUrl\":\"https:\/\/infoecos.com.ar\/wp-content\/uploads\/2026\/01\/ANSV-1.jpg\",\"width\":960,\"height\":1280},{\"@type\":\"BreadcrumbList\",\"@id\":\"https:\/\/infoecos.com.ar\/index.php\/la-agencia-nacional-de-seguridad-vial-fiscalizo-1-013-198-vehiculos-durante-el-verano-2026-y-continuara-con-las-acciones-durante-todo-el-ano\/#breadcrumb\",\"itemListElement\":[{\"@type\":\"ListItem\",\"position\":1,\"name\":\"Portada\",\"item\":\"https:\/\/infoecos.com.ar\/\"},{\"@type\":\"ListItem\",\"position\":2,\"name\":\"La Agencia Nacional de Seguridad Vial \u00a0fiscaliz\u00f3 1.013.198 veh\u00edculos durante el Verano 2026 y continuar\u00e1 con las acciones durante todo el a\u00f1o\"}]},{\"@type\":\"WebSite\",\"@id\":\"https:\/\/infoecos.com.ar\/#website\",\"url\":\"https:\/\/infoecos.com.ar\/\",\"name\":\"Infoecos\",\"description\":\"Noticias de trenque lauquen y la zona\",\"publisher\":{\"@id\":\"https:\/\/infoecos.com.ar\/#organization\"},\"alternateName\":\"Noticias\",\"potentialAction\":[{\"@type\":\"SearchAction\",\"target\":{\"@type\":\"EntryPoint\",\"urlTemplate\":\"https:\/\/infoecos.com.ar\/?s={search_term_string}\"},\"query-input\":{\"@type\":\"PropertyValueSpecification\",\"valueRequired\":true,\"valueName\":\"search_term_string\"}}],\"inLanguage\":\"es\"},{\"@type\":\"Organization\",\"@id\":\"https:\/\/infoecos.com.ar\/#organization\",\"name\":\"Infoecos\",\"alternateName\":\"Noticias\",\"url\":\"https:\/\/infoecos.com.ar\/\",\"logo\":{\"@type\":\"ImageObject\",\"inLanguage\":\"es\",\"@id\":\"https:\/\/infoecos.com.ar\/#\/schema\/logo\/image\/\",\"url\":\"https:\/\/infoecos.com.ar\/wp-content\/uploads\/2024\/03\/cropped-logo.png\",\"contentUrl\":\"https:\/\/infoecos.com.ar\/wp-content\/uploads\/2024\/03\/cropped-logo.png\",\"width\":374,\"height\":90,\"caption\":\"Infoecos\"},\"image\":{\"@id\":\"https:\/\/infoecos.com.ar\/#\/schema\/logo\/image\/\"},\"sameAs\":[\"https:\/\/www.facebook.com\/profile.php?id=100063200290284\",\"https:\/\/x.com\/infoecos\"]},{\"@type\":\"Person\",\"@id\":\"https:\/\/infoecos.com.ar\/#\/schema\/person\/8f5ace5ce73b4b4aac4b7245aee6f191\",\"name\":\"Jorge Matheus\",\"url\":\"https:\/\/infoecos.com.ar\/index.php\/author\/jomatheus\/\"}]}<\/script>\n<!-- \/ Yoast SEO plugin. -->","yoast_head_json":{"title":"La Agencia Nacional de Seguridad Vial \u00a0fiscaliz\u00f3 1.013.198 veh\u00edculos durante el Verano 2026 y continuar\u00e1 con las acciones durante todo el a\u00f1o - Infoecos","robots":{"index":"index","follow":"follow","max-snippet":"max-snippet:-1","max-image-preview":"max-image-preview:large","max-video-preview":"max-video-preview:-1"},"canonical":"https:\/\/infoecos.com.ar\/index.php\/la-agencia-nacional-de-seguridad-vial-fiscalizo-1-013-198-vehiculos-durante-el-verano-2026-y-continuara-con-las-acciones-durante-todo-el-ano\/","og_locale":"es_ES","og_type":"article","og_title":"La Agencia Nacional de Seguridad Vial \u00a0fiscaliz\u00f3 1.013.198 veh\u00edculos durante el Verano 2026 y continuar\u00e1 con las acciones durante todo el a\u00f1o - Infoecos","og_description":"Foto de archivo: En total se labraron *23.527 infracciones*","og_url":"https:\/\/infoecos.com.ar\/index.php\/la-agencia-nacional-de-seguridad-vial-fiscalizo-1-013-198-vehiculos-durante-el-verano-2026-y-continuara-con-las-acciones-durante-todo-el-ano\/","og_site_name":"Infoecos","article_publisher":"https:\/\/www.facebook.com\/profile.php?id=100063200290284","article_published_time":"2026-03-06T23:12:37+00:00","article_modified_time":"2026-03-13T06:51:46+00:00","og_image":[{"width":960,"height":1280,"url":"https:\/\/infoecos.com.ar\/wp-content\/uploads\/2026\/01\/ANSV-1.jpg","type":"image\/jpeg"}],"author":"Jorge Matheus","twitter_card":"summary_large_image","twitter_creator":"@infoecos","twitter_site":"@infoecos","twitter_misc":{"Escrito por":"Jorge Matheus","Tiempo de lectura":"2 minutos"},"schema":{"@context":"https:\/\/schema.org","@graph":[{"@type":"Article","@id":"https:\/\/infoecos.com.ar\/index.php\/la-agencia-nacional-de-seguridad-vial-fiscalizo-1-013-198-vehiculos-durante-el-verano-2026-y-continuara-con-las-acciones-durante-todo-el-ano\/#article","isPartOf":{"@id":"https:\/\/infoecos.com.ar\/index.php\/la-agencia-nacional-de-seguridad-vial-fiscalizo-1-013-198-vehiculos-durante-el-verano-2026-y-continuara-con-las-acciones-durante-todo-el-ano\/"},"author":{"name":"Jorge Matheus","@id":"https:\/\/infoecos.com.ar\/#\/schema\/person\/8f5ace5ce73b4b4aac4b7245aee6f191"},"headline":"La Agencia Nacional de Seguridad Vial \u00a0fiscaliz\u00f3 1.013.198 veh\u00edculos durante el Verano 2026 y continuar\u00e1 con las acciones durante todo el a\u00f1o","datePublished":"2026-03-06T23:12:37+00:00","dateModified":"2026-03-13T06:51:46+00:00","mainEntityOfPage":{"@id":"https:\/\/infoecos.com.ar\/index.php\/la-agencia-nacional-de-seguridad-vial-fiscalizo-1-013-198-vehiculos-durante-el-verano-2026-y-continuara-con-las-acciones-durante-todo-el-ano\/"},"wordCount":242,"publisher":{"@id":"https:\/\/infoecos.com.ar\/#organization"},"image":{"@id":"https:\/\/infoecos.com.ar\/index.php\/la-agencia-nacional-de-seguridad-vial-fiscalizo-1-013-198-vehiculos-durante-el-verano-2026-y-continuara-con-las-acciones-durante-todo-el-ano\/#primaryimage"},"thumbnailUrl":"https:\/\/infoecos.com.ar\/wp-content\/uploads\/2026\/01\/ANSV-1.jpg","keywords":["Bloque inferior"],"inLanguage":"es"},{"@type":"WebPage","@id":"https:\/\/infoecos.com.ar\/index.php\/la-agencia-nacional-de-seguridad-vial-fiscalizo-1-013-198-vehiculos-durante-el-verano-2026-y-continuara-con-las-acciones-durante-todo-el-ano\/","url":"https:\/\/infoecos.com.ar\/index.php\/la-agencia-nacional-de-seguridad-vial-fiscalizo-1-013-198-vehiculos-durante-el-verano-2026-y-continuara-con-las-acciones-durante-todo-el-ano\/","name":"La Agencia Nacional de Seguridad Vial \u00a0fiscaliz\u00f3 1.013.198 veh\u00edculos durante el Verano 2026 y continuar\u00e1 con las acciones durante todo el a\u00f1o - Infoecos","isPartOf":{"@id":"https:\/\/infoecos.com.ar\/#website"},"primaryImageOfPage":{"@id":"https:\/\/infoecos.com.ar\/index.php\/la-agencia-nacional-de-seguridad-vial-fiscalizo-1-013-198-vehiculos-durante-el-verano-2026-y-continuara-con-las-acciones-durante-todo-el-ano\/#primaryimage"},"image":{"@id":"https:\/\/infoecos.com.ar\/index.php\/la-agencia-nacional-de-seguridad-vial-fiscalizo-1-013-198-vehiculos-durante-el-verano-2026-y-continuara-con-las-acciones-durante-todo-el-ano\/#primaryimage"},"thumbnailUrl":"https:\/\/infoecos.com.ar\/wp-content\/uploads\/2026\/01\/ANSV-1.jpg","datePublished":"2026-03-06T23:12:37+00:00","dateModified":"2026-03-13T06:51:46+00:00","breadcrumb":{"@id":"https:\/\/infoecos.com.ar\/index.php\/la-agencia-nacional-de-seguridad-vial-fiscalizo-1-013-198-vehiculos-durante-el-verano-2026-y-continuara-con-las-acciones-durante-todo-el-ano\/#breadcrumb"},"inLanguage":"es","potentialAction":[{"@type":"ReadAction","target":["https:\/\/infoecos.com.ar\/index.php\/la-agencia-nacional-de-seguridad-vial-fiscalizo-1-013-198-vehiculos-durante-el-verano-2026-y-continuara-con-las-acciones-durante-todo-el-ano\/"]}]},{"@type":"ImageObject","inLanguage":"es","@id":"https:\/\/infoecos.com.ar\/index.php\/la-agencia-nacional-de-seguridad-vial-fiscalizo-1-013-198-vehiculos-durante-el-verano-2026-y-continuara-con-las-acciones-durante-todo-el-ano\/#primaryimage","url":"https:\/\/infoecos.com.ar\/wp-content\/uploads\/2026\/01\/ANSV-1.jpg","contentUrl":"https:\/\/infoecos.com.ar\/wp-content\/uploads\/2026\/01\/ANSV-1.jpg","width":960,"height":1280},{"@type":"BreadcrumbList","@id":"https:\/\/infoecos.com.ar\/index.php\/la-agencia-nacional-de-seguridad-vial-fiscalizo-1-013-198-vehiculos-durante-el-verano-2026-y-continuara-con-las-acciones-durante-todo-el-ano\/#breadcrumb","itemListElement":[{"@type":"ListItem","position":1,"name":"Portada","item":"https:\/\/infoecos.com.ar\/"},{"@type":"ListItem","position":2,"name":"La Agencia Nacional de Seguridad Vial \u00a0fiscaliz\u00f3 1.013.198 veh\u00edculos durante el Verano 2026 y continuar\u00e1 con las acciones durante todo el a\u00f1o"}]},{"@type":"WebSite","@id":"https:\/\/infoecos.com.ar\/#website","url":"https:\/\/infoecos.com.ar\/","name":"Infoecos","description":"Noticias de trenque lauquen y la zona","publisher":{"@id":"https:\/\/infoecos.com.ar\/#organization"},"alternateName":"Noticias","potentialAction":[{"@type":"SearchAction","target":{"@type":"EntryPoint","urlTemplate":"https:\/\/infoecos.com.ar\/?s={search_term_string}"},"query-input":{"@type":"PropertyValueSpecification","valueRequired":true,"valueName":"search_term_string"}}],"inLanguage":"es"},{"@type":"Organization","@id":"https:\/\/infoecos.com.ar\/#organization","name":"Infoecos","alternateName":"Noticias","url":"https:\/\/infoecos.com.ar\/","logo":{"@type":"ImageObject","inLanguage":"es","@id":"https:\/\/infoecos.com.ar\/#\/schema\/logo\/image\/","url":"https:\/\/infoecos.com.ar\/wp-content\/uploads\/2024\/03\/cropped-logo.png","contentUrl":"https:\/\/infoecos.com.ar\/wp-content\/uploads\/2024\/03\/cropped-logo.png","width":374,"height":90,"caption":"Infoecos"},"image":{"@id":"https:\/\/infoecos.com.ar\/#\/schema\/logo\/image\/"},"sameAs":["https:\/\/www.facebook.com\/profile.php?id=100063200290284","https:\/\/x.com\/infoecos"]},{"@type":"Person","@id":"https:\/\/infoecos.com.ar\/#\/schema\/person\/8f5ace5ce73b4b4aac4b7245aee6f191","name":"Jorge Matheus","url":"https:\/\/infoecos.com.ar\/index.php\/author\/jomatheus\/"}]}},"featured_image_urls":{"full":["https:\/\/infoecos.com.ar\/wp-content\/uploads\/2026\/01\/ANSV-1.jpg",960,1280,false],"thumbnail":["https:\/\/infoecos.com.ar\/wp-content\/uploads\/2026\/01\/ANSV-1-300x150.jpg",300,150,true],"medium":["https:\/\/infoecos.com.ar\/wp-content\/uploads\/2026\/01\/ANSV-1-600x800.jpg",600,800,true],"medium_large":["https:\/\/infoecos.com.ar\/wp-content\/uploads\/2026\/01\/ANSV-1-768x1024.jpg",640,853,true],"large":["https:\/\/infoecos.com.ar\/wp-content\/uploads\/2026\/01\/ANSV-1.jpg",640,853,false],"1536x1536":["https:\/\/infoecos.com.ar\/wp-content\/uploads\/2026\/01\/ANSV-1.jpg",960,1280,false],"2048x2048":["https:\/\/infoecos.com.ar\/wp-content\/uploads\/2026\/01\/ANSV-1.jpg",960,1280,false],"covernews-slider-full":["https:\/\/infoecos.com.ar\/wp-content\/uploads\/2026\/01\/ANSV-1-960x715.jpg",960,715,true],"covernews-slider-center":["https:\/\/infoecos.com.ar\/wp-content\/uploads\/2026\/01\/ANSV-1-800x500.jpg",800,500,true],"covernews-featured":["https:\/\/infoecos.com.ar\/wp-content\/uploads\/2026\/01\/ANSV-1.jpg",960,1280,false],"covernews-medium":["https:\/\/infoecos.com.ar\/wp-content\/uploads\/2026\/01\/ANSV-1-540x340.jpg",540,340,true],"covernews-medium-square":["https:\/\/infoecos.com.ar\/wp-content\/uploads\/2026\/01\/ANSV-1-400x250.jpg",400,250,true]},"author_info":{"info":["Jorge Matheus"]},"category_info":"<a href=\"https:\/\/infoecos.com.ar\/index.php\/category\/sin-categoria\/\" rel=\"category tag\">Sin categor\u00eda<\/a>","tag_info":"Sin categor\u00eda","comment_count":"0","_links":{"self":[{"href":"https:\/\/infoecos.com.ar\/index.php\/wp-json\/wp\/v2\/posts\/154603"}],"collection":[{"href":"https:\/\/infoecos.com.ar\/index.php\/wp-json\/wp\/v2\/posts"}],"about":[{"href":"https:\/\/infoecos.com.ar\/index.php\/wp-json\/wp\/v2\/types\/post"}],"author":[{"embeddable":true,"href":"https:\/\/infoecos.com.ar\/index.php\/wp-json\/wp\/v2\/users\/2"}],"replies":[{"embeddable":true,"href":"https:\/\/infoecos.com.ar\/index.php\/wp-json\/wp\/v2\/comments?post=154603"}],"version-history":[{"count":1,"href":"https:\/\/infoecos.com.ar\/index.php\/wp-json\/wp\/v2\/posts\/154603\/revisions"}],"predecessor-version":[{"id":154605,"href":"https:\/\/infoecos.com.ar\/index.php\/wp-json\/wp\/v2\/posts\/154603\/revisions\/154605"}],"wp:featuredmedia":[{"embeddable":true,"href":"https:\/\/infoecos.com.ar\/index.php\/wp-json\/wp\/v2\/media\/152662"}],"wp:attachment":[{"href":"https:\/\/infoecos.com.ar\/index.php\/wp-json\/wp\/v2\/media?parent=154603"}],"wp:term":[{"taxonomy":"category","embeddable":true,"href":"https:\/\/infoecos.com.ar\/index.php\/wp-json\/wp\/v2\/categories?post=154603"},{"taxonomy":"post_tag","embeddable":true,"href":"https:\/\/infoecos.com.ar\/index.php\/wp-json\/wp\/v2\/tags?post=154603"}],"curies":[{"name":"wp","href":"https:\/\/api.w.org\/{rel}","templated":true}]}}