{"id":154606,"date":"2026-03-06T20:41:57","date_gmt":"2026-03-06T23:41:57","guid":{"rendered":"https:\/\/infoecos.com.ar\/?p=154606"},"modified":"2026-03-09T03:51:35","modified_gmt":"2026-03-09T06:51:35","slug":"allanamiento-en-una-vivienda-del-barrio-pos-via-de-america-por-comercializacion-ilegal-de-especies-protegidas","status":"publish","type":"post","link":"https:\/\/infoecos.com.ar\/index.php\/allanamiento-en-una-vivienda-del-barrio-pos-via-de-america-por-comercializacion-ilegal-de-especies-protegidas\/","title":{"rendered":"Allanamiento en una vivienda del barrio Pos V\u00eda de Am\u00e9rica por comercializaci\u00f3n ilegal de especies protegidas"},"content":{"rendered":"\n<p>Se realiz\u00f3 un allanamiento en una vivienda del barrio Pos V\u00edas de Am\u00e9rica, donde se detect\u00f3 la presunta comercializaci\u00f3n ilegal de especies protegidas, luego de una investigaci\u00f3n por infracci\u00f3n a la Ley 22.421 de Conservaci\u00f3n de la Fauna. La informaci\u00f3n y video publicada por el sitio <strong>Rivadaviaonline.com.ar <\/strong><\/p>\n\n\n\n<p>El procedimiento fue llevado adelante por personal de la Comisar\u00eda de Rivadavia, junto a efectivos de la DDI General Villegas, Polic\u00eda Federal Argentina y agentes del Ministerio de Ambiente y Desarrollo Sostenible de la Naci\u00f3n, en cumplimiento de una orden del Juzgado de Garant\u00edas N\u00b03 del Departamento Judicial Trenque Lauquen.<\/p>\n\n\n\n<p>Se secuestraron varias especies de aves protegidas, entre ellas flamencos, loros habladores, brasitas, isabelitas, pica huesos, rey del bosque, pepitero del collar, man\u00f3n, adem\u00e1s de guacamayos y tortugas. Tambi\u00e9n se incaut\u00f3 un trofeo de caza (taxidermia de ant\u00edlope) y otros elementos de inter\u00e9s para la causa.<\/p>\n\n\n\n<figure class=\"wp-block-image size-large\"><img loading=\"lazy\" decoding=\"async\" width=\"1600\" height=\"1059\" src=\"https:\/\/infoecos.com.ar\/wp-content\/uploads\/2026\/03\/image-51-1600x1059.png\" alt=\"\" class=\"wp-image-154608\" srcset=\"https:\/\/infoecos.com.ar\/wp-content\/uploads\/2026\/03\/image-51-1600x1059.png 1600w, https:\/\/infoecos.com.ar\/wp-content\/uploads\/2026\/03\/image-51-800x530.png 800w, https:\/\/infoecos.com.ar\/wp-content\/uploads\/2026\/03\/image-51-768x509.png 768w, https:\/\/infoecos.com.ar\/wp-content\/uploads\/2026\/03\/image-51-1536x1017.png 1536w, https:\/\/infoecos.com.ar\/wp-content\/uploads\/2026\/03\/image-51-1024x678.png 1024w, https:\/\/infoecos.com.ar\/wp-content\/uploads\/2026\/03\/image-51.png 2048w\" sizes=\"(max-width: 1600px) 100vw, 1600px\" \/><\/figure>\n\n\n\n<p>Los animales quedaron al resguardo del personal del Complejo Ecol\u00f3gico de Am\u00e9rica, donde permanecer\u00e1n a disposici\u00f3n de la Justicia.<\/p>\n\n\n\n<p>La causa es investigada por la UFI N\u00b06 del Departamento Judicial Trenque Lauquen, a cargo del Dr. Fabio Arcomano.<\/p>\n\n\n\n<figure class=\"wp-block-video\"><video controls src=\"https:\/\/infoecos.com.ar\/wp-content\/uploads\/2026\/03\/AQMn1pCXuF3_t6ZlIXtOfgYUVyWZC7DllT9NCwgfVmg4UPznYtfSvhHWMxBUTSg1wPYfEstIY__vUCBUOGLDD6Tb.mp4\"><\/video><\/figure>\n","protected":false},"excerpt":{"rendered":"<p>Flamencos, loros habladores, brasitas, isabelitas, pica huesos, rey del bosque, pepitero del collar, man\u00f3n, adem\u00e1s de guacamayos y tortugas. La informaci\u00f3n contiene un video de rivadaviaonline.com.ar <\/p>\n","protected":false},"author":2,"featured_media":154608,"comment_status":"closed","ping_status":"open","sticky":false,"template":"","format":"standard","meta":{"footnotes":""},"categories":[1],"tags":[10304],"class_list":["post-154606","post","type-post","status-publish","format-standard","has-post-thumbnail","hentry","category-sin-categoria","tag-actualidad"],"yoast_head":"<!-- This site is optimized with the Yoast SEO plugin v23.4 - https:\/\/yoast.com\/wordpress\/plugins\/seo\/ -->\n<title>Allanamiento en una vivienda del barrio Pos V\u00eda de Am\u00e9rica por comercializaci\u00f3n ilegal de especies protegidas - Infoecos<\/title>\n<meta name=\"robots\" content=\"index, follow, max-snippet:-1, max-image-preview:large, max-video-preview:-1\" \/>\n<link rel=\"canonical\" href=\"https:\/\/infoecos.com.ar\/index.php\/allanamiento-en-una-vivienda-del-barrio-pos-via-de-america-por-comercializacion-ilegal-de-especies-protegidas\/\" \/>\n<meta property=\"og:locale\" content=\"es_ES\" \/>\n<meta property=\"og:type\" content=\"article\" \/>\n<meta property=\"og:title\" content=\"Allanamiento en una vivienda del barrio Pos V\u00eda de Am\u00e9rica por comercializaci\u00f3n ilegal de especies protegidas - Infoecos\" \/>\n<meta property=\"og:description\" content=\"Flamencos, loros habladores, brasitas, isabelitas, pica huesos, rey del bosque, pepitero del collar, man\u00f3n, adem\u00e1s de guacamayos y tortugas. La informaci\u00f3n contiene un video de rivadaviaonline.com.ar\" \/>\n<meta property=\"og:url\" content=\"https:\/\/infoecos.com.ar\/index.php\/allanamiento-en-una-vivienda-del-barrio-pos-via-de-america-por-comercializacion-ilegal-de-especies-protegidas\/\" \/>\n<meta property=\"og:site_name\" content=\"Infoecos\" \/>\n<meta property=\"article:publisher\" content=\"https:\/\/www.facebook.com\/profile.php?id=100063200290284\" \/>\n<meta property=\"article:published_time\" content=\"2026-03-06T23:41:57+00:00\" \/>\n<meta property=\"article:modified_time\" content=\"2026-03-09T06:51:35+00:00\" \/>\n<meta property=\"og:image\" content=\"https:\/\/infoecos.com.ar\/wp-content\/uploads\/2026\/03\/image-51-1600x1059.png\" \/>\n\t<meta property=\"og:image:width\" content=\"1600\" \/>\n\t<meta property=\"og:image:height\" content=\"1059\" \/>\n\t<meta property=\"og:image:type\" content=\"image\/png\" \/>\n<meta name=\"author\" content=\"Jorge Matheus\" \/>\n<meta name=\"twitter:card\" content=\"summary_large_image\" \/>\n<meta name=\"twitter:creator\" content=\"@infoecos\" \/>\n<meta name=\"twitter:site\" content=\"@infoecos\" \/>\n<meta name=\"twitter:label1\" content=\"Escrito por\" \/>\n\t<meta name=\"twitter:data1\" content=\"Jorge Matheus\" \/>\n\t<meta name=\"twitter:label2\" content=\"Tiempo de lectura\" \/>\n\t<meta name=\"twitter:data2\" content=\"2 minutos\" \/>\n<script type=\"application\/ld+json\" class=\"yoast-schema-graph\">{\"@context\":\"https:\/\/schema.org\",\"@graph\":[{\"@type\":\"Article\",\"@id\":\"https:\/\/infoecos.com.ar\/index.php\/allanamiento-en-una-vivienda-del-barrio-pos-via-de-america-por-comercializacion-ilegal-de-especies-protegidas\/#article\",\"isPartOf\":{\"@id\":\"https:\/\/infoecos.com.ar\/index.php\/allanamiento-en-una-vivienda-del-barrio-pos-via-de-america-por-comercializacion-ilegal-de-especies-protegidas\/\"},\"author\":{\"name\":\"Jorge Matheus\",\"@id\":\"https:\/\/infoecos.com.ar\/#\/schema\/person\/8f5ace5ce73b4b4aac4b7245aee6f191\"},\"headline\":\"Allanamiento en una vivienda del barrio Pos V\u00eda de Am\u00e9rica por comercializaci\u00f3n ilegal de especies protegidas\",\"datePublished\":\"2026-03-06T23:41:57+00:00\",\"dateModified\":\"2026-03-09T06:51:35+00:00\",\"mainEntityOfPage\":{\"@id\":\"https:\/\/infoecos.com.ar\/index.php\/allanamiento-en-una-vivienda-del-barrio-pos-via-de-america-por-comercializacion-ilegal-de-especies-protegidas\/\"},\"wordCount\":221,\"publisher\":{\"@id\":\"https:\/\/infoecos.com.ar\/#organization\"},\"image\":{\"@id\":\"https:\/\/infoecos.com.ar\/index.php\/allanamiento-en-una-vivienda-del-barrio-pos-via-de-america-por-comercializacion-ilegal-de-especies-protegidas\/#primaryimage\"},\"thumbnailUrl\":\"https:\/\/infoecos.com.ar\/wp-content\/uploads\/2026\/03\/image-51.png\",\"keywords\":[\"Actualidad\"],\"inLanguage\":\"es\"},{\"@type\":\"WebPage\",\"@id\":\"https:\/\/infoecos.com.ar\/index.php\/allanamiento-en-una-vivienda-del-barrio-pos-via-de-america-por-comercializacion-ilegal-de-especies-protegidas\/\",\"url\":\"https:\/\/infoecos.com.ar\/index.php\/allanamiento-en-una-vivienda-del-barrio-pos-via-de-america-por-comercializacion-ilegal-de-especies-protegidas\/\",\"name\":\"Allanamiento en una vivienda del barrio Pos V\u00eda de Am\u00e9rica por comercializaci\u00f3n ilegal de especies protegidas - Infoecos\",\"isPartOf\":{\"@id\":\"https:\/\/infoecos.com.ar\/#website\"},\"primaryImageOfPage\":{\"@id\":\"https:\/\/infoecos.com.ar\/index.php\/allanamiento-en-una-vivienda-del-barrio-pos-via-de-america-por-comercializacion-ilegal-de-especies-protegidas\/#primaryimage\"},\"image\":{\"@id\":\"https:\/\/infoecos.com.ar\/index.php\/allanamiento-en-una-vivienda-del-barrio-pos-via-de-america-por-comercializacion-ilegal-de-especies-protegidas\/#primaryimage\"},\"thumbnailUrl\":\"https:\/\/infoecos.com.ar\/wp-content\/uploads\/2026\/03\/image-51.png\",\"datePublished\":\"2026-03-06T23:41:57+00:00\",\"dateModified\":\"2026-03-09T06:51:35+00:00\",\"breadcrumb\":{\"@id\":\"https:\/\/infoecos.com.ar\/index.php\/allanamiento-en-una-vivienda-del-barrio-pos-via-de-america-por-comercializacion-ilegal-de-especies-protegidas\/#breadcrumb\"},\"inLanguage\":\"es\",\"potentialAction\":[{\"@type\":\"ReadAction\",\"target\":[\"https:\/\/infoecos.com.ar\/index.php\/allanamiento-en-una-vivienda-del-barrio-pos-via-de-america-por-comercializacion-ilegal-de-especies-protegidas\/\"]}]},{\"@type\":\"ImageObject\",\"inLanguage\":\"es\",\"@id\":\"https:\/\/infoecos.com.ar\/index.php\/allanamiento-en-una-vivienda-del-barrio-pos-via-de-america-por-comercializacion-ilegal-de-especies-protegidas\/#primaryimage\",\"url\":\"https:\/\/infoecos.com.ar\/wp-content\/uploads\/2026\/03\/image-51.png\",\"contentUrl\":\"https:\/\/infoecos.com.ar\/wp-content\/uploads\/2026\/03\/image-51.png\",\"width\":2048,\"height\":1356},{\"@type\":\"BreadcrumbList\",\"@id\":\"https:\/\/infoecos.com.ar\/index.php\/allanamiento-en-una-vivienda-del-barrio-pos-via-de-america-por-comercializacion-ilegal-de-especies-protegidas\/#breadcrumb\",\"itemListElement\":[{\"@type\":\"ListItem\",\"position\":1,\"name\":\"Portada\",\"item\":\"https:\/\/infoecos.com.ar\/\"},{\"@type\":\"ListItem\",\"position\":2,\"name\":\"Allanamiento en una vivienda del barrio Pos V\u00eda de Am\u00e9rica por comercializaci\u00f3n ilegal de especies protegidas\"}]},{\"@type\":\"WebSite\",\"@id\":\"https:\/\/infoecos.com.ar\/#website\",\"url\":\"https:\/\/infoecos.com.ar\/\",\"name\":\"Infoecos\",\"description\":\"Noticias de trenque lauquen y la zona\",\"publisher\":{\"@id\":\"https:\/\/infoecos.com.ar\/#organization\"},\"alternateName\":\"Noticias\",\"potentialAction\":[{\"@type\":\"SearchAction\",\"target\":{\"@type\":\"EntryPoint\",\"urlTemplate\":\"https:\/\/infoecos.com.ar\/?s={search_term_string}\"},\"query-input\":{\"@type\":\"PropertyValueSpecification\",\"valueRequired\":true,\"valueName\":\"search_term_string\"}}],\"inLanguage\":\"es\"},{\"@type\":\"Organization\",\"@id\":\"https:\/\/infoecos.com.ar\/#organization\",\"name\":\"Infoecos\",\"alternateName\":\"Noticias\",\"url\":\"https:\/\/infoecos.com.ar\/\",\"logo\":{\"@type\":\"ImageObject\",\"inLanguage\":\"es\",\"@id\":\"https:\/\/infoecos.com.ar\/#\/schema\/logo\/image\/\",\"url\":\"https:\/\/infoecos.com.ar\/wp-content\/uploads\/2024\/03\/cropped-logo.png\",\"contentUrl\":\"https:\/\/infoecos.com.ar\/wp-content\/uploads\/2024\/03\/cropped-logo.png\",\"width\":374,\"height\":90,\"caption\":\"Infoecos\"},\"image\":{\"@id\":\"https:\/\/infoecos.com.ar\/#\/schema\/logo\/image\/\"},\"sameAs\":[\"https:\/\/www.facebook.com\/profile.php?id=100063200290284\",\"https:\/\/x.com\/infoecos\"]},{\"@type\":\"Person\",\"@id\":\"https:\/\/infoecos.com.ar\/#\/schema\/person\/8f5ace5ce73b4b4aac4b7245aee6f191\",\"name\":\"Jorge Matheus\",\"url\":\"https:\/\/infoecos.com.ar\/index.php\/author\/jomatheus\/\"}]}<\/script>\n<!-- \/ Yoast SEO plugin. -->","yoast_head_json":{"title":"Allanamiento en una vivienda del barrio Pos V\u00eda de Am\u00e9rica por comercializaci\u00f3n ilegal de especies protegidas - Infoecos","robots":{"index":"index","follow":"follow","max-snippet":"max-snippet:-1","max-image-preview":"max-image-preview:large","max-video-preview":"max-video-preview:-1"},"canonical":"https:\/\/infoecos.com.ar\/index.php\/allanamiento-en-una-vivienda-del-barrio-pos-via-de-america-por-comercializacion-ilegal-de-especies-protegidas\/","og_locale":"es_ES","og_type":"article","og_title":"Allanamiento en una vivienda del barrio Pos V\u00eda de Am\u00e9rica por comercializaci\u00f3n ilegal de especies protegidas - Infoecos","og_description":"Flamencos, loros habladores, brasitas, isabelitas, pica huesos, rey del bosque, pepitero del collar, man\u00f3n, adem\u00e1s de guacamayos y tortugas. La informaci\u00f3n contiene un video de rivadaviaonline.com.ar","og_url":"https:\/\/infoecos.com.ar\/index.php\/allanamiento-en-una-vivienda-del-barrio-pos-via-de-america-por-comercializacion-ilegal-de-especies-protegidas\/","og_site_name":"Infoecos","article_publisher":"https:\/\/www.facebook.com\/profile.php?id=100063200290284","article_published_time":"2026-03-06T23:41:57+00:00","article_modified_time":"2026-03-09T06:51:35+00:00","og_image":[{"width":1600,"height":1059,"url":"https:\/\/infoecos.com.ar\/wp-content\/uploads\/2026\/03\/image-51-1600x1059.png","type":"image\/png"}],"author":"Jorge Matheus","twitter_card":"summary_large_image","twitter_creator":"@infoecos","twitter_site":"@infoecos","twitter_misc":{"Escrito por":"Jorge Matheus","Tiempo de lectura":"2 minutos"},"schema":{"@context":"https:\/\/schema.org","@graph":[{"@type":"Article","@id":"https:\/\/infoecos.com.ar\/index.php\/allanamiento-en-una-vivienda-del-barrio-pos-via-de-america-por-comercializacion-ilegal-de-especies-protegidas\/#article","isPartOf":{"@id":"https:\/\/infoecos.com.ar\/index.php\/allanamiento-en-una-vivienda-del-barrio-pos-via-de-america-por-comercializacion-ilegal-de-especies-protegidas\/"},"author":{"name":"Jorge Matheus","@id":"https:\/\/infoecos.com.ar\/#\/schema\/person\/8f5ace5ce73b4b4aac4b7245aee6f191"},"headline":"Allanamiento en una vivienda del barrio Pos V\u00eda de Am\u00e9rica por comercializaci\u00f3n ilegal de especies protegidas","datePublished":"2026-03-06T23:41:57+00:00","dateModified":"2026-03-09T06:51:35+00:00","mainEntityOfPage":{"@id":"https:\/\/infoecos.com.ar\/index.php\/allanamiento-en-una-vivienda-del-barrio-pos-via-de-america-por-comercializacion-ilegal-de-especies-protegidas\/"},"wordCount":221,"publisher":{"@id":"https:\/\/infoecos.com.ar\/#organization"},"image":{"@id":"https:\/\/infoecos.com.ar\/index.php\/allanamiento-en-una-vivienda-del-barrio-pos-via-de-america-por-comercializacion-ilegal-de-especies-protegidas\/#primaryimage"},"thumbnailUrl":"https:\/\/infoecos.com.ar\/wp-content\/uploads\/2026\/03\/image-51.png","keywords":["Actualidad"],"inLanguage":"es"},{"@type":"WebPage","@id":"https:\/\/infoecos.com.ar\/index.php\/allanamiento-en-una-vivienda-del-barrio-pos-via-de-america-por-comercializacion-ilegal-de-especies-protegidas\/","url":"https:\/\/infoecos.com.ar\/index.php\/allanamiento-en-una-vivienda-del-barrio-pos-via-de-america-por-comercializacion-ilegal-de-especies-protegidas\/","name":"Allanamiento en una vivienda del barrio Pos V\u00eda de Am\u00e9rica por comercializaci\u00f3n ilegal de especies protegidas - Infoecos","isPartOf":{"@id":"https:\/\/infoecos.com.ar\/#website"},"primaryImageOfPage":{"@id":"https:\/\/infoecos.com.ar\/index.php\/allanamiento-en-una-vivienda-del-barrio-pos-via-de-america-por-comercializacion-ilegal-de-especies-protegidas\/#primaryimage"},"image":{"@id":"https:\/\/infoecos.com.ar\/index.php\/allanamiento-en-una-vivienda-del-barrio-pos-via-de-america-por-comercializacion-ilegal-de-especies-protegidas\/#primaryimage"},"thumbnailUrl":"https:\/\/infoecos.com.ar\/wp-content\/uploads\/2026\/03\/image-51.png","datePublished":"2026-03-06T23:41:57+00:00","dateModified":"2026-03-09T06:51:35+00:00","breadcrumb":{"@id":"https:\/\/infoecos.com.ar\/index.php\/allanamiento-en-una-vivienda-del-barrio-pos-via-de-america-por-comercializacion-ilegal-de-especies-protegidas\/#breadcrumb"},"inLanguage":"es","potentialAction":[{"@type":"ReadAction","target":["https:\/\/infoecos.com.ar\/index.php\/allanamiento-en-una-vivienda-del-barrio-pos-via-de-america-por-comercializacion-ilegal-de-especies-protegidas\/"]}]},{"@type":"ImageObject","inLanguage":"es","@id":"https:\/\/infoecos.com.ar\/index.php\/allanamiento-en-una-vivienda-del-barrio-pos-via-de-america-por-comercializacion-ilegal-de-especies-protegidas\/#primaryimage","url":"https:\/\/infoecos.com.ar\/wp-content\/uploads\/2026\/03\/image-51.png","contentUrl":"https:\/\/infoecos.com.ar\/wp-content\/uploads\/2026\/03\/image-51.png","width":2048,"height":1356},{"@type":"BreadcrumbList","@id":"https:\/\/infoecos.com.ar\/index.php\/allanamiento-en-una-vivienda-del-barrio-pos-via-de-america-por-comercializacion-ilegal-de-especies-protegidas\/#breadcrumb","itemListElement":[{"@type":"ListItem","position":1,"name":"Portada","item":"https:\/\/infoecos.com.ar\/"},{"@type":"ListItem","position":2,"name":"Allanamiento en una vivienda del barrio Pos V\u00eda de Am\u00e9rica por comercializaci\u00f3n ilegal de especies protegidas"}]},{"@type":"WebSite","@id":"https:\/\/infoecos.com.ar\/#website","url":"https:\/\/infoecos.com.ar\/","name":"Infoecos","description":"Noticias de trenque lauquen y la zona","publisher":{"@id":"https:\/\/infoecos.com.ar\/#organization"},"alternateName":"Noticias","potentialAction":[{"@type":"SearchAction","target":{"@type":"EntryPoint","urlTemplate":"https:\/\/infoecos.com.ar\/?s={search_term_string}"},"query-input":{"@type":"PropertyValueSpecification","valueRequired":true,"valueName":"search_term_string"}}],"inLanguage":"es"},{"@type":"Organization","@id":"https:\/\/infoecos.com.ar\/#organization","name":"Infoecos","alternateName":"Noticias","url":"https:\/\/infoecos.com.ar\/","logo":{"@type":"ImageObject","inLanguage":"es","@id":"https:\/\/infoecos.com.ar\/#\/schema\/logo\/image\/","url":"https:\/\/infoecos.com.ar\/wp-content\/uploads\/2024\/03\/cropped-logo.png","contentUrl":"https:\/\/infoecos.com.ar\/wp-content\/uploads\/2024\/03\/cropped-logo.png","width":374,"height":90,"caption":"Infoecos"},"image":{"@id":"https:\/\/infoecos.com.ar\/#\/schema\/logo\/image\/"},"sameAs":["https:\/\/www.facebook.com\/profile.php?id=100063200290284","https:\/\/x.com\/infoecos"]},{"@type":"Person","@id":"https:\/\/infoecos.com.ar\/#\/schema\/person\/8f5ace5ce73b4b4aac4b7245aee6f191","name":"Jorge Matheus","url":"https:\/\/infoecos.com.ar\/index.php\/author\/jomatheus\/"}]}},"featured_image_urls":{"full":["https:\/\/infoecos.com.ar\/wp-content\/uploads\/2026\/03\/image-51.png",2048,1356,false],"thumbnail":["https:\/\/infoecos.com.ar\/wp-content\/uploads\/2026\/03\/image-51-300x150.png",300,150,true],"medium":["https:\/\/infoecos.com.ar\/wp-content\/uploads\/2026\/03\/image-51-800x530.png",800,530,true],"medium_large":["https:\/\/infoecos.com.ar\/wp-content\/uploads\/2026\/03\/image-51-768x509.png",640,424,true],"large":["https:\/\/infoecos.com.ar\/wp-content\/uploads\/2026\/03\/image-51-1600x1059.png",640,424,true],"1536x1536":["https:\/\/infoecos.com.ar\/wp-content\/uploads\/2026\/03\/image-51-1536x1017.png",1536,1017,true],"2048x2048":["https:\/\/infoecos.com.ar\/wp-content\/uploads\/2026\/03\/image-51.png",2048,1356,false],"covernews-slider-full":["https:\/\/infoecos.com.ar\/wp-content\/uploads\/2026\/03\/image-51-1115x715.png",1115,715,true],"covernews-slider-center":["https:\/\/infoecos.com.ar\/wp-content\/uploads\/2026\/03\/image-51-800x500.png",800,500,true],"covernews-featured":["https:\/\/infoecos.com.ar\/wp-content\/uploads\/2026\/03\/image-51-1024x678.png",1024,678,true],"covernews-medium":["https:\/\/infoecos.com.ar\/wp-content\/uploads\/2026\/03\/image-51-540x340.png",540,340,true],"covernews-medium-square":["https:\/\/infoecos.com.ar\/wp-content\/uploads\/2026\/03\/image-51-400x250.png",400,250,true]},"author_info":{"info":["Jorge Matheus"]},"category_info":"<a href=\"https:\/\/infoecos.com.ar\/index.php\/category\/sin-categoria\/\" rel=\"category tag\">Sin categor\u00eda<\/a>","tag_info":"Sin categor\u00eda","comment_count":"0","_links":{"self":[{"href":"https:\/\/infoecos.com.ar\/index.php\/wp-json\/wp\/v2\/posts\/154606"}],"collection":[{"href":"https:\/\/infoecos.com.ar\/index.php\/wp-json\/wp\/v2\/posts"}],"about":[{"href":"https:\/\/infoecos.com.ar\/index.php\/wp-json\/wp\/v2\/types\/post"}],"author":[{"embeddable":true,"href":"https:\/\/infoecos.com.ar\/index.php\/wp-json\/wp\/v2\/users\/2"}],"replies":[{"embeddable":true,"href":"https:\/\/infoecos.com.ar\/index.php\/wp-json\/wp\/v2\/comments?post=154606"}],"version-history":[{"count":1,"href":"https:\/\/infoecos.com.ar\/index.php\/wp-json\/wp\/v2\/posts\/154606\/revisions"}],"predecessor-version":[{"id":154609,"href":"https:\/\/infoecos.com.ar\/index.php\/wp-json\/wp\/v2\/posts\/154606\/revisions\/154609"}],"wp:featuredmedia":[{"embeddable":true,"href":"https:\/\/infoecos.com.ar\/index.php\/wp-json\/wp\/v2\/media\/154608"}],"wp:attachment":[{"href":"https:\/\/infoecos.com.ar\/index.php\/wp-json\/wp\/v2\/media?parent=154606"}],"wp:term":[{"taxonomy":"category","embeddable":true,"href":"https:\/\/infoecos.com.ar\/index.php\/wp-json\/wp\/v2\/categories?post=154606"},{"taxonomy":"post_tag","embeddable":true,"href":"https:\/\/infoecos.com.ar\/index.php\/wp-json\/wp\/v2\/tags?post=154606"}],"curies":[{"name":"wp","href":"https:\/\/api.w.org\/{rel}","templated":true}]}}