{"id":154610,"date":"2026-03-06T20:51:25","date_gmt":"2026-03-06T23:51:25","guid":{"rendered":"https:\/\/infoecos.com.ar\/?p=154610"},"modified":"2026-03-13T03:51:12","modified_gmt":"2026-03-13T06:51:12","slug":"trenque-lauquen-presente-en-los-festejos-del-bicentenario-del-regimiento-3-de-caballeria-del-ejercito-argentino-en-esquel","status":"publish","type":"post","link":"https:\/\/infoecos.com.ar\/index.php\/trenque-lauquen-presente-en-los-festejos-del-bicentenario-del-regimiento-3-de-caballeria-del-ejercito-argentino-en-esquel\/","title":{"rendered":"Trenque Lauquen presente en los festejos del Bicentenario del Regimiento 3 de Caballer\u00eda del Ej\u00e9rcito Argentino, en Esquel"},"content":{"rendered":"\n<p>Bicentenario del Regimiento 3 de Caballer\u00eda del Ej\u00e9rcito Argentino, que tiene asiento en la ciudad de Esquel (provincia de Chubut). De los actos realizados particip\u00f3 el Director de Cultura de Trenque Lauquen, en representaci\u00f3n del municipio, Profesor Guillermo Ru\u00edz. El funcionario comunal entreg\u00f3 a la unidad militar una escultura del general Conrado Villegas. <\/p>\n\n\n\n<p>El busto fue rescatado por la encargada del Museo Hist\u00f3rico Regional, In\u00e9s Maya, y restaurado por el artista pl\u00e1stico Germ\u00e1n Villamor. <\/p>\n\n\n\n<figure class=\"wp-block-gallery has-nested-images columns-default is-cropped wp-block-gallery-1 is-layout-flex wp-block-gallery-is-layout-flex\">\n<figure class=\"wp-block-image size-large\"><img loading=\"lazy\" decoding=\"async\" width=\"1600\" height=\"1200\" data-id=\"154612\" src=\"https:\/\/infoecos.com.ar\/wp-content\/uploads\/2026\/03\/Bicentenario-del-3-de-Caballeria-1-1600x1200.jpeg\" alt=\"\" class=\"wp-image-154612\" srcset=\"https:\/\/infoecos.com.ar\/wp-content\/uploads\/2026\/03\/Bicentenario-del-3-de-Caballeria-1-1600x1200.jpeg 1600w, https:\/\/infoecos.com.ar\/wp-content\/uploads\/2026\/03\/Bicentenario-del-3-de-Caballeria-1-800x600.jpeg 800w, https:\/\/infoecos.com.ar\/wp-content\/uploads\/2026\/03\/Bicentenario-del-3-de-Caballeria-1-768x576.jpeg 768w, https:\/\/infoecos.com.ar\/wp-content\/uploads\/2026\/03\/Bicentenario-del-3-de-Caballeria-1-1536x1152.jpeg 1536w, https:\/\/infoecos.com.ar\/wp-content\/uploads\/2026\/03\/Bicentenario-del-3-de-Caballeria-1-2048x1536.jpeg 2048w, https:\/\/infoecos.com.ar\/wp-content\/uploads\/2026\/03\/Bicentenario-del-3-de-Caballeria-1-1024x768.jpeg 1024w\" sizes=\"(max-width: 1600px) 100vw, 1600px\" \/><\/figure>\n\n\n\n<figure class=\"wp-block-image size-large\"><img loading=\"lazy\" decoding=\"async\" width=\"960\" height=\"755\" data-id=\"154611\" src=\"https:\/\/infoecos.com.ar\/wp-content\/uploads\/2026\/03\/Bicentenario-del-3-de-Caballeria-2.jpeg\" alt=\"\" class=\"wp-image-154611\" srcset=\"https:\/\/infoecos.com.ar\/wp-content\/uploads\/2026\/03\/Bicentenario-del-3-de-Caballeria-2.jpeg 960w, https:\/\/infoecos.com.ar\/wp-content\/uploads\/2026\/03\/Bicentenario-del-3-de-Caballeria-2-800x629.jpeg 800w, https:\/\/infoecos.com.ar\/wp-content\/uploads\/2026\/03\/Bicentenario-del-3-de-Caballeria-2-768x604.jpeg 768w\" sizes=\"(max-width: 960px) 100vw, 960px\" \/><\/figure>\n<\/figure>\n\n\n\n<p>Los festejos por el bicentenario de la unidad se extienden hasta ma\u00f1ana s\u00e1bado con la participaci\u00f3n de generales, jefes de distintas \u00e9pocas de la unidad y autoridades militares.<\/p>\n\n\n\n<p>La jornada principal incluy\u00f3 la formaci\u00f3n por el Bicentenario en la Plaza de Armas del Regimiento, un desfile del que participaron la Banda Militar, veteranos de la Guerra de Malvinas que pertenecieron al Regimiento 3 de Caballer\u00eda, integrantes de las unidades \u201cCobra\u201d y \u201c\u00c1guila\u201d que combatieron en el conflicto, y soldados que actualmente integran la unidad.<\/p>\n\n\n\n<p>Durante las actividades tambi\u00e9n se confirm\u00f3 el compromiso de que la Banda Militar del Regimiento y una unidad de desfile est\u00e9n presentes en Trenque Lauquen el pr\u00f3ximo 12 de abril.<\/p>\n\n\n\n<figure class=\"wp-block-gallery has-nested-images columns-default is-cropped wp-block-gallery-2 is-layout-flex wp-block-gallery-is-layout-flex\">\n<figure class=\"wp-block-image size-large\"><img loading=\"lazy\" decoding=\"async\" width=\"1600\" height=\"1200\" data-id=\"154614\" src=\"https:\/\/infoecos.com.ar\/wp-content\/uploads\/2026\/03\/Bicentenario-del-3-de-Caballeria-3-1600x1200.jpeg\" alt=\"\" class=\"wp-image-154614\" srcset=\"https:\/\/infoecos.com.ar\/wp-content\/uploads\/2026\/03\/Bicentenario-del-3-de-Caballeria-3-1600x1200.jpeg 1600w, https:\/\/infoecos.com.ar\/wp-content\/uploads\/2026\/03\/Bicentenario-del-3-de-Caballeria-3-800x600.jpeg 800w, https:\/\/infoecos.com.ar\/wp-content\/uploads\/2026\/03\/Bicentenario-del-3-de-Caballeria-3-768x576.jpeg 768w, https:\/\/infoecos.com.ar\/wp-content\/uploads\/2026\/03\/Bicentenario-del-3-de-Caballeria-3-1536x1152.jpeg 1536w, https:\/\/infoecos.com.ar\/wp-content\/uploads\/2026\/03\/Bicentenario-del-3-de-Caballeria-3-2048x1536.jpeg 2048w, https:\/\/infoecos.com.ar\/wp-content\/uploads\/2026\/03\/Bicentenario-del-3-de-Caballeria-3-1024x768.jpeg 1024w\" sizes=\"(max-width: 1600px) 100vw, 1600px\" \/><\/figure>\n\n\n\n<figure class=\"wp-block-image size-large\"><img loading=\"lazy\" decoding=\"async\" width=\"1600\" height=\"1200\" data-id=\"154613\" src=\"https:\/\/infoecos.com.ar\/wp-content\/uploads\/2026\/03\/Bicentenario-del-3-de-Caballeria-4-1600x1200.jpeg\" alt=\"\" class=\"wp-image-154613\" srcset=\"https:\/\/infoecos.com.ar\/wp-content\/uploads\/2026\/03\/Bicentenario-del-3-de-Caballeria-4-1600x1200.jpeg 1600w, https:\/\/infoecos.com.ar\/wp-content\/uploads\/2026\/03\/Bicentenario-del-3-de-Caballeria-4-800x600.jpeg 800w, https:\/\/infoecos.com.ar\/wp-content\/uploads\/2026\/03\/Bicentenario-del-3-de-Caballeria-4-768x576.jpeg 768w, https:\/\/infoecos.com.ar\/wp-content\/uploads\/2026\/03\/Bicentenario-del-3-de-Caballeria-4-1536x1152.jpeg 1536w, https:\/\/infoecos.com.ar\/wp-content\/uploads\/2026\/03\/Bicentenario-del-3-de-Caballeria-4-2048x1536.jpeg 2048w, https:\/\/infoecos.com.ar\/wp-content\/uploads\/2026\/03\/Bicentenario-del-3-de-Caballeria-4-1024x768.jpeg 1024w\" sizes=\"(max-width: 1600px) 100vw, 1600px\" \/><\/figure>\n<\/figure>\n\n\n\n<p>La historia del Regimiento 3 de Caballer\u00eda est\u00e1 estrechamente ligada a la historia de la frontera argentina. Organizado inicialmente con suboficiales de los Granaderos a Caballo, se destac\u00f3 en batallas como Ituzaing\u00f3 y Camacu\u00e1. Bajo las \u00f3rdenes de Conrado Villegas se gan\u00f3 el apodo de \u201cTres de Fierro\u201d y fue pieza clave en la fundaci\u00f3n de ciudades como Trenque Lauquen (Buenos Aires) y San Mart\u00edn de los Andes (Neuqu\u00e9n).<\/p>\n\n\n\n<p>Desde 1964 la unidad tiene su asiento definitivo en Esquel, donde se especializ\u00f3 en operaciones de monta\u00f1a.<\/p>\n","protected":false},"excerpt":{"rendered":"<p>El busto fue rescatado por la encargada del Museo Hist\u00f3rico Regional, In\u00e9s Maya, y restaurado por el artista pl\u00e1stico Germ\u00e1n Villamor<\/p>\n","protected":false},"author":2,"featured_media":154611,"comment_status":"closed","ping_status":"open","sticky":false,"template":"","format":"standard","meta":{"footnotes":""},"categories":[1],"tags":[10298],"class_list":["post-154610","post","type-post","status-publish","format-standard","has-post-thumbnail","hentry","category-sin-categoria","tag-bloque-inferior"],"yoast_head":"<!-- This site is optimized with the Yoast SEO plugin v23.4 - https:\/\/yoast.com\/wordpress\/plugins\/seo\/ -->\n<title>Trenque Lauquen presente en los festejos del Bicentenario del Regimiento 3 de Caballer\u00eda del Ej\u00e9rcito Argentino, en Esquel - Infoecos<\/title>\n<meta name=\"robots\" content=\"index, follow, max-snippet:-1, max-image-preview:large, max-video-preview:-1\" \/>\n<link rel=\"canonical\" href=\"https:\/\/infoecos.com.ar\/index.php\/trenque-lauquen-presente-en-los-festejos-del-bicentenario-del-regimiento-3-de-caballeria-del-ejercito-argentino-en-esquel\/\" \/>\n<meta property=\"og:locale\" content=\"es_ES\" \/>\n<meta property=\"og:type\" content=\"article\" \/>\n<meta property=\"og:title\" content=\"Trenque Lauquen presente en los festejos del Bicentenario del Regimiento 3 de Caballer\u00eda del Ej\u00e9rcito Argentino, en Esquel - Infoecos\" \/>\n<meta property=\"og:description\" content=\"El busto fue rescatado por la encargada del Museo Hist\u00f3rico Regional, In\u00e9s Maya, y restaurado por el artista pl\u00e1stico Germ\u00e1n Villamor\" \/>\n<meta property=\"og:url\" content=\"https:\/\/infoecos.com.ar\/index.php\/trenque-lauquen-presente-en-los-festejos-del-bicentenario-del-regimiento-3-de-caballeria-del-ejercito-argentino-en-esquel\/\" \/>\n<meta property=\"og:site_name\" content=\"Infoecos\" \/>\n<meta property=\"article:publisher\" content=\"https:\/\/www.facebook.com\/profile.php?id=100063200290284\" \/>\n<meta property=\"article:published_time\" content=\"2026-03-06T23:51:25+00:00\" \/>\n<meta property=\"article:modified_time\" content=\"2026-03-13T06:51:12+00:00\" \/>\n<meta property=\"og:image\" content=\"https:\/\/infoecos.com.ar\/wp-content\/uploads\/2026\/03\/Bicentenario-del-3-de-Caballeria-2.jpeg\" \/>\n\t<meta property=\"og:image:width\" content=\"960\" \/>\n\t<meta property=\"og:image:height\" content=\"755\" \/>\n\t<meta property=\"og:image:type\" content=\"image\/jpeg\" \/>\n<meta name=\"author\" content=\"Jorge Matheus\" \/>\n<meta name=\"twitter:card\" content=\"summary_large_image\" \/>\n<meta name=\"twitter:creator\" content=\"@infoecos\" \/>\n<meta name=\"twitter:site\" content=\"@infoecos\" \/>\n<meta name=\"twitter:label1\" content=\"Escrito por\" \/>\n\t<meta name=\"twitter:data1\" content=\"Jorge Matheus\" \/>\n\t<meta name=\"twitter:label2\" content=\"Tiempo de lectura\" \/>\n\t<meta name=\"twitter:data2\" content=\"3 minutos\" \/>\n<script type=\"application\/ld+json\" class=\"yoast-schema-graph\">{\"@context\":\"https:\/\/schema.org\",\"@graph\":[{\"@type\":\"Article\",\"@id\":\"https:\/\/infoecos.com.ar\/index.php\/trenque-lauquen-presente-en-los-festejos-del-bicentenario-del-regimiento-3-de-caballeria-del-ejercito-argentino-en-esquel\/#article\",\"isPartOf\":{\"@id\":\"https:\/\/infoecos.com.ar\/index.php\/trenque-lauquen-presente-en-los-festejos-del-bicentenario-del-regimiento-3-de-caballeria-del-ejercito-argentino-en-esquel\/\"},\"author\":{\"name\":\"Jorge Matheus\",\"@id\":\"https:\/\/infoecos.com.ar\/#\/schema\/person\/8f5ace5ce73b4b4aac4b7245aee6f191\"},\"headline\":\"Trenque Lauquen presente en los festejos del Bicentenario del Regimiento 3 de Caballer\u00eda del Ej\u00e9rcito Argentino, en Esquel\",\"datePublished\":\"2026-03-06T23:51:25+00:00\",\"dateModified\":\"2026-03-13T06:51:12+00:00\",\"mainEntityOfPage\":{\"@id\":\"https:\/\/infoecos.com.ar\/index.php\/trenque-lauquen-presente-en-los-festejos-del-bicentenario-del-regimiento-3-de-caballeria-del-ejercito-argentino-en-esquel\/\"},\"wordCount\":309,\"publisher\":{\"@id\":\"https:\/\/infoecos.com.ar\/#organization\"},\"image\":{\"@id\":\"https:\/\/infoecos.com.ar\/index.php\/trenque-lauquen-presente-en-los-festejos-del-bicentenario-del-regimiento-3-de-caballeria-del-ejercito-argentino-en-esquel\/#primaryimage\"},\"thumbnailUrl\":\"https:\/\/infoecos.com.ar\/wp-content\/uploads\/2026\/03\/Bicentenario-del-3-de-Caballeria-2.jpeg\",\"keywords\":[\"Bloque inferior\"],\"inLanguage\":\"es\"},{\"@type\":\"WebPage\",\"@id\":\"https:\/\/infoecos.com.ar\/index.php\/trenque-lauquen-presente-en-los-festejos-del-bicentenario-del-regimiento-3-de-caballeria-del-ejercito-argentino-en-esquel\/\",\"url\":\"https:\/\/infoecos.com.ar\/index.php\/trenque-lauquen-presente-en-los-festejos-del-bicentenario-del-regimiento-3-de-caballeria-del-ejercito-argentino-en-esquel\/\",\"name\":\"Trenque Lauquen presente en los festejos del Bicentenario del Regimiento 3 de Caballer\u00eda del Ej\u00e9rcito Argentino, en Esquel - Infoecos\",\"isPartOf\":{\"@id\":\"https:\/\/infoecos.com.ar\/#website\"},\"primaryImageOfPage\":{\"@id\":\"https:\/\/infoecos.com.ar\/index.php\/trenque-lauquen-presente-en-los-festejos-del-bicentenario-del-regimiento-3-de-caballeria-del-ejercito-argentino-en-esquel\/#primaryimage\"},\"image\":{\"@id\":\"https:\/\/infoecos.com.ar\/index.php\/trenque-lauquen-presente-en-los-festejos-del-bicentenario-del-regimiento-3-de-caballeria-del-ejercito-argentino-en-esquel\/#primaryimage\"},\"thumbnailUrl\":\"https:\/\/infoecos.com.ar\/wp-content\/uploads\/2026\/03\/Bicentenario-del-3-de-Caballeria-2.jpeg\",\"datePublished\":\"2026-03-06T23:51:25+00:00\",\"dateModified\":\"2026-03-13T06:51:12+00:00\",\"breadcrumb\":{\"@id\":\"https:\/\/infoecos.com.ar\/index.php\/trenque-lauquen-presente-en-los-festejos-del-bicentenario-del-regimiento-3-de-caballeria-del-ejercito-argentino-en-esquel\/#breadcrumb\"},\"inLanguage\":\"es\",\"potentialAction\":[{\"@type\":\"ReadAction\",\"target\":[\"https:\/\/infoecos.com.ar\/index.php\/trenque-lauquen-presente-en-los-festejos-del-bicentenario-del-regimiento-3-de-caballeria-del-ejercito-argentino-en-esquel\/\"]}]},{\"@type\":\"ImageObject\",\"inLanguage\":\"es\",\"@id\":\"https:\/\/infoecos.com.ar\/index.php\/trenque-lauquen-presente-en-los-festejos-del-bicentenario-del-regimiento-3-de-caballeria-del-ejercito-argentino-en-esquel\/#primaryimage\",\"url\":\"https:\/\/infoecos.com.ar\/wp-content\/uploads\/2026\/03\/Bicentenario-del-3-de-Caballeria-2.jpeg\",\"contentUrl\":\"https:\/\/infoecos.com.ar\/wp-content\/uploads\/2026\/03\/Bicentenario-del-3-de-Caballeria-2.jpeg\",\"width\":960,\"height\":755},{\"@type\":\"BreadcrumbList\",\"@id\":\"https:\/\/infoecos.com.ar\/index.php\/trenque-lauquen-presente-en-los-festejos-del-bicentenario-del-regimiento-3-de-caballeria-del-ejercito-argentino-en-esquel\/#breadcrumb\",\"itemListElement\":[{\"@type\":\"ListItem\",\"position\":1,\"name\":\"Portada\",\"item\":\"https:\/\/infoecos.com.ar\/\"},{\"@type\":\"ListItem\",\"position\":2,\"name\":\"Trenque Lauquen presente en los festejos del Bicentenario del Regimiento 3 de Caballer\u00eda del Ej\u00e9rcito Argentino, en Esquel\"}]},{\"@type\":\"WebSite\",\"@id\":\"https:\/\/infoecos.com.ar\/#website\",\"url\":\"https:\/\/infoecos.com.ar\/\",\"name\":\"Infoecos\",\"description\":\"Noticias de trenque lauquen y la zona\",\"publisher\":{\"@id\":\"https:\/\/infoecos.com.ar\/#organization\"},\"alternateName\":\"Noticias\",\"potentialAction\":[{\"@type\":\"SearchAction\",\"target\":{\"@type\":\"EntryPoint\",\"urlTemplate\":\"https:\/\/infoecos.com.ar\/?s={search_term_string}\"},\"query-input\":{\"@type\":\"PropertyValueSpecification\",\"valueRequired\":true,\"valueName\":\"search_term_string\"}}],\"inLanguage\":\"es\"},{\"@type\":\"Organization\",\"@id\":\"https:\/\/infoecos.com.ar\/#organization\",\"name\":\"Infoecos\",\"alternateName\":\"Noticias\",\"url\":\"https:\/\/infoecos.com.ar\/\",\"logo\":{\"@type\":\"ImageObject\",\"inLanguage\":\"es\",\"@id\":\"https:\/\/infoecos.com.ar\/#\/schema\/logo\/image\/\",\"url\":\"https:\/\/infoecos.com.ar\/wp-content\/uploads\/2024\/03\/cropped-logo.png\",\"contentUrl\":\"https:\/\/infoecos.com.ar\/wp-content\/uploads\/2024\/03\/cropped-logo.png\",\"width\":374,\"height\":90,\"caption\":\"Infoecos\"},\"image\":{\"@id\":\"https:\/\/infoecos.com.ar\/#\/schema\/logo\/image\/\"},\"sameAs\":[\"https:\/\/www.facebook.com\/profile.php?id=100063200290284\",\"https:\/\/x.com\/infoecos\"]},{\"@type\":\"Person\",\"@id\":\"https:\/\/infoecos.com.ar\/#\/schema\/person\/8f5ace5ce73b4b4aac4b7245aee6f191\",\"name\":\"Jorge Matheus\",\"url\":\"https:\/\/infoecos.com.ar\/index.php\/author\/jomatheus\/\"}]}<\/script>\n<!-- \/ Yoast SEO plugin. -->","yoast_head_json":{"title":"Trenque Lauquen presente en los festejos del Bicentenario del Regimiento 3 de Caballer\u00eda del Ej\u00e9rcito Argentino, en Esquel - Infoecos","robots":{"index":"index","follow":"follow","max-snippet":"max-snippet:-1","max-image-preview":"max-image-preview:large","max-video-preview":"max-video-preview:-1"},"canonical":"https:\/\/infoecos.com.ar\/index.php\/trenque-lauquen-presente-en-los-festejos-del-bicentenario-del-regimiento-3-de-caballeria-del-ejercito-argentino-en-esquel\/","og_locale":"es_ES","og_type":"article","og_title":"Trenque Lauquen presente en los festejos del Bicentenario del Regimiento 3 de Caballer\u00eda del Ej\u00e9rcito Argentino, en Esquel - Infoecos","og_description":"El busto fue rescatado por la encargada del Museo Hist\u00f3rico Regional, In\u00e9s Maya, y restaurado por el artista pl\u00e1stico Germ\u00e1n Villamor","og_url":"https:\/\/infoecos.com.ar\/index.php\/trenque-lauquen-presente-en-los-festejos-del-bicentenario-del-regimiento-3-de-caballeria-del-ejercito-argentino-en-esquel\/","og_site_name":"Infoecos","article_publisher":"https:\/\/www.facebook.com\/profile.php?id=100063200290284","article_published_time":"2026-03-06T23:51:25+00:00","article_modified_time":"2026-03-13T06:51:12+00:00","og_image":[{"width":960,"height":755,"url":"https:\/\/infoecos.com.ar\/wp-content\/uploads\/2026\/03\/Bicentenario-del-3-de-Caballeria-2.jpeg","type":"image\/jpeg"}],"author":"Jorge Matheus","twitter_card":"summary_large_image","twitter_creator":"@infoecos","twitter_site":"@infoecos","twitter_misc":{"Escrito por":"Jorge Matheus","Tiempo de lectura":"3 minutos"},"schema":{"@context":"https:\/\/schema.org","@graph":[{"@type":"Article","@id":"https:\/\/infoecos.com.ar\/index.php\/trenque-lauquen-presente-en-los-festejos-del-bicentenario-del-regimiento-3-de-caballeria-del-ejercito-argentino-en-esquel\/#article","isPartOf":{"@id":"https:\/\/infoecos.com.ar\/index.php\/trenque-lauquen-presente-en-los-festejos-del-bicentenario-del-regimiento-3-de-caballeria-del-ejercito-argentino-en-esquel\/"},"author":{"name":"Jorge Matheus","@id":"https:\/\/infoecos.com.ar\/#\/schema\/person\/8f5ace5ce73b4b4aac4b7245aee6f191"},"headline":"Trenque Lauquen presente en los festejos del Bicentenario del Regimiento 3 de Caballer\u00eda del Ej\u00e9rcito Argentino, en Esquel","datePublished":"2026-03-06T23:51:25+00:00","dateModified":"2026-03-13T06:51:12+00:00","mainEntityOfPage":{"@id":"https:\/\/infoecos.com.ar\/index.php\/trenque-lauquen-presente-en-los-festejos-del-bicentenario-del-regimiento-3-de-caballeria-del-ejercito-argentino-en-esquel\/"},"wordCount":309,"publisher":{"@id":"https:\/\/infoecos.com.ar\/#organization"},"image":{"@id":"https:\/\/infoecos.com.ar\/index.php\/trenque-lauquen-presente-en-los-festejos-del-bicentenario-del-regimiento-3-de-caballeria-del-ejercito-argentino-en-esquel\/#primaryimage"},"thumbnailUrl":"https:\/\/infoecos.com.ar\/wp-content\/uploads\/2026\/03\/Bicentenario-del-3-de-Caballeria-2.jpeg","keywords":["Bloque inferior"],"inLanguage":"es"},{"@type":"WebPage","@id":"https:\/\/infoecos.com.ar\/index.php\/trenque-lauquen-presente-en-los-festejos-del-bicentenario-del-regimiento-3-de-caballeria-del-ejercito-argentino-en-esquel\/","url":"https:\/\/infoecos.com.ar\/index.php\/trenque-lauquen-presente-en-los-festejos-del-bicentenario-del-regimiento-3-de-caballeria-del-ejercito-argentino-en-esquel\/","name":"Trenque Lauquen presente en los festejos del Bicentenario del Regimiento 3 de Caballer\u00eda del Ej\u00e9rcito Argentino, en Esquel - Infoecos","isPartOf":{"@id":"https:\/\/infoecos.com.ar\/#website"},"primaryImageOfPage":{"@id":"https:\/\/infoecos.com.ar\/index.php\/trenque-lauquen-presente-en-los-festejos-del-bicentenario-del-regimiento-3-de-caballeria-del-ejercito-argentino-en-esquel\/#primaryimage"},"image":{"@id":"https:\/\/infoecos.com.ar\/index.php\/trenque-lauquen-presente-en-los-festejos-del-bicentenario-del-regimiento-3-de-caballeria-del-ejercito-argentino-en-esquel\/#primaryimage"},"thumbnailUrl":"https:\/\/infoecos.com.ar\/wp-content\/uploads\/2026\/03\/Bicentenario-del-3-de-Caballeria-2.jpeg","datePublished":"2026-03-06T23:51:25+00:00","dateModified":"2026-03-13T06:51:12+00:00","breadcrumb":{"@id":"https:\/\/infoecos.com.ar\/index.php\/trenque-lauquen-presente-en-los-festejos-del-bicentenario-del-regimiento-3-de-caballeria-del-ejercito-argentino-en-esquel\/#breadcrumb"},"inLanguage":"es","potentialAction":[{"@type":"ReadAction","target":["https:\/\/infoecos.com.ar\/index.php\/trenque-lauquen-presente-en-los-festejos-del-bicentenario-del-regimiento-3-de-caballeria-del-ejercito-argentino-en-esquel\/"]}]},{"@type":"ImageObject","inLanguage":"es","@id":"https:\/\/infoecos.com.ar\/index.php\/trenque-lauquen-presente-en-los-festejos-del-bicentenario-del-regimiento-3-de-caballeria-del-ejercito-argentino-en-esquel\/#primaryimage","url":"https:\/\/infoecos.com.ar\/wp-content\/uploads\/2026\/03\/Bicentenario-del-3-de-Caballeria-2.jpeg","contentUrl":"https:\/\/infoecos.com.ar\/wp-content\/uploads\/2026\/03\/Bicentenario-del-3-de-Caballeria-2.jpeg","width":960,"height":755},{"@type":"BreadcrumbList","@id":"https:\/\/infoecos.com.ar\/index.php\/trenque-lauquen-presente-en-los-festejos-del-bicentenario-del-regimiento-3-de-caballeria-del-ejercito-argentino-en-esquel\/#breadcrumb","itemListElement":[{"@type":"ListItem","position":1,"name":"Portada","item":"https:\/\/infoecos.com.ar\/"},{"@type":"ListItem","position":2,"name":"Trenque Lauquen presente en los festejos del Bicentenario del Regimiento 3 de Caballer\u00eda del Ej\u00e9rcito Argentino, en Esquel"}]},{"@type":"WebSite","@id":"https:\/\/infoecos.com.ar\/#website","url":"https:\/\/infoecos.com.ar\/","name":"Infoecos","description":"Noticias de trenque lauquen y la zona","publisher":{"@id":"https:\/\/infoecos.com.ar\/#organization"},"alternateName":"Noticias","potentialAction":[{"@type":"SearchAction","target":{"@type":"EntryPoint","urlTemplate":"https:\/\/infoecos.com.ar\/?s={search_term_string}"},"query-input":{"@type":"PropertyValueSpecification","valueRequired":true,"valueName":"search_term_string"}}],"inLanguage":"es"},{"@type":"Organization","@id":"https:\/\/infoecos.com.ar\/#organization","name":"Infoecos","alternateName":"Noticias","url":"https:\/\/infoecos.com.ar\/","logo":{"@type":"ImageObject","inLanguage":"es","@id":"https:\/\/infoecos.com.ar\/#\/schema\/logo\/image\/","url":"https:\/\/infoecos.com.ar\/wp-content\/uploads\/2024\/03\/cropped-logo.png","contentUrl":"https:\/\/infoecos.com.ar\/wp-content\/uploads\/2024\/03\/cropped-logo.png","width":374,"height":90,"caption":"Infoecos"},"image":{"@id":"https:\/\/infoecos.com.ar\/#\/schema\/logo\/image\/"},"sameAs":["https:\/\/www.facebook.com\/profile.php?id=100063200290284","https:\/\/x.com\/infoecos"]},{"@type":"Person","@id":"https:\/\/infoecos.com.ar\/#\/schema\/person\/8f5ace5ce73b4b4aac4b7245aee6f191","name":"Jorge Matheus","url":"https:\/\/infoecos.com.ar\/index.php\/author\/jomatheus\/"}]}},"featured_image_urls":{"full":["https:\/\/infoecos.com.ar\/wp-content\/uploads\/2026\/03\/Bicentenario-del-3-de-Caballeria-2.jpeg",960,755,false],"thumbnail":["https:\/\/infoecos.com.ar\/wp-content\/uploads\/2026\/03\/Bicentenario-del-3-de-Caballeria-2-300x150.jpeg",300,150,true],"medium":["https:\/\/infoecos.com.ar\/wp-content\/uploads\/2026\/03\/Bicentenario-del-3-de-Caballeria-2-800x629.jpeg",800,629,true],"medium_large":["https:\/\/infoecos.com.ar\/wp-content\/uploads\/2026\/03\/Bicentenario-del-3-de-Caballeria-2-768x604.jpeg",640,503,true],"large":["https:\/\/infoecos.com.ar\/wp-content\/uploads\/2026\/03\/Bicentenario-del-3-de-Caballeria-2.jpeg",640,503,false],"1536x1536":["https:\/\/infoecos.com.ar\/wp-content\/uploads\/2026\/03\/Bicentenario-del-3-de-Caballeria-2.jpeg",960,755,false],"2048x2048":["https:\/\/infoecos.com.ar\/wp-content\/uploads\/2026\/03\/Bicentenario-del-3-de-Caballeria-2.jpeg",960,755,false],"covernews-slider-full":["https:\/\/infoecos.com.ar\/wp-content\/uploads\/2026\/03\/Bicentenario-del-3-de-Caballeria-2-960x715.jpeg",960,715,true],"covernews-slider-center":["https:\/\/infoecos.com.ar\/wp-content\/uploads\/2026\/03\/Bicentenario-del-3-de-Caballeria-2-800x500.jpeg",800,500,true],"covernews-featured":["https:\/\/infoecos.com.ar\/wp-content\/uploads\/2026\/03\/Bicentenario-del-3-de-Caballeria-2.jpeg",960,755,false],"covernews-medium":["https:\/\/infoecos.com.ar\/wp-content\/uploads\/2026\/03\/Bicentenario-del-3-de-Caballeria-2-540x340.jpeg",540,340,true],"covernews-medium-square":["https:\/\/infoecos.com.ar\/wp-content\/uploads\/2026\/03\/Bicentenario-del-3-de-Caballeria-2-400x250.jpeg",400,250,true]},"author_info":{"info":["Jorge Matheus"]},"category_info":"<a href=\"https:\/\/infoecos.com.ar\/index.php\/category\/sin-categoria\/\" rel=\"category tag\">Sin categor\u00eda<\/a>","tag_info":"Sin categor\u00eda","comment_count":"0","_links":{"self":[{"href":"https:\/\/infoecos.com.ar\/index.php\/wp-json\/wp\/v2\/posts\/154610"}],"collection":[{"href":"https:\/\/infoecos.com.ar\/index.php\/wp-json\/wp\/v2\/posts"}],"about":[{"href":"https:\/\/infoecos.com.ar\/index.php\/wp-json\/wp\/v2\/types\/post"}],"author":[{"embeddable":true,"href":"https:\/\/infoecos.com.ar\/index.php\/wp-json\/wp\/v2\/users\/2"}],"replies":[{"embeddable":true,"href":"https:\/\/infoecos.com.ar\/index.php\/wp-json\/wp\/v2\/comments?post=154610"}],"version-history":[{"count":1,"href":"https:\/\/infoecos.com.ar\/index.php\/wp-json\/wp\/v2\/posts\/154610\/revisions"}],"predecessor-version":[{"id":154615,"href":"https:\/\/infoecos.com.ar\/index.php\/wp-json\/wp\/v2\/posts\/154610\/revisions\/154615"}],"wp:featuredmedia":[{"embeddable":true,"href":"https:\/\/infoecos.com.ar\/index.php\/wp-json\/wp\/v2\/media\/154611"}],"wp:attachment":[{"href":"https:\/\/infoecos.com.ar\/index.php\/wp-json\/wp\/v2\/media?parent=154610"}],"wp:term":[{"taxonomy":"category","embeddable":true,"href":"https:\/\/infoecos.com.ar\/index.php\/wp-json\/wp\/v2\/categories?post=154610"},{"taxonomy":"post_tag","embeddable":true,"href":"https:\/\/infoecos.com.ar\/index.php\/wp-json\/wp\/v2\/tags?post=154610"}],"curies":[{"name":"wp","href":"https:\/\/api.w.org\/{rel}","templated":true}]}}