{"id":154616,"date":"2026-03-06T21:12:52","date_gmt":"2026-03-07T00:12:52","guid":{"rendered":"https:\/\/infoecos.com.ar\/?p=154616"},"modified":"2026-03-09T03:49:52","modified_gmt":"2026-03-09T06:49:52","slug":"hoy-con-las-cuentas-saneadas-y-el-orden-recuperado-podemos-mirar-al-futuro-con-la-certeza-de-que-lo-peor-quedo-atras-senalo-alegre-en-la-apertura-de-sesiones","status":"publish","type":"post","link":"https:\/\/infoecos.com.ar\/index.php\/hoy-con-las-cuentas-saneadas-y-el-orden-recuperado-podemos-mirar-al-futuro-con-la-certeza-de-que-lo-peor-quedo-atras-senalo-alegre-en-la-apertura-de-sesiones\/","title":{"rendered":"\u201cPodemos mirar al futuro con la certeza de que lo peor qued\u00f3 atr\u00e1s\u201d, se\u00f1al\u00f3 Alegre en la apertura de sesiones"},"content":{"rendered":"\n<p>El intendente municipal Gilberto O. Alegre inaugur\u00f3 el 81\u00b0 per\u00edodo de sesiones ordinarias del Honorable Concejo Deliberante de General Villegas.<\/p>\n\n\n\n<figure class=\"wp-block-gallery has-nested-images columns-default is-cropped wp-block-gallery-1 is-layout-flex wp-block-gallery-is-layout-flex\">\n<figure class=\"wp-block-image size-large\"><img loading=\"lazy\" decoding=\"async\" width=\"1600\" height=\"1067\" data-id=\"154619\" src=\"https:\/\/infoecos.com.ar\/wp-content\/uploads\/2026\/03\/generalvillegasesiones6-1600x1067.jpg\" alt=\"\" class=\"wp-image-154619\" srcset=\"https:\/\/infoecos.com.ar\/wp-content\/uploads\/2026\/03\/generalvillegasesiones6-1600x1067.jpg 1600w, https:\/\/infoecos.com.ar\/wp-content\/uploads\/2026\/03\/generalvillegasesiones6-800x533.jpg 800w, https:\/\/infoecos.com.ar\/wp-content\/uploads\/2026\/03\/generalvillegasesiones6-768x512.jpg 768w, https:\/\/infoecos.com.ar\/wp-content\/uploads\/2026\/03\/generalvillegasesiones6-1536x1024.jpg 1536w, https:\/\/infoecos.com.ar\/wp-content\/uploads\/2026\/03\/generalvillegasesiones6-2048x1366.jpg 2048w, https:\/\/infoecos.com.ar\/wp-content\/uploads\/2026\/03\/generalvillegasesiones6-1024x683.jpg 1024w\" sizes=\"(max-width: 1600px) 100vw, 1600px\" \/><\/figure>\n\n\n\n<figure class=\"wp-block-image size-large\"><img loading=\"lazy\" decoding=\"async\" width=\"1600\" height=\"1084\" data-id=\"154618\" src=\"https:\/\/infoecos.com.ar\/wp-content\/uploads\/2026\/03\/generalvillegasesiones7-1600x1084.jpg\" alt=\"\" class=\"wp-image-154618\" srcset=\"https:\/\/infoecos.com.ar\/wp-content\/uploads\/2026\/03\/generalvillegasesiones7-1600x1084.jpg 1600w, https:\/\/infoecos.com.ar\/wp-content\/uploads\/2026\/03\/generalvillegasesiones7-800x542.jpg 800w, https:\/\/infoecos.com.ar\/wp-content\/uploads\/2026\/03\/generalvillegasesiones7-768x521.jpg 768w, https:\/\/infoecos.com.ar\/wp-content\/uploads\/2026\/03\/generalvillegasesiones7-1536x1041.jpg 1536w, https:\/\/infoecos.com.ar\/wp-content\/uploads\/2026\/03\/generalvillegasesiones7-2048x1388.jpg 2048w, https:\/\/infoecos.com.ar\/wp-content\/uploads\/2026\/03\/generalvillegasesiones7-1024x694.jpg 1024w\" sizes=\"(max-width: 1600px) 100vw, 1600px\" \/><\/figure>\n\n\n\n<figure class=\"wp-block-image size-large\"><img loading=\"lazy\" decoding=\"async\" width=\"1600\" height=\"1080\" data-id=\"154617\" src=\"https:\/\/infoecos.com.ar\/wp-content\/uploads\/2026\/03\/generalvillegasesiones9-1600x1080.jpg\" alt=\"\" class=\"wp-image-154617\" srcset=\"https:\/\/infoecos.com.ar\/wp-content\/uploads\/2026\/03\/generalvillegasesiones9-1600x1080.jpg 1600w, https:\/\/infoecos.com.ar\/wp-content\/uploads\/2026\/03\/generalvillegasesiones9-800x540.jpg 800w, https:\/\/infoecos.com.ar\/wp-content\/uploads\/2026\/03\/generalvillegasesiones9-768x518.jpg 768w, https:\/\/infoecos.com.ar\/wp-content\/uploads\/2026\/03\/generalvillegasesiones9-1536x1037.jpg 1536w, https:\/\/infoecos.com.ar\/wp-content\/uploads\/2026\/03\/generalvillegasesiones9-2048x1382.jpg 2048w, https:\/\/infoecos.com.ar\/wp-content\/uploads\/2026\/03\/generalvillegasesiones9-1024x691.jpg 1024w\" sizes=\"(max-width: 1600px) 100vw, 1600px\" \/><\/figure>\n<\/figure>\n\n\n\n<p>Participaron concejales de los distintos bloques pol\u00edticos, integrantes del gabinete municipal, representantes de instituciones intermedias, autoridades educativas, eclesi\u00e1sticas y policiales.<\/p>\n\n\n\n<p>Durante su exposici\u00f3n, el jefe comunal puso especial \u00e9nfasis en el ordenamiento financiero del municipio, la inversi\u00f3n en salud y la ejecuci\u00f3n de obras p\u00fablicas en todo el partido.<\/p>\n\n\n\n<p>Sostuvo que la administraci\u00f3n logr\u00f3 revertir el escenario deficitario con el que inici\u00f3 la gesti\u00f3n, con 287 millones de pesos para alcanzar en el cierre del ejercicio 2025 un super\u00e1vit financiero de 2.341 millones de pesos.<\/p>\n\n\n\n<figure class=\"wp-block-gallery has-nested-images columns-default is-cropped wp-block-gallery-2 is-layout-flex wp-block-gallery-is-layout-flex\">\n<figure class=\"wp-block-image size-large\"><img loading=\"lazy\" decoding=\"async\" width=\"1600\" height=\"1067\" data-id=\"154621\" src=\"https:\/\/infoecos.com.ar\/wp-content\/uploads\/2026\/03\/generalvillegassesiones1-1600x1067.jpg\" alt=\"\" class=\"wp-image-154621\" srcset=\"https:\/\/infoecos.com.ar\/wp-content\/uploads\/2026\/03\/generalvillegassesiones1-1600x1067.jpg 1600w, https:\/\/infoecos.com.ar\/wp-content\/uploads\/2026\/03\/generalvillegassesiones1-800x533.jpg 800w, https:\/\/infoecos.com.ar\/wp-content\/uploads\/2026\/03\/generalvillegassesiones1-768x512.jpg 768w, https:\/\/infoecos.com.ar\/wp-content\/uploads\/2026\/03\/generalvillegassesiones1-1536x1024.jpg 1536w, https:\/\/infoecos.com.ar\/wp-content\/uploads\/2026\/03\/generalvillegassesiones1-2048x1366.jpg 2048w, https:\/\/infoecos.com.ar\/wp-content\/uploads\/2026\/03\/generalvillegassesiones1-1024x683.jpg 1024w\" sizes=\"(max-width: 1600px) 100vw, 1600px\" \/><\/figure>\n\n\n\n<figure class=\"wp-block-image size-large\"><img loading=\"lazy\" decoding=\"async\" width=\"1600\" height=\"1067\" data-id=\"154622\" src=\"https:\/\/infoecos.com.ar\/wp-content\/uploads\/2026\/03\/generalvillegassesiones2-1600x1067.jpg\" alt=\"\" class=\"wp-image-154622\" srcset=\"https:\/\/infoecos.com.ar\/wp-content\/uploads\/2026\/03\/generalvillegassesiones2-1600x1067.jpg 1600w, https:\/\/infoecos.com.ar\/wp-content\/uploads\/2026\/03\/generalvillegassesiones2-800x533.jpg 800w, https:\/\/infoecos.com.ar\/wp-content\/uploads\/2026\/03\/generalvillegassesiones2-768x512.jpg 768w, https:\/\/infoecos.com.ar\/wp-content\/uploads\/2026\/03\/generalvillegassesiones2-1536x1024.jpg 1536w, https:\/\/infoecos.com.ar\/wp-content\/uploads\/2026\/03\/generalvillegassesiones2-2048x1366.jpg 2048w, https:\/\/infoecos.com.ar\/wp-content\/uploads\/2026\/03\/generalvillegassesiones2-1024x683.jpg 1024w\" sizes=\"(max-width: 1600px) 100vw, 1600px\" \/><\/figure>\n\n\n\n<figure class=\"wp-block-image size-large\"><img loading=\"lazy\" decoding=\"async\" width=\"1600\" height=\"1067\" data-id=\"154620\" src=\"https:\/\/infoecos.com.ar\/wp-content\/uploads\/2026\/03\/generalvillegassesiones3-1600x1067.jpg\" alt=\"\" class=\"wp-image-154620\" srcset=\"https:\/\/infoecos.com.ar\/wp-content\/uploads\/2026\/03\/generalvillegassesiones3-1600x1067.jpg 1600w, https:\/\/infoecos.com.ar\/wp-content\/uploads\/2026\/03\/generalvillegassesiones3-800x533.jpg 800w, https:\/\/infoecos.com.ar\/wp-content\/uploads\/2026\/03\/generalvillegassesiones3-768x512.jpg 768w, https:\/\/infoecos.com.ar\/wp-content\/uploads\/2026\/03\/generalvillegassesiones3-1536x1024.jpg 1536w, https:\/\/infoecos.com.ar\/wp-content\/uploads\/2026\/03\/generalvillegassesiones3-2048x1366.jpg 2048w, https:\/\/infoecos.com.ar\/wp-content\/uploads\/2026\/03\/generalvillegassesiones3-1024x683.jpg 1024w\" sizes=\"(max-width: 1600px) 100vw, 1600px\" \/><\/figure>\n<\/figure>\n\n\n\n<p>Destac\u00f3 que el peso del gasto en personal se redujo del 70% al rango del 52-54% del presupuesto municipal, sin despidos ni reducci\u00f3n de salarios.<\/p>\n\n\n\n<p>Al hablar de salud manifest\u00f3 que \u00abes nuestra primera prioridad. Le destinamos el 29,2% del presupuesto municipal\u201d.<\/p>\n\n\n\n<p>Luego repas\u00f3 las obras p\u00fablicas en marcha, que incluyen intervenciones en escuelas, ampliaciones de infraestructura urbana, mejoras en caminos rurales y obras en localidades del partido, apuntando que \u201cLa educaci\u00f3n es la herramienta m\u00e1s poderosa contra el \u00e9xodo de nuestros j\u00f3venes\u201d.<\/p>\n\n\n\n<figure class=\"wp-block-gallery has-nested-images columns-default is-cropped wp-block-gallery-3 is-layout-flex wp-block-gallery-is-layout-flex\">\n<figure class=\"wp-block-image size-large\"><img loading=\"lazy\" decoding=\"async\" width=\"1600\" height=\"1067\" data-id=\"154624\" src=\"https:\/\/infoecos.com.ar\/wp-content\/uploads\/2026\/03\/generalvillegassesiones4-1600x1067.jpg\" alt=\"\" class=\"wp-image-154624\" srcset=\"https:\/\/infoecos.com.ar\/wp-content\/uploads\/2026\/03\/generalvillegassesiones4-1600x1067.jpg 1600w, https:\/\/infoecos.com.ar\/wp-content\/uploads\/2026\/03\/generalvillegassesiones4-800x533.jpg 800w, https:\/\/infoecos.com.ar\/wp-content\/uploads\/2026\/03\/generalvillegassesiones4-768x512.jpg 768w, https:\/\/infoecos.com.ar\/wp-content\/uploads\/2026\/03\/generalvillegassesiones4-1536x1024.jpg 1536w, https:\/\/infoecos.com.ar\/wp-content\/uploads\/2026\/03\/generalvillegassesiones4-2048x1366.jpg 2048w, https:\/\/infoecos.com.ar\/wp-content\/uploads\/2026\/03\/generalvillegassesiones4-1024x683.jpg 1024w\" sizes=\"(max-width: 1600px) 100vw, 1600px\" \/><\/figure>\n\n\n\n<figure class=\"wp-block-image size-large\"><img loading=\"lazy\" decoding=\"async\" width=\"1600\" height=\"1067\" data-id=\"154625\" src=\"https:\/\/infoecos.com.ar\/wp-content\/uploads\/2026\/03\/generalvillegassesiones5-1600x1067.jpg\" alt=\"\" class=\"wp-image-154625\" srcset=\"https:\/\/infoecos.com.ar\/wp-content\/uploads\/2026\/03\/generalvillegassesiones5-1600x1067.jpg 1600w, https:\/\/infoecos.com.ar\/wp-content\/uploads\/2026\/03\/generalvillegassesiones5-800x533.jpg 800w, https:\/\/infoecos.com.ar\/wp-content\/uploads\/2026\/03\/generalvillegassesiones5-768x512.jpg 768w, https:\/\/infoecos.com.ar\/wp-content\/uploads\/2026\/03\/generalvillegassesiones5-1536x1024.jpg 1536w, https:\/\/infoecos.com.ar\/wp-content\/uploads\/2026\/03\/generalvillegassesiones5-2048x1366.jpg 2048w, https:\/\/infoecos.com.ar\/wp-content\/uploads\/2026\/03\/generalvillegassesiones5-1024x683.jpg 1024w\" sizes=\"(max-width: 1600px) 100vw, 1600px\" \/><\/figure>\n\n\n\n<figure class=\"wp-block-image size-large\"><img loading=\"lazy\" decoding=\"async\" width=\"1600\" height=\"1067\" data-id=\"154623\" src=\"https:\/\/infoecos.com.ar\/wp-content\/uploads\/2026\/03\/generalvillegassesiones8-1600x1067.jpg\" alt=\"\" class=\"wp-image-154623\" srcset=\"https:\/\/infoecos.com.ar\/wp-content\/uploads\/2026\/03\/generalvillegassesiones8-1600x1067.jpg 1600w, https:\/\/infoecos.com.ar\/wp-content\/uploads\/2026\/03\/generalvillegassesiones8-800x533.jpg 800w, https:\/\/infoecos.com.ar\/wp-content\/uploads\/2026\/03\/generalvillegassesiones8-768x512.jpg 768w, https:\/\/infoecos.com.ar\/wp-content\/uploads\/2026\/03\/generalvillegassesiones8-1536x1024.jpg 1536w, https:\/\/infoecos.com.ar\/wp-content\/uploads\/2026\/03\/generalvillegassesiones8-2048x1366.jpg 2048w, https:\/\/infoecos.com.ar\/wp-content\/uploads\/2026\/03\/generalvillegassesiones8-1024x683.jpg 1024w\" sizes=\"(max-width: 1600px) 100vw, 1600px\" \/><\/figure>\n<\/figure>\n\n\n\n<p>En otro orden anunci\u00f3 medidas de apoyo al sector agropecuario y a los emprendedores locales, entre ellas la eliminaci\u00f3n de la tasa de marcas y se\u00f1ales para 2026 y el lanzamiento de la plataforma digital \u201cOficios Villegas\u201d, destinada a conectar trabajadores de oficios con potenciales clientes.<\/p>\n\n\n\n<p>Tambi\u00e9n adelant\u00f3 la creaci\u00f3n de la marca tur\u00edstica \u201cVisita Villegas\u201d, orientada a posicionar al distrito como destino regional.<\/p>\n\n\n\n<p>Cerr\u00f3 indicando que \u201cPasamos del d\u00e9ficit a la solvencia. Del abandono de las obras a la inauguraci\u00f3n de escuelas. Del silencio ante la crisis a una gesti\u00f3n que rinde cuentas con orgullo\u201d.<\/p>\n\n\n\n<p><\/p>\n","protected":false},"excerpt":{"rendered":"<p>Durante su exposici\u00f3n, el jefe comunal puso especial \u00e9nfasis en el ordenamiento financiero del municipio, la inversi\u00f3n en salud y la ejecuci\u00f3n de obras p\u00fablicas en todo el partido<\/p>\n","protected":false},"author":2,"featured_media":154617,"comment_status":"closed","ping_status":"open","sticky":false,"template":"","format":"standard","meta":{"footnotes":""},"categories":[1],"tags":[10304],"class_list":["post-154616","post","type-post","status-publish","format-standard","has-post-thumbnail","hentry","category-sin-categoria","tag-actualidad"],"yoast_head":"<!-- This site is optimized with the Yoast SEO plugin v23.4 - https:\/\/yoast.com\/wordpress\/plugins\/seo\/ -->\n<title>\u201cPodemos mirar al futuro con la certeza de que lo peor qued\u00f3 atr\u00e1s\u201d, se\u00f1al\u00f3 Alegre en la apertura de sesiones - Infoecos<\/title>\n<meta name=\"robots\" content=\"index, follow, max-snippet:-1, max-image-preview:large, max-video-preview:-1\" \/>\n<link rel=\"canonical\" href=\"https:\/\/infoecos.com.ar\/index.php\/hoy-con-las-cuentas-saneadas-y-el-orden-recuperado-podemos-mirar-al-futuro-con-la-certeza-de-que-lo-peor-quedo-atras-senalo-alegre-en-la-apertura-de-sesiones\/\" \/>\n<meta property=\"og:locale\" content=\"es_ES\" \/>\n<meta property=\"og:type\" content=\"article\" \/>\n<meta property=\"og:title\" content=\"\u201cPodemos mirar al futuro con la certeza de que lo peor qued\u00f3 atr\u00e1s\u201d, se\u00f1al\u00f3 Alegre en la apertura de sesiones - Infoecos\" \/>\n<meta property=\"og:description\" content=\"Durante su exposici\u00f3n, el jefe comunal puso especial \u00e9nfasis en el ordenamiento financiero del municipio, la inversi\u00f3n en salud y la ejecuci\u00f3n de obras p\u00fablicas en todo el partido\" \/>\n<meta property=\"og:url\" content=\"https:\/\/infoecos.com.ar\/index.php\/hoy-con-las-cuentas-saneadas-y-el-orden-recuperado-podemos-mirar-al-futuro-con-la-certeza-de-que-lo-peor-quedo-atras-senalo-alegre-en-la-apertura-de-sesiones\/\" \/>\n<meta property=\"og:site_name\" content=\"Infoecos\" \/>\n<meta property=\"article:publisher\" content=\"https:\/\/www.facebook.com\/profile.php?id=100063200290284\" \/>\n<meta property=\"article:published_time\" content=\"2026-03-07T00:12:52+00:00\" \/>\n<meta property=\"article:modified_time\" content=\"2026-03-09T06:49:52+00:00\" \/>\n<meta property=\"og:image\" content=\"https:\/\/infoecos.com.ar\/wp-content\/uploads\/2026\/03\/generalvillegasesiones9.jpg\" \/>\n\t<meta property=\"og:image:width\" content=\"2560\" \/>\n\t<meta property=\"og:image:height\" content=\"1728\" \/>\n\t<meta property=\"og:image:type\" content=\"image\/jpeg\" \/>\n<meta name=\"author\" content=\"Jorge Matheus\" \/>\n<meta name=\"twitter:card\" content=\"summary_large_image\" \/>\n<meta name=\"twitter:creator\" content=\"@infoecos\" \/>\n<meta name=\"twitter:site\" content=\"@infoecos\" \/>\n<meta name=\"twitter:label1\" content=\"Escrito por\" \/>\n\t<meta name=\"twitter:data1\" content=\"Jorge Matheus\" \/>\n\t<meta name=\"twitter:label2\" content=\"Tiempo de lectura\" \/>\n\t<meta name=\"twitter:data2\" content=\"4 minutos\" \/>\n<script type=\"application\/ld+json\" class=\"yoast-schema-graph\">{\"@context\":\"https:\/\/schema.org\",\"@graph\":[{\"@type\":\"Article\",\"@id\":\"https:\/\/infoecos.com.ar\/index.php\/hoy-con-las-cuentas-saneadas-y-el-orden-recuperado-podemos-mirar-al-futuro-con-la-certeza-de-que-lo-peor-quedo-atras-senalo-alegre-en-la-apertura-de-sesiones\/#article\",\"isPartOf\":{\"@id\":\"https:\/\/infoecos.com.ar\/index.php\/hoy-con-las-cuentas-saneadas-y-el-orden-recuperado-podemos-mirar-al-futuro-con-la-certeza-de-que-lo-peor-quedo-atras-senalo-alegre-en-la-apertura-de-sesiones\/\"},\"author\":{\"name\":\"Jorge Matheus\",\"@id\":\"https:\/\/infoecos.com.ar\/#\/schema\/person\/8f5ace5ce73b4b4aac4b7245aee6f191\"},\"headline\":\"\u201cPodemos mirar al futuro con la certeza de que lo peor qued\u00f3 atr\u00e1s\u201d, se\u00f1al\u00f3 Alegre en la apertura de sesiones\",\"datePublished\":\"2026-03-07T00:12:52+00:00\",\"dateModified\":\"2026-03-09T06:49:52+00:00\",\"mainEntityOfPage\":{\"@id\":\"https:\/\/infoecos.com.ar\/index.php\/hoy-con-las-cuentas-saneadas-y-el-orden-recuperado-podemos-mirar-al-futuro-con-la-certeza-de-que-lo-peor-quedo-atras-senalo-alegre-en-la-apertura-de-sesiones\/\"},\"wordCount\":322,\"publisher\":{\"@id\":\"https:\/\/infoecos.com.ar\/#organization\"},\"image\":{\"@id\":\"https:\/\/infoecos.com.ar\/index.php\/hoy-con-las-cuentas-saneadas-y-el-orden-recuperado-podemos-mirar-al-futuro-con-la-certeza-de-que-lo-peor-quedo-atras-senalo-alegre-en-la-apertura-de-sesiones\/#primaryimage\"},\"thumbnailUrl\":\"https:\/\/infoecos.com.ar\/wp-content\/uploads\/2026\/03\/generalvillegasesiones9.jpg\",\"keywords\":[\"Actualidad\"],\"inLanguage\":\"es\"},{\"@type\":\"WebPage\",\"@id\":\"https:\/\/infoecos.com.ar\/index.php\/hoy-con-las-cuentas-saneadas-y-el-orden-recuperado-podemos-mirar-al-futuro-con-la-certeza-de-que-lo-peor-quedo-atras-senalo-alegre-en-la-apertura-de-sesiones\/\",\"url\":\"https:\/\/infoecos.com.ar\/index.php\/hoy-con-las-cuentas-saneadas-y-el-orden-recuperado-podemos-mirar-al-futuro-con-la-certeza-de-que-lo-peor-quedo-atras-senalo-alegre-en-la-apertura-de-sesiones\/\",\"name\":\"\u201cPodemos mirar al futuro con la certeza de que lo peor qued\u00f3 atr\u00e1s\u201d, se\u00f1al\u00f3 Alegre en la apertura de sesiones - Infoecos\",\"isPartOf\":{\"@id\":\"https:\/\/infoecos.com.ar\/#website\"},\"primaryImageOfPage\":{\"@id\":\"https:\/\/infoecos.com.ar\/index.php\/hoy-con-las-cuentas-saneadas-y-el-orden-recuperado-podemos-mirar-al-futuro-con-la-certeza-de-que-lo-peor-quedo-atras-senalo-alegre-en-la-apertura-de-sesiones\/#primaryimage\"},\"image\":{\"@id\":\"https:\/\/infoecos.com.ar\/index.php\/hoy-con-las-cuentas-saneadas-y-el-orden-recuperado-podemos-mirar-al-futuro-con-la-certeza-de-que-lo-peor-quedo-atras-senalo-alegre-en-la-apertura-de-sesiones\/#primaryimage\"},\"thumbnailUrl\":\"https:\/\/infoecos.com.ar\/wp-content\/uploads\/2026\/03\/generalvillegasesiones9.jpg\",\"datePublished\":\"2026-03-07T00:12:52+00:00\",\"dateModified\":\"2026-03-09T06:49:52+00:00\",\"breadcrumb\":{\"@id\":\"https:\/\/infoecos.com.ar\/index.php\/hoy-con-las-cuentas-saneadas-y-el-orden-recuperado-podemos-mirar-al-futuro-con-la-certeza-de-que-lo-peor-quedo-atras-senalo-alegre-en-la-apertura-de-sesiones\/#breadcrumb\"},\"inLanguage\":\"es\",\"potentialAction\":[{\"@type\":\"ReadAction\",\"target\":[\"https:\/\/infoecos.com.ar\/index.php\/hoy-con-las-cuentas-saneadas-y-el-orden-recuperado-podemos-mirar-al-futuro-con-la-certeza-de-que-lo-peor-quedo-atras-senalo-alegre-en-la-apertura-de-sesiones\/\"]}]},{\"@type\":\"ImageObject\",\"inLanguage\":\"es\",\"@id\":\"https:\/\/infoecos.com.ar\/index.php\/hoy-con-las-cuentas-saneadas-y-el-orden-recuperado-podemos-mirar-al-futuro-con-la-certeza-de-que-lo-peor-quedo-atras-senalo-alegre-en-la-apertura-de-sesiones\/#primaryimage\",\"url\":\"https:\/\/infoecos.com.ar\/wp-content\/uploads\/2026\/03\/generalvillegasesiones9.jpg\",\"contentUrl\":\"https:\/\/infoecos.com.ar\/wp-content\/uploads\/2026\/03\/generalvillegasesiones9.jpg\",\"width\":2560,\"height\":1728},{\"@type\":\"BreadcrumbList\",\"@id\":\"https:\/\/infoecos.com.ar\/index.php\/hoy-con-las-cuentas-saneadas-y-el-orden-recuperado-podemos-mirar-al-futuro-con-la-certeza-de-que-lo-peor-quedo-atras-senalo-alegre-en-la-apertura-de-sesiones\/#breadcrumb\",\"itemListElement\":[{\"@type\":\"ListItem\",\"position\":1,\"name\":\"Portada\",\"item\":\"https:\/\/infoecos.com.ar\/\"},{\"@type\":\"ListItem\",\"position\":2,\"name\":\"\u201cPodemos mirar al futuro con la certeza de que lo peor qued\u00f3 atr\u00e1s\u201d, se\u00f1al\u00f3 Alegre en la apertura de sesiones\"}]},{\"@type\":\"WebSite\",\"@id\":\"https:\/\/infoecos.com.ar\/#website\",\"url\":\"https:\/\/infoecos.com.ar\/\",\"name\":\"Infoecos\",\"description\":\"Noticias de trenque lauquen y la zona\",\"publisher\":{\"@id\":\"https:\/\/infoecos.com.ar\/#organization\"},\"alternateName\":\"Noticias\",\"potentialAction\":[{\"@type\":\"SearchAction\",\"target\":{\"@type\":\"EntryPoint\",\"urlTemplate\":\"https:\/\/infoecos.com.ar\/?s={search_term_string}\"},\"query-input\":{\"@type\":\"PropertyValueSpecification\",\"valueRequired\":true,\"valueName\":\"search_term_string\"}}],\"inLanguage\":\"es\"},{\"@type\":\"Organization\",\"@id\":\"https:\/\/infoecos.com.ar\/#organization\",\"name\":\"Infoecos\",\"alternateName\":\"Noticias\",\"url\":\"https:\/\/infoecos.com.ar\/\",\"logo\":{\"@type\":\"ImageObject\",\"inLanguage\":\"es\",\"@id\":\"https:\/\/infoecos.com.ar\/#\/schema\/logo\/image\/\",\"url\":\"https:\/\/infoecos.com.ar\/wp-content\/uploads\/2024\/03\/cropped-logo.png\",\"contentUrl\":\"https:\/\/infoecos.com.ar\/wp-content\/uploads\/2024\/03\/cropped-logo.png\",\"width\":374,\"height\":90,\"caption\":\"Infoecos\"},\"image\":{\"@id\":\"https:\/\/infoecos.com.ar\/#\/schema\/logo\/image\/\"},\"sameAs\":[\"https:\/\/www.facebook.com\/profile.php?id=100063200290284\",\"https:\/\/x.com\/infoecos\"]},{\"@type\":\"Person\",\"@id\":\"https:\/\/infoecos.com.ar\/#\/schema\/person\/8f5ace5ce73b4b4aac4b7245aee6f191\",\"name\":\"Jorge Matheus\",\"url\":\"https:\/\/infoecos.com.ar\/index.php\/author\/jomatheus\/\"}]}<\/script>\n<!-- \/ Yoast SEO plugin. -->","yoast_head_json":{"title":"\u201cPodemos mirar al futuro con la certeza de que lo peor qued\u00f3 atr\u00e1s\u201d, se\u00f1al\u00f3 Alegre en la apertura de sesiones - Infoecos","robots":{"index":"index","follow":"follow","max-snippet":"max-snippet:-1","max-image-preview":"max-image-preview:large","max-video-preview":"max-video-preview:-1"},"canonical":"https:\/\/infoecos.com.ar\/index.php\/hoy-con-las-cuentas-saneadas-y-el-orden-recuperado-podemos-mirar-al-futuro-con-la-certeza-de-que-lo-peor-quedo-atras-senalo-alegre-en-la-apertura-de-sesiones\/","og_locale":"es_ES","og_type":"article","og_title":"\u201cPodemos mirar al futuro con la certeza de que lo peor qued\u00f3 atr\u00e1s\u201d, se\u00f1al\u00f3 Alegre en la apertura de sesiones - Infoecos","og_description":"Durante su exposici\u00f3n, el jefe comunal puso especial \u00e9nfasis en el ordenamiento financiero del municipio, la inversi\u00f3n en salud y la ejecuci\u00f3n de obras p\u00fablicas en todo el partido","og_url":"https:\/\/infoecos.com.ar\/index.php\/hoy-con-las-cuentas-saneadas-y-el-orden-recuperado-podemos-mirar-al-futuro-con-la-certeza-de-que-lo-peor-quedo-atras-senalo-alegre-en-la-apertura-de-sesiones\/","og_site_name":"Infoecos","article_publisher":"https:\/\/www.facebook.com\/profile.php?id=100063200290284","article_published_time":"2026-03-07T00:12:52+00:00","article_modified_time":"2026-03-09T06:49:52+00:00","og_image":[{"width":2560,"height":1728,"url":"https:\/\/infoecos.com.ar\/wp-content\/uploads\/2026\/03\/generalvillegasesiones9.jpg","type":"image\/jpeg"}],"author":"Jorge Matheus","twitter_card":"summary_large_image","twitter_creator":"@infoecos","twitter_site":"@infoecos","twitter_misc":{"Escrito por":"Jorge Matheus","Tiempo de lectura":"4 minutos"},"schema":{"@context":"https:\/\/schema.org","@graph":[{"@type":"Article","@id":"https:\/\/infoecos.com.ar\/index.php\/hoy-con-las-cuentas-saneadas-y-el-orden-recuperado-podemos-mirar-al-futuro-con-la-certeza-de-que-lo-peor-quedo-atras-senalo-alegre-en-la-apertura-de-sesiones\/#article","isPartOf":{"@id":"https:\/\/infoecos.com.ar\/index.php\/hoy-con-las-cuentas-saneadas-y-el-orden-recuperado-podemos-mirar-al-futuro-con-la-certeza-de-que-lo-peor-quedo-atras-senalo-alegre-en-la-apertura-de-sesiones\/"},"author":{"name":"Jorge Matheus","@id":"https:\/\/infoecos.com.ar\/#\/schema\/person\/8f5ace5ce73b4b4aac4b7245aee6f191"},"headline":"\u201cPodemos mirar al futuro con la certeza de que lo peor qued\u00f3 atr\u00e1s\u201d, se\u00f1al\u00f3 Alegre en la apertura de sesiones","datePublished":"2026-03-07T00:12:52+00:00","dateModified":"2026-03-09T06:49:52+00:00","mainEntityOfPage":{"@id":"https:\/\/infoecos.com.ar\/index.php\/hoy-con-las-cuentas-saneadas-y-el-orden-recuperado-podemos-mirar-al-futuro-con-la-certeza-de-que-lo-peor-quedo-atras-senalo-alegre-en-la-apertura-de-sesiones\/"},"wordCount":322,"publisher":{"@id":"https:\/\/infoecos.com.ar\/#organization"},"image":{"@id":"https:\/\/infoecos.com.ar\/index.php\/hoy-con-las-cuentas-saneadas-y-el-orden-recuperado-podemos-mirar-al-futuro-con-la-certeza-de-que-lo-peor-quedo-atras-senalo-alegre-en-la-apertura-de-sesiones\/#primaryimage"},"thumbnailUrl":"https:\/\/infoecos.com.ar\/wp-content\/uploads\/2026\/03\/generalvillegasesiones9.jpg","keywords":["Actualidad"],"inLanguage":"es"},{"@type":"WebPage","@id":"https:\/\/infoecos.com.ar\/index.php\/hoy-con-las-cuentas-saneadas-y-el-orden-recuperado-podemos-mirar-al-futuro-con-la-certeza-de-que-lo-peor-quedo-atras-senalo-alegre-en-la-apertura-de-sesiones\/","url":"https:\/\/infoecos.com.ar\/index.php\/hoy-con-las-cuentas-saneadas-y-el-orden-recuperado-podemos-mirar-al-futuro-con-la-certeza-de-que-lo-peor-quedo-atras-senalo-alegre-en-la-apertura-de-sesiones\/","name":"\u201cPodemos mirar al futuro con la certeza de que lo peor qued\u00f3 atr\u00e1s\u201d, se\u00f1al\u00f3 Alegre en la apertura de sesiones - Infoecos","isPartOf":{"@id":"https:\/\/infoecos.com.ar\/#website"},"primaryImageOfPage":{"@id":"https:\/\/infoecos.com.ar\/index.php\/hoy-con-las-cuentas-saneadas-y-el-orden-recuperado-podemos-mirar-al-futuro-con-la-certeza-de-que-lo-peor-quedo-atras-senalo-alegre-en-la-apertura-de-sesiones\/#primaryimage"},"image":{"@id":"https:\/\/infoecos.com.ar\/index.php\/hoy-con-las-cuentas-saneadas-y-el-orden-recuperado-podemos-mirar-al-futuro-con-la-certeza-de-que-lo-peor-quedo-atras-senalo-alegre-en-la-apertura-de-sesiones\/#primaryimage"},"thumbnailUrl":"https:\/\/infoecos.com.ar\/wp-content\/uploads\/2026\/03\/generalvillegasesiones9.jpg","datePublished":"2026-03-07T00:12:52+00:00","dateModified":"2026-03-09T06:49:52+00:00","breadcrumb":{"@id":"https:\/\/infoecos.com.ar\/index.php\/hoy-con-las-cuentas-saneadas-y-el-orden-recuperado-podemos-mirar-al-futuro-con-la-certeza-de-que-lo-peor-quedo-atras-senalo-alegre-en-la-apertura-de-sesiones\/#breadcrumb"},"inLanguage":"es","potentialAction":[{"@type":"ReadAction","target":["https:\/\/infoecos.com.ar\/index.php\/hoy-con-las-cuentas-saneadas-y-el-orden-recuperado-podemos-mirar-al-futuro-con-la-certeza-de-que-lo-peor-quedo-atras-senalo-alegre-en-la-apertura-de-sesiones\/"]}]},{"@type":"ImageObject","inLanguage":"es","@id":"https:\/\/infoecos.com.ar\/index.php\/hoy-con-las-cuentas-saneadas-y-el-orden-recuperado-podemos-mirar-al-futuro-con-la-certeza-de-que-lo-peor-quedo-atras-senalo-alegre-en-la-apertura-de-sesiones\/#primaryimage","url":"https:\/\/infoecos.com.ar\/wp-content\/uploads\/2026\/03\/generalvillegasesiones9.jpg","contentUrl":"https:\/\/infoecos.com.ar\/wp-content\/uploads\/2026\/03\/generalvillegasesiones9.jpg","width":2560,"height":1728},{"@type":"BreadcrumbList","@id":"https:\/\/infoecos.com.ar\/index.php\/hoy-con-las-cuentas-saneadas-y-el-orden-recuperado-podemos-mirar-al-futuro-con-la-certeza-de-que-lo-peor-quedo-atras-senalo-alegre-en-la-apertura-de-sesiones\/#breadcrumb","itemListElement":[{"@type":"ListItem","position":1,"name":"Portada","item":"https:\/\/infoecos.com.ar\/"},{"@type":"ListItem","position":2,"name":"\u201cPodemos mirar al futuro con la certeza de que lo peor qued\u00f3 atr\u00e1s\u201d, se\u00f1al\u00f3 Alegre en la apertura de sesiones"}]},{"@type":"WebSite","@id":"https:\/\/infoecos.com.ar\/#website","url":"https:\/\/infoecos.com.ar\/","name":"Infoecos","description":"Noticias de trenque lauquen y la zona","publisher":{"@id":"https:\/\/infoecos.com.ar\/#organization"},"alternateName":"Noticias","potentialAction":[{"@type":"SearchAction","target":{"@type":"EntryPoint","urlTemplate":"https:\/\/infoecos.com.ar\/?s={search_term_string}"},"query-input":{"@type":"PropertyValueSpecification","valueRequired":true,"valueName":"search_term_string"}}],"inLanguage":"es"},{"@type":"Organization","@id":"https:\/\/infoecos.com.ar\/#organization","name":"Infoecos","alternateName":"Noticias","url":"https:\/\/infoecos.com.ar\/","logo":{"@type":"ImageObject","inLanguage":"es","@id":"https:\/\/infoecos.com.ar\/#\/schema\/logo\/image\/","url":"https:\/\/infoecos.com.ar\/wp-content\/uploads\/2024\/03\/cropped-logo.png","contentUrl":"https:\/\/infoecos.com.ar\/wp-content\/uploads\/2024\/03\/cropped-logo.png","width":374,"height":90,"caption":"Infoecos"},"image":{"@id":"https:\/\/infoecos.com.ar\/#\/schema\/logo\/image\/"},"sameAs":["https:\/\/www.facebook.com\/profile.php?id=100063200290284","https:\/\/x.com\/infoecos"]},{"@type":"Person","@id":"https:\/\/infoecos.com.ar\/#\/schema\/person\/8f5ace5ce73b4b4aac4b7245aee6f191","name":"Jorge Matheus","url":"https:\/\/infoecos.com.ar\/index.php\/author\/jomatheus\/"}]}},"featured_image_urls":{"full":["https:\/\/infoecos.com.ar\/wp-content\/uploads\/2026\/03\/generalvillegasesiones9.jpg",2560,1728,false],"thumbnail":["https:\/\/infoecos.com.ar\/wp-content\/uploads\/2026\/03\/generalvillegasesiones9-300x150.jpg",300,150,true],"medium":["https:\/\/infoecos.com.ar\/wp-content\/uploads\/2026\/03\/generalvillegasesiones9-800x540.jpg",800,540,true],"medium_large":["https:\/\/infoecos.com.ar\/wp-content\/uploads\/2026\/03\/generalvillegasesiones9-768x518.jpg",640,432,true],"large":["https:\/\/infoecos.com.ar\/wp-content\/uploads\/2026\/03\/generalvillegasesiones9-1600x1080.jpg",640,432,true],"1536x1536":["https:\/\/infoecos.com.ar\/wp-content\/uploads\/2026\/03\/generalvillegasesiones9-1536x1037.jpg",1536,1037,true],"2048x2048":["https:\/\/infoecos.com.ar\/wp-content\/uploads\/2026\/03\/generalvillegasesiones9-2048x1382.jpg",2048,1382,true],"covernews-slider-full":["https:\/\/infoecos.com.ar\/wp-content\/uploads\/2026\/03\/generalvillegasesiones9-1115x715.jpg",1115,715,true],"covernews-slider-center":["https:\/\/infoecos.com.ar\/wp-content\/uploads\/2026\/03\/generalvillegasesiones9-800x500.jpg",800,500,true],"covernews-featured":["https:\/\/infoecos.com.ar\/wp-content\/uploads\/2026\/03\/generalvillegasesiones9-1024x691.jpg",1024,691,true],"covernews-medium":["https:\/\/infoecos.com.ar\/wp-content\/uploads\/2026\/03\/generalvillegasesiones9-540x340.jpg",540,340,true],"covernews-medium-square":["https:\/\/infoecos.com.ar\/wp-content\/uploads\/2026\/03\/generalvillegasesiones9-400x250.jpg",400,250,true]},"author_info":{"info":["Jorge Matheus"]},"category_info":"<a href=\"https:\/\/infoecos.com.ar\/index.php\/category\/sin-categoria\/\" rel=\"category tag\">Sin categor\u00eda<\/a>","tag_info":"Sin categor\u00eda","comment_count":"0","_links":{"self":[{"href":"https:\/\/infoecos.com.ar\/index.php\/wp-json\/wp\/v2\/posts\/154616"}],"collection":[{"href":"https:\/\/infoecos.com.ar\/index.php\/wp-json\/wp\/v2\/posts"}],"about":[{"href":"https:\/\/infoecos.com.ar\/index.php\/wp-json\/wp\/v2\/types\/post"}],"author":[{"embeddable":true,"href":"https:\/\/infoecos.com.ar\/index.php\/wp-json\/wp\/v2\/users\/2"}],"replies":[{"embeddable":true,"href":"https:\/\/infoecos.com.ar\/index.php\/wp-json\/wp\/v2\/comments?post=154616"}],"version-history":[{"count":2,"href":"https:\/\/infoecos.com.ar\/index.php\/wp-json\/wp\/v2\/posts\/154616\/revisions"}],"predecessor-version":[{"id":154627,"href":"https:\/\/infoecos.com.ar\/index.php\/wp-json\/wp\/v2\/posts\/154616\/revisions\/154627"}],"wp:featuredmedia":[{"embeddable":true,"href":"https:\/\/infoecos.com.ar\/index.php\/wp-json\/wp\/v2\/media\/154617"}],"wp:attachment":[{"href":"https:\/\/infoecos.com.ar\/index.php\/wp-json\/wp\/v2\/media?parent=154616"}],"wp:term":[{"taxonomy":"category","embeddable":true,"href":"https:\/\/infoecos.com.ar\/index.php\/wp-json\/wp\/v2\/categories?post=154616"},{"taxonomy":"post_tag","embeddable":true,"href":"https:\/\/infoecos.com.ar\/index.php\/wp-json\/wp\/v2\/tags?post=154616"}],"curies":[{"name":"wp","href":"https:\/\/api.w.org\/{rel}","templated":true}]}}