{"id":154628,"date":"2026-03-06T21:22:40","date_gmt":"2026-03-07T00:22:40","guid":{"rendered":"https:\/\/infoecos.com.ar\/?p=154628"},"modified":"2026-03-06T21:22:41","modified_gmt":"2026-03-07T00:22:41","slug":"atipico-inicio-en-lo-referido-al-ceremonial-tendra-la-apertura-de-sesiones-del-concejo-deliberante-de-pellegrini-el-proximo-martes","status":"publish","type":"post","link":"https:\/\/infoecos.com.ar\/index.php\/atipico-inicio-en-lo-referido-al-ceremonial-tendra-la-apertura-de-sesiones-del-concejo-deliberante-de-pellegrini-el-proximo-martes\/","title":{"rendered":"At\u00edpico inicio en lo referido al ceremonial, tendr\u00e1 la apertura de sesiones del Concejo Deliberante de Pellegrini, el pr\u00f3ximo martes"},"content":{"rendered":"\n<p>Las sesiones ordinarias correspondientes al per\u00edodo legislativo 2026, ser\u00e1n inauguradas el pr\u00f3ximo martes 10. <\/p>\n\n\n\n<p>En el acto hablar\u00e1n los presidentes de los distintos bloques pol\u00edticos que integran el Concejo, Somos UCR, Fuerza Patria y La Libertad Avanza.<\/p>\n\n\n\n<p>Luego hablar\u00e1 la intendente municipal, Sof\u00eda Gambier.<\/p>\n\n\n\n<p>Finalmente, el presidente del Concejo Deliberante de Pellegrini, har\u00e1 uso de la palabra para cerrar la sesi\u00f3n. <\/p>\n\n\n\n<p>Cabe consignar que en la mayor\u00eda de los distritos los concejales no hacen uso de la palabra, como tampoco el presidente del cuerpo. Solo se cumple con las normas reglamentarias de rigor institucionales y luego se cierra con el discurso del Jefe Comunal. Por ello, la consideraci\u00f3n de nuestra redacci\u00f3n de lo at\u00edpico en el t\u00edtulo. <\/p>\n\n\n\n<figure class=\"wp-block-image size-full\"><img loading=\"lazy\" decoding=\"async\" width=\"1280\" height=\"720\" src=\"https:\/\/infoecos.com.ar\/wp-content\/uploads\/2024\/07\/image-227.png\" alt=\"\" class=\"wp-image-127502\" srcset=\"https:\/\/infoecos.com.ar\/wp-content\/uploads\/2024\/07\/image-227.png 1280w, https:\/\/infoecos.com.ar\/wp-content\/uploads\/2024\/07\/image-227-800x450.png 800w, https:\/\/infoecos.com.ar\/wp-content\/uploads\/2024\/07\/image-227-768x432.png 768w, https:\/\/infoecos.com.ar\/wp-content\/uploads\/2024\/07\/image-227-1024x576.png 1024w\" sizes=\"(max-width: 1280px) 100vw, 1280px\" \/><\/figure>\n","protected":false},"excerpt":{"rendered":"<p>En la mayor\u00eda de los distritos los concejales no hacen uso de la palabra, como tampoco el presidente del cuerpo<\/p>\n","protected":false},"author":2,"featured_media":144194,"comment_status":"closed","ping_status":"open","sticky":false,"template":"","format":"standard","meta":{"footnotes":""},"categories":[1613],"tags":[1750],"class_list":["post-154628","post","type-post","status-publish","format-standard","has-post-thumbnail","hentry","category-noticia-secundaria","tag-deporte"],"yoast_head":"<!-- This site is optimized with the Yoast SEO plugin v23.4 - https:\/\/yoast.com\/wordpress\/plugins\/seo\/ -->\n<title>At\u00edpico inicio en lo referido al ceremonial, tendr\u00e1 la apertura de sesiones del Concejo Deliberante de Pellegrini, el pr\u00f3ximo martes - Infoecos<\/title>\n<meta name=\"robots\" content=\"index, follow, max-snippet:-1, max-image-preview:large, max-video-preview:-1\" \/>\n<link rel=\"canonical\" href=\"https:\/\/infoecos.com.ar\/index.php\/atipico-inicio-en-lo-referido-al-ceremonial-tendra-la-apertura-de-sesiones-del-concejo-deliberante-de-pellegrini-el-proximo-martes\/\" \/>\n<meta property=\"og:locale\" content=\"es_ES\" \/>\n<meta property=\"og:type\" content=\"article\" \/>\n<meta property=\"og:title\" content=\"At\u00edpico inicio en lo referido al ceremonial, tendr\u00e1 la apertura de sesiones del Concejo Deliberante de Pellegrini, el pr\u00f3ximo martes - Infoecos\" \/>\n<meta property=\"og:description\" content=\"En la mayor\u00eda de los distritos los concejales no hacen uso de la palabra, como tampoco el presidente del cuerpo\" \/>\n<meta property=\"og:url\" content=\"https:\/\/infoecos.com.ar\/index.php\/atipico-inicio-en-lo-referido-al-ceremonial-tendra-la-apertura-de-sesiones-del-concejo-deliberante-de-pellegrini-el-proximo-martes\/\" \/>\n<meta property=\"og:site_name\" content=\"Infoecos\" \/>\n<meta property=\"article:publisher\" content=\"https:\/\/www.facebook.com\/profile.php?id=100063200290284\" \/>\n<meta property=\"article:published_time\" content=\"2026-03-07T00:22:40+00:00\" \/>\n<meta property=\"article:modified_time\" content=\"2026-03-07T00:22:41+00:00\" \/>\n<meta property=\"og:image\" content=\"https:\/\/infoecos.com.ar\/wp-content\/uploads\/2025\/07\/image-136.png\" \/>\n\t<meta property=\"og:image:width\" content=\"780\" \/>\n\t<meta property=\"og:image:height\" content=\"585\" \/>\n\t<meta property=\"og:image:type\" content=\"image\/png\" \/>\n<meta name=\"author\" content=\"Jorge Matheus\" \/>\n<meta name=\"twitter:card\" content=\"summary_large_image\" \/>\n<meta name=\"twitter:creator\" content=\"@infoecos\" \/>\n<meta name=\"twitter:site\" content=\"@infoecos\" \/>\n<meta name=\"twitter:label1\" content=\"Escrito por\" \/>\n\t<meta name=\"twitter:data1\" content=\"Jorge Matheus\" \/>\n\t<meta name=\"twitter:label2\" content=\"Tiempo de lectura\" \/>\n\t<meta name=\"twitter:data2\" content=\"1 minuto\" \/>\n<script type=\"application\/ld+json\" class=\"yoast-schema-graph\">{\"@context\":\"https:\/\/schema.org\",\"@graph\":[{\"@type\":\"Article\",\"@id\":\"https:\/\/infoecos.com.ar\/index.php\/atipico-inicio-en-lo-referido-al-ceremonial-tendra-la-apertura-de-sesiones-del-concejo-deliberante-de-pellegrini-el-proximo-martes\/#article\",\"isPartOf\":{\"@id\":\"https:\/\/infoecos.com.ar\/index.php\/atipico-inicio-en-lo-referido-al-ceremonial-tendra-la-apertura-de-sesiones-del-concejo-deliberante-de-pellegrini-el-proximo-martes\/\"},\"author\":{\"name\":\"Jorge Matheus\",\"@id\":\"https:\/\/infoecos.com.ar\/#\/schema\/person\/8f5ace5ce73b4b4aac4b7245aee6f191\"},\"headline\":\"At\u00edpico inicio en lo referido al ceremonial, tendr\u00e1 la apertura de sesiones del Concejo Deliberante de Pellegrini, el pr\u00f3ximo martes\",\"datePublished\":\"2026-03-07T00:22:40+00:00\",\"dateModified\":\"2026-03-07T00:22:41+00:00\",\"mainEntityOfPage\":{\"@id\":\"https:\/\/infoecos.com.ar\/index.php\/atipico-inicio-en-lo-referido-al-ceremonial-tendra-la-apertura-de-sesiones-del-concejo-deliberante-de-pellegrini-el-proximo-martes\/\"},\"wordCount\":149,\"publisher\":{\"@id\":\"https:\/\/infoecos.com.ar\/#organization\"},\"image\":{\"@id\":\"https:\/\/infoecos.com.ar\/index.php\/atipico-inicio-en-lo-referido-al-ceremonial-tendra-la-apertura-de-sesiones-del-concejo-deliberante-de-pellegrini-el-proximo-martes\/#primaryimage\"},\"thumbnailUrl\":\"https:\/\/infoecos.com.ar\/wp-content\/uploads\/2025\/07\/image-136.png\",\"keywords\":[\"DEPORTE\"],\"articleSection\":[\"Noticia Secundaria\"],\"inLanguage\":\"es\"},{\"@type\":\"WebPage\",\"@id\":\"https:\/\/infoecos.com.ar\/index.php\/atipico-inicio-en-lo-referido-al-ceremonial-tendra-la-apertura-de-sesiones-del-concejo-deliberante-de-pellegrini-el-proximo-martes\/\",\"url\":\"https:\/\/infoecos.com.ar\/index.php\/atipico-inicio-en-lo-referido-al-ceremonial-tendra-la-apertura-de-sesiones-del-concejo-deliberante-de-pellegrini-el-proximo-martes\/\",\"name\":\"At\u00edpico inicio en lo referido al ceremonial, tendr\u00e1 la apertura de sesiones del Concejo Deliberante de Pellegrini, el pr\u00f3ximo martes - Infoecos\",\"isPartOf\":{\"@id\":\"https:\/\/infoecos.com.ar\/#website\"},\"primaryImageOfPage\":{\"@id\":\"https:\/\/infoecos.com.ar\/index.php\/atipico-inicio-en-lo-referido-al-ceremonial-tendra-la-apertura-de-sesiones-del-concejo-deliberante-de-pellegrini-el-proximo-martes\/#primaryimage\"},\"image\":{\"@id\":\"https:\/\/infoecos.com.ar\/index.php\/atipico-inicio-en-lo-referido-al-ceremonial-tendra-la-apertura-de-sesiones-del-concejo-deliberante-de-pellegrini-el-proximo-martes\/#primaryimage\"},\"thumbnailUrl\":\"https:\/\/infoecos.com.ar\/wp-content\/uploads\/2025\/07\/image-136.png\",\"datePublished\":\"2026-03-07T00:22:40+00:00\",\"dateModified\":\"2026-03-07T00:22:41+00:00\",\"breadcrumb\":{\"@id\":\"https:\/\/infoecos.com.ar\/index.php\/atipico-inicio-en-lo-referido-al-ceremonial-tendra-la-apertura-de-sesiones-del-concejo-deliberante-de-pellegrini-el-proximo-martes\/#breadcrumb\"},\"inLanguage\":\"es\",\"potentialAction\":[{\"@type\":\"ReadAction\",\"target\":[\"https:\/\/infoecos.com.ar\/index.php\/atipico-inicio-en-lo-referido-al-ceremonial-tendra-la-apertura-de-sesiones-del-concejo-deliberante-de-pellegrini-el-proximo-martes\/\"]}]},{\"@type\":\"ImageObject\",\"inLanguage\":\"es\",\"@id\":\"https:\/\/infoecos.com.ar\/index.php\/atipico-inicio-en-lo-referido-al-ceremonial-tendra-la-apertura-de-sesiones-del-concejo-deliberante-de-pellegrini-el-proximo-martes\/#primaryimage\",\"url\":\"https:\/\/infoecos.com.ar\/wp-content\/uploads\/2025\/07\/image-136.png\",\"contentUrl\":\"https:\/\/infoecos.com.ar\/wp-content\/uploads\/2025\/07\/image-136.png\",\"width\":780,\"height\":585},{\"@type\":\"BreadcrumbList\",\"@id\":\"https:\/\/infoecos.com.ar\/index.php\/atipico-inicio-en-lo-referido-al-ceremonial-tendra-la-apertura-de-sesiones-del-concejo-deliberante-de-pellegrini-el-proximo-martes\/#breadcrumb\",\"itemListElement\":[{\"@type\":\"ListItem\",\"position\":1,\"name\":\"Portada\",\"item\":\"https:\/\/infoecos.com.ar\/\"},{\"@type\":\"ListItem\",\"position\":2,\"name\":\"At\u00edpico inicio en lo referido al ceremonial, tendr\u00e1 la apertura de sesiones del Concejo Deliberante de Pellegrini, el pr\u00f3ximo martes\"}]},{\"@type\":\"WebSite\",\"@id\":\"https:\/\/infoecos.com.ar\/#website\",\"url\":\"https:\/\/infoecos.com.ar\/\",\"name\":\"Infoecos\",\"description\":\"Noticias de trenque lauquen y la zona\",\"publisher\":{\"@id\":\"https:\/\/infoecos.com.ar\/#organization\"},\"alternateName\":\"Noticias\",\"potentialAction\":[{\"@type\":\"SearchAction\",\"target\":{\"@type\":\"EntryPoint\",\"urlTemplate\":\"https:\/\/infoecos.com.ar\/?s={search_term_string}\"},\"query-input\":{\"@type\":\"PropertyValueSpecification\",\"valueRequired\":true,\"valueName\":\"search_term_string\"}}],\"inLanguage\":\"es\"},{\"@type\":\"Organization\",\"@id\":\"https:\/\/infoecos.com.ar\/#organization\",\"name\":\"Infoecos\",\"alternateName\":\"Noticias\",\"url\":\"https:\/\/infoecos.com.ar\/\",\"logo\":{\"@type\":\"ImageObject\",\"inLanguage\":\"es\",\"@id\":\"https:\/\/infoecos.com.ar\/#\/schema\/logo\/image\/\",\"url\":\"https:\/\/infoecos.com.ar\/wp-content\/uploads\/2024\/03\/cropped-logo.png\",\"contentUrl\":\"https:\/\/infoecos.com.ar\/wp-content\/uploads\/2024\/03\/cropped-logo.png\",\"width\":374,\"height\":90,\"caption\":\"Infoecos\"},\"image\":{\"@id\":\"https:\/\/infoecos.com.ar\/#\/schema\/logo\/image\/\"},\"sameAs\":[\"https:\/\/www.facebook.com\/profile.php?id=100063200290284\",\"https:\/\/x.com\/infoecos\"]},{\"@type\":\"Person\",\"@id\":\"https:\/\/infoecos.com.ar\/#\/schema\/person\/8f5ace5ce73b4b4aac4b7245aee6f191\",\"name\":\"Jorge Matheus\",\"url\":\"https:\/\/infoecos.com.ar\/index.php\/author\/jomatheus\/\"}]}<\/script>\n<!-- \/ Yoast SEO plugin. -->","yoast_head_json":{"title":"At\u00edpico inicio en lo referido al ceremonial, tendr\u00e1 la apertura de sesiones del Concejo Deliberante de Pellegrini, el pr\u00f3ximo martes - Infoecos","robots":{"index":"index","follow":"follow","max-snippet":"max-snippet:-1","max-image-preview":"max-image-preview:large","max-video-preview":"max-video-preview:-1"},"canonical":"https:\/\/infoecos.com.ar\/index.php\/atipico-inicio-en-lo-referido-al-ceremonial-tendra-la-apertura-de-sesiones-del-concejo-deliberante-de-pellegrini-el-proximo-martes\/","og_locale":"es_ES","og_type":"article","og_title":"At\u00edpico inicio en lo referido al ceremonial, tendr\u00e1 la apertura de sesiones del Concejo Deliberante de Pellegrini, el pr\u00f3ximo martes - Infoecos","og_description":"En la mayor\u00eda de los distritos los concejales no hacen uso de la palabra, como tampoco el presidente del cuerpo","og_url":"https:\/\/infoecos.com.ar\/index.php\/atipico-inicio-en-lo-referido-al-ceremonial-tendra-la-apertura-de-sesiones-del-concejo-deliberante-de-pellegrini-el-proximo-martes\/","og_site_name":"Infoecos","article_publisher":"https:\/\/www.facebook.com\/profile.php?id=100063200290284","article_published_time":"2026-03-07T00:22:40+00:00","article_modified_time":"2026-03-07T00:22:41+00:00","og_image":[{"width":780,"height":585,"url":"https:\/\/infoecos.com.ar\/wp-content\/uploads\/2025\/07\/image-136.png","type":"image\/png"}],"author":"Jorge Matheus","twitter_card":"summary_large_image","twitter_creator":"@infoecos","twitter_site":"@infoecos","twitter_misc":{"Escrito por":"Jorge Matheus","Tiempo de lectura":"1 minuto"},"schema":{"@context":"https:\/\/schema.org","@graph":[{"@type":"Article","@id":"https:\/\/infoecos.com.ar\/index.php\/atipico-inicio-en-lo-referido-al-ceremonial-tendra-la-apertura-de-sesiones-del-concejo-deliberante-de-pellegrini-el-proximo-martes\/#article","isPartOf":{"@id":"https:\/\/infoecos.com.ar\/index.php\/atipico-inicio-en-lo-referido-al-ceremonial-tendra-la-apertura-de-sesiones-del-concejo-deliberante-de-pellegrini-el-proximo-martes\/"},"author":{"name":"Jorge Matheus","@id":"https:\/\/infoecos.com.ar\/#\/schema\/person\/8f5ace5ce73b4b4aac4b7245aee6f191"},"headline":"At\u00edpico inicio en lo referido al ceremonial, tendr\u00e1 la apertura de sesiones del Concejo Deliberante de Pellegrini, el pr\u00f3ximo martes","datePublished":"2026-03-07T00:22:40+00:00","dateModified":"2026-03-07T00:22:41+00:00","mainEntityOfPage":{"@id":"https:\/\/infoecos.com.ar\/index.php\/atipico-inicio-en-lo-referido-al-ceremonial-tendra-la-apertura-de-sesiones-del-concejo-deliberante-de-pellegrini-el-proximo-martes\/"},"wordCount":149,"publisher":{"@id":"https:\/\/infoecos.com.ar\/#organization"},"image":{"@id":"https:\/\/infoecos.com.ar\/index.php\/atipico-inicio-en-lo-referido-al-ceremonial-tendra-la-apertura-de-sesiones-del-concejo-deliberante-de-pellegrini-el-proximo-martes\/#primaryimage"},"thumbnailUrl":"https:\/\/infoecos.com.ar\/wp-content\/uploads\/2025\/07\/image-136.png","keywords":["DEPORTE"],"articleSection":["Noticia Secundaria"],"inLanguage":"es"},{"@type":"WebPage","@id":"https:\/\/infoecos.com.ar\/index.php\/atipico-inicio-en-lo-referido-al-ceremonial-tendra-la-apertura-de-sesiones-del-concejo-deliberante-de-pellegrini-el-proximo-martes\/","url":"https:\/\/infoecos.com.ar\/index.php\/atipico-inicio-en-lo-referido-al-ceremonial-tendra-la-apertura-de-sesiones-del-concejo-deliberante-de-pellegrini-el-proximo-martes\/","name":"At\u00edpico inicio en lo referido al ceremonial, tendr\u00e1 la apertura de sesiones del Concejo Deliberante de Pellegrini, el pr\u00f3ximo martes - Infoecos","isPartOf":{"@id":"https:\/\/infoecos.com.ar\/#website"},"primaryImageOfPage":{"@id":"https:\/\/infoecos.com.ar\/index.php\/atipico-inicio-en-lo-referido-al-ceremonial-tendra-la-apertura-de-sesiones-del-concejo-deliberante-de-pellegrini-el-proximo-martes\/#primaryimage"},"image":{"@id":"https:\/\/infoecos.com.ar\/index.php\/atipico-inicio-en-lo-referido-al-ceremonial-tendra-la-apertura-de-sesiones-del-concejo-deliberante-de-pellegrini-el-proximo-martes\/#primaryimage"},"thumbnailUrl":"https:\/\/infoecos.com.ar\/wp-content\/uploads\/2025\/07\/image-136.png","datePublished":"2026-03-07T00:22:40+00:00","dateModified":"2026-03-07T00:22:41+00:00","breadcrumb":{"@id":"https:\/\/infoecos.com.ar\/index.php\/atipico-inicio-en-lo-referido-al-ceremonial-tendra-la-apertura-de-sesiones-del-concejo-deliberante-de-pellegrini-el-proximo-martes\/#breadcrumb"},"inLanguage":"es","potentialAction":[{"@type":"ReadAction","target":["https:\/\/infoecos.com.ar\/index.php\/atipico-inicio-en-lo-referido-al-ceremonial-tendra-la-apertura-de-sesiones-del-concejo-deliberante-de-pellegrini-el-proximo-martes\/"]}]},{"@type":"ImageObject","inLanguage":"es","@id":"https:\/\/infoecos.com.ar\/index.php\/atipico-inicio-en-lo-referido-al-ceremonial-tendra-la-apertura-de-sesiones-del-concejo-deliberante-de-pellegrini-el-proximo-martes\/#primaryimage","url":"https:\/\/infoecos.com.ar\/wp-content\/uploads\/2025\/07\/image-136.png","contentUrl":"https:\/\/infoecos.com.ar\/wp-content\/uploads\/2025\/07\/image-136.png","width":780,"height":585},{"@type":"BreadcrumbList","@id":"https:\/\/infoecos.com.ar\/index.php\/atipico-inicio-en-lo-referido-al-ceremonial-tendra-la-apertura-de-sesiones-del-concejo-deliberante-de-pellegrini-el-proximo-martes\/#breadcrumb","itemListElement":[{"@type":"ListItem","position":1,"name":"Portada","item":"https:\/\/infoecos.com.ar\/"},{"@type":"ListItem","position":2,"name":"At\u00edpico inicio en lo referido al ceremonial, tendr\u00e1 la apertura de sesiones del Concejo Deliberante de Pellegrini, el pr\u00f3ximo martes"}]},{"@type":"WebSite","@id":"https:\/\/infoecos.com.ar\/#website","url":"https:\/\/infoecos.com.ar\/","name":"Infoecos","description":"Noticias de trenque lauquen y la zona","publisher":{"@id":"https:\/\/infoecos.com.ar\/#organization"},"alternateName":"Noticias","potentialAction":[{"@type":"SearchAction","target":{"@type":"EntryPoint","urlTemplate":"https:\/\/infoecos.com.ar\/?s={search_term_string}"},"query-input":{"@type":"PropertyValueSpecification","valueRequired":true,"valueName":"search_term_string"}}],"inLanguage":"es"},{"@type":"Organization","@id":"https:\/\/infoecos.com.ar\/#organization","name":"Infoecos","alternateName":"Noticias","url":"https:\/\/infoecos.com.ar\/","logo":{"@type":"ImageObject","inLanguage":"es","@id":"https:\/\/infoecos.com.ar\/#\/schema\/logo\/image\/","url":"https:\/\/infoecos.com.ar\/wp-content\/uploads\/2024\/03\/cropped-logo.png","contentUrl":"https:\/\/infoecos.com.ar\/wp-content\/uploads\/2024\/03\/cropped-logo.png","width":374,"height":90,"caption":"Infoecos"},"image":{"@id":"https:\/\/infoecos.com.ar\/#\/schema\/logo\/image\/"},"sameAs":["https:\/\/www.facebook.com\/profile.php?id=100063200290284","https:\/\/x.com\/infoecos"]},{"@type":"Person","@id":"https:\/\/infoecos.com.ar\/#\/schema\/person\/8f5ace5ce73b4b4aac4b7245aee6f191","name":"Jorge Matheus","url":"https:\/\/infoecos.com.ar\/index.php\/author\/jomatheus\/"}]}},"featured_image_urls":{"full":["https:\/\/infoecos.com.ar\/wp-content\/uploads\/2025\/07\/image-136.png",780,585,false],"thumbnail":["https:\/\/infoecos.com.ar\/wp-content\/uploads\/2025\/07\/image-136-300x150.png",300,150,true],"medium":["https:\/\/infoecos.com.ar\/wp-content\/uploads\/2025\/07\/image-136.png",780,585,false],"medium_large":["https:\/\/infoecos.com.ar\/wp-content\/uploads\/2025\/07\/image-136-768x576.png",640,480,true],"large":["https:\/\/infoecos.com.ar\/wp-content\/uploads\/2025\/07\/image-136.png",640,480,false],"1536x1536":["https:\/\/infoecos.com.ar\/wp-content\/uploads\/2025\/07\/image-136.png",780,585,false],"2048x2048":["https:\/\/infoecos.com.ar\/wp-content\/uploads\/2025\/07\/image-136.png",780,585,false],"covernews-slider-full":["https:\/\/infoecos.com.ar\/wp-content\/uploads\/2025\/07\/image-136.png",780,585,false],"covernews-slider-center":["https:\/\/infoecos.com.ar\/wp-content\/uploads\/2025\/07\/image-136-780x500.png",780,500,true],"covernews-featured":["https:\/\/infoecos.com.ar\/wp-content\/uploads\/2025\/07\/image-136.png",780,585,false],"covernews-medium":["https:\/\/infoecos.com.ar\/wp-content\/uploads\/2025\/07\/image-136-540x340.png",540,340,true],"covernews-medium-square":["https:\/\/infoecos.com.ar\/wp-content\/uploads\/2025\/07\/image-136-400x250.png",400,250,true]},"author_info":{"info":["Jorge Matheus"]},"category_info":"<a href=\"https:\/\/infoecos.com.ar\/index.php\/category\/noticia-secundaria\/\" rel=\"category tag\">Noticia Secundaria<\/a>","tag_info":"Noticia Secundaria","comment_count":"0","_links":{"self":[{"href":"https:\/\/infoecos.com.ar\/index.php\/wp-json\/wp\/v2\/posts\/154628"}],"collection":[{"href":"https:\/\/infoecos.com.ar\/index.php\/wp-json\/wp\/v2\/posts"}],"about":[{"href":"https:\/\/infoecos.com.ar\/index.php\/wp-json\/wp\/v2\/types\/post"}],"author":[{"embeddable":true,"href":"https:\/\/infoecos.com.ar\/index.php\/wp-json\/wp\/v2\/users\/2"}],"replies":[{"embeddable":true,"href":"https:\/\/infoecos.com.ar\/index.php\/wp-json\/wp\/v2\/comments?post=154628"}],"version-history":[{"count":1,"href":"https:\/\/infoecos.com.ar\/index.php\/wp-json\/wp\/v2\/posts\/154628\/revisions"}],"predecessor-version":[{"id":154629,"href":"https:\/\/infoecos.com.ar\/index.php\/wp-json\/wp\/v2\/posts\/154628\/revisions\/154629"}],"wp:featuredmedia":[{"embeddable":true,"href":"https:\/\/infoecos.com.ar\/index.php\/wp-json\/wp\/v2\/media\/144194"}],"wp:attachment":[{"href":"https:\/\/infoecos.com.ar\/index.php\/wp-json\/wp\/v2\/media?parent=154628"}],"wp:term":[{"taxonomy":"category","embeddable":true,"href":"https:\/\/infoecos.com.ar\/index.php\/wp-json\/wp\/v2\/categories?post=154628"},{"taxonomy":"post_tag","embeddable":true,"href":"https:\/\/infoecos.com.ar\/index.php\/wp-json\/wp\/v2\/tags?post=154628"}],"curies":[{"name":"wp","href":"https:\/\/api.w.org\/{rel}","templated":true}]}}