{"id":154630,"date":"2026-03-06T23:03:20","date_gmt":"2026-03-07T02:03:20","guid":{"rendered":"https:\/\/infoecos.com.ar\/?p=154630"},"modified":"2026-03-13T03:50:34","modified_gmt":"2026-03-13T06:50:34","slug":"papelito-el-artista-circense-sigue-actuando-y-ahora-esta-radicado-en-la-ciudad-de-bolivar-donde-conduce-un-programa-de-radio-y-promociona-sus-shows","status":"publish","type":"post","link":"https:\/\/infoecos.com.ar\/index.php\/papelito-el-artista-circense-sigue-actuando-y-ahora-esta-radicado-en-la-ciudad-de-bolivar-donde-conduce-un-programa-de-radio-y-promociona-sus-shows\/","title":{"rendered":"Papelito, el artista circense, sigue actuando, est\u00e1 radicado en Bol\u00edvar, donde conduce un programa de radio y promociona sus shows"},"content":{"rendered":"\n<p>El artista circense Carlos \u201cPapelito\u201d Brighenti, se ha radicado en la ciudad de Bol\u00edvar, donde conduce un programa de radio, a la par de realizar shows con el fin de recaudar dinero que le permita mantenerse. Su jubilaci\u00f3n no le alcanza, se\u00f1ala el sitio Presente Noticias, para alquilar una vivienda por lo que hasta este viernes pas\u00f3 sus d\u00edas en una pieza prestada.<\/p>\n\n\n\n<figure class=\"wp-block-image size-full\"><img loading=\"lazy\" decoding=\"async\" width=\"1200\" height=\"800\" src=\"https:\/\/infoecos.com.ar\/wp-content\/uploads\/2026\/03\/image-54.png\" alt=\"\" class=\"wp-image-154633\" srcset=\"https:\/\/infoecos.com.ar\/wp-content\/uploads\/2026\/03\/image-54.png 1200w, https:\/\/infoecos.com.ar\/wp-content\/uploads\/2026\/03\/image-54-800x533.png 800w, https:\/\/infoecos.com.ar\/wp-content\/uploads\/2026\/03\/image-54-768x512.png 768w, https:\/\/infoecos.com.ar\/wp-content\/uploads\/2026\/03\/image-54-1024x683.png 1024w\" sizes=\"(max-width: 1200px) 100vw, 1200px\" \/><\/figure>\n\n\n\n<p>El medio colega ha seguido la situaci\u00f3n de qui\u00e9n durante muchos a\u00f1os estuvo afincado en Trenque Lauquen realizando programas a trav\u00e9s de LU 11 Radioemisora del Oeste con el patrocinio de una agencia publicidad que se denominaba JD Producciones y cuyo titular era Oscar Rovira. Papelito tambi\u00e9n estableci\u00f3 su carpa en esta ciudad del oeste de la provincia de Buenos Aires, en alguna oportunidad. <\/p>\n\n\n\n<p>Presente Noticias hace referencia a la historia de Carlos, se\u00f1alando que naci\u00f3 en\u00a0Norberto de la Riestra,\u00a0partido de\u00a025 de Mayo\u00a0y tuvo en su abuelo la inspiraci\u00f3n para dedicarse al mundo art\u00edstico. El hombre era profesor de m\u00fasica y con \u00e9l empez\u00f3 a tocar la guitarra, el acorde\u00f3n y a cantar. Adem\u00e1s, le sum\u00f3 la actuaci\u00f3n y a los 12 a\u00f1os se inici\u00f3 en\u00a0radioteatro, actividad esta \u00faltima en la que tambi\u00e9n incursion\u00f3 en Trenque Lauquen.<\/p>\n\n\n\n<p>En Bol\u00edvar luego que se conociera p\u00fablicamente su situaci\u00f3n habitacional, encontr\u00f3 un lugar donde instalarse. Este viernes se mud\u00f3 a un sector de la estaci\u00f3n de trenes de Bol\u00edvar, espec\u00edficamente al denominado\u00a0\u201csal\u00f3n de se\u00f1oras\u201d, un espacio que forma parte de las instalaciones ferroviarias que desde hace tiempo mantiene y preserva la Asociaci\u00f3n Civil \u201cSalvemos al tren\u201d.<\/p>\n\n\n\n<p>All\u00ed podr\u00e1 permanecer con cierta estabilidad mientras contin\u00faa con sus actividades. El lugar cuenta con luz el\u00e9ctrica e internet.\u00a0\u201cEstoy muy contento y emocionado\u201d, expres\u00f3 Papelito a\u00a0Presente Noticias tras concretar la mudanza.<\/p>\n\n\n\n<p>En la foto, Papelito con Roque G\u00f3mez, representante de la Asociaci\u00f3n Civil \u201cSalvemos al tren\u201d<\/p>\n\n\n\n<figure class=\"wp-block-image size-full\"><img loading=\"lazy\" decoding=\"async\" width=\"992\" height=\"744\" src=\"https:\/\/infoecos.com.ar\/wp-content\/uploads\/2026\/03\/image-53.png\" alt=\"\" class=\"wp-image-154632\" srcset=\"https:\/\/infoecos.com.ar\/wp-content\/uploads\/2026\/03\/image-53.png 992w, https:\/\/infoecos.com.ar\/wp-content\/uploads\/2026\/03\/image-53-800x600.png 800w, https:\/\/infoecos.com.ar\/wp-content\/uploads\/2026\/03\/image-53-768x576.png 768w\" sizes=\"(max-width: 992px) 100vw, 992px\" \/><\/figure>\n","protected":false},"excerpt":{"rendered":"<p> Su jubilaci\u00f3n no le alcanza, se\u00f1ala el sitio Presente Noticias, para alquilar una vivienda por lo que hasta este viernes pas\u00f3 sus d\u00edas en una pieza prestada.<\/p>\n","protected":false},"author":2,"featured_media":154633,"comment_status":"closed","ping_status":"open","sticky":false,"template":"","format":"standard","meta":{"footnotes":""},"categories":[1],"tags":[10298],"class_list":["post-154630","post","type-post","status-publish","format-standard","has-post-thumbnail","hentry","category-sin-categoria","tag-bloque-inferior"],"yoast_head":"<!-- This site is optimized with the Yoast SEO plugin v23.4 - https:\/\/yoast.com\/wordpress\/plugins\/seo\/ -->\n<title>Papelito, el artista circense, sigue actuando, est\u00e1 radicado en Bol\u00edvar, donde conduce un programa de radio y promociona sus shows - Infoecos<\/title>\n<meta name=\"robots\" content=\"index, follow, max-snippet:-1, max-image-preview:large, max-video-preview:-1\" \/>\n<link rel=\"canonical\" href=\"https:\/\/infoecos.com.ar\/index.php\/papelito-el-artista-circense-sigue-actuando-y-ahora-esta-radicado-en-la-ciudad-de-bolivar-donde-conduce-un-programa-de-radio-y-promociona-sus-shows\/\" \/>\n<meta property=\"og:locale\" content=\"es_ES\" \/>\n<meta property=\"og:type\" content=\"article\" \/>\n<meta property=\"og:title\" content=\"Papelito, el artista circense, sigue actuando, est\u00e1 radicado en Bol\u00edvar, donde conduce un programa de radio y promociona sus shows - Infoecos\" \/>\n<meta property=\"og:description\" content=\"Su jubilaci\u00f3n no le alcanza, se\u00f1ala el sitio Presente Noticias, para alquilar una vivienda por lo que hasta este viernes pas\u00f3 sus d\u00edas en una pieza prestada.\" \/>\n<meta property=\"og:url\" content=\"https:\/\/infoecos.com.ar\/index.php\/papelito-el-artista-circense-sigue-actuando-y-ahora-esta-radicado-en-la-ciudad-de-bolivar-donde-conduce-un-programa-de-radio-y-promociona-sus-shows\/\" \/>\n<meta property=\"og:site_name\" content=\"Infoecos\" \/>\n<meta property=\"article:publisher\" content=\"https:\/\/www.facebook.com\/profile.php?id=100063200290284\" \/>\n<meta property=\"article:published_time\" content=\"2026-03-07T02:03:20+00:00\" \/>\n<meta property=\"article:modified_time\" content=\"2026-03-13T06:50:34+00:00\" \/>\n<meta property=\"og:image\" content=\"https:\/\/infoecos.com.ar\/wp-content\/uploads\/2026\/03\/image-54.png\" \/>\n\t<meta property=\"og:image:width\" content=\"1200\" \/>\n\t<meta property=\"og:image:height\" content=\"800\" \/>\n\t<meta property=\"og:image:type\" content=\"image\/png\" \/>\n<meta name=\"author\" content=\"Jorge Matheus\" \/>\n<meta name=\"twitter:card\" content=\"summary_large_image\" \/>\n<meta name=\"twitter:creator\" content=\"@infoecos\" \/>\n<meta name=\"twitter:site\" content=\"@infoecos\" \/>\n<meta name=\"twitter:label1\" content=\"Escrito por\" \/>\n\t<meta name=\"twitter:data1\" content=\"Jorge Matheus\" \/>\n\t<meta name=\"twitter:label2\" content=\"Tiempo de lectura\" \/>\n\t<meta name=\"twitter:data2\" content=\"3 minutos\" \/>\n<script type=\"application\/ld+json\" class=\"yoast-schema-graph\">{\"@context\":\"https:\/\/schema.org\",\"@graph\":[{\"@type\":\"Article\",\"@id\":\"https:\/\/infoecos.com.ar\/index.php\/papelito-el-artista-circense-sigue-actuando-y-ahora-esta-radicado-en-la-ciudad-de-bolivar-donde-conduce-un-programa-de-radio-y-promociona-sus-shows\/#article\",\"isPartOf\":{\"@id\":\"https:\/\/infoecos.com.ar\/index.php\/papelito-el-artista-circense-sigue-actuando-y-ahora-esta-radicado-en-la-ciudad-de-bolivar-donde-conduce-un-programa-de-radio-y-promociona-sus-shows\/\"},\"author\":{\"name\":\"Jorge Matheus\",\"@id\":\"https:\/\/infoecos.com.ar\/#\/schema\/person\/8f5ace5ce73b4b4aac4b7245aee6f191\"},\"headline\":\"Papelito, el artista circense, sigue actuando, est\u00e1 radicado en Bol\u00edvar, donde conduce un programa de radio y promociona sus shows\",\"datePublished\":\"2026-03-07T02:03:20+00:00\",\"dateModified\":\"2026-03-13T06:50:34+00:00\",\"mainEntityOfPage\":{\"@id\":\"https:\/\/infoecos.com.ar\/index.php\/papelito-el-artista-circense-sigue-actuando-y-ahora-esta-radicado-en-la-ciudad-de-bolivar-donde-conduce-un-programa-de-radio-y-promociona-sus-shows\/\"},\"wordCount\":359,\"publisher\":{\"@id\":\"https:\/\/infoecos.com.ar\/#organization\"},\"image\":{\"@id\":\"https:\/\/infoecos.com.ar\/index.php\/papelito-el-artista-circense-sigue-actuando-y-ahora-esta-radicado-en-la-ciudad-de-bolivar-donde-conduce-un-programa-de-radio-y-promociona-sus-shows\/#primaryimage\"},\"thumbnailUrl\":\"https:\/\/infoecos.com.ar\/wp-content\/uploads\/2026\/03\/image-54.png\",\"keywords\":[\"Bloque inferior\"],\"inLanguage\":\"es\"},{\"@type\":\"WebPage\",\"@id\":\"https:\/\/infoecos.com.ar\/index.php\/papelito-el-artista-circense-sigue-actuando-y-ahora-esta-radicado-en-la-ciudad-de-bolivar-donde-conduce-un-programa-de-radio-y-promociona-sus-shows\/\",\"url\":\"https:\/\/infoecos.com.ar\/index.php\/papelito-el-artista-circense-sigue-actuando-y-ahora-esta-radicado-en-la-ciudad-de-bolivar-donde-conduce-un-programa-de-radio-y-promociona-sus-shows\/\",\"name\":\"Papelito, el artista circense, sigue actuando, est\u00e1 radicado en Bol\u00edvar, donde conduce un programa de radio y promociona sus shows - Infoecos\",\"isPartOf\":{\"@id\":\"https:\/\/infoecos.com.ar\/#website\"},\"primaryImageOfPage\":{\"@id\":\"https:\/\/infoecos.com.ar\/index.php\/papelito-el-artista-circense-sigue-actuando-y-ahora-esta-radicado-en-la-ciudad-de-bolivar-donde-conduce-un-programa-de-radio-y-promociona-sus-shows\/#primaryimage\"},\"image\":{\"@id\":\"https:\/\/infoecos.com.ar\/index.php\/papelito-el-artista-circense-sigue-actuando-y-ahora-esta-radicado-en-la-ciudad-de-bolivar-donde-conduce-un-programa-de-radio-y-promociona-sus-shows\/#primaryimage\"},\"thumbnailUrl\":\"https:\/\/infoecos.com.ar\/wp-content\/uploads\/2026\/03\/image-54.png\",\"datePublished\":\"2026-03-07T02:03:20+00:00\",\"dateModified\":\"2026-03-13T06:50:34+00:00\",\"breadcrumb\":{\"@id\":\"https:\/\/infoecos.com.ar\/index.php\/papelito-el-artista-circense-sigue-actuando-y-ahora-esta-radicado-en-la-ciudad-de-bolivar-donde-conduce-un-programa-de-radio-y-promociona-sus-shows\/#breadcrumb\"},\"inLanguage\":\"es\",\"potentialAction\":[{\"@type\":\"ReadAction\",\"target\":[\"https:\/\/infoecos.com.ar\/index.php\/papelito-el-artista-circense-sigue-actuando-y-ahora-esta-radicado-en-la-ciudad-de-bolivar-donde-conduce-un-programa-de-radio-y-promociona-sus-shows\/\"]}]},{\"@type\":\"ImageObject\",\"inLanguage\":\"es\",\"@id\":\"https:\/\/infoecos.com.ar\/index.php\/papelito-el-artista-circense-sigue-actuando-y-ahora-esta-radicado-en-la-ciudad-de-bolivar-donde-conduce-un-programa-de-radio-y-promociona-sus-shows\/#primaryimage\",\"url\":\"https:\/\/infoecos.com.ar\/wp-content\/uploads\/2026\/03\/image-54.png\",\"contentUrl\":\"https:\/\/infoecos.com.ar\/wp-content\/uploads\/2026\/03\/image-54.png\",\"width\":1200,\"height\":800},{\"@type\":\"BreadcrumbList\",\"@id\":\"https:\/\/infoecos.com.ar\/index.php\/papelito-el-artista-circense-sigue-actuando-y-ahora-esta-radicado-en-la-ciudad-de-bolivar-donde-conduce-un-programa-de-radio-y-promociona-sus-shows\/#breadcrumb\",\"itemListElement\":[{\"@type\":\"ListItem\",\"position\":1,\"name\":\"Portada\",\"item\":\"https:\/\/infoecos.com.ar\/\"},{\"@type\":\"ListItem\",\"position\":2,\"name\":\"Papelito, el artista circense, sigue actuando, est\u00e1 radicado en Bol\u00edvar, donde conduce un programa de radio y promociona sus shows\"}]},{\"@type\":\"WebSite\",\"@id\":\"https:\/\/infoecos.com.ar\/#website\",\"url\":\"https:\/\/infoecos.com.ar\/\",\"name\":\"Infoecos\",\"description\":\"Noticias de trenque lauquen y la zona\",\"publisher\":{\"@id\":\"https:\/\/infoecos.com.ar\/#organization\"},\"alternateName\":\"Noticias\",\"potentialAction\":[{\"@type\":\"SearchAction\",\"target\":{\"@type\":\"EntryPoint\",\"urlTemplate\":\"https:\/\/infoecos.com.ar\/?s={search_term_string}\"},\"query-input\":{\"@type\":\"PropertyValueSpecification\",\"valueRequired\":true,\"valueName\":\"search_term_string\"}}],\"inLanguage\":\"es\"},{\"@type\":\"Organization\",\"@id\":\"https:\/\/infoecos.com.ar\/#organization\",\"name\":\"Infoecos\",\"alternateName\":\"Noticias\",\"url\":\"https:\/\/infoecos.com.ar\/\",\"logo\":{\"@type\":\"ImageObject\",\"inLanguage\":\"es\",\"@id\":\"https:\/\/infoecos.com.ar\/#\/schema\/logo\/image\/\",\"url\":\"https:\/\/infoecos.com.ar\/wp-content\/uploads\/2024\/03\/cropped-logo.png\",\"contentUrl\":\"https:\/\/infoecos.com.ar\/wp-content\/uploads\/2024\/03\/cropped-logo.png\",\"width\":374,\"height\":90,\"caption\":\"Infoecos\"},\"image\":{\"@id\":\"https:\/\/infoecos.com.ar\/#\/schema\/logo\/image\/\"},\"sameAs\":[\"https:\/\/www.facebook.com\/profile.php?id=100063200290284\",\"https:\/\/x.com\/infoecos\"]},{\"@type\":\"Person\",\"@id\":\"https:\/\/infoecos.com.ar\/#\/schema\/person\/8f5ace5ce73b4b4aac4b7245aee6f191\",\"name\":\"Jorge Matheus\",\"url\":\"https:\/\/infoecos.com.ar\/index.php\/author\/jomatheus\/\"}]}<\/script>\n<!-- \/ Yoast SEO plugin. -->","yoast_head_json":{"title":"Papelito, el artista circense, sigue actuando, est\u00e1 radicado en Bol\u00edvar, donde conduce un programa de radio y promociona sus shows - Infoecos","robots":{"index":"index","follow":"follow","max-snippet":"max-snippet:-1","max-image-preview":"max-image-preview:large","max-video-preview":"max-video-preview:-1"},"canonical":"https:\/\/infoecos.com.ar\/index.php\/papelito-el-artista-circense-sigue-actuando-y-ahora-esta-radicado-en-la-ciudad-de-bolivar-donde-conduce-un-programa-de-radio-y-promociona-sus-shows\/","og_locale":"es_ES","og_type":"article","og_title":"Papelito, el artista circense, sigue actuando, est\u00e1 radicado en Bol\u00edvar, donde conduce un programa de radio y promociona sus shows - Infoecos","og_description":"Su jubilaci\u00f3n no le alcanza, se\u00f1ala el sitio Presente Noticias, para alquilar una vivienda por lo que hasta este viernes pas\u00f3 sus d\u00edas en una pieza prestada.","og_url":"https:\/\/infoecos.com.ar\/index.php\/papelito-el-artista-circense-sigue-actuando-y-ahora-esta-radicado-en-la-ciudad-de-bolivar-donde-conduce-un-programa-de-radio-y-promociona-sus-shows\/","og_site_name":"Infoecos","article_publisher":"https:\/\/www.facebook.com\/profile.php?id=100063200290284","article_published_time":"2026-03-07T02:03:20+00:00","article_modified_time":"2026-03-13T06:50:34+00:00","og_image":[{"width":1200,"height":800,"url":"https:\/\/infoecos.com.ar\/wp-content\/uploads\/2026\/03\/image-54.png","type":"image\/png"}],"author":"Jorge Matheus","twitter_card":"summary_large_image","twitter_creator":"@infoecos","twitter_site":"@infoecos","twitter_misc":{"Escrito por":"Jorge Matheus","Tiempo de lectura":"3 minutos"},"schema":{"@context":"https:\/\/schema.org","@graph":[{"@type":"Article","@id":"https:\/\/infoecos.com.ar\/index.php\/papelito-el-artista-circense-sigue-actuando-y-ahora-esta-radicado-en-la-ciudad-de-bolivar-donde-conduce-un-programa-de-radio-y-promociona-sus-shows\/#article","isPartOf":{"@id":"https:\/\/infoecos.com.ar\/index.php\/papelito-el-artista-circense-sigue-actuando-y-ahora-esta-radicado-en-la-ciudad-de-bolivar-donde-conduce-un-programa-de-radio-y-promociona-sus-shows\/"},"author":{"name":"Jorge Matheus","@id":"https:\/\/infoecos.com.ar\/#\/schema\/person\/8f5ace5ce73b4b4aac4b7245aee6f191"},"headline":"Papelito, el artista circense, sigue actuando, est\u00e1 radicado en Bol\u00edvar, donde conduce un programa de radio y promociona sus shows","datePublished":"2026-03-07T02:03:20+00:00","dateModified":"2026-03-13T06:50:34+00:00","mainEntityOfPage":{"@id":"https:\/\/infoecos.com.ar\/index.php\/papelito-el-artista-circense-sigue-actuando-y-ahora-esta-radicado-en-la-ciudad-de-bolivar-donde-conduce-un-programa-de-radio-y-promociona-sus-shows\/"},"wordCount":359,"publisher":{"@id":"https:\/\/infoecos.com.ar\/#organization"},"image":{"@id":"https:\/\/infoecos.com.ar\/index.php\/papelito-el-artista-circense-sigue-actuando-y-ahora-esta-radicado-en-la-ciudad-de-bolivar-donde-conduce-un-programa-de-radio-y-promociona-sus-shows\/#primaryimage"},"thumbnailUrl":"https:\/\/infoecos.com.ar\/wp-content\/uploads\/2026\/03\/image-54.png","keywords":["Bloque inferior"],"inLanguage":"es"},{"@type":"WebPage","@id":"https:\/\/infoecos.com.ar\/index.php\/papelito-el-artista-circense-sigue-actuando-y-ahora-esta-radicado-en-la-ciudad-de-bolivar-donde-conduce-un-programa-de-radio-y-promociona-sus-shows\/","url":"https:\/\/infoecos.com.ar\/index.php\/papelito-el-artista-circense-sigue-actuando-y-ahora-esta-radicado-en-la-ciudad-de-bolivar-donde-conduce-un-programa-de-radio-y-promociona-sus-shows\/","name":"Papelito, el artista circense, sigue actuando, est\u00e1 radicado en Bol\u00edvar, donde conduce un programa de radio y promociona sus shows - Infoecos","isPartOf":{"@id":"https:\/\/infoecos.com.ar\/#website"},"primaryImageOfPage":{"@id":"https:\/\/infoecos.com.ar\/index.php\/papelito-el-artista-circense-sigue-actuando-y-ahora-esta-radicado-en-la-ciudad-de-bolivar-donde-conduce-un-programa-de-radio-y-promociona-sus-shows\/#primaryimage"},"image":{"@id":"https:\/\/infoecos.com.ar\/index.php\/papelito-el-artista-circense-sigue-actuando-y-ahora-esta-radicado-en-la-ciudad-de-bolivar-donde-conduce-un-programa-de-radio-y-promociona-sus-shows\/#primaryimage"},"thumbnailUrl":"https:\/\/infoecos.com.ar\/wp-content\/uploads\/2026\/03\/image-54.png","datePublished":"2026-03-07T02:03:20+00:00","dateModified":"2026-03-13T06:50:34+00:00","breadcrumb":{"@id":"https:\/\/infoecos.com.ar\/index.php\/papelito-el-artista-circense-sigue-actuando-y-ahora-esta-radicado-en-la-ciudad-de-bolivar-donde-conduce-un-programa-de-radio-y-promociona-sus-shows\/#breadcrumb"},"inLanguage":"es","potentialAction":[{"@type":"ReadAction","target":["https:\/\/infoecos.com.ar\/index.php\/papelito-el-artista-circense-sigue-actuando-y-ahora-esta-radicado-en-la-ciudad-de-bolivar-donde-conduce-un-programa-de-radio-y-promociona-sus-shows\/"]}]},{"@type":"ImageObject","inLanguage":"es","@id":"https:\/\/infoecos.com.ar\/index.php\/papelito-el-artista-circense-sigue-actuando-y-ahora-esta-radicado-en-la-ciudad-de-bolivar-donde-conduce-un-programa-de-radio-y-promociona-sus-shows\/#primaryimage","url":"https:\/\/infoecos.com.ar\/wp-content\/uploads\/2026\/03\/image-54.png","contentUrl":"https:\/\/infoecos.com.ar\/wp-content\/uploads\/2026\/03\/image-54.png","width":1200,"height":800},{"@type":"BreadcrumbList","@id":"https:\/\/infoecos.com.ar\/index.php\/papelito-el-artista-circense-sigue-actuando-y-ahora-esta-radicado-en-la-ciudad-de-bolivar-donde-conduce-un-programa-de-radio-y-promociona-sus-shows\/#breadcrumb","itemListElement":[{"@type":"ListItem","position":1,"name":"Portada","item":"https:\/\/infoecos.com.ar\/"},{"@type":"ListItem","position":2,"name":"Papelito, el artista circense, sigue actuando, est\u00e1 radicado en Bol\u00edvar, donde conduce un programa de radio y promociona sus shows"}]},{"@type":"WebSite","@id":"https:\/\/infoecos.com.ar\/#website","url":"https:\/\/infoecos.com.ar\/","name":"Infoecos","description":"Noticias de trenque lauquen y la zona","publisher":{"@id":"https:\/\/infoecos.com.ar\/#organization"},"alternateName":"Noticias","potentialAction":[{"@type":"SearchAction","target":{"@type":"EntryPoint","urlTemplate":"https:\/\/infoecos.com.ar\/?s={search_term_string}"},"query-input":{"@type":"PropertyValueSpecification","valueRequired":true,"valueName":"search_term_string"}}],"inLanguage":"es"},{"@type":"Organization","@id":"https:\/\/infoecos.com.ar\/#organization","name":"Infoecos","alternateName":"Noticias","url":"https:\/\/infoecos.com.ar\/","logo":{"@type":"ImageObject","inLanguage":"es","@id":"https:\/\/infoecos.com.ar\/#\/schema\/logo\/image\/","url":"https:\/\/infoecos.com.ar\/wp-content\/uploads\/2024\/03\/cropped-logo.png","contentUrl":"https:\/\/infoecos.com.ar\/wp-content\/uploads\/2024\/03\/cropped-logo.png","width":374,"height":90,"caption":"Infoecos"},"image":{"@id":"https:\/\/infoecos.com.ar\/#\/schema\/logo\/image\/"},"sameAs":["https:\/\/www.facebook.com\/profile.php?id=100063200290284","https:\/\/x.com\/infoecos"]},{"@type":"Person","@id":"https:\/\/infoecos.com.ar\/#\/schema\/person\/8f5ace5ce73b4b4aac4b7245aee6f191","name":"Jorge Matheus","url":"https:\/\/infoecos.com.ar\/index.php\/author\/jomatheus\/"}]}},"featured_image_urls":{"full":["https:\/\/infoecos.com.ar\/wp-content\/uploads\/2026\/03\/image-54.png",1200,800,false],"thumbnail":["https:\/\/infoecos.com.ar\/wp-content\/uploads\/2026\/03\/image-54-300x150.png",300,150,true],"medium":["https:\/\/infoecos.com.ar\/wp-content\/uploads\/2026\/03\/image-54-800x533.png",800,533,true],"medium_large":["https:\/\/infoecos.com.ar\/wp-content\/uploads\/2026\/03\/image-54-768x512.png",640,427,true],"large":["https:\/\/infoecos.com.ar\/wp-content\/uploads\/2026\/03\/image-54.png",640,427,false],"1536x1536":["https:\/\/infoecos.com.ar\/wp-content\/uploads\/2026\/03\/image-54.png",1200,800,false],"2048x2048":["https:\/\/infoecos.com.ar\/wp-content\/uploads\/2026\/03\/image-54.png",1200,800,false],"covernews-slider-full":["https:\/\/infoecos.com.ar\/wp-content\/uploads\/2026\/03\/image-54-1115x715.png",1115,715,true],"covernews-slider-center":["https:\/\/infoecos.com.ar\/wp-content\/uploads\/2026\/03\/image-54-800x500.png",800,500,true],"covernews-featured":["https:\/\/infoecos.com.ar\/wp-content\/uploads\/2026\/03\/image-54-1024x683.png",1024,683,true],"covernews-medium":["https:\/\/infoecos.com.ar\/wp-content\/uploads\/2026\/03\/image-54-540x340.png",540,340,true],"covernews-medium-square":["https:\/\/infoecos.com.ar\/wp-content\/uploads\/2026\/03\/image-54-400x250.png",400,250,true]},"author_info":{"info":["Jorge Matheus"]},"category_info":"<a href=\"https:\/\/infoecos.com.ar\/index.php\/category\/sin-categoria\/\" rel=\"category tag\">Sin categor\u00eda<\/a>","tag_info":"Sin categor\u00eda","comment_count":"0","_links":{"self":[{"href":"https:\/\/infoecos.com.ar\/index.php\/wp-json\/wp\/v2\/posts\/154630"}],"collection":[{"href":"https:\/\/infoecos.com.ar\/index.php\/wp-json\/wp\/v2\/posts"}],"about":[{"href":"https:\/\/infoecos.com.ar\/index.php\/wp-json\/wp\/v2\/types\/post"}],"author":[{"embeddable":true,"href":"https:\/\/infoecos.com.ar\/index.php\/wp-json\/wp\/v2\/users\/2"}],"replies":[{"embeddable":true,"href":"https:\/\/infoecos.com.ar\/index.php\/wp-json\/wp\/v2\/comments?post=154630"}],"version-history":[{"count":2,"href":"https:\/\/infoecos.com.ar\/index.php\/wp-json\/wp\/v2\/posts\/154630\/revisions"}],"predecessor-version":[{"id":154639,"href":"https:\/\/infoecos.com.ar\/index.php\/wp-json\/wp\/v2\/posts\/154630\/revisions\/154639"}],"wp:featuredmedia":[{"embeddable":true,"href":"https:\/\/infoecos.com.ar\/index.php\/wp-json\/wp\/v2\/media\/154633"}],"wp:attachment":[{"href":"https:\/\/infoecos.com.ar\/index.php\/wp-json\/wp\/v2\/media?parent=154630"}],"wp:term":[{"taxonomy":"category","embeddable":true,"href":"https:\/\/infoecos.com.ar\/index.php\/wp-json\/wp\/v2\/categories?post=154630"},{"taxonomy":"post_tag","embeddable":true,"href":"https:\/\/infoecos.com.ar\/index.php\/wp-json\/wp\/v2\/tags?post=154630"}],"curies":[{"name":"wp","href":"https:\/\/api.w.org\/{rel}","templated":true}]}}