{"id":154651,"date":"2026-03-07T01:56:07","date_gmt":"2026-03-07T04:56:07","guid":{"rendered":"https:\/\/infoecos.com.ar\/?p=154651"},"modified":"2026-03-13T03:50:10","modified_gmt":"2026-03-13T06:50:10","slug":"la-cooperativa-de-electricidad-de-trenque-lauquen-realiza-los-trabajos-para-un-tendido-de-media-tension-subterraneo-en-un-area-casi-centrica","status":"publish","type":"post","link":"https:\/\/infoecos.com.ar\/index.php\/la-cooperativa-de-electricidad-de-trenque-lauquen-realiza-los-trabajos-para-un-tendido-de-media-tension-subterraneo-en-un-area-casi-centrica\/","title":{"rendered":"La Cooperativa de Electricidad de Trenque Lauquen realiza los trabajos para un tendido de media tensi\u00f3n subterr\u00e1neo en un \u00e1rea casi c\u00e9ntrica"},"content":{"rendered":"\n<p>Con el prop\u00f3sito de reforzar la calidad del servicio el\u00e9ctrico en un \u00e1rea c\u00e9ntrica\/semic\u00e9ntrica de la ciudad de Trenque Lauquen, la Cooperativa de Electricidad proyecta la construcci\u00f3n -en dos etapas- de un tendido de media tensi\u00f3n subterr\u00e1neo. <\/p>\n\n\n\n<p>El tendido se realizar\u00e1 por Sarmiento entre Belgrano y Presidente Uriburu y por Quintana entre Sarmiento y Gobernador Irigoyen.<\/p>\n\n\n\n<p>Se est\u00e1n cavando las zanjas sobre las ramblas m\u00e1s la instalaci\u00f3n del ca\u00f1ero para el posterior tendido del conductor.<\/p>\n\n\n\n<p>Pr\u00f3ximamente, se van a instalar dos subestaciones transformadoras subterr\u00e1neas (minisubs), una\u00a0en la esquina de\u00a0Belgrano y Sarmiento y otra en la intersecci\u00f3n de Quintana y Gobernador Irigoyen.<\/p>\n\n\n\n<figure class=\"wp-block-image size-full\"><img loading=\"lazy\" decoding=\"async\" width=\"980\" height=\"441\" src=\"https:\/\/infoecos.com.ar\/wp-content\/uploads\/2026\/03\/image-60.png\" alt=\"\" class=\"wp-image-154652\" srcset=\"https:\/\/infoecos.com.ar\/wp-content\/uploads\/2026\/03\/image-60.png 980w, https:\/\/infoecos.com.ar\/wp-content\/uploads\/2026\/03\/image-60-800x360.png 800w, https:\/\/infoecos.com.ar\/wp-content\/uploads\/2026\/03\/image-60-768x346.png 768w\" sizes=\"(max-width: 980px) 100vw, 980px\" \/><\/figure>\n\n\n\n<p><\/p>\n","protected":false},"excerpt":{"rendered":"<p>El tendido se realizar\u00e1 por Sarmiento entre Belgrano y Presidente Uriburu y por Quintana entre Sarmiento y Gobernador Irigoyen<\/p>\n","protected":false},"author":2,"featured_media":154652,"comment_status":"closed","ping_status":"open","sticky":false,"template":"","format":"standard","meta":{"footnotes":""},"categories":[1],"tags":[10298],"class_list":["post-154651","post","type-post","status-publish","format-standard","has-post-thumbnail","hentry","category-sin-categoria","tag-bloque-inferior"],"yoast_head":"<!-- This site is optimized with the Yoast SEO plugin v23.4 - https:\/\/yoast.com\/wordpress\/plugins\/seo\/ -->\n<title>La Cooperativa de Electricidad de Trenque Lauquen realiza los trabajos para un tendido de media tensi\u00f3n subterr\u00e1neo en un \u00e1rea casi c\u00e9ntrica - Infoecos<\/title>\n<meta name=\"robots\" content=\"index, follow, max-snippet:-1, max-image-preview:large, max-video-preview:-1\" \/>\n<link rel=\"canonical\" href=\"https:\/\/infoecos.com.ar\/index.php\/la-cooperativa-de-electricidad-de-trenque-lauquen-realiza-los-trabajos-para-un-tendido-de-media-tension-subterraneo-en-un-area-casi-centrica\/\" \/>\n<meta property=\"og:locale\" content=\"es_ES\" \/>\n<meta property=\"og:type\" content=\"article\" \/>\n<meta property=\"og:title\" content=\"La Cooperativa de Electricidad de Trenque Lauquen realiza los trabajos para un tendido de media tensi\u00f3n subterr\u00e1neo en un \u00e1rea casi c\u00e9ntrica - Infoecos\" \/>\n<meta property=\"og:description\" content=\"El tendido se realizar\u00e1 por Sarmiento entre Belgrano y Presidente Uriburu y por Quintana entre Sarmiento y Gobernador Irigoyen\" \/>\n<meta property=\"og:url\" content=\"https:\/\/infoecos.com.ar\/index.php\/la-cooperativa-de-electricidad-de-trenque-lauquen-realiza-los-trabajos-para-un-tendido-de-media-tension-subterraneo-en-un-area-casi-centrica\/\" \/>\n<meta property=\"og:site_name\" content=\"Infoecos\" \/>\n<meta property=\"article:publisher\" content=\"https:\/\/www.facebook.com\/profile.php?id=100063200290284\" \/>\n<meta property=\"article:published_time\" content=\"2026-03-07T04:56:07+00:00\" \/>\n<meta property=\"article:modified_time\" content=\"2026-03-13T06:50:10+00:00\" \/>\n<meta property=\"og:image\" content=\"https:\/\/infoecos.com.ar\/wp-content\/uploads\/2026\/03\/image-60.png\" \/>\n\t<meta property=\"og:image:width\" content=\"980\" \/>\n\t<meta property=\"og:image:height\" content=\"441\" \/>\n\t<meta property=\"og:image:type\" content=\"image\/png\" \/>\n<meta name=\"author\" content=\"Jorge Matheus\" \/>\n<meta name=\"twitter:card\" content=\"summary_large_image\" \/>\n<meta name=\"twitter:creator\" content=\"@infoecos\" \/>\n<meta name=\"twitter:site\" content=\"@infoecos\" \/>\n<meta name=\"twitter:label1\" content=\"Escrito por\" \/>\n\t<meta name=\"twitter:data1\" content=\"Jorge Matheus\" \/>\n\t<meta name=\"twitter:label2\" content=\"Tiempo de lectura\" \/>\n\t<meta name=\"twitter:data2\" content=\"1 minuto\" \/>\n<script type=\"application\/ld+json\" class=\"yoast-schema-graph\">{\"@context\":\"https:\/\/schema.org\",\"@graph\":[{\"@type\":\"Article\",\"@id\":\"https:\/\/infoecos.com.ar\/index.php\/la-cooperativa-de-electricidad-de-trenque-lauquen-realiza-los-trabajos-para-un-tendido-de-media-tension-subterraneo-en-un-area-casi-centrica\/#article\",\"isPartOf\":{\"@id\":\"https:\/\/infoecos.com.ar\/index.php\/la-cooperativa-de-electricidad-de-trenque-lauquen-realiza-los-trabajos-para-un-tendido-de-media-tension-subterraneo-en-un-area-casi-centrica\/\"},\"author\":{\"name\":\"Jorge Matheus\",\"@id\":\"https:\/\/infoecos.com.ar\/#\/schema\/person\/8f5ace5ce73b4b4aac4b7245aee6f191\"},\"headline\":\"La Cooperativa de Electricidad de Trenque Lauquen realiza los trabajos para un tendido de media tensi\u00f3n subterr\u00e1neo en un \u00e1rea casi c\u00e9ntrica\",\"datePublished\":\"2026-03-07T04:56:07+00:00\",\"dateModified\":\"2026-03-13T06:50:10+00:00\",\"mainEntityOfPage\":{\"@id\":\"https:\/\/infoecos.com.ar\/index.php\/la-cooperativa-de-electricidad-de-trenque-lauquen-realiza-los-trabajos-para-un-tendido-de-media-tension-subterraneo-en-un-area-casi-centrica\/\"},\"wordCount\":143,\"publisher\":{\"@id\":\"https:\/\/infoecos.com.ar\/#organization\"},\"image\":{\"@id\":\"https:\/\/infoecos.com.ar\/index.php\/la-cooperativa-de-electricidad-de-trenque-lauquen-realiza-los-trabajos-para-un-tendido-de-media-tension-subterraneo-en-un-area-casi-centrica\/#primaryimage\"},\"thumbnailUrl\":\"https:\/\/infoecos.com.ar\/wp-content\/uploads\/2026\/03\/image-60.png\",\"keywords\":[\"Bloque inferior\"],\"inLanguage\":\"es\"},{\"@type\":\"WebPage\",\"@id\":\"https:\/\/infoecos.com.ar\/index.php\/la-cooperativa-de-electricidad-de-trenque-lauquen-realiza-los-trabajos-para-un-tendido-de-media-tension-subterraneo-en-un-area-casi-centrica\/\",\"url\":\"https:\/\/infoecos.com.ar\/index.php\/la-cooperativa-de-electricidad-de-trenque-lauquen-realiza-los-trabajos-para-un-tendido-de-media-tension-subterraneo-en-un-area-casi-centrica\/\",\"name\":\"La Cooperativa de Electricidad de Trenque Lauquen realiza los trabajos para un tendido de media tensi\u00f3n subterr\u00e1neo en un \u00e1rea casi c\u00e9ntrica - Infoecos\",\"isPartOf\":{\"@id\":\"https:\/\/infoecos.com.ar\/#website\"},\"primaryImageOfPage\":{\"@id\":\"https:\/\/infoecos.com.ar\/index.php\/la-cooperativa-de-electricidad-de-trenque-lauquen-realiza-los-trabajos-para-un-tendido-de-media-tension-subterraneo-en-un-area-casi-centrica\/#primaryimage\"},\"image\":{\"@id\":\"https:\/\/infoecos.com.ar\/index.php\/la-cooperativa-de-electricidad-de-trenque-lauquen-realiza-los-trabajos-para-un-tendido-de-media-tension-subterraneo-en-un-area-casi-centrica\/#primaryimage\"},\"thumbnailUrl\":\"https:\/\/infoecos.com.ar\/wp-content\/uploads\/2026\/03\/image-60.png\",\"datePublished\":\"2026-03-07T04:56:07+00:00\",\"dateModified\":\"2026-03-13T06:50:10+00:00\",\"breadcrumb\":{\"@id\":\"https:\/\/infoecos.com.ar\/index.php\/la-cooperativa-de-electricidad-de-trenque-lauquen-realiza-los-trabajos-para-un-tendido-de-media-tension-subterraneo-en-un-area-casi-centrica\/#breadcrumb\"},\"inLanguage\":\"es\",\"potentialAction\":[{\"@type\":\"ReadAction\",\"target\":[\"https:\/\/infoecos.com.ar\/index.php\/la-cooperativa-de-electricidad-de-trenque-lauquen-realiza-los-trabajos-para-un-tendido-de-media-tension-subterraneo-en-un-area-casi-centrica\/\"]}]},{\"@type\":\"ImageObject\",\"inLanguage\":\"es\",\"@id\":\"https:\/\/infoecos.com.ar\/index.php\/la-cooperativa-de-electricidad-de-trenque-lauquen-realiza-los-trabajos-para-un-tendido-de-media-tension-subterraneo-en-un-area-casi-centrica\/#primaryimage\",\"url\":\"https:\/\/infoecos.com.ar\/wp-content\/uploads\/2026\/03\/image-60.png\",\"contentUrl\":\"https:\/\/infoecos.com.ar\/wp-content\/uploads\/2026\/03\/image-60.png\",\"width\":980,\"height\":441},{\"@type\":\"BreadcrumbList\",\"@id\":\"https:\/\/infoecos.com.ar\/index.php\/la-cooperativa-de-electricidad-de-trenque-lauquen-realiza-los-trabajos-para-un-tendido-de-media-tension-subterraneo-en-un-area-casi-centrica\/#breadcrumb\",\"itemListElement\":[{\"@type\":\"ListItem\",\"position\":1,\"name\":\"Portada\",\"item\":\"https:\/\/infoecos.com.ar\/\"},{\"@type\":\"ListItem\",\"position\":2,\"name\":\"La Cooperativa de Electricidad de Trenque Lauquen realiza los trabajos para un tendido de media tensi\u00f3n subterr\u00e1neo en un \u00e1rea casi c\u00e9ntrica\"}]},{\"@type\":\"WebSite\",\"@id\":\"https:\/\/infoecos.com.ar\/#website\",\"url\":\"https:\/\/infoecos.com.ar\/\",\"name\":\"Infoecos\",\"description\":\"Noticias de trenque lauquen y la zona\",\"publisher\":{\"@id\":\"https:\/\/infoecos.com.ar\/#organization\"},\"alternateName\":\"Noticias\",\"potentialAction\":[{\"@type\":\"SearchAction\",\"target\":{\"@type\":\"EntryPoint\",\"urlTemplate\":\"https:\/\/infoecos.com.ar\/?s={search_term_string}\"},\"query-input\":{\"@type\":\"PropertyValueSpecification\",\"valueRequired\":true,\"valueName\":\"search_term_string\"}}],\"inLanguage\":\"es\"},{\"@type\":\"Organization\",\"@id\":\"https:\/\/infoecos.com.ar\/#organization\",\"name\":\"Infoecos\",\"alternateName\":\"Noticias\",\"url\":\"https:\/\/infoecos.com.ar\/\",\"logo\":{\"@type\":\"ImageObject\",\"inLanguage\":\"es\",\"@id\":\"https:\/\/infoecos.com.ar\/#\/schema\/logo\/image\/\",\"url\":\"https:\/\/infoecos.com.ar\/wp-content\/uploads\/2024\/03\/cropped-logo.png\",\"contentUrl\":\"https:\/\/infoecos.com.ar\/wp-content\/uploads\/2024\/03\/cropped-logo.png\",\"width\":374,\"height\":90,\"caption\":\"Infoecos\"},\"image\":{\"@id\":\"https:\/\/infoecos.com.ar\/#\/schema\/logo\/image\/\"},\"sameAs\":[\"https:\/\/www.facebook.com\/profile.php?id=100063200290284\",\"https:\/\/x.com\/infoecos\"]},{\"@type\":\"Person\",\"@id\":\"https:\/\/infoecos.com.ar\/#\/schema\/person\/8f5ace5ce73b4b4aac4b7245aee6f191\",\"name\":\"Jorge Matheus\",\"url\":\"https:\/\/infoecos.com.ar\/index.php\/author\/jomatheus\/\"}]}<\/script>\n<!-- \/ Yoast SEO plugin. -->","yoast_head_json":{"title":"La Cooperativa de Electricidad de Trenque Lauquen realiza los trabajos para un tendido de media tensi\u00f3n subterr\u00e1neo en un \u00e1rea casi c\u00e9ntrica - Infoecos","robots":{"index":"index","follow":"follow","max-snippet":"max-snippet:-1","max-image-preview":"max-image-preview:large","max-video-preview":"max-video-preview:-1"},"canonical":"https:\/\/infoecos.com.ar\/index.php\/la-cooperativa-de-electricidad-de-trenque-lauquen-realiza-los-trabajos-para-un-tendido-de-media-tension-subterraneo-en-un-area-casi-centrica\/","og_locale":"es_ES","og_type":"article","og_title":"La Cooperativa de Electricidad de Trenque Lauquen realiza los trabajos para un tendido de media tensi\u00f3n subterr\u00e1neo en un \u00e1rea casi c\u00e9ntrica - Infoecos","og_description":"El tendido se realizar\u00e1 por Sarmiento entre Belgrano y Presidente Uriburu y por Quintana entre Sarmiento y Gobernador Irigoyen","og_url":"https:\/\/infoecos.com.ar\/index.php\/la-cooperativa-de-electricidad-de-trenque-lauquen-realiza-los-trabajos-para-un-tendido-de-media-tension-subterraneo-en-un-area-casi-centrica\/","og_site_name":"Infoecos","article_publisher":"https:\/\/www.facebook.com\/profile.php?id=100063200290284","article_published_time":"2026-03-07T04:56:07+00:00","article_modified_time":"2026-03-13T06:50:10+00:00","og_image":[{"width":980,"height":441,"url":"https:\/\/infoecos.com.ar\/wp-content\/uploads\/2026\/03\/image-60.png","type":"image\/png"}],"author":"Jorge Matheus","twitter_card":"summary_large_image","twitter_creator":"@infoecos","twitter_site":"@infoecos","twitter_misc":{"Escrito por":"Jorge Matheus","Tiempo de lectura":"1 minuto"},"schema":{"@context":"https:\/\/schema.org","@graph":[{"@type":"Article","@id":"https:\/\/infoecos.com.ar\/index.php\/la-cooperativa-de-electricidad-de-trenque-lauquen-realiza-los-trabajos-para-un-tendido-de-media-tension-subterraneo-en-un-area-casi-centrica\/#article","isPartOf":{"@id":"https:\/\/infoecos.com.ar\/index.php\/la-cooperativa-de-electricidad-de-trenque-lauquen-realiza-los-trabajos-para-un-tendido-de-media-tension-subterraneo-en-un-area-casi-centrica\/"},"author":{"name":"Jorge Matheus","@id":"https:\/\/infoecos.com.ar\/#\/schema\/person\/8f5ace5ce73b4b4aac4b7245aee6f191"},"headline":"La Cooperativa de Electricidad de Trenque Lauquen realiza los trabajos para un tendido de media tensi\u00f3n subterr\u00e1neo en un \u00e1rea casi c\u00e9ntrica","datePublished":"2026-03-07T04:56:07+00:00","dateModified":"2026-03-13T06:50:10+00:00","mainEntityOfPage":{"@id":"https:\/\/infoecos.com.ar\/index.php\/la-cooperativa-de-electricidad-de-trenque-lauquen-realiza-los-trabajos-para-un-tendido-de-media-tension-subterraneo-en-un-area-casi-centrica\/"},"wordCount":143,"publisher":{"@id":"https:\/\/infoecos.com.ar\/#organization"},"image":{"@id":"https:\/\/infoecos.com.ar\/index.php\/la-cooperativa-de-electricidad-de-trenque-lauquen-realiza-los-trabajos-para-un-tendido-de-media-tension-subterraneo-en-un-area-casi-centrica\/#primaryimage"},"thumbnailUrl":"https:\/\/infoecos.com.ar\/wp-content\/uploads\/2026\/03\/image-60.png","keywords":["Bloque inferior"],"inLanguage":"es"},{"@type":"WebPage","@id":"https:\/\/infoecos.com.ar\/index.php\/la-cooperativa-de-electricidad-de-trenque-lauquen-realiza-los-trabajos-para-un-tendido-de-media-tension-subterraneo-en-un-area-casi-centrica\/","url":"https:\/\/infoecos.com.ar\/index.php\/la-cooperativa-de-electricidad-de-trenque-lauquen-realiza-los-trabajos-para-un-tendido-de-media-tension-subterraneo-en-un-area-casi-centrica\/","name":"La Cooperativa de Electricidad de Trenque Lauquen realiza los trabajos para un tendido de media tensi\u00f3n subterr\u00e1neo en un \u00e1rea casi c\u00e9ntrica - Infoecos","isPartOf":{"@id":"https:\/\/infoecos.com.ar\/#website"},"primaryImageOfPage":{"@id":"https:\/\/infoecos.com.ar\/index.php\/la-cooperativa-de-electricidad-de-trenque-lauquen-realiza-los-trabajos-para-un-tendido-de-media-tension-subterraneo-en-un-area-casi-centrica\/#primaryimage"},"image":{"@id":"https:\/\/infoecos.com.ar\/index.php\/la-cooperativa-de-electricidad-de-trenque-lauquen-realiza-los-trabajos-para-un-tendido-de-media-tension-subterraneo-en-un-area-casi-centrica\/#primaryimage"},"thumbnailUrl":"https:\/\/infoecos.com.ar\/wp-content\/uploads\/2026\/03\/image-60.png","datePublished":"2026-03-07T04:56:07+00:00","dateModified":"2026-03-13T06:50:10+00:00","breadcrumb":{"@id":"https:\/\/infoecos.com.ar\/index.php\/la-cooperativa-de-electricidad-de-trenque-lauquen-realiza-los-trabajos-para-un-tendido-de-media-tension-subterraneo-en-un-area-casi-centrica\/#breadcrumb"},"inLanguage":"es","potentialAction":[{"@type":"ReadAction","target":["https:\/\/infoecos.com.ar\/index.php\/la-cooperativa-de-electricidad-de-trenque-lauquen-realiza-los-trabajos-para-un-tendido-de-media-tension-subterraneo-en-un-area-casi-centrica\/"]}]},{"@type":"ImageObject","inLanguage":"es","@id":"https:\/\/infoecos.com.ar\/index.php\/la-cooperativa-de-electricidad-de-trenque-lauquen-realiza-los-trabajos-para-un-tendido-de-media-tension-subterraneo-en-un-area-casi-centrica\/#primaryimage","url":"https:\/\/infoecos.com.ar\/wp-content\/uploads\/2026\/03\/image-60.png","contentUrl":"https:\/\/infoecos.com.ar\/wp-content\/uploads\/2026\/03\/image-60.png","width":980,"height":441},{"@type":"BreadcrumbList","@id":"https:\/\/infoecos.com.ar\/index.php\/la-cooperativa-de-electricidad-de-trenque-lauquen-realiza-los-trabajos-para-un-tendido-de-media-tension-subterraneo-en-un-area-casi-centrica\/#breadcrumb","itemListElement":[{"@type":"ListItem","position":1,"name":"Portada","item":"https:\/\/infoecos.com.ar\/"},{"@type":"ListItem","position":2,"name":"La Cooperativa de Electricidad de Trenque Lauquen realiza los trabajos para un tendido de media tensi\u00f3n subterr\u00e1neo en un \u00e1rea casi c\u00e9ntrica"}]},{"@type":"WebSite","@id":"https:\/\/infoecos.com.ar\/#website","url":"https:\/\/infoecos.com.ar\/","name":"Infoecos","description":"Noticias de trenque lauquen y la zona","publisher":{"@id":"https:\/\/infoecos.com.ar\/#organization"},"alternateName":"Noticias","potentialAction":[{"@type":"SearchAction","target":{"@type":"EntryPoint","urlTemplate":"https:\/\/infoecos.com.ar\/?s={search_term_string}"},"query-input":{"@type":"PropertyValueSpecification","valueRequired":true,"valueName":"search_term_string"}}],"inLanguage":"es"},{"@type":"Organization","@id":"https:\/\/infoecos.com.ar\/#organization","name":"Infoecos","alternateName":"Noticias","url":"https:\/\/infoecos.com.ar\/","logo":{"@type":"ImageObject","inLanguage":"es","@id":"https:\/\/infoecos.com.ar\/#\/schema\/logo\/image\/","url":"https:\/\/infoecos.com.ar\/wp-content\/uploads\/2024\/03\/cropped-logo.png","contentUrl":"https:\/\/infoecos.com.ar\/wp-content\/uploads\/2024\/03\/cropped-logo.png","width":374,"height":90,"caption":"Infoecos"},"image":{"@id":"https:\/\/infoecos.com.ar\/#\/schema\/logo\/image\/"},"sameAs":["https:\/\/www.facebook.com\/profile.php?id=100063200290284","https:\/\/x.com\/infoecos"]},{"@type":"Person","@id":"https:\/\/infoecos.com.ar\/#\/schema\/person\/8f5ace5ce73b4b4aac4b7245aee6f191","name":"Jorge Matheus","url":"https:\/\/infoecos.com.ar\/index.php\/author\/jomatheus\/"}]}},"featured_image_urls":{"full":["https:\/\/infoecos.com.ar\/wp-content\/uploads\/2026\/03\/image-60.png",980,441,false],"thumbnail":["https:\/\/infoecos.com.ar\/wp-content\/uploads\/2026\/03\/image-60-300x150.png",300,150,true],"medium":["https:\/\/infoecos.com.ar\/wp-content\/uploads\/2026\/03\/image-60-800x360.png",800,360,true],"medium_large":["https:\/\/infoecos.com.ar\/wp-content\/uploads\/2026\/03\/image-60-768x346.png",640,288,true],"large":["https:\/\/infoecos.com.ar\/wp-content\/uploads\/2026\/03\/image-60.png",640,288,false],"1536x1536":["https:\/\/infoecos.com.ar\/wp-content\/uploads\/2026\/03\/image-60.png",980,441,false],"2048x2048":["https:\/\/infoecos.com.ar\/wp-content\/uploads\/2026\/03\/image-60.png",980,441,false],"covernews-slider-full":["https:\/\/infoecos.com.ar\/wp-content\/uploads\/2026\/03\/image-60.png",980,441,false],"covernews-slider-center":["https:\/\/infoecos.com.ar\/wp-content\/uploads\/2026\/03\/image-60-800x441.png",800,441,true],"covernews-featured":["https:\/\/infoecos.com.ar\/wp-content\/uploads\/2026\/03\/image-60.png",980,441,false],"covernews-medium":["https:\/\/infoecos.com.ar\/wp-content\/uploads\/2026\/03\/image-60-540x340.png",540,340,true],"covernews-medium-square":["https:\/\/infoecos.com.ar\/wp-content\/uploads\/2026\/03\/image-60-400x250.png",400,250,true]},"author_info":{"info":["Jorge Matheus"]},"category_info":"<a href=\"https:\/\/infoecos.com.ar\/index.php\/category\/sin-categoria\/\" rel=\"category tag\">Sin categor\u00eda<\/a>","tag_info":"Sin categor\u00eda","comment_count":"0","_links":{"self":[{"href":"https:\/\/infoecos.com.ar\/index.php\/wp-json\/wp\/v2\/posts\/154651"}],"collection":[{"href":"https:\/\/infoecos.com.ar\/index.php\/wp-json\/wp\/v2\/posts"}],"about":[{"href":"https:\/\/infoecos.com.ar\/index.php\/wp-json\/wp\/v2\/types\/post"}],"author":[{"embeddable":true,"href":"https:\/\/infoecos.com.ar\/index.php\/wp-json\/wp\/v2\/users\/2"}],"replies":[{"embeddable":true,"href":"https:\/\/infoecos.com.ar\/index.php\/wp-json\/wp\/v2\/comments?post=154651"}],"version-history":[{"count":1,"href":"https:\/\/infoecos.com.ar\/index.php\/wp-json\/wp\/v2\/posts\/154651\/revisions"}],"predecessor-version":[{"id":154653,"href":"https:\/\/infoecos.com.ar\/index.php\/wp-json\/wp\/v2\/posts\/154651\/revisions\/154653"}],"wp:featuredmedia":[{"embeddable":true,"href":"https:\/\/infoecos.com.ar\/index.php\/wp-json\/wp\/v2\/media\/154652"}],"wp:attachment":[{"href":"https:\/\/infoecos.com.ar\/index.php\/wp-json\/wp\/v2\/media?parent=154651"}],"wp:term":[{"taxonomy":"category","embeddable":true,"href":"https:\/\/infoecos.com.ar\/index.php\/wp-json\/wp\/v2\/categories?post=154651"},{"taxonomy":"post_tag","embeddable":true,"href":"https:\/\/infoecos.com.ar\/index.php\/wp-json\/wp\/v2\/tags?post=154651"}],"curies":[{"name":"wp","href":"https:\/\/api.w.org\/{rel}","templated":true}]}}