{"id":154671,"date":"2026-03-07T16:16:12","date_gmt":"2026-03-07T19:16:12","guid":{"rendered":"https:\/\/infoecos.com.ar\/?p=154671"},"modified":"2026-03-08T17:17:24","modified_gmt":"2026-03-08T20:17:24","slug":"los-trenquelauquenses-y-pampeanos-que-viajaron-a-dubai-a-traves-de-piana-del-sole-ya-estan-de-vuelta","status":"publish","type":"post","link":"https:\/\/infoecos.com.ar\/index.php\/los-trenquelauquenses-y-pampeanos-que-viajaron-a-dubai-a-traves-de-piana-del-sole-ya-estan-de-vuelta\/","title":{"rendered":"Los trenquelauquenses y pampeanos que viajaron a Dubai, a trav\u00e9s de Piana del Sole, ya est\u00e1n de vuelta"},"content":{"rendered":"\n<p>Ya est\u00e1n en Trenque Lauquen y La Pampa, los argentinos que hab\u00edan quedado retrasados en su regreso a la Argentina, desde Dubai.<\/p>\n\n\n\n<figure class=\"wp-block-image size-full\"><img loading=\"lazy\" decoding=\"async\" width=\"1440\" height=\"806\" src=\"https:\/\/infoecos.com.ar\/wp-content\/uploads\/2026\/03\/image-62.png\" alt=\"\" class=\"wp-image-154673\" srcset=\"https:\/\/infoecos.com.ar\/wp-content\/uploads\/2026\/03\/image-62.png 1440w, https:\/\/infoecos.com.ar\/wp-content\/uploads\/2026\/03\/image-62-800x448.png 800w, https:\/\/infoecos.com.ar\/wp-content\/uploads\/2026\/03\/image-62-768x430.png 768w, https:\/\/infoecos.com.ar\/wp-content\/uploads\/2026\/03\/image-62-1024x573.png 1024w\" sizes=\"(max-width: 1440px) 100vw, 1440px\" \/><\/figure>\n\n\n\n<p>La empresa <a href=\"https:\/\/l.facebook.com\/l.php?u=http%3A%2F%2Fwww.pianadelsole.com%2F%3Ffbclid%3DIwZXh0bgNhZW0CMTAAYnJpZBExR3FuSDM1dG1na0VpcDcxZHNydGMGYXBwX2lkEDIyMjAzOTE3ODgyMDA4OTIAAR7PYT033FGWnT42WHyw1X943XZyhHE14zP5_qEU0AvWltSew1FgCXSTz81TkQ_aem_pGWQIo8Y5lDcOB5zUxNNRg&amp;h=AT7x9VRzRlLvpR64ea9gMGwQMV_EWUImq7MYkP6FL6wthbh5LyGKr-I6i0zg2XPvJbQwcQQ6TYMKMudbJSA1xQDTBUpWf1ZgFzSwqWsIjSQrHyKpeOVBPrynOOF_OdeNlQ\" target=\"_blank\" rel=\"noreferrer noopener\">pianadelsole.com<\/a> lo hizo conocer a trav\u00e9s de las redes sociales. <\/p>\n\n\n\n<p>Se\u00f1alan que fue un retorno \u00abmuy emocionante para nosotros como empresa, ya que no solo logramos cuidar a nuestros pasajeros y traerlos nuevamente a casa, sino tambi\u00e9n convertirnos en el primer grupo de argentinos en regresar al pa\u00eds desde la zona de conflicto en Medio Oriente, lo que tuvo repercusi\u00f3n en distintos medios de comunicaci\u00f3n nacionales\u00bb.<strong> Solo se olvidan de se\u00f1alar que en los locales y regionales, como es el caso de los de Trenque Lauquen y la regi\u00f3n, tambi\u00e9n.<\/strong><\/p>\n\n\n\n<p>Agradecen \u00aba todas las coordinadoras que estuvieron en Dub\u00e1i, manteniendo la calma y brindando tranquilidad a cada uno de nuestros pasajeros. Asimismo, extendemos nuestro agradecimiento a todos los departamentos de Piana del Sole Viajes por trabajar incansablemente para lograr lo que hoy celebramos como equipo\u00bb.<\/p>\n\n\n\n<p>Se publica el siguiente video de A24:<\/p>\n\n\n\n<figure class=\"wp-block-video\"><video controls src=\"https:\/\/infoecos.com.ar\/wp-content\/uploads\/2026\/03\/DUBAI.mp4\"><\/video><\/figure>\n\n\n\n<p><\/p>\n","protected":false},"excerpt":{"rendered":"<p>La empresa pianadelsole.com lo hizo conocer a trav\u00e9s de las redes sociales. <\/p>\n","protected":false},"author":2,"featured_media":154673,"comment_status":"closed","ping_status":"open","sticky":false,"template":"","format":"standard","meta":{"footnotes":""},"categories":[1613],"tags":[1500],"class_list":["post-154671","post","type-post","status-publish","format-standard","has-post-thumbnail","hentry","category-noticia-secundaria","tag-regional"],"yoast_head":"<!-- This site is optimized with the Yoast SEO plugin v23.4 - https:\/\/yoast.com\/wordpress\/plugins\/seo\/ -->\n<title>Los trenquelauquenses y pampeanos que viajaron a Dubai, a trav\u00e9s de Piana del Sole, ya est\u00e1n de vuelta - Infoecos<\/title>\n<meta name=\"robots\" content=\"index, follow, max-snippet:-1, max-image-preview:large, max-video-preview:-1\" \/>\n<link rel=\"canonical\" href=\"https:\/\/infoecos.com.ar\/index.php\/los-trenquelauquenses-y-pampeanos-que-viajaron-a-dubai-a-traves-de-piana-del-sole-ya-estan-de-vuelta\/\" \/>\n<meta property=\"og:locale\" content=\"es_ES\" \/>\n<meta property=\"og:type\" content=\"article\" \/>\n<meta property=\"og:title\" content=\"Los trenquelauquenses y pampeanos que viajaron a Dubai, a trav\u00e9s de Piana del Sole, ya est\u00e1n de vuelta - Infoecos\" \/>\n<meta property=\"og:description\" content=\"La empresa pianadelsole.com lo hizo conocer a trav\u00e9s de las redes sociales.\" \/>\n<meta property=\"og:url\" content=\"https:\/\/infoecos.com.ar\/index.php\/los-trenquelauquenses-y-pampeanos-que-viajaron-a-dubai-a-traves-de-piana-del-sole-ya-estan-de-vuelta\/\" \/>\n<meta property=\"og:site_name\" content=\"Infoecos\" \/>\n<meta property=\"article:publisher\" content=\"https:\/\/www.facebook.com\/profile.php?id=100063200290284\" \/>\n<meta property=\"article:published_time\" content=\"2026-03-07T19:16:12+00:00\" \/>\n<meta property=\"article:modified_time\" content=\"2026-03-08T20:17:24+00:00\" \/>\n<meta property=\"og:image\" content=\"https:\/\/infoecos.com.ar\/wp-content\/uploads\/2026\/03\/image-62.png\" \/>\n\t<meta property=\"og:image:width\" content=\"1440\" \/>\n\t<meta property=\"og:image:height\" content=\"806\" \/>\n\t<meta property=\"og:image:type\" content=\"image\/png\" \/>\n<meta name=\"author\" content=\"Jorge Matheus\" \/>\n<meta name=\"twitter:card\" content=\"summary_large_image\" \/>\n<meta name=\"twitter:creator\" content=\"@infoecos\" \/>\n<meta name=\"twitter:site\" content=\"@infoecos\" \/>\n<meta name=\"twitter:label1\" content=\"Escrito por\" \/>\n\t<meta name=\"twitter:data1\" content=\"Jorge Matheus\" \/>\n\t<meta name=\"twitter:label2\" content=\"Tiempo de lectura\" \/>\n\t<meta name=\"twitter:data2\" content=\"2 minutos\" \/>\n<script type=\"application\/ld+json\" class=\"yoast-schema-graph\">{\"@context\":\"https:\/\/schema.org\",\"@graph\":[{\"@type\":\"Article\",\"@id\":\"https:\/\/infoecos.com.ar\/index.php\/los-trenquelauquenses-y-pampeanos-que-viajaron-a-dubai-a-traves-de-piana-del-sole-ya-estan-de-vuelta\/#article\",\"isPartOf\":{\"@id\":\"https:\/\/infoecos.com.ar\/index.php\/los-trenquelauquenses-y-pampeanos-que-viajaron-a-dubai-a-traves-de-piana-del-sole-ya-estan-de-vuelta\/\"},\"author\":{\"name\":\"Jorge Matheus\",\"@id\":\"https:\/\/infoecos.com.ar\/#\/schema\/person\/8f5ace5ce73b4b4aac4b7245aee6f191\"},\"headline\":\"Los trenquelauquenses y pampeanos que viajaron a Dubai, a trav\u00e9s de Piana del Sole, ya est\u00e1n de vuelta\",\"datePublished\":\"2026-03-07T19:16:12+00:00\",\"dateModified\":\"2026-03-08T20:17:24+00:00\",\"mainEntityOfPage\":{\"@id\":\"https:\/\/infoecos.com.ar\/index.php\/los-trenquelauquenses-y-pampeanos-que-viajaron-a-dubai-a-traves-de-piana-del-sole-ya-estan-de-vuelta\/\"},\"wordCount\":199,\"publisher\":{\"@id\":\"https:\/\/infoecos.com.ar\/#organization\"},\"image\":{\"@id\":\"https:\/\/infoecos.com.ar\/index.php\/los-trenquelauquenses-y-pampeanos-que-viajaron-a-dubai-a-traves-de-piana-del-sole-ya-estan-de-vuelta\/#primaryimage\"},\"thumbnailUrl\":\"https:\/\/infoecos.com.ar\/wp-content\/uploads\/2026\/03\/image-62.png\",\"keywords\":[\"REGIONAL\"],\"articleSection\":[\"Noticia Secundaria\"],\"inLanguage\":\"es\"},{\"@type\":\"WebPage\",\"@id\":\"https:\/\/infoecos.com.ar\/index.php\/los-trenquelauquenses-y-pampeanos-que-viajaron-a-dubai-a-traves-de-piana-del-sole-ya-estan-de-vuelta\/\",\"url\":\"https:\/\/infoecos.com.ar\/index.php\/los-trenquelauquenses-y-pampeanos-que-viajaron-a-dubai-a-traves-de-piana-del-sole-ya-estan-de-vuelta\/\",\"name\":\"Los trenquelauquenses y pampeanos que viajaron a Dubai, a trav\u00e9s de Piana del Sole, ya est\u00e1n de vuelta - Infoecos\",\"isPartOf\":{\"@id\":\"https:\/\/infoecos.com.ar\/#website\"},\"primaryImageOfPage\":{\"@id\":\"https:\/\/infoecos.com.ar\/index.php\/los-trenquelauquenses-y-pampeanos-que-viajaron-a-dubai-a-traves-de-piana-del-sole-ya-estan-de-vuelta\/#primaryimage\"},\"image\":{\"@id\":\"https:\/\/infoecos.com.ar\/index.php\/los-trenquelauquenses-y-pampeanos-que-viajaron-a-dubai-a-traves-de-piana-del-sole-ya-estan-de-vuelta\/#primaryimage\"},\"thumbnailUrl\":\"https:\/\/infoecos.com.ar\/wp-content\/uploads\/2026\/03\/image-62.png\",\"datePublished\":\"2026-03-07T19:16:12+00:00\",\"dateModified\":\"2026-03-08T20:17:24+00:00\",\"breadcrumb\":{\"@id\":\"https:\/\/infoecos.com.ar\/index.php\/los-trenquelauquenses-y-pampeanos-que-viajaron-a-dubai-a-traves-de-piana-del-sole-ya-estan-de-vuelta\/#breadcrumb\"},\"inLanguage\":\"es\",\"potentialAction\":[{\"@type\":\"ReadAction\",\"target\":[\"https:\/\/infoecos.com.ar\/index.php\/los-trenquelauquenses-y-pampeanos-que-viajaron-a-dubai-a-traves-de-piana-del-sole-ya-estan-de-vuelta\/\"]}]},{\"@type\":\"ImageObject\",\"inLanguage\":\"es\",\"@id\":\"https:\/\/infoecos.com.ar\/index.php\/los-trenquelauquenses-y-pampeanos-que-viajaron-a-dubai-a-traves-de-piana-del-sole-ya-estan-de-vuelta\/#primaryimage\",\"url\":\"https:\/\/infoecos.com.ar\/wp-content\/uploads\/2026\/03\/image-62.png\",\"contentUrl\":\"https:\/\/infoecos.com.ar\/wp-content\/uploads\/2026\/03\/image-62.png\",\"width\":1440,\"height\":806},{\"@type\":\"BreadcrumbList\",\"@id\":\"https:\/\/infoecos.com.ar\/index.php\/los-trenquelauquenses-y-pampeanos-que-viajaron-a-dubai-a-traves-de-piana-del-sole-ya-estan-de-vuelta\/#breadcrumb\",\"itemListElement\":[{\"@type\":\"ListItem\",\"position\":1,\"name\":\"Portada\",\"item\":\"https:\/\/infoecos.com.ar\/\"},{\"@type\":\"ListItem\",\"position\":2,\"name\":\"Los trenquelauquenses y pampeanos que viajaron a Dubai, a trav\u00e9s de Piana del Sole, ya est\u00e1n de vuelta\"}]},{\"@type\":\"WebSite\",\"@id\":\"https:\/\/infoecos.com.ar\/#website\",\"url\":\"https:\/\/infoecos.com.ar\/\",\"name\":\"Infoecos\",\"description\":\"Noticias de trenque lauquen y la zona\",\"publisher\":{\"@id\":\"https:\/\/infoecos.com.ar\/#organization\"},\"alternateName\":\"Noticias\",\"potentialAction\":[{\"@type\":\"SearchAction\",\"target\":{\"@type\":\"EntryPoint\",\"urlTemplate\":\"https:\/\/infoecos.com.ar\/?s={search_term_string}\"},\"query-input\":{\"@type\":\"PropertyValueSpecification\",\"valueRequired\":true,\"valueName\":\"search_term_string\"}}],\"inLanguage\":\"es\"},{\"@type\":\"Organization\",\"@id\":\"https:\/\/infoecos.com.ar\/#organization\",\"name\":\"Infoecos\",\"alternateName\":\"Noticias\",\"url\":\"https:\/\/infoecos.com.ar\/\",\"logo\":{\"@type\":\"ImageObject\",\"inLanguage\":\"es\",\"@id\":\"https:\/\/infoecos.com.ar\/#\/schema\/logo\/image\/\",\"url\":\"https:\/\/infoecos.com.ar\/wp-content\/uploads\/2024\/03\/cropped-logo.png\",\"contentUrl\":\"https:\/\/infoecos.com.ar\/wp-content\/uploads\/2024\/03\/cropped-logo.png\",\"width\":374,\"height\":90,\"caption\":\"Infoecos\"},\"image\":{\"@id\":\"https:\/\/infoecos.com.ar\/#\/schema\/logo\/image\/\"},\"sameAs\":[\"https:\/\/www.facebook.com\/profile.php?id=100063200290284\",\"https:\/\/x.com\/infoecos\"]},{\"@type\":\"Person\",\"@id\":\"https:\/\/infoecos.com.ar\/#\/schema\/person\/8f5ace5ce73b4b4aac4b7245aee6f191\",\"name\":\"Jorge Matheus\",\"url\":\"https:\/\/infoecos.com.ar\/index.php\/author\/jomatheus\/\"}]}<\/script>\n<!-- \/ Yoast SEO plugin. -->","yoast_head_json":{"title":"Los trenquelauquenses y pampeanos que viajaron a Dubai, a trav\u00e9s de Piana del Sole, ya est\u00e1n de vuelta - Infoecos","robots":{"index":"index","follow":"follow","max-snippet":"max-snippet:-1","max-image-preview":"max-image-preview:large","max-video-preview":"max-video-preview:-1"},"canonical":"https:\/\/infoecos.com.ar\/index.php\/los-trenquelauquenses-y-pampeanos-que-viajaron-a-dubai-a-traves-de-piana-del-sole-ya-estan-de-vuelta\/","og_locale":"es_ES","og_type":"article","og_title":"Los trenquelauquenses y pampeanos que viajaron a Dubai, a trav\u00e9s de Piana del Sole, ya est\u00e1n de vuelta - Infoecos","og_description":"La empresa pianadelsole.com lo hizo conocer a trav\u00e9s de las redes sociales.","og_url":"https:\/\/infoecos.com.ar\/index.php\/los-trenquelauquenses-y-pampeanos-que-viajaron-a-dubai-a-traves-de-piana-del-sole-ya-estan-de-vuelta\/","og_site_name":"Infoecos","article_publisher":"https:\/\/www.facebook.com\/profile.php?id=100063200290284","article_published_time":"2026-03-07T19:16:12+00:00","article_modified_time":"2026-03-08T20:17:24+00:00","og_image":[{"width":1440,"height":806,"url":"https:\/\/infoecos.com.ar\/wp-content\/uploads\/2026\/03\/image-62.png","type":"image\/png"}],"author":"Jorge Matheus","twitter_card":"summary_large_image","twitter_creator":"@infoecos","twitter_site":"@infoecos","twitter_misc":{"Escrito por":"Jorge Matheus","Tiempo de lectura":"2 minutos"},"schema":{"@context":"https:\/\/schema.org","@graph":[{"@type":"Article","@id":"https:\/\/infoecos.com.ar\/index.php\/los-trenquelauquenses-y-pampeanos-que-viajaron-a-dubai-a-traves-de-piana-del-sole-ya-estan-de-vuelta\/#article","isPartOf":{"@id":"https:\/\/infoecos.com.ar\/index.php\/los-trenquelauquenses-y-pampeanos-que-viajaron-a-dubai-a-traves-de-piana-del-sole-ya-estan-de-vuelta\/"},"author":{"name":"Jorge Matheus","@id":"https:\/\/infoecos.com.ar\/#\/schema\/person\/8f5ace5ce73b4b4aac4b7245aee6f191"},"headline":"Los trenquelauquenses y pampeanos que viajaron a Dubai, a trav\u00e9s de Piana del Sole, ya est\u00e1n de vuelta","datePublished":"2026-03-07T19:16:12+00:00","dateModified":"2026-03-08T20:17:24+00:00","mainEntityOfPage":{"@id":"https:\/\/infoecos.com.ar\/index.php\/los-trenquelauquenses-y-pampeanos-que-viajaron-a-dubai-a-traves-de-piana-del-sole-ya-estan-de-vuelta\/"},"wordCount":199,"publisher":{"@id":"https:\/\/infoecos.com.ar\/#organization"},"image":{"@id":"https:\/\/infoecos.com.ar\/index.php\/los-trenquelauquenses-y-pampeanos-que-viajaron-a-dubai-a-traves-de-piana-del-sole-ya-estan-de-vuelta\/#primaryimage"},"thumbnailUrl":"https:\/\/infoecos.com.ar\/wp-content\/uploads\/2026\/03\/image-62.png","keywords":["REGIONAL"],"articleSection":["Noticia Secundaria"],"inLanguage":"es"},{"@type":"WebPage","@id":"https:\/\/infoecos.com.ar\/index.php\/los-trenquelauquenses-y-pampeanos-que-viajaron-a-dubai-a-traves-de-piana-del-sole-ya-estan-de-vuelta\/","url":"https:\/\/infoecos.com.ar\/index.php\/los-trenquelauquenses-y-pampeanos-que-viajaron-a-dubai-a-traves-de-piana-del-sole-ya-estan-de-vuelta\/","name":"Los trenquelauquenses y pampeanos que viajaron a Dubai, a trav\u00e9s de Piana del Sole, ya est\u00e1n de vuelta - Infoecos","isPartOf":{"@id":"https:\/\/infoecos.com.ar\/#website"},"primaryImageOfPage":{"@id":"https:\/\/infoecos.com.ar\/index.php\/los-trenquelauquenses-y-pampeanos-que-viajaron-a-dubai-a-traves-de-piana-del-sole-ya-estan-de-vuelta\/#primaryimage"},"image":{"@id":"https:\/\/infoecos.com.ar\/index.php\/los-trenquelauquenses-y-pampeanos-que-viajaron-a-dubai-a-traves-de-piana-del-sole-ya-estan-de-vuelta\/#primaryimage"},"thumbnailUrl":"https:\/\/infoecos.com.ar\/wp-content\/uploads\/2026\/03\/image-62.png","datePublished":"2026-03-07T19:16:12+00:00","dateModified":"2026-03-08T20:17:24+00:00","breadcrumb":{"@id":"https:\/\/infoecos.com.ar\/index.php\/los-trenquelauquenses-y-pampeanos-que-viajaron-a-dubai-a-traves-de-piana-del-sole-ya-estan-de-vuelta\/#breadcrumb"},"inLanguage":"es","potentialAction":[{"@type":"ReadAction","target":["https:\/\/infoecos.com.ar\/index.php\/los-trenquelauquenses-y-pampeanos-que-viajaron-a-dubai-a-traves-de-piana-del-sole-ya-estan-de-vuelta\/"]}]},{"@type":"ImageObject","inLanguage":"es","@id":"https:\/\/infoecos.com.ar\/index.php\/los-trenquelauquenses-y-pampeanos-que-viajaron-a-dubai-a-traves-de-piana-del-sole-ya-estan-de-vuelta\/#primaryimage","url":"https:\/\/infoecos.com.ar\/wp-content\/uploads\/2026\/03\/image-62.png","contentUrl":"https:\/\/infoecos.com.ar\/wp-content\/uploads\/2026\/03\/image-62.png","width":1440,"height":806},{"@type":"BreadcrumbList","@id":"https:\/\/infoecos.com.ar\/index.php\/los-trenquelauquenses-y-pampeanos-que-viajaron-a-dubai-a-traves-de-piana-del-sole-ya-estan-de-vuelta\/#breadcrumb","itemListElement":[{"@type":"ListItem","position":1,"name":"Portada","item":"https:\/\/infoecos.com.ar\/"},{"@type":"ListItem","position":2,"name":"Los trenquelauquenses y pampeanos que viajaron a Dubai, a trav\u00e9s de Piana del Sole, ya est\u00e1n de vuelta"}]},{"@type":"WebSite","@id":"https:\/\/infoecos.com.ar\/#website","url":"https:\/\/infoecos.com.ar\/","name":"Infoecos","description":"Noticias de trenque lauquen y la zona","publisher":{"@id":"https:\/\/infoecos.com.ar\/#organization"},"alternateName":"Noticias","potentialAction":[{"@type":"SearchAction","target":{"@type":"EntryPoint","urlTemplate":"https:\/\/infoecos.com.ar\/?s={search_term_string}"},"query-input":{"@type":"PropertyValueSpecification","valueRequired":true,"valueName":"search_term_string"}}],"inLanguage":"es"},{"@type":"Organization","@id":"https:\/\/infoecos.com.ar\/#organization","name":"Infoecos","alternateName":"Noticias","url":"https:\/\/infoecos.com.ar\/","logo":{"@type":"ImageObject","inLanguage":"es","@id":"https:\/\/infoecos.com.ar\/#\/schema\/logo\/image\/","url":"https:\/\/infoecos.com.ar\/wp-content\/uploads\/2024\/03\/cropped-logo.png","contentUrl":"https:\/\/infoecos.com.ar\/wp-content\/uploads\/2024\/03\/cropped-logo.png","width":374,"height":90,"caption":"Infoecos"},"image":{"@id":"https:\/\/infoecos.com.ar\/#\/schema\/logo\/image\/"},"sameAs":["https:\/\/www.facebook.com\/profile.php?id=100063200290284","https:\/\/x.com\/infoecos"]},{"@type":"Person","@id":"https:\/\/infoecos.com.ar\/#\/schema\/person\/8f5ace5ce73b4b4aac4b7245aee6f191","name":"Jorge Matheus","url":"https:\/\/infoecos.com.ar\/index.php\/author\/jomatheus\/"}]}},"featured_image_urls":{"full":["https:\/\/infoecos.com.ar\/wp-content\/uploads\/2026\/03\/image-62.png",1440,806,false],"thumbnail":["https:\/\/infoecos.com.ar\/wp-content\/uploads\/2026\/03\/image-62-300x150.png",300,150,true],"medium":["https:\/\/infoecos.com.ar\/wp-content\/uploads\/2026\/03\/image-62-800x448.png",800,448,true],"medium_large":["https:\/\/infoecos.com.ar\/wp-content\/uploads\/2026\/03\/image-62-768x430.png",640,358,true],"large":["https:\/\/infoecos.com.ar\/wp-content\/uploads\/2026\/03\/image-62.png",640,358,false],"1536x1536":["https:\/\/infoecos.com.ar\/wp-content\/uploads\/2026\/03\/image-62.png",1440,806,false],"2048x2048":["https:\/\/infoecos.com.ar\/wp-content\/uploads\/2026\/03\/image-62.png",1440,806,false],"covernews-slider-full":["https:\/\/infoecos.com.ar\/wp-content\/uploads\/2026\/03\/image-62-1115x715.png",1115,715,true],"covernews-slider-center":["https:\/\/infoecos.com.ar\/wp-content\/uploads\/2026\/03\/image-62-800x500.png",800,500,true],"covernews-featured":["https:\/\/infoecos.com.ar\/wp-content\/uploads\/2026\/03\/image-62-1024x573.png",1024,573,true],"covernews-medium":["https:\/\/infoecos.com.ar\/wp-content\/uploads\/2026\/03\/image-62-540x340.png",540,340,true],"covernews-medium-square":["https:\/\/infoecos.com.ar\/wp-content\/uploads\/2026\/03\/image-62-400x250.png",400,250,true]},"author_info":{"info":["Jorge Matheus"]},"category_info":"<a href=\"https:\/\/infoecos.com.ar\/index.php\/category\/noticia-secundaria\/\" rel=\"category tag\">Noticia Secundaria<\/a>","tag_info":"Noticia Secundaria","comment_count":"0","_links":{"self":[{"href":"https:\/\/infoecos.com.ar\/index.php\/wp-json\/wp\/v2\/posts\/154671"}],"collection":[{"href":"https:\/\/infoecos.com.ar\/index.php\/wp-json\/wp\/v2\/posts"}],"about":[{"href":"https:\/\/infoecos.com.ar\/index.php\/wp-json\/wp\/v2\/types\/post"}],"author":[{"embeddable":true,"href":"https:\/\/infoecos.com.ar\/index.php\/wp-json\/wp\/v2\/users\/2"}],"replies":[{"embeddable":true,"href":"https:\/\/infoecos.com.ar\/index.php\/wp-json\/wp\/v2\/comments?post=154671"}],"version-history":[{"count":1,"href":"https:\/\/infoecos.com.ar\/index.php\/wp-json\/wp\/v2\/posts\/154671\/revisions"}],"predecessor-version":[{"id":154674,"href":"https:\/\/infoecos.com.ar\/index.php\/wp-json\/wp\/v2\/posts\/154671\/revisions\/154674"}],"wp:featuredmedia":[{"embeddable":true,"href":"https:\/\/infoecos.com.ar\/index.php\/wp-json\/wp\/v2\/media\/154673"}],"wp:attachment":[{"href":"https:\/\/infoecos.com.ar\/index.php\/wp-json\/wp\/v2\/media?parent=154671"}],"wp:term":[{"taxonomy":"category","embeddable":true,"href":"https:\/\/infoecos.com.ar\/index.php\/wp-json\/wp\/v2\/categories?post=154671"},{"taxonomy":"post_tag","embeddable":true,"href":"https:\/\/infoecos.com.ar\/index.php\/wp-json\/wp\/v2\/tags?post=154671"}],"curies":[{"name":"wp","href":"https:\/\/api.w.org\/{rel}","templated":true}]}}