{"id":154689,"date":"2026-03-08T00:55:47","date_gmt":"2026-03-08T03:55:47","guid":{"rendered":"https:\/\/infoecos.com.ar\/?p=154689"},"modified":"2026-03-08T17:18:29","modified_gmt":"2026-03-08T20:18:29","slug":"en-muchas-escuelas-bonaerenses-donde-suteba-es-mayoria-en-la-docencia-este-lunes-no-habra-clases","status":"publish","type":"post","link":"https:\/\/infoecos.com.ar\/index.php\/en-muchas-escuelas-bonaerenses-donde-suteba-es-mayoria-en-la-docencia-este-lunes-no-habra-clases\/","title":{"rendered":"En muchas escuelas bonaerenses, donde Suteba es mayor\u00eda en la docencia, este lunes no habr\u00e1 clases"},"content":{"rendered":"\n<p>Este lunes, por segunda vez desde el inicio del ciclo lectivo que tuvo lugar esta semana, miles de alumnos de escuelas p\u00fablicas bonaerenses no tendr\u00e1n clases, ya que habr\u00e1 paro de auxiliares y docentes.<\/p>\n\n\n\n<p>En esta ocasi\u00f3n, no se trata de una huelga en reclamo de aumentos salariales o mejoras en las condiciones de trabajo, como el lunes y martes pasado, cuando distintas agrupaciones sindicales pararon en la provincia de Buenos Aires.<\/p>\n\n\n\n<p>Esta vez ser\u00e1 porque la Asociaci\u00f3n Trabajadores del Estado (ATE) y el Sindicato Unificado de Trabajadores de la Educaci\u00f3n de la Provincia de Buenos Aires (SUTEBA) adherir\u00e1n al Paro Internacional Feminista convocado en conmemoraci\u00f3n del D\u00eda Internacional de la Mujer, que se conmemora hoy domingo.<\/p>\n\n\n\n<figure class=\"wp-block-image size-full\"><img loading=\"lazy\" decoding=\"async\" width=\"800\" height=\"1200\" src=\"https:\/\/infoecos.com.ar\/wp-content\/uploads\/2025\/05\/image-43.png\" alt=\"\" class=\"wp-image-141467\" srcset=\"https:\/\/infoecos.com.ar\/wp-content\/uploads\/2025\/05\/image-43.png 800w, https:\/\/infoecos.com.ar\/wp-content\/uploads\/2025\/05\/image-43-533x800.png 533w, https:\/\/infoecos.com.ar\/wp-content\/uploads\/2025\/05\/image-43-768x1152.png 768w\" sizes=\"(max-width: 800px) 100vw, 800px\" \/><\/figure>\n\n\n\n<p><\/p>\n","protected":false},"excerpt":{"rendered":"<p>No se trata de una huelga en reclamo de aumentos salariales o mejoras en las condiciones de trabajo<\/p>\n","protected":false},"author":2,"featured_media":141467,"comment_status":"closed","ping_status":"open","sticky":false,"template":"","format":"standard","meta":{"footnotes":""},"categories":[1],"tags":[1500],"class_list":["post-154689","post","type-post","status-publish","format-standard","has-post-thumbnail","hentry","category-sin-categoria","tag-regional"],"yoast_head":"<!-- This site is optimized with the Yoast SEO plugin v23.4 - https:\/\/yoast.com\/wordpress\/plugins\/seo\/ -->\n<title>En muchas escuelas bonaerenses, donde Suteba es mayor\u00eda en la docencia, este lunes no habr\u00e1 clases - Infoecos<\/title>\n<meta name=\"robots\" content=\"index, follow, max-snippet:-1, max-image-preview:large, max-video-preview:-1\" \/>\n<link rel=\"canonical\" href=\"https:\/\/infoecos.com.ar\/index.php\/en-muchas-escuelas-bonaerenses-donde-suteba-es-mayoria-en-la-docencia-este-lunes-no-habra-clases\/\" \/>\n<meta property=\"og:locale\" content=\"es_ES\" \/>\n<meta property=\"og:type\" content=\"article\" \/>\n<meta property=\"og:title\" content=\"En muchas escuelas bonaerenses, donde Suteba es mayor\u00eda en la docencia, este lunes no habr\u00e1 clases - Infoecos\" \/>\n<meta property=\"og:description\" content=\"No se trata de una huelga en reclamo de aumentos salariales o mejoras en las condiciones de trabajo\" \/>\n<meta property=\"og:url\" content=\"https:\/\/infoecos.com.ar\/index.php\/en-muchas-escuelas-bonaerenses-donde-suteba-es-mayoria-en-la-docencia-este-lunes-no-habra-clases\/\" \/>\n<meta property=\"og:site_name\" content=\"Infoecos\" \/>\n<meta property=\"article:publisher\" content=\"https:\/\/www.facebook.com\/profile.php?id=100063200290284\" \/>\n<meta property=\"article:published_time\" content=\"2026-03-08T03:55:47+00:00\" \/>\n<meta property=\"article:modified_time\" content=\"2026-03-08T20:18:29+00:00\" \/>\n<meta property=\"og:image\" content=\"https:\/\/infoecos.com.ar\/wp-content\/uploads\/2025\/05\/image-43.png\" \/>\n\t<meta property=\"og:image:width\" content=\"800\" \/>\n\t<meta property=\"og:image:height\" content=\"1200\" \/>\n\t<meta property=\"og:image:type\" content=\"image\/png\" \/>\n<meta name=\"author\" content=\"Jorge Matheus\" \/>\n<meta name=\"twitter:card\" content=\"summary_large_image\" \/>\n<meta name=\"twitter:creator\" content=\"@infoecos\" \/>\n<meta name=\"twitter:site\" content=\"@infoecos\" \/>\n<meta name=\"twitter:label1\" content=\"Escrito por\" \/>\n\t<meta name=\"twitter:data1\" content=\"Jorge Matheus\" \/>\n\t<meta name=\"twitter:label2\" content=\"Tiempo de lectura\" \/>\n\t<meta name=\"twitter:data2\" content=\"1 minuto\" \/>\n<script type=\"application\/ld+json\" class=\"yoast-schema-graph\">{\"@context\":\"https:\/\/schema.org\",\"@graph\":[{\"@type\":\"Article\",\"@id\":\"https:\/\/infoecos.com.ar\/index.php\/en-muchas-escuelas-bonaerenses-donde-suteba-es-mayoria-en-la-docencia-este-lunes-no-habra-clases\/#article\",\"isPartOf\":{\"@id\":\"https:\/\/infoecos.com.ar\/index.php\/en-muchas-escuelas-bonaerenses-donde-suteba-es-mayoria-en-la-docencia-este-lunes-no-habra-clases\/\"},\"author\":{\"name\":\"Jorge Matheus\",\"@id\":\"https:\/\/infoecos.com.ar\/#\/schema\/person\/8f5ace5ce73b4b4aac4b7245aee6f191\"},\"headline\":\"En muchas escuelas bonaerenses, donde Suteba es mayor\u00eda en la docencia, este lunes no habr\u00e1 clases\",\"datePublished\":\"2026-03-08T03:55:47+00:00\",\"dateModified\":\"2026-03-08T20:18:29+00:00\",\"mainEntityOfPage\":{\"@id\":\"https:\/\/infoecos.com.ar\/index.php\/en-muchas-escuelas-bonaerenses-donde-suteba-es-mayoria-en-la-docencia-este-lunes-no-habra-clases\/\"},\"wordCount\":142,\"publisher\":{\"@id\":\"https:\/\/infoecos.com.ar\/#organization\"},\"image\":{\"@id\":\"https:\/\/infoecos.com.ar\/index.php\/en-muchas-escuelas-bonaerenses-donde-suteba-es-mayoria-en-la-docencia-este-lunes-no-habra-clases\/#primaryimage\"},\"thumbnailUrl\":\"https:\/\/infoecos.com.ar\/wp-content\/uploads\/2025\/05\/image-43.png\",\"keywords\":[\"REGIONAL\"],\"inLanguage\":\"es\"},{\"@type\":\"WebPage\",\"@id\":\"https:\/\/infoecos.com.ar\/index.php\/en-muchas-escuelas-bonaerenses-donde-suteba-es-mayoria-en-la-docencia-este-lunes-no-habra-clases\/\",\"url\":\"https:\/\/infoecos.com.ar\/index.php\/en-muchas-escuelas-bonaerenses-donde-suteba-es-mayoria-en-la-docencia-este-lunes-no-habra-clases\/\",\"name\":\"En muchas escuelas bonaerenses, donde Suteba es mayor\u00eda en la docencia, este lunes no habr\u00e1 clases - Infoecos\",\"isPartOf\":{\"@id\":\"https:\/\/infoecos.com.ar\/#website\"},\"primaryImageOfPage\":{\"@id\":\"https:\/\/infoecos.com.ar\/index.php\/en-muchas-escuelas-bonaerenses-donde-suteba-es-mayoria-en-la-docencia-este-lunes-no-habra-clases\/#primaryimage\"},\"image\":{\"@id\":\"https:\/\/infoecos.com.ar\/index.php\/en-muchas-escuelas-bonaerenses-donde-suteba-es-mayoria-en-la-docencia-este-lunes-no-habra-clases\/#primaryimage\"},\"thumbnailUrl\":\"https:\/\/infoecos.com.ar\/wp-content\/uploads\/2025\/05\/image-43.png\",\"datePublished\":\"2026-03-08T03:55:47+00:00\",\"dateModified\":\"2026-03-08T20:18:29+00:00\",\"breadcrumb\":{\"@id\":\"https:\/\/infoecos.com.ar\/index.php\/en-muchas-escuelas-bonaerenses-donde-suteba-es-mayoria-en-la-docencia-este-lunes-no-habra-clases\/#breadcrumb\"},\"inLanguage\":\"es\",\"potentialAction\":[{\"@type\":\"ReadAction\",\"target\":[\"https:\/\/infoecos.com.ar\/index.php\/en-muchas-escuelas-bonaerenses-donde-suteba-es-mayoria-en-la-docencia-este-lunes-no-habra-clases\/\"]}]},{\"@type\":\"ImageObject\",\"inLanguage\":\"es\",\"@id\":\"https:\/\/infoecos.com.ar\/index.php\/en-muchas-escuelas-bonaerenses-donde-suteba-es-mayoria-en-la-docencia-este-lunes-no-habra-clases\/#primaryimage\",\"url\":\"https:\/\/infoecos.com.ar\/wp-content\/uploads\/2025\/05\/image-43.png\",\"contentUrl\":\"https:\/\/infoecos.com.ar\/wp-content\/uploads\/2025\/05\/image-43.png\",\"width\":800,\"height\":1200},{\"@type\":\"BreadcrumbList\",\"@id\":\"https:\/\/infoecos.com.ar\/index.php\/en-muchas-escuelas-bonaerenses-donde-suteba-es-mayoria-en-la-docencia-este-lunes-no-habra-clases\/#breadcrumb\",\"itemListElement\":[{\"@type\":\"ListItem\",\"position\":1,\"name\":\"Portada\",\"item\":\"https:\/\/infoecos.com.ar\/\"},{\"@type\":\"ListItem\",\"position\":2,\"name\":\"En muchas escuelas bonaerenses, donde Suteba es mayor\u00eda en la docencia, este lunes no habr\u00e1 clases\"}]},{\"@type\":\"WebSite\",\"@id\":\"https:\/\/infoecos.com.ar\/#website\",\"url\":\"https:\/\/infoecos.com.ar\/\",\"name\":\"Infoecos\",\"description\":\"Noticias de trenque lauquen y la zona\",\"publisher\":{\"@id\":\"https:\/\/infoecos.com.ar\/#organization\"},\"alternateName\":\"Noticias\",\"potentialAction\":[{\"@type\":\"SearchAction\",\"target\":{\"@type\":\"EntryPoint\",\"urlTemplate\":\"https:\/\/infoecos.com.ar\/?s={search_term_string}\"},\"query-input\":{\"@type\":\"PropertyValueSpecification\",\"valueRequired\":true,\"valueName\":\"search_term_string\"}}],\"inLanguage\":\"es\"},{\"@type\":\"Organization\",\"@id\":\"https:\/\/infoecos.com.ar\/#organization\",\"name\":\"Infoecos\",\"alternateName\":\"Noticias\",\"url\":\"https:\/\/infoecos.com.ar\/\",\"logo\":{\"@type\":\"ImageObject\",\"inLanguage\":\"es\",\"@id\":\"https:\/\/infoecos.com.ar\/#\/schema\/logo\/image\/\",\"url\":\"https:\/\/infoecos.com.ar\/wp-content\/uploads\/2024\/03\/cropped-logo.png\",\"contentUrl\":\"https:\/\/infoecos.com.ar\/wp-content\/uploads\/2024\/03\/cropped-logo.png\",\"width\":374,\"height\":90,\"caption\":\"Infoecos\"},\"image\":{\"@id\":\"https:\/\/infoecos.com.ar\/#\/schema\/logo\/image\/\"},\"sameAs\":[\"https:\/\/www.facebook.com\/profile.php?id=100063200290284\",\"https:\/\/x.com\/infoecos\"]},{\"@type\":\"Person\",\"@id\":\"https:\/\/infoecos.com.ar\/#\/schema\/person\/8f5ace5ce73b4b4aac4b7245aee6f191\",\"name\":\"Jorge Matheus\",\"url\":\"https:\/\/infoecos.com.ar\/index.php\/author\/jomatheus\/\"}]}<\/script>\n<!-- \/ Yoast SEO plugin. -->","yoast_head_json":{"title":"En muchas escuelas bonaerenses, donde Suteba es mayor\u00eda en la docencia, este lunes no habr\u00e1 clases - Infoecos","robots":{"index":"index","follow":"follow","max-snippet":"max-snippet:-1","max-image-preview":"max-image-preview:large","max-video-preview":"max-video-preview:-1"},"canonical":"https:\/\/infoecos.com.ar\/index.php\/en-muchas-escuelas-bonaerenses-donde-suteba-es-mayoria-en-la-docencia-este-lunes-no-habra-clases\/","og_locale":"es_ES","og_type":"article","og_title":"En muchas escuelas bonaerenses, donde Suteba es mayor\u00eda en la docencia, este lunes no habr\u00e1 clases - Infoecos","og_description":"No se trata de una huelga en reclamo de aumentos salariales o mejoras en las condiciones de trabajo","og_url":"https:\/\/infoecos.com.ar\/index.php\/en-muchas-escuelas-bonaerenses-donde-suteba-es-mayoria-en-la-docencia-este-lunes-no-habra-clases\/","og_site_name":"Infoecos","article_publisher":"https:\/\/www.facebook.com\/profile.php?id=100063200290284","article_published_time":"2026-03-08T03:55:47+00:00","article_modified_time":"2026-03-08T20:18:29+00:00","og_image":[{"width":800,"height":1200,"url":"https:\/\/infoecos.com.ar\/wp-content\/uploads\/2025\/05\/image-43.png","type":"image\/png"}],"author":"Jorge Matheus","twitter_card":"summary_large_image","twitter_creator":"@infoecos","twitter_site":"@infoecos","twitter_misc":{"Escrito por":"Jorge Matheus","Tiempo de lectura":"1 minuto"},"schema":{"@context":"https:\/\/schema.org","@graph":[{"@type":"Article","@id":"https:\/\/infoecos.com.ar\/index.php\/en-muchas-escuelas-bonaerenses-donde-suteba-es-mayoria-en-la-docencia-este-lunes-no-habra-clases\/#article","isPartOf":{"@id":"https:\/\/infoecos.com.ar\/index.php\/en-muchas-escuelas-bonaerenses-donde-suteba-es-mayoria-en-la-docencia-este-lunes-no-habra-clases\/"},"author":{"name":"Jorge Matheus","@id":"https:\/\/infoecos.com.ar\/#\/schema\/person\/8f5ace5ce73b4b4aac4b7245aee6f191"},"headline":"En muchas escuelas bonaerenses, donde Suteba es mayor\u00eda en la docencia, este lunes no habr\u00e1 clases","datePublished":"2026-03-08T03:55:47+00:00","dateModified":"2026-03-08T20:18:29+00:00","mainEntityOfPage":{"@id":"https:\/\/infoecos.com.ar\/index.php\/en-muchas-escuelas-bonaerenses-donde-suteba-es-mayoria-en-la-docencia-este-lunes-no-habra-clases\/"},"wordCount":142,"publisher":{"@id":"https:\/\/infoecos.com.ar\/#organization"},"image":{"@id":"https:\/\/infoecos.com.ar\/index.php\/en-muchas-escuelas-bonaerenses-donde-suteba-es-mayoria-en-la-docencia-este-lunes-no-habra-clases\/#primaryimage"},"thumbnailUrl":"https:\/\/infoecos.com.ar\/wp-content\/uploads\/2025\/05\/image-43.png","keywords":["REGIONAL"],"inLanguage":"es"},{"@type":"WebPage","@id":"https:\/\/infoecos.com.ar\/index.php\/en-muchas-escuelas-bonaerenses-donde-suteba-es-mayoria-en-la-docencia-este-lunes-no-habra-clases\/","url":"https:\/\/infoecos.com.ar\/index.php\/en-muchas-escuelas-bonaerenses-donde-suteba-es-mayoria-en-la-docencia-este-lunes-no-habra-clases\/","name":"En muchas escuelas bonaerenses, donde Suteba es mayor\u00eda en la docencia, este lunes no habr\u00e1 clases - Infoecos","isPartOf":{"@id":"https:\/\/infoecos.com.ar\/#website"},"primaryImageOfPage":{"@id":"https:\/\/infoecos.com.ar\/index.php\/en-muchas-escuelas-bonaerenses-donde-suteba-es-mayoria-en-la-docencia-este-lunes-no-habra-clases\/#primaryimage"},"image":{"@id":"https:\/\/infoecos.com.ar\/index.php\/en-muchas-escuelas-bonaerenses-donde-suteba-es-mayoria-en-la-docencia-este-lunes-no-habra-clases\/#primaryimage"},"thumbnailUrl":"https:\/\/infoecos.com.ar\/wp-content\/uploads\/2025\/05\/image-43.png","datePublished":"2026-03-08T03:55:47+00:00","dateModified":"2026-03-08T20:18:29+00:00","breadcrumb":{"@id":"https:\/\/infoecos.com.ar\/index.php\/en-muchas-escuelas-bonaerenses-donde-suteba-es-mayoria-en-la-docencia-este-lunes-no-habra-clases\/#breadcrumb"},"inLanguage":"es","potentialAction":[{"@type":"ReadAction","target":["https:\/\/infoecos.com.ar\/index.php\/en-muchas-escuelas-bonaerenses-donde-suteba-es-mayoria-en-la-docencia-este-lunes-no-habra-clases\/"]}]},{"@type":"ImageObject","inLanguage":"es","@id":"https:\/\/infoecos.com.ar\/index.php\/en-muchas-escuelas-bonaerenses-donde-suteba-es-mayoria-en-la-docencia-este-lunes-no-habra-clases\/#primaryimage","url":"https:\/\/infoecos.com.ar\/wp-content\/uploads\/2025\/05\/image-43.png","contentUrl":"https:\/\/infoecos.com.ar\/wp-content\/uploads\/2025\/05\/image-43.png","width":800,"height":1200},{"@type":"BreadcrumbList","@id":"https:\/\/infoecos.com.ar\/index.php\/en-muchas-escuelas-bonaerenses-donde-suteba-es-mayoria-en-la-docencia-este-lunes-no-habra-clases\/#breadcrumb","itemListElement":[{"@type":"ListItem","position":1,"name":"Portada","item":"https:\/\/infoecos.com.ar\/"},{"@type":"ListItem","position":2,"name":"En muchas escuelas bonaerenses, donde Suteba es mayor\u00eda en la docencia, este lunes no habr\u00e1 clases"}]},{"@type":"WebSite","@id":"https:\/\/infoecos.com.ar\/#website","url":"https:\/\/infoecos.com.ar\/","name":"Infoecos","description":"Noticias de trenque lauquen y la zona","publisher":{"@id":"https:\/\/infoecos.com.ar\/#organization"},"alternateName":"Noticias","potentialAction":[{"@type":"SearchAction","target":{"@type":"EntryPoint","urlTemplate":"https:\/\/infoecos.com.ar\/?s={search_term_string}"},"query-input":{"@type":"PropertyValueSpecification","valueRequired":true,"valueName":"search_term_string"}}],"inLanguage":"es"},{"@type":"Organization","@id":"https:\/\/infoecos.com.ar\/#organization","name":"Infoecos","alternateName":"Noticias","url":"https:\/\/infoecos.com.ar\/","logo":{"@type":"ImageObject","inLanguage":"es","@id":"https:\/\/infoecos.com.ar\/#\/schema\/logo\/image\/","url":"https:\/\/infoecos.com.ar\/wp-content\/uploads\/2024\/03\/cropped-logo.png","contentUrl":"https:\/\/infoecos.com.ar\/wp-content\/uploads\/2024\/03\/cropped-logo.png","width":374,"height":90,"caption":"Infoecos"},"image":{"@id":"https:\/\/infoecos.com.ar\/#\/schema\/logo\/image\/"},"sameAs":["https:\/\/www.facebook.com\/profile.php?id=100063200290284","https:\/\/x.com\/infoecos"]},{"@type":"Person","@id":"https:\/\/infoecos.com.ar\/#\/schema\/person\/8f5ace5ce73b4b4aac4b7245aee6f191","name":"Jorge Matheus","url":"https:\/\/infoecos.com.ar\/index.php\/author\/jomatheus\/"}]}},"featured_image_urls":{"full":["https:\/\/infoecos.com.ar\/wp-content\/uploads\/2025\/05\/image-43.png",800,1200,false],"thumbnail":["https:\/\/infoecos.com.ar\/wp-content\/uploads\/2025\/05\/image-43-300x150.png",300,150,true],"medium":["https:\/\/infoecos.com.ar\/wp-content\/uploads\/2025\/05\/image-43-533x800.png",533,800,true],"medium_large":["https:\/\/infoecos.com.ar\/wp-content\/uploads\/2025\/05\/image-43-768x1152.png",640,960,true],"large":["https:\/\/infoecos.com.ar\/wp-content\/uploads\/2025\/05\/image-43.png",640,960,false],"1536x1536":["https:\/\/infoecos.com.ar\/wp-content\/uploads\/2025\/05\/image-43.png",800,1200,false],"2048x2048":["https:\/\/infoecos.com.ar\/wp-content\/uploads\/2025\/05\/image-43.png",800,1200,false],"covernews-slider-full":["https:\/\/infoecos.com.ar\/wp-content\/uploads\/2025\/05\/image-43-800x715.png",800,715,true],"covernews-slider-center":["https:\/\/infoecos.com.ar\/wp-content\/uploads\/2025\/05\/image-43-800x500.png",800,500,true],"covernews-featured":["https:\/\/infoecos.com.ar\/wp-content\/uploads\/2025\/05\/image-43.png",800,1200,false],"covernews-medium":["https:\/\/infoecos.com.ar\/wp-content\/uploads\/2025\/05\/image-43-540x340.png",540,340,true],"covernews-medium-square":["https:\/\/infoecos.com.ar\/wp-content\/uploads\/2025\/05\/image-43-400x250.png",400,250,true]},"author_info":{"info":["Jorge Matheus"]},"category_info":"<a href=\"https:\/\/infoecos.com.ar\/index.php\/category\/sin-categoria\/\" rel=\"category tag\">Sin categor\u00eda<\/a>","tag_info":"Sin categor\u00eda","comment_count":"0","_links":{"self":[{"href":"https:\/\/infoecos.com.ar\/index.php\/wp-json\/wp\/v2\/posts\/154689"}],"collection":[{"href":"https:\/\/infoecos.com.ar\/index.php\/wp-json\/wp\/v2\/posts"}],"about":[{"href":"https:\/\/infoecos.com.ar\/index.php\/wp-json\/wp\/v2\/types\/post"}],"author":[{"embeddable":true,"href":"https:\/\/infoecos.com.ar\/index.php\/wp-json\/wp\/v2\/users\/2"}],"replies":[{"embeddable":true,"href":"https:\/\/infoecos.com.ar\/index.php\/wp-json\/wp\/v2\/comments?post=154689"}],"version-history":[{"count":2,"href":"https:\/\/infoecos.com.ar\/index.php\/wp-json\/wp\/v2\/posts\/154689\/revisions"}],"predecessor-version":[{"id":154692,"href":"https:\/\/infoecos.com.ar\/index.php\/wp-json\/wp\/v2\/posts\/154689\/revisions\/154692"}],"wp:featuredmedia":[{"embeddable":true,"href":"https:\/\/infoecos.com.ar\/index.php\/wp-json\/wp\/v2\/media\/141467"}],"wp:attachment":[{"href":"https:\/\/infoecos.com.ar\/index.php\/wp-json\/wp\/v2\/media?parent=154689"}],"wp:term":[{"taxonomy":"category","embeddable":true,"href":"https:\/\/infoecos.com.ar\/index.php\/wp-json\/wp\/v2\/categories?post=154689"},{"taxonomy":"post_tag","embeddable":true,"href":"https:\/\/infoecos.com.ar\/index.php\/wp-json\/wp\/v2\/tags?post=154689"}],"curies":[{"name":"wp","href":"https:\/\/api.w.org\/{rel}","templated":true}]}}