{"id":154717,"date":"2026-03-08T16:24:46","date_gmt":"2026-03-08T19:24:46","guid":{"rendered":"https:\/\/infoecos.com.ar\/?p=154717"},"modified":"2026-03-11T01:02:39","modified_gmt":"2026-03-11T04:02:39","slug":"tc-pista-triunfo-de-gabriel-gandulia-en-viedma-y-10-llego-felipe-bernasconi","status":"publish","type":"post","link":"https:\/\/infoecos.com.ar\/index.php\/tc-pista-triunfo-de-gabriel-gandulia-en-viedma-y-10-llego-felipe-bernasconi\/","title":{"rendered":"TC Pista: triunfo de Gabriel Gandulia en Viedma y 10\u00b0 lleg\u00f3 Felipe Bernasconi"},"content":{"rendered":"\n<p><strong>Con informaci\u00f3n de campeones.com.ar <\/strong><\/p>\n\n\n\n<p>El piloto de Ford se impuso de punta en Viedma, por la 2\u00aa fecha del campeonato, y festej\u00f3 su 3\u00aa victoria en la categor\u00eda. Bautista Damiani (Chevrolet Camaro), el l\u00edder del torneo, lleg\u00f3 2\u00ba y Nicanor Santilli Pazos (Ford Mustang) consigui\u00f3 su 1\u00ba podio en TCP.<\/p>\n\n\n\n<p>El piloto del\u00a0<strong>Moriatis Competici\u00f3n<\/strong>\u00a0larg\u00f3 desde la \u201cpole position\u201d y fue inalcanzable para Damiani, quien con los 25 kilos de lastre que carga debido a su \u00e9xito en la apertura del certamen no pudo plantearle pelea de igual a igual. Gandulia, que hab\u00eda luchado por la victoria en El Calafate precisamente con el piloto del\u00a0<strong>Canning Motorsports<\/strong>, logr\u00f3 su\u00a0<strong>3\u00ba triunfo en 62 carreras<\/strong>\u00a0en el TC Pista (tambi\u00e9n hab\u00eda ganado en El Calafate 2023 y Posadas 2025).<\/p>\n\n\n\n<figure class=\"wp-block-image size-full\"><img loading=\"lazy\" decoding=\"async\" width=\"800\" height=\"408\" src=\"https:\/\/infoecos.com.ar\/wp-content\/uploads\/2026\/03\/image-70.png\" alt=\"\" class=\"wp-image-154718\" srcset=\"https:\/\/infoecos.com.ar\/wp-content\/uploads\/2026\/03\/image-70.png 800w, https:\/\/infoecos.com.ar\/wp-content\/uploads\/2026\/03\/image-70-768x392.png 768w\" sizes=\"(max-width: 800px) 100vw, 800px\" \/><\/figure>\n\n\n\n<p>Felipe Bernasconi hab\u00eda llegado quinto en la primera serie:<\/p>\n\n\n\n<figure class=\"wp-block-image size-full\"><img loading=\"lazy\" decoding=\"async\" width=\"720\" height=\"781\" src=\"https:\/\/infoecos.com.ar\/wp-content\/uploads\/2026\/03\/image-71.png\" alt=\"\" class=\"wp-image-154724\"\/><\/figure>\n","protected":false},"excerpt":{"rendered":"<p>El TC Pista disputar\u00e1 su pr\u00f3xima fecha en el aut\u00f3dromo de Centenario, provincia del Neuqu\u00e9n, el 28 y 29 de marzo. <\/p>\n","protected":false},"author":2,"featured_media":154679,"comment_status":"closed","ping_status":"open","sticky":false,"template":"","format":"standard","meta":{"footnotes":""},"categories":[1613],"tags":[10298],"class_list":["post-154717","post","type-post","status-publish","format-standard","has-post-thumbnail","hentry","category-noticia-secundaria","tag-bloque-inferior"],"yoast_head":"<!-- This site is optimized with the Yoast SEO plugin v23.4 - https:\/\/yoast.com\/wordpress\/plugins\/seo\/ -->\n<title>TC Pista: triunfo de Gabriel Gandulia en Viedma y 10\u00b0 lleg\u00f3 Felipe Bernasconi - Infoecos<\/title>\n<meta name=\"robots\" content=\"index, follow, max-snippet:-1, max-image-preview:large, max-video-preview:-1\" \/>\n<link rel=\"canonical\" href=\"https:\/\/infoecos.com.ar\/index.php\/tc-pista-triunfo-de-gabriel-gandulia-en-viedma-y-10-llego-felipe-bernasconi\/\" \/>\n<meta property=\"og:locale\" content=\"es_ES\" \/>\n<meta property=\"og:type\" content=\"article\" \/>\n<meta property=\"og:title\" content=\"TC Pista: triunfo de Gabriel Gandulia en Viedma y 10\u00b0 lleg\u00f3 Felipe Bernasconi - Infoecos\" \/>\n<meta property=\"og:description\" content=\"El TC Pista disputar\u00e1 su pr\u00f3xima fecha en el aut\u00f3dromo de Centenario, provincia del Neuqu\u00e9n, el 28 y 29 de marzo.\" \/>\n<meta property=\"og:url\" content=\"https:\/\/infoecos.com.ar\/index.php\/tc-pista-triunfo-de-gabriel-gandulia-en-viedma-y-10-llego-felipe-bernasconi\/\" \/>\n<meta property=\"og:site_name\" content=\"Infoecos\" \/>\n<meta property=\"article:publisher\" content=\"https:\/\/www.facebook.com\/profile.php?id=100063200290284\" \/>\n<meta property=\"article:published_time\" content=\"2026-03-08T19:24:46+00:00\" \/>\n<meta property=\"article:modified_time\" content=\"2026-03-11T04:02:39+00:00\" \/>\n<meta property=\"og:image\" content=\"https:\/\/infoecos.com.ar\/wp-content\/uploads\/2026\/03\/felipeenviedma.jpg\" \/>\n\t<meta property=\"og:image:width\" content=\"1440\" \/>\n\t<meta property=\"og:image:height\" content=\"1920\" \/>\n\t<meta property=\"og:image:type\" content=\"image\/jpeg\" \/>\n<meta name=\"author\" content=\"Jorge Matheus\" \/>\n<meta name=\"twitter:card\" content=\"summary_large_image\" \/>\n<meta name=\"twitter:creator\" content=\"@infoecos\" \/>\n<meta name=\"twitter:site\" content=\"@infoecos\" \/>\n<meta name=\"twitter:label1\" content=\"Escrito por\" \/>\n\t<meta name=\"twitter:data1\" content=\"Jorge Matheus\" \/>\n\t<meta name=\"twitter:label2\" content=\"Tiempo de lectura\" \/>\n\t<meta name=\"twitter:data2\" content=\"2 minutos\" \/>\n<script type=\"application\/ld+json\" class=\"yoast-schema-graph\">{\"@context\":\"https:\/\/schema.org\",\"@graph\":[{\"@type\":\"Article\",\"@id\":\"https:\/\/infoecos.com.ar\/index.php\/tc-pista-triunfo-de-gabriel-gandulia-en-viedma-y-10-llego-felipe-bernasconi\/#article\",\"isPartOf\":{\"@id\":\"https:\/\/infoecos.com.ar\/index.php\/tc-pista-triunfo-de-gabriel-gandulia-en-viedma-y-10-llego-felipe-bernasconi\/\"},\"author\":{\"name\":\"Jorge Matheus\",\"@id\":\"https:\/\/infoecos.com.ar\/#\/schema\/person\/8f5ace5ce73b4b4aac4b7245aee6f191\"},\"headline\":\"TC Pista: triunfo de Gabriel Gandulia en Viedma y 10\u00b0 lleg\u00f3 Felipe Bernasconi\",\"datePublished\":\"2026-03-08T19:24:46+00:00\",\"dateModified\":\"2026-03-11T04:02:39+00:00\",\"mainEntityOfPage\":{\"@id\":\"https:\/\/infoecos.com.ar\/index.php\/tc-pista-triunfo-de-gabriel-gandulia-en-viedma-y-10-llego-felipe-bernasconi\/\"},\"wordCount\":151,\"publisher\":{\"@id\":\"https:\/\/infoecos.com.ar\/#organization\"},\"image\":{\"@id\":\"https:\/\/infoecos.com.ar\/index.php\/tc-pista-triunfo-de-gabriel-gandulia-en-viedma-y-10-llego-felipe-bernasconi\/#primaryimage\"},\"thumbnailUrl\":\"https:\/\/infoecos.com.ar\/wp-content\/uploads\/2026\/03\/felipeenviedma.jpg\",\"keywords\":[\"Bloque inferior\"],\"articleSection\":[\"Noticia Secundaria\"],\"inLanguage\":\"es\"},{\"@type\":\"WebPage\",\"@id\":\"https:\/\/infoecos.com.ar\/index.php\/tc-pista-triunfo-de-gabriel-gandulia-en-viedma-y-10-llego-felipe-bernasconi\/\",\"url\":\"https:\/\/infoecos.com.ar\/index.php\/tc-pista-triunfo-de-gabriel-gandulia-en-viedma-y-10-llego-felipe-bernasconi\/\",\"name\":\"TC Pista: triunfo de Gabriel Gandulia en Viedma y 10\u00b0 lleg\u00f3 Felipe Bernasconi - Infoecos\",\"isPartOf\":{\"@id\":\"https:\/\/infoecos.com.ar\/#website\"},\"primaryImageOfPage\":{\"@id\":\"https:\/\/infoecos.com.ar\/index.php\/tc-pista-triunfo-de-gabriel-gandulia-en-viedma-y-10-llego-felipe-bernasconi\/#primaryimage\"},\"image\":{\"@id\":\"https:\/\/infoecos.com.ar\/index.php\/tc-pista-triunfo-de-gabriel-gandulia-en-viedma-y-10-llego-felipe-bernasconi\/#primaryimage\"},\"thumbnailUrl\":\"https:\/\/infoecos.com.ar\/wp-content\/uploads\/2026\/03\/felipeenviedma.jpg\",\"datePublished\":\"2026-03-08T19:24:46+00:00\",\"dateModified\":\"2026-03-11T04:02:39+00:00\",\"breadcrumb\":{\"@id\":\"https:\/\/infoecos.com.ar\/index.php\/tc-pista-triunfo-de-gabriel-gandulia-en-viedma-y-10-llego-felipe-bernasconi\/#breadcrumb\"},\"inLanguage\":\"es\",\"potentialAction\":[{\"@type\":\"ReadAction\",\"target\":[\"https:\/\/infoecos.com.ar\/index.php\/tc-pista-triunfo-de-gabriel-gandulia-en-viedma-y-10-llego-felipe-bernasconi\/\"]}]},{\"@type\":\"ImageObject\",\"inLanguage\":\"es\",\"@id\":\"https:\/\/infoecos.com.ar\/index.php\/tc-pista-triunfo-de-gabriel-gandulia-en-viedma-y-10-llego-felipe-bernasconi\/#primaryimage\",\"url\":\"https:\/\/infoecos.com.ar\/wp-content\/uploads\/2026\/03\/felipeenviedma.jpg\",\"contentUrl\":\"https:\/\/infoecos.com.ar\/wp-content\/uploads\/2026\/03\/felipeenviedma.jpg\",\"width\":1440,\"height\":1920},{\"@type\":\"BreadcrumbList\",\"@id\":\"https:\/\/infoecos.com.ar\/index.php\/tc-pista-triunfo-de-gabriel-gandulia-en-viedma-y-10-llego-felipe-bernasconi\/#breadcrumb\",\"itemListElement\":[{\"@type\":\"ListItem\",\"position\":1,\"name\":\"Portada\",\"item\":\"https:\/\/infoecos.com.ar\/\"},{\"@type\":\"ListItem\",\"position\":2,\"name\":\"TC Pista: triunfo de Gabriel Gandulia en Viedma y 10\u00b0 lleg\u00f3 Felipe Bernasconi\"}]},{\"@type\":\"WebSite\",\"@id\":\"https:\/\/infoecos.com.ar\/#website\",\"url\":\"https:\/\/infoecos.com.ar\/\",\"name\":\"Infoecos\",\"description\":\"Noticias de trenque lauquen y la zona\",\"publisher\":{\"@id\":\"https:\/\/infoecos.com.ar\/#organization\"},\"alternateName\":\"Noticias\",\"potentialAction\":[{\"@type\":\"SearchAction\",\"target\":{\"@type\":\"EntryPoint\",\"urlTemplate\":\"https:\/\/infoecos.com.ar\/?s={search_term_string}\"},\"query-input\":{\"@type\":\"PropertyValueSpecification\",\"valueRequired\":true,\"valueName\":\"search_term_string\"}}],\"inLanguage\":\"es\"},{\"@type\":\"Organization\",\"@id\":\"https:\/\/infoecos.com.ar\/#organization\",\"name\":\"Infoecos\",\"alternateName\":\"Noticias\",\"url\":\"https:\/\/infoecos.com.ar\/\",\"logo\":{\"@type\":\"ImageObject\",\"inLanguage\":\"es\",\"@id\":\"https:\/\/infoecos.com.ar\/#\/schema\/logo\/image\/\",\"url\":\"https:\/\/infoecos.com.ar\/wp-content\/uploads\/2024\/03\/cropped-logo.png\",\"contentUrl\":\"https:\/\/infoecos.com.ar\/wp-content\/uploads\/2024\/03\/cropped-logo.png\",\"width\":374,\"height\":90,\"caption\":\"Infoecos\"},\"image\":{\"@id\":\"https:\/\/infoecos.com.ar\/#\/schema\/logo\/image\/\"},\"sameAs\":[\"https:\/\/www.facebook.com\/profile.php?id=100063200290284\",\"https:\/\/x.com\/infoecos\"]},{\"@type\":\"Person\",\"@id\":\"https:\/\/infoecos.com.ar\/#\/schema\/person\/8f5ace5ce73b4b4aac4b7245aee6f191\",\"name\":\"Jorge Matheus\",\"url\":\"https:\/\/infoecos.com.ar\/index.php\/author\/jomatheus\/\"}]}<\/script>\n<!-- \/ Yoast SEO plugin. -->","yoast_head_json":{"title":"TC Pista: triunfo de Gabriel Gandulia en Viedma y 10\u00b0 lleg\u00f3 Felipe Bernasconi - Infoecos","robots":{"index":"index","follow":"follow","max-snippet":"max-snippet:-1","max-image-preview":"max-image-preview:large","max-video-preview":"max-video-preview:-1"},"canonical":"https:\/\/infoecos.com.ar\/index.php\/tc-pista-triunfo-de-gabriel-gandulia-en-viedma-y-10-llego-felipe-bernasconi\/","og_locale":"es_ES","og_type":"article","og_title":"TC Pista: triunfo de Gabriel Gandulia en Viedma y 10\u00b0 lleg\u00f3 Felipe Bernasconi - Infoecos","og_description":"El TC Pista disputar\u00e1 su pr\u00f3xima fecha en el aut\u00f3dromo de Centenario, provincia del Neuqu\u00e9n, el 28 y 29 de marzo.","og_url":"https:\/\/infoecos.com.ar\/index.php\/tc-pista-triunfo-de-gabriel-gandulia-en-viedma-y-10-llego-felipe-bernasconi\/","og_site_name":"Infoecos","article_publisher":"https:\/\/www.facebook.com\/profile.php?id=100063200290284","article_published_time":"2026-03-08T19:24:46+00:00","article_modified_time":"2026-03-11T04:02:39+00:00","og_image":[{"width":1440,"height":1920,"url":"https:\/\/infoecos.com.ar\/wp-content\/uploads\/2026\/03\/felipeenviedma.jpg","type":"image\/jpeg"}],"author":"Jorge Matheus","twitter_card":"summary_large_image","twitter_creator":"@infoecos","twitter_site":"@infoecos","twitter_misc":{"Escrito por":"Jorge Matheus","Tiempo de lectura":"2 minutos"},"schema":{"@context":"https:\/\/schema.org","@graph":[{"@type":"Article","@id":"https:\/\/infoecos.com.ar\/index.php\/tc-pista-triunfo-de-gabriel-gandulia-en-viedma-y-10-llego-felipe-bernasconi\/#article","isPartOf":{"@id":"https:\/\/infoecos.com.ar\/index.php\/tc-pista-triunfo-de-gabriel-gandulia-en-viedma-y-10-llego-felipe-bernasconi\/"},"author":{"name":"Jorge Matheus","@id":"https:\/\/infoecos.com.ar\/#\/schema\/person\/8f5ace5ce73b4b4aac4b7245aee6f191"},"headline":"TC Pista: triunfo de Gabriel Gandulia en Viedma y 10\u00b0 lleg\u00f3 Felipe Bernasconi","datePublished":"2026-03-08T19:24:46+00:00","dateModified":"2026-03-11T04:02:39+00:00","mainEntityOfPage":{"@id":"https:\/\/infoecos.com.ar\/index.php\/tc-pista-triunfo-de-gabriel-gandulia-en-viedma-y-10-llego-felipe-bernasconi\/"},"wordCount":151,"publisher":{"@id":"https:\/\/infoecos.com.ar\/#organization"},"image":{"@id":"https:\/\/infoecos.com.ar\/index.php\/tc-pista-triunfo-de-gabriel-gandulia-en-viedma-y-10-llego-felipe-bernasconi\/#primaryimage"},"thumbnailUrl":"https:\/\/infoecos.com.ar\/wp-content\/uploads\/2026\/03\/felipeenviedma.jpg","keywords":["Bloque inferior"],"articleSection":["Noticia Secundaria"],"inLanguage":"es"},{"@type":"WebPage","@id":"https:\/\/infoecos.com.ar\/index.php\/tc-pista-triunfo-de-gabriel-gandulia-en-viedma-y-10-llego-felipe-bernasconi\/","url":"https:\/\/infoecos.com.ar\/index.php\/tc-pista-triunfo-de-gabriel-gandulia-en-viedma-y-10-llego-felipe-bernasconi\/","name":"TC Pista: triunfo de Gabriel Gandulia en Viedma y 10\u00b0 lleg\u00f3 Felipe Bernasconi - Infoecos","isPartOf":{"@id":"https:\/\/infoecos.com.ar\/#website"},"primaryImageOfPage":{"@id":"https:\/\/infoecos.com.ar\/index.php\/tc-pista-triunfo-de-gabriel-gandulia-en-viedma-y-10-llego-felipe-bernasconi\/#primaryimage"},"image":{"@id":"https:\/\/infoecos.com.ar\/index.php\/tc-pista-triunfo-de-gabriel-gandulia-en-viedma-y-10-llego-felipe-bernasconi\/#primaryimage"},"thumbnailUrl":"https:\/\/infoecos.com.ar\/wp-content\/uploads\/2026\/03\/felipeenviedma.jpg","datePublished":"2026-03-08T19:24:46+00:00","dateModified":"2026-03-11T04:02:39+00:00","breadcrumb":{"@id":"https:\/\/infoecos.com.ar\/index.php\/tc-pista-triunfo-de-gabriel-gandulia-en-viedma-y-10-llego-felipe-bernasconi\/#breadcrumb"},"inLanguage":"es","potentialAction":[{"@type":"ReadAction","target":["https:\/\/infoecos.com.ar\/index.php\/tc-pista-triunfo-de-gabriel-gandulia-en-viedma-y-10-llego-felipe-bernasconi\/"]}]},{"@type":"ImageObject","inLanguage":"es","@id":"https:\/\/infoecos.com.ar\/index.php\/tc-pista-triunfo-de-gabriel-gandulia-en-viedma-y-10-llego-felipe-bernasconi\/#primaryimage","url":"https:\/\/infoecos.com.ar\/wp-content\/uploads\/2026\/03\/felipeenviedma.jpg","contentUrl":"https:\/\/infoecos.com.ar\/wp-content\/uploads\/2026\/03\/felipeenviedma.jpg","width":1440,"height":1920},{"@type":"BreadcrumbList","@id":"https:\/\/infoecos.com.ar\/index.php\/tc-pista-triunfo-de-gabriel-gandulia-en-viedma-y-10-llego-felipe-bernasconi\/#breadcrumb","itemListElement":[{"@type":"ListItem","position":1,"name":"Portada","item":"https:\/\/infoecos.com.ar\/"},{"@type":"ListItem","position":2,"name":"TC Pista: triunfo de Gabriel Gandulia en Viedma y 10\u00b0 lleg\u00f3 Felipe Bernasconi"}]},{"@type":"WebSite","@id":"https:\/\/infoecos.com.ar\/#website","url":"https:\/\/infoecos.com.ar\/","name":"Infoecos","description":"Noticias de trenque lauquen y la zona","publisher":{"@id":"https:\/\/infoecos.com.ar\/#organization"},"alternateName":"Noticias","potentialAction":[{"@type":"SearchAction","target":{"@type":"EntryPoint","urlTemplate":"https:\/\/infoecos.com.ar\/?s={search_term_string}"},"query-input":{"@type":"PropertyValueSpecification","valueRequired":true,"valueName":"search_term_string"}}],"inLanguage":"es"},{"@type":"Organization","@id":"https:\/\/infoecos.com.ar\/#organization","name":"Infoecos","alternateName":"Noticias","url":"https:\/\/infoecos.com.ar\/","logo":{"@type":"ImageObject","inLanguage":"es","@id":"https:\/\/infoecos.com.ar\/#\/schema\/logo\/image\/","url":"https:\/\/infoecos.com.ar\/wp-content\/uploads\/2024\/03\/cropped-logo.png","contentUrl":"https:\/\/infoecos.com.ar\/wp-content\/uploads\/2024\/03\/cropped-logo.png","width":374,"height":90,"caption":"Infoecos"},"image":{"@id":"https:\/\/infoecos.com.ar\/#\/schema\/logo\/image\/"},"sameAs":["https:\/\/www.facebook.com\/profile.php?id=100063200290284","https:\/\/x.com\/infoecos"]},{"@type":"Person","@id":"https:\/\/infoecos.com.ar\/#\/schema\/person\/8f5ace5ce73b4b4aac4b7245aee6f191","name":"Jorge Matheus","url":"https:\/\/infoecos.com.ar\/index.php\/author\/jomatheus\/"}]}},"featured_image_urls":{"full":["https:\/\/infoecos.com.ar\/wp-content\/uploads\/2026\/03\/felipeenviedma.jpg",1440,1920,false],"thumbnail":["https:\/\/infoecos.com.ar\/wp-content\/uploads\/2026\/03\/felipeenviedma-300x150.jpg",300,150,true],"medium":["https:\/\/infoecos.com.ar\/wp-content\/uploads\/2026\/03\/felipeenviedma-600x800.jpg",600,800,true],"medium_large":["https:\/\/infoecos.com.ar\/wp-content\/uploads\/2026\/03\/felipeenviedma-768x1024.jpg",640,853,true],"large":["https:\/\/infoecos.com.ar\/wp-content\/uploads\/2026\/03\/felipeenviedma-1200x1600.jpg",640,853,true],"1536x1536":["https:\/\/infoecos.com.ar\/wp-content\/uploads\/2026\/03\/felipeenviedma-1152x1536.jpg",1152,1536,true],"2048x2048":["https:\/\/infoecos.com.ar\/wp-content\/uploads\/2026\/03\/felipeenviedma.jpg",1440,1920,false],"covernews-slider-full":["https:\/\/infoecos.com.ar\/wp-content\/uploads\/2026\/03\/felipeenviedma-1115x715.jpg",1115,715,true],"covernews-slider-center":["https:\/\/infoecos.com.ar\/wp-content\/uploads\/2026\/03\/felipeenviedma-800x500.jpg",800,500,true],"covernews-featured":["https:\/\/infoecos.com.ar\/wp-content\/uploads\/2026\/03\/felipeenviedma-1024x1365.jpg",1024,1365,true],"covernews-medium":["https:\/\/infoecos.com.ar\/wp-content\/uploads\/2026\/03\/felipeenviedma-540x340.jpg",540,340,true],"covernews-medium-square":["https:\/\/infoecos.com.ar\/wp-content\/uploads\/2026\/03\/felipeenviedma-400x250.jpg",400,250,true]},"author_info":{"info":["Jorge Matheus"]},"category_info":"<a href=\"https:\/\/infoecos.com.ar\/index.php\/category\/noticia-secundaria\/\" rel=\"category tag\">Noticia Secundaria<\/a>","tag_info":"Noticia Secundaria","comment_count":"0","_links":{"self":[{"href":"https:\/\/infoecos.com.ar\/index.php\/wp-json\/wp\/v2\/posts\/154717"}],"collection":[{"href":"https:\/\/infoecos.com.ar\/index.php\/wp-json\/wp\/v2\/posts"}],"about":[{"href":"https:\/\/infoecos.com.ar\/index.php\/wp-json\/wp\/v2\/types\/post"}],"author":[{"embeddable":true,"href":"https:\/\/infoecos.com.ar\/index.php\/wp-json\/wp\/v2\/users\/2"}],"replies":[{"embeddable":true,"href":"https:\/\/infoecos.com.ar\/index.php\/wp-json\/wp\/v2\/comments?post=154717"}],"version-history":[{"count":4,"href":"https:\/\/infoecos.com.ar\/index.php\/wp-json\/wp\/v2\/posts\/154717\/revisions"}],"predecessor-version":[{"id":154725,"href":"https:\/\/infoecos.com.ar\/index.php\/wp-json\/wp\/v2\/posts\/154717\/revisions\/154725"}],"wp:featuredmedia":[{"embeddable":true,"href":"https:\/\/infoecos.com.ar\/index.php\/wp-json\/wp\/v2\/media\/154679"}],"wp:attachment":[{"href":"https:\/\/infoecos.com.ar\/index.php\/wp-json\/wp\/v2\/media?parent=154717"}],"wp:term":[{"taxonomy":"category","embeddable":true,"href":"https:\/\/infoecos.com.ar\/index.php\/wp-json\/wp\/v2\/categories?post=154717"},{"taxonomy":"post_tag","embeddable":true,"href":"https:\/\/infoecos.com.ar\/index.php\/wp-json\/wp\/v2\/tags?post=154717"}],"curies":[{"name":"wp","href":"https:\/\/api.w.org\/{rel}","templated":true}]}}