{"id":154726,"date":"2026-03-08T16:34:02","date_gmt":"2026-03-08T19:34:02","guid":{"rendered":"https:\/\/infoecos.com.ar\/?p=154726"},"modified":"2026-03-09T04:04:24","modified_gmt":"2026-03-09T07:04:24","slug":"se-presume-que-por-la-mala-maniobra-de-un-conductor-otro-accidente-en-la-ruta-nacional-33","status":"publish","type":"post","link":"https:\/\/infoecos.com.ar\/index.php\/se-presume-que-por-la-mala-maniobra-de-un-conductor-otro-accidente-en-la-ruta-nacional-33\/","title":{"rendered":"Se presume que por la mala maniobra de un conductor, otro accidente en la Ruta Nacional 33"},"content":{"rendered":"\n<p>Accidente entre un cami\u00f3n y una camioneta ocurri\u00f3 poco despu\u00e9s de las 14 de este domingo en la Ruta Nacional n\u00ba33, a la salida de una curva a metros del acceso a la localidad de Piedritas, en direcci\u00f3n a Ca\u00f1ada Seca.<\/p>\n\n\n\n<p>El conductor de la camioneta, un hombre que trabaja en un establecimiento rural cercano al lugar del accidente y que como consecuencia del mismo fue trasladado hasta el hospital para su atenci\u00f3n, habr\u00eda intentado girar en \u00abu\u00bb sobre la ruta y fue impactado por el cami\u00f3n.<\/p>\n\n\n\n<p>Como consecuencia de la maniobra el acoplado volc\u00f3 sobre el asfalto, mientras que el chasis qued\u00f3 sobre la banquina, en sentido al pr\u00e9stamo vial.<\/p>\n\n\n\n<figure class=\"wp-block-image aligncenter size-full\"><img loading=\"lazy\" decoding=\"async\" width=\"573\" height=\"300\" src=\"https:\/\/infoecos.com.ar\/wp-content\/uploads\/2026\/03\/image-72.png\" alt=\"\" class=\"wp-image-154727\"\/><\/figure>\n\n\n\n<figure class=\"wp-block-image aligncenter size-full\"><img loading=\"lazy\" decoding=\"async\" width=\"590\" height=\"310\" src=\"https:\/\/infoecos.com.ar\/wp-content\/uploads\/2026\/03\/image-73.png\" alt=\"\" class=\"wp-image-154728\"\/><\/figure>\n","protected":false},"excerpt":{"rendered":"<p>Fuente y foto: distritointerior.com.ar. <\/p>\n","protected":false},"author":2,"featured_media":154727,"comment_status":"closed","ping_status":"open","sticky":false,"template":"","format":"standard","meta":{"footnotes":""},"categories":[1613],"tags":[1500],"class_list":["post-154726","post","type-post","status-publish","format-standard","has-post-thumbnail","hentry","category-noticia-secundaria","tag-regional"],"yoast_head":"<!-- This site is optimized with the Yoast SEO plugin v23.4 - https:\/\/yoast.com\/wordpress\/plugins\/seo\/ -->\n<title>Se presume que por la mala maniobra de un conductor, otro accidente en la Ruta Nacional 33 - Infoecos<\/title>\n<meta name=\"robots\" content=\"index, follow, max-snippet:-1, max-image-preview:large, max-video-preview:-1\" \/>\n<link rel=\"canonical\" href=\"https:\/\/infoecos.com.ar\/index.php\/se-presume-que-por-la-mala-maniobra-de-un-conductor-otro-accidente-en-la-ruta-nacional-33\/\" \/>\n<meta property=\"og:locale\" content=\"es_ES\" \/>\n<meta property=\"og:type\" content=\"article\" \/>\n<meta property=\"og:title\" content=\"Se presume que por la mala maniobra de un conductor, otro accidente en la Ruta Nacional 33 - Infoecos\" \/>\n<meta property=\"og:description\" content=\"Fuente y foto: distritointerior.com.ar.\" \/>\n<meta property=\"og:url\" content=\"https:\/\/infoecos.com.ar\/index.php\/se-presume-que-por-la-mala-maniobra-de-un-conductor-otro-accidente-en-la-ruta-nacional-33\/\" \/>\n<meta property=\"og:site_name\" content=\"Infoecos\" \/>\n<meta property=\"article:publisher\" content=\"https:\/\/www.facebook.com\/profile.php?id=100063200290284\" \/>\n<meta property=\"article:published_time\" content=\"2026-03-08T19:34:02+00:00\" \/>\n<meta property=\"article:modified_time\" content=\"2026-03-09T07:04:24+00:00\" \/>\n<meta property=\"og:image\" content=\"https:\/\/infoecos.com.ar\/wp-content\/uploads\/2026\/03\/image-72.png\" \/>\n\t<meta property=\"og:image:width\" content=\"573\" \/>\n\t<meta property=\"og:image:height\" content=\"300\" \/>\n\t<meta property=\"og:image:type\" content=\"image\/png\" \/>\n<meta name=\"author\" content=\"Jorge Matheus\" \/>\n<meta name=\"twitter:card\" content=\"summary_large_image\" \/>\n<meta name=\"twitter:creator\" content=\"@infoecos\" \/>\n<meta name=\"twitter:site\" content=\"@infoecos\" \/>\n<meta name=\"twitter:label1\" content=\"Escrito por\" \/>\n\t<meta name=\"twitter:data1\" content=\"Jorge Matheus\" \/>\n\t<meta name=\"twitter:label2\" content=\"Tiempo de lectura\" \/>\n\t<meta name=\"twitter:data2\" content=\"2 minutos\" \/>\n<script type=\"application\/ld+json\" class=\"yoast-schema-graph\">{\"@context\":\"https:\/\/schema.org\",\"@graph\":[{\"@type\":\"Article\",\"@id\":\"https:\/\/infoecos.com.ar\/index.php\/se-presume-que-por-la-mala-maniobra-de-un-conductor-otro-accidente-en-la-ruta-nacional-33\/#article\",\"isPartOf\":{\"@id\":\"https:\/\/infoecos.com.ar\/index.php\/se-presume-que-por-la-mala-maniobra-de-un-conductor-otro-accidente-en-la-ruta-nacional-33\/\"},\"author\":{\"name\":\"Jorge Matheus\",\"@id\":\"https:\/\/infoecos.com.ar\/#\/schema\/person\/8f5ace5ce73b4b4aac4b7245aee6f191\"},\"headline\":\"Se presume que por la mala maniobra de un conductor, otro accidente en la Ruta Nacional 33\",\"datePublished\":\"2026-03-08T19:34:02+00:00\",\"dateModified\":\"2026-03-09T07:04:24+00:00\",\"mainEntityOfPage\":{\"@id\":\"https:\/\/infoecos.com.ar\/index.php\/se-presume-que-por-la-mala-maniobra-de-un-conductor-otro-accidente-en-la-ruta-nacional-33\/\"},\"wordCount\":134,\"publisher\":{\"@id\":\"https:\/\/infoecos.com.ar\/#organization\"},\"image\":{\"@id\":\"https:\/\/infoecos.com.ar\/index.php\/se-presume-que-por-la-mala-maniobra-de-un-conductor-otro-accidente-en-la-ruta-nacional-33\/#primaryimage\"},\"thumbnailUrl\":\"https:\/\/infoecos.com.ar\/wp-content\/uploads\/2026\/03\/image-72.png\",\"keywords\":[\"REGIONAL\"],\"articleSection\":[\"Noticia Secundaria\"],\"inLanguage\":\"es\"},{\"@type\":\"WebPage\",\"@id\":\"https:\/\/infoecos.com.ar\/index.php\/se-presume-que-por-la-mala-maniobra-de-un-conductor-otro-accidente-en-la-ruta-nacional-33\/\",\"url\":\"https:\/\/infoecos.com.ar\/index.php\/se-presume-que-por-la-mala-maniobra-de-un-conductor-otro-accidente-en-la-ruta-nacional-33\/\",\"name\":\"Se presume que por la mala maniobra de un conductor, otro accidente en la Ruta Nacional 33 - Infoecos\",\"isPartOf\":{\"@id\":\"https:\/\/infoecos.com.ar\/#website\"},\"primaryImageOfPage\":{\"@id\":\"https:\/\/infoecos.com.ar\/index.php\/se-presume-que-por-la-mala-maniobra-de-un-conductor-otro-accidente-en-la-ruta-nacional-33\/#primaryimage\"},\"image\":{\"@id\":\"https:\/\/infoecos.com.ar\/index.php\/se-presume-que-por-la-mala-maniobra-de-un-conductor-otro-accidente-en-la-ruta-nacional-33\/#primaryimage\"},\"thumbnailUrl\":\"https:\/\/infoecos.com.ar\/wp-content\/uploads\/2026\/03\/image-72.png\",\"datePublished\":\"2026-03-08T19:34:02+00:00\",\"dateModified\":\"2026-03-09T07:04:24+00:00\",\"breadcrumb\":{\"@id\":\"https:\/\/infoecos.com.ar\/index.php\/se-presume-que-por-la-mala-maniobra-de-un-conductor-otro-accidente-en-la-ruta-nacional-33\/#breadcrumb\"},\"inLanguage\":\"es\",\"potentialAction\":[{\"@type\":\"ReadAction\",\"target\":[\"https:\/\/infoecos.com.ar\/index.php\/se-presume-que-por-la-mala-maniobra-de-un-conductor-otro-accidente-en-la-ruta-nacional-33\/\"]}]},{\"@type\":\"ImageObject\",\"inLanguage\":\"es\",\"@id\":\"https:\/\/infoecos.com.ar\/index.php\/se-presume-que-por-la-mala-maniobra-de-un-conductor-otro-accidente-en-la-ruta-nacional-33\/#primaryimage\",\"url\":\"https:\/\/infoecos.com.ar\/wp-content\/uploads\/2026\/03\/image-72.png\",\"contentUrl\":\"https:\/\/infoecos.com.ar\/wp-content\/uploads\/2026\/03\/image-72.png\",\"width\":573,\"height\":300},{\"@type\":\"BreadcrumbList\",\"@id\":\"https:\/\/infoecos.com.ar\/index.php\/se-presume-que-por-la-mala-maniobra-de-un-conductor-otro-accidente-en-la-ruta-nacional-33\/#breadcrumb\",\"itemListElement\":[{\"@type\":\"ListItem\",\"position\":1,\"name\":\"Portada\",\"item\":\"https:\/\/infoecos.com.ar\/\"},{\"@type\":\"ListItem\",\"position\":2,\"name\":\"Se presume que por la mala maniobra de un conductor, otro accidente en la Ruta Nacional 33\"}]},{\"@type\":\"WebSite\",\"@id\":\"https:\/\/infoecos.com.ar\/#website\",\"url\":\"https:\/\/infoecos.com.ar\/\",\"name\":\"Infoecos\",\"description\":\"Noticias de trenque lauquen y la zona\",\"publisher\":{\"@id\":\"https:\/\/infoecos.com.ar\/#organization\"},\"alternateName\":\"Noticias\",\"potentialAction\":[{\"@type\":\"SearchAction\",\"target\":{\"@type\":\"EntryPoint\",\"urlTemplate\":\"https:\/\/infoecos.com.ar\/?s={search_term_string}\"},\"query-input\":{\"@type\":\"PropertyValueSpecification\",\"valueRequired\":true,\"valueName\":\"search_term_string\"}}],\"inLanguage\":\"es\"},{\"@type\":\"Organization\",\"@id\":\"https:\/\/infoecos.com.ar\/#organization\",\"name\":\"Infoecos\",\"alternateName\":\"Noticias\",\"url\":\"https:\/\/infoecos.com.ar\/\",\"logo\":{\"@type\":\"ImageObject\",\"inLanguage\":\"es\",\"@id\":\"https:\/\/infoecos.com.ar\/#\/schema\/logo\/image\/\",\"url\":\"https:\/\/infoecos.com.ar\/wp-content\/uploads\/2024\/03\/cropped-logo.png\",\"contentUrl\":\"https:\/\/infoecos.com.ar\/wp-content\/uploads\/2024\/03\/cropped-logo.png\",\"width\":374,\"height\":90,\"caption\":\"Infoecos\"},\"image\":{\"@id\":\"https:\/\/infoecos.com.ar\/#\/schema\/logo\/image\/\"},\"sameAs\":[\"https:\/\/www.facebook.com\/profile.php?id=100063200290284\",\"https:\/\/x.com\/infoecos\"]},{\"@type\":\"Person\",\"@id\":\"https:\/\/infoecos.com.ar\/#\/schema\/person\/8f5ace5ce73b4b4aac4b7245aee6f191\",\"name\":\"Jorge Matheus\",\"url\":\"https:\/\/infoecos.com.ar\/index.php\/author\/jomatheus\/\"}]}<\/script>\n<!-- \/ Yoast SEO plugin. -->","yoast_head_json":{"title":"Se presume que por la mala maniobra de un conductor, otro accidente en la Ruta Nacional 33 - Infoecos","robots":{"index":"index","follow":"follow","max-snippet":"max-snippet:-1","max-image-preview":"max-image-preview:large","max-video-preview":"max-video-preview:-1"},"canonical":"https:\/\/infoecos.com.ar\/index.php\/se-presume-que-por-la-mala-maniobra-de-un-conductor-otro-accidente-en-la-ruta-nacional-33\/","og_locale":"es_ES","og_type":"article","og_title":"Se presume que por la mala maniobra de un conductor, otro accidente en la Ruta Nacional 33 - Infoecos","og_description":"Fuente y foto: distritointerior.com.ar.","og_url":"https:\/\/infoecos.com.ar\/index.php\/se-presume-que-por-la-mala-maniobra-de-un-conductor-otro-accidente-en-la-ruta-nacional-33\/","og_site_name":"Infoecos","article_publisher":"https:\/\/www.facebook.com\/profile.php?id=100063200290284","article_published_time":"2026-03-08T19:34:02+00:00","article_modified_time":"2026-03-09T07:04:24+00:00","og_image":[{"width":573,"height":300,"url":"https:\/\/infoecos.com.ar\/wp-content\/uploads\/2026\/03\/image-72.png","type":"image\/png"}],"author":"Jorge Matheus","twitter_card":"summary_large_image","twitter_creator":"@infoecos","twitter_site":"@infoecos","twitter_misc":{"Escrito por":"Jorge Matheus","Tiempo de lectura":"2 minutos"},"schema":{"@context":"https:\/\/schema.org","@graph":[{"@type":"Article","@id":"https:\/\/infoecos.com.ar\/index.php\/se-presume-que-por-la-mala-maniobra-de-un-conductor-otro-accidente-en-la-ruta-nacional-33\/#article","isPartOf":{"@id":"https:\/\/infoecos.com.ar\/index.php\/se-presume-que-por-la-mala-maniobra-de-un-conductor-otro-accidente-en-la-ruta-nacional-33\/"},"author":{"name":"Jorge Matheus","@id":"https:\/\/infoecos.com.ar\/#\/schema\/person\/8f5ace5ce73b4b4aac4b7245aee6f191"},"headline":"Se presume que por la mala maniobra de un conductor, otro accidente en la Ruta Nacional 33","datePublished":"2026-03-08T19:34:02+00:00","dateModified":"2026-03-09T07:04:24+00:00","mainEntityOfPage":{"@id":"https:\/\/infoecos.com.ar\/index.php\/se-presume-que-por-la-mala-maniobra-de-un-conductor-otro-accidente-en-la-ruta-nacional-33\/"},"wordCount":134,"publisher":{"@id":"https:\/\/infoecos.com.ar\/#organization"},"image":{"@id":"https:\/\/infoecos.com.ar\/index.php\/se-presume-que-por-la-mala-maniobra-de-un-conductor-otro-accidente-en-la-ruta-nacional-33\/#primaryimage"},"thumbnailUrl":"https:\/\/infoecos.com.ar\/wp-content\/uploads\/2026\/03\/image-72.png","keywords":["REGIONAL"],"articleSection":["Noticia Secundaria"],"inLanguage":"es"},{"@type":"WebPage","@id":"https:\/\/infoecos.com.ar\/index.php\/se-presume-que-por-la-mala-maniobra-de-un-conductor-otro-accidente-en-la-ruta-nacional-33\/","url":"https:\/\/infoecos.com.ar\/index.php\/se-presume-que-por-la-mala-maniobra-de-un-conductor-otro-accidente-en-la-ruta-nacional-33\/","name":"Se presume que por la mala maniobra de un conductor, otro accidente en la Ruta Nacional 33 - Infoecos","isPartOf":{"@id":"https:\/\/infoecos.com.ar\/#website"},"primaryImageOfPage":{"@id":"https:\/\/infoecos.com.ar\/index.php\/se-presume-que-por-la-mala-maniobra-de-un-conductor-otro-accidente-en-la-ruta-nacional-33\/#primaryimage"},"image":{"@id":"https:\/\/infoecos.com.ar\/index.php\/se-presume-que-por-la-mala-maniobra-de-un-conductor-otro-accidente-en-la-ruta-nacional-33\/#primaryimage"},"thumbnailUrl":"https:\/\/infoecos.com.ar\/wp-content\/uploads\/2026\/03\/image-72.png","datePublished":"2026-03-08T19:34:02+00:00","dateModified":"2026-03-09T07:04:24+00:00","breadcrumb":{"@id":"https:\/\/infoecos.com.ar\/index.php\/se-presume-que-por-la-mala-maniobra-de-un-conductor-otro-accidente-en-la-ruta-nacional-33\/#breadcrumb"},"inLanguage":"es","potentialAction":[{"@type":"ReadAction","target":["https:\/\/infoecos.com.ar\/index.php\/se-presume-que-por-la-mala-maniobra-de-un-conductor-otro-accidente-en-la-ruta-nacional-33\/"]}]},{"@type":"ImageObject","inLanguage":"es","@id":"https:\/\/infoecos.com.ar\/index.php\/se-presume-que-por-la-mala-maniobra-de-un-conductor-otro-accidente-en-la-ruta-nacional-33\/#primaryimage","url":"https:\/\/infoecos.com.ar\/wp-content\/uploads\/2026\/03\/image-72.png","contentUrl":"https:\/\/infoecos.com.ar\/wp-content\/uploads\/2026\/03\/image-72.png","width":573,"height":300},{"@type":"BreadcrumbList","@id":"https:\/\/infoecos.com.ar\/index.php\/se-presume-que-por-la-mala-maniobra-de-un-conductor-otro-accidente-en-la-ruta-nacional-33\/#breadcrumb","itemListElement":[{"@type":"ListItem","position":1,"name":"Portada","item":"https:\/\/infoecos.com.ar\/"},{"@type":"ListItem","position":2,"name":"Se presume que por la mala maniobra de un conductor, otro accidente en la Ruta Nacional 33"}]},{"@type":"WebSite","@id":"https:\/\/infoecos.com.ar\/#website","url":"https:\/\/infoecos.com.ar\/","name":"Infoecos","description":"Noticias de trenque lauquen y la zona","publisher":{"@id":"https:\/\/infoecos.com.ar\/#organization"},"alternateName":"Noticias","potentialAction":[{"@type":"SearchAction","target":{"@type":"EntryPoint","urlTemplate":"https:\/\/infoecos.com.ar\/?s={search_term_string}"},"query-input":{"@type":"PropertyValueSpecification","valueRequired":true,"valueName":"search_term_string"}}],"inLanguage":"es"},{"@type":"Organization","@id":"https:\/\/infoecos.com.ar\/#organization","name":"Infoecos","alternateName":"Noticias","url":"https:\/\/infoecos.com.ar\/","logo":{"@type":"ImageObject","inLanguage":"es","@id":"https:\/\/infoecos.com.ar\/#\/schema\/logo\/image\/","url":"https:\/\/infoecos.com.ar\/wp-content\/uploads\/2024\/03\/cropped-logo.png","contentUrl":"https:\/\/infoecos.com.ar\/wp-content\/uploads\/2024\/03\/cropped-logo.png","width":374,"height":90,"caption":"Infoecos"},"image":{"@id":"https:\/\/infoecos.com.ar\/#\/schema\/logo\/image\/"},"sameAs":["https:\/\/www.facebook.com\/profile.php?id=100063200290284","https:\/\/x.com\/infoecos"]},{"@type":"Person","@id":"https:\/\/infoecos.com.ar\/#\/schema\/person\/8f5ace5ce73b4b4aac4b7245aee6f191","name":"Jorge Matheus","url":"https:\/\/infoecos.com.ar\/index.php\/author\/jomatheus\/"}]}},"featured_image_urls":{"full":["https:\/\/infoecos.com.ar\/wp-content\/uploads\/2026\/03\/image-72.png",573,300,false],"thumbnail":["https:\/\/infoecos.com.ar\/wp-content\/uploads\/2026\/03\/image-72-300x150.png",300,150,true],"medium":["https:\/\/infoecos.com.ar\/wp-content\/uploads\/2026\/03\/image-72.png",573,300,false],"medium_large":["https:\/\/infoecos.com.ar\/wp-content\/uploads\/2026\/03\/image-72.png",573,300,false],"large":["https:\/\/infoecos.com.ar\/wp-content\/uploads\/2026\/03\/image-72.png",573,300,false],"1536x1536":["https:\/\/infoecos.com.ar\/wp-content\/uploads\/2026\/03\/image-72.png",573,300,false],"2048x2048":["https:\/\/infoecos.com.ar\/wp-content\/uploads\/2026\/03\/image-72.png",573,300,false],"covernews-slider-full":["https:\/\/infoecos.com.ar\/wp-content\/uploads\/2026\/03\/image-72.png",573,300,false],"covernews-slider-center":["https:\/\/infoecos.com.ar\/wp-content\/uploads\/2026\/03\/image-72.png",573,300,false],"covernews-featured":["https:\/\/infoecos.com.ar\/wp-content\/uploads\/2026\/03\/image-72.png",573,300,false],"covernews-medium":["https:\/\/infoecos.com.ar\/wp-content\/uploads\/2026\/03\/image-72-540x300.png",540,300,true],"covernews-medium-square":["https:\/\/infoecos.com.ar\/wp-content\/uploads\/2026\/03\/image-72-400x250.png",400,250,true]},"author_info":{"info":["Jorge Matheus"]},"category_info":"<a href=\"https:\/\/infoecos.com.ar\/index.php\/category\/noticia-secundaria\/\" rel=\"category tag\">Noticia Secundaria<\/a>","tag_info":"Noticia Secundaria","comment_count":"0","_links":{"self":[{"href":"https:\/\/infoecos.com.ar\/index.php\/wp-json\/wp\/v2\/posts\/154726"}],"collection":[{"href":"https:\/\/infoecos.com.ar\/index.php\/wp-json\/wp\/v2\/posts"}],"about":[{"href":"https:\/\/infoecos.com.ar\/index.php\/wp-json\/wp\/v2\/types\/post"}],"author":[{"embeddable":true,"href":"https:\/\/infoecos.com.ar\/index.php\/wp-json\/wp\/v2\/users\/2"}],"replies":[{"embeddable":true,"href":"https:\/\/infoecos.com.ar\/index.php\/wp-json\/wp\/v2\/comments?post=154726"}],"version-history":[{"count":1,"href":"https:\/\/infoecos.com.ar\/index.php\/wp-json\/wp\/v2\/posts\/154726\/revisions"}],"predecessor-version":[{"id":154729,"href":"https:\/\/infoecos.com.ar\/index.php\/wp-json\/wp\/v2\/posts\/154726\/revisions\/154729"}],"wp:featuredmedia":[{"embeddable":true,"href":"https:\/\/infoecos.com.ar\/index.php\/wp-json\/wp\/v2\/media\/154727"}],"wp:attachment":[{"href":"https:\/\/infoecos.com.ar\/index.php\/wp-json\/wp\/v2\/media?parent=154726"}],"wp:term":[{"taxonomy":"category","embeddable":true,"href":"https:\/\/infoecos.com.ar\/index.php\/wp-json\/wp\/v2\/categories?post=154726"},{"taxonomy":"post_tag","embeddable":true,"href":"https:\/\/infoecos.com.ar\/index.php\/wp-json\/wp\/v2\/tags?post=154726"}],"curies":[{"name":"wp","href":"https:\/\/api.w.org\/{rel}","templated":true}]}}