{"id":154730,"date":"2026-03-08T16:57:51","date_gmt":"2026-03-08T19:57:51","guid":{"rendered":"https:\/\/infoecos.com.ar\/?p=154730"},"modified":"2026-03-12T02:29:11","modified_gmt":"2026-03-12T05:29:11","slug":"la-retraccion-de-las-pyme-segun-la-came-en-lo-que-va-del-ano-es-del-52","status":"publish","type":"post","link":"https:\/\/infoecos.com.ar\/index.php\/la-retraccion-de-las-pyme-segun-la-came-en-lo-que-va-del-ano-es-del-52\/","title":{"rendered":"La retracci\u00f3n de las Pyme en lo que va del a\u00f1o, seg\u00fan la CAME, es del 5,2%"},"content":{"rendered":"\n<p>En febrero, el sector minorista pyme registr\u00f3 un descenso del 5,6% interanual a valores constantes. La variaci\u00f3n mensual evidenci\u00f3 un incremento del 2,6%. Con estas cifras, el indicador acumula una retracci\u00f3n del 5,2% en lo que va del a\u00f1o.<br><br>Sobre el estado de los comercios, el 52,6% de los propietarios report\u00f3 estabilidad interanual, cifra inferior en seis puntos al registro de enero. Dicho margen se traslad\u00f3 a quienes se\u00f1alaron un deterioro (38,8%) en comparaci\u00f3n con el mismo per\u00edodo del ciclo anterior.<\/p>\n\n\n\n<figure class=\"wp-block-image aligncenter\"><img decoding=\"async\" src=\"https:\/\/ci3.googleusercontent.com\/meips\/ADKq_NbNXH-tsSVgfGjwnITQp0B0Pc6JaT4bBgcFuZAq2RUXqh3LHtE5qwAgewq2tpQZSTm3VXrwZeMFHNiZOBr0L8-NYXyCsTs0vUg2TeFNzaEg9Z3iPzOX-lqBoPqBHsqSr0bM3wzq3ix8JTDhNi_AbfV5MzID92_gRerjf3l8oeecu1p6v795rS6w0Cfw0jLJo-oFjX2KWFY7=s0-d-e1-ft#https:\/\/mailprensa.came.org.ar\/data\/1899c60d3e88c767f20949a98d5003460b14bf85\/media_files\/1483\/original\/image-20260307204131-1.png\" alt=\"\"\/><\/figure>\n\n\n\n<p><br>Las proyecciones de ac\u00e1 a un a\u00f1o indican que habr\u00e1 paridad con la situaci\u00f3n actual para el 46,6% de los encuestados, mientras el 42,9% aguarda una mejora y el 10,5% proyecta un retroceso. Respecto a la inversi\u00f3n, el 57,6% considera el marco como no apto para desembolsos, frente a un 15,5% que lo ve de forma oportuna y un 26,9% sin definici\u00f3n.<\/p>\n\n\n\n<figure class=\"wp-block-image aligncenter\"><img decoding=\"async\" src=\"https:\/\/ci3.googleusercontent.com\/meips\/ADKq_NZxQxiARrHYepf-aeaLAy890r1Z-j2_ASn8qF0pFGUpnp2p1ss0nxkTNkequzokKFKVRJz4tx6ACdu0gGHmflIoWhYj2h5DTZDKESceh2wLwtfBJA24gA8mMLO6f4hrAQT0ipOl9zkBhgB3JJLMHRx1JSzuLUymw5df_1WD1Y990sVhC7mQXMXU6X9zttZ3lh-G6T-vH2Xb=s0-d-e1-ft#https:\/\/mailprensa.came.org.ar\/data\/1899c60d3e88c767f20949a98d5003460b14bf85\/media_files\/1485\/original\/image-20260307204131-2.png\" alt=\"\"\/><\/figure>\n\n\n\n<p>&nbsp;&nbsp;&nbsp;&nbsp;&nbsp;&nbsp;&nbsp;&nbsp;&nbsp;&nbsp;&nbsp;&nbsp;&nbsp;&nbsp;&nbsp;<br>El relevamiento por rubros ratific\u00f3 el proceso de contracci\u00f3n: seis de los siete sectores monitoreados cerraron con resultados negativos. Las bajas se encontraron en&nbsp;<strong>Bazar y decoraci\u00f3n<\/strong>&nbsp;(-14,4%),&nbsp;<strong>Perfumer\u00eda<\/strong>&nbsp;(-10,7%) y&nbsp;<strong>Alimentos y bebidas<\/strong>&nbsp;(-8,7%).&nbsp;<strong>Farmacia<\/strong>&nbsp;constituy\u00f3 la excepci\u00f3n, con un incremento del 0,3% interanual.<\/p>\n\n\n\n<figure class=\"wp-block-image aligncenter\"><img decoding=\"async\" src=\"https:\/\/ci3.googleusercontent.com\/meips\/ADKq_NaUSMFlNR8Fa1VBhKu5PrFR20b3DLAXjm5i0nXbOV1wrMX9_o3NF7z2ZN7Br97TMxa8BkUo2QeBH5cowFbsqEx-QO2gZoBj8ENY_OI9ITHM9iF1tkX1jH1FZ8ZZaMk8HQe4d4rLwyoI9RaB5OpOZFs2AMcOmqMsZxpo6CBmhVBLKajWSPssViIv9soiPArG8gREpJBxzAz5=s0-d-e1-ft#https:\/\/mailprensa.came.org.ar\/data\/1899c60d3e88c767f20949a98d5003460b14bf85\/media_files\/1484\/original\/image-20260307204131-3.png\" alt=\"\"\/><\/figure>\n\n\n\n<p><br>En s\u00edntesis, febrero registr\u00f3 una mejora mensual del 2,6%, influenciada por el inicio del ciclo lectivo, sin lograr revertir la ca\u00edda acumulada del 5,2%. El consumo se concentr\u00f3 en bienes de subsistencia y art\u00edculos escolares por la reasignaci\u00f3n del gasto de los hogares. La demanda oper\u00f3 con selectividad, priorizando ofertas y financiamiento para sostener las operaciones. Los costos operativos y la presi\u00f3n tributaria condicionaron la rentabilidad de los locales. El escenario confirm\u00f3 una contracci\u00f3n t\u00e9cnica pese al repunte estacional de fin de mes.<br><br>Hacia el futuro existe una expectativa de mejora econ\u00f3mica para 2026 en el 42,9% de los casos. La inversi\u00f3n contin\u00faa sin variaciones por los costos de reposici\u00f3n y la rentabilidad de los comercios. El 57,6% de los comerciantes descart\u00f3 desembolsos de capital ante las condiciones del mercado interno. El desaf\u00edo reside en estabilizar los m\u00e1rgenes frente al incremento de los gastos fijos. La reactivaci\u00f3n depender\u00e1 de la recomposici\u00f3n de los salarios y de la previsibilidad en los costos.<br><br><\/p>\n","protected":false},"excerpt":{"rendered":"<p>El relevamiento por rubros ratific\u00f3 el proceso de contracci\u00f3n: seis de los siete sectores monitoreados cerraron con resultados negativos. Las bajas se encontraron en\u00a0Bazar y decoraci\u00f3n\u00a0(-14,4%),\u00a0Perfumer\u00eda\u00a0(-10,7%) y\u00a0Alimentos y bebidas\u00a0(-8,7%).\u00a0Farmacia\u00a0constituy\u00f3 la excepci\u00f3n, con un incremento del 0,3% interanual.<\/p>\n","protected":false},"author":2,"featured_media":122605,"comment_status":"closed","ping_status":"open","sticky":false,"template":"","format":"standard","meta":{"footnotes":""},"categories":[1],"tags":[10298],"class_list":["post-154730","post","type-post","status-publish","format-standard","has-post-thumbnail","hentry","category-sin-categoria","tag-bloque-inferior"],"yoast_head":"<!-- This site is optimized with the Yoast SEO plugin v23.4 - https:\/\/yoast.com\/wordpress\/plugins\/seo\/ -->\n<title>La retracci\u00f3n de las Pyme en lo que va del a\u00f1o, seg\u00fan la CAME, es del 5,2% - Infoecos<\/title>\n<meta name=\"robots\" content=\"index, follow, max-snippet:-1, max-image-preview:large, max-video-preview:-1\" \/>\n<link rel=\"canonical\" href=\"https:\/\/infoecos.com.ar\/index.php\/la-retraccion-de-las-pyme-segun-la-came-en-lo-que-va-del-ano-es-del-52\/\" \/>\n<meta property=\"og:locale\" content=\"es_ES\" \/>\n<meta property=\"og:type\" content=\"article\" \/>\n<meta property=\"og:title\" content=\"La retracci\u00f3n de las Pyme en lo que va del a\u00f1o, seg\u00fan la CAME, es del 5,2% - Infoecos\" \/>\n<meta property=\"og:description\" content=\"El relevamiento por rubros ratific\u00f3 el proceso de contracci\u00f3n: seis de los siete sectores monitoreados cerraron con resultados negativos. Las bajas se encontraron en\u00a0Bazar y decoraci\u00f3n\u00a0(-14,4%),\u00a0Perfumer\u00eda\u00a0(-10,7%) y\u00a0Alimentos y bebidas\u00a0(-8,7%).\u00a0Farmacia\u00a0constituy\u00f3 la excepci\u00f3n, con un incremento del 0,3% interanual.\" \/>\n<meta property=\"og:url\" content=\"https:\/\/infoecos.com.ar\/index.php\/la-retraccion-de-las-pyme-segun-la-came-en-lo-que-va-del-ano-es-del-52\/\" \/>\n<meta property=\"og:site_name\" content=\"Infoecos\" \/>\n<meta property=\"article:publisher\" content=\"https:\/\/www.facebook.com\/profile.php?id=100063200290284\" \/>\n<meta property=\"article:published_time\" content=\"2026-03-08T19:57:51+00:00\" \/>\n<meta property=\"article:modified_time\" content=\"2026-03-12T05:29:11+00:00\" \/>\n<meta property=\"og:image\" content=\"https:\/\/infoecos.com.ar\/wp-content\/uploads\/2024\/04\/image-134.png\" \/>\n\t<meta property=\"og:image:width\" content=\"780\" \/>\n\t<meta property=\"og:image:height\" content=\"440\" \/>\n\t<meta property=\"og:image:type\" content=\"image\/png\" \/>\n<meta name=\"author\" content=\"Jorge Matheus\" \/>\n<meta name=\"twitter:card\" content=\"summary_large_image\" \/>\n<meta name=\"twitter:creator\" content=\"@infoecos\" \/>\n<meta name=\"twitter:site\" content=\"@infoecos\" \/>\n<meta name=\"twitter:label1\" content=\"Escrito por\" \/>\n\t<meta name=\"twitter:data1\" content=\"Jorge Matheus\" \/>\n\t<meta name=\"twitter:label2\" content=\"Tiempo de lectura\" \/>\n\t<meta name=\"twitter:data2\" content=\"3 minutos\" \/>\n<script type=\"application\/ld+json\" class=\"yoast-schema-graph\">{\"@context\":\"https:\/\/schema.org\",\"@graph\":[{\"@type\":\"Article\",\"@id\":\"https:\/\/infoecos.com.ar\/index.php\/la-retraccion-de-las-pyme-segun-la-came-en-lo-que-va-del-ano-es-del-52\/#article\",\"isPartOf\":{\"@id\":\"https:\/\/infoecos.com.ar\/index.php\/la-retraccion-de-las-pyme-segun-la-came-en-lo-que-va-del-ano-es-del-52\/\"},\"author\":{\"name\":\"Jorge Matheus\",\"@id\":\"https:\/\/infoecos.com.ar\/#\/schema\/person\/8f5ace5ce73b4b4aac4b7245aee6f191\"},\"headline\":\"La retracci\u00f3n de las Pyme en lo que va del a\u00f1o, seg\u00fan la CAME, es del 5,2%\",\"datePublished\":\"2026-03-08T19:57:51+00:00\",\"dateModified\":\"2026-03-12T05:29:11+00:00\",\"mainEntityOfPage\":{\"@id\":\"https:\/\/infoecos.com.ar\/index.php\/la-retraccion-de-las-pyme-segun-la-came-en-lo-que-va-del-ano-es-del-52\/\"},\"wordCount\":403,\"publisher\":{\"@id\":\"https:\/\/infoecos.com.ar\/#organization\"},\"image\":{\"@id\":\"https:\/\/infoecos.com.ar\/index.php\/la-retraccion-de-las-pyme-segun-la-came-en-lo-que-va-del-ano-es-del-52\/#primaryimage\"},\"thumbnailUrl\":\"https:\/\/infoecos.com.ar\/wp-content\/uploads\/2024\/04\/image-134.png\",\"keywords\":[\"Bloque inferior\"],\"inLanguage\":\"es\"},{\"@type\":\"WebPage\",\"@id\":\"https:\/\/infoecos.com.ar\/index.php\/la-retraccion-de-las-pyme-segun-la-came-en-lo-que-va-del-ano-es-del-52\/\",\"url\":\"https:\/\/infoecos.com.ar\/index.php\/la-retraccion-de-las-pyme-segun-la-came-en-lo-que-va-del-ano-es-del-52\/\",\"name\":\"La retracci\u00f3n de las Pyme en lo que va del a\u00f1o, seg\u00fan la CAME, es del 5,2% - Infoecos\",\"isPartOf\":{\"@id\":\"https:\/\/infoecos.com.ar\/#website\"},\"primaryImageOfPage\":{\"@id\":\"https:\/\/infoecos.com.ar\/index.php\/la-retraccion-de-las-pyme-segun-la-came-en-lo-que-va-del-ano-es-del-52\/#primaryimage\"},\"image\":{\"@id\":\"https:\/\/infoecos.com.ar\/index.php\/la-retraccion-de-las-pyme-segun-la-came-en-lo-que-va-del-ano-es-del-52\/#primaryimage\"},\"thumbnailUrl\":\"https:\/\/infoecos.com.ar\/wp-content\/uploads\/2024\/04\/image-134.png\",\"datePublished\":\"2026-03-08T19:57:51+00:00\",\"dateModified\":\"2026-03-12T05:29:11+00:00\",\"breadcrumb\":{\"@id\":\"https:\/\/infoecos.com.ar\/index.php\/la-retraccion-de-las-pyme-segun-la-came-en-lo-que-va-del-ano-es-del-52\/#breadcrumb\"},\"inLanguage\":\"es\",\"potentialAction\":[{\"@type\":\"ReadAction\",\"target\":[\"https:\/\/infoecos.com.ar\/index.php\/la-retraccion-de-las-pyme-segun-la-came-en-lo-que-va-del-ano-es-del-52\/\"]}]},{\"@type\":\"ImageObject\",\"inLanguage\":\"es\",\"@id\":\"https:\/\/infoecos.com.ar\/index.php\/la-retraccion-de-las-pyme-segun-la-came-en-lo-que-va-del-ano-es-del-52\/#primaryimage\",\"url\":\"https:\/\/infoecos.com.ar\/wp-content\/uploads\/2024\/04\/image-134.png\",\"contentUrl\":\"https:\/\/infoecos.com.ar\/wp-content\/uploads\/2024\/04\/image-134.png\",\"width\":780,\"height\":440},{\"@type\":\"BreadcrumbList\",\"@id\":\"https:\/\/infoecos.com.ar\/index.php\/la-retraccion-de-las-pyme-segun-la-came-en-lo-que-va-del-ano-es-del-52\/#breadcrumb\",\"itemListElement\":[{\"@type\":\"ListItem\",\"position\":1,\"name\":\"Portada\",\"item\":\"https:\/\/infoecos.com.ar\/\"},{\"@type\":\"ListItem\",\"position\":2,\"name\":\"La retracci\u00f3n de las Pyme en lo que va del a\u00f1o, seg\u00fan la CAME, es del 5,2%\"}]},{\"@type\":\"WebSite\",\"@id\":\"https:\/\/infoecos.com.ar\/#website\",\"url\":\"https:\/\/infoecos.com.ar\/\",\"name\":\"Infoecos\",\"description\":\"Noticias de trenque lauquen y la zona\",\"publisher\":{\"@id\":\"https:\/\/infoecos.com.ar\/#organization\"},\"alternateName\":\"Noticias\",\"potentialAction\":[{\"@type\":\"SearchAction\",\"target\":{\"@type\":\"EntryPoint\",\"urlTemplate\":\"https:\/\/infoecos.com.ar\/?s={search_term_string}\"},\"query-input\":{\"@type\":\"PropertyValueSpecification\",\"valueRequired\":true,\"valueName\":\"search_term_string\"}}],\"inLanguage\":\"es\"},{\"@type\":\"Organization\",\"@id\":\"https:\/\/infoecos.com.ar\/#organization\",\"name\":\"Infoecos\",\"alternateName\":\"Noticias\",\"url\":\"https:\/\/infoecos.com.ar\/\",\"logo\":{\"@type\":\"ImageObject\",\"inLanguage\":\"es\",\"@id\":\"https:\/\/infoecos.com.ar\/#\/schema\/logo\/image\/\",\"url\":\"https:\/\/infoecos.com.ar\/wp-content\/uploads\/2024\/03\/cropped-logo.png\",\"contentUrl\":\"https:\/\/infoecos.com.ar\/wp-content\/uploads\/2024\/03\/cropped-logo.png\",\"width\":374,\"height\":90,\"caption\":\"Infoecos\"},\"image\":{\"@id\":\"https:\/\/infoecos.com.ar\/#\/schema\/logo\/image\/\"},\"sameAs\":[\"https:\/\/www.facebook.com\/profile.php?id=100063200290284\",\"https:\/\/x.com\/infoecos\"]},{\"@type\":\"Person\",\"@id\":\"https:\/\/infoecos.com.ar\/#\/schema\/person\/8f5ace5ce73b4b4aac4b7245aee6f191\",\"name\":\"Jorge Matheus\",\"url\":\"https:\/\/infoecos.com.ar\/index.php\/author\/jomatheus\/\"}]}<\/script>\n<!-- \/ Yoast SEO plugin. -->","yoast_head_json":{"title":"La retracci\u00f3n de las Pyme en lo que va del a\u00f1o, seg\u00fan la CAME, es del 5,2% - Infoecos","robots":{"index":"index","follow":"follow","max-snippet":"max-snippet:-1","max-image-preview":"max-image-preview:large","max-video-preview":"max-video-preview:-1"},"canonical":"https:\/\/infoecos.com.ar\/index.php\/la-retraccion-de-las-pyme-segun-la-came-en-lo-que-va-del-ano-es-del-52\/","og_locale":"es_ES","og_type":"article","og_title":"La retracci\u00f3n de las Pyme en lo que va del a\u00f1o, seg\u00fan la CAME, es del 5,2% - Infoecos","og_description":"El relevamiento por rubros ratific\u00f3 el proceso de contracci\u00f3n: seis de los siete sectores monitoreados cerraron con resultados negativos. Las bajas se encontraron en\u00a0Bazar y decoraci\u00f3n\u00a0(-14,4%),\u00a0Perfumer\u00eda\u00a0(-10,7%) y\u00a0Alimentos y bebidas\u00a0(-8,7%).\u00a0Farmacia\u00a0constituy\u00f3 la excepci\u00f3n, con un incremento del 0,3% interanual.","og_url":"https:\/\/infoecos.com.ar\/index.php\/la-retraccion-de-las-pyme-segun-la-came-en-lo-que-va-del-ano-es-del-52\/","og_site_name":"Infoecos","article_publisher":"https:\/\/www.facebook.com\/profile.php?id=100063200290284","article_published_time":"2026-03-08T19:57:51+00:00","article_modified_time":"2026-03-12T05:29:11+00:00","og_image":[{"width":780,"height":440,"url":"https:\/\/infoecos.com.ar\/wp-content\/uploads\/2024\/04\/image-134.png","type":"image\/png"}],"author":"Jorge Matheus","twitter_card":"summary_large_image","twitter_creator":"@infoecos","twitter_site":"@infoecos","twitter_misc":{"Escrito por":"Jorge Matheus","Tiempo de lectura":"3 minutos"},"schema":{"@context":"https:\/\/schema.org","@graph":[{"@type":"Article","@id":"https:\/\/infoecos.com.ar\/index.php\/la-retraccion-de-las-pyme-segun-la-came-en-lo-que-va-del-ano-es-del-52\/#article","isPartOf":{"@id":"https:\/\/infoecos.com.ar\/index.php\/la-retraccion-de-las-pyme-segun-la-came-en-lo-que-va-del-ano-es-del-52\/"},"author":{"name":"Jorge Matheus","@id":"https:\/\/infoecos.com.ar\/#\/schema\/person\/8f5ace5ce73b4b4aac4b7245aee6f191"},"headline":"La retracci\u00f3n de las Pyme en lo que va del a\u00f1o, seg\u00fan la CAME, es del 5,2%","datePublished":"2026-03-08T19:57:51+00:00","dateModified":"2026-03-12T05:29:11+00:00","mainEntityOfPage":{"@id":"https:\/\/infoecos.com.ar\/index.php\/la-retraccion-de-las-pyme-segun-la-came-en-lo-que-va-del-ano-es-del-52\/"},"wordCount":403,"publisher":{"@id":"https:\/\/infoecos.com.ar\/#organization"},"image":{"@id":"https:\/\/infoecos.com.ar\/index.php\/la-retraccion-de-las-pyme-segun-la-came-en-lo-que-va-del-ano-es-del-52\/#primaryimage"},"thumbnailUrl":"https:\/\/infoecos.com.ar\/wp-content\/uploads\/2024\/04\/image-134.png","keywords":["Bloque inferior"],"inLanguage":"es"},{"@type":"WebPage","@id":"https:\/\/infoecos.com.ar\/index.php\/la-retraccion-de-las-pyme-segun-la-came-en-lo-que-va-del-ano-es-del-52\/","url":"https:\/\/infoecos.com.ar\/index.php\/la-retraccion-de-las-pyme-segun-la-came-en-lo-que-va-del-ano-es-del-52\/","name":"La retracci\u00f3n de las Pyme en lo que va del a\u00f1o, seg\u00fan la CAME, es del 5,2% - Infoecos","isPartOf":{"@id":"https:\/\/infoecos.com.ar\/#website"},"primaryImageOfPage":{"@id":"https:\/\/infoecos.com.ar\/index.php\/la-retraccion-de-las-pyme-segun-la-came-en-lo-que-va-del-ano-es-del-52\/#primaryimage"},"image":{"@id":"https:\/\/infoecos.com.ar\/index.php\/la-retraccion-de-las-pyme-segun-la-came-en-lo-que-va-del-ano-es-del-52\/#primaryimage"},"thumbnailUrl":"https:\/\/infoecos.com.ar\/wp-content\/uploads\/2024\/04\/image-134.png","datePublished":"2026-03-08T19:57:51+00:00","dateModified":"2026-03-12T05:29:11+00:00","breadcrumb":{"@id":"https:\/\/infoecos.com.ar\/index.php\/la-retraccion-de-las-pyme-segun-la-came-en-lo-que-va-del-ano-es-del-52\/#breadcrumb"},"inLanguage":"es","potentialAction":[{"@type":"ReadAction","target":["https:\/\/infoecos.com.ar\/index.php\/la-retraccion-de-las-pyme-segun-la-came-en-lo-que-va-del-ano-es-del-52\/"]}]},{"@type":"ImageObject","inLanguage":"es","@id":"https:\/\/infoecos.com.ar\/index.php\/la-retraccion-de-las-pyme-segun-la-came-en-lo-que-va-del-ano-es-del-52\/#primaryimage","url":"https:\/\/infoecos.com.ar\/wp-content\/uploads\/2024\/04\/image-134.png","contentUrl":"https:\/\/infoecos.com.ar\/wp-content\/uploads\/2024\/04\/image-134.png","width":780,"height":440},{"@type":"BreadcrumbList","@id":"https:\/\/infoecos.com.ar\/index.php\/la-retraccion-de-las-pyme-segun-la-came-en-lo-que-va-del-ano-es-del-52\/#breadcrumb","itemListElement":[{"@type":"ListItem","position":1,"name":"Portada","item":"https:\/\/infoecos.com.ar\/"},{"@type":"ListItem","position":2,"name":"La retracci\u00f3n de las Pyme en lo que va del a\u00f1o, seg\u00fan la CAME, es del 5,2%"}]},{"@type":"WebSite","@id":"https:\/\/infoecos.com.ar\/#website","url":"https:\/\/infoecos.com.ar\/","name":"Infoecos","description":"Noticias de trenque lauquen y la zona","publisher":{"@id":"https:\/\/infoecos.com.ar\/#organization"},"alternateName":"Noticias","potentialAction":[{"@type":"SearchAction","target":{"@type":"EntryPoint","urlTemplate":"https:\/\/infoecos.com.ar\/?s={search_term_string}"},"query-input":{"@type":"PropertyValueSpecification","valueRequired":true,"valueName":"search_term_string"}}],"inLanguage":"es"},{"@type":"Organization","@id":"https:\/\/infoecos.com.ar\/#organization","name":"Infoecos","alternateName":"Noticias","url":"https:\/\/infoecos.com.ar\/","logo":{"@type":"ImageObject","inLanguage":"es","@id":"https:\/\/infoecos.com.ar\/#\/schema\/logo\/image\/","url":"https:\/\/infoecos.com.ar\/wp-content\/uploads\/2024\/03\/cropped-logo.png","contentUrl":"https:\/\/infoecos.com.ar\/wp-content\/uploads\/2024\/03\/cropped-logo.png","width":374,"height":90,"caption":"Infoecos"},"image":{"@id":"https:\/\/infoecos.com.ar\/#\/schema\/logo\/image\/"},"sameAs":["https:\/\/www.facebook.com\/profile.php?id=100063200290284","https:\/\/x.com\/infoecos"]},{"@type":"Person","@id":"https:\/\/infoecos.com.ar\/#\/schema\/person\/8f5ace5ce73b4b4aac4b7245aee6f191","name":"Jorge Matheus","url":"https:\/\/infoecos.com.ar\/index.php\/author\/jomatheus\/"}]}},"featured_image_urls":{"full":["https:\/\/infoecos.com.ar\/wp-content\/uploads\/2024\/04\/image-134.png",780,440,false],"thumbnail":["https:\/\/infoecos.com.ar\/wp-content\/uploads\/2024\/04\/image-134-300x150.png",300,150,true],"medium":["https:\/\/infoecos.com.ar\/wp-content\/uploads\/2024\/04\/image-134.png",780,440,false],"medium_large":["https:\/\/infoecos.com.ar\/wp-content\/uploads\/2024\/04\/image-134-768x433.png",640,361,true],"large":["https:\/\/infoecos.com.ar\/wp-content\/uploads\/2024\/04\/image-134.png",640,361,false],"1536x1536":["https:\/\/infoecos.com.ar\/wp-content\/uploads\/2024\/04\/image-134.png",780,440,false],"2048x2048":["https:\/\/infoecos.com.ar\/wp-content\/uploads\/2024\/04\/image-134.png",780,440,false],"covernews-slider-full":["https:\/\/infoecos.com.ar\/wp-content\/uploads\/2024\/04\/image-134.png",780,440,false],"covernews-slider-center":["https:\/\/infoecos.com.ar\/wp-content\/uploads\/2024\/04\/image-134.png",780,440,false],"covernews-featured":["https:\/\/infoecos.com.ar\/wp-content\/uploads\/2024\/04\/image-134.png",780,440,false],"covernews-medium":["https:\/\/infoecos.com.ar\/wp-content\/uploads\/2024\/04\/image-134-540x340.png",540,340,true],"covernews-medium-square":["https:\/\/infoecos.com.ar\/wp-content\/uploads\/2024\/04\/image-134-400x250.png",400,250,true]},"author_info":{"info":["Jorge Matheus"]},"category_info":"<a href=\"https:\/\/infoecos.com.ar\/index.php\/category\/sin-categoria\/\" rel=\"category tag\">Sin categor\u00eda<\/a>","tag_info":"Sin categor\u00eda","comment_count":"0","_links":{"self":[{"href":"https:\/\/infoecos.com.ar\/index.php\/wp-json\/wp\/v2\/posts\/154730"}],"collection":[{"href":"https:\/\/infoecos.com.ar\/index.php\/wp-json\/wp\/v2\/posts"}],"about":[{"href":"https:\/\/infoecos.com.ar\/index.php\/wp-json\/wp\/v2\/types\/post"}],"author":[{"embeddable":true,"href":"https:\/\/infoecos.com.ar\/index.php\/wp-json\/wp\/v2\/users\/2"}],"replies":[{"embeddable":true,"href":"https:\/\/infoecos.com.ar\/index.php\/wp-json\/wp\/v2\/comments?post=154730"}],"version-history":[{"count":2,"href":"https:\/\/infoecos.com.ar\/index.php\/wp-json\/wp\/v2\/posts\/154730\/revisions"}],"predecessor-version":[{"id":154732,"href":"https:\/\/infoecos.com.ar\/index.php\/wp-json\/wp\/v2\/posts\/154730\/revisions\/154732"}],"wp:featuredmedia":[{"embeddable":true,"href":"https:\/\/infoecos.com.ar\/index.php\/wp-json\/wp\/v2\/media\/122605"}],"wp:attachment":[{"href":"https:\/\/infoecos.com.ar\/index.php\/wp-json\/wp\/v2\/media?parent=154730"}],"wp:term":[{"taxonomy":"category","embeddable":true,"href":"https:\/\/infoecos.com.ar\/index.php\/wp-json\/wp\/v2\/categories?post=154730"},{"taxonomy":"post_tag","embeddable":true,"href":"https:\/\/infoecos.com.ar\/index.php\/wp-json\/wp\/v2\/tags?post=154730"}],"curies":[{"name":"wp","href":"https:\/\/api.w.org\/{rel}","templated":true}]}}