{"id":154768,"date":"2026-03-10T15:23:27","date_gmt":"2026-03-10T18:23:27","guid":{"rendered":"https:\/\/infoecos.com.ar\/?p=154768"},"modified":"2026-03-12T02:25:15","modified_gmt":"2026-03-12T05:25:15","slug":"universidad-austral-el-mercado-electrico-argentino-entra-en-su-fase-decisiva","status":"publish","type":"post","link":"https:\/\/infoecos.com.ar\/index.php\/universidad-austral-el-mercado-electrico-argentino-entra-en-su-fase-decisiva\/","title":{"rendered":"Universidad Austral: \u00abEl mercado el\u00e9ctrico argentino entra en su fase decisiva\u00bb"},"content":{"rendered":"\n<p>Argentina atraviesa&nbsp;<strong>una etapa clave en la transformaci\u00f3n de su sistema el\u00e9ctrico<\/strong>. Las nuevas reglas que comienzan a implementarse buscan&nbsp;<strong>reintroducir se\u00f1ales econ\u00f3micas, ordenar incentivos y atraer inversi\u00f3n privada<\/strong>, sin alterar los compromisos contractuales vigentes. Se trata de&nbsp;<strong>una transici\u00f3n estructural<\/strong>&nbsp;que podr\u00eda redefinir el funcionamiento del mercado energ\u00e9tico en los pr\u00f3ximos a\u00f1os.<\/p>\n\n\n\n<p>El tema fue analizado en el webinar&nbsp;<strong>\u201cMercado El\u00e9ctrico: \u00bfqu\u00e9 hay de nuevo?\u201d<\/strong>, organizado por el&nbsp;<strong>Instituto de Energ\u00eda de la Universidad Austral<\/strong><a href=\"https:\/\/austral.us3.list-manage.com\/track\/click?u=efbc01da6c391663922e4f957&amp;id=c02cead402&amp;e=86785aa91f\" target=\"_blank\" rel=\"noreferrer noopener\">, realizado en el marco de la presentaci\u00f3n de la nueva Diplomatura en Sector El\u00e9ctrico que impulsa la instituci\u00f3n.<\/a>&nbsp;&nbsp;El encuentro fue moderado por Oscar Medina y cont\u00f3 con la participaci\u00f3n de las especialistas Mar\u00eda Fernanda Mart\u00ednez y Nadia Sager, quienes analizaron&nbsp;<strong>el proceso de cambios que atraviesa el sector en el marco de la nueva normativa energ\u00e9tica<\/strong>.<\/p>\n\n\n\n<p>Durante el encuentro se explic\u00f3 que el pa\u00eds se encuentra en una etapa de&nbsp;<strong>\u201cnormalizaci\u00f3n adaptada\u201d<\/strong>. El proceso&nbsp;<strong>no implica romper con los contratos existentes<\/strong>, pero s\u00ed&nbsp;<strong>modificar de manera significativa la l\u00f3gica de funcionamiento del sistema el\u00e9ctrico<\/strong>, con el objetivo de&nbsp;<strong>recuperar se\u00f1ales de mercado y mejorar la eficiencia del sector<\/strong>.<\/p>\n\n\n\n<p>Los mercados el\u00e9ctricos modernos -con Europa como referencia conceptual- distinguen claramente entre&nbsp;<strong>actividades competitivas<\/strong>, como la generaci\u00f3n y la comercializaci\u00f3n de energ\u00eda, y aquellas que constituyen&nbsp;<strong>monopolios naturales<\/strong>, como el transporte y la distribuci\u00f3n. Mientras las primeras pueden operar bajo esquemas de competencia, las segundas contin\u00faan&nbsp;<strong>bajo regulaci\u00f3n estatal<\/strong>.<\/p>\n\n\n\n<p>Este modelo se apoya en&nbsp;<strong>dos pilares fundamentales<\/strong>:&nbsp;<strong>contratos de largo plazo que permitan financiar inversiones<\/strong>&nbsp;y&nbsp;<strong>un mercado spot que funcione como se\u00f1al coyuntural de escasez o abundancia<\/strong>. En la experiencia internacional,&nbsp;<strong>ning\u00fan sistema el\u00e9ctrico se sostiene \u00fanicamente con precios diarios para expandir su capacidad<\/strong>. Los contratos de abastecimiento, como los PPA, son considerados&nbsp;<strong>una condici\u00f3n necesaria para que los proyectos energ\u00e9ticos puedan financiarse de manera sostenible<\/strong>.<\/p>\n\n\n\n<p>En el caso argentino, el mercado comienza a volver gradualmente a&nbsp;<strong>una l\u00f3gica marginalista<\/strong>, aunque con un esquema de&nbsp;<strong>\u201ccosto marginal adaptado\u201d<\/strong>. Actualmente,&nbsp;<strong>el precio spot proyectado ronda los 50 d\u00f3lares por MWh<\/strong>, un valor inferior al de a\u00f1os anteriores. Esta situaci\u00f3n genera&nbsp;<strong>una tensi\u00f3n en el sistema<\/strong>: mientras la demanda observa precios relativamente bajos y&nbsp;<strong>posterga la firma de contratos<\/strong>, los generadores requieren&nbsp;<strong>valores m\u00e1s altos para justificar nuevas inversiones<\/strong>.<\/p>\n\n\n\n<p>Seg\u00fan los especialistas,&nbsp;<strong>esta brecha constituye uno de los principales desaf\u00edos de la transici\u00f3n energ\u00e9tica<\/strong>. Si las se\u00f1ales econ\u00f3micas no se alinean adecuadamente,&nbsp;<strong>el riesgo no es inmediato, pero s\u00ed estructural<\/strong>: una menor inversi\u00f3n en generaci\u00f3n que podr\u00eda traducirse en&nbsp;<strong>tensiones de abastecimiento hacia el final de la d\u00e9cada<\/strong>.<\/p>\n\n\n\n<p>En cambio, si el proceso logra consolidarse,&nbsp;<strong>Argentina podr\u00eda avanzar hacia un mercado el\u00e9ctrico m\u00e1s competitivo y transparente<\/strong>, con la participaci\u00f3n de&nbsp;<strong>nuevos actores<\/strong>&nbsp;-como comercializadores, sistemas de almacenamiento y grandes usuarios m\u00e1s activos- y con&nbsp;<strong>distribuidoras que asuman un rol m\u00e1s din\u00e1mico dentro del sistema<\/strong>.<\/p>\n\n\n\n<p>Otro punto relevante del proceso es&nbsp;<strong>el papel de la<\/strong>&nbsp;CAMMESA. Durante la transici\u00f3n, el organismo mantiene&nbsp;<strong>funciones contractuales y de administraci\u00f3n<\/strong>, aunque el objetivo de mediano plazo es que&nbsp;<strong>recupere principalmente su rol t\u00e9cnico-operativo como entidad responsable del despacho el\u00e9ctrico<\/strong>, reduciendo su papel como gestor comercial centralizado.<\/p>\n\n\n\n<p>La experiencia internacional muestra que&nbsp;<strong>ning\u00fan marco regulatorio permanece inalterado<\/strong>. Incluso Europa debi\u00f3 introducir ajustes tras la crisis energ\u00e9tica provocada por la guerra en Ucrania. Sin embargo,&nbsp;<strong>el principio general se mantiene<\/strong>:&nbsp;<strong>competencia en la generaci\u00f3n, regulaci\u00f3n en las redes, contratos para financiar la expansi\u00f3n y precios que reflejen los costos reales del sistema<\/strong>.<\/p>\n\n\n\n<p>En este contexto,&nbsp;<strong>el per\u00edodo de transici\u00f3n entre 2026 y 2029 ser\u00e1 determinante para el futuro del sector el\u00e9ctrico argentino<\/strong>. Lo que hoy aparece como&nbsp;<strong>un ajuste t\u00e9cnico<\/strong>&nbsp;podr\u00eda convertirse, en la pr\u00e1ctica, en&nbsp;<strong>una redefinici\u00f3n estructural del sistema energ\u00e9tico del pa\u00eds<\/strong>.<\/p>\n\n\n\n<p><strong>El mercado ya comenz\u00f3 a moverse. Ahora resta que las se\u00f1ales terminen de alinearse.<\/strong><\/p>\n\n\n\n<figure class=\"wp-block-embed is-type-video is-provider-youtube wp-block-embed-youtube wp-embed-aspect-4-3 wp-has-aspect-ratio\"><div class=\"wp-block-embed__wrapper\">\n<iframe loading=\"lazy\" title=\"Webinar | \u00bfQue hay de nuevo? | Diplomatura en Sector El\u00e9ctrico\" width=\"640\" height=\"480\" src=\"https:\/\/www.youtube.com\/embed\/4Bb-aoJ03HY?feature=oembed\" frameborder=\"0\" allow=\"accelerometer; autoplay; clipboard-write; encrypted-media; gyroscope; picture-in-picture; web-share\" referrerpolicy=\"strict-origin-when-cross-origin\" allowfullscreen><\/iframe>\n<\/div><\/figure>\n","protected":false},"excerpt":{"rendered":"<p>Especialistas analizaron los cambios regulatorios y los desaf\u00edos de inversi\u00f3n en un webinar del Instituto de Energ\u00eda de la Universidad Austral, realizado en el marco de la presentaci\u00f3n de la nueva Diplomatura en Sector El\u00e9ctrico.<\/p>\n","protected":false},"author":2,"featured_media":108840,"comment_status":"closed","ping_status":"open","sticky":false,"template":"","format":"standard","meta":{"footnotes":""},"categories":[1],"tags":[10304,10298],"class_list":["post-154768","post","type-post","status-publish","format-standard","has-post-thumbnail","hentry","category-sin-categoria","tag-actualidad","tag-bloque-inferior"],"yoast_head":"<!-- This site is optimized with the Yoast SEO plugin v23.4 - https:\/\/yoast.com\/wordpress\/plugins\/seo\/ -->\n<title>Universidad Austral: &quot;El mercado el\u00e9ctrico argentino entra en su fase decisiva&quot; - Infoecos<\/title>\n<meta name=\"robots\" content=\"index, follow, max-snippet:-1, max-image-preview:large, max-video-preview:-1\" \/>\n<link rel=\"canonical\" href=\"https:\/\/infoecos.com.ar\/index.php\/universidad-austral-el-mercado-electrico-argentino-entra-en-su-fase-decisiva\/\" \/>\n<meta property=\"og:locale\" content=\"es_ES\" \/>\n<meta property=\"og:type\" content=\"article\" \/>\n<meta property=\"og:title\" content=\"Universidad Austral: &quot;El mercado el\u00e9ctrico argentino entra en su fase decisiva&quot; - Infoecos\" \/>\n<meta property=\"og:description\" content=\"Especialistas analizaron los cambios regulatorios y los desaf\u00edos de inversi\u00f3n en un webinar del Instituto de Energ\u00eda de la Universidad Austral, realizado en el marco de la presentaci\u00f3n de la nueva Diplomatura en Sector El\u00e9ctrico.\" \/>\n<meta property=\"og:url\" content=\"https:\/\/infoecos.com.ar\/index.php\/universidad-austral-el-mercado-electrico-argentino-entra-en-su-fase-decisiva\/\" \/>\n<meta property=\"og:site_name\" content=\"Infoecos\" \/>\n<meta property=\"article:publisher\" content=\"https:\/\/www.facebook.com\/profile.php?id=100063200290284\" \/>\n<meta property=\"article:published_time\" content=\"2026-03-10T18:23:27+00:00\" \/>\n<meta property=\"article:modified_time\" content=\"2026-03-12T05:25:15+00:00\" \/>\n<meta property=\"og:image\" content=\"https:\/\/infoecos.com.ar\/wp-content\/uploads\/2023\/08\/energia.jpg\" \/>\n\t<meta property=\"og:image:width\" content=\"700\" \/>\n\t<meta property=\"og:image:height\" content=\"400\" \/>\n\t<meta property=\"og:image:type\" content=\"image\/jpeg\" \/>\n<meta name=\"author\" content=\"Jorge Matheus\" \/>\n<meta name=\"twitter:card\" content=\"summary_large_image\" \/>\n<meta name=\"twitter:creator\" content=\"@infoecos\" \/>\n<meta name=\"twitter:site\" content=\"@infoecos\" \/>\n<meta name=\"twitter:label1\" content=\"Escrito por\" \/>\n\t<meta name=\"twitter:data1\" content=\"Jorge Matheus\" \/>\n\t<meta name=\"twitter:label2\" content=\"Tiempo de lectura\" \/>\n\t<meta name=\"twitter:data2\" content=\"4 minutos\" \/>\n<script type=\"application\/ld+json\" class=\"yoast-schema-graph\">{\"@context\":\"https:\/\/schema.org\",\"@graph\":[{\"@type\":\"Article\",\"@id\":\"https:\/\/infoecos.com.ar\/index.php\/universidad-austral-el-mercado-electrico-argentino-entra-en-su-fase-decisiva\/#article\",\"isPartOf\":{\"@id\":\"https:\/\/infoecos.com.ar\/index.php\/universidad-austral-el-mercado-electrico-argentino-entra-en-su-fase-decisiva\/\"},\"author\":{\"name\":\"Jorge Matheus\",\"@id\":\"https:\/\/infoecos.com.ar\/#\/schema\/person\/8f5ace5ce73b4b4aac4b7245aee6f191\"},\"headline\":\"Universidad Austral: \u00abEl mercado el\u00e9ctrico argentino entra en su fase decisiva\u00bb\",\"datePublished\":\"2026-03-10T18:23:27+00:00\",\"dateModified\":\"2026-03-12T05:25:15+00:00\",\"mainEntityOfPage\":{\"@id\":\"https:\/\/infoecos.com.ar\/index.php\/universidad-austral-el-mercado-electrico-argentino-entra-en-su-fase-decisiva\/\"},\"wordCount\":767,\"publisher\":{\"@id\":\"https:\/\/infoecos.com.ar\/#organization\"},\"image\":{\"@id\":\"https:\/\/infoecos.com.ar\/index.php\/universidad-austral-el-mercado-electrico-argentino-entra-en-su-fase-decisiva\/#primaryimage\"},\"thumbnailUrl\":\"https:\/\/infoecos.com.ar\/wp-content\/uploads\/2023\/08\/energia.jpg\",\"keywords\":[\"Actualidad\",\"Bloque inferior\"],\"inLanguage\":\"es\"},{\"@type\":\"WebPage\",\"@id\":\"https:\/\/infoecos.com.ar\/index.php\/universidad-austral-el-mercado-electrico-argentino-entra-en-su-fase-decisiva\/\",\"url\":\"https:\/\/infoecos.com.ar\/index.php\/universidad-austral-el-mercado-electrico-argentino-entra-en-su-fase-decisiva\/\",\"name\":\"Universidad Austral: \\\"El mercado el\u00e9ctrico argentino entra en su fase decisiva\\\" - Infoecos\",\"isPartOf\":{\"@id\":\"https:\/\/infoecos.com.ar\/#website\"},\"primaryImageOfPage\":{\"@id\":\"https:\/\/infoecos.com.ar\/index.php\/universidad-austral-el-mercado-electrico-argentino-entra-en-su-fase-decisiva\/#primaryimage\"},\"image\":{\"@id\":\"https:\/\/infoecos.com.ar\/index.php\/universidad-austral-el-mercado-electrico-argentino-entra-en-su-fase-decisiva\/#primaryimage\"},\"thumbnailUrl\":\"https:\/\/infoecos.com.ar\/wp-content\/uploads\/2023\/08\/energia.jpg\",\"datePublished\":\"2026-03-10T18:23:27+00:00\",\"dateModified\":\"2026-03-12T05:25:15+00:00\",\"breadcrumb\":{\"@id\":\"https:\/\/infoecos.com.ar\/index.php\/universidad-austral-el-mercado-electrico-argentino-entra-en-su-fase-decisiva\/#breadcrumb\"},\"inLanguage\":\"es\",\"potentialAction\":[{\"@type\":\"ReadAction\",\"target\":[\"https:\/\/infoecos.com.ar\/index.php\/universidad-austral-el-mercado-electrico-argentino-entra-en-su-fase-decisiva\/\"]}]},{\"@type\":\"ImageObject\",\"inLanguage\":\"es\",\"@id\":\"https:\/\/infoecos.com.ar\/index.php\/universidad-austral-el-mercado-electrico-argentino-entra-en-su-fase-decisiva\/#primaryimage\",\"url\":\"https:\/\/infoecos.com.ar\/wp-content\/uploads\/2023\/08\/energia.jpg\",\"contentUrl\":\"https:\/\/infoecos.com.ar\/wp-content\/uploads\/2023\/08\/energia.jpg\",\"width\":700,\"height\":400},{\"@type\":\"BreadcrumbList\",\"@id\":\"https:\/\/infoecos.com.ar\/index.php\/universidad-austral-el-mercado-electrico-argentino-entra-en-su-fase-decisiva\/#breadcrumb\",\"itemListElement\":[{\"@type\":\"ListItem\",\"position\":1,\"name\":\"Portada\",\"item\":\"https:\/\/infoecos.com.ar\/\"},{\"@type\":\"ListItem\",\"position\":2,\"name\":\"Universidad Austral: \u00abEl mercado el\u00e9ctrico argentino entra en su fase decisiva\u00bb\"}]},{\"@type\":\"WebSite\",\"@id\":\"https:\/\/infoecos.com.ar\/#website\",\"url\":\"https:\/\/infoecos.com.ar\/\",\"name\":\"Infoecos\",\"description\":\"Noticias de trenque lauquen y la zona\",\"publisher\":{\"@id\":\"https:\/\/infoecos.com.ar\/#organization\"},\"alternateName\":\"Noticias\",\"potentialAction\":[{\"@type\":\"SearchAction\",\"target\":{\"@type\":\"EntryPoint\",\"urlTemplate\":\"https:\/\/infoecos.com.ar\/?s={search_term_string}\"},\"query-input\":{\"@type\":\"PropertyValueSpecification\",\"valueRequired\":true,\"valueName\":\"search_term_string\"}}],\"inLanguage\":\"es\"},{\"@type\":\"Organization\",\"@id\":\"https:\/\/infoecos.com.ar\/#organization\",\"name\":\"Infoecos\",\"alternateName\":\"Noticias\",\"url\":\"https:\/\/infoecos.com.ar\/\",\"logo\":{\"@type\":\"ImageObject\",\"inLanguage\":\"es\",\"@id\":\"https:\/\/infoecos.com.ar\/#\/schema\/logo\/image\/\",\"url\":\"https:\/\/infoecos.com.ar\/wp-content\/uploads\/2024\/03\/cropped-logo.png\",\"contentUrl\":\"https:\/\/infoecos.com.ar\/wp-content\/uploads\/2024\/03\/cropped-logo.png\",\"width\":374,\"height\":90,\"caption\":\"Infoecos\"},\"image\":{\"@id\":\"https:\/\/infoecos.com.ar\/#\/schema\/logo\/image\/\"},\"sameAs\":[\"https:\/\/www.facebook.com\/profile.php?id=100063200290284\",\"https:\/\/x.com\/infoecos\"]},{\"@type\":\"Person\",\"@id\":\"https:\/\/infoecos.com.ar\/#\/schema\/person\/8f5ace5ce73b4b4aac4b7245aee6f191\",\"name\":\"Jorge Matheus\",\"url\":\"https:\/\/infoecos.com.ar\/index.php\/author\/jomatheus\/\"}]}<\/script>\n<!-- \/ Yoast SEO plugin. -->","yoast_head_json":{"title":"Universidad Austral: \"El mercado el\u00e9ctrico argentino entra en su fase decisiva\" - Infoecos","robots":{"index":"index","follow":"follow","max-snippet":"max-snippet:-1","max-image-preview":"max-image-preview:large","max-video-preview":"max-video-preview:-1"},"canonical":"https:\/\/infoecos.com.ar\/index.php\/universidad-austral-el-mercado-electrico-argentino-entra-en-su-fase-decisiva\/","og_locale":"es_ES","og_type":"article","og_title":"Universidad Austral: \"El mercado el\u00e9ctrico argentino entra en su fase decisiva\" - Infoecos","og_description":"Especialistas analizaron los cambios regulatorios y los desaf\u00edos de inversi\u00f3n en un webinar del Instituto de Energ\u00eda de la Universidad Austral, realizado en el marco de la presentaci\u00f3n de la nueva Diplomatura en Sector El\u00e9ctrico.","og_url":"https:\/\/infoecos.com.ar\/index.php\/universidad-austral-el-mercado-electrico-argentino-entra-en-su-fase-decisiva\/","og_site_name":"Infoecos","article_publisher":"https:\/\/www.facebook.com\/profile.php?id=100063200290284","article_published_time":"2026-03-10T18:23:27+00:00","article_modified_time":"2026-03-12T05:25:15+00:00","og_image":[{"width":700,"height":400,"url":"https:\/\/infoecos.com.ar\/wp-content\/uploads\/2023\/08\/energia.jpg","type":"image\/jpeg"}],"author":"Jorge Matheus","twitter_card":"summary_large_image","twitter_creator":"@infoecos","twitter_site":"@infoecos","twitter_misc":{"Escrito por":"Jorge Matheus","Tiempo de lectura":"4 minutos"},"schema":{"@context":"https:\/\/schema.org","@graph":[{"@type":"Article","@id":"https:\/\/infoecos.com.ar\/index.php\/universidad-austral-el-mercado-electrico-argentino-entra-en-su-fase-decisiva\/#article","isPartOf":{"@id":"https:\/\/infoecos.com.ar\/index.php\/universidad-austral-el-mercado-electrico-argentino-entra-en-su-fase-decisiva\/"},"author":{"name":"Jorge Matheus","@id":"https:\/\/infoecos.com.ar\/#\/schema\/person\/8f5ace5ce73b4b4aac4b7245aee6f191"},"headline":"Universidad Austral: \u00abEl mercado el\u00e9ctrico argentino entra en su fase decisiva\u00bb","datePublished":"2026-03-10T18:23:27+00:00","dateModified":"2026-03-12T05:25:15+00:00","mainEntityOfPage":{"@id":"https:\/\/infoecos.com.ar\/index.php\/universidad-austral-el-mercado-electrico-argentino-entra-en-su-fase-decisiva\/"},"wordCount":767,"publisher":{"@id":"https:\/\/infoecos.com.ar\/#organization"},"image":{"@id":"https:\/\/infoecos.com.ar\/index.php\/universidad-austral-el-mercado-electrico-argentino-entra-en-su-fase-decisiva\/#primaryimage"},"thumbnailUrl":"https:\/\/infoecos.com.ar\/wp-content\/uploads\/2023\/08\/energia.jpg","keywords":["Actualidad","Bloque inferior"],"inLanguage":"es"},{"@type":"WebPage","@id":"https:\/\/infoecos.com.ar\/index.php\/universidad-austral-el-mercado-electrico-argentino-entra-en-su-fase-decisiva\/","url":"https:\/\/infoecos.com.ar\/index.php\/universidad-austral-el-mercado-electrico-argentino-entra-en-su-fase-decisiva\/","name":"Universidad Austral: \"El mercado el\u00e9ctrico argentino entra en su fase decisiva\" - Infoecos","isPartOf":{"@id":"https:\/\/infoecos.com.ar\/#website"},"primaryImageOfPage":{"@id":"https:\/\/infoecos.com.ar\/index.php\/universidad-austral-el-mercado-electrico-argentino-entra-en-su-fase-decisiva\/#primaryimage"},"image":{"@id":"https:\/\/infoecos.com.ar\/index.php\/universidad-austral-el-mercado-electrico-argentino-entra-en-su-fase-decisiva\/#primaryimage"},"thumbnailUrl":"https:\/\/infoecos.com.ar\/wp-content\/uploads\/2023\/08\/energia.jpg","datePublished":"2026-03-10T18:23:27+00:00","dateModified":"2026-03-12T05:25:15+00:00","breadcrumb":{"@id":"https:\/\/infoecos.com.ar\/index.php\/universidad-austral-el-mercado-electrico-argentino-entra-en-su-fase-decisiva\/#breadcrumb"},"inLanguage":"es","potentialAction":[{"@type":"ReadAction","target":["https:\/\/infoecos.com.ar\/index.php\/universidad-austral-el-mercado-electrico-argentino-entra-en-su-fase-decisiva\/"]}]},{"@type":"ImageObject","inLanguage":"es","@id":"https:\/\/infoecos.com.ar\/index.php\/universidad-austral-el-mercado-electrico-argentino-entra-en-su-fase-decisiva\/#primaryimage","url":"https:\/\/infoecos.com.ar\/wp-content\/uploads\/2023\/08\/energia.jpg","contentUrl":"https:\/\/infoecos.com.ar\/wp-content\/uploads\/2023\/08\/energia.jpg","width":700,"height":400},{"@type":"BreadcrumbList","@id":"https:\/\/infoecos.com.ar\/index.php\/universidad-austral-el-mercado-electrico-argentino-entra-en-su-fase-decisiva\/#breadcrumb","itemListElement":[{"@type":"ListItem","position":1,"name":"Portada","item":"https:\/\/infoecos.com.ar\/"},{"@type":"ListItem","position":2,"name":"Universidad Austral: \u00abEl mercado el\u00e9ctrico argentino entra en su fase decisiva\u00bb"}]},{"@type":"WebSite","@id":"https:\/\/infoecos.com.ar\/#website","url":"https:\/\/infoecos.com.ar\/","name":"Infoecos","description":"Noticias de trenque lauquen y la zona","publisher":{"@id":"https:\/\/infoecos.com.ar\/#organization"},"alternateName":"Noticias","potentialAction":[{"@type":"SearchAction","target":{"@type":"EntryPoint","urlTemplate":"https:\/\/infoecos.com.ar\/?s={search_term_string}"},"query-input":{"@type":"PropertyValueSpecification","valueRequired":true,"valueName":"search_term_string"}}],"inLanguage":"es"},{"@type":"Organization","@id":"https:\/\/infoecos.com.ar\/#organization","name":"Infoecos","alternateName":"Noticias","url":"https:\/\/infoecos.com.ar\/","logo":{"@type":"ImageObject","inLanguage":"es","@id":"https:\/\/infoecos.com.ar\/#\/schema\/logo\/image\/","url":"https:\/\/infoecos.com.ar\/wp-content\/uploads\/2024\/03\/cropped-logo.png","contentUrl":"https:\/\/infoecos.com.ar\/wp-content\/uploads\/2024\/03\/cropped-logo.png","width":374,"height":90,"caption":"Infoecos"},"image":{"@id":"https:\/\/infoecos.com.ar\/#\/schema\/logo\/image\/"},"sameAs":["https:\/\/www.facebook.com\/profile.php?id=100063200290284","https:\/\/x.com\/infoecos"]},{"@type":"Person","@id":"https:\/\/infoecos.com.ar\/#\/schema\/person\/8f5ace5ce73b4b4aac4b7245aee6f191","name":"Jorge Matheus","url":"https:\/\/infoecos.com.ar\/index.php\/author\/jomatheus\/"}]}},"featured_image_urls":{"full":["https:\/\/infoecos.com.ar\/wp-content\/uploads\/2023\/08\/energia.jpg",700,400,false],"thumbnail":["https:\/\/infoecos.com.ar\/wp-content\/uploads\/2023\/08\/energia-300x150.jpg",300,150,true],"medium":["https:\/\/infoecos.com.ar\/wp-content\/uploads\/2023\/08\/energia.jpg",700,400,false],"medium_large":["https:\/\/infoecos.com.ar\/wp-content\/uploads\/2023\/08\/energia.jpg",640,366,false],"large":["https:\/\/infoecos.com.ar\/wp-content\/uploads\/2023\/08\/energia.jpg",640,366,false],"1536x1536":["https:\/\/infoecos.com.ar\/wp-content\/uploads\/2023\/08\/energia.jpg",700,400,false],"2048x2048":["https:\/\/infoecos.com.ar\/wp-content\/uploads\/2023\/08\/energia.jpg",700,400,false],"covernews-slider-full":["https:\/\/infoecos.com.ar\/wp-content\/uploads\/2023\/08\/energia.jpg",700,400,false],"covernews-slider-center":["https:\/\/infoecos.com.ar\/wp-content\/uploads\/2023\/08\/energia.jpg",700,400,false],"covernews-featured":["https:\/\/infoecos.com.ar\/wp-content\/uploads\/2023\/08\/energia.jpg",700,400,false],"covernews-medium":["https:\/\/infoecos.com.ar\/wp-content\/uploads\/2023\/08\/energia-700x380.jpg",540,293,true],"covernews-medium-square":["https:\/\/infoecos.com.ar\/wp-content\/uploads\/2023\/08\/energia-675x400.jpg",400,237,true]},"author_info":{"info":["Jorge Matheus"]},"category_info":"<a href=\"https:\/\/infoecos.com.ar\/index.php\/category\/sin-categoria\/\" rel=\"category tag\">Sin categor\u00eda<\/a>","tag_info":"Sin categor\u00eda","comment_count":"0","_links":{"self":[{"href":"https:\/\/infoecos.com.ar\/index.php\/wp-json\/wp\/v2\/posts\/154768"}],"collection":[{"href":"https:\/\/infoecos.com.ar\/index.php\/wp-json\/wp\/v2\/posts"}],"about":[{"href":"https:\/\/infoecos.com.ar\/index.php\/wp-json\/wp\/v2\/types\/post"}],"author":[{"embeddable":true,"href":"https:\/\/infoecos.com.ar\/index.php\/wp-json\/wp\/v2\/users\/2"}],"replies":[{"embeddable":true,"href":"https:\/\/infoecos.com.ar\/index.php\/wp-json\/wp\/v2\/comments?post=154768"}],"version-history":[{"count":1,"href":"https:\/\/infoecos.com.ar\/index.php\/wp-json\/wp\/v2\/posts\/154768\/revisions"}],"predecessor-version":[{"id":154769,"href":"https:\/\/infoecos.com.ar\/index.php\/wp-json\/wp\/v2\/posts\/154768\/revisions\/154769"}],"wp:featuredmedia":[{"embeddable":true,"href":"https:\/\/infoecos.com.ar\/index.php\/wp-json\/wp\/v2\/media\/108840"}],"wp:attachment":[{"href":"https:\/\/infoecos.com.ar\/index.php\/wp-json\/wp\/v2\/media?parent=154768"}],"wp:term":[{"taxonomy":"category","embeddable":true,"href":"https:\/\/infoecos.com.ar\/index.php\/wp-json\/wp\/v2\/categories?post=154768"},{"taxonomy":"post_tag","embeddable":true,"href":"https:\/\/infoecos.com.ar\/index.php\/wp-json\/wp\/v2\/tags?post=154768"}],"curies":[{"name":"wp","href":"https:\/\/api.w.org\/{rel}","templated":true}]}}