{"id":154770,"date":"2026-03-10T16:51:20","date_gmt":"2026-03-10T19:51:20","guid":{"rendered":"https:\/\/infoecos.com.ar\/?p=154770"},"modified":"2026-03-15T02:50:03","modified_gmt":"2026-03-15T05:50:03","slug":"reforma-laboral-le-puso-un-poco-de-pimienta-a-la-primera-sesion-del-concejo-deliberante-de-trenque-lauquen","status":"publish","type":"post","link":"https:\/\/infoecos.com.ar\/index.php\/reforma-laboral-le-puso-un-poco-de-pimienta-a-la-primera-sesion-del-concejo-deliberante-de-trenque-lauquen\/","title":{"rendered":"Reforma Laboral: un poco de \u00abpimienta\u00bb a la primera sesi\u00f3n del Concejo Deliberante de Trenque Lauquen"},"content":{"rendered":"\n<p>Primera Sesi\u00f3n Ordinaria del a\u00f1o del Concejo Deliberante con algunos cortocircuitos. <\/p>\n\n\n\n<p>Hubo cortocircuitos con una resoluci\u00f3n presentada por el Bloque Fuerza Patria donde se propon\u00eda que el cuerpo en su totalidad manifieste el rechazo a la  Ley de Modernizaci\u00f3n Laboral. Fueron oradores, la concejal B\u00e1rbara Rossi, impulsora tambi\u00e9n del ordenamiento resolutivo, y Khalil G\u00f3mez en representaci\u00f3n del bloque de la UCR+Di\u00e1logo.<\/p>\n\n\n\n<p> <\/p>\n\n\n\n<figure class=\"wp-block-image size-full\"><img loading=\"lazy\" decoding=\"async\" width=\"1600\" height=\"838\" src=\"https:\/\/infoecos.com.ar\/wp-content\/uploads\/2026\/03\/image-85.png\" alt=\"\" class=\"wp-image-154771\" srcset=\"https:\/\/infoecos.com.ar\/wp-content\/uploads\/2026\/03\/image-85.png 1600w, https:\/\/infoecos.com.ar\/wp-content\/uploads\/2026\/03\/image-85-800x419.png 800w, https:\/\/infoecos.com.ar\/wp-content\/uploads\/2026\/03\/image-85-768x402.png 768w, https:\/\/infoecos.com.ar\/wp-content\/uploads\/2026\/03\/image-85-1536x804.png 1536w, https:\/\/infoecos.com.ar\/wp-content\/uploads\/2026\/03\/image-85-1024x536.png 1024w\" sizes=\"(max-width: 1600px) 100vw, 1600px\" \/><\/figure>\n\n\n\n<p>Ross\u00ed hizo especial menci\u00f3n a otras reformas en el mismo sentido a trav\u00e9s de la historia, mientras que el edil que representa al gobierno municipal, transmiti\u00f3 que faltaron espacios sociales para debatirlo, m\u00e1s all\u00e1 del apoyo.<\/p>\n\n\n\n<p>El concejal Gustavo Bories, de la Libertad Avanza, como no pod\u00eda ser de otra manera y en contrario de los anteriores, respondi\u00f3 que los modelos de gobierno anteriores no generaron trabajo y s\u00f3lo otorgaron planes sociales, y que tambi\u00e9n hubo dirigentes opositores que votaron a favor de esta Ley.<\/p>\n\n\n\n<figure class=\"wp-block-image size-full\"><img loading=\"lazy\" decoding=\"async\" width=\"1600\" height=\"838\" src=\"https:\/\/infoecos.com.ar\/wp-content\/uploads\/2026\/03\/image-86.png\" alt=\"\" class=\"wp-image-154772\" srcset=\"https:\/\/infoecos.com.ar\/wp-content\/uploads\/2026\/03\/image-86.png 1600w, https:\/\/infoecos.com.ar\/wp-content\/uploads\/2026\/03\/image-86-800x419.png 800w, https:\/\/infoecos.com.ar\/wp-content\/uploads\/2026\/03\/image-86-768x402.png 768w, https:\/\/infoecos.com.ar\/wp-content\/uploads\/2026\/03\/image-86-1536x804.png 1536w, https:\/\/infoecos.com.ar\/wp-content\/uploads\/2026\/03\/image-86-1024x536.png 1024w\" sizes=\"(max-width: 1600px) 100vw, 1600px\" \/><\/figure>\n\n\n\n<p>\u00abLa Reforma no garantiza ni la generaci\u00f3n de empleo ni la eliminaci\u00f3n del empleo informal, y que todo lo que dice LLA es un verso\u00bb, se\u00f1al\u00f3 la titular del bloque de Uni\u00f3n por la Patria, Leticia Badino. <\/p>\n\n\n\n<p>Realizada la votaci\u00f3n, el proyecto fue aprobado por mayor\u00eda.<\/p>\n\n\n\n<figure class=\"wp-block-video\"><video controls src=\"https:\/\/infoecos.com.ar\/wp-content\/uploads\/2026\/03\/concejo-deliberante.mp4\"><\/video><\/figure>\n\n\n\n<p><\/p>\n\n\n\n<p><a href=\"https:\/\/www.facebook.com\/61561061084889\/videos\/pcb.122224717646368702\/2813015429054546?__cft__[0]=AZaI7EGbXSfkjnUkbDsBYPbt9TomTWpvRAVMikCB87sariwgCZiO2OtpfahvPswXSJcUnB5lJlpj4EMBqFWOWWSXbZN1RhV7tth51LNNNCkplhd7GDZO1khVz8aoV-Ut6Lyclyg1fdjyi3rMe_jJrrYkjY_irx5KgNHvXhyzLPmMNeMi2KFJ_rJxQQDjAXG3gpxKrrdYkQDvb7Bg7GBH69qr&amp;__tn__=*b0H-R\"><\/a><\/p>\n","protected":false},"excerpt":{"rendered":"<p>Hubo cortocircuitos con una resoluci\u00f3n presentada por el Bloque Fuerza Patria donde se propon\u00eda que el cuerpo en su totalidad manifieste el rechazo a la  Ley de Modernizaci\u00f3n Laboral<\/p>\n","protected":false},"author":2,"featured_media":154776,"comment_status":"closed","ping_status":"open","sticky":false,"template":"","format":"standard","meta":{"footnotes":""},"categories":[1],"tags":[10304,10298,1500],"class_list":["post-154770","post","type-post","status-publish","format-standard","has-post-thumbnail","hentry","category-sin-categoria","tag-actualidad","tag-bloque-inferior","tag-regional"],"yoast_head":"<!-- This site is optimized with the Yoast SEO plugin v23.4 - https:\/\/yoast.com\/wordpress\/plugins\/seo\/ -->\n<title>Reforma Laboral: un poco de &quot;pimienta&quot; a la primera sesi\u00f3n del Concejo Deliberante de Trenque Lauquen - Infoecos<\/title>\n<meta name=\"robots\" content=\"index, follow, max-snippet:-1, max-image-preview:large, max-video-preview:-1\" \/>\n<link rel=\"canonical\" href=\"https:\/\/infoecos.com.ar\/index.php\/reforma-laboral-le-puso-un-poco-de-pimienta-a-la-primera-sesion-del-concejo-deliberante-de-trenque-lauquen\/\" \/>\n<meta property=\"og:locale\" content=\"es_ES\" \/>\n<meta property=\"og:type\" content=\"article\" \/>\n<meta property=\"og:title\" content=\"Reforma Laboral: un poco de &quot;pimienta&quot; a la primera sesi\u00f3n del Concejo Deliberante de Trenque Lauquen - Infoecos\" \/>\n<meta property=\"og:description\" content=\"Hubo cortocircuitos con una resoluci\u00f3n presentada por el Bloque Fuerza Patria donde se propon\u00eda que el cuerpo en su totalidad manifieste el rechazo a la Ley de Modernizaci\u00f3n Laboral\" \/>\n<meta property=\"og:url\" content=\"https:\/\/infoecos.com.ar\/index.php\/reforma-laboral-le-puso-un-poco-de-pimienta-a-la-primera-sesion-del-concejo-deliberante-de-trenque-lauquen\/\" \/>\n<meta property=\"og:site_name\" content=\"Infoecos\" \/>\n<meta property=\"article:publisher\" content=\"https:\/\/www.facebook.com\/profile.php?id=100063200290284\" \/>\n<meta property=\"article:published_time\" content=\"2026-03-10T19:51:20+00:00\" \/>\n<meta property=\"article:modified_time\" content=\"2026-03-15T05:50:03+00:00\" \/>\n<meta property=\"og:image\" content=\"https:\/\/infoecos.com.ar\/wp-content\/uploads\/2026\/03\/650359197_1407543614748622_5311032792556358674_n.jpg\" \/>\n\t<meta property=\"og:image:width\" content=\"1080\" \/>\n\t<meta property=\"og:image:height\" content=\"1080\" \/>\n\t<meta property=\"og:image:type\" content=\"image\/jpeg\" \/>\n<meta name=\"author\" content=\"Jorge Matheus\" \/>\n<meta name=\"twitter:card\" content=\"summary_large_image\" \/>\n<meta name=\"twitter:creator\" content=\"@infoecos\" \/>\n<meta name=\"twitter:site\" content=\"@infoecos\" \/>\n<meta name=\"twitter:label1\" content=\"Escrito por\" \/>\n\t<meta name=\"twitter:data1\" content=\"Jorge Matheus\" \/>\n\t<meta name=\"twitter:label2\" content=\"Tiempo de lectura\" \/>\n\t<meta name=\"twitter:data2\" content=\"2 minutos\" \/>\n<script type=\"application\/ld+json\" class=\"yoast-schema-graph\">{\"@context\":\"https:\/\/schema.org\",\"@graph\":[{\"@type\":\"Article\",\"@id\":\"https:\/\/infoecos.com.ar\/index.php\/reforma-laboral-le-puso-un-poco-de-pimienta-a-la-primera-sesion-del-concejo-deliberante-de-trenque-lauquen\/#article\",\"isPartOf\":{\"@id\":\"https:\/\/infoecos.com.ar\/index.php\/reforma-laboral-le-puso-un-poco-de-pimienta-a-la-primera-sesion-del-concejo-deliberante-de-trenque-lauquen\/\"},\"author\":{\"name\":\"Jorge Matheus\",\"@id\":\"https:\/\/infoecos.com.ar\/#\/schema\/person\/8f5ace5ce73b4b4aac4b7245aee6f191\"},\"headline\":\"Reforma Laboral: un poco de \u00abpimienta\u00bb a la primera sesi\u00f3n del Concejo Deliberante de Trenque Lauquen\",\"datePublished\":\"2026-03-10T19:51:20+00:00\",\"dateModified\":\"2026-03-15T05:50:03+00:00\",\"mainEntityOfPage\":{\"@id\":\"https:\/\/infoecos.com.ar\/index.php\/reforma-laboral-le-puso-un-poco-de-pimienta-a-la-primera-sesion-del-concejo-deliberante-de-trenque-lauquen\/\"},\"wordCount\":232,\"publisher\":{\"@id\":\"https:\/\/infoecos.com.ar\/#organization\"},\"image\":{\"@id\":\"https:\/\/infoecos.com.ar\/index.php\/reforma-laboral-le-puso-un-poco-de-pimienta-a-la-primera-sesion-del-concejo-deliberante-de-trenque-lauquen\/#primaryimage\"},\"thumbnailUrl\":\"https:\/\/infoecos.com.ar\/wp-content\/uploads\/2026\/03\/650359197_1407543614748622_5311032792556358674_n.jpg\",\"keywords\":[\"Actualidad\",\"Bloque inferior\",\"REGIONAL\"],\"inLanguage\":\"es\"},{\"@type\":\"WebPage\",\"@id\":\"https:\/\/infoecos.com.ar\/index.php\/reforma-laboral-le-puso-un-poco-de-pimienta-a-la-primera-sesion-del-concejo-deliberante-de-trenque-lauquen\/\",\"url\":\"https:\/\/infoecos.com.ar\/index.php\/reforma-laboral-le-puso-un-poco-de-pimienta-a-la-primera-sesion-del-concejo-deliberante-de-trenque-lauquen\/\",\"name\":\"Reforma Laboral: un poco de \\\"pimienta\\\" a la primera sesi\u00f3n del Concejo Deliberante de Trenque Lauquen - Infoecos\",\"isPartOf\":{\"@id\":\"https:\/\/infoecos.com.ar\/#website\"},\"primaryImageOfPage\":{\"@id\":\"https:\/\/infoecos.com.ar\/index.php\/reforma-laboral-le-puso-un-poco-de-pimienta-a-la-primera-sesion-del-concejo-deliberante-de-trenque-lauquen\/#primaryimage\"},\"image\":{\"@id\":\"https:\/\/infoecos.com.ar\/index.php\/reforma-laboral-le-puso-un-poco-de-pimienta-a-la-primera-sesion-del-concejo-deliberante-de-trenque-lauquen\/#primaryimage\"},\"thumbnailUrl\":\"https:\/\/infoecos.com.ar\/wp-content\/uploads\/2026\/03\/650359197_1407543614748622_5311032792556358674_n.jpg\",\"datePublished\":\"2026-03-10T19:51:20+00:00\",\"dateModified\":\"2026-03-15T05:50:03+00:00\",\"breadcrumb\":{\"@id\":\"https:\/\/infoecos.com.ar\/index.php\/reforma-laboral-le-puso-un-poco-de-pimienta-a-la-primera-sesion-del-concejo-deliberante-de-trenque-lauquen\/#breadcrumb\"},\"inLanguage\":\"es\",\"potentialAction\":[{\"@type\":\"ReadAction\",\"target\":[\"https:\/\/infoecos.com.ar\/index.php\/reforma-laboral-le-puso-un-poco-de-pimienta-a-la-primera-sesion-del-concejo-deliberante-de-trenque-lauquen\/\"]}]},{\"@type\":\"ImageObject\",\"inLanguage\":\"es\",\"@id\":\"https:\/\/infoecos.com.ar\/index.php\/reforma-laboral-le-puso-un-poco-de-pimienta-a-la-primera-sesion-del-concejo-deliberante-de-trenque-lauquen\/#primaryimage\",\"url\":\"https:\/\/infoecos.com.ar\/wp-content\/uploads\/2026\/03\/650359197_1407543614748622_5311032792556358674_n.jpg\",\"contentUrl\":\"https:\/\/infoecos.com.ar\/wp-content\/uploads\/2026\/03\/650359197_1407543614748622_5311032792556358674_n.jpg\",\"width\":1080,\"height\":1080},{\"@type\":\"BreadcrumbList\",\"@id\":\"https:\/\/infoecos.com.ar\/index.php\/reforma-laboral-le-puso-un-poco-de-pimienta-a-la-primera-sesion-del-concejo-deliberante-de-trenque-lauquen\/#breadcrumb\",\"itemListElement\":[{\"@type\":\"ListItem\",\"position\":1,\"name\":\"Portada\",\"item\":\"https:\/\/infoecos.com.ar\/\"},{\"@type\":\"ListItem\",\"position\":2,\"name\":\"Reforma Laboral: un poco de \u00abpimienta\u00bb a la primera sesi\u00f3n del Concejo Deliberante de Trenque Lauquen\"}]},{\"@type\":\"WebSite\",\"@id\":\"https:\/\/infoecos.com.ar\/#website\",\"url\":\"https:\/\/infoecos.com.ar\/\",\"name\":\"Infoecos\",\"description\":\"Noticias de trenque lauquen y la zona\",\"publisher\":{\"@id\":\"https:\/\/infoecos.com.ar\/#organization\"},\"alternateName\":\"Noticias\",\"potentialAction\":[{\"@type\":\"SearchAction\",\"target\":{\"@type\":\"EntryPoint\",\"urlTemplate\":\"https:\/\/infoecos.com.ar\/?s={search_term_string}\"},\"query-input\":{\"@type\":\"PropertyValueSpecification\",\"valueRequired\":true,\"valueName\":\"search_term_string\"}}],\"inLanguage\":\"es\"},{\"@type\":\"Organization\",\"@id\":\"https:\/\/infoecos.com.ar\/#organization\",\"name\":\"Infoecos\",\"alternateName\":\"Noticias\",\"url\":\"https:\/\/infoecos.com.ar\/\",\"logo\":{\"@type\":\"ImageObject\",\"inLanguage\":\"es\",\"@id\":\"https:\/\/infoecos.com.ar\/#\/schema\/logo\/image\/\",\"url\":\"https:\/\/infoecos.com.ar\/wp-content\/uploads\/2024\/03\/cropped-logo.png\",\"contentUrl\":\"https:\/\/infoecos.com.ar\/wp-content\/uploads\/2024\/03\/cropped-logo.png\",\"width\":374,\"height\":90,\"caption\":\"Infoecos\"},\"image\":{\"@id\":\"https:\/\/infoecos.com.ar\/#\/schema\/logo\/image\/\"},\"sameAs\":[\"https:\/\/www.facebook.com\/profile.php?id=100063200290284\",\"https:\/\/x.com\/infoecos\"]},{\"@type\":\"Person\",\"@id\":\"https:\/\/infoecos.com.ar\/#\/schema\/person\/8f5ace5ce73b4b4aac4b7245aee6f191\",\"name\":\"Jorge Matheus\",\"url\":\"https:\/\/infoecos.com.ar\/index.php\/author\/jomatheus\/\"}]}<\/script>\n<!-- \/ Yoast SEO plugin. -->","yoast_head_json":{"title":"Reforma Laboral: un poco de \"pimienta\" a la primera sesi\u00f3n del Concejo Deliberante de Trenque Lauquen - Infoecos","robots":{"index":"index","follow":"follow","max-snippet":"max-snippet:-1","max-image-preview":"max-image-preview:large","max-video-preview":"max-video-preview:-1"},"canonical":"https:\/\/infoecos.com.ar\/index.php\/reforma-laboral-le-puso-un-poco-de-pimienta-a-la-primera-sesion-del-concejo-deliberante-de-trenque-lauquen\/","og_locale":"es_ES","og_type":"article","og_title":"Reforma Laboral: un poco de \"pimienta\" a la primera sesi\u00f3n del Concejo Deliberante de Trenque Lauquen - Infoecos","og_description":"Hubo cortocircuitos con una resoluci\u00f3n presentada por el Bloque Fuerza Patria donde se propon\u00eda que el cuerpo en su totalidad manifieste el rechazo a la Ley de Modernizaci\u00f3n Laboral","og_url":"https:\/\/infoecos.com.ar\/index.php\/reforma-laboral-le-puso-un-poco-de-pimienta-a-la-primera-sesion-del-concejo-deliberante-de-trenque-lauquen\/","og_site_name":"Infoecos","article_publisher":"https:\/\/www.facebook.com\/profile.php?id=100063200290284","article_published_time":"2026-03-10T19:51:20+00:00","article_modified_time":"2026-03-15T05:50:03+00:00","og_image":[{"width":1080,"height":1080,"url":"https:\/\/infoecos.com.ar\/wp-content\/uploads\/2026\/03\/650359197_1407543614748622_5311032792556358674_n.jpg","type":"image\/jpeg"}],"author":"Jorge Matheus","twitter_card":"summary_large_image","twitter_creator":"@infoecos","twitter_site":"@infoecos","twitter_misc":{"Escrito por":"Jorge Matheus","Tiempo de lectura":"2 minutos"},"schema":{"@context":"https:\/\/schema.org","@graph":[{"@type":"Article","@id":"https:\/\/infoecos.com.ar\/index.php\/reforma-laboral-le-puso-un-poco-de-pimienta-a-la-primera-sesion-del-concejo-deliberante-de-trenque-lauquen\/#article","isPartOf":{"@id":"https:\/\/infoecos.com.ar\/index.php\/reforma-laboral-le-puso-un-poco-de-pimienta-a-la-primera-sesion-del-concejo-deliberante-de-trenque-lauquen\/"},"author":{"name":"Jorge Matheus","@id":"https:\/\/infoecos.com.ar\/#\/schema\/person\/8f5ace5ce73b4b4aac4b7245aee6f191"},"headline":"Reforma Laboral: un poco de \u00abpimienta\u00bb a la primera sesi\u00f3n del Concejo Deliberante de Trenque Lauquen","datePublished":"2026-03-10T19:51:20+00:00","dateModified":"2026-03-15T05:50:03+00:00","mainEntityOfPage":{"@id":"https:\/\/infoecos.com.ar\/index.php\/reforma-laboral-le-puso-un-poco-de-pimienta-a-la-primera-sesion-del-concejo-deliberante-de-trenque-lauquen\/"},"wordCount":232,"publisher":{"@id":"https:\/\/infoecos.com.ar\/#organization"},"image":{"@id":"https:\/\/infoecos.com.ar\/index.php\/reforma-laboral-le-puso-un-poco-de-pimienta-a-la-primera-sesion-del-concejo-deliberante-de-trenque-lauquen\/#primaryimage"},"thumbnailUrl":"https:\/\/infoecos.com.ar\/wp-content\/uploads\/2026\/03\/650359197_1407543614748622_5311032792556358674_n.jpg","keywords":["Actualidad","Bloque inferior","REGIONAL"],"inLanguage":"es"},{"@type":"WebPage","@id":"https:\/\/infoecos.com.ar\/index.php\/reforma-laboral-le-puso-un-poco-de-pimienta-a-la-primera-sesion-del-concejo-deliberante-de-trenque-lauquen\/","url":"https:\/\/infoecos.com.ar\/index.php\/reforma-laboral-le-puso-un-poco-de-pimienta-a-la-primera-sesion-del-concejo-deliberante-de-trenque-lauquen\/","name":"Reforma Laboral: un poco de \"pimienta\" a la primera sesi\u00f3n del Concejo Deliberante de Trenque Lauquen - Infoecos","isPartOf":{"@id":"https:\/\/infoecos.com.ar\/#website"},"primaryImageOfPage":{"@id":"https:\/\/infoecos.com.ar\/index.php\/reforma-laboral-le-puso-un-poco-de-pimienta-a-la-primera-sesion-del-concejo-deliberante-de-trenque-lauquen\/#primaryimage"},"image":{"@id":"https:\/\/infoecos.com.ar\/index.php\/reforma-laboral-le-puso-un-poco-de-pimienta-a-la-primera-sesion-del-concejo-deliberante-de-trenque-lauquen\/#primaryimage"},"thumbnailUrl":"https:\/\/infoecos.com.ar\/wp-content\/uploads\/2026\/03\/650359197_1407543614748622_5311032792556358674_n.jpg","datePublished":"2026-03-10T19:51:20+00:00","dateModified":"2026-03-15T05:50:03+00:00","breadcrumb":{"@id":"https:\/\/infoecos.com.ar\/index.php\/reforma-laboral-le-puso-un-poco-de-pimienta-a-la-primera-sesion-del-concejo-deliberante-de-trenque-lauquen\/#breadcrumb"},"inLanguage":"es","potentialAction":[{"@type":"ReadAction","target":["https:\/\/infoecos.com.ar\/index.php\/reforma-laboral-le-puso-un-poco-de-pimienta-a-la-primera-sesion-del-concejo-deliberante-de-trenque-lauquen\/"]}]},{"@type":"ImageObject","inLanguage":"es","@id":"https:\/\/infoecos.com.ar\/index.php\/reforma-laboral-le-puso-un-poco-de-pimienta-a-la-primera-sesion-del-concejo-deliberante-de-trenque-lauquen\/#primaryimage","url":"https:\/\/infoecos.com.ar\/wp-content\/uploads\/2026\/03\/650359197_1407543614748622_5311032792556358674_n.jpg","contentUrl":"https:\/\/infoecos.com.ar\/wp-content\/uploads\/2026\/03\/650359197_1407543614748622_5311032792556358674_n.jpg","width":1080,"height":1080},{"@type":"BreadcrumbList","@id":"https:\/\/infoecos.com.ar\/index.php\/reforma-laboral-le-puso-un-poco-de-pimienta-a-la-primera-sesion-del-concejo-deliberante-de-trenque-lauquen\/#breadcrumb","itemListElement":[{"@type":"ListItem","position":1,"name":"Portada","item":"https:\/\/infoecos.com.ar\/"},{"@type":"ListItem","position":2,"name":"Reforma Laboral: un poco de \u00abpimienta\u00bb a la primera sesi\u00f3n del Concejo Deliberante de Trenque Lauquen"}]},{"@type":"WebSite","@id":"https:\/\/infoecos.com.ar\/#website","url":"https:\/\/infoecos.com.ar\/","name":"Infoecos","description":"Noticias de trenque lauquen y la zona","publisher":{"@id":"https:\/\/infoecos.com.ar\/#organization"},"alternateName":"Noticias","potentialAction":[{"@type":"SearchAction","target":{"@type":"EntryPoint","urlTemplate":"https:\/\/infoecos.com.ar\/?s={search_term_string}"},"query-input":{"@type":"PropertyValueSpecification","valueRequired":true,"valueName":"search_term_string"}}],"inLanguage":"es"},{"@type":"Organization","@id":"https:\/\/infoecos.com.ar\/#organization","name":"Infoecos","alternateName":"Noticias","url":"https:\/\/infoecos.com.ar\/","logo":{"@type":"ImageObject","inLanguage":"es","@id":"https:\/\/infoecos.com.ar\/#\/schema\/logo\/image\/","url":"https:\/\/infoecos.com.ar\/wp-content\/uploads\/2024\/03\/cropped-logo.png","contentUrl":"https:\/\/infoecos.com.ar\/wp-content\/uploads\/2024\/03\/cropped-logo.png","width":374,"height":90,"caption":"Infoecos"},"image":{"@id":"https:\/\/infoecos.com.ar\/#\/schema\/logo\/image\/"},"sameAs":["https:\/\/www.facebook.com\/profile.php?id=100063200290284","https:\/\/x.com\/infoecos"]},{"@type":"Person","@id":"https:\/\/infoecos.com.ar\/#\/schema\/person\/8f5ace5ce73b4b4aac4b7245aee6f191","name":"Jorge Matheus","url":"https:\/\/infoecos.com.ar\/index.php\/author\/jomatheus\/"}]}},"featured_image_urls":{"full":["https:\/\/infoecos.com.ar\/wp-content\/uploads\/2026\/03\/650359197_1407543614748622_5311032792556358674_n.jpg",1080,1080,false],"thumbnail":["https:\/\/infoecos.com.ar\/wp-content\/uploads\/2026\/03\/650359197_1407543614748622_5311032792556358674_n-300x150.jpg",300,150,true],"medium":["https:\/\/infoecos.com.ar\/wp-content\/uploads\/2026\/03\/650359197_1407543614748622_5311032792556358674_n-800x800.jpg",800,800,true],"medium_large":["https:\/\/infoecos.com.ar\/wp-content\/uploads\/2026\/03\/650359197_1407543614748622_5311032792556358674_n-768x768.jpg",640,640,true],"large":["https:\/\/infoecos.com.ar\/wp-content\/uploads\/2026\/03\/650359197_1407543614748622_5311032792556358674_n.jpg",640,640,false],"1536x1536":["https:\/\/infoecos.com.ar\/wp-content\/uploads\/2026\/03\/650359197_1407543614748622_5311032792556358674_n.jpg",1080,1080,false],"2048x2048":["https:\/\/infoecos.com.ar\/wp-content\/uploads\/2026\/03\/650359197_1407543614748622_5311032792556358674_n.jpg",1080,1080,false],"covernews-slider-full":["https:\/\/infoecos.com.ar\/wp-content\/uploads\/2026\/03\/650359197_1407543614748622_5311032792556358674_n-1080x715.jpg",1080,715,true],"covernews-slider-center":["https:\/\/infoecos.com.ar\/wp-content\/uploads\/2026\/03\/650359197_1407543614748622_5311032792556358674_n-800x500.jpg",800,500,true],"covernews-featured":["https:\/\/infoecos.com.ar\/wp-content\/uploads\/2026\/03\/650359197_1407543614748622_5311032792556358674_n-1024x1024.jpg",1024,1024,true],"covernews-medium":["https:\/\/infoecos.com.ar\/wp-content\/uploads\/2026\/03\/650359197_1407543614748622_5311032792556358674_n-540x340.jpg",540,340,true],"covernews-medium-square":["https:\/\/infoecos.com.ar\/wp-content\/uploads\/2026\/03\/650359197_1407543614748622_5311032792556358674_n-400x250.jpg",400,250,true]},"author_info":{"info":["Jorge Matheus"]},"category_info":"<a href=\"https:\/\/infoecos.com.ar\/index.php\/category\/sin-categoria\/\" rel=\"category tag\">Sin categor\u00eda<\/a>","tag_info":"Sin categor\u00eda","comment_count":"0","_links":{"self":[{"href":"https:\/\/infoecos.com.ar\/index.php\/wp-json\/wp\/v2\/posts\/154770"}],"collection":[{"href":"https:\/\/infoecos.com.ar\/index.php\/wp-json\/wp\/v2\/posts"}],"about":[{"href":"https:\/\/infoecos.com.ar\/index.php\/wp-json\/wp\/v2\/types\/post"}],"author":[{"embeddable":true,"href":"https:\/\/infoecos.com.ar\/index.php\/wp-json\/wp\/v2\/users\/2"}],"replies":[{"embeddable":true,"href":"https:\/\/infoecos.com.ar\/index.php\/wp-json\/wp\/v2\/comments?post=154770"}],"version-history":[{"count":2,"href":"https:\/\/infoecos.com.ar\/index.php\/wp-json\/wp\/v2\/posts\/154770\/revisions"}],"predecessor-version":[{"id":154804,"href":"https:\/\/infoecos.com.ar\/index.php\/wp-json\/wp\/v2\/posts\/154770\/revisions\/154804"}],"wp:featuredmedia":[{"embeddable":true,"href":"https:\/\/infoecos.com.ar\/index.php\/wp-json\/wp\/v2\/media\/154776"}],"wp:attachment":[{"href":"https:\/\/infoecos.com.ar\/index.php\/wp-json\/wp\/v2\/media?parent=154770"}],"wp:term":[{"taxonomy":"category","embeddable":true,"href":"https:\/\/infoecos.com.ar\/index.php\/wp-json\/wp\/v2\/categories?post=154770"},{"taxonomy":"post_tag","embeddable":true,"href":"https:\/\/infoecos.com.ar\/index.php\/wp-json\/wp\/v2\/tags?post=154770"}],"curies":[{"name":"wp","href":"https:\/\/api.w.org\/{rel}","templated":true}]}}