{"id":154781,"date":"2026-03-10T17:57:40","date_gmt":"2026-03-10T20:57:40","guid":{"rendered":"https:\/\/infoecos.com.ar\/?p=154781"},"modified":"2026-03-10T20:56:26","modified_gmt":"2026-03-10T23:56:26","slug":"salud-este-miercoles-y-en-forma-adelantada-respecto-de-anos-anteriores-comienza-la-campana-de-vacunacion-antigripal-2026","status":"publish","type":"post","link":"https:\/\/infoecos.com.ar\/index.php\/salud-este-miercoles-y-en-forma-adelantada-respecto-de-anos-anteriores-comienza-la-campana-de-vacunacion-antigripal-2026\/","title":{"rendered":"Trenque Lauquen: este mi\u00e9rcoles, comienza la Campa\u00f1a de Vacunaci\u00f3n Antigripal 2026"},"content":{"rendered":"\n<p>Este mi\u00e9rcoles, y en forma adelantada respecto de a\u00f1os anteriores, comienza la Campa\u00f1a de Vacunaci\u00f3n Antigripal 2026 y el Colegio de Farmac\u00e9uticos de Trenque Lauquen lanza una serie de publicaciones de educaci\u00f3n y prevenci\u00f3n para la comunidad.<\/p>\n\n\n\n<p>La campa\u00f1a consta de cuatro mensajes sencillos y claros: Por qu\u00e9 vacunarse contra la gripe; Qui\u00e9nes deben vacunarse; Cu\u00e1les son los mitos que frenan la vacunaci\u00f3n; y Los preparativos para vacunarse.<\/p>\n\n\n\n<p>El adelantamiento de la Campa\u00f1a 2026 tiene su origen en la detecci\u00f3n de una nueva cepa del virus de influenza A (H3N2), que gener\u00f3 un fuerte brote en el hemisferio norte registr\u00e1ndose ya algunos casos en nuestro pa\u00eds. Esa cepa demostrado tener una tasa de contagio mayor.<\/p>\n\n\n\n<figure class=\"wp-block-video\"><video controls src=\"https:\/\/infoecos.com.ar\/wp-content\/uploads\/2026\/03\/Semana-1-Video-1-Vacunacion-Antigripal-1.mp4\"><\/video><\/figure>\n","protected":false},"excerpt":{"rendered":"<p>La campa\u00f1a consta de cuatro mensajes sencillos y claros: Por qu\u00e9 vacunarse contra la gripe; Qui\u00e9nes deben vacunarse; Cu\u00e1les son los mitos que frenan la vacunaci\u00f3n; y Los preparativos para vacunarse<\/p>\n","protected":false},"author":2,"featured_media":102714,"comment_status":"closed","ping_status":"open","sticky":false,"template":"","format":"standard","meta":{"footnotes":""},"categories":[1612],"tags":[156],"class_list":["post-154781","post","type-post","status-publish","format-standard","has-post-thumbnail","hentry","category-noticia-principal","tag-salud"],"yoast_head":"<!-- This site is optimized with the Yoast SEO plugin v23.4 - https:\/\/yoast.com\/wordpress\/plugins\/seo\/ -->\n<title>Trenque Lauquen: este mi\u00e9rcoles, comienza la Campa\u00f1a de Vacunaci\u00f3n Antigripal 2026 - Infoecos<\/title>\n<meta name=\"robots\" content=\"index, follow, max-snippet:-1, max-image-preview:large, max-video-preview:-1\" \/>\n<link rel=\"canonical\" href=\"https:\/\/infoecos.com.ar\/index.php\/salud-este-miercoles-y-en-forma-adelantada-respecto-de-anos-anteriores-comienza-la-campana-de-vacunacion-antigripal-2026\/\" \/>\n<meta property=\"og:locale\" content=\"es_ES\" \/>\n<meta property=\"og:type\" content=\"article\" \/>\n<meta property=\"og:title\" content=\"Trenque Lauquen: este mi\u00e9rcoles, comienza la Campa\u00f1a de Vacunaci\u00f3n Antigripal 2026 - Infoecos\" \/>\n<meta property=\"og:description\" content=\"La campa\u00f1a consta de cuatro mensajes sencillos y claros: Por qu\u00e9 vacunarse contra la gripe; Qui\u00e9nes deben vacunarse; Cu\u00e1les son los mitos que frenan la vacunaci\u00f3n; y Los preparativos para vacunarse\" \/>\n<meta property=\"og:url\" content=\"https:\/\/infoecos.com.ar\/index.php\/salud-este-miercoles-y-en-forma-adelantada-respecto-de-anos-anteriores-comienza-la-campana-de-vacunacion-antigripal-2026\/\" \/>\n<meta property=\"og:site_name\" content=\"Infoecos\" \/>\n<meta property=\"article:publisher\" content=\"https:\/\/www.facebook.com\/profile.php?id=100063200290284\" \/>\n<meta property=\"article:published_time\" content=\"2026-03-10T20:57:40+00:00\" \/>\n<meta property=\"article:modified_time\" content=\"2026-03-10T23:56:26+00:00\" \/>\n<meta property=\"og:image\" content=\"https:\/\/infoecos.com.ar\/wp-content\/uploads\/2023\/03\/colegiodefarmaceuticos.jpeg\" \/>\n\t<meta property=\"og:image:width\" content=\"1600\" \/>\n\t<meta property=\"og:image:height\" content=\"1200\" \/>\n\t<meta property=\"og:image:type\" content=\"image\/jpeg\" \/>\n<meta name=\"author\" content=\"Jorge Matheus\" \/>\n<meta name=\"twitter:card\" content=\"summary_large_image\" \/>\n<meta name=\"twitter:creator\" content=\"@infoecos\" \/>\n<meta name=\"twitter:site\" content=\"@infoecos\" \/>\n<meta name=\"twitter:label1\" content=\"Escrito por\" \/>\n\t<meta name=\"twitter:data1\" content=\"Jorge Matheus\" \/>\n\t<meta name=\"twitter:label2\" content=\"Tiempo de lectura\" \/>\n\t<meta name=\"twitter:data2\" content=\"1 minuto\" \/>\n<script type=\"application\/ld+json\" class=\"yoast-schema-graph\">{\"@context\":\"https:\/\/schema.org\",\"@graph\":[{\"@type\":\"Article\",\"@id\":\"https:\/\/infoecos.com.ar\/index.php\/salud-este-miercoles-y-en-forma-adelantada-respecto-de-anos-anteriores-comienza-la-campana-de-vacunacion-antigripal-2026\/#article\",\"isPartOf\":{\"@id\":\"https:\/\/infoecos.com.ar\/index.php\/salud-este-miercoles-y-en-forma-adelantada-respecto-de-anos-anteriores-comienza-la-campana-de-vacunacion-antigripal-2026\/\"},\"author\":{\"name\":\"Jorge Matheus\",\"@id\":\"https:\/\/infoecos.com.ar\/#\/schema\/person\/8f5ace5ce73b4b4aac4b7245aee6f191\"},\"headline\":\"Trenque Lauquen: este mi\u00e9rcoles, comienza la Campa\u00f1a de Vacunaci\u00f3n Antigripal 2026\",\"datePublished\":\"2026-03-10T20:57:40+00:00\",\"dateModified\":\"2026-03-10T23:56:26+00:00\",\"mainEntityOfPage\":{\"@id\":\"https:\/\/infoecos.com.ar\/index.php\/salud-este-miercoles-y-en-forma-adelantada-respecto-de-anos-anteriores-comienza-la-campana-de-vacunacion-antigripal-2026\/\"},\"wordCount\":142,\"publisher\":{\"@id\":\"https:\/\/infoecos.com.ar\/#organization\"},\"image\":{\"@id\":\"https:\/\/infoecos.com.ar\/index.php\/salud-este-miercoles-y-en-forma-adelantada-respecto-de-anos-anteriores-comienza-la-campana-de-vacunacion-antigripal-2026\/#primaryimage\"},\"thumbnailUrl\":\"https:\/\/infoecos.com.ar\/wp-content\/uploads\/2023\/03\/colegiodefarmaceuticos.jpeg\",\"keywords\":[\"SALUD\"],\"articleSection\":[\"Noticia Principal\"],\"inLanguage\":\"es\"},{\"@type\":\"WebPage\",\"@id\":\"https:\/\/infoecos.com.ar\/index.php\/salud-este-miercoles-y-en-forma-adelantada-respecto-de-anos-anteriores-comienza-la-campana-de-vacunacion-antigripal-2026\/\",\"url\":\"https:\/\/infoecos.com.ar\/index.php\/salud-este-miercoles-y-en-forma-adelantada-respecto-de-anos-anteriores-comienza-la-campana-de-vacunacion-antigripal-2026\/\",\"name\":\"Trenque Lauquen: este mi\u00e9rcoles, comienza la Campa\u00f1a de Vacunaci\u00f3n Antigripal 2026 - Infoecos\",\"isPartOf\":{\"@id\":\"https:\/\/infoecos.com.ar\/#website\"},\"primaryImageOfPage\":{\"@id\":\"https:\/\/infoecos.com.ar\/index.php\/salud-este-miercoles-y-en-forma-adelantada-respecto-de-anos-anteriores-comienza-la-campana-de-vacunacion-antigripal-2026\/#primaryimage\"},\"image\":{\"@id\":\"https:\/\/infoecos.com.ar\/index.php\/salud-este-miercoles-y-en-forma-adelantada-respecto-de-anos-anteriores-comienza-la-campana-de-vacunacion-antigripal-2026\/#primaryimage\"},\"thumbnailUrl\":\"https:\/\/infoecos.com.ar\/wp-content\/uploads\/2023\/03\/colegiodefarmaceuticos.jpeg\",\"datePublished\":\"2026-03-10T20:57:40+00:00\",\"dateModified\":\"2026-03-10T23:56:26+00:00\",\"breadcrumb\":{\"@id\":\"https:\/\/infoecos.com.ar\/index.php\/salud-este-miercoles-y-en-forma-adelantada-respecto-de-anos-anteriores-comienza-la-campana-de-vacunacion-antigripal-2026\/#breadcrumb\"},\"inLanguage\":\"es\",\"potentialAction\":[{\"@type\":\"ReadAction\",\"target\":[\"https:\/\/infoecos.com.ar\/index.php\/salud-este-miercoles-y-en-forma-adelantada-respecto-de-anos-anteriores-comienza-la-campana-de-vacunacion-antigripal-2026\/\"]}]},{\"@type\":\"ImageObject\",\"inLanguage\":\"es\",\"@id\":\"https:\/\/infoecos.com.ar\/index.php\/salud-este-miercoles-y-en-forma-adelantada-respecto-de-anos-anteriores-comienza-la-campana-de-vacunacion-antigripal-2026\/#primaryimage\",\"url\":\"https:\/\/infoecos.com.ar\/wp-content\/uploads\/2023\/03\/colegiodefarmaceuticos.jpeg\",\"contentUrl\":\"https:\/\/infoecos.com.ar\/wp-content\/uploads\/2023\/03\/colegiodefarmaceuticos.jpeg\",\"width\":1600,\"height\":1200},{\"@type\":\"BreadcrumbList\",\"@id\":\"https:\/\/infoecos.com.ar\/index.php\/salud-este-miercoles-y-en-forma-adelantada-respecto-de-anos-anteriores-comienza-la-campana-de-vacunacion-antigripal-2026\/#breadcrumb\",\"itemListElement\":[{\"@type\":\"ListItem\",\"position\":1,\"name\":\"Portada\",\"item\":\"https:\/\/infoecos.com.ar\/\"},{\"@type\":\"ListItem\",\"position\":2,\"name\":\"Trenque Lauquen: este mi\u00e9rcoles, comienza la Campa\u00f1a de Vacunaci\u00f3n Antigripal 2026\"}]},{\"@type\":\"WebSite\",\"@id\":\"https:\/\/infoecos.com.ar\/#website\",\"url\":\"https:\/\/infoecos.com.ar\/\",\"name\":\"Infoecos\",\"description\":\"Noticias de trenque lauquen y la zona\",\"publisher\":{\"@id\":\"https:\/\/infoecos.com.ar\/#organization\"},\"alternateName\":\"Noticias\",\"potentialAction\":[{\"@type\":\"SearchAction\",\"target\":{\"@type\":\"EntryPoint\",\"urlTemplate\":\"https:\/\/infoecos.com.ar\/?s={search_term_string}\"},\"query-input\":{\"@type\":\"PropertyValueSpecification\",\"valueRequired\":true,\"valueName\":\"search_term_string\"}}],\"inLanguage\":\"es\"},{\"@type\":\"Organization\",\"@id\":\"https:\/\/infoecos.com.ar\/#organization\",\"name\":\"Infoecos\",\"alternateName\":\"Noticias\",\"url\":\"https:\/\/infoecos.com.ar\/\",\"logo\":{\"@type\":\"ImageObject\",\"inLanguage\":\"es\",\"@id\":\"https:\/\/infoecos.com.ar\/#\/schema\/logo\/image\/\",\"url\":\"https:\/\/infoecos.com.ar\/wp-content\/uploads\/2024\/03\/cropped-logo.png\",\"contentUrl\":\"https:\/\/infoecos.com.ar\/wp-content\/uploads\/2024\/03\/cropped-logo.png\",\"width\":374,\"height\":90,\"caption\":\"Infoecos\"},\"image\":{\"@id\":\"https:\/\/infoecos.com.ar\/#\/schema\/logo\/image\/\"},\"sameAs\":[\"https:\/\/www.facebook.com\/profile.php?id=100063200290284\",\"https:\/\/x.com\/infoecos\"]},{\"@type\":\"Person\",\"@id\":\"https:\/\/infoecos.com.ar\/#\/schema\/person\/8f5ace5ce73b4b4aac4b7245aee6f191\",\"name\":\"Jorge Matheus\",\"url\":\"https:\/\/infoecos.com.ar\/index.php\/author\/jomatheus\/\"}]}<\/script>\n<!-- \/ Yoast SEO plugin. -->","yoast_head_json":{"title":"Trenque Lauquen: este mi\u00e9rcoles, comienza la Campa\u00f1a de Vacunaci\u00f3n Antigripal 2026 - Infoecos","robots":{"index":"index","follow":"follow","max-snippet":"max-snippet:-1","max-image-preview":"max-image-preview:large","max-video-preview":"max-video-preview:-1"},"canonical":"https:\/\/infoecos.com.ar\/index.php\/salud-este-miercoles-y-en-forma-adelantada-respecto-de-anos-anteriores-comienza-la-campana-de-vacunacion-antigripal-2026\/","og_locale":"es_ES","og_type":"article","og_title":"Trenque Lauquen: este mi\u00e9rcoles, comienza la Campa\u00f1a de Vacunaci\u00f3n Antigripal 2026 - Infoecos","og_description":"La campa\u00f1a consta de cuatro mensajes sencillos y claros: Por qu\u00e9 vacunarse contra la gripe; Qui\u00e9nes deben vacunarse; Cu\u00e1les son los mitos que frenan la vacunaci\u00f3n; y Los preparativos para vacunarse","og_url":"https:\/\/infoecos.com.ar\/index.php\/salud-este-miercoles-y-en-forma-adelantada-respecto-de-anos-anteriores-comienza-la-campana-de-vacunacion-antigripal-2026\/","og_site_name":"Infoecos","article_publisher":"https:\/\/www.facebook.com\/profile.php?id=100063200290284","article_published_time":"2026-03-10T20:57:40+00:00","article_modified_time":"2026-03-10T23:56:26+00:00","og_image":[{"width":1600,"height":1200,"url":"https:\/\/infoecos.com.ar\/wp-content\/uploads\/2023\/03\/colegiodefarmaceuticos.jpeg","type":"image\/jpeg"}],"author":"Jorge Matheus","twitter_card":"summary_large_image","twitter_creator":"@infoecos","twitter_site":"@infoecos","twitter_misc":{"Escrito por":"Jorge Matheus","Tiempo de lectura":"1 minuto"},"schema":{"@context":"https:\/\/schema.org","@graph":[{"@type":"Article","@id":"https:\/\/infoecos.com.ar\/index.php\/salud-este-miercoles-y-en-forma-adelantada-respecto-de-anos-anteriores-comienza-la-campana-de-vacunacion-antigripal-2026\/#article","isPartOf":{"@id":"https:\/\/infoecos.com.ar\/index.php\/salud-este-miercoles-y-en-forma-adelantada-respecto-de-anos-anteriores-comienza-la-campana-de-vacunacion-antigripal-2026\/"},"author":{"name":"Jorge Matheus","@id":"https:\/\/infoecos.com.ar\/#\/schema\/person\/8f5ace5ce73b4b4aac4b7245aee6f191"},"headline":"Trenque Lauquen: este mi\u00e9rcoles, comienza la Campa\u00f1a de Vacunaci\u00f3n Antigripal 2026","datePublished":"2026-03-10T20:57:40+00:00","dateModified":"2026-03-10T23:56:26+00:00","mainEntityOfPage":{"@id":"https:\/\/infoecos.com.ar\/index.php\/salud-este-miercoles-y-en-forma-adelantada-respecto-de-anos-anteriores-comienza-la-campana-de-vacunacion-antigripal-2026\/"},"wordCount":142,"publisher":{"@id":"https:\/\/infoecos.com.ar\/#organization"},"image":{"@id":"https:\/\/infoecos.com.ar\/index.php\/salud-este-miercoles-y-en-forma-adelantada-respecto-de-anos-anteriores-comienza-la-campana-de-vacunacion-antigripal-2026\/#primaryimage"},"thumbnailUrl":"https:\/\/infoecos.com.ar\/wp-content\/uploads\/2023\/03\/colegiodefarmaceuticos.jpeg","keywords":["SALUD"],"articleSection":["Noticia Principal"],"inLanguage":"es"},{"@type":"WebPage","@id":"https:\/\/infoecos.com.ar\/index.php\/salud-este-miercoles-y-en-forma-adelantada-respecto-de-anos-anteriores-comienza-la-campana-de-vacunacion-antigripal-2026\/","url":"https:\/\/infoecos.com.ar\/index.php\/salud-este-miercoles-y-en-forma-adelantada-respecto-de-anos-anteriores-comienza-la-campana-de-vacunacion-antigripal-2026\/","name":"Trenque Lauquen: este mi\u00e9rcoles, comienza la Campa\u00f1a de Vacunaci\u00f3n Antigripal 2026 - Infoecos","isPartOf":{"@id":"https:\/\/infoecos.com.ar\/#website"},"primaryImageOfPage":{"@id":"https:\/\/infoecos.com.ar\/index.php\/salud-este-miercoles-y-en-forma-adelantada-respecto-de-anos-anteriores-comienza-la-campana-de-vacunacion-antigripal-2026\/#primaryimage"},"image":{"@id":"https:\/\/infoecos.com.ar\/index.php\/salud-este-miercoles-y-en-forma-adelantada-respecto-de-anos-anteriores-comienza-la-campana-de-vacunacion-antigripal-2026\/#primaryimage"},"thumbnailUrl":"https:\/\/infoecos.com.ar\/wp-content\/uploads\/2023\/03\/colegiodefarmaceuticos.jpeg","datePublished":"2026-03-10T20:57:40+00:00","dateModified":"2026-03-10T23:56:26+00:00","breadcrumb":{"@id":"https:\/\/infoecos.com.ar\/index.php\/salud-este-miercoles-y-en-forma-adelantada-respecto-de-anos-anteriores-comienza-la-campana-de-vacunacion-antigripal-2026\/#breadcrumb"},"inLanguage":"es","potentialAction":[{"@type":"ReadAction","target":["https:\/\/infoecos.com.ar\/index.php\/salud-este-miercoles-y-en-forma-adelantada-respecto-de-anos-anteriores-comienza-la-campana-de-vacunacion-antigripal-2026\/"]}]},{"@type":"ImageObject","inLanguage":"es","@id":"https:\/\/infoecos.com.ar\/index.php\/salud-este-miercoles-y-en-forma-adelantada-respecto-de-anos-anteriores-comienza-la-campana-de-vacunacion-antigripal-2026\/#primaryimage","url":"https:\/\/infoecos.com.ar\/wp-content\/uploads\/2023\/03\/colegiodefarmaceuticos.jpeg","contentUrl":"https:\/\/infoecos.com.ar\/wp-content\/uploads\/2023\/03\/colegiodefarmaceuticos.jpeg","width":1600,"height":1200},{"@type":"BreadcrumbList","@id":"https:\/\/infoecos.com.ar\/index.php\/salud-este-miercoles-y-en-forma-adelantada-respecto-de-anos-anteriores-comienza-la-campana-de-vacunacion-antigripal-2026\/#breadcrumb","itemListElement":[{"@type":"ListItem","position":1,"name":"Portada","item":"https:\/\/infoecos.com.ar\/"},{"@type":"ListItem","position":2,"name":"Trenque Lauquen: este mi\u00e9rcoles, comienza la Campa\u00f1a de Vacunaci\u00f3n Antigripal 2026"}]},{"@type":"WebSite","@id":"https:\/\/infoecos.com.ar\/#website","url":"https:\/\/infoecos.com.ar\/","name":"Infoecos","description":"Noticias de trenque lauquen y la zona","publisher":{"@id":"https:\/\/infoecos.com.ar\/#organization"},"alternateName":"Noticias","potentialAction":[{"@type":"SearchAction","target":{"@type":"EntryPoint","urlTemplate":"https:\/\/infoecos.com.ar\/?s={search_term_string}"},"query-input":{"@type":"PropertyValueSpecification","valueRequired":true,"valueName":"search_term_string"}}],"inLanguage":"es"},{"@type":"Organization","@id":"https:\/\/infoecos.com.ar\/#organization","name":"Infoecos","alternateName":"Noticias","url":"https:\/\/infoecos.com.ar\/","logo":{"@type":"ImageObject","inLanguage":"es","@id":"https:\/\/infoecos.com.ar\/#\/schema\/logo\/image\/","url":"https:\/\/infoecos.com.ar\/wp-content\/uploads\/2024\/03\/cropped-logo.png","contentUrl":"https:\/\/infoecos.com.ar\/wp-content\/uploads\/2024\/03\/cropped-logo.png","width":374,"height":90,"caption":"Infoecos"},"image":{"@id":"https:\/\/infoecos.com.ar\/#\/schema\/logo\/image\/"},"sameAs":["https:\/\/www.facebook.com\/profile.php?id=100063200290284","https:\/\/x.com\/infoecos"]},{"@type":"Person","@id":"https:\/\/infoecos.com.ar\/#\/schema\/person\/8f5ace5ce73b4b4aac4b7245aee6f191","name":"Jorge Matheus","url":"https:\/\/infoecos.com.ar\/index.php\/author\/jomatheus\/"}]}},"featured_image_urls":{"full":["https:\/\/infoecos.com.ar\/wp-content\/uploads\/2023\/03\/colegiodefarmaceuticos.jpeg",1600,1200,false],"thumbnail":["https:\/\/infoecos.com.ar\/wp-content\/uploads\/2023\/03\/colegiodefarmaceuticos-300x150.jpeg",300,150,true],"medium":["https:\/\/infoecos.com.ar\/wp-content\/uploads\/2023\/03\/colegiodefarmaceuticos-800x600.jpeg",800,600,true],"medium_large":["https:\/\/infoecos.com.ar\/wp-content\/uploads\/2023\/03\/colegiodefarmaceuticos-768x576.jpeg",640,480,true],"large":["https:\/\/infoecos.com.ar\/wp-content\/uploads\/2023\/03\/colegiodefarmaceuticos.jpeg",640,480,false],"1536x1536":["https:\/\/infoecos.com.ar\/wp-content\/uploads\/2023\/03\/colegiodefarmaceuticos-1536x1152.jpeg",1536,1152,true],"2048x2048":["https:\/\/infoecos.com.ar\/wp-content\/uploads\/2023\/03\/colegiodefarmaceuticos.jpeg",1600,1200,false],"covernews-slider-full":["https:\/\/infoecos.com.ar\/wp-content\/uploads\/2023\/03\/colegiodefarmaceuticos-1536x1020.jpeg",1077,715,true],"covernews-slider-center":["https:\/\/infoecos.com.ar\/wp-content\/uploads\/2023\/03\/colegiodefarmaceuticos-936x897.jpeg",522,500,true],"covernews-featured":["https:\/\/infoecos.com.ar\/wp-content\/uploads\/2023\/03\/colegiodefarmaceuticos-1024x768.jpeg",1024,768,true],"covernews-medium":["https:\/\/infoecos.com.ar\/wp-content\/uploads\/2023\/03\/colegiodefarmaceuticos-720x380.jpeg",540,285,true],"covernews-medium-square":["https:\/\/infoecos.com.ar\/wp-content\/uploads\/2023\/03\/colegiodefarmaceuticos-675x450.jpeg",375,250,true]},"author_info":{"info":["Jorge Matheus"]},"category_info":"<a href=\"https:\/\/infoecos.com.ar\/index.php\/category\/noticia-principal\/\" rel=\"category tag\">Noticia Principal<\/a>","tag_info":"Noticia Principal","comment_count":"0","_links":{"self":[{"href":"https:\/\/infoecos.com.ar\/index.php\/wp-json\/wp\/v2\/posts\/154781"}],"collection":[{"href":"https:\/\/infoecos.com.ar\/index.php\/wp-json\/wp\/v2\/posts"}],"about":[{"href":"https:\/\/infoecos.com.ar\/index.php\/wp-json\/wp\/v2\/types\/post"}],"author":[{"embeddable":true,"href":"https:\/\/infoecos.com.ar\/index.php\/wp-json\/wp\/v2\/users\/2"}],"replies":[{"embeddable":true,"href":"https:\/\/infoecos.com.ar\/index.php\/wp-json\/wp\/v2\/comments?post=154781"}],"version-history":[{"count":2,"href":"https:\/\/infoecos.com.ar\/index.php\/wp-json\/wp\/v2\/posts\/154781\/revisions"}],"predecessor-version":[{"id":154807,"href":"https:\/\/infoecos.com.ar\/index.php\/wp-json\/wp\/v2\/posts\/154781\/revisions\/154807"}],"wp:featuredmedia":[{"embeddable":true,"href":"https:\/\/infoecos.com.ar\/index.php\/wp-json\/wp\/v2\/media\/102714"}],"wp:attachment":[{"href":"https:\/\/infoecos.com.ar\/index.php\/wp-json\/wp\/v2\/media?parent=154781"}],"wp:term":[{"taxonomy":"category","embeddable":true,"href":"https:\/\/infoecos.com.ar\/index.php\/wp-json\/wp\/v2\/categories?post=154781"},{"taxonomy":"post_tag","embeddable":true,"href":"https:\/\/infoecos.com.ar\/index.php\/wp-json\/wp\/v2\/tags?post=154781"}],"curies":[{"name":"wp","href":"https:\/\/api.w.org\/{rel}","templated":true}]}}