{"id":154784,"date":"2026-03-10T18:31:15","date_gmt":"2026-03-10T21:31:15","guid":{"rendered":"https:\/\/infoecos.com.ar\/?p=154784"},"modified":"2026-03-13T03:47:10","modified_gmt":"2026-03-13T06:47:10","slug":"el-ciclo-lectivo-para-el-secundario-en-el-distrito-de-rivadavia-se-puso-en-marcha-desde-el-instituto-numero-6-con-mejoras-edilicias","status":"publish","type":"post","link":"https:\/\/infoecos.com.ar\/index.php\/el-ciclo-lectivo-para-el-secundario-en-el-distrito-de-rivadavia-se-puso-en-marcha-desde-el-instituto-numero-6-con-mejoras-edilicias\/","title":{"rendered":"El ciclo lectivo del Secundario en el distrito de Rivadavia, se puso en marcha desde Fort\u00edn Olavarr\u00eda, con mejoras en el Instituto n\u00famero 6"},"content":{"rendered":"\n<p>El inicio del ciclo lectivo para la Educaci\u00f3n Secundaria en el distrito de Rivadavia se inici\u00f3 en Fort\u00edn Olavarr\u00eda, en el establecimiento n\u00famero 6. La oportunidad fue propicia para inaugurar la obra de refacci\u00f3n y refuncionalizaci\u00f3n edilicia que se llev\u00f3 adelante en la instituci\u00f3n. Los trabajos incluyeron la construcci\u00f3n y reacondicionamiento de espacios destinados a preceptor\u00eda, cocina y las oficinas del Equipo de Orientaci\u00f3n Escolar y secretaria, con el objetivo de mejorar las condiciones para el desarrollo de las tareas educativas.<\/p>\n\n\n\n<p>Participaron del acto el intendente Juanci Mart\u00ednez, el delegado de Fort\u00edn Olavarr\u00eda Ra\u00fal Echeverr\u00eda, la secretaria de Educaci\u00f3n Mercedes Garc\u00eda Duperou, la inspectora Jefe Distrital Marta Cucurull, la directora de la Escuela Secundaria N\u00b06, Patricia Echeverr\u00eda, la Arquitecta Micaela Hern\u00e1ndez, integrantes del equipo de gobierno, autoridades educativas, docentes, estudiantes y familias.<\/p>\n\n\n\n<p>El mandatario comunal expres\u00f3 en la oportunidad que \u201cInvertir en educaci\u00f3n es invertir en el futuro de nuestra comunidad. Estas mejoras permiten que estudiantes, docentes y equipos de trabajo cuenten con mejores espacios para ense\u00f1ar, aprender y acompa\u00f1ar las trayectorias educativas\u201d.<\/p>\n\n\n\n<figure class=\"wp-block-gallery has-nested-images columns-default is-cropped wp-block-gallery-1 is-layout-flex wp-block-gallery-is-layout-flex\">\n<figure class=\"wp-block-image size-large\"><img loading=\"lazy\" decoding=\"async\" width=\"1600\" height=\"1066\" data-id=\"154785\" src=\"https:\/\/infoecos.com.ar\/wp-content\/uploads\/2026\/03\/PHOTO-2026-03-09-11-45-21.jpg\" alt=\"\" class=\"wp-image-154785\" srcset=\"https:\/\/infoecos.com.ar\/wp-content\/uploads\/2026\/03\/PHOTO-2026-03-09-11-45-21.jpg 1600w, https:\/\/infoecos.com.ar\/wp-content\/uploads\/2026\/03\/PHOTO-2026-03-09-11-45-21-800x533.jpg 800w, https:\/\/infoecos.com.ar\/wp-content\/uploads\/2026\/03\/PHOTO-2026-03-09-11-45-21-768x512.jpg 768w, https:\/\/infoecos.com.ar\/wp-content\/uploads\/2026\/03\/PHOTO-2026-03-09-11-45-21-1536x1023.jpg 1536w, https:\/\/infoecos.com.ar\/wp-content\/uploads\/2026\/03\/PHOTO-2026-03-09-11-45-21-1024x682.jpg 1024w\" sizes=\"(max-width: 1600px) 100vw, 1600px\" \/><\/figure>\n\n\n\n<figure class=\"wp-block-image size-large\"><img loading=\"lazy\" decoding=\"async\" width=\"1600\" height=\"1066\" data-id=\"154786\" src=\"https:\/\/infoecos.com.ar\/wp-content\/uploads\/2026\/03\/PHOTO-2026-03-09-11-45-22-1.jpg\" alt=\"\" class=\"wp-image-154786\" srcset=\"https:\/\/infoecos.com.ar\/wp-content\/uploads\/2026\/03\/PHOTO-2026-03-09-11-45-22-1.jpg 1600w, https:\/\/infoecos.com.ar\/wp-content\/uploads\/2026\/03\/PHOTO-2026-03-09-11-45-22-1-800x533.jpg 800w, https:\/\/infoecos.com.ar\/wp-content\/uploads\/2026\/03\/PHOTO-2026-03-09-11-45-22-1-768x512.jpg 768w, https:\/\/infoecos.com.ar\/wp-content\/uploads\/2026\/03\/PHOTO-2026-03-09-11-45-22-1-1536x1023.jpg 1536w, https:\/\/infoecos.com.ar\/wp-content\/uploads\/2026\/03\/PHOTO-2026-03-09-11-45-22-1-1024x682.jpg 1024w\" sizes=\"(max-width: 1600px) 100vw, 1600px\" \/><\/figure>\n\n\n\n<figure class=\"wp-block-image size-large\"><img loading=\"lazy\" decoding=\"async\" width=\"1600\" height=\"1066\" data-id=\"154788\" src=\"https:\/\/infoecos.com.ar\/wp-content\/uploads\/2026\/03\/PHOTO-2026-03-09-11-45-22-2.jpg\" alt=\"\" class=\"wp-image-154788\" srcset=\"https:\/\/infoecos.com.ar\/wp-content\/uploads\/2026\/03\/PHOTO-2026-03-09-11-45-22-2.jpg 1600w, https:\/\/infoecos.com.ar\/wp-content\/uploads\/2026\/03\/PHOTO-2026-03-09-11-45-22-2-800x533.jpg 800w, https:\/\/infoecos.com.ar\/wp-content\/uploads\/2026\/03\/PHOTO-2026-03-09-11-45-22-2-768x512.jpg 768w, https:\/\/infoecos.com.ar\/wp-content\/uploads\/2026\/03\/PHOTO-2026-03-09-11-45-22-2-1536x1023.jpg 1536w, https:\/\/infoecos.com.ar\/wp-content\/uploads\/2026\/03\/PHOTO-2026-03-09-11-45-22-2-1024x682.jpg 1024w\" sizes=\"(max-width: 1600px) 100vw, 1600px\" \/><\/figure>\n\n\n\n<figure class=\"wp-block-image size-large\"><img loading=\"lazy\" decoding=\"async\" width=\"1600\" height=\"1066\" data-id=\"154787\" src=\"https:\/\/infoecos.com.ar\/wp-content\/uploads\/2026\/03\/PHOTO-2026-03-09-11-45-23.jpg\" alt=\"\" class=\"wp-image-154787\" srcset=\"https:\/\/infoecos.com.ar\/wp-content\/uploads\/2026\/03\/PHOTO-2026-03-09-11-45-23.jpg 1600w, https:\/\/infoecos.com.ar\/wp-content\/uploads\/2026\/03\/PHOTO-2026-03-09-11-45-23-800x533.jpg 800w, https:\/\/infoecos.com.ar\/wp-content\/uploads\/2026\/03\/PHOTO-2026-03-09-11-45-23-768x512.jpg 768w, https:\/\/infoecos.com.ar\/wp-content\/uploads\/2026\/03\/PHOTO-2026-03-09-11-45-23-1536x1023.jpg 1536w, https:\/\/infoecos.com.ar\/wp-content\/uploads\/2026\/03\/PHOTO-2026-03-09-11-45-23-1024x682.jpg 1024w\" sizes=\"(max-width: 1600px) 100vw, 1600px\" \/><\/figure>\n<\/figure>\n","protected":false},"excerpt":{"rendered":"<p>Los trabajos incluyeron la construcci\u00f3n y reacondicionamiento de espacios destinados a preceptor\u00eda, cocina y las oficinas del Equipo de Orientaci\u00f3n Escolar y secretaria, con el objetivo de mejorar las condiciones para el desarrollo de las tareas educativas<\/p>\n","protected":false},"author":2,"featured_media":154785,"comment_status":"closed","ping_status":"open","sticky":false,"template":"","format":"standard","meta":{"footnotes":""},"categories":[1],"tags":[10298],"class_list":["post-154784","post","type-post","status-publish","format-standard","has-post-thumbnail","hentry","category-sin-categoria","tag-bloque-inferior"],"yoast_head":"<!-- This site is optimized with the Yoast SEO plugin v23.4 - https:\/\/yoast.com\/wordpress\/plugins\/seo\/ -->\n<title>El ciclo lectivo del Secundario en el distrito de Rivadavia, se puso en marcha desde Fort\u00edn Olavarr\u00eda, con mejoras en el Instituto n\u00famero 6 - Infoecos<\/title>\n<meta name=\"robots\" content=\"index, follow, max-snippet:-1, max-image-preview:large, max-video-preview:-1\" \/>\n<link rel=\"canonical\" href=\"https:\/\/infoecos.com.ar\/index.php\/el-ciclo-lectivo-para-el-secundario-en-el-distrito-de-rivadavia-se-puso-en-marcha-desde-el-instituto-numero-6-con-mejoras-edilicias\/\" \/>\n<meta property=\"og:locale\" content=\"es_ES\" \/>\n<meta property=\"og:type\" content=\"article\" \/>\n<meta property=\"og:title\" content=\"El ciclo lectivo del Secundario en el distrito de Rivadavia, se puso en marcha desde Fort\u00edn Olavarr\u00eda, con mejoras en el Instituto n\u00famero 6 - Infoecos\" \/>\n<meta property=\"og:description\" content=\"Los trabajos incluyeron la construcci\u00f3n y reacondicionamiento de espacios destinados a preceptor\u00eda, cocina y las oficinas del Equipo de Orientaci\u00f3n Escolar y secretaria, con el objetivo de mejorar las condiciones para el desarrollo de las tareas educativas\" \/>\n<meta property=\"og:url\" content=\"https:\/\/infoecos.com.ar\/index.php\/el-ciclo-lectivo-para-el-secundario-en-el-distrito-de-rivadavia-se-puso-en-marcha-desde-el-instituto-numero-6-con-mejoras-edilicias\/\" \/>\n<meta property=\"og:site_name\" content=\"Infoecos\" \/>\n<meta property=\"article:publisher\" content=\"https:\/\/www.facebook.com\/profile.php?id=100063200290284\" \/>\n<meta property=\"article:published_time\" content=\"2026-03-10T21:31:15+00:00\" \/>\n<meta property=\"article:modified_time\" content=\"2026-03-13T06:47:10+00:00\" \/>\n<meta property=\"og:image\" content=\"https:\/\/infoecos.com.ar\/wp-content\/uploads\/2026\/03\/PHOTO-2026-03-09-11-45-21.jpg\" \/>\n\t<meta property=\"og:image:width\" content=\"1600\" \/>\n\t<meta property=\"og:image:height\" content=\"1066\" \/>\n\t<meta property=\"og:image:type\" content=\"image\/jpeg\" \/>\n<meta name=\"author\" content=\"Jorge Matheus\" \/>\n<meta name=\"twitter:card\" content=\"summary_large_image\" \/>\n<meta name=\"twitter:creator\" content=\"@infoecos\" \/>\n<meta name=\"twitter:site\" content=\"@infoecos\" \/>\n<meta name=\"twitter:label1\" content=\"Escrito por\" \/>\n\t<meta name=\"twitter:data1\" content=\"Jorge Matheus\" \/>\n\t<meta name=\"twitter:label2\" content=\"Tiempo de lectura\" \/>\n\t<meta name=\"twitter:data2\" content=\"2 minutos\" \/>\n<script type=\"application\/ld+json\" class=\"yoast-schema-graph\">{\"@context\":\"https:\/\/schema.org\",\"@graph\":[{\"@type\":\"Article\",\"@id\":\"https:\/\/infoecos.com.ar\/index.php\/el-ciclo-lectivo-para-el-secundario-en-el-distrito-de-rivadavia-se-puso-en-marcha-desde-el-instituto-numero-6-con-mejoras-edilicias\/#article\",\"isPartOf\":{\"@id\":\"https:\/\/infoecos.com.ar\/index.php\/el-ciclo-lectivo-para-el-secundario-en-el-distrito-de-rivadavia-se-puso-en-marcha-desde-el-instituto-numero-6-con-mejoras-edilicias\/\"},\"author\":{\"name\":\"Jorge Matheus\",\"@id\":\"https:\/\/infoecos.com.ar\/#\/schema\/person\/8f5ace5ce73b4b4aac4b7245aee6f191\"},\"headline\":\"El ciclo lectivo del Secundario en el distrito de Rivadavia, se puso en marcha desde Fort\u00edn Olavarr\u00eda, con mejoras en el Instituto n\u00famero 6\",\"datePublished\":\"2026-03-10T21:31:15+00:00\",\"dateModified\":\"2026-03-13T06:47:10+00:00\",\"mainEntityOfPage\":{\"@id\":\"https:\/\/infoecos.com.ar\/index.php\/el-ciclo-lectivo-para-el-secundario-en-el-distrito-de-rivadavia-se-puso-en-marcha-desde-el-instituto-numero-6-con-mejoras-edilicias\/\"},\"wordCount\":220,\"publisher\":{\"@id\":\"https:\/\/infoecos.com.ar\/#organization\"},\"image\":{\"@id\":\"https:\/\/infoecos.com.ar\/index.php\/el-ciclo-lectivo-para-el-secundario-en-el-distrito-de-rivadavia-se-puso-en-marcha-desde-el-instituto-numero-6-con-mejoras-edilicias\/#primaryimage\"},\"thumbnailUrl\":\"https:\/\/infoecos.com.ar\/wp-content\/uploads\/2026\/03\/PHOTO-2026-03-09-11-45-21.jpg\",\"keywords\":[\"Bloque inferior\"],\"inLanguage\":\"es\"},{\"@type\":\"WebPage\",\"@id\":\"https:\/\/infoecos.com.ar\/index.php\/el-ciclo-lectivo-para-el-secundario-en-el-distrito-de-rivadavia-se-puso-en-marcha-desde-el-instituto-numero-6-con-mejoras-edilicias\/\",\"url\":\"https:\/\/infoecos.com.ar\/index.php\/el-ciclo-lectivo-para-el-secundario-en-el-distrito-de-rivadavia-se-puso-en-marcha-desde-el-instituto-numero-6-con-mejoras-edilicias\/\",\"name\":\"El ciclo lectivo del Secundario en el distrito de Rivadavia, se puso en marcha desde Fort\u00edn Olavarr\u00eda, con mejoras en el Instituto n\u00famero 6 - Infoecos\",\"isPartOf\":{\"@id\":\"https:\/\/infoecos.com.ar\/#website\"},\"primaryImageOfPage\":{\"@id\":\"https:\/\/infoecos.com.ar\/index.php\/el-ciclo-lectivo-para-el-secundario-en-el-distrito-de-rivadavia-se-puso-en-marcha-desde-el-instituto-numero-6-con-mejoras-edilicias\/#primaryimage\"},\"image\":{\"@id\":\"https:\/\/infoecos.com.ar\/index.php\/el-ciclo-lectivo-para-el-secundario-en-el-distrito-de-rivadavia-se-puso-en-marcha-desde-el-instituto-numero-6-con-mejoras-edilicias\/#primaryimage\"},\"thumbnailUrl\":\"https:\/\/infoecos.com.ar\/wp-content\/uploads\/2026\/03\/PHOTO-2026-03-09-11-45-21.jpg\",\"datePublished\":\"2026-03-10T21:31:15+00:00\",\"dateModified\":\"2026-03-13T06:47:10+00:00\",\"breadcrumb\":{\"@id\":\"https:\/\/infoecos.com.ar\/index.php\/el-ciclo-lectivo-para-el-secundario-en-el-distrito-de-rivadavia-se-puso-en-marcha-desde-el-instituto-numero-6-con-mejoras-edilicias\/#breadcrumb\"},\"inLanguage\":\"es\",\"potentialAction\":[{\"@type\":\"ReadAction\",\"target\":[\"https:\/\/infoecos.com.ar\/index.php\/el-ciclo-lectivo-para-el-secundario-en-el-distrito-de-rivadavia-se-puso-en-marcha-desde-el-instituto-numero-6-con-mejoras-edilicias\/\"]}]},{\"@type\":\"ImageObject\",\"inLanguage\":\"es\",\"@id\":\"https:\/\/infoecos.com.ar\/index.php\/el-ciclo-lectivo-para-el-secundario-en-el-distrito-de-rivadavia-se-puso-en-marcha-desde-el-instituto-numero-6-con-mejoras-edilicias\/#primaryimage\",\"url\":\"https:\/\/infoecos.com.ar\/wp-content\/uploads\/2026\/03\/PHOTO-2026-03-09-11-45-21.jpg\",\"contentUrl\":\"https:\/\/infoecos.com.ar\/wp-content\/uploads\/2026\/03\/PHOTO-2026-03-09-11-45-21.jpg\",\"width\":1600,\"height\":1066},{\"@type\":\"BreadcrumbList\",\"@id\":\"https:\/\/infoecos.com.ar\/index.php\/el-ciclo-lectivo-para-el-secundario-en-el-distrito-de-rivadavia-se-puso-en-marcha-desde-el-instituto-numero-6-con-mejoras-edilicias\/#breadcrumb\",\"itemListElement\":[{\"@type\":\"ListItem\",\"position\":1,\"name\":\"Portada\",\"item\":\"https:\/\/infoecos.com.ar\/\"},{\"@type\":\"ListItem\",\"position\":2,\"name\":\"El ciclo lectivo del Secundario en el distrito de Rivadavia, se puso en marcha desde Fort\u00edn Olavarr\u00eda, con mejoras en el Instituto n\u00famero 6\"}]},{\"@type\":\"WebSite\",\"@id\":\"https:\/\/infoecos.com.ar\/#website\",\"url\":\"https:\/\/infoecos.com.ar\/\",\"name\":\"Infoecos\",\"description\":\"Noticias de trenque lauquen y la zona\",\"publisher\":{\"@id\":\"https:\/\/infoecos.com.ar\/#organization\"},\"alternateName\":\"Noticias\",\"potentialAction\":[{\"@type\":\"SearchAction\",\"target\":{\"@type\":\"EntryPoint\",\"urlTemplate\":\"https:\/\/infoecos.com.ar\/?s={search_term_string}\"},\"query-input\":{\"@type\":\"PropertyValueSpecification\",\"valueRequired\":true,\"valueName\":\"search_term_string\"}}],\"inLanguage\":\"es\"},{\"@type\":\"Organization\",\"@id\":\"https:\/\/infoecos.com.ar\/#organization\",\"name\":\"Infoecos\",\"alternateName\":\"Noticias\",\"url\":\"https:\/\/infoecos.com.ar\/\",\"logo\":{\"@type\":\"ImageObject\",\"inLanguage\":\"es\",\"@id\":\"https:\/\/infoecos.com.ar\/#\/schema\/logo\/image\/\",\"url\":\"https:\/\/infoecos.com.ar\/wp-content\/uploads\/2024\/03\/cropped-logo.png\",\"contentUrl\":\"https:\/\/infoecos.com.ar\/wp-content\/uploads\/2024\/03\/cropped-logo.png\",\"width\":374,\"height\":90,\"caption\":\"Infoecos\"},\"image\":{\"@id\":\"https:\/\/infoecos.com.ar\/#\/schema\/logo\/image\/\"},\"sameAs\":[\"https:\/\/www.facebook.com\/profile.php?id=100063200290284\",\"https:\/\/x.com\/infoecos\"]},{\"@type\":\"Person\",\"@id\":\"https:\/\/infoecos.com.ar\/#\/schema\/person\/8f5ace5ce73b4b4aac4b7245aee6f191\",\"name\":\"Jorge Matheus\",\"url\":\"https:\/\/infoecos.com.ar\/index.php\/author\/jomatheus\/\"}]}<\/script>\n<!-- \/ Yoast SEO plugin. -->","yoast_head_json":{"title":"El ciclo lectivo del Secundario en el distrito de Rivadavia, se puso en marcha desde Fort\u00edn Olavarr\u00eda, con mejoras en el Instituto n\u00famero 6 - Infoecos","robots":{"index":"index","follow":"follow","max-snippet":"max-snippet:-1","max-image-preview":"max-image-preview:large","max-video-preview":"max-video-preview:-1"},"canonical":"https:\/\/infoecos.com.ar\/index.php\/el-ciclo-lectivo-para-el-secundario-en-el-distrito-de-rivadavia-se-puso-en-marcha-desde-el-instituto-numero-6-con-mejoras-edilicias\/","og_locale":"es_ES","og_type":"article","og_title":"El ciclo lectivo del Secundario en el distrito de Rivadavia, se puso en marcha desde Fort\u00edn Olavarr\u00eda, con mejoras en el Instituto n\u00famero 6 - Infoecos","og_description":"Los trabajos incluyeron la construcci\u00f3n y reacondicionamiento de espacios destinados a preceptor\u00eda, cocina y las oficinas del Equipo de Orientaci\u00f3n Escolar y secretaria, con el objetivo de mejorar las condiciones para el desarrollo de las tareas educativas","og_url":"https:\/\/infoecos.com.ar\/index.php\/el-ciclo-lectivo-para-el-secundario-en-el-distrito-de-rivadavia-se-puso-en-marcha-desde-el-instituto-numero-6-con-mejoras-edilicias\/","og_site_name":"Infoecos","article_publisher":"https:\/\/www.facebook.com\/profile.php?id=100063200290284","article_published_time":"2026-03-10T21:31:15+00:00","article_modified_time":"2026-03-13T06:47:10+00:00","og_image":[{"width":1600,"height":1066,"url":"https:\/\/infoecos.com.ar\/wp-content\/uploads\/2026\/03\/PHOTO-2026-03-09-11-45-21.jpg","type":"image\/jpeg"}],"author":"Jorge Matheus","twitter_card":"summary_large_image","twitter_creator":"@infoecos","twitter_site":"@infoecos","twitter_misc":{"Escrito por":"Jorge Matheus","Tiempo de lectura":"2 minutos"},"schema":{"@context":"https:\/\/schema.org","@graph":[{"@type":"Article","@id":"https:\/\/infoecos.com.ar\/index.php\/el-ciclo-lectivo-para-el-secundario-en-el-distrito-de-rivadavia-se-puso-en-marcha-desde-el-instituto-numero-6-con-mejoras-edilicias\/#article","isPartOf":{"@id":"https:\/\/infoecos.com.ar\/index.php\/el-ciclo-lectivo-para-el-secundario-en-el-distrito-de-rivadavia-se-puso-en-marcha-desde-el-instituto-numero-6-con-mejoras-edilicias\/"},"author":{"name":"Jorge Matheus","@id":"https:\/\/infoecos.com.ar\/#\/schema\/person\/8f5ace5ce73b4b4aac4b7245aee6f191"},"headline":"El ciclo lectivo del Secundario en el distrito de Rivadavia, se puso en marcha desde Fort\u00edn Olavarr\u00eda, con mejoras en el Instituto n\u00famero 6","datePublished":"2026-03-10T21:31:15+00:00","dateModified":"2026-03-13T06:47:10+00:00","mainEntityOfPage":{"@id":"https:\/\/infoecos.com.ar\/index.php\/el-ciclo-lectivo-para-el-secundario-en-el-distrito-de-rivadavia-se-puso-en-marcha-desde-el-instituto-numero-6-con-mejoras-edilicias\/"},"wordCount":220,"publisher":{"@id":"https:\/\/infoecos.com.ar\/#organization"},"image":{"@id":"https:\/\/infoecos.com.ar\/index.php\/el-ciclo-lectivo-para-el-secundario-en-el-distrito-de-rivadavia-se-puso-en-marcha-desde-el-instituto-numero-6-con-mejoras-edilicias\/#primaryimage"},"thumbnailUrl":"https:\/\/infoecos.com.ar\/wp-content\/uploads\/2026\/03\/PHOTO-2026-03-09-11-45-21.jpg","keywords":["Bloque inferior"],"inLanguage":"es"},{"@type":"WebPage","@id":"https:\/\/infoecos.com.ar\/index.php\/el-ciclo-lectivo-para-el-secundario-en-el-distrito-de-rivadavia-se-puso-en-marcha-desde-el-instituto-numero-6-con-mejoras-edilicias\/","url":"https:\/\/infoecos.com.ar\/index.php\/el-ciclo-lectivo-para-el-secundario-en-el-distrito-de-rivadavia-se-puso-en-marcha-desde-el-instituto-numero-6-con-mejoras-edilicias\/","name":"El ciclo lectivo del Secundario en el distrito de Rivadavia, se puso en marcha desde Fort\u00edn Olavarr\u00eda, con mejoras en el Instituto n\u00famero 6 - Infoecos","isPartOf":{"@id":"https:\/\/infoecos.com.ar\/#website"},"primaryImageOfPage":{"@id":"https:\/\/infoecos.com.ar\/index.php\/el-ciclo-lectivo-para-el-secundario-en-el-distrito-de-rivadavia-se-puso-en-marcha-desde-el-instituto-numero-6-con-mejoras-edilicias\/#primaryimage"},"image":{"@id":"https:\/\/infoecos.com.ar\/index.php\/el-ciclo-lectivo-para-el-secundario-en-el-distrito-de-rivadavia-se-puso-en-marcha-desde-el-instituto-numero-6-con-mejoras-edilicias\/#primaryimage"},"thumbnailUrl":"https:\/\/infoecos.com.ar\/wp-content\/uploads\/2026\/03\/PHOTO-2026-03-09-11-45-21.jpg","datePublished":"2026-03-10T21:31:15+00:00","dateModified":"2026-03-13T06:47:10+00:00","breadcrumb":{"@id":"https:\/\/infoecos.com.ar\/index.php\/el-ciclo-lectivo-para-el-secundario-en-el-distrito-de-rivadavia-se-puso-en-marcha-desde-el-instituto-numero-6-con-mejoras-edilicias\/#breadcrumb"},"inLanguage":"es","potentialAction":[{"@type":"ReadAction","target":["https:\/\/infoecos.com.ar\/index.php\/el-ciclo-lectivo-para-el-secundario-en-el-distrito-de-rivadavia-se-puso-en-marcha-desde-el-instituto-numero-6-con-mejoras-edilicias\/"]}]},{"@type":"ImageObject","inLanguage":"es","@id":"https:\/\/infoecos.com.ar\/index.php\/el-ciclo-lectivo-para-el-secundario-en-el-distrito-de-rivadavia-se-puso-en-marcha-desde-el-instituto-numero-6-con-mejoras-edilicias\/#primaryimage","url":"https:\/\/infoecos.com.ar\/wp-content\/uploads\/2026\/03\/PHOTO-2026-03-09-11-45-21.jpg","contentUrl":"https:\/\/infoecos.com.ar\/wp-content\/uploads\/2026\/03\/PHOTO-2026-03-09-11-45-21.jpg","width":1600,"height":1066},{"@type":"BreadcrumbList","@id":"https:\/\/infoecos.com.ar\/index.php\/el-ciclo-lectivo-para-el-secundario-en-el-distrito-de-rivadavia-se-puso-en-marcha-desde-el-instituto-numero-6-con-mejoras-edilicias\/#breadcrumb","itemListElement":[{"@type":"ListItem","position":1,"name":"Portada","item":"https:\/\/infoecos.com.ar\/"},{"@type":"ListItem","position":2,"name":"El ciclo lectivo del Secundario en el distrito de Rivadavia, se puso en marcha desde Fort\u00edn Olavarr\u00eda, con mejoras en el Instituto n\u00famero 6"}]},{"@type":"WebSite","@id":"https:\/\/infoecos.com.ar\/#website","url":"https:\/\/infoecos.com.ar\/","name":"Infoecos","description":"Noticias de trenque lauquen y la zona","publisher":{"@id":"https:\/\/infoecos.com.ar\/#organization"},"alternateName":"Noticias","potentialAction":[{"@type":"SearchAction","target":{"@type":"EntryPoint","urlTemplate":"https:\/\/infoecos.com.ar\/?s={search_term_string}"},"query-input":{"@type":"PropertyValueSpecification","valueRequired":true,"valueName":"search_term_string"}}],"inLanguage":"es"},{"@type":"Organization","@id":"https:\/\/infoecos.com.ar\/#organization","name":"Infoecos","alternateName":"Noticias","url":"https:\/\/infoecos.com.ar\/","logo":{"@type":"ImageObject","inLanguage":"es","@id":"https:\/\/infoecos.com.ar\/#\/schema\/logo\/image\/","url":"https:\/\/infoecos.com.ar\/wp-content\/uploads\/2024\/03\/cropped-logo.png","contentUrl":"https:\/\/infoecos.com.ar\/wp-content\/uploads\/2024\/03\/cropped-logo.png","width":374,"height":90,"caption":"Infoecos"},"image":{"@id":"https:\/\/infoecos.com.ar\/#\/schema\/logo\/image\/"},"sameAs":["https:\/\/www.facebook.com\/profile.php?id=100063200290284","https:\/\/x.com\/infoecos"]},{"@type":"Person","@id":"https:\/\/infoecos.com.ar\/#\/schema\/person\/8f5ace5ce73b4b4aac4b7245aee6f191","name":"Jorge Matheus","url":"https:\/\/infoecos.com.ar\/index.php\/author\/jomatheus\/"}]}},"featured_image_urls":{"full":["https:\/\/infoecos.com.ar\/wp-content\/uploads\/2026\/03\/PHOTO-2026-03-09-11-45-21.jpg",1600,1066,false],"thumbnail":["https:\/\/infoecos.com.ar\/wp-content\/uploads\/2026\/03\/PHOTO-2026-03-09-11-45-21-300x150.jpg",300,150,true],"medium":["https:\/\/infoecos.com.ar\/wp-content\/uploads\/2026\/03\/PHOTO-2026-03-09-11-45-21-800x533.jpg",800,533,true],"medium_large":["https:\/\/infoecos.com.ar\/wp-content\/uploads\/2026\/03\/PHOTO-2026-03-09-11-45-21-768x512.jpg",640,427,true],"large":["https:\/\/infoecos.com.ar\/wp-content\/uploads\/2026\/03\/PHOTO-2026-03-09-11-45-21.jpg",640,426,false],"1536x1536":["https:\/\/infoecos.com.ar\/wp-content\/uploads\/2026\/03\/PHOTO-2026-03-09-11-45-21-1536x1023.jpg",1536,1023,true],"2048x2048":["https:\/\/infoecos.com.ar\/wp-content\/uploads\/2026\/03\/PHOTO-2026-03-09-11-45-21.jpg",1600,1066,false],"covernews-slider-full":["https:\/\/infoecos.com.ar\/wp-content\/uploads\/2026\/03\/PHOTO-2026-03-09-11-45-21-1115x715.jpg",1115,715,true],"covernews-slider-center":["https:\/\/infoecos.com.ar\/wp-content\/uploads\/2026\/03\/PHOTO-2026-03-09-11-45-21-800x500.jpg",800,500,true],"covernews-featured":["https:\/\/infoecos.com.ar\/wp-content\/uploads\/2026\/03\/PHOTO-2026-03-09-11-45-21-1024x682.jpg",1024,682,true],"covernews-medium":["https:\/\/infoecos.com.ar\/wp-content\/uploads\/2026\/03\/PHOTO-2026-03-09-11-45-21-540x340.jpg",540,340,true],"covernews-medium-square":["https:\/\/infoecos.com.ar\/wp-content\/uploads\/2026\/03\/PHOTO-2026-03-09-11-45-21-400x250.jpg",400,250,true]},"author_info":{"info":["Jorge Matheus"]},"category_info":"<a href=\"https:\/\/infoecos.com.ar\/index.php\/category\/sin-categoria\/\" rel=\"category tag\">Sin categor\u00eda<\/a>","tag_info":"Sin categor\u00eda","comment_count":"0","_links":{"self":[{"href":"https:\/\/infoecos.com.ar\/index.php\/wp-json\/wp\/v2\/posts\/154784"}],"collection":[{"href":"https:\/\/infoecos.com.ar\/index.php\/wp-json\/wp\/v2\/posts"}],"about":[{"href":"https:\/\/infoecos.com.ar\/index.php\/wp-json\/wp\/v2\/types\/post"}],"author":[{"embeddable":true,"href":"https:\/\/infoecos.com.ar\/index.php\/wp-json\/wp\/v2\/users\/2"}],"replies":[{"embeddable":true,"href":"https:\/\/infoecos.com.ar\/index.php\/wp-json\/wp\/v2\/comments?post=154784"}],"version-history":[{"count":2,"href":"https:\/\/infoecos.com.ar\/index.php\/wp-json\/wp\/v2\/posts\/154784\/revisions"}],"predecessor-version":[{"id":154791,"href":"https:\/\/infoecos.com.ar\/index.php\/wp-json\/wp\/v2\/posts\/154784\/revisions\/154791"}],"wp:featuredmedia":[{"embeddable":true,"href":"https:\/\/infoecos.com.ar\/index.php\/wp-json\/wp\/v2\/media\/154785"}],"wp:attachment":[{"href":"https:\/\/infoecos.com.ar\/index.php\/wp-json\/wp\/v2\/media?parent=154784"}],"wp:term":[{"taxonomy":"category","embeddable":true,"href":"https:\/\/infoecos.com.ar\/index.php\/wp-json\/wp\/v2\/categories?post=154784"},{"taxonomy":"post_tag","embeddable":true,"href":"https:\/\/infoecos.com.ar\/index.php\/wp-json\/wp\/v2\/tags?post=154784"}],"curies":[{"name":"wp","href":"https:\/\/api.w.org\/{rel}","templated":true}]}}