{"id":154799,"date":"2026-03-10T20:35:37","date_gmt":"2026-03-10T23:35:37","guid":{"rendered":"https:\/\/infoecos.com.ar\/?p=154799"},"modified":"2026-03-13T03:44:34","modified_gmt":"2026-03-13T06:44:34","slug":"se-dio-inicio-al-ciclo-lectivo-de-la-universidad-tecnologica-nacional-en-general-villegas","status":"publish","type":"post","link":"https:\/\/infoecos.com.ar\/index.php\/se-dio-inicio-al-ciclo-lectivo-de-la-universidad-tecnologica-nacional-en-general-villegas\/","title":{"rendered":"Se dio inicio al ciclo lectivo de la Universidad Tecnol\u00f3gica Nacional en General Villegas."},"content":{"rendered":"\n<p>Con un acto realizado en el CEAM, se dio inicio al ciclo lectivo de la Universidad Tecnol\u00f3gica Nacional en General Villegas.<\/p>\n\n\n\n<p>Este a\u00f1o se dictan las carreras de Ingenier\u00eda Industrial, Ingenier\u00eda en Sistemas de Informaci\u00f3n, Tecnicatura en Bromatolog\u00eda y Medio Ambiente, Tecnicatura en Contabilidad y Tributaci\u00f3n y Tecnicatura Universitaria en Gesti\u00f3n de Tecnolog\u00edas Agropecuarias.<\/p>\n\n\n\n<p>El acto fue presidido por el intendente Gilberto Alegre, acompa\u00f1ado por la directora de Educaci\u00f3n Mar\u00eda Luj\u00e1n Ottaviano, la coordinadora acad\u00e9mica Mar\u00eda Pepi, la secretaria acad\u00e9mica de UTN Trenque Lauquen Mercedes Pagella y el coordinador general Guillermo Autelli. Tambi\u00e9n estuvieron presentes estudiantes, docentes y los coordinadores de UTN en General Villegas, Roc\u00edo Cufr\u00e9 y Federico Rafael.<\/p>\n\n\n\n<figure class=\"wp-block-gallery has-nested-images columns-default is-cropped wp-block-gallery-1 is-layout-flex wp-block-gallery-is-layout-flex\">\n<figure class=\"wp-block-image size-large\"><img loading=\"lazy\" decoding=\"async\" width=\"643\" height=\"456\" data-id=\"154800\" src=\"https:\/\/infoecos.com.ar\/wp-content\/uploads\/2026\/03\/generalvillegas1.jpeg\" alt=\"\" class=\"wp-image-154800\"\/><\/figure>\n\n\n\n<figure class=\"wp-block-image size-large\"><img loading=\"lazy\" decoding=\"async\" width=\"1244\" height=\"837\" data-id=\"154802\" src=\"https:\/\/infoecos.com.ar\/wp-content\/uploads\/2026\/03\/generalvillegas2.jpeg\" alt=\"\" class=\"wp-image-154802\" srcset=\"https:\/\/infoecos.com.ar\/wp-content\/uploads\/2026\/03\/generalvillegas2.jpeg 1244w, https:\/\/infoecos.com.ar\/wp-content\/uploads\/2026\/03\/generalvillegas2-800x538.jpeg 800w, https:\/\/infoecos.com.ar\/wp-content\/uploads\/2026\/03\/generalvillegas2-768x517.jpeg 768w, https:\/\/infoecos.com.ar\/wp-content\/uploads\/2026\/03\/generalvillegas2-1024x689.jpeg 1024w\" sizes=\"(max-width: 1244px) 100vw, 1244px\" \/><\/figure>\n\n\n\n<figure class=\"wp-block-image size-large\"><img loading=\"lazy\" decoding=\"async\" width=\"985\" height=\"701\" data-id=\"154801\" src=\"https:\/\/infoecos.com.ar\/wp-content\/uploads\/2026\/03\/generalvillegas3.jpeg\" alt=\"\" class=\"wp-image-154801\" srcset=\"https:\/\/infoecos.com.ar\/wp-content\/uploads\/2026\/03\/generalvillegas3.jpeg 985w, https:\/\/infoecos.com.ar\/wp-content\/uploads\/2026\/03\/generalvillegas3-800x569.jpeg 800w, https:\/\/infoecos.com.ar\/wp-content\/uploads\/2026\/03\/generalvillegas3-768x547.jpeg 768w\" sizes=\"(max-width: 985px) 100vw, 985px\" \/><\/figure>\n<\/figure>\n","protected":false},"excerpt":{"rendered":"<p>Este a\u00f1o se dictan las carreras de Ingenier\u00eda Industrial, Ingenier\u00eda en Sistemas de Informaci\u00f3n, Tecnicatura en Bromatolog\u00eda y Medio Ambiente, Tecnicatura en Contabilidad y Tributaci\u00f3n y Tecnicatura Universitaria en Gesti\u00f3n de Tecnolog\u00edas Agropecuarias<\/p>\n","protected":false},"author":2,"featured_media":154802,"comment_status":"closed","ping_status":"open","sticky":false,"template":"","format":"standard","meta":{"footnotes":""},"categories":[1],"tags":[10298],"class_list":["post-154799","post","type-post","status-publish","format-standard","has-post-thumbnail","hentry","category-sin-categoria","tag-bloque-inferior"],"yoast_head":"<!-- This site is optimized with the Yoast SEO plugin v23.4 - https:\/\/yoast.com\/wordpress\/plugins\/seo\/ -->\n<title>Se dio inicio al ciclo lectivo de la Universidad Tecnol\u00f3gica Nacional en General Villegas. - Infoecos<\/title>\n<meta name=\"robots\" content=\"index, follow, max-snippet:-1, max-image-preview:large, max-video-preview:-1\" \/>\n<link rel=\"canonical\" href=\"https:\/\/infoecos.com.ar\/index.php\/se-dio-inicio-al-ciclo-lectivo-de-la-universidad-tecnologica-nacional-en-general-villegas\/\" \/>\n<meta property=\"og:locale\" content=\"es_ES\" \/>\n<meta property=\"og:type\" content=\"article\" \/>\n<meta property=\"og:title\" content=\"Se dio inicio al ciclo lectivo de la Universidad Tecnol\u00f3gica Nacional en General Villegas. - Infoecos\" \/>\n<meta property=\"og:description\" content=\"Este a\u00f1o se dictan las carreras de Ingenier\u00eda Industrial, Ingenier\u00eda en Sistemas de Informaci\u00f3n, Tecnicatura en Bromatolog\u00eda y Medio Ambiente, Tecnicatura en Contabilidad y Tributaci\u00f3n y Tecnicatura Universitaria en Gesti\u00f3n de Tecnolog\u00edas Agropecuarias\" \/>\n<meta property=\"og:url\" content=\"https:\/\/infoecos.com.ar\/index.php\/se-dio-inicio-al-ciclo-lectivo-de-la-universidad-tecnologica-nacional-en-general-villegas\/\" \/>\n<meta property=\"og:site_name\" content=\"Infoecos\" \/>\n<meta property=\"article:publisher\" content=\"https:\/\/www.facebook.com\/profile.php?id=100063200290284\" \/>\n<meta property=\"article:published_time\" content=\"2026-03-10T23:35:37+00:00\" \/>\n<meta property=\"article:modified_time\" content=\"2026-03-13T06:44:34+00:00\" \/>\n<meta property=\"og:image\" content=\"https:\/\/infoecos.com.ar\/wp-content\/uploads\/2026\/03\/generalvillegas2.jpeg\" \/>\n\t<meta property=\"og:image:width\" content=\"1244\" \/>\n\t<meta property=\"og:image:height\" content=\"837\" \/>\n\t<meta property=\"og:image:type\" content=\"image\/jpeg\" \/>\n<meta name=\"author\" content=\"Jorge Matheus\" \/>\n<meta name=\"twitter:card\" content=\"summary_large_image\" \/>\n<meta name=\"twitter:creator\" content=\"@infoecos\" \/>\n<meta name=\"twitter:site\" content=\"@infoecos\" \/>\n<meta name=\"twitter:label1\" content=\"Escrito por\" \/>\n\t<meta name=\"twitter:data1\" content=\"Jorge Matheus\" \/>\n\t<meta name=\"twitter:label2\" content=\"Tiempo de lectura\" \/>\n\t<meta name=\"twitter:data2\" content=\"2 minutos\" \/>\n<script type=\"application\/ld+json\" class=\"yoast-schema-graph\">{\"@context\":\"https:\/\/schema.org\",\"@graph\":[{\"@type\":\"Article\",\"@id\":\"https:\/\/infoecos.com.ar\/index.php\/se-dio-inicio-al-ciclo-lectivo-de-la-universidad-tecnologica-nacional-en-general-villegas\/#article\",\"isPartOf\":{\"@id\":\"https:\/\/infoecos.com.ar\/index.php\/se-dio-inicio-al-ciclo-lectivo-de-la-universidad-tecnologica-nacional-en-general-villegas\/\"},\"author\":{\"name\":\"Jorge Matheus\",\"@id\":\"https:\/\/infoecos.com.ar\/#\/schema\/person\/8f5ace5ce73b4b4aac4b7245aee6f191\"},\"headline\":\"Se dio inicio al ciclo lectivo de la Universidad Tecnol\u00f3gica Nacional en General Villegas.\",\"datePublished\":\"2026-03-10T23:35:37+00:00\",\"dateModified\":\"2026-03-13T06:44:34+00:00\",\"mainEntityOfPage\":{\"@id\":\"https:\/\/infoecos.com.ar\/index.php\/se-dio-inicio-al-ciclo-lectivo-de-la-universidad-tecnologica-nacional-en-general-villegas\/\"},\"wordCount\":143,\"publisher\":{\"@id\":\"https:\/\/infoecos.com.ar\/#organization\"},\"image\":{\"@id\":\"https:\/\/infoecos.com.ar\/index.php\/se-dio-inicio-al-ciclo-lectivo-de-la-universidad-tecnologica-nacional-en-general-villegas\/#primaryimage\"},\"thumbnailUrl\":\"https:\/\/infoecos.com.ar\/wp-content\/uploads\/2026\/03\/generalvillegas2.jpeg\",\"keywords\":[\"Bloque inferior\"],\"inLanguage\":\"es\"},{\"@type\":\"WebPage\",\"@id\":\"https:\/\/infoecos.com.ar\/index.php\/se-dio-inicio-al-ciclo-lectivo-de-la-universidad-tecnologica-nacional-en-general-villegas\/\",\"url\":\"https:\/\/infoecos.com.ar\/index.php\/se-dio-inicio-al-ciclo-lectivo-de-la-universidad-tecnologica-nacional-en-general-villegas\/\",\"name\":\"Se dio inicio al ciclo lectivo de la Universidad Tecnol\u00f3gica Nacional en General Villegas. - Infoecos\",\"isPartOf\":{\"@id\":\"https:\/\/infoecos.com.ar\/#website\"},\"primaryImageOfPage\":{\"@id\":\"https:\/\/infoecos.com.ar\/index.php\/se-dio-inicio-al-ciclo-lectivo-de-la-universidad-tecnologica-nacional-en-general-villegas\/#primaryimage\"},\"image\":{\"@id\":\"https:\/\/infoecos.com.ar\/index.php\/se-dio-inicio-al-ciclo-lectivo-de-la-universidad-tecnologica-nacional-en-general-villegas\/#primaryimage\"},\"thumbnailUrl\":\"https:\/\/infoecos.com.ar\/wp-content\/uploads\/2026\/03\/generalvillegas2.jpeg\",\"datePublished\":\"2026-03-10T23:35:37+00:00\",\"dateModified\":\"2026-03-13T06:44:34+00:00\",\"breadcrumb\":{\"@id\":\"https:\/\/infoecos.com.ar\/index.php\/se-dio-inicio-al-ciclo-lectivo-de-la-universidad-tecnologica-nacional-en-general-villegas\/#breadcrumb\"},\"inLanguage\":\"es\",\"potentialAction\":[{\"@type\":\"ReadAction\",\"target\":[\"https:\/\/infoecos.com.ar\/index.php\/se-dio-inicio-al-ciclo-lectivo-de-la-universidad-tecnologica-nacional-en-general-villegas\/\"]}]},{\"@type\":\"ImageObject\",\"inLanguage\":\"es\",\"@id\":\"https:\/\/infoecos.com.ar\/index.php\/se-dio-inicio-al-ciclo-lectivo-de-la-universidad-tecnologica-nacional-en-general-villegas\/#primaryimage\",\"url\":\"https:\/\/infoecos.com.ar\/wp-content\/uploads\/2026\/03\/generalvillegas2.jpeg\",\"contentUrl\":\"https:\/\/infoecos.com.ar\/wp-content\/uploads\/2026\/03\/generalvillegas2.jpeg\",\"width\":1244,\"height\":837},{\"@type\":\"BreadcrumbList\",\"@id\":\"https:\/\/infoecos.com.ar\/index.php\/se-dio-inicio-al-ciclo-lectivo-de-la-universidad-tecnologica-nacional-en-general-villegas\/#breadcrumb\",\"itemListElement\":[{\"@type\":\"ListItem\",\"position\":1,\"name\":\"Portada\",\"item\":\"https:\/\/infoecos.com.ar\/\"},{\"@type\":\"ListItem\",\"position\":2,\"name\":\"Se dio inicio al ciclo lectivo de la Universidad Tecnol\u00f3gica Nacional en General Villegas.\"}]},{\"@type\":\"WebSite\",\"@id\":\"https:\/\/infoecos.com.ar\/#website\",\"url\":\"https:\/\/infoecos.com.ar\/\",\"name\":\"Infoecos\",\"description\":\"Noticias de trenque lauquen y la zona\",\"publisher\":{\"@id\":\"https:\/\/infoecos.com.ar\/#organization\"},\"alternateName\":\"Noticias\",\"potentialAction\":[{\"@type\":\"SearchAction\",\"target\":{\"@type\":\"EntryPoint\",\"urlTemplate\":\"https:\/\/infoecos.com.ar\/?s={search_term_string}\"},\"query-input\":{\"@type\":\"PropertyValueSpecification\",\"valueRequired\":true,\"valueName\":\"search_term_string\"}}],\"inLanguage\":\"es\"},{\"@type\":\"Organization\",\"@id\":\"https:\/\/infoecos.com.ar\/#organization\",\"name\":\"Infoecos\",\"alternateName\":\"Noticias\",\"url\":\"https:\/\/infoecos.com.ar\/\",\"logo\":{\"@type\":\"ImageObject\",\"inLanguage\":\"es\",\"@id\":\"https:\/\/infoecos.com.ar\/#\/schema\/logo\/image\/\",\"url\":\"https:\/\/infoecos.com.ar\/wp-content\/uploads\/2024\/03\/cropped-logo.png\",\"contentUrl\":\"https:\/\/infoecos.com.ar\/wp-content\/uploads\/2024\/03\/cropped-logo.png\",\"width\":374,\"height\":90,\"caption\":\"Infoecos\"},\"image\":{\"@id\":\"https:\/\/infoecos.com.ar\/#\/schema\/logo\/image\/\"},\"sameAs\":[\"https:\/\/www.facebook.com\/profile.php?id=100063200290284\",\"https:\/\/x.com\/infoecos\"]},{\"@type\":\"Person\",\"@id\":\"https:\/\/infoecos.com.ar\/#\/schema\/person\/8f5ace5ce73b4b4aac4b7245aee6f191\",\"name\":\"Jorge Matheus\",\"url\":\"https:\/\/infoecos.com.ar\/index.php\/author\/jomatheus\/\"}]}<\/script>\n<!-- \/ Yoast SEO plugin. -->","yoast_head_json":{"title":"Se dio inicio al ciclo lectivo de la Universidad Tecnol\u00f3gica Nacional en General Villegas. - Infoecos","robots":{"index":"index","follow":"follow","max-snippet":"max-snippet:-1","max-image-preview":"max-image-preview:large","max-video-preview":"max-video-preview:-1"},"canonical":"https:\/\/infoecos.com.ar\/index.php\/se-dio-inicio-al-ciclo-lectivo-de-la-universidad-tecnologica-nacional-en-general-villegas\/","og_locale":"es_ES","og_type":"article","og_title":"Se dio inicio al ciclo lectivo de la Universidad Tecnol\u00f3gica Nacional en General Villegas. - Infoecos","og_description":"Este a\u00f1o se dictan las carreras de Ingenier\u00eda Industrial, Ingenier\u00eda en Sistemas de Informaci\u00f3n, Tecnicatura en Bromatolog\u00eda y Medio Ambiente, Tecnicatura en Contabilidad y Tributaci\u00f3n y Tecnicatura Universitaria en Gesti\u00f3n de Tecnolog\u00edas Agropecuarias","og_url":"https:\/\/infoecos.com.ar\/index.php\/se-dio-inicio-al-ciclo-lectivo-de-la-universidad-tecnologica-nacional-en-general-villegas\/","og_site_name":"Infoecos","article_publisher":"https:\/\/www.facebook.com\/profile.php?id=100063200290284","article_published_time":"2026-03-10T23:35:37+00:00","article_modified_time":"2026-03-13T06:44:34+00:00","og_image":[{"width":1244,"height":837,"url":"https:\/\/infoecos.com.ar\/wp-content\/uploads\/2026\/03\/generalvillegas2.jpeg","type":"image\/jpeg"}],"author":"Jorge Matheus","twitter_card":"summary_large_image","twitter_creator":"@infoecos","twitter_site":"@infoecos","twitter_misc":{"Escrito por":"Jorge Matheus","Tiempo de lectura":"2 minutos"},"schema":{"@context":"https:\/\/schema.org","@graph":[{"@type":"Article","@id":"https:\/\/infoecos.com.ar\/index.php\/se-dio-inicio-al-ciclo-lectivo-de-la-universidad-tecnologica-nacional-en-general-villegas\/#article","isPartOf":{"@id":"https:\/\/infoecos.com.ar\/index.php\/se-dio-inicio-al-ciclo-lectivo-de-la-universidad-tecnologica-nacional-en-general-villegas\/"},"author":{"name":"Jorge Matheus","@id":"https:\/\/infoecos.com.ar\/#\/schema\/person\/8f5ace5ce73b4b4aac4b7245aee6f191"},"headline":"Se dio inicio al ciclo lectivo de la Universidad Tecnol\u00f3gica Nacional en General Villegas.","datePublished":"2026-03-10T23:35:37+00:00","dateModified":"2026-03-13T06:44:34+00:00","mainEntityOfPage":{"@id":"https:\/\/infoecos.com.ar\/index.php\/se-dio-inicio-al-ciclo-lectivo-de-la-universidad-tecnologica-nacional-en-general-villegas\/"},"wordCount":143,"publisher":{"@id":"https:\/\/infoecos.com.ar\/#organization"},"image":{"@id":"https:\/\/infoecos.com.ar\/index.php\/se-dio-inicio-al-ciclo-lectivo-de-la-universidad-tecnologica-nacional-en-general-villegas\/#primaryimage"},"thumbnailUrl":"https:\/\/infoecos.com.ar\/wp-content\/uploads\/2026\/03\/generalvillegas2.jpeg","keywords":["Bloque inferior"],"inLanguage":"es"},{"@type":"WebPage","@id":"https:\/\/infoecos.com.ar\/index.php\/se-dio-inicio-al-ciclo-lectivo-de-la-universidad-tecnologica-nacional-en-general-villegas\/","url":"https:\/\/infoecos.com.ar\/index.php\/se-dio-inicio-al-ciclo-lectivo-de-la-universidad-tecnologica-nacional-en-general-villegas\/","name":"Se dio inicio al ciclo lectivo de la Universidad Tecnol\u00f3gica Nacional en General Villegas. - Infoecos","isPartOf":{"@id":"https:\/\/infoecos.com.ar\/#website"},"primaryImageOfPage":{"@id":"https:\/\/infoecos.com.ar\/index.php\/se-dio-inicio-al-ciclo-lectivo-de-la-universidad-tecnologica-nacional-en-general-villegas\/#primaryimage"},"image":{"@id":"https:\/\/infoecos.com.ar\/index.php\/se-dio-inicio-al-ciclo-lectivo-de-la-universidad-tecnologica-nacional-en-general-villegas\/#primaryimage"},"thumbnailUrl":"https:\/\/infoecos.com.ar\/wp-content\/uploads\/2026\/03\/generalvillegas2.jpeg","datePublished":"2026-03-10T23:35:37+00:00","dateModified":"2026-03-13T06:44:34+00:00","breadcrumb":{"@id":"https:\/\/infoecos.com.ar\/index.php\/se-dio-inicio-al-ciclo-lectivo-de-la-universidad-tecnologica-nacional-en-general-villegas\/#breadcrumb"},"inLanguage":"es","potentialAction":[{"@type":"ReadAction","target":["https:\/\/infoecos.com.ar\/index.php\/se-dio-inicio-al-ciclo-lectivo-de-la-universidad-tecnologica-nacional-en-general-villegas\/"]}]},{"@type":"ImageObject","inLanguage":"es","@id":"https:\/\/infoecos.com.ar\/index.php\/se-dio-inicio-al-ciclo-lectivo-de-la-universidad-tecnologica-nacional-en-general-villegas\/#primaryimage","url":"https:\/\/infoecos.com.ar\/wp-content\/uploads\/2026\/03\/generalvillegas2.jpeg","contentUrl":"https:\/\/infoecos.com.ar\/wp-content\/uploads\/2026\/03\/generalvillegas2.jpeg","width":1244,"height":837},{"@type":"BreadcrumbList","@id":"https:\/\/infoecos.com.ar\/index.php\/se-dio-inicio-al-ciclo-lectivo-de-la-universidad-tecnologica-nacional-en-general-villegas\/#breadcrumb","itemListElement":[{"@type":"ListItem","position":1,"name":"Portada","item":"https:\/\/infoecos.com.ar\/"},{"@type":"ListItem","position":2,"name":"Se dio inicio al ciclo lectivo de la Universidad Tecnol\u00f3gica Nacional en General Villegas."}]},{"@type":"WebSite","@id":"https:\/\/infoecos.com.ar\/#website","url":"https:\/\/infoecos.com.ar\/","name":"Infoecos","description":"Noticias de trenque lauquen y la zona","publisher":{"@id":"https:\/\/infoecos.com.ar\/#organization"},"alternateName":"Noticias","potentialAction":[{"@type":"SearchAction","target":{"@type":"EntryPoint","urlTemplate":"https:\/\/infoecos.com.ar\/?s={search_term_string}"},"query-input":{"@type":"PropertyValueSpecification","valueRequired":true,"valueName":"search_term_string"}}],"inLanguage":"es"},{"@type":"Organization","@id":"https:\/\/infoecos.com.ar\/#organization","name":"Infoecos","alternateName":"Noticias","url":"https:\/\/infoecos.com.ar\/","logo":{"@type":"ImageObject","inLanguage":"es","@id":"https:\/\/infoecos.com.ar\/#\/schema\/logo\/image\/","url":"https:\/\/infoecos.com.ar\/wp-content\/uploads\/2024\/03\/cropped-logo.png","contentUrl":"https:\/\/infoecos.com.ar\/wp-content\/uploads\/2024\/03\/cropped-logo.png","width":374,"height":90,"caption":"Infoecos"},"image":{"@id":"https:\/\/infoecos.com.ar\/#\/schema\/logo\/image\/"},"sameAs":["https:\/\/www.facebook.com\/profile.php?id=100063200290284","https:\/\/x.com\/infoecos"]},{"@type":"Person","@id":"https:\/\/infoecos.com.ar\/#\/schema\/person\/8f5ace5ce73b4b4aac4b7245aee6f191","name":"Jorge Matheus","url":"https:\/\/infoecos.com.ar\/index.php\/author\/jomatheus\/"}]}},"featured_image_urls":{"full":["https:\/\/infoecos.com.ar\/wp-content\/uploads\/2026\/03\/generalvillegas2.jpeg",1244,837,false],"thumbnail":["https:\/\/infoecos.com.ar\/wp-content\/uploads\/2026\/03\/generalvillegas2-300x150.jpeg",300,150,true],"medium":["https:\/\/infoecos.com.ar\/wp-content\/uploads\/2026\/03\/generalvillegas2-800x538.jpeg",800,538,true],"medium_large":["https:\/\/infoecos.com.ar\/wp-content\/uploads\/2026\/03\/generalvillegas2-768x517.jpeg",640,431,true],"large":["https:\/\/infoecos.com.ar\/wp-content\/uploads\/2026\/03\/generalvillegas2.jpeg",640,431,false],"1536x1536":["https:\/\/infoecos.com.ar\/wp-content\/uploads\/2026\/03\/generalvillegas2.jpeg",1244,837,false],"2048x2048":["https:\/\/infoecos.com.ar\/wp-content\/uploads\/2026\/03\/generalvillegas2.jpeg",1244,837,false],"covernews-slider-full":["https:\/\/infoecos.com.ar\/wp-content\/uploads\/2026\/03\/generalvillegas2-1115x715.jpeg",1115,715,true],"covernews-slider-center":["https:\/\/infoecos.com.ar\/wp-content\/uploads\/2026\/03\/generalvillegas2-800x500.jpeg",800,500,true],"covernews-featured":["https:\/\/infoecos.com.ar\/wp-content\/uploads\/2026\/03\/generalvillegas2-1024x689.jpeg",1024,689,true],"covernews-medium":["https:\/\/infoecos.com.ar\/wp-content\/uploads\/2026\/03\/generalvillegas2-540x340.jpeg",540,340,true],"covernews-medium-square":["https:\/\/infoecos.com.ar\/wp-content\/uploads\/2026\/03\/generalvillegas2-400x250.jpeg",400,250,true]},"author_info":{"info":["Jorge Matheus"]},"category_info":"<a href=\"https:\/\/infoecos.com.ar\/index.php\/category\/sin-categoria\/\" rel=\"category tag\">Sin categor\u00eda<\/a>","tag_info":"Sin categor\u00eda","comment_count":"0","_links":{"self":[{"href":"https:\/\/infoecos.com.ar\/index.php\/wp-json\/wp\/v2\/posts\/154799"}],"collection":[{"href":"https:\/\/infoecos.com.ar\/index.php\/wp-json\/wp\/v2\/posts"}],"about":[{"href":"https:\/\/infoecos.com.ar\/index.php\/wp-json\/wp\/v2\/types\/post"}],"author":[{"embeddable":true,"href":"https:\/\/infoecos.com.ar\/index.php\/wp-json\/wp\/v2\/users\/2"}],"replies":[{"embeddable":true,"href":"https:\/\/infoecos.com.ar\/index.php\/wp-json\/wp\/v2\/comments?post=154799"}],"version-history":[{"count":1,"href":"https:\/\/infoecos.com.ar\/index.php\/wp-json\/wp\/v2\/posts\/154799\/revisions"}],"predecessor-version":[{"id":154803,"href":"https:\/\/infoecos.com.ar\/index.php\/wp-json\/wp\/v2\/posts\/154799\/revisions\/154803"}],"wp:featuredmedia":[{"embeddable":true,"href":"https:\/\/infoecos.com.ar\/index.php\/wp-json\/wp\/v2\/media\/154802"}],"wp:attachment":[{"href":"https:\/\/infoecos.com.ar\/index.php\/wp-json\/wp\/v2\/media?parent=154799"}],"wp:term":[{"taxonomy":"category","embeddable":true,"href":"https:\/\/infoecos.com.ar\/index.php\/wp-json\/wp\/v2\/categories?post=154799"},{"taxonomy":"post_tag","embeddable":true,"href":"https:\/\/infoecos.com.ar\/index.php\/wp-json\/wp\/v2\/tags?post=154799"}],"curies":[{"name":"wp","href":"https:\/\/api.w.org\/{rel}","templated":true}]}}