{"id":154812,"date":"2026-03-10T23:00:09","date_gmt":"2026-03-11T02:00:09","guid":{"rendered":"https:\/\/infoecos.com.ar\/?p=154812"},"modified":"2026-03-15T02:48:51","modified_gmt":"2026-03-15T05:48:51","slug":"estrellas-amarillas-de-la-pampa-se-reunio-con-ziliotto-y-plantearon-entre-otras-cosas-el-impacto-del-transito-pesado-de-vaca-muerta","status":"publish","type":"post","link":"https:\/\/infoecos.com.ar\/index.php\/estrellas-amarillas-de-la-pampa-se-reunio-con-ziliotto-y-plantearon-entre-otras-cosas-el-impacto-del-transito-pesado-de-vaca-muerta\/","title":{"rendered":"Estrellas Amarillas de La Pampa se reuni\u00f3 con Ziliotto y plantearon, entre otras cosas, el impacto del tr\u00e1nsito pesado de Vaca Muerta"},"content":{"rendered":"\n<p>Integrantes de la Fundaci\u00f3n Estrellas Amarillas de La Pampa se reuni\u00f3 con el gobernador de la provincia, Sergio Ziliotto.<\/p>\n\n\n\n<p>Silvia Gonz\u00e1lez, present\u00f3 un mapa de geolocalizaci\u00f3n sobre la mortalidad en las rutas pampeanas durante los \u00faltimos cinco a\u00f1os. <\/p>\n\n\n\n<p>En el encuentro se destac\u00f3 la construcci\u00f3n de la tercera v\u00eda en la Ruta 1 y el impacto del tr\u00e1nsito pesado de Vaca Muerta, se\u00f1ala <strong>El Diario de La Pampa<\/strong> en su p\u00e1gina online.<\/p>\n\n\n\n<p>Del encuentro particip\u00f3 tambi\u00e9n el ministro de Seguridad y Justicia, Horacio di N\u00e1poli, quien fue designado como el interlocutor directo para operativizar las demandas de la Fundaci\u00f3n.<\/p>\n\n\n\n<p>Uno de los temas que mayor preocupaci\u00f3n gener\u00f3 fue el deterioro de las rutas debido al incremento del tr\u00e1nsito pesado vinculado a la actividad hidrocarbur\u00edfera de Vaca Muerta. Desde la Fundaci\u00f3n advirtieron que el flujo constante de camiones en corredores como la Ruta Nacional 5 ha disparado la siniestralidad.<\/p>\n\n\n\n<p>El mandatario pampeano plante\u00f3 dos temas estrat\u00e9gicos:<\/p>\n\n\n\n<p><strong>Ruta Provincial 1:&nbsp;<\/strong>La construcci\u00f3n de una tercera v\u00eda en tramos cr\u00edticos para facilitar el sobrepaso y reducir choques frontales.<\/p>\n\n\n\n<p><strong>Reparaci\u00f3n de Rutas Nacionales:&nbsp;<\/strong>La decisi\u00f3n pol\u00edtica de Ziliotto de utilizar fondos adeudados por Naci\u00f3n para arreglar trazas de jurisdicci\u00f3n federal que hoy presentan un abandono peligroso.<\/p>\n\n\n\n<p><strong>Fuente y Foto: El Diario de La Pampa<\/strong><\/p>\n\n\n\n<figure class=\"wp-block-image aligncenter size-full is-resized\"><img loading=\"lazy\" decoding=\"async\" width=\"730\" height=\"412\" src=\"https:\/\/infoecos.com.ar\/wp-content\/uploads\/2025\/01\/image-346.png\" alt=\"\" class=\"wp-image-136418\" style=\"width:516px;height:auto\"\/><\/figure>\n\n\n\n<figure class=\"wp-block-image size-full\"><img loading=\"lazy\" decoding=\"async\" width=\"1200\" height=\"631\" src=\"https:\/\/infoecos.com.ar\/wp-content\/uploads\/2026\/03\/image-91.png\" alt=\"\" class=\"wp-image-154814\" srcset=\"https:\/\/infoecos.com.ar\/wp-content\/uploads\/2026\/03\/image-91.png 1200w, https:\/\/infoecos.com.ar\/wp-content\/uploads\/2026\/03\/image-91-800x421.png 800w, https:\/\/infoecos.com.ar\/wp-content\/uploads\/2026\/03\/image-91-768x404.png 768w, https:\/\/infoecos.com.ar\/wp-content\/uploads\/2026\/03\/image-91-1024x538.png 1024w\" sizes=\"(max-width: 1200px) 100vw, 1200px\" \/><\/figure>\n\n\n\n<p><\/p>\n\n\n\n<p><\/p>\n\n\n\n<p><\/p>\n\n\n\n<p><\/p>\n\n\n\n<p><\/p>\n\n\n\n<p><\/p>\n\n\n\n<p><\/p>\n\n\n\n<p><\/p>\n\n\n\n<p><\/p>\n\n\n\n<p><\/p>\n\n\n\n<p><\/p>\n\n\n\n<p><\/p>\n\n\n\n<p><\/p>\n\n\n\n<p><\/p>\n\n\n\n<p><\/p>\n\n\n\n<p><\/p>\n\n\n\n<p><\/p>\n\n\n\n<p><\/p>\n\n\n\n<p><\/p>\n\n\n\n<p><\/p>\n\n\n\n<p><\/p>\n\n\n\n<p><\/p>\n\n\n\n<p><\/p>\n\n\n\n<p><\/p>\n\n\n\n<p><\/p>\n\n\n\n<p><\/p>\n\n\n\n<p><\/p>\n\n\n\n<p><\/p>\n\n\n\n<p><\/p>\n\n\n\n<p><\/p>\n\n\n\n<p><\/p>\n\n\n\n<p><\/p>\n\n\n\n<p><\/p>\n\n\n\n<p><\/p>\n\n\n\n<p><\/p>\n\n\n\n<p><\/p>\n\n\n\n<p><\/p>\n\n\n\n<p><\/p>\n\n\n\n<p><\/p>\n\n\n\n<p><\/p>\n\n\n\n<p><\/p>\n\n\n\n<p><\/p>\n\n\n\n<p><\/p>\n\n\n\n<p><\/p>\n\n\n\n<p><\/p>\n\n\n\n<p><\/p>\n\n\n\n<p><\/p>\n\n\n\n<p><\/p>\n\n\n\n<p><\/p>\n\n\n\n<p><\/p>\n\n\n\n<p><\/p>\n\n\n\n<p><\/p>\n\n\n\n<p><\/p>\n\n\n\n<p><\/p>\n\n\n\n<p><\/p>\n\n\n\n<p><\/p>\n\n\n\n<p><\/p>\n\n\n\n<p><\/p>\n\n\n\n<p><\/p>\n\n\n\n<p><\/p>\n\n\n\n<p><\/p>\n\n\n\n<p><\/p>\n\n\n\n<p><\/p>\n\n\n\n<p><\/p>\n\n\n\n<p><\/p>\n\n\n\n<p><\/p>\n\n\n\n<p><\/p>\n\n\n\n<p><\/p>\n\n\n\n<p><\/p>\n\n\n\n<p><\/p>\n\n\n\n<p><\/p>\n\n\n\n<p><\/p>\n\n\n\n<p><\/p>\n\n\n\n<p><\/p>\n\n\n\n<p><\/p>\n\n\n\n<p><\/p>\n\n\n\n<p><\/p>\n\n\n\n<p><\/p>\n\n\n\n<p><\/p>\n\n\n\n<p><\/p>\n\n\n\n<p><\/p>\n\n\n\n<p><\/p>\n\n\n\n<p><\/p>\n\n\n\n<p><\/p>\n\n\n\n<p><\/p>\n\n\n\n<p><\/p>\n\n\n\n<p><\/p>\n\n\n\n<p><\/p>\n\n\n\n<p><\/p>\n\n\n\n<p><\/p>\n\n\n\n<p><\/p>\n\n\n\n<p><\/p>\n\n\n\n<p><\/p>\n\n\n\n<p><\/p>\n\n\n\n<p><\/p>\n\n\n\n<p><\/p>\n\n\n\n<p><\/p>\n\n\n\n<p><\/p>\n\n\n\n<p><\/p>\n\n\n\n<p><\/p>\n\n\n\n<p><\/p>\n\n\n\n<p><\/p>\n\n\n\n<p><\/p>\n\n\n\n<p><\/p>\n\n\n\n<p><\/p>\n\n\n\n<p><\/p>\n\n\n\n<p><\/p>\n\n\n\n<p><\/p>\n\n\n\n<p><\/p>\n\n\n\n<p><\/p>\n\n\n\n<p><\/p>\n\n\n\n<p><\/p>\n\n\n\n<p><\/p>\n\n\n\n<p><\/p>\n\n\n\n<p><\/p>\n\n\n\n<p><\/p>\n\n\n\n<p><\/p>\n\n\n\n<p><\/p>\n\n\n\n<p><\/p>\n\n\n\n<p><\/p>\n\n\n\n<p><\/p>\n\n\n\n<p><\/p>\n\n\n\n<p><\/p>\n\n\n\n<p><\/p>\n\n\n\n<p><\/p>\n\n\n\n<p><\/p>\n\n\n\n<p><\/p>\n\n\n\n<p><\/p>\n\n\n\n<p><\/p>\n\n\n\n<p><\/p>\n\n\n\n<p><\/p>\n\n\n\n<p><\/p>\n\n\n\n<p><\/p>\n\n\n\n<p><\/p>\n\n\n\n<p><\/p>\n\n\n\n<p><\/p>\n\n\n\n<p><\/p>\n\n\n\n<p><\/p>\n\n\n\n<p><\/p>\n\n\n\n<p><\/p>\n\n\n\n<p><\/p>\n\n\n\n<p><\/p>\n\n\n\n<p><\/p>\n\n\n\n<p><\/p>\n\n\n\n<p><\/p>\n\n\n\n<p><\/p>\n\n\n\n<p><\/p>\n\n\n\n<p><\/p>\n\n\n\n<p><\/p>\n\n\n\n<p><\/p>\n\n\n\n<p><\/p>\n\n\n\n<p><\/p>\n\n\n\n<p><\/p>\n\n\n\n<p><\/p>\n\n\n\n<p><\/p>\n\n\n\n<p><\/p>\n\n\n\n<p><\/p>\n\n\n\n<p><\/p>\n\n\n\n<p><\/p>\n\n\n\n<p><\/p>\n\n\n\n<p><\/p>\n\n\n\n<p><\/p>\n\n\n\n<p><\/p>\n\n\n\n<p><\/p>\n\n\n\n<p><\/p>\n\n\n\n<p><\/p>\n\n\n\n<p><\/p>\n\n\n\n<p><\/p>\n\n\n\n<p><\/p>\n\n\n\n<p><\/p>\n\n\n\n<p><\/p>\n\n\n\n<p><\/p>\n\n\n\n<p><\/p>\n\n\n\n<p><\/p>\n\n\n\n<p><\/p>\n\n\n\n<p><\/p>\n\n\n\n<p><\/p>\n\n\n\n<p><\/p>\n\n\n\n<p><\/p>\n\n\n\n<p><\/p>\n\n\n\n<p><\/p>\n\n\n\n<p><\/p>\n\n\n\n<p><\/p>\n\n\n\n<p><\/p>\n\n\n\n<p><\/p>\n\n\n\n<p><\/p>\n\n\n\n<p><\/p>\n\n\n\n<p><\/p>\n\n\n\n<p><\/p>\n\n\n\n<p><\/p>\n\n\n\n<p><\/p>\n\n\n\n<p><\/p>\n\n\n\n<p><\/p>\n\n\n\n<p><\/p>\n\n\n\n<p><\/p>\n\n\n\n<p><\/p>\n\n\n\n<p><\/p>\n\n\n\n<p><\/p>\n\n\n\n<p><\/p>\n\n\n\n<p><\/p>\n\n\n\n<p><\/p>\n\n\n\n<p><\/p>\n\n\n\n<p><\/p>\n\n\n\n<p><\/p>\n\n\n\n<p><\/p>\n\n\n\n<p><\/p>\n\n\n\n<p><\/p>\n\n\n\n<p><\/p>\n\n\n\n<p><\/p>\n\n\n\n<p><\/p>\n\n\n\n<p><\/p>\n\n\n\n<p><\/p>\n\n\n\n<p><\/p>\n\n\n\n<p><\/p>\n\n\n\n<p><\/p>\n\n\n\n<p><\/p>\n\n\n\n<p><\/p>\n\n\n\n<p><\/p>\n\n\n\n<p><\/p>\n\n\n\n<p><\/p>\n\n\n\n<p><\/p>\n\n\n\n<p><\/p>\n\n\n\n<p><\/p>\n\n\n\n<p><\/p>\n\n\n\n<p><\/p>\n\n\n\n<p><\/p>\n\n\n\n<p><\/p>\n\n\n\n<p><\/p>\n\n\n\n<p><\/p>\n\n\n\n<p><\/p>\n\n\n\n<p><\/p>\n\n\n\n<p><\/p>\n\n\n\n<p><\/p>\n\n\n\n<p><\/p>\n\n\n\n<p><\/p>\n\n\n\n<p><\/p>\n\n\n\n<p><\/p>\n\n\n\n<p><\/p>\n\n\n\n<p><\/p>\n\n\n\n<p><\/p>\n\n\n\n<p><\/p>\n\n\n\n<p><\/p>\n\n\n\n<p><\/p>\n\n\n\n<p><\/p>\n\n\n\n<p><\/p>\n\n\n\n<p><\/p>\n\n\n\n<p><\/p>\n\n\n\n<p><\/p>\n\n\n\n<p><\/p>\n\n\n\n<p><\/p>\n\n\n\n<p><\/p>\n\n\n\n<p><\/p>\n\n\n\n<p><\/p>\n\n\n\n<p><\/p>\n\n\n\n<p><\/p>\n\n\n\n<p><\/p>\n\n\n\n<p><\/p>\n\n\n\n<p><\/p>\n\n\n\n<p><\/p>\n\n\n\n<p><\/p>\n\n\n\n<p><\/p>\n\n\n\n<p><\/p>\n\n\n\n<p><\/p>\n\n\n\n<p><\/p>\n\n\n\n<p><\/p>\n\n\n\n<p><\/p>\n\n\n\n<p><\/p>\n\n\n\n<p><\/p>\n\n\n\n<p><\/p>\n\n\n\n<p><\/p>\n\n\n\n<p><\/p>\n\n\n\n<p><\/p>\n\n\n\n<p><\/p>\n\n\n\n<p><\/p>\n\n\n\n<p><\/p>\n\n\n\n<p><\/p>\n\n\n\n<p><\/p>\n\n\n\n<p><\/p>\n\n\n\n<p><\/p>\n\n\n\n<p><\/p>\n\n\n\n<p><\/p>\n\n\n\n<p><\/p>\n\n\n\n<p><\/p>\n\n\n\n<p><\/p>\n\n\n\n<p><\/p>\n\n\n\n<p><\/p>\n\n\n\n<p><\/p>\n\n\n\n<p><\/p>\n\n\n\n<p><\/p>\n\n\n\n<p><\/p>\n\n\n\n<p><\/p>\n\n\n\n<p><\/p>\n\n\n\n<p><\/p>\n\n\n\n<p><\/p>\n\n\n\n<p><\/p>\n\n\n\n<p><\/p>\n\n\n\n<p><\/p>\n\n\n\n<p><\/p>\n\n\n\n<p><\/p>\n\n\n\n<p><\/p>\n\n\n\n<p><\/p>\n\n\n\n<p><\/p>\n\n\n\n<p><\/p>\n\n\n\n<p><\/p>\n\n\n\n<p><\/p>\n\n\n\n<p><\/p>\n\n\n\n<p><\/p>\n\n\n\n<p><\/p>\n\n\n\n<p><\/p>\n\n\n\n<p><\/p>\n\n\n\n<p><\/p>\n\n\n\n<p><\/p>\n\n\n\n<p><\/p>\n\n\n\n<p><\/p>\n\n\n\n<p><\/p>\n\n\n\n<p><\/p>\n\n\n\n<p><\/p>\n\n\n\n<p><\/p>\n\n\n\n<p><\/p>\n\n\n\n<p><\/p>\n\n\n\n<p><\/p>\n\n\n\n<p><\/p>\n\n\n\n<p><\/p>\n\n\n\n<p><\/p>\n\n\n\n<p><\/p>\n\n\n\n<p><\/p>\n\n\n\n<p><\/p>\n\n\n\n<p><\/p>\n\n\n\n<p><\/p>\n\n\n\n<p><\/p>\n\n\n\n<p><\/p>\n\n\n\n<p><\/p>\n\n\n\n<p><\/p>\n\n\n\n<p><\/p>\n\n\n\n<p><\/p>\n\n\n\n<p><\/p>\n\n\n\n<p><\/p>\n\n\n\n<p><\/p>\n\n\n\n<p><\/p>\n\n\n\n<p><\/p>\n\n\n\n<p><\/p>\n\n\n\n<p><\/p>\n\n\n\n<p><\/p>\n\n\n\n<p><\/p>\n\n\n\n<p><\/p>\n\n\n\n<p><\/p>\n\n\n\n<p><\/p>\n\n\n\n<p><\/p>\n\n\n\n<p><\/p>\n\n\n\n<p><\/p>\n\n\n\n<p><\/p>\n\n\n\n<p><\/p>\n\n\n\n<p><\/p>\n\n\n\n<p><\/p>\n\n\n\n<p><\/p>\n\n\n\n<p><\/p>\n\n\n\n<p><\/p>\n\n\n\n<p><\/p>\n\n\n\n<p><\/p>\n\n\n\n<p><\/p>\n\n\n\n<p><\/p>\n\n\n\n<p><\/p>\n\n\n\n<p><\/p>\n\n\n\n<p><\/p>\n\n\n\n<p><\/p>\n\n\n\n<p><\/p>\n\n\n\n<p><\/p>\n\n\n\n<p><\/p>\n\n\n\n<p><\/p>\n\n\n\n<p><\/p>\n\n\n\n<p><\/p>\n\n\n\n<p><\/p>\n\n\n\n<p><\/p>\n\n\n\n<p><\/p>\n\n\n\n<p><\/p>\n\n\n\n<p><\/p>\n\n\n\n<p><\/p>\n\n\n\n<p><\/p>\n\n\n\n<p><\/p>\n\n\n\n<p><\/p>\n\n\n\n<p><\/p>\n\n\n\n<p><\/p>\n\n\n\n<p><\/p>\n\n\n\n<p><\/p>\n\n\n\n<p><\/p>\n\n\n\n<p><\/p>\n\n\n\n<p><\/p>\n\n\n\n<p><\/p>\n\n\n\n<p><\/p>\n\n\n\n<p><\/p>\n\n\n\n<p><\/p>\n\n\n\n<p><\/p>\n\n\n\n<p><\/p>\n\n\n\n<p><\/p>\n\n\n\n<p><\/p>\n\n\n\n<p><\/p>\n\n\n\n<p><\/p>\n\n\n\n<p><\/p>\n\n\n\n<p><\/p>\n\n\n\n<p><\/p>\n\n\n\n<p><\/p>\n\n\n\n<p><\/p>\n\n\n\n<p><\/p>\n\n\n\n<p><\/p>\n\n\n\n<p><\/p>\n\n\n\n<p><\/p>\n\n\n\n<p><\/p>\n\n\n\n<p><\/p>\n\n\n\n<p><\/p>\n\n\n\n<p><\/p>\n\n\n\n<p><\/p>\n\n\n\n<p><\/p>\n\n\n\n<p><\/p>\n\n\n\n<p><\/p>\n\n\n\n<p><\/p>\n\n\n\n<p><\/p>\n\n\n\n<p><\/p>\n\n\n\n<p><\/p>\n\n\n\n<p><\/p>\n\n\n\n<p><\/p>\n\n\n\n<p><\/p>\n\n\n\n<p><\/p>\n\n\n\n<p><\/p>\n\n\n\n<p><\/p>\n\n\n\n<p><\/p>\n\n\n\n<p><\/p>\n\n\n\n<p><\/p>\n\n\n\n<p><\/p>\n\n\n\n<p><\/p>\n\n\n\n<p><\/p>\n\n\n\n<p><\/p>\n\n\n\n<p><\/p>\n\n\n\n<p><\/p>\n\n\n\n<p><\/p>\n\n\n\n<p><\/p>\n\n\n\n<p><\/p>\n\n\n\n<p><\/p>\n\n\n\n<p><\/p>\n\n\n\n<p><\/p>\n\n\n\n<p><\/p>\n\n\n\n<p><\/p>\n\n\n\n<p><\/p>\n\n\n\n<p><\/p>\n\n\n\n<p><\/p>\n\n\n\n<p><\/p>\n\n\n\n<p><\/p>\n\n\n\n<p><\/p>\n\n\n\n<p><\/p>\n\n\n\n<p><\/p>\n\n\n\n<p><\/p>\n\n\n\n<p><\/p>\n\n\n\n<p><\/p>\n\n\n\n<p><\/p>\n\n\n\n<p><\/p>\n\n\n\n<p><\/p>\n\n\n\n<p><\/p>\n\n\n\n<p><\/p>\n\n\n\n<p><\/p>\n\n\n\n<p><\/p>\n\n\n\n<p><\/p>\n\n\n\n<p><\/p>\n\n\n\n<p><\/p>\n\n\n\n<p><\/p>\n\n\n\n<p><\/p>\n\n\n\n<p><\/p>\n\n\n\n<p><\/p>\n\n\n\n<p><\/p>\n\n\n\n<p><\/p>\n\n\n\n<p><\/p>\n\n\n\n<p><\/p>\n\n\n\n<p><\/p>\n\n\n\n<p><\/p>\n\n\n\n<p><\/p>\n\n\n\n<p><\/p>\n\n\n\n<p><\/p>\n\n\n\n<p><\/p>\n\n\n\n<p><\/p>\n\n\n\n<p><\/p>\n\n\n\n<p><\/p>\n\n\n\n<p><\/p>\n\n\n\n<p><\/p>\n\n\n\n<p><\/p>\n\n\n\n<p><\/p>\n\n\n\n<p><\/p>\n\n\n\n<p><\/p>\n\n\n\n<p><\/p>\n\n\n\n<p><\/p>\n\n\n\n<p><\/p>\n\n\n\n<p><\/p>\n\n\n\n<p><\/p>\n\n\n\n<p><\/p>\n\n\n\n<p><\/p>\n\n\n\n<p><\/p>\n\n\n\n<p><\/p>\n\n\n\n<p><\/p>\n\n\n\n<p><\/p>\n\n\n\n<p><\/p>\n\n\n\n<p><\/p>\n\n\n\n<p><\/p>\n\n\n\n<p><\/p>\n\n\n\n<p><\/p>\n\n\n\n<p><\/p>\n\n\n\n<p><\/p>\n\n\n\n<p><\/p>\n\n\n\n<p><\/p>\n\n\n\n<p><\/p>\n\n\n\n<p><\/p>\n\n\n\n<p>Uno de los temas que mayor preocupaci\u00f3n gener\u00f3 fue el deterioro de las rutas debido al incremento del tr\u00e1nsito pesado vinculado a la actividad hidrocarbur\u00edfera de Vaca Muerta. Desde la Fundaci\u00f3n advirtieron que el flujo constante de camiones en corredores como la Ruta Nacional 5 ha disparado la siniestralidad.<\/p>\n\n\n\n<p>En respuesta, el Ejecutivo repas\u00f3 dos anuncios estrat\u00e9gicos:<\/p>\n\n\n\n<p><strong>Ruta Provincial 1:&nbsp;<\/strong>La construcci\u00f3n de una tercera v\u00eda en tramos cr\u00edticos para facilitar el sobrepaso y reducir choques frontales.<\/p>\n\n\n\n<p><strong>Reparaci\u00f3n de Rutas Nacionales:&nbsp;<\/strong>La decisi\u00f3n pol\u00edtica de Ziliotto de utilizar fondos adeudados por Naci\u00f3n para arreglar trazas de jurisdicci\u00f3n federal que hoy presentan un abandono peligroso.<\/p>\n\n\n\n<p>Controles y balanzas<\/p>\n\n\n\n<p>M\u00e1s all\u00e1 del asfalto, Estrellas Amarillas insisti\u00f3 en la necesidad de controles de carga. Gonz\u00e1lez subray\u00f3 la importancia de que las balanzas funcionen de forma permanente para evitar que el exceso de peso en los camiones siga destruyendo las calzadas reci\u00e9n reparadas.<\/p>\n\n\n\n<p>Con la designaci\u00f3n de Di N\u00e1poli como nexo, se abre ahora una etapa de trabajo t\u00e9cnico para cruzar los datos de la Fundaci\u00f3n con los operativos de Seguridad Vial, buscando que las estad\u00edsticas dejen de ser solo n\u00fameros y se conviertan en pol\u00edticas de prevenci\u00f3n efectivas.<\/p>\n","protected":false},"excerpt":{"rendered":"<p>Uno de los temas que mayor preocupaci\u00f3n gener\u00f3 fue el deterioro de las rutas debido al incremento del tr\u00e1nsito pesado vinculado a la actividad hidrocarbur\u00edfera de Vaca Muerta<\/p>\n","protected":false},"author":2,"featured_media":154814,"comment_status":"closed","ping_status":"open","sticky":false,"template":"","format":"standard","meta":{"footnotes":""},"categories":[1],"tags":[10304,10298,1500],"class_list":["post-154812","post","type-post","status-publish","format-standard","has-post-thumbnail","hentry","category-sin-categoria","tag-actualidad","tag-bloque-inferior","tag-regional"],"yoast_head":"<!-- This site is optimized with the Yoast SEO plugin v23.4 - https:\/\/yoast.com\/wordpress\/plugins\/seo\/ -->\n<title>Estrellas Amarillas de La Pampa se reuni\u00f3 con Ziliotto y plantearon, entre otras cosas, el impacto del tr\u00e1nsito pesado de Vaca Muerta - Infoecos<\/title>\n<meta name=\"robots\" content=\"index, follow, max-snippet:-1, max-image-preview:large, max-video-preview:-1\" \/>\n<link rel=\"canonical\" href=\"https:\/\/infoecos.com.ar\/index.php\/estrellas-amarillas-de-la-pampa-se-reunio-con-ziliotto-y-plantearon-entre-otras-cosas-el-impacto-del-transito-pesado-de-vaca-muerta\/\" \/>\n<meta property=\"og:locale\" content=\"es_ES\" \/>\n<meta property=\"og:type\" content=\"article\" \/>\n<meta property=\"og:title\" content=\"Estrellas Amarillas de La Pampa se reuni\u00f3 con Ziliotto y plantearon, entre otras cosas, el impacto del tr\u00e1nsito pesado de Vaca Muerta - Infoecos\" \/>\n<meta property=\"og:description\" content=\"Uno de los temas que mayor preocupaci\u00f3n gener\u00f3 fue el deterioro de las rutas debido al incremento del tr\u00e1nsito pesado vinculado a la actividad hidrocarbur\u00edfera de Vaca Muerta\" \/>\n<meta property=\"og:url\" content=\"https:\/\/infoecos.com.ar\/index.php\/estrellas-amarillas-de-la-pampa-se-reunio-con-ziliotto-y-plantearon-entre-otras-cosas-el-impacto-del-transito-pesado-de-vaca-muerta\/\" \/>\n<meta property=\"og:site_name\" content=\"Infoecos\" \/>\n<meta property=\"article:publisher\" content=\"https:\/\/www.facebook.com\/profile.php?id=100063200290284\" \/>\n<meta property=\"article:published_time\" content=\"2026-03-11T02:00:09+00:00\" \/>\n<meta property=\"article:modified_time\" content=\"2026-03-15T05:48:51+00:00\" \/>\n<meta property=\"og:image\" content=\"https:\/\/infoecos.com.ar\/wp-content\/uploads\/2026\/03\/image-91.png\" \/>\n\t<meta property=\"og:image:width\" content=\"1200\" \/>\n\t<meta property=\"og:image:height\" content=\"631\" \/>\n\t<meta property=\"og:image:type\" content=\"image\/png\" \/>\n<meta name=\"author\" content=\"Jorge Matheus\" \/>\n<meta name=\"twitter:card\" content=\"summary_large_image\" \/>\n<meta name=\"twitter:creator\" content=\"@infoecos\" \/>\n<meta name=\"twitter:site\" content=\"@infoecos\" \/>\n<meta name=\"twitter:label1\" content=\"Escrito por\" \/>\n\t<meta name=\"twitter:data1\" content=\"Jorge Matheus\" \/>\n\t<meta name=\"twitter:label2\" content=\"Tiempo de lectura\" \/>\n\t<meta name=\"twitter:data2\" content=\"3 minutos\" \/>\n<script type=\"application\/ld+json\" class=\"yoast-schema-graph\">{\"@context\":\"https:\/\/schema.org\",\"@graph\":[{\"@type\":\"Article\",\"@id\":\"https:\/\/infoecos.com.ar\/index.php\/estrellas-amarillas-de-la-pampa-se-reunio-con-ziliotto-y-plantearon-entre-otras-cosas-el-impacto-del-transito-pesado-de-vaca-muerta\/#article\",\"isPartOf\":{\"@id\":\"https:\/\/infoecos.com.ar\/index.php\/estrellas-amarillas-de-la-pampa-se-reunio-con-ziliotto-y-plantearon-entre-otras-cosas-el-impacto-del-transito-pesado-de-vaca-muerta\/\"},\"author\":{\"name\":\"Jorge Matheus\",\"@id\":\"https:\/\/infoecos.com.ar\/#\/schema\/person\/8f5ace5ce73b4b4aac4b7245aee6f191\"},\"headline\":\"Estrellas Amarillas de La Pampa se reuni\u00f3 con Ziliotto y plantearon, entre otras cosas, el impacto del tr\u00e1nsito pesado de Vaca Muerta\",\"datePublished\":\"2026-03-11T02:00:09+00:00\",\"dateModified\":\"2026-03-15T05:48:51+00:00\",\"mainEntityOfPage\":{\"@id\":\"https:\/\/infoecos.com.ar\/index.php\/estrellas-amarillas-de-la-pampa-se-reunio-con-ziliotto-y-plantearon-entre-otras-cosas-el-impacto-del-transito-pesado-de-vaca-muerta\/\"},\"wordCount\":476,\"publisher\":{\"@id\":\"https:\/\/infoecos.com.ar\/#organization\"},\"image\":{\"@id\":\"https:\/\/infoecos.com.ar\/index.php\/estrellas-amarillas-de-la-pampa-se-reunio-con-ziliotto-y-plantearon-entre-otras-cosas-el-impacto-del-transito-pesado-de-vaca-muerta\/#primaryimage\"},\"thumbnailUrl\":\"https:\/\/infoecos.com.ar\/wp-content\/uploads\/2026\/03\/image-91.png\",\"keywords\":[\"Actualidad\",\"Bloque inferior\",\"REGIONAL\"],\"inLanguage\":\"es\"},{\"@type\":\"WebPage\",\"@id\":\"https:\/\/infoecos.com.ar\/index.php\/estrellas-amarillas-de-la-pampa-se-reunio-con-ziliotto-y-plantearon-entre-otras-cosas-el-impacto-del-transito-pesado-de-vaca-muerta\/\",\"url\":\"https:\/\/infoecos.com.ar\/index.php\/estrellas-amarillas-de-la-pampa-se-reunio-con-ziliotto-y-plantearon-entre-otras-cosas-el-impacto-del-transito-pesado-de-vaca-muerta\/\",\"name\":\"Estrellas Amarillas de La Pampa se reuni\u00f3 con Ziliotto y plantearon, entre otras cosas, el impacto del tr\u00e1nsito pesado de Vaca Muerta - Infoecos\",\"isPartOf\":{\"@id\":\"https:\/\/infoecos.com.ar\/#website\"},\"primaryImageOfPage\":{\"@id\":\"https:\/\/infoecos.com.ar\/index.php\/estrellas-amarillas-de-la-pampa-se-reunio-con-ziliotto-y-plantearon-entre-otras-cosas-el-impacto-del-transito-pesado-de-vaca-muerta\/#primaryimage\"},\"image\":{\"@id\":\"https:\/\/infoecos.com.ar\/index.php\/estrellas-amarillas-de-la-pampa-se-reunio-con-ziliotto-y-plantearon-entre-otras-cosas-el-impacto-del-transito-pesado-de-vaca-muerta\/#primaryimage\"},\"thumbnailUrl\":\"https:\/\/infoecos.com.ar\/wp-content\/uploads\/2026\/03\/image-91.png\",\"datePublished\":\"2026-03-11T02:00:09+00:00\",\"dateModified\":\"2026-03-15T05:48:51+00:00\",\"breadcrumb\":{\"@id\":\"https:\/\/infoecos.com.ar\/index.php\/estrellas-amarillas-de-la-pampa-se-reunio-con-ziliotto-y-plantearon-entre-otras-cosas-el-impacto-del-transito-pesado-de-vaca-muerta\/#breadcrumb\"},\"inLanguage\":\"es\",\"potentialAction\":[{\"@type\":\"ReadAction\",\"target\":[\"https:\/\/infoecos.com.ar\/index.php\/estrellas-amarillas-de-la-pampa-se-reunio-con-ziliotto-y-plantearon-entre-otras-cosas-el-impacto-del-transito-pesado-de-vaca-muerta\/\"]}]},{\"@type\":\"ImageObject\",\"inLanguage\":\"es\",\"@id\":\"https:\/\/infoecos.com.ar\/index.php\/estrellas-amarillas-de-la-pampa-se-reunio-con-ziliotto-y-plantearon-entre-otras-cosas-el-impacto-del-transito-pesado-de-vaca-muerta\/#primaryimage\",\"url\":\"https:\/\/infoecos.com.ar\/wp-content\/uploads\/2026\/03\/image-91.png\",\"contentUrl\":\"https:\/\/infoecos.com.ar\/wp-content\/uploads\/2026\/03\/image-91.png\",\"width\":1200,\"height\":631},{\"@type\":\"BreadcrumbList\",\"@id\":\"https:\/\/infoecos.com.ar\/index.php\/estrellas-amarillas-de-la-pampa-se-reunio-con-ziliotto-y-plantearon-entre-otras-cosas-el-impacto-del-transito-pesado-de-vaca-muerta\/#breadcrumb\",\"itemListElement\":[{\"@type\":\"ListItem\",\"position\":1,\"name\":\"Portada\",\"item\":\"https:\/\/infoecos.com.ar\/\"},{\"@type\":\"ListItem\",\"position\":2,\"name\":\"Estrellas Amarillas de La Pampa se reuni\u00f3 con Ziliotto y plantearon, entre otras cosas, el impacto del tr\u00e1nsito pesado de Vaca Muerta\"}]},{\"@type\":\"WebSite\",\"@id\":\"https:\/\/infoecos.com.ar\/#website\",\"url\":\"https:\/\/infoecos.com.ar\/\",\"name\":\"Infoecos\",\"description\":\"Noticias de trenque lauquen y la zona\",\"publisher\":{\"@id\":\"https:\/\/infoecos.com.ar\/#organization\"},\"alternateName\":\"Noticias\",\"potentialAction\":[{\"@type\":\"SearchAction\",\"target\":{\"@type\":\"EntryPoint\",\"urlTemplate\":\"https:\/\/infoecos.com.ar\/?s={search_term_string}\"},\"query-input\":{\"@type\":\"PropertyValueSpecification\",\"valueRequired\":true,\"valueName\":\"search_term_string\"}}],\"inLanguage\":\"es\"},{\"@type\":\"Organization\",\"@id\":\"https:\/\/infoecos.com.ar\/#organization\",\"name\":\"Infoecos\",\"alternateName\":\"Noticias\",\"url\":\"https:\/\/infoecos.com.ar\/\",\"logo\":{\"@type\":\"ImageObject\",\"inLanguage\":\"es\",\"@id\":\"https:\/\/infoecos.com.ar\/#\/schema\/logo\/image\/\",\"url\":\"https:\/\/infoecos.com.ar\/wp-content\/uploads\/2024\/03\/cropped-logo.png\",\"contentUrl\":\"https:\/\/infoecos.com.ar\/wp-content\/uploads\/2024\/03\/cropped-logo.png\",\"width\":374,\"height\":90,\"caption\":\"Infoecos\"},\"image\":{\"@id\":\"https:\/\/infoecos.com.ar\/#\/schema\/logo\/image\/\"},\"sameAs\":[\"https:\/\/www.facebook.com\/profile.php?id=100063200290284\",\"https:\/\/x.com\/infoecos\"]},{\"@type\":\"Person\",\"@id\":\"https:\/\/infoecos.com.ar\/#\/schema\/person\/8f5ace5ce73b4b4aac4b7245aee6f191\",\"name\":\"Jorge Matheus\",\"url\":\"https:\/\/infoecos.com.ar\/index.php\/author\/jomatheus\/\"}]}<\/script>\n<!-- \/ Yoast SEO plugin. -->","yoast_head_json":{"title":"Estrellas Amarillas de La Pampa se reuni\u00f3 con Ziliotto y plantearon, entre otras cosas, el impacto del tr\u00e1nsito pesado de Vaca Muerta - Infoecos","robots":{"index":"index","follow":"follow","max-snippet":"max-snippet:-1","max-image-preview":"max-image-preview:large","max-video-preview":"max-video-preview:-1"},"canonical":"https:\/\/infoecos.com.ar\/index.php\/estrellas-amarillas-de-la-pampa-se-reunio-con-ziliotto-y-plantearon-entre-otras-cosas-el-impacto-del-transito-pesado-de-vaca-muerta\/","og_locale":"es_ES","og_type":"article","og_title":"Estrellas Amarillas de La Pampa se reuni\u00f3 con Ziliotto y plantearon, entre otras cosas, el impacto del tr\u00e1nsito pesado de Vaca Muerta - Infoecos","og_description":"Uno de los temas que mayor preocupaci\u00f3n gener\u00f3 fue el deterioro de las rutas debido al incremento del tr\u00e1nsito pesado vinculado a la actividad hidrocarbur\u00edfera de Vaca Muerta","og_url":"https:\/\/infoecos.com.ar\/index.php\/estrellas-amarillas-de-la-pampa-se-reunio-con-ziliotto-y-plantearon-entre-otras-cosas-el-impacto-del-transito-pesado-de-vaca-muerta\/","og_site_name":"Infoecos","article_publisher":"https:\/\/www.facebook.com\/profile.php?id=100063200290284","article_published_time":"2026-03-11T02:00:09+00:00","article_modified_time":"2026-03-15T05:48:51+00:00","og_image":[{"width":1200,"height":631,"url":"https:\/\/infoecos.com.ar\/wp-content\/uploads\/2026\/03\/image-91.png","type":"image\/png"}],"author":"Jorge Matheus","twitter_card":"summary_large_image","twitter_creator":"@infoecos","twitter_site":"@infoecos","twitter_misc":{"Escrito por":"Jorge Matheus","Tiempo de lectura":"3 minutos"},"schema":{"@context":"https:\/\/schema.org","@graph":[{"@type":"Article","@id":"https:\/\/infoecos.com.ar\/index.php\/estrellas-amarillas-de-la-pampa-se-reunio-con-ziliotto-y-plantearon-entre-otras-cosas-el-impacto-del-transito-pesado-de-vaca-muerta\/#article","isPartOf":{"@id":"https:\/\/infoecos.com.ar\/index.php\/estrellas-amarillas-de-la-pampa-se-reunio-con-ziliotto-y-plantearon-entre-otras-cosas-el-impacto-del-transito-pesado-de-vaca-muerta\/"},"author":{"name":"Jorge Matheus","@id":"https:\/\/infoecos.com.ar\/#\/schema\/person\/8f5ace5ce73b4b4aac4b7245aee6f191"},"headline":"Estrellas Amarillas de La Pampa se reuni\u00f3 con Ziliotto y plantearon, entre otras cosas, el impacto del tr\u00e1nsito pesado de Vaca Muerta","datePublished":"2026-03-11T02:00:09+00:00","dateModified":"2026-03-15T05:48:51+00:00","mainEntityOfPage":{"@id":"https:\/\/infoecos.com.ar\/index.php\/estrellas-amarillas-de-la-pampa-se-reunio-con-ziliotto-y-plantearon-entre-otras-cosas-el-impacto-del-transito-pesado-de-vaca-muerta\/"},"wordCount":476,"publisher":{"@id":"https:\/\/infoecos.com.ar\/#organization"},"image":{"@id":"https:\/\/infoecos.com.ar\/index.php\/estrellas-amarillas-de-la-pampa-se-reunio-con-ziliotto-y-plantearon-entre-otras-cosas-el-impacto-del-transito-pesado-de-vaca-muerta\/#primaryimage"},"thumbnailUrl":"https:\/\/infoecos.com.ar\/wp-content\/uploads\/2026\/03\/image-91.png","keywords":["Actualidad","Bloque inferior","REGIONAL"],"inLanguage":"es"},{"@type":"WebPage","@id":"https:\/\/infoecos.com.ar\/index.php\/estrellas-amarillas-de-la-pampa-se-reunio-con-ziliotto-y-plantearon-entre-otras-cosas-el-impacto-del-transito-pesado-de-vaca-muerta\/","url":"https:\/\/infoecos.com.ar\/index.php\/estrellas-amarillas-de-la-pampa-se-reunio-con-ziliotto-y-plantearon-entre-otras-cosas-el-impacto-del-transito-pesado-de-vaca-muerta\/","name":"Estrellas Amarillas de La Pampa se reuni\u00f3 con Ziliotto y plantearon, entre otras cosas, el impacto del tr\u00e1nsito pesado de Vaca Muerta - Infoecos","isPartOf":{"@id":"https:\/\/infoecos.com.ar\/#website"},"primaryImageOfPage":{"@id":"https:\/\/infoecos.com.ar\/index.php\/estrellas-amarillas-de-la-pampa-se-reunio-con-ziliotto-y-plantearon-entre-otras-cosas-el-impacto-del-transito-pesado-de-vaca-muerta\/#primaryimage"},"image":{"@id":"https:\/\/infoecos.com.ar\/index.php\/estrellas-amarillas-de-la-pampa-se-reunio-con-ziliotto-y-plantearon-entre-otras-cosas-el-impacto-del-transito-pesado-de-vaca-muerta\/#primaryimage"},"thumbnailUrl":"https:\/\/infoecos.com.ar\/wp-content\/uploads\/2026\/03\/image-91.png","datePublished":"2026-03-11T02:00:09+00:00","dateModified":"2026-03-15T05:48:51+00:00","breadcrumb":{"@id":"https:\/\/infoecos.com.ar\/index.php\/estrellas-amarillas-de-la-pampa-se-reunio-con-ziliotto-y-plantearon-entre-otras-cosas-el-impacto-del-transito-pesado-de-vaca-muerta\/#breadcrumb"},"inLanguage":"es","potentialAction":[{"@type":"ReadAction","target":["https:\/\/infoecos.com.ar\/index.php\/estrellas-amarillas-de-la-pampa-se-reunio-con-ziliotto-y-plantearon-entre-otras-cosas-el-impacto-del-transito-pesado-de-vaca-muerta\/"]}]},{"@type":"ImageObject","inLanguage":"es","@id":"https:\/\/infoecos.com.ar\/index.php\/estrellas-amarillas-de-la-pampa-se-reunio-con-ziliotto-y-plantearon-entre-otras-cosas-el-impacto-del-transito-pesado-de-vaca-muerta\/#primaryimage","url":"https:\/\/infoecos.com.ar\/wp-content\/uploads\/2026\/03\/image-91.png","contentUrl":"https:\/\/infoecos.com.ar\/wp-content\/uploads\/2026\/03\/image-91.png","width":1200,"height":631},{"@type":"BreadcrumbList","@id":"https:\/\/infoecos.com.ar\/index.php\/estrellas-amarillas-de-la-pampa-se-reunio-con-ziliotto-y-plantearon-entre-otras-cosas-el-impacto-del-transito-pesado-de-vaca-muerta\/#breadcrumb","itemListElement":[{"@type":"ListItem","position":1,"name":"Portada","item":"https:\/\/infoecos.com.ar\/"},{"@type":"ListItem","position":2,"name":"Estrellas Amarillas de La Pampa se reuni\u00f3 con Ziliotto y plantearon, entre otras cosas, el impacto del tr\u00e1nsito pesado de Vaca Muerta"}]},{"@type":"WebSite","@id":"https:\/\/infoecos.com.ar\/#website","url":"https:\/\/infoecos.com.ar\/","name":"Infoecos","description":"Noticias de trenque lauquen y la zona","publisher":{"@id":"https:\/\/infoecos.com.ar\/#organization"},"alternateName":"Noticias","potentialAction":[{"@type":"SearchAction","target":{"@type":"EntryPoint","urlTemplate":"https:\/\/infoecos.com.ar\/?s={search_term_string}"},"query-input":{"@type":"PropertyValueSpecification","valueRequired":true,"valueName":"search_term_string"}}],"inLanguage":"es"},{"@type":"Organization","@id":"https:\/\/infoecos.com.ar\/#organization","name":"Infoecos","alternateName":"Noticias","url":"https:\/\/infoecos.com.ar\/","logo":{"@type":"ImageObject","inLanguage":"es","@id":"https:\/\/infoecos.com.ar\/#\/schema\/logo\/image\/","url":"https:\/\/infoecos.com.ar\/wp-content\/uploads\/2024\/03\/cropped-logo.png","contentUrl":"https:\/\/infoecos.com.ar\/wp-content\/uploads\/2024\/03\/cropped-logo.png","width":374,"height":90,"caption":"Infoecos"},"image":{"@id":"https:\/\/infoecos.com.ar\/#\/schema\/logo\/image\/"},"sameAs":["https:\/\/www.facebook.com\/profile.php?id=100063200290284","https:\/\/x.com\/infoecos"]},{"@type":"Person","@id":"https:\/\/infoecos.com.ar\/#\/schema\/person\/8f5ace5ce73b4b4aac4b7245aee6f191","name":"Jorge Matheus","url":"https:\/\/infoecos.com.ar\/index.php\/author\/jomatheus\/"}]}},"featured_image_urls":{"full":["https:\/\/infoecos.com.ar\/wp-content\/uploads\/2026\/03\/image-91.png",1200,631,false],"thumbnail":["https:\/\/infoecos.com.ar\/wp-content\/uploads\/2026\/03\/image-91-300x150.png",300,150,true],"medium":["https:\/\/infoecos.com.ar\/wp-content\/uploads\/2026\/03\/image-91-800x421.png",800,421,true],"medium_large":["https:\/\/infoecos.com.ar\/wp-content\/uploads\/2026\/03\/image-91-768x404.png",640,337,true],"large":["https:\/\/infoecos.com.ar\/wp-content\/uploads\/2026\/03\/image-91.png",640,337,false],"1536x1536":["https:\/\/infoecos.com.ar\/wp-content\/uploads\/2026\/03\/image-91.png",1200,631,false],"2048x2048":["https:\/\/infoecos.com.ar\/wp-content\/uploads\/2026\/03\/image-91.png",1200,631,false],"covernews-slider-full":["https:\/\/infoecos.com.ar\/wp-content\/uploads\/2026\/03\/image-91-1115x631.png",1115,631,true],"covernews-slider-center":["https:\/\/infoecos.com.ar\/wp-content\/uploads\/2026\/03\/image-91-800x500.png",800,500,true],"covernews-featured":["https:\/\/infoecos.com.ar\/wp-content\/uploads\/2026\/03\/image-91-1024x538.png",1024,538,true],"covernews-medium":["https:\/\/infoecos.com.ar\/wp-content\/uploads\/2026\/03\/image-91-540x340.png",540,340,true],"covernews-medium-square":["https:\/\/infoecos.com.ar\/wp-content\/uploads\/2026\/03\/image-91-400x250.png",400,250,true]},"author_info":{"info":["Jorge Matheus"]},"category_info":"<a href=\"https:\/\/infoecos.com.ar\/index.php\/category\/sin-categoria\/\" rel=\"category tag\">Sin categor\u00eda<\/a>","tag_info":"Sin categor\u00eda","comment_count":"0","_links":{"self":[{"href":"https:\/\/infoecos.com.ar\/index.php\/wp-json\/wp\/v2\/posts\/154812"}],"collection":[{"href":"https:\/\/infoecos.com.ar\/index.php\/wp-json\/wp\/v2\/posts"}],"about":[{"href":"https:\/\/infoecos.com.ar\/index.php\/wp-json\/wp\/v2\/types\/post"}],"author":[{"embeddable":true,"href":"https:\/\/infoecos.com.ar\/index.php\/wp-json\/wp\/v2\/users\/2"}],"replies":[{"embeddable":true,"href":"https:\/\/infoecos.com.ar\/index.php\/wp-json\/wp\/v2\/comments?post=154812"}],"version-history":[{"count":1,"href":"https:\/\/infoecos.com.ar\/index.php\/wp-json\/wp\/v2\/posts\/154812\/revisions"}],"predecessor-version":[{"id":154815,"href":"https:\/\/infoecos.com.ar\/index.php\/wp-json\/wp\/v2\/posts\/154812\/revisions\/154815"}],"wp:featuredmedia":[{"embeddable":true,"href":"https:\/\/infoecos.com.ar\/index.php\/wp-json\/wp\/v2\/media\/154814"}],"wp:attachment":[{"href":"https:\/\/infoecos.com.ar\/index.php\/wp-json\/wp\/v2\/media?parent=154812"}],"wp:term":[{"taxonomy":"category","embeddable":true,"href":"https:\/\/infoecos.com.ar\/index.php\/wp-json\/wp\/v2\/categories?post=154812"},{"taxonomy":"post_tag","embeddable":true,"href":"https:\/\/infoecos.com.ar\/index.php\/wp-json\/wp\/v2\/tags?post=154812"}],"curies":[{"name":"wp","href":"https:\/\/api.w.org\/{rel}","templated":true}]}}