{"id":154816,"date":"2026-03-10T23:33:25","date_gmt":"2026-03-11T02:33:25","guid":{"rendered":"https:\/\/infoecos.com.ar\/?p=154816"},"modified":"2026-03-15T02:48:23","modified_gmt":"2026-03-15T05:48:23","slug":"el-611-de-los-asalariados-se-dejo-de-alimentar-durante-el-horario-de-trabajo-senala-un-informe-de-la-universidad-catolica-argentina","status":"publish","type":"post","link":"https:\/\/infoecos.com.ar\/index.php\/el-611-de-los-asalariados-se-dejo-de-alimentar-durante-el-horario-de-trabajo-senala-un-informe-de-la-universidad-catolica-argentina\/","title":{"rendered":"\u00abEl 61,1% de los asalariados se dej\u00f3 de alimentar durante el horario de trabajo\u00bb, se\u00f1ala un informe de la Universidad Cat\u00f3lica Argentina"},"content":{"rendered":"\n<p>La\u00a0Universidad Cat\u00f3lica Argentina (UCA)\u00a0elabor\u00f3 un estudio en el que destac\u00f3, entre otras cosas, que m\u00e1s de la mitad de los asalariados saltea alguna comida, en gran parte por motivos econ\u00f3micos.<\/p>\n\n\n\n<p>En un informe que analiza los h\u00e1bitos alimentarios en la jornada laboral, la UCA concluy\u00f3 en que\u00a0el 61,1% de los asalariados se dej\u00f3 de alimentar durante su horario de trabajo por motivos econ\u00f3micos. El 46,7% de forma ocasional y otro 14,4% regularmente. La situaci\u00f3n se agrava entre los j\u00f3venes entre 18 y 29 a\u00f1os.<\/p>\n\n\n\n<p>Este fen\u00f3meno viene acompa\u00f1ado, adem\u00e1s, de una\u00a0desmejora en la calidad de la alimentaci\u00f3n. Sobre ese aspecto, el documento indic\u00f3 que el\u00a078,5% de los trabajadores\u00a0opta por alternativas\u00a0menos nutritivas. La cifra se incrementa entre quienes perciben ingresos m\u00e1s bajos (hasta $800.000 por mes) y en las peque\u00f1as empresas y en el sector p\u00fablico.<\/p>\n\n\n\n<p>En relaci\u00f3n con el gasto,<strong>\u00a0<\/strong>el 43,9%\u00a0de quienes comen durante la jornada laboral destina\u00a0entre $5000 y $10.000 por d\u00eda; el 36,1% menos de $5000 y el 20% restante gasta m\u00e1s de $10.000 diarios.<\/p>\n\n\n\n<p>En esta l\u00ednea,<strong>\u00a0<\/strong>el 22,6% de los asalariados no come durante su jornada laboral. El indicador llega al 50,1% en el Nordeste del pa\u00eds y en el sector p\u00fablico, la cifra duplica a la del privado (33% contra 17%). En el caso de los j\u00f3venes alcanza el 13%, mientras en mayores de 60 es de 32%.<\/p>\n\n\n\n<p>El estudio fue realizado por la UCA en base a 1171 casos para la firma\u00a0<em>Edenred<\/em>, una plataforma que promueve el acceso a la alimentaci\u00f3n durante la jornada laboral a trav\u00e9s de la gesti\u00f3n de servicios corporativos como vales y tarjetas de restaurantes.<\/p>\n\n\n\n<figure class=\"wp-block-image size-large\"><img loading=\"lazy\" decoding=\"async\" width=\"1600\" height=\"1200\" src=\"https:\/\/infoecos.com.ar\/wp-content\/uploads\/2026\/03\/image-92-1600x1200.png\" alt=\"\" class=\"wp-image-154817\" srcset=\"https:\/\/infoecos.com.ar\/wp-content\/uploads\/2026\/03\/image-92-1600x1200.png 1600w, https:\/\/infoecos.com.ar\/wp-content\/uploads\/2026\/03\/image-92-800x600.png 800w, https:\/\/infoecos.com.ar\/wp-content\/uploads\/2026\/03\/image-92-768x576.png 768w, https:\/\/infoecos.com.ar\/wp-content\/uploads\/2026\/03\/image-92-1536x1152.png 1536w, https:\/\/infoecos.com.ar\/wp-content\/uploads\/2026\/03\/image-92-2048x1536.png 2048w, https:\/\/infoecos.com.ar\/wp-content\/uploads\/2026\/03\/image-92-1024x768.png 1024w\" sizes=\"(max-width: 1600px) 100vw, 1600px\" \/><\/figure>\n","protected":false},"excerpt":{"rendered":"<p>Este fen\u00f3meno viene acompa\u00f1ado, adem\u00e1s, de una\u00a0desmejora en la calidad de la alimentaci\u00f3n<\/p>\n","protected":false},"author":2,"featured_media":154817,"comment_status":"closed","ping_status":"open","sticky":false,"template":"","format":"standard","meta":{"footnotes":""},"categories":[1],"tags":[10298,6831],"class_list":["post-154816","post","type-post","status-publish","format-standard","has-post-thumbnail","hentry","category-sin-categoria","tag-bloque-inferior","tag-servicios-comunitarios"],"yoast_head":"<!-- This site is optimized with the Yoast SEO plugin v23.4 - https:\/\/yoast.com\/wordpress\/plugins\/seo\/ -->\n<title>&quot;El 61,1% de los asalariados se dej\u00f3 de alimentar durante el horario de trabajo&quot;, se\u00f1ala un informe de la Universidad Cat\u00f3lica Argentina - Infoecos<\/title>\n<meta name=\"robots\" content=\"index, follow, max-snippet:-1, max-image-preview:large, max-video-preview:-1\" \/>\n<link rel=\"canonical\" href=\"https:\/\/infoecos.com.ar\/index.php\/el-611-de-los-asalariados-se-dejo-de-alimentar-durante-el-horario-de-trabajo-senala-un-informe-de-la-universidad-catolica-argentina\/\" \/>\n<meta property=\"og:locale\" content=\"es_ES\" \/>\n<meta property=\"og:type\" content=\"article\" \/>\n<meta property=\"og:title\" content=\"&quot;El 61,1% de los asalariados se dej\u00f3 de alimentar durante el horario de trabajo&quot;, se\u00f1ala un informe de la Universidad Cat\u00f3lica Argentina - Infoecos\" \/>\n<meta property=\"og:description\" content=\"Este fen\u00f3meno viene acompa\u00f1ado, adem\u00e1s, de una\u00a0desmejora en la calidad de la alimentaci\u00f3n\" \/>\n<meta property=\"og:url\" content=\"https:\/\/infoecos.com.ar\/index.php\/el-611-de-los-asalariados-se-dejo-de-alimentar-durante-el-horario-de-trabajo-senala-un-informe-de-la-universidad-catolica-argentina\/\" \/>\n<meta property=\"og:site_name\" content=\"Infoecos\" \/>\n<meta property=\"article:publisher\" content=\"https:\/\/www.facebook.com\/profile.php?id=100063200290284\" \/>\n<meta property=\"article:published_time\" content=\"2026-03-11T02:33:25+00:00\" \/>\n<meta property=\"article:modified_time\" content=\"2026-03-15T05:48:23+00:00\" \/>\n<meta property=\"og:image\" content=\"https:\/\/infoecos.com.ar\/wp-content\/uploads\/2026\/03\/image-92-1600x1200.png\" \/>\n\t<meta property=\"og:image:width\" content=\"1600\" \/>\n\t<meta property=\"og:image:height\" content=\"1200\" \/>\n\t<meta property=\"og:image:type\" content=\"image\/png\" \/>\n<meta name=\"author\" content=\"Jorge Matheus\" \/>\n<meta name=\"twitter:card\" content=\"summary_large_image\" \/>\n<meta name=\"twitter:creator\" content=\"@infoecos\" \/>\n<meta name=\"twitter:site\" content=\"@infoecos\" \/>\n<meta name=\"twitter:label1\" content=\"Escrito por\" \/>\n\t<meta name=\"twitter:data1\" content=\"Jorge Matheus\" \/>\n\t<meta name=\"twitter:label2\" content=\"Tiempo de lectura\" \/>\n\t<meta name=\"twitter:data2\" content=\"2 minutos\" \/>\n<script type=\"application\/ld+json\" class=\"yoast-schema-graph\">{\"@context\":\"https:\/\/schema.org\",\"@graph\":[{\"@type\":\"Article\",\"@id\":\"https:\/\/infoecos.com.ar\/index.php\/el-611-de-los-asalariados-se-dejo-de-alimentar-durante-el-horario-de-trabajo-senala-un-informe-de-la-universidad-catolica-argentina\/#article\",\"isPartOf\":{\"@id\":\"https:\/\/infoecos.com.ar\/index.php\/el-611-de-los-asalariados-se-dejo-de-alimentar-durante-el-horario-de-trabajo-senala-un-informe-de-la-universidad-catolica-argentina\/\"},\"author\":{\"name\":\"Jorge Matheus\",\"@id\":\"https:\/\/infoecos.com.ar\/#\/schema\/person\/8f5ace5ce73b4b4aac4b7245aee6f191\"},\"headline\":\"\u00abEl 61,1% de los asalariados se dej\u00f3 de alimentar durante el horario de trabajo\u00bb, se\u00f1ala un informe de la Universidad Cat\u00f3lica Argentina\",\"datePublished\":\"2026-03-11T02:33:25+00:00\",\"dateModified\":\"2026-03-15T05:48:23+00:00\",\"mainEntityOfPage\":{\"@id\":\"https:\/\/infoecos.com.ar\/index.php\/el-611-de-los-asalariados-se-dejo-de-alimentar-durante-el-horario-de-trabajo-senala-un-informe-de-la-universidad-catolica-argentina\/\"},\"wordCount\":302,\"publisher\":{\"@id\":\"https:\/\/infoecos.com.ar\/#organization\"},\"image\":{\"@id\":\"https:\/\/infoecos.com.ar\/index.php\/el-611-de-los-asalariados-se-dejo-de-alimentar-durante-el-horario-de-trabajo-senala-un-informe-de-la-universidad-catolica-argentina\/#primaryimage\"},\"thumbnailUrl\":\"https:\/\/infoecos.com.ar\/wp-content\/uploads\/2026\/03\/image-92.png\",\"keywords\":[\"Bloque inferior\",\"SERVICIOS COMUNITARIOS\"],\"inLanguage\":\"es\"},{\"@type\":\"WebPage\",\"@id\":\"https:\/\/infoecos.com.ar\/index.php\/el-611-de-los-asalariados-se-dejo-de-alimentar-durante-el-horario-de-trabajo-senala-un-informe-de-la-universidad-catolica-argentina\/\",\"url\":\"https:\/\/infoecos.com.ar\/index.php\/el-611-de-los-asalariados-se-dejo-de-alimentar-durante-el-horario-de-trabajo-senala-un-informe-de-la-universidad-catolica-argentina\/\",\"name\":\"\\\"El 61,1% de los asalariados se dej\u00f3 de alimentar durante el horario de trabajo\\\", se\u00f1ala un informe de la Universidad Cat\u00f3lica Argentina - Infoecos\",\"isPartOf\":{\"@id\":\"https:\/\/infoecos.com.ar\/#website\"},\"primaryImageOfPage\":{\"@id\":\"https:\/\/infoecos.com.ar\/index.php\/el-611-de-los-asalariados-se-dejo-de-alimentar-durante-el-horario-de-trabajo-senala-un-informe-de-la-universidad-catolica-argentina\/#primaryimage\"},\"image\":{\"@id\":\"https:\/\/infoecos.com.ar\/index.php\/el-611-de-los-asalariados-se-dejo-de-alimentar-durante-el-horario-de-trabajo-senala-un-informe-de-la-universidad-catolica-argentina\/#primaryimage\"},\"thumbnailUrl\":\"https:\/\/infoecos.com.ar\/wp-content\/uploads\/2026\/03\/image-92.png\",\"datePublished\":\"2026-03-11T02:33:25+00:00\",\"dateModified\":\"2026-03-15T05:48:23+00:00\",\"breadcrumb\":{\"@id\":\"https:\/\/infoecos.com.ar\/index.php\/el-611-de-los-asalariados-se-dejo-de-alimentar-durante-el-horario-de-trabajo-senala-un-informe-de-la-universidad-catolica-argentina\/#breadcrumb\"},\"inLanguage\":\"es\",\"potentialAction\":[{\"@type\":\"ReadAction\",\"target\":[\"https:\/\/infoecos.com.ar\/index.php\/el-611-de-los-asalariados-se-dejo-de-alimentar-durante-el-horario-de-trabajo-senala-un-informe-de-la-universidad-catolica-argentina\/\"]}]},{\"@type\":\"ImageObject\",\"inLanguage\":\"es\",\"@id\":\"https:\/\/infoecos.com.ar\/index.php\/el-611-de-los-asalariados-se-dejo-de-alimentar-durante-el-horario-de-trabajo-senala-un-informe-de-la-universidad-catolica-argentina\/#primaryimage\",\"url\":\"https:\/\/infoecos.com.ar\/wp-content\/uploads\/2026\/03\/image-92.png\",\"contentUrl\":\"https:\/\/infoecos.com.ar\/wp-content\/uploads\/2026\/03\/image-92.png\",\"width\":4288,\"height\":3216},{\"@type\":\"BreadcrumbList\",\"@id\":\"https:\/\/infoecos.com.ar\/index.php\/el-611-de-los-asalariados-se-dejo-de-alimentar-durante-el-horario-de-trabajo-senala-un-informe-de-la-universidad-catolica-argentina\/#breadcrumb\",\"itemListElement\":[{\"@type\":\"ListItem\",\"position\":1,\"name\":\"Portada\",\"item\":\"https:\/\/infoecos.com.ar\/\"},{\"@type\":\"ListItem\",\"position\":2,\"name\":\"\u00abEl 61,1% de los asalariados se dej\u00f3 de alimentar durante el horario de trabajo\u00bb, se\u00f1ala un informe de la Universidad Cat\u00f3lica Argentina\"}]},{\"@type\":\"WebSite\",\"@id\":\"https:\/\/infoecos.com.ar\/#website\",\"url\":\"https:\/\/infoecos.com.ar\/\",\"name\":\"Infoecos\",\"description\":\"Noticias de trenque lauquen y la zona\",\"publisher\":{\"@id\":\"https:\/\/infoecos.com.ar\/#organization\"},\"alternateName\":\"Noticias\",\"potentialAction\":[{\"@type\":\"SearchAction\",\"target\":{\"@type\":\"EntryPoint\",\"urlTemplate\":\"https:\/\/infoecos.com.ar\/?s={search_term_string}\"},\"query-input\":{\"@type\":\"PropertyValueSpecification\",\"valueRequired\":true,\"valueName\":\"search_term_string\"}}],\"inLanguage\":\"es\"},{\"@type\":\"Organization\",\"@id\":\"https:\/\/infoecos.com.ar\/#organization\",\"name\":\"Infoecos\",\"alternateName\":\"Noticias\",\"url\":\"https:\/\/infoecos.com.ar\/\",\"logo\":{\"@type\":\"ImageObject\",\"inLanguage\":\"es\",\"@id\":\"https:\/\/infoecos.com.ar\/#\/schema\/logo\/image\/\",\"url\":\"https:\/\/infoecos.com.ar\/wp-content\/uploads\/2024\/03\/cropped-logo.png\",\"contentUrl\":\"https:\/\/infoecos.com.ar\/wp-content\/uploads\/2024\/03\/cropped-logo.png\",\"width\":374,\"height\":90,\"caption\":\"Infoecos\"},\"image\":{\"@id\":\"https:\/\/infoecos.com.ar\/#\/schema\/logo\/image\/\"},\"sameAs\":[\"https:\/\/www.facebook.com\/profile.php?id=100063200290284\",\"https:\/\/x.com\/infoecos\"]},{\"@type\":\"Person\",\"@id\":\"https:\/\/infoecos.com.ar\/#\/schema\/person\/8f5ace5ce73b4b4aac4b7245aee6f191\",\"name\":\"Jorge Matheus\",\"url\":\"https:\/\/infoecos.com.ar\/index.php\/author\/jomatheus\/\"}]}<\/script>\n<!-- \/ Yoast SEO plugin. -->","yoast_head_json":{"title":"\"El 61,1% de los asalariados se dej\u00f3 de alimentar durante el horario de trabajo\", se\u00f1ala un informe de la Universidad Cat\u00f3lica Argentina - Infoecos","robots":{"index":"index","follow":"follow","max-snippet":"max-snippet:-1","max-image-preview":"max-image-preview:large","max-video-preview":"max-video-preview:-1"},"canonical":"https:\/\/infoecos.com.ar\/index.php\/el-611-de-los-asalariados-se-dejo-de-alimentar-durante-el-horario-de-trabajo-senala-un-informe-de-la-universidad-catolica-argentina\/","og_locale":"es_ES","og_type":"article","og_title":"\"El 61,1% de los asalariados se dej\u00f3 de alimentar durante el horario de trabajo\", se\u00f1ala un informe de la Universidad Cat\u00f3lica Argentina - Infoecos","og_description":"Este fen\u00f3meno viene acompa\u00f1ado, adem\u00e1s, de una\u00a0desmejora en la calidad de la alimentaci\u00f3n","og_url":"https:\/\/infoecos.com.ar\/index.php\/el-611-de-los-asalariados-se-dejo-de-alimentar-durante-el-horario-de-trabajo-senala-un-informe-de-la-universidad-catolica-argentina\/","og_site_name":"Infoecos","article_publisher":"https:\/\/www.facebook.com\/profile.php?id=100063200290284","article_published_time":"2026-03-11T02:33:25+00:00","article_modified_time":"2026-03-15T05:48:23+00:00","og_image":[{"width":1600,"height":1200,"url":"https:\/\/infoecos.com.ar\/wp-content\/uploads\/2026\/03\/image-92-1600x1200.png","type":"image\/png"}],"author":"Jorge Matheus","twitter_card":"summary_large_image","twitter_creator":"@infoecos","twitter_site":"@infoecos","twitter_misc":{"Escrito por":"Jorge Matheus","Tiempo de lectura":"2 minutos"},"schema":{"@context":"https:\/\/schema.org","@graph":[{"@type":"Article","@id":"https:\/\/infoecos.com.ar\/index.php\/el-611-de-los-asalariados-se-dejo-de-alimentar-durante-el-horario-de-trabajo-senala-un-informe-de-la-universidad-catolica-argentina\/#article","isPartOf":{"@id":"https:\/\/infoecos.com.ar\/index.php\/el-611-de-los-asalariados-se-dejo-de-alimentar-durante-el-horario-de-trabajo-senala-un-informe-de-la-universidad-catolica-argentina\/"},"author":{"name":"Jorge Matheus","@id":"https:\/\/infoecos.com.ar\/#\/schema\/person\/8f5ace5ce73b4b4aac4b7245aee6f191"},"headline":"\u00abEl 61,1% de los asalariados se dej\u00f3 de alimentar durante el horario de trabajo\u00bb, se\u00f1ala un informe de la Universidad Cat\u00f3lica Argentina","datePublished":"2026-03-11T02:33:25+00:00","dateModified":"2026-03-15T05:48:23+00:00","mainEntityOfPage":{"@id":"https:\/\/infoecos.com.ar\/index.php\/el-611-de-los-asalariados-se-dejo-de-alimentar-durante-el-horario-de-trabajo-senala-un-informe-de-la-universidad-catolica-argentina\/"},"wordCount":302,"publisher":{"@id":"https:\/\/infoecos.com.ar\/#organization"},"image":{"@id":"https:\/\/infoecos.com.ar\/index.php\/el-611-de-los-asalariados-se-dejo-de-alimentar-durante-el-horario-de-trabajo-senala-un-informe-de-la-universidad-catolica-argentina\/#primaryimage"},"thumbnailUrl":"https:\/\/infoecos.com.ar\/wp-content\/uploads\/2026\/03\/image-92.png","keywords":["Bloque inferior","SERVICIOS COMUNITARIOS"],"inLanguage":"es"},{"@type":"WebPage","@id":"https:\/\/infoecos.com.ar\/index.php\/el-611-de-los-asalariados-se-dejo-de-alimentar-durante-el-horario-de-trabajo-senala-un-informe-de-la-universidad-catolica-argentina\/","url":"https:\/\/infoecos.com.ar\/index.php\/el-611-de-los-asalariados-se-dejo-de-alimentar-durante-el-horario-de-trabajo-senala-un-informe-de-la-universidad-catolica-argentina\/","name":"\"El 61,1% de los asalariados se dej\u00f3 de alimentar durante el horario de trabajo\", se\u00f1ala un informe de la Universidad Cat\u00f3lica Argentina - Infoecos","isPartOf":{"@id":"https:\/\/infoecos.com.ar\/#website"},"primaryImageOfPage":{"@id":"https:\/\/infoecos.com.ar\/index.php\/el-611-de-los-asalariados-se-dejo-de-alimentar-durante-el-horario-de-trabajo-senala-un-informe-de-la-universidad-catolica-argentina\/#primaryimage"},"image":{"@id":"https:\/\/infoecos.com.ar\/index.php\/el-611-de-los-asalariados-se-dejo-de-alimentar-durante-el-horario-de-trabajo-senala-un-informe-de-la-universidad-catolica-argentina\/#primaryimage"},"thumbnailUrl":"https:\/\/infoecos.com.ar\/wp-content\/uploads\/2026\/03\/image-92.png","datePublished":"2026-03-11T02:33:25+00:00","dateModified":"2026-03-15T05:48:23+00:00","breadcrumb":{"@id":"https:\/\/infoecos.com.ar\/index.php\/el-611-de-los-asalariados-se-dejo-de-alimentar-durante-el-horario-de-trabajo-senala-un-informe-de-la-universidad-catolica-argentina\/#breadcrumb"},"inLanguage":"es","potentialAction":[{"@type":"ReadAction","target":["https:\/\/infoecos.com.ar\/index.php\/el-611-de-los-asalariados-se-dejo-de-alimentar-durante-el-horario-de-trabajo-senala-un-informe-de-la-universidad-catolica-argentina\/"]}]},{"@type":"ImageObject","inLanguage":"es","@id":"https:\/\/infoecos.com.ar\/index.php\/el-611-de-los-asalariados-se-dejo-de-alimentar-durante-el-horario-de-trabajo-senala-un-informe-de-la-universidad-catolica-argentina\/#primaryimage","url":"https:\/\/infoecos.com.ar\/wp-content\/uploads\/2026\/03\/image-92.png","contentUrl":"https:\/\/infoecos.com.ar\/wp-content\/uploads\/2026\/03\/image-92.png","width":4288,"height":3216},{"@type":"BreadcrumbList","@id":"https:\/\/infoecos.com.ar\/index.php\/el-611-de-los-asalariados-se-dejo-de-alimentar-durante-el-horario-de-trabajo-senala-un-informe-de-la-universidad-catolica-argentina\/#breadcrumb","itemListElement":[{"@type":"ListItem","position":1,"name":"Portada","item":"https:\/\/infoecos.com.ar\/"},{"@type":"ListItem","position":2,"name":"\u00abEl 61,1% de los asalariados se dej\u00f3 de alimentar durante el horario de trabajo\u00bb, se\u00f1ala un informe de la Universidad Cat\u00f3lica Argentina"}]},{"@type":"WebSite","@id":"https:\/\/infoecos.com.ar\/#website","url":"https:\/\/infoecos.com.ar\/","name":"Infoecos","description":"Noticias de trenque lauquen y la zona","publisher":{"@id":"https:\/\/infoecos.com.ar\/#organization"},"alternateName":"Noticias","potentialAction":[{"@type":"SearchAction","target":{"@type":"EntryPoint","urlTemplate":"https:\/\/infoecos.com.ar\/?s={search_term_string}"},"query-input":{"@type":"PropertyValueSpecification","valueRequired":true,"valueName":"search_term_string"}}],"inLanguage":"es"},{"@type":"Organization","@id":"https:\/\/infoecos.com.ar\/#organization","name":"Infoecos","alternateName":"Noticias","url":"https:\/\/infoecos.com.ar\/","logo":{"@type":"ImageObject","inLanguage":"es","@id":"https:\/\/infoecos.com.ar\/#\/schema\/logo\/image\/","url":"https:\/\/infoecos.com.ar\/wp-content\/uploads\/2024\/03\/cropped-logo.png","contentUrl":"https:\/\/infoecos.com.ar\/wp-content\/uploads\/2024\/03\/cropped-logo.png","width":374,"height":90,"caption":"Infoecos"},"image":{"@id":"https:\/\/infoecos.com.ar\/#\/schema\/logo\/image\/"},"sameAs":["https:\/\/www.facebook.com\/profile.php?id=100063200290284","https:\/\/x.com\/infoecos"]},{"@type":"Person","@id":"https:\/\/infoecos.com.ar\/#\/schema\/person\/8f5ace5ce73b4b4aac4b7245aee6f191","name":"Jorge Matheus","url":"https:\/\/infoecos.com.ar\/index.php\/author\/jomatheus\/"}]}},"featured_image_urls":{"full":["https:\/\/infoecos.com.ar\/wp-content\/uploads\/2026\/03\/image-92.png",4288,3216,false],"thumbnail":["https:\/\/infoecos.com.ar\/wp-content\/uploads\/2026\/03\/image-92-300x150.png",300,150,true],"medium":["https:\/\/infoecos.com.ar\/wp-content\/uploads\/2026\/03\/image-92-800x600.png",800,600,true],"medium_large":["https:\/\/infoecos.com.ar\/wp-content\/uploads\/2026\/03\/image-92-768x576.png",640,480,true],"large":["https:\/\/infoecos.com.ar\/wp-content\/uploads\/2026\/03\/image-92-1600x1200.png",640,480,true],"1536x1536":["https:\/\/infoecos.com.ar\/wp-content\/uploads\/2026\/03\/image-92-1536x1152.png",1536,1152,true],"2048x2048":["https:\/\/infoecos.com.ar\/wp-content\/uploads\/2026\/03\/image-92-2048x1536.png",2048,1536,true],"covernews-slider-full":["https:\/\/infoecos.com.ar\/wp-content\/uploads\/2026\/03\/image-92-1115x715.png",1115,715,true],"covernews-slider-center":["https:\/\/infoecos.com.ar\/wp-content\/uploads\/2026\/03\/image-92-800x500.png",800,500,true],"covernews-featured":["https:\/\/infoecos.com.ar\/wp-content\/uploads\/2026\/03\/image-92-1024x768.png",1024,768,true],"covernews-medium":["https:\/\/infoecos.com.ar\/wp-content\/uploads\/2026\/03\/image-92-540x340.png",540,340,true],"covernews-medium-square":["https:\/\/infoecos.com.ar\/wp-content\/uploads\/2026\/03\/image-92-400x250.png",400,250,true]},"author_info":{"info":["Jorge Matheus"]},"category_info":"<a href=\"https:\/\/infoecos.com.ar\/index.php\/category\/sin-categoria\/\" rel=\"category tag\">Sin categor\u00eda<\/a>","tag_info":"Sin categor\u00eda","comment_count":"0","_links":{"self":[{"href":"https:\/\/infoecos.com.ar\/index.php\/wp-json\/wp\/v2\/posts\/154816"}],"collection":[{"href":"https:\/\/infoecos.com.ar\/index.php\/wp-json\/wp\/v2\/posts"}],"about":[{"href":"https:\/\/infoecos.com.ar\/index.php\/wp-json\/wp\/v2\/types\/post"}],"author":[{"embeddable":true,"href":"https:\/\/infoecos.com.ar\/index.php\/wp-json\/wp\/v2\/users\/2"}],"replies":[{"embeddable":true,"href":"https:\/\/infoecos.com.ar\/index.php\/wp-json\/wp\/v2\/comments?post=154816"}],"version-history":[{"count":1,"href":"https:\/\/infoecos.com.ar\/index.php\/wp-json\/wp\/v2\/posts\/154816\/revisions"}],"predecessor-version":[{"id":154818,"href":"https:\/\/infoecos.com.ar\/index.php\/wp-json\/wp\/v2\/posts\/154816\/revisions\/154818"}],"wp:featuredmedia":[{"embeddable":true,"href":"https:\/\/infoecos.com.ar\/index.php\/wp-json\/wp\/v2\/media\/154817"}],"wp:attachment":[{"href":"https:\/\/infoecos.com.ar\/index.php\/wp-json\/wp\/v2\/media?parent=154816"}],"wp:term":[{"taxonomy":"category","embeddable":true,"href":"https:\/\/infoecos.com.ar\/index.php\/wp-json\/wp\/v2\/categories?post=154816"},{"taxonomy":"post_tag","embeddable":true,"href":"https:\/\/infoecos.com.ar\/index.php\/wp-json\/wp\/v2\/tags?post=154816"}],"curies":[{"name":"wp","href":"https:\/\/api.w.org\/{rel}","templated":true}]}}