{"id":154819,"date":"2026-03-11T00:58:24","date_gmt":"2026-03-11T03:58:24","guid":{"rendered":"https:\/\/infoecos.com.ar\/?p=154819"},"modified":"2026-03-15T02:47:40","modified_gmt":"2026-03-15T05:47:40","slug":"trenque-lauquen-cumplira-150-anos-y-ya-se-conoce-parte-del-programa-el-sabado-11-se-presentara-q-lokura","status":"publish","type":"post","link":"https:\/\/infoecos.com.ar\/index.php\/trenque-lauquen-cumplira-150-anos-y-ya-se-conoce-parte-del-programa-el-sabado-11-se-presentara-q-lokura\/","title":{"rendered":"Trenque Lauquen cumplir\u00e1 150 a\u00f1os y ya se conoce parte del programa: el s\u00e1bado 11 se presentar\u00e1 Q\u2019 Lokura"},"content":{"rendered":"\n<p>150\u00ba aniversario de Trenque Lauquen. <\/p>\n\n\n\n<p>Ya se anticiparon algunas de las actividades a concretar en el fin de semana del aniversario, 11 y 12 de Abril, fechas en que se desarrollar\u00e1n los actos centrales. <\/p>\n\n\n\n<p>El s\u00e1bado 11 se presentar\u00e1 Q\u2019 Lokura en la cancha del Club Deportivo Barrio Alegre.<\/p>\n\n\n\n<figure class=\"wp-block-image aligncenter size-large is-resized\"><img loading=\"lazy\" decoding=\"async\" width=\"1600\" height=\"1200\" src=\"https:\/\/infoecos.com.ar\/wp-content\/uploads\/2026\/03\/image-93-1600x1200.png\" alt=\"\" class=\"wp-image-154820\" style=\"width:290px;height:auto\" srcset=\"https:\/\/infoecos.com.ar\/wp-content\/uploads\/2026\/03\/image-93-1600x1200.png 1600w, https:\/\/infoecos.com.ar\/wp-content\/uploads\/2026\/03\/image-93-800x600.png 800w, https:\/\/infoecos.com.ar\/wp-content\/uploads\/2026\/03\/image-93-768x576.png 768w, https:\/\/infoecos.com.ar\/wp-content\/uploads\/2026\/03\/image-93-1536x1152.png 1536w, https:\/\/infoecos.com.ar\/wp-content\/uploads\/2026\/03\/image-93-1024x768.png 1024w, https:\/\/infoecos.com.ar\/wp-content\/uploads\/2026\/03\/image-93.png 2000w\" sizes=\"(max-width: 1600px) 100vw, 1600px\" \/><\/figure>\n\n\n\n<p>El domingo 12 la jornada comenzar\u00e1 a las 10 con el Tedeum en la Parroquia Nuestra Se\u00f1ora de los Dolores. Luego, a las 14.30, se realizar\u00e1 el acto oficial en la Plaza San Mart\u00edn con la proclamaci\u00f3n de la Fortinera Trenquelauquenche.<\/p>\n\n\n\n<p>A las 15.30 tendr\u00e1 lugar el tradicional desfile por el centro de la ciudad, uno de los momentos m\u00e1s esperados por los vecinos.<\/p>\n\n\n\n<figure class=\"wp-block-image aligncenter size-full is-resized\"><img loading=\"lazy\" decoding=\"async\" width=\"843\" height=\"1499\" src=\"https:\/\/infoecos.com.ar\/wp-content\/uploads\/2023\/07\/fotorichieri.jpg\" alt=\"\" class=\"wp-image-107582\" style=\"width:300px;height:auto\" srcset=\"https:\/\/infoecos.com.ar\/wp-content\/uploads\/2023\/07\/fotorichieri.jpg 843w, https:\/\/infoecos.com.ar\/wp-content\/uploads\/2023\/07\/fotorichieri-450x800.jpg 450w, https:\/\/infoecos.com.ar\/wp-content\/uploads\/2023\/07\/fotorichieri-768x1366.jpg 768w\" sizes=\"(max-width: 843px) 100vw, 843px\" \/><\/figure>\n\n\n\n<p>Finalmente, a las 19, la celebraci\u00f3n culminar\u00e1 con un gran espect\u00e1culo de cierre en la Plaza San Mart\u00edn, que contar\u00e1 con la participaci\u00f3n de m\u00e1s de 150 artistas en escena, entre m\u00fasicos, bailarines y artistas locales.<\/p>\n\n\n\n<figure class=\"wp-block-image aligncenter size-full is-resized\"><img loading=\"lazy\" decoding=\"async\" width=\"1600\" height=\"900\" src=\"https:\/\/infoecos.com.ar\/wp-content\/uploads\/2026\/03\/Ciudad-de-Trenque-Lauquen.jpeg\" alt=\"\" class=\"wp-image-154821\" style=\"width:332px;height:auto\" srcset=\"https:\/\/infoecos.com.ar\/wp-content\/uploads\/2026\/03\/Ciudad-de-Trenque-Lauquen.jpeg 1600w, https:\/\/infoecos.com.ar\/wp-content\/uploads\/2026\/03\/Ciudad-de-Trenque-Lauquen-800x450.jpeg 800w, https:\/\/infoecos.com.ar\/wp-content\/uploads\/2026\/03\/Ciudad-de-Trenque-Lauquen-768x432.jpeg 768w, https:\/\/infoecos.com.ar\/wp-content\/uploads\/2026\/03\/Ciudad-de-Trenque-Lauquen-1536x864.jpeg 1536w, https:\/\/infoecos.com.ar\/wp-content\/uploads\/2026\/03\/Ciudad-de-Trenque-Lauquen-1024x576.jpeg 1024w\" sizes=\"(max-width: 1600px) 100vw, 1600px\" \/><\/figure>\n\n\n\n<p><\/p>\n","protected":false},"excerpt":{"rendered":"<p>El s\u00e1bado 11 se presentar\u00e1 Q\u2019 Lokura en la cancha del Club Deportivo Barrio Alegre<\/p>\n","protected":false},"author":2,"featured_media":151325,"comment_status":"closed","ping_status":"open","sticky":false,"template":"","format":"standard","meta":{"footnotes":""},"categories":[1],"tags":[10304,10298,1500],"class_list":["post-154819","post","type-post","status-publish","format-standard","has-post-thumbnail","hentry","category-sin-categoria","tag-actualidad","tag-bloque-inferior","tag-regional"],"yoast_head":"<!-- This site is optimized with the Yoast SEO plugin v23.4 - https:\/\/yoast.com\/wordpress\/plugins\/seo\/ -->\n<title>Trenque Lauquen cumplir\u00e1 150 a\u00f1os y ya se conoce parte del programa: el s\u00e1bado 11 se presentar\u00e1 Q\u2019 Lokura - Infoecos<\/title>\n<meta name=\"robots\" content=\"index, follow, max-snippet:-1, max-image-preview:large, max-video-preview:-1\" \/>\n<link rel=\"canonical\" href=\"https:\/\/infoecos.com.ar\/index.php\/trenque-lauquen-cumplira-150-anos-y-ya-se-conoce-parte-del-programa-el-sabado-11-se-presentara-q-lokura\/\" \/>\n<meta property=\"og:locale\" content=\"es_ES\" \/>\n<meta property=\"og:type\" content=\"article\" \/>\n<meta property=\"og:title\" content=\"Trenque Lauquen cumplir\u00e1 150 a\u00f1os y ya se conoce parte del programa: el s\u00e1bado 11 se presentar\u00e1 Q\u2019 Lokura - Infoecos\" \/>\n<meta property=\"og:description\" content=\"El s\u00e1bado 11 se presentar\u00e1 Q\u2019 Lokura en la cancha del Club Deportivo Barrio Alegre\" \/>\n<meta property=\"og:url\" content=\"https:\/\/infoecos.com.ar\/index.php\/trenque-lauquen-cumplira-150-anos-y-ya-se-conoce-parte-del-programa-el-sabado-11-se-presentara-q-lokura\/\" \/>\n<meta property=\"og:site_name\" content=\"Infoecos\" \/>\n<meta property=\"article:publisher\" content=\"https:\/\/www.facebook.com\/profile.php?id=100063200290284\" \/>\n<meta property=\"article:published_time\" content=\"2026-03-11T03:58:24+00:00\" \/>\n<meta property=\"article:modified_time\" content=\"2026-03-15T05:47:40+00:00\" \/>\n<meta property=\"og:image\" content=\"https:\/\/infoecos.com.ar\/wp-content\/uploads\/2025\/12\/trenquelauquenacceso.jpg\" \/>\n\t<meta property=\"og:image:width\" content=\"280\" \/>\n\t<meta property=\"og:image:height\" content=\"180\" \/>\n\t<meta property=\"og:image:type\" content=\"image\/jpeg\" \/>\n<meta name=\"author\" content=\"Jorge Matheus\" \/>\n<meta name=\"twitter:card\" content=\"summary_large_image\" \/>\n<meta name=\"twitter:creator\" content=\"@infoecos\" \/>\n<meta name=\"twitter:site\" content=\"@infoecos\" \/>\n<meta name=\"twitter:label1\" content=\"Escrito por\" \/>\n\t<meta name=\"twitter:data1\" content=\"Jorge Matheus\" \/>\n\t<meta name=\"twitter:label2\" content=\"Tiempo de lectura\" \/>\n\t<meta name=\"twitter:data2\" content=\"2 minutos\" \/>\n<script type=\"application\/ld+json\" class=\"yoast-schema-graph\">{\"@context\":\"https:\/\/schema.org\",\"@graph\":[{\"@type\":\"Article\",\"@id\":\"https:\/\/infoecos.com.ar\/index.php\/trenque-lauquen-cumplira-150-anos-y-ya-se-conoce-parte-del-programa-el-sabado-11-se-presentara-q-lokura\/#article\",\"isPartOf\":{\"@id\":\"https:\/\/infoecos.com.ar\/index.php\/trenque-lauquen-cumplira-150-anos-y-ya-se-conoce-parte-del-programa-el-sabado-11-se-presentara-q-lokura\/\"},\"author\":{\"name\":\"Jorge Matheus\",\"@id\":\"https:\/\/infoecos.com.ar\/#\/schema\/person\/8f5ace5ce73b4b4aac4b7245aee6f191\"},\"headline\":\"Trenque Lauquen cumplir\u00e1 150 a\u00f1os y ya se conoce parte del programa: el s\u00e1bado 11 se presentar\u00e1 Q\u2019 Lokura\",\"datePublished\":\"2026-03-11T03:58:24+00:00\",\"dateModified\":\"2026-03-15T05:47:40+00:00\",\"mainEntityOfPage\":{\"@id\":\"https:\/\/infoecos.com.ar\/index.php\/trenque-lauquen-cumplira-150-anos-y-ya-se-conoce-parte-del-programa-el-sabado-11-se-presentara-q-lokura\/\"},\"wordCount\":170,\"publisher\":{\"@id\":\"https:\/\/infoecos.com.ar\/#organization\"},\"image\":{\"@id\":\"https:\/\/infoecos.com.ar\/index.php\/trenque-lauquen-cumplira-150-anos-y-ya-se-conoce-parte-del-programa-el-sabado-11-se-presentara-q-lokura\/#primaryimage\"},\"thumbnailUrl\":\"https:\/\/infoecos.com.ar\/wp-content\/uploads\/2025\/12\/trenquelauquenacceso.jpg\",\"keywords\":[\"Actualidad\",\"Bloque inferior\",\"REGIONAL\"],\"inLanguage\":\"es\"},{\"@type\":\"WebPage\",\"@id\":\"https:\/\/infoecos.com.ar\/index.php\/trenque-lauquen-cumplira-150-anos-y-ya-se-conoce-parte-del-programa-el-sabado-11-se-presentara-q-lokura\/\",\"url\":\"https:\/\/infoecos.com.ar\/index.php\/trenque-lauquen-cumplira-150-anos-y-ya-se-conoce-parte-del-programa-el-sabado-11-se-presentara-q-lokura\/\",\"name\":\"Trenque Lauquen cumplir\u00e1 150 a\u00f1os y ya se conoce parte del programa: el s\u00e1bado 11 se presentar\u00e1 Q\u2019 Lokura - Infoecos\",\"isPartOf\":{\"@id\":\"https:\/\/infoecos.com.ar\/#website\"},\"primaryImageOfPage\":{\"@id\":\"https:\/\/infoecos.com.ar\/index.php\/trenque-lauquen-cumplira-150-anos-y-ya-se-conoce-parte-del-programa-el-sabado-11-se-presentara-q-lokura\/#primaryimage\"},\"image\":{\"@id\":\"https:\/\/infoecos.com.ar\/index.php\/trenque-lauquen-cumplira-150-anos-y-ya-se-conoce-parte-del-programa-el-sabado-11-se-presentara-q-lokura\/#primaryimage\"},\"thumbnailUrl\":\"https:\/\/infoecos.com.ar\/wp-content\/uploads\/2025\/12\/trenquelauquenacceso.jpg\",\"datePublished\":\"2026-03-11T03:58:24+00:00\",\"dateModified\":\"2026-03-15T05:47:40+00:00\",\"breadcrumb\":{\"@id\":\"https:\/\/infoecos.com.ar\/index.php\/trenque-lauquen-cumplira-150-anos-y-ya-se-conoce-parte-del-programa-el-sabado-11-se-presentara-q-lokura\/#breadcrumb\"},\"inLanguage\":\"es\",\"potentialAction\":[{\"@type\":\"ReadAction\",\"target\":[\"https:\/\/infoecos.com.ar\/index.php\/trenque-lauquen-cumplira-150-anos-y-ya-se-conoce-parte-del-programa-el-sabado-11-se-presentara-q-lokura\/\"]}]},{\"@type\":\"ImageObject\",\"inLanguage\":\"es\",\"@id\":\"https:\/\/infoecos.com.ar\/index.php\/trenque-lauquen-cumplira-150-anos-y-ya-se-conoce-parte-del-programa-el-sabado-11-se-presentara-q-lokura\/#primaryimage\",\"url\":\"https:\/\/infoecos.com.ar\/wp-content\/uploads\/2025\/12\/trenquelauquenacceso.jpg\",\"contentUrl\":\"https:\/\/infoecos.com.ar\/wp-content\/uploads\/2025\/12\/trenquelauquenacceso.jpg\",\"width\":280,\"height\":180},{\"@type\":\"BreadcrumbList\",\"@id\":\"https:\/\/infoecos.com.ar\/index.php\/trenque-lauquen-cumplira-150-anos-y-ya-se-conoce-parte-del-programa-el-sabado-11-se-presentara-q-lokura\/#breadcrumb\",\"itemListElement\":[{\"@type\":\"ListItem\",\"position\":1,\"name\":\"Portada\",\"item\":\"https:\/\/infoecos.com.ar\/\"},{\"@type\":\"ListItem\",\"position\":2,\"name\":\"Trenque Lauquen cumplir\u00e1 150 a\u00f1os y ya se conoce parte del programa: el s\u00e1bado 11 se presentar\u00e1 Q\u2019 Lokura\"}]},{\"@type\":\"WebSite\",\"@id\":\"https:\/\/infoecos.com.ar\/#website\",\"url\":\"https:\/\/infoecos.com.ar\/\",\"name\":\"Infoecos\",\"description\":\"Noticias de trenque lauquen y la zona\",\"publisher\":{\"@id\":\"https:\/\/infoecos.com.ar\/#organization\"},\"alternateName\":\"Noticias\",\"potentialAction\":[{\"@type\":\"SearchAction\",\"target\":{\"@type\":\"EntryPoint\",\"urlTemplate\":\"https:\/\/infoecos.com.ar\/?s={search_term_string}\"},\"query-input\":{\"@type\":\"PropertyValueSpecification\",\"valueRequired\":true,\"valueName\":\"search_term_string\"}}],\"inLanguage\":\"es\"},{\"@type\":\"Organization\",\"@id\":\"https:\/\/infoecos.com.ar\/#organization\",\"name\":\"Infoecos\",\"alternateName\":\"Noticias\",\"url\":\"https:\/\/infoecos.com.ar\/\",\"logo\":{\"@type\":\"ImageObject\",\"inLanguage\":\"es\",\"@id\":\"https:\/\/infoecos.com.ar\/#\/schema\/logo\/image\/\",\"url\":\"https:\/\/infoecos.com.ar\/wp-content\/uploads\/2024\/03\/cropped-logo.png\",\"contentUrl\":\"https:\/\/infoecos.com.ar\/wp-content\/uploads\/2024\/03\/cropped-logo.png\",\"width\":374,\"height\":90,\"caption\":\"Infoecos\"},\"image\":{\"@id\":\"https:\/\/infoecos.com.ar\/#\/schema\/logo\/image\/\"},\"sameAs\":[\"https:\/\/www.facebook.com\/profile.php?id=100063200290284\",\"https:\/\/x.com\/infoecos\"]},{\"@type\":\"Person\",\"@id\":\"https:\/\/infoecos.com.ar\/#\/schema\/person\/8f5ace5ce73b4b4aac4b7245aee6f191\",\"name\":\"Jorge Matheus\",\"url\":\"https:\/\/infoecos.com.ar\/index.php\/author\/jomatheus\/\"}]}<\/script>\n<!-- \/ Yoast SEO plugin. -->","yoast_head_json":{"title":"Trenque Lauquen cumplir\u00e1 150 a\u00f1os y ya se conoce parte del programa: el s\u00e1bado 11 se presentar\u00e1 Q\u2019 Lokura - Infoecos","robots":{"index":"index","follow":"follow","max-snippet":"max-snippet:-1","max-image-preview":"max-image-preview:large","max-video-preview":"max-video-preview:-1"},"canonical":"https:\/\/infoecos.com.ar\/index.php\/trenque-lauquen-cumplira-150-anos-y-ya-se-conoce-parte-del-programa-el-sabado-11-se-presentara-q-lokura\/","og_locale":"es_ES","og_type":"article","og_title":"Trenque Lauquen cumplir\u00e1 150 a\u00f1os y ya se conoce parte del programa: el s\u00e1bado 11 se presentar\u00e1 Q\u2019 Lokura - Infoecos","og_description":"El s\u00e1bado 11 se presentar\u00e1 Q\u2019 Lokura en la cancha del Club Deportivo Barrio Alegre","og_url":"https:\/\/infoecos.com.ar\/index.php\/trenque-lauquen-cumplira-150-anos-y-ya-se-conoce-parte-del-programa-el-sabado-11-se-presentara-q-lokura\/","og_site_name":"Infoecos","article_publisher":"https:\/\/www.facebook.com\/profile.php?id=100063200290284","article_published_time":"2026-03-11T03:58:24+00:00","article_modified_time":"2026-03-15T05:47:40+00:00","og_image":[{"width":280,"height":180,"url":"https:\/\/infoecos.com.ar\/wp-content\/uploads\/2025\/12\/trenquelauquenacceso.jpg","type":"image\/jpeg"}],"author":"Jorge Matheus","twitter_card":"summary_large_image","twitter_creator":"@infoecos","twitter_site":"@infoecos","twitter_misc":{"Escrito por":"Jorge Matheus","Tiempo de lectura":"2 minutos"},"schema":{"@context":"https:\/\/schema.org","@graph":[{"@type":"Article","@id":"https:\/\/infoecos.com.ar\/index.php\/trenque-lauquen-cumplira-150-anos-y-ya-se-conoce-parte-del-programa-el-sabado-11-se-presentara-q-lokura\/#article","isPartOf":{"@id":"https:\/\/infoecos.com.ar\/index.php\/trenque-lauquen-cumplira-150-anos-y-ya-se-conoce-parte-del-programa-el-sabado-11-se-presentara-q-lokura\/"},"author":{"name":"Jorge Matheus","@id":"https:\/\/infoecos.com.ar\/#\/schema\/person\/8f5ace5ce73b4b4aac4b7245aee6f191"},"headline":"Trenque Lauquen cumplir\u00e1 150 a\u00f1os y ya se conoce parte del programa: el s\u00e1bado 11 se presentar\u00e1 Q\u2019 Lokura","datePublished":"2026-03-11T03:58:24+00:00","dateModified":"2026-03-15T05:47:40+00:00","mainEntityOfPage":{"@id":"https:\/\/infoecos.com.ar\/index.php\/trenque-lauquen-cumplira-150-anos-y-ya-se-conoce-parte-del-programa-el-sabado-11-se-presentara-q-lokura\/"},"wordCount":170,"publisher":{"@id":"https:\/\/infoecos.com.ar\/#organization"},"image":{"@id":"https:\/\/infoecos.com.ar\/index.php\/trenque-lauquen-cumplira-150-anos-y-ya-se-conoce-parte-del-programa-el-sabado-11-se-presentara-q-lokura\/#primaryimage"},"thumbnailUrl":"https:\/\/infoecos.com.ar\/wp-content\/uploads\/2025\/12\/trenquelauquenacceso.jpg","keywords":["Actualidad","Bloque inferior","REGIONAL"],"inLanguage":"es"},{"@type":"WebPage","@id":"https:\/\/infoecos.com.ar\/index.php\/trenque-lauquen-cumplira-150-anos-y-ya-se-conoce-parte-del-programa-el-sabado-11-se-presentara-q-lokura\/","url":"https:\/\/infoecos.com.ar\/index.php\/trenque-lauquen-cumplira-150-anos-y-ya-se-conoce-parte-del-programa-el-sabado-11-se-presentara-q-lokura\/","name":"Trenque Lauquen cumplir\u00e1 150 a\u00f1os y ya se conoce parte del programa: el s\u00e1bado 11 se presentar\u00e1 Q\u2019 Lokura - Infoecos","isPartOf":{"@id":"https:\/\/infoecos.com.ar\/#website"},"primaryImageOfPage":{"@id":"https:\/\/infoecos.com.ar\/index.php\/trenque-lauquen-cumplira-150-anos-y-ya-se-conoce-parte-del-programa-el-sabado-11-se-presentara-q-lokura\/#primaryimage"},"image":{"@id":"https:\/\/infoecos.com.ar\/index.php\/trenque-lauquen-cumplira-150-anos-y-ya-se-conoce-parte-del-programa-el-sabado-11-se-presentara-q-lokura\/#primaryimage"},"thumbnailUrl":"https:\/\/infoecos.com.ar\/wp-content\/uploads\/2025\/12\/trenquelauquenacceso.jpg","datePublished":"2026-03-11T03:58:24+00:00","dateModified":"2026-03-15T05:47:40+00:00","breadcrumb":{"@id":"https:\/\/infoecos.com.ar\/index.php\/trenque-lauquen-cumplira-150-anos-y-ya-se-conoce-parte-del-programa-el-sabado-11-se-presentara-q-lokura\/#breadcrumb"},"inLanguage":"es","potentialAction":[{"@type":"ReadAction","target":["https:\/\/infoecos.com.ar\/index.php\/trenque-lauquen-cumplira-150-anos-y-ya-se-conoce-parte-del-programa-el-sabado-11-se-presentara-q-lokura\/"]}]},{"@type":"ImageObject","inLanguage":"es","@id":"https:\/\/infoecos.com.ar\/index.php\/trenque-lauquen-cumplira-150-anos-y-ya-se-conoce-parte-del-programa-el-sabado-11-se-presentara-q-lokura\/#primaryimage","url":"https:\/\/infoecos.com.ar\/wp-content\/uploads\/2025\/12\/trenquelauquenacceso.jpg","contentUrl":"https:\/\/infoecos.com.ar\/wp-content\/uploads\/2025\/12\/trenquelauquenacceso.jpg","width":280,"height":180},{"@type":"BreadcrumbList","@id":"https:\/\/infoecos.com.ar\/index.php\/trenque-lauquen-cumplira-150-anos-y-ya-se-conoce-parte-del-programa-el-sabado-11-se-presentara-q-lokura\/#breadcrumb","itemListElement":[{"@type":"ListItem","position":1,"name":"Portada","item":"https:\/\/infoecos.com.ar\/"},{"@type":"ListItem","position":2,"name":"Trenque Lauquen cumplir\u00e1 150 a\u00f1os y ya se conoce parte del programa: el s\u00e1bado 11 se presentar\u00e1 Q\u2019 Lokura"}]},{"@type":"WebSite","@id":"https:\/\/infoecos.com.ar\/#website","url":"https:\/\/infoecos.com.ar\/","name":"Infoecos","description":"Noticias de trenque lauquen y la zona","publisher":{"@id":"https:\/\/infoecos.com.ar\/#organization"},"alternateName":"Noticias","potentialAction":[{"@type":"SearchAction","target":{"@type":"EntryPoint","urlTemplate":"https:\/\/infoecos.com.ar\/?s={search_term_string}"},"query-input":{"@type":"PropertyValueSpecification","valueRequired":true,"valueName":"search_term_string"}}],"inLanguage":"es"},{"@type":"Organization","@id":"https:\/\/infoecos.com.ar\/#organization","name":"Infoecos","alternateName":"Noticias","url":"https:\/\/infoecos.com.ar\/","logo":{"@type":"ImageObject","inLanguage":"es","@id":"https:\/\/infoecos.com.ar\/#\/schema\/logo\/image\/","url":"https:\/\/infoecos.com.ar\/wp-content\/uploads\/2024\/03\/cropped-logo.png","contentUrl":"https:\/\/infoecos.com.ar\/wp-content\/uploads\/2024\/03\/cropped-logo.png","width":374,"height":90,"caption":"Infoecos"},"image":{"@id":"https:\/\/infoecos.com.ar\/#\/schema\/logo\/image\/"},"sameAs":["https:\/\/www.facebook.com\/profile.php?id=100063200290284","https:\/\/x.com\/infoecos"]},{"@type":"Person","@id":"https:\/\/infoecos.com.ar\/#\/schema\/person\/8f5ace5ce73b4b4aac4b7245aee6f191","name":"Jorge Matheus","url":"https:\/\/infoecos.com.ar\/index.php\/author\/jomatheus\/"}]}},"featured_image_urls":{"full":["https:\/\/infoecos.com.ar\/wp-content\/uploads\/2025\/12\/trenquelauquenacceso.jpg",280,180,false],"thumbnail":["https:\/\/infoecos.com.ar\/wp-content\/uploads\/2025\/12\/trenquelauquenacceso-280x150.jpg",280,150,true],"medium":["https:\/\/infoecos.com.ar\/wp-content\/uploads\/2025\/12\/trenquelauquenacceso.jpg",280,180,false],"medium_large":["https:\/\/infoecos.com.ar\/wp-content\/uploads\/2025\/12\/trenquelauquenacceso.jpg",280,180,false],"large":["https:\/\/infoecos.com.ar\/wp-content\/uploads\/2025\/12\/trenquelauquenacceso.jpg",280,180,false],"1536x1536":["https:\/\/infoecos.com.ar\/wp-content\/uploads\/2025\/12\/trenquelauquenacceso.jpg",280,180,false],"2048x2048":["https:\/\/infoecos.com.ar\/wp-content\/uploads\/2025\/12\/trenquelauquenacceso.jpg",280,180,false],"covernews-slider-full":["https:\/\/infoecos.com.ar\/wp-content\/uploads\/2025\/12\/trenquelauquenacceso.jpg",280,180,false],"covernews-slider-center":["https:\/\/infoecos.com.ar\/wp-content\/uploads\/2025\/12\/trenquelauquenacceso.jpg",280,180,false],"covernews-featured":["https:\/\/infoecos.com.ar\/wp-content\/uploads\/2025\/12\/trenquelauquenacceso.jpg",280,180,false],"covernews-medium":["https:\/\/infoecos.com.ar\/wp-content\/uploads\/2025\/12\/trenquelauquenacceso.jpg",280,180,false],"covernews-medium-square":["https:\/\/infoecos.com.ar\/wp-content\/uploads\/2025\/12\/trenquelauquenacceso.jpg",280,180,false]},"author_info":{"info":["Jorge Matheus"]},"category_info":"<a href=\"https:\/\/infoecos.com.ar\/index.php\/category\/sin-categoria\/\" rel=\"category tag\">Sin categor\u00eda<\/a>","tag_info":"Sin categor\u00eda","comment_count":"0","_links":{"self":[{"href":"https:\/\/infoecos.com.ar\/index.php\/wp-json\/wp\/v2\/posts\/154819"}],"collection":[{"href":"https:\/\/infoecos.com.ar\/index.php\/wp-json\/wp\/v2\/posts"}],"about":[{"href":"https:\/\/infoecos.com.ar\/index.php\/wp-json\/wp\/v2\/types\/post"}],"author":[{"embeddable":true,"href":"https:\/\/infoecos.com.ar\/index.php\/wp-json\/wp\/v2\/users\/2"}],"replies":[{"embeddable":true,"href":"https:\/\/infoecos.com.ar\/index.php\/wp-json\/wp\/v2\/comments?post=154819"}],"version-history":[{"count":1,"href":"https:\/\/infoecos.com.ar\/index.php\/wp-json\/wp\/v2\/posts\/154819\/revisions"}],"predecessor-version":[{"id":154822,"href":"https:\/\/infoecos.com.ar\/index.php\/wp-json\/wp\/v2\/posts\/154819\/revisions\/154822"}],"wp:featuredmedia":[{"embeddable":true,"href":"https:\/\/infoecos.com.ar\/index.php\/wp-json\/wp\/v2\/media\/151325"}],"wp:attachment":[{"href":"https:\/\/infoecos.com.ar\/index.php\/wp-json\/wp\/v2\/media?parent=154819"}],"wp:term":[{"taxonomy":"category","embeddable":true,"href":"https:\/\/infoecos.com.ar\/index.php\/wp-json\/wp\/v2\/categories?post=154819"},{"taxonomy":"post_tag","embeddable":true,"href":"https:\/\/infoecos.com.ar\/index.php\/wp-json\/wp\/v2\/tags?post=154819"}],"curies":[{"name":"wp","href":"https:\/\/api.w.org\/{rel}","templated":true}]}}