{"id":154828,"date":"2026-03-11T01:31:39","date_gmt":"2026-03-11T04:31:39","guid":{"rendered":"https:\/\/infoecos.com.ar\/?p=154828"},"modified":"2026-03-12T02:31:32","modified_gmt":"2026-03-12T05:31:32","slug":"policiales-trenque-lauquen-estafa-y-un-menor-de-12-anos-que-intento-robar-una-moto","status":"publish","type":"post","link":"https:\/\/infoecos.com.ar\/index.php\/policiales-trenque-lauquen-estafa-y-un-menor-de-12-anos-que-intento-robar-una-moto\/","title":{"rendered":"Policiales Trenque Lauquen: estafa invocando al IOMA; un menor de 12 a\u00f1os que intent\u00f3 robar una moto, y dos estafas a trav\u00e9s de una p\u00e1gina de Facebook"},"content":{"rendered":"\n<p><strong>Estafa: <\/strong><\/p>\n\n\n\n<p>Una vecina de Trenque Lauquen denunci\u00f3 que hace unos d\u00edas, y luego de ver una publicaci\u00f3n de IOMA anunciando descuentos en medicamentos, recibi\u00f3 un llamado en el que le ofrecieron rebajas y le indicaron c\u00f3mo realizar movimientos desde su cuenta DNI de Banco Provincia, que registr\u00f3 un faltante de 263.264,26 pesos.<\/p>\n\n\n\n<p>Se iniciaron actuaciones sumariales por Estafa, con intervenci\u00f3n de la UFI n\u00ba5, Dr. Manuel Iglesias.<\/p>\n\n\n\n<p><strong>Menor aprehendido: tiene 12 a\u00f1os.<\/strong><\/p>\n\n\n\n<p>Un adolescente de 12 a\u00f1os que conduc\u00eda un a moto marca Honda de 110cc termin\u00f3 aprehendido por Tentativa de Hurto Flagrante en las calles Rivadavia y Carlos Casares, cuando estaba siendo identificado por la Polic\u00eda y fue reconocido por un vecino que se acerc\u00f3 y explic\u00f3 que momentos antes le hab\u00eda sustra\u00eddo el veh\u00edculo de su propiedad de la vereda del Supermercado Bicentenario, ubicado en las calles Salta y Pettin\u00e1, donde lo hab\u00eda dejado estacionado.<\/p>\n\n\n\n<p>El due\u00f1o de la moto pudo se\u00f1alar al menor como autor del hurto porque hab\u00eda visto en las c\u00e1maras de seguridad del supermercado c\u00f3mo se llevaba su moto. Interviene Fuero de Responsabilidad Penal Juvenil nro. 2, a cargo del Dr. Leandro Cortelezzi.<\/p>\n\n\n\n<p><strong>Estafas por Facebook: Fuente MiTrenque<\/strong><\/p>\n\n\n\n<p>Caso I: El vecino concret\u00f3 el mi\u00e9rcoles pasado una compra, pagando con tarjeta de cr\u00e9dito de su propiedad un total de 1.100.000 pesos. A las 48 horas recibi\u00f3 un llamado de una persona que dijo ser de OCA, pidi\u00e9ndole que hiciera una transferencia en pago de comisi\u00f3n por 85.500 pesos para que se haga la entrega. Y al d\u00eda siguiente atendi\u00f3 un llamado de un supuesto t\u00e9cnico del Banco Provincia, quien mediante enga\u00f1os aport\u00f3 fotos de sus tarjetas, observando luego transferencias por un total de 3.862.500 pesos.<\/p>\n\n\n\n<p>Caso II: El otro vecino denunci\u00f3 que el jueves realiz\u00f3 una compra pagando con transferencia por un total de 150.000 pesos de su cuenta del Banco Macro. Y a las 48 hs., recibi\u00f3 un llamado presuntamente de Andreani para que hiciera un pago de comisi\u00f3n por 68.000 pesos para realizar la entrega.<\/p>\n\n\n\n<figure class=\"wp-block-image size-full\"><img loading=\"lazy\" decoding=\"async\" width=\"960\" height=\"712\" src=\"https:\/\/infoecos.com.ar\/wp-content\/uploads\/2024\/10\/image-16.png\" alt=\"\" class=\"wp-image-130473\" srcset=\"https:\/\/infoecos.com.ar\/wp-content\/uploads\/2024\/10\/image-16.png 960w, https:\/\/infoecos.com.ar\/wp-content\/uploads\/2024\/10\/image-16-800x593.png 800w, https:\/\/infoecos.com.ar\/wp-content\/uploads\/2024\/10\/image-16-768x570.png 768w\" sizes=\"(max-width: 960px) 100vw, 960px\" \/><\/figure>\n","protected":false},"excerpt":{"rendered":"<p>Estafa: Una vecina de Trenque Lauquen denunci\u00f3 que hace unos d\u00edas, y luego de ver&#8230;<\/p>\n","protected":false},"author":2,"featured_media":135300,"comment_status":"closed","ping_status":"open","sticky":false,"template":"","format":"standard","meta":{"footnotes":""},"categories":[1],"tags":[10298],"class_list":["post-154828","post","type-post","status-publish","format-standard","has-post-thumbnail","hentry","category-sin-categoria","tag-bloque-inferior"],"yoast_head":"<!-- This site is optimized with the Yoast SEO plugin v23.4 - https:\/\/yoast.com\/wordpress\/plugins\/seo\/ -->\n<title>Policiales Trenque Lauquen: estafa invocando al IOMA; un menor de 12 a\u00f1os que intent\u00f3 robar una moto, y dos estafas a trav\u00e9s de una p\u00e1gina de Facebook - Infoecos<\/title>\n<meta name=\"robots\" content=\"index, follow, max-snippet:-1, max-image-preview:large, max-video-preview:-1\" \/>\n<link rel=\"canonical\" href=\"https:\/\/infoecos.com.ar\/index.php\/policiales-trenque-lauquen-estafa-y-un-menor-de-12-anos-que-intento-robar-una-moto\/\" \/>\n<meta property=\"og:locale\" content=\"es_ES\" \/>\n<meta property=\"og:type\" content=\"article\" \/>\n<meta property=\"og:title\" content=\"Policiales Trenque Lauquen: estafa invocando al IOMA; un menor de 12 a\u00f1os que intent\u00f3 robar una moto, y dos estafas a trav\u00e9s de una p\u00e1gina de Facebook - Infoecos\" \/>\n<meta property=\"og:description\" content=\"Estafa: Una vecina de Trenque Lauquen denunci\u00f3 que hace unos d\u00edas, y luego de ver...\" \/>\n<meta property=\"og:url\" content=\"https:\/\/infoecos.com.ar\/index.php\/policiales-trenque-lauquen-estafa-y-un-menor-de-12-anos-que-intento-robar-una-moto\/\" \/>\n<meta property=\"og:site_name\" content=\"Infoecos\" \/>\n<meta property=\"article:publisher\" content=\"https:\/\/www.facebook.com\/profile.php?id=100063200290284\" \/>\n<meta property=\"article:published_time\" content=\"2026-03-11T04:31:39+00:00\" \/>\n<meta property=\"article:modified_time\" content=\"2026-03-12T05:31:32+00:00\" \/>\n<meta property=\"og:image\" content=\"https:\/\/infoecos.com.ar\/wp-content\/uploads\/2025\/01\/d8b3eb5f-1f84-4f83-9f6c-1352437ff45e.jpeg\" \/>\n\t<meta property=\"og:image:width\" content=\"960\" \/>\n\t<meta property=\"og:image:height\" content=\"1280\" \/>\n\t<meta property=\"og:image:type\" content=\"image\/jpeg\" \/>\n<meta name=\"author\" content=\"Jorge Matheus\" \/>\n<meta name=\"twitter:card\" content=\"summary_large_image\" \/>\n<meta name=\"twitter:creator\" content=\"@infoecos\" \/>\n<meta name=\"twitter:site\" content=\"@infoecos\" \/>\n<meta name=\"twitter:label1\" content=\"Escrito por\" \/>\n\t<meta name=\"twitter:data1\" content=\"Jorge Matheus\" \/>\n\t<meta name=\"twitter:label2\" content=\"Tiempo de lectura\" \/>\n\t<meta name=\"twitter:data2\" content=\"2 minutos\" \/>\n<script type=\"application\/ld+json\" class=\"yoast-schema-graph\">{\"@context\":\"https:\/\/schema.org\",\"@graph\":[{\"@type\":\"Article\",\"@id\":\"https:\/\/infoecos.com.ar\/index.php\/policiales-trenque-lauquen-estafa-y-un-menor-de-12-anos-que-intento-robar-una-moto\/#article\",\"isPartOf\":{\"@id\":\"https:\/\/infoecos.com.ar\/index.php\/policiales-trenque-lauquen-estafa-y-un-menor-de-12-anos-que-intento-robar-una-moto\/\"},\"author\":{\"name\":\"Jorge Matheus\",\"@id\":\"https:\/\/infoecos.com.ar\/#\/schema\/person\/8f5ace5ce73b4b4aac4b7245aee6f191\"},\"headline\":\"Policiales Trenque Lauquen: estafa invocando al IOMA; un menor de 12 a\u00f1os que intent\u00f3 robar una moto, y dos estafas a trav\u00e9s de una p\u00e1gina de Facebook\",\"datePublished\":\"2026-03-11T04:31:39+00:00\",\"dateModified\":\"2026-03-12T05:31:32+00:00\",\"mainEntityOfPage\":{\"@id\":\"https:\/\/infoecos.com.ar\/index.php\/policiales-trenque-lauquen-estafa-y-un-menor-de-12-anos-que-intento-robar-una-moto\/\"},\"wordCount\":376,\"publisher\":{\"@id\":\"https:\/\/infoecos.com.ar\/#organization\"},\"image\":{\"@id\":\"https:\/\/infoecos.com.ar\/index.php\/policiales-trenque-lauquen-estafa-y-un-menor-de-12-anos-que-intento-robar-una-moto\/#primaryimage\"},\"thumbnailUrl\":\"https:\/\/infoecos.com.ar\/wp-content\/uploads\/2025\/01\/d8b3eb5f-1f84-4f83-9f6c-1352437ff45e.jpeg\",\"keywords\":[\"Bloque inferior\"],\"inLanguage\":\"es\"},{\"@type\":\"WebPage\",\"@id\":\"https:\/\/infoecos.com.ar\/index.php\/policiales-trenque-lauquen-estafa-y-un-menor-de-12-anos-que-intento-robar-una-moto\/\",\"url\":\"https:\/\/infoecos.com.ar\/index.php\/policiales-trenque-lauquen-estafa-y-un-menor-de-12-anos-que-intento-robar-una-moto\/\",\"name\":\"Policiales Trenque Lauquen: estafa invocando al IOMA; un menor de 12 a\u00f1os que intent\u00f3 robar una moto, y dos estafas a trav\u00e9s de una p\u00e1gina de Facebook - Infoecos\",\"isPartOf\":{\"@id\":\"https:\/\/infoecos.com.ar\/#website\"},\"primaryImageOfPage\":{\"@id\":\"https:\/\/infoecos.com.ar\/index.php\/policiales-trenque-lauquen-estafa-y-un-menor-de-12-anos-que-intento-robar-una-moto\/#primaryimage\"},\"image\":{\"@id\":\"https:\/\/infoecos.com.ar\/index.php\/policiales-trenque-lauquen-estafa-y-un-menor-de-12-anos-que-intento-robar-una-moto\/#primaryimage\"},\"thumbnailUrl\":\"https:\/\/infoecos.com.ar\/wp-content\/uploads\/2025\/01\/d8b3eb5f-1f84-4f83-9f6c-1352437ff45e.jpeg\",\"datePublished\":\"2026-03-11T04:31:39+00:00\",\"dateModified\":\"2026-03-12T05:31:32+00:00\",\"breadcrumb\":{\"@id\":\"https:\/\/infoecos.com.ar\/index.php\/policiales-trenque-lauquen-estafa-y-un-menor-de-12-anos-que-intento-robar-una-moto\/#breadcrumb\"},\"inLanguage\":\"es\",\"potentialAction\":[{\"@type\":\"ReadAction\",\"target\":[\"https:\/\/infoecos.com.ar\/index.php\/policiales-trenque-lauquen-estafa-y-un-menor-de-12-anos-que-intento-robar-una-moto\/\"]}]},{\"@type\":\"ImageObject\",\"inLanguage\":\"es\",\"@id\":\"https:\/\/infoecos.com.ar\/index.php\/policiales-trenque-lauquen-estafa-y-un-menor-de-12-anos-que-intento-robar-una-moto\/#primaryimage\",\"url\":\"https:\/\/infoecos.com.ar\/wp-content\/uploads\/2025\/01\/d8b3eb5f-1f84-4f83-9f6c-1352437ff45e.jpeg\",\"contentUrl\":\"https:\/\/infoecos.com.ar\/wp-content\/uploads\/2025\/01\/d8b3eb5f-1f84-4f83-9f6c-1352437ff45e.jpeg\",\"width\":960,\"height\":1280},{\"@type\":\"BreadcrumbList\",\"@id\":\"https:\/\/infoecos.com.ar\/index.php\/policiales-trenque-lauquen-estafa-y-un-menor-de-12-anos-que-intento-robar-una-moto\/#breadcrumb\",\"itemListElement\":[{\"@type\":\"ListItem\",\"position\":1,\"name\":\"Portada\",\"item\":\"https:\/\/infoecos.com.ar\/\"},{\"@type\":\"ListItem\",\"position\":2,\"name\":\"Policiales Trenque Lauquen: estafa invocando al IOMA; un menor de 12 a\u00f1os que intent\u00f3 robar una moto, y dos estafas a trav\u00e9s de una p\u00e1gina de Facebook\"}]},{\"@type\":\"WebSite\",\"@id\":\"https:\/\/infoecos.com.ar\/#website\",\"url\":\"https:\/\/infoecos.com.ar\/\",\"name\":\"Infoecos\",\"description\":\"Noticias de trenque lauquen y la zona\",\"publisher\":{\"@id\":\"https:\/\/infoecos.com.ar\/#organization\"},\"alternateName\":\"Noticias\",\"potentialAction\":[{\"@type\":\"SearchAction\",\"target\":{\"@type\":\"EntryPoint\",\"urlTemplate\":\"https:\/\/infoecos.com.ar\/?s={search_term_string}\"},\"query-input\":{\"@type\":\"PropertyValueSpecification\",\"valueRequired\":true,\"valueName\":\"search_term_string\"}}],\"inLanguage\":\"es\"},{\"@type\":\"Organization\",\"@id\":\"https:\/\/infoecos.com.ar\/#organization\",\"name\":\"Infoecos\",\"alternateName\":\"Noticias\",\"url\":\"https:\/\/infoecos.com.ar\/\",\"logo\":{\"@type\":\"ImageObject\",\"inLanguage\":\"es\",\"@id\":\"https:\/\/infoecos.com.ar\/#\/schema\/logo\/image\/\",\"url\":\"https:\/\/infoecos.com.ar\/wp-content\/uploads\/2024\/03\/cropped-logo.png\",\"contentUrl\":\"https:\/\/infoecos.com.ar\/wp-content\/uploads\/2024\/03\/cropped-logo.png\",\"width\":374,\"height\":90,\"caption\":\"Infoecos\"},\"image\":{\"@id\":\"https:\/\/infoecos.com.ar\/#\/schema\/logo\/image\/\"},\"sameAs\":[\"https:\/\/www.facebook.com\/profile.php?id=100063200290284\",\"https:\/\/x.com\/infoecos\"]},{\"@type\":\"Person\",\"@id\":\"https:\/\/infoecos.com.ar\/#\/schema\/person\/8f5ace5ce73b4b4aac4b7245aee6f191\",\"name\":\"Jorge Matheus\",\"url\":\"https:\/\/infoecos.com.ar\/index.php\/author\/jomatheus\/\"}]}<\/script>\n<!-- \/ Yoast SEO plugin. -->","yoast_head_json":{"title":"Policiales Trenque Lauquen: estafa invocando al IOMA; un menor de 12 a\u00f1os que intent\u00f3 robar una moto, y dos estafas a trav\u00e9s de una p\u00e1gina de Facebook - Infoecos","robots":{"index":"index","follow":"follow","max-snippet":"max-snippet:-1","max-image-preview":"max-image-preview:large","max-video-preview":"max-video-preview:-1"},"canonical":"https:\/\/infoecos.com.ar\/index.php\/policiales-trenque-lauquen-estafa-y-un-menor-de-12-anos-que-intento-robar-una-moto\/","og_locale":"es_ES","og_type":"article","og_title":"Policiales Trenque Lauquen: estafa invocando al IOMA; un menor de 12 a\u00f1os que intent\u00f3 robar una moto, y dos estafas a trav\u00e9s de una p\u00e1gina de Facebook - Infoecos","og_description":"Estafa: Una vecina de Trenque Lauquen denunci\u00f3 que hace unos d\u00edas, y luego de ver...","og_url":"https:\/\/infoecos.com.ar\/index.php\/policiales-trenque-lauquen-estafa-y-un-menor-de-12-anos-que-intento-robar-una-moto\/","og_site_name":"Infoecos","article_publisher":"https:\/\/www.facebook.com\/profile.php?id=100063200290284","article_published_time":"2026-03-11T04:31:39+00:00","article_modified_time":"2026-03-12T05:31:32+00:00","og_image":[{"width":960,"height":1280,"url":"https:\/\/infoecos.com.ar\/wp-content\/uploads\/2025\/01\/d8b3eb5f-1f84-4f83-9f6c-1352437ff45e.jpeg","type":"image\/jpeg"}],"author":"Jorge Matheus","twitter_card":"summary_large_image","twitter_creator":"@infoecos","twitter_site":"@infoecos","twitter_misc":{"Escrito por":"Jorge Matheus","Tiempo de lectura":"2 minutos"},"schema":{"@context":"https:\/\/schema.org","@graph":[{"@type":"Article","@id":"https:\/\/infoecos.com.ar\/index.php\/policiales-trenque-lauquen-estafa-y-un-menor-de-12-anos-que-intento-robar-una-moto\/#article","isPartOf":{"@id":"https:\/\/infoecos.com.ar\/index.php\/policiales-trenque-lauquen-estafa-y-un-menor-de-12-anos-que-intento-robar-una-moto\/"},"author":{"name":"Jorge Matheus","@id":"https:\/\/infoecos.com.ar\/#\/schema\/person\/8f5ace5ce73b4b4aac4b7245aee6f191"},"headline":"Policiales Trenque Lauquen: estafa invocando al IOMA; un menor de 12 a\u00f1os que intent\u00f3 robar una moto, y dos estafas a trav\u00e9s de una p\u00e1gina de Facebook","datePublished":"2026-03-11T04:31:39+00:00","dateModified":"2026-03-12T05:31:32+00:00","mainEntityOfPage":{"@id":"https:\/\/infoecos.com.ar\/index.php\/policiales-trenque-lauquen-estafa-y-un-menor-de-12-anos-que-intento-robar-una-moto\/"},"wordCount":376,"publisher":{"@id":"https:\/\/infoecos.com.ar\/#organization"},"image":{"@id":"https:\/\/infoecos.com.ar\/index.php\/policiales-trenque-lauquen-estafa-y-un-menor-de-12-anos-que-intento-robar-una-moto\/#primaryimage"},"thumbnailUrl":"https:\/\/infoecos.com.ar\/wp-content\/uploads\/2025\/01\/d8b3eb5f-1f84-4f83-9f6c-1352437ff45e.jpeg","keywords":["Bloque inferior"],"inLanguage":"es"},{"@type":"WebPage","@id":"https:\/\/infoecos.com.ar\/index.php\/policiales-trenque-lauquen-estafa-y-un-menor-de-12-anos-que-intento-robar-una-moto\/","url":"https:\/\/infoecos.com.ar\/index.php\/policiales-trenque-lauquen-estafa-y-un-menor-de-12-anos-que-intento-robar-una-moto\/","name":"Policiales Trenque Lauquen: estafa invocando al IOMA; un menor de 12 a\u00f1os que intent\u00f3 robar una moto, y dos estafas a trav\u00e9s de una p\u00e1gina de Facebook - Infoecos","isPartOf":{"@id":"https:\/\/infoecos.com.ar\/#website"},"primaryImageOfPage":{"@id":"https:\/\/infoecos.com.ar\/index.php\/policiales-trenque-lauquen-estafa-y-un-menor-de-12-anos-que-intento-robar-una-moto\/#primaryimage"},"image":{"@id":"https:\/\/infoecos.com.ar\/index.php\/policiales-trenque-lauquen-estafa-y-un-menor-de-12-anos-que-intento-robar-una-moto\/#primaryimage"},"thumbnailUrl":"https:\/\/infoecos.com.ar\/wp-content\/uploads\/2025\/01\/d8b3eb5f-1f84-4f83-9f6c-1352437ff45e.jpeg","datePublished":"2026-03-11T04:31:39+00:00","dateModified":"2026-03-12T05:31:32+00:00","breadcrumb":{"@id":"https:\/\/infoecos.com.ar\/index.php\/policiales-trenque-lauquen-estafa-y-un-menor-de-12-anos-que-intento-robar-una-moto\/#breadcrumb"},"inLanguage":"es","potentialAction":[{"@type":"ReadAction","target":["https:\/\/infoecos.com.ar\/index.php\/policiales-trenque-lauquen-estafa-y-un-menor-de-12-anos-que-intento-robar-una-moto\/"]}]},{"@type":"ImageObject","inLanguage":"es","@id":"https:\/\/infoecos.com.ar\/index.php\/policiales-trenque-lauquen-estafa-y-un-menor-de-12-anos-que-intento-robar-una-moto\/#primaryimage","url":"https:\/\/infoecos.com.ar\/wp-content\/uploads\/2025\/01\/d8b3eb5f-1f84-4f83-9f6c-1352437ff45e.jpeg","contentUrl":"https:\/\/infoecos.com.ar\/wp-content\/uploads\/2025\/01\/d8b3eb5f-1f84-4f83-9f6c-1352437ff45e.jpeg","width":960,"height":1280},{"@type":"BreadcrumbList","@id":"https:\/\/infoecos.com.ar\/index.php\/policiales-trenque-lauquen-estafa-y-un-menor-de-12-anos-que-intento-robar-una-moto\/#breadcrumb","itemListElement":[{"@type":"ListItem","position":1,"name":"Portada","item":"https:\/\/infoecos.com.ar\/"},{"@type":"ListItem","position":2,"name":"Policiales Trenque Lauquen: estafa invocando al IOMA; un menor de 12 a\u00f1os que intent\u00f3 robar una moto, y dos estafas a trav\u00e9s de una p\u00e1gina de Facebook"}]},{"@type":"WebSite","@id":"https:\/\/infoecos.com.ar\/#website","url":"https:\/\/infoecos.com.ar\/","name":"Infoecos","description":"Noticias de trenque lauquen y la zona","publisher":{"@id":"https:\/\/infoecos.com.ar\/#organization"},"alternateName":"Noticias","potentialAction":[{"@type":"SearchAction","target":{"@type":"EntryPoint","urlTemplate":"https:\/\/infoecos.com.ar\/?s={search_term_string}"},"query-input":{"@type":"PropertyValueSpecification","valueRequired":true,"valueName":"search_term_string"}}],"inLanguage":"es"},{"@type":"Organization","@id":"https:\/\/infoecos.com.ar\/#organization","name":"Infoecos","alternateName":"Noticias","url":"https:\/\/infoecos.com.ar\/","logo":{"@type":"ImageObject","inLanguage":"es","@id":"https:\/\/infoecos.com.ar\/#\/schema\/logo\/image\/","url":"https:\/\/infoecos.com.ar\/wp-content\/uploads\/2024\/03\/cropped-logo.png","contentUrl":"https:\/\/infoecos.com.ar\/wp-content\/uploads\/2024\/03\/cropped-logo.png","width":374,"height":90,"caption":"Infoecos"},"image":{"@id":"https:\/\/infoecos.com.ar\/#\/schema\/logo\/image\/"},"sameAs":["https:\/\/www.facebook.com\/profile.php?id=100063200290284","https:\/\/x.com\/infoecos"]},{"@type":"Person","@id":"https:\/\/infoecos.com.ar\/#\/schema\/person\/8f5ace5ce73b4b4aac4b7245aee6f191","name":"Jorge Matheus","url":"https:\/\/infoecos.com.ar\/index.php\/author\/jomatheus\/"}]}},"featured_image_urls":{"full":["https:\/\/infoecos.com.ar\/wp-content\/uploads\/2025\/01\/d8b3eb5f-1f84-4f83-9f6c-1352437ff45e.jpeg",960,1280,false],"thumbnail":["https:\/\/infoecos.com.ar\/wp-content\/uploads\/2025\/01\/d8b3eb5f-1f84-4f83-9f6c-1352437ff45e-300x150.jpeg",300,150,true],"medium":["https:\/\/infoecos.com.ar\/wp-content\/uploads\/2025\/01\/d8b3eb5f-1f84-4f83-9f6c-1352437ff45e-600x800.jpeg",600,800,true],"medium_large":["https:\/\/infoecos.com.ar\/wp-content\/uploads\/2025\/01\/d8b3eb5f-1f84-4f83-9f6c-1352437ff45e-768x1024.jpeg",640,853,true],"large":["https:\/\/infoecos.com.ar\/wp-content\/uploads\/2025\/01\/d8b3eb5f-1f84-4f83-9f6c-1352437ff45e.jpeg",640,853,false],"1536x1536":["https:\/\/infoecos.com.ar\/wp-content\/uploads\/2025\/01\/d8b3eb5f-1f84-4f83-9f6c-1352437ff45e.jpeg",960,1280,false],"2048x2048":["https:\/\/infoecos.com.ar\/wp-content\/uploads\/2025\/01\/d8b3eb5f-1f84-4f83-9f6c-1352437ff45e.jpeg",960,1280,false],"covernews-slider-full":["https:\/\/infoecos.com.ar\/wp-content\/uploads\/2025\/01\/d8b3eb5f-1f84-4f83-9f6c-1352437ff45e-960x715.jpeg",960,715,true],"covernews-slider-center":["https:\/\/infoecos.com.ar\/wp-content\/uploads\/2025\/01\/d8b3eb5f-1f84-4f83-9f6c-1352437ff45e-800x500.jpeg",800,500,true],"covernews-featured":["https:\/\/infoecos.com.ar\/wp-content\/uploads\/2025\/01\/d8b3eb5f-1f84-4f83-9f6c-1352437ff45e.jpeg",960,1280,false],"covernews-medium":["https:\/\/infoecos.com.ar\/wp-content\/uploads\/2025\/01\/d8b3eb5f-1f84-4f83-9f6c-1352437ff45e-540x340.jpeg",540,340,true],"covernews-medium-square":["https:\/\/infoecos.com.ar\/wp-content\/uploads\/2025\/01\/d8b3eb5f-1f84-4f83-9f6c-1352437ff45e-400x250.jpeg",400,250,true]},"author_info":{"info":["Jorge Matheus"]},"category_info":"<a href=\"https:\/\/infoecos.com.ar\/index.php\/category\/sin-categoria\/\" rel=\"category tag\">Sin categor\u00eda<\/a>","tag_info":"Sin categor\u00eda","comment_count":"0","_links":{"self":[{"href":"https:\/\/infoecos.com.ar\/index.php\/wp-json\/wp\/v2\/posts\/154828"}],"collection":[{"href":"https:\/\/infoecos.com.ar\/index.php\/wp-json\/wp\/v2\/posts"}],"about":[{"href":"https:\/\/infoecos.com.ar\/index.php\/wp-json\/wp\/v2\/types\/post"}],"author":[{"embeddable":true,"href":"https:\/\/infoecos.com.ar\/index.php\/wp-json\/wp\/v2\/users\/2"}],"replies":[{"embeddable":true,"href":"https:\/\/infoecos.com.ar\/index.php\/wp-json\/wp\/v2\/comments?post=154828"}],"version-history":[{"count":3,"href":"https:\/\/infoecos.com.ar\/index.php\/wp-json\/wp\/v2\/posts\/154828\/revisions"}],"predecessor-version":[{"id":154833,"href":"https:\/\/infoecos.com.ar\/index.php\/wp-json\/wp\/v2\/posts\/154828\/revisions\/154833"}],"wp:featuredmedia":[{"embeddable":true,"href":"https:\/\/infoecos.com.ar\/index.php\/wp-json\/wp\/v2\/media\/135300"}],"wp:attachment":[{"href":"https:\/\/infoecos.com.ar\/index.php\/wp-json\/wp\/v2\/media?parent=154828"}],"wp:term":[{"taxonomy":"category","embeddable":true,"href":"https:\/\/infoecos.com.ar\/index.php\/wp-json\/wp\/v2\/categories?post=154828"},{"taxonomy":"post_tag","embeddable":true,"href":"https:\/\/infoecos.com.ar\/index.php\/wp-json\/wp\/v2\/tags?post=154828"}],"curies":[{"name":"wp","href":"https:\/\/api.w.org\/{rel}","templated":true}]}}