{"id":154842,"date":"2026-03-11T14:23:09","date_gmt":"2026-03-11T17:23:09","guid":{"rendered":"https:\/\/infoecos.com.ar\/?p=154842"},"modified":"2026-03-15T02:46:29","modified_gmt":"2026-03-15T05:46:29","slug":"el-gobierno-nacional-dispuso-pagar-mas-aunque-es-poco-a-los-operarios-del-taller-protegido-peni-hue","status":"publish","type":"post","link":"https:\/\/infoecos.com.ar\/index.php\/el-gobierno-nacional-dispuso-pagar-mas-aunque-es-poco-a-los-operarios-del-taller-protegido-peni-hue\/","title":{"rendered":"El Gobierno Nacional dispuso pagar m\u00e1s, aunque es poco, a los operarios del Taller Protegido Pe\u00f1i Hu\u00e9"},"content":{"rendered":"\n<p>La modificaci\u00f3n del monto es a partir del 1\u00ba de enero pasado, y aunque a\u00fan no hay fijada fecha de cobro ni el modo en que se instrumentar\u00e1 -deben completarse los procesos administrativos-, el pago, cuando se concrete, ser\u00e1 retroactivo a la fecha de entrada en vigencia.<\/p>\n\n\n\n<p>Los operarios del Taller Protegido Pe\u00f1i Hu\u00e9 empezar\u00e1n a cobrar mensualmente 143.890 pesos, en lugar de los 28.000 pesos que est\u00e1n recibiendo, seg\u00fan una comunicaci\u00f3n oficial recibida en la instituci\u00f3n de parte de la Secretar\u00eda de Trabajo, Empleo y Seguridad Social, dependiente del Ministerio de Capital Humano de la Naci\u00f3n y publicada hoy en el Bolet\u00edn Oficial, en el marco del Programa de Asistencia a los Trabajadores de los Talleres Protegidos de Producci\u00f3n.<\/p>\n\n\n\n<p>El valor se estableci\u00f3 \u201cconforme lo previsto por el art\u00edculo 26, inciso a), de la Ley N\u00b0 26.816\u201d a asignaci\u00f3n mensual est\u00edmulo, no remunerativa para cada trabajador con discapacidad que se desempe\u00f1e bajo la modalidad de Taller Protegido Especial para el Empleo (TPEE), es equivalente al cuarenta por ciento (40%) del Salario M\u00ednimo, Vital y M\u00f3vil vigente\u201d.<\/p>\n\n\n\n<p>La resoluci\u00f3n, que lleva la firma de Julio Gabriel Cordero, Secretario de la Secretar\u00eda de Trabajo, Empleo y Seguridad de la Naci\u00f3n, est\u00e1 fechada el viernes pasado, y fue publicada hoy en el Bolet\u00edn Oficial.<\/p>\n\n\n\n<p>Hasta ahora, como se dijo, los operarios est\u00e1n percibiendo por mes 28.000 pesos de Naci\u00f3n y 55.000 pesos de Provincia.<\/p>\n\n\n\n<p><strong>Fuente period\u00edstica: MiTrenque<\/strong><\/p>\n\n\n\n<figure class=\"wp-block-image aligncenter size-full is-resized\"><img loading=\"lazy\" decoding=\"async\" width=\"960\" height=\"720\" src=\"https:\/\/infoecos.com.ar\/wp-content\/uploads\/2026\/03\/image-96.png\" alt=\"\" class=\"wp-image-154843\" style=\"width:422px;height:auto\" srcset=\"https:\/\/infoecos.com.ar\/wp-content\/uploads\/2026\/03\/image-96.png 960w, https:\/\/infoecos.com.ar\/wp-content\/uploads\/2026\/03\/image-96-800x600.png 800w, https:\/\/infoecos.com.ar\/wp-content\/uploads\/2026\/03\/image-96-768x576.png 768w\" sizes=\"(max-width: 960px) 100vw, 960px\" \/><\/figure>\n\n\n\n<figure class=\"wp-block-video\"><video controls src=\"https:\/\/infoecos.com.ar\/wp-content\/uploads\/2026\/03\/taller-peni-hue-video-trabajando.mp4\"><\/video><\/figure>\n\n\n\n<figure class=\"wp-block-video\"><video controls src=\"https:\/\/infoecos.com.ar\/wp-content\/uploads\/2026\/03\/taller-peni-hue-video-trabajando-1.mp4\"><\/video><\/figure>\n","protected":false},"excerpt":{"rendered":"<p>La resoluci\u00f3n, que lleva la firma de Julio Gabriel Cordero, Secretario de la Secretar\u00eda de Trabajo, Empleo y Seguridad de la Naci\u00f3n, est\u00e1 fechada el viernes pasado, y fue publicada hoy en el Bolet\u00edn Oficial<\/p>\n","protected":false},"author":2,"featured_media":154843,"comment_status":"closed","ping_status":"open","sticky":false,"template":"","format":"standard","meta":{"footnotes":""},"categories":[1],"tags":[10304,10298],"class_list":["post-154842","post","type-post","status-publish","format-standard","has-post-thumbnail","hentry","category-sin-categoria","tag-actualidad","tag-bloque-inferior"],"yoast_head":"<!-- This site is optimized with the Yoast SEO plugin v23.4 - https:\/\/yoast.com\/wordpress\/plugins\/seo\/ -->\n<title>El Gobierno Nacional dispuso pagar m\u00e1s, aunque es poco, a los operarios del Taller Protegido Pe\u00f1i Hu\u00e9 - Infoecos<\/title>\n<meta name=\"robots\" content=\"index, follow, max-snippet:-1, max-image-preview:large, max-video-preview:-1\" \/>\n<link rel=\"canonical\" href=\"https:\/\/infoecos.com.ar\/index.php\/el-gobierno-nacional-dispuso-pagar-mas-aunque-es-poco-a-los-operarios-del-taller-protegido-peni-hue\/\" \/>\n<meta property=\"og:locale\" content=\"es_ES\" \/>\n<meta property=\"og:type\" content=\"article\" \/>\n<meta property=\"og:title\" content=\"El Gobierno Nacional dispuso pagar m\u00e1s, aunque es poco, a los operarios del Taller Protegido Pe\u00f1i Hu\u00e9 - Infoecos\" \/>\n<meta property=\"og:description\" content=\"La resoluci\u00f3n, que lleva la firma de Julio Gabriel Cordero, Secretario de la Secretar\u00eda de Trabajo, Empleo y Seguridad de la Naci\u00f3n, est\u00e1 fechada el viernes pasado, y fue publicada hoy en el Bolet\u00edn Oficial\" \/>\n<meta property=\"og:url\" content=\"https:\/\/infoecos.com.ar\/index.php\/el-gobierno-nacional-dispuso-pagar-mas-aunque-es-poco-a-los-operarios-del-taller-protegido-peni-hue\/\" \/>\n<meta property=\"og:site_name\" content=\"Infoecos\" \/>\n<meta property=\"article:publisher\" content=\"https:\/\/www.facebook.com\/profile.php?id=100063200290284\" \/>\n<meta property=\"article:published_time\" content=\"2026-03-11T17:23:09+00:00\" \/>\n<meta property=\"article:modified_time\" content=\"2026-03-15T05:46:29+00:00\" \/>\n<meta property=\"og:image\" content=\"https:\/\/infoecos.com.ar\/wp-content\/uploads\/2026\/03\/image-96.png\" \/>\n\t<meta property=\"og:image:width\" content=\"960\" \/>\n\t<meta property=\"og:image:height\" content=\"720\" \/>\n\t<meta property=\"og:image:type\" content=\"image\/png\" \/>\n<meta name=\"author\" content=\"Jorge Matheus\" \/>\n<meta name=\"twitter:card\" content=\"summary_large_image\" \/>\n<meta name=\"twitter:creator\" content=\"@infoecos\" \/>\n<meta name=\"twitter:site\" content=\"@infoecos\" \/>\n<meta name=\"twitter:label1\" content=\"Escrito por\" \/>\n\t<meta name=\"twitter:data1\" content=\"Jorge Matheus\" \/>\n\t<meta name=\"twitter:label2\" content=\"Tiempo de lectura\" \/>\n\t<meta name=\"twitter:data2\" content=\"2 minutos\" \/>\n<script type=\"application\/ld+json\" class=\"yoast-schema-graph\">{\"@context\":\"https:\/\/schema.org\",\"@graph\":[{\"@type\":\"Article\",\"@id\":\"https:\/\/infoecos.com.ar\/index.php\/el-gobierno-nacional-dispuso-pagar-mas-aunque-es-poco-a-los-operarios-del-taller-protegido-peni-hue\/#article\",\"isPartOf\":{\"@id\":\"https:\/\/infoecos.com.ar\/index.php\/el-gobierno-nacional-dispuso-pagar-mas-aunque-es-poco-a-los-operarios-del-taller-protegido-peni-hue\/\"},\"author\":{\"name\":\"Jorge Matheus\",\"@id\":\"https:\/\/infoecos.com.ar\/#\/schema\/person\/8f5ace5ce73b4b4aac4b7245aee6f191\"},\"headline\":\"El Gobierno Nacional dispuso pagar m\u00e1s, aunque es poco, a los operarios del Taller Protegido Pe\u00f1i Hu\u00e9\",\"datePublished\":\"2026-03-11T17:23:09+00:00\",\"dateModified\":\"2026-03-15T05:46:29+00:00\",\"mainEntityOfPage\":{\"@id\":\"https:\/\/infoecos.com.ar\/index.php\/el-gobierno-nacional-dispuso-pagar-mas-aunque-es-poco-a-los-operarios-del-taller-protegido-peni-hue\/\"},\"wordCount\":271,\"publisher\":{\"@id\":\"https:\/\/infoecos.com.ar\/#organization\"},\"image\":{\"@id\":\"https:\/\/infoecos.com.ar\/index.php\/el-gobierno-nacional-dispuso-pagar-mas-aunque-es-poco-a-los-operarios-del-taller-protegido-peni-hue\/#primaryimage\"},\"thumbnailUrl\":\"https:\/\/infoecos.com.ar\/wp-content\/uploads\/2026\/03\/image-96.png\",\"keywords\":[\"Actualidad\",\"Bloque inferior\"],\"inLanguage\":\"es\"},{\"@type\":\"WebPage\",\"@id\":\"https:\/\/infoecos.com.ar\/index.php\/el-gobierno-nacional-dispuso-pagar-mas-aunque-es-poco-a-los-operarios-del-taller-protegido-peni-hue\/\",\"url\":\"https:\/\/infoecos.com.ar\/index.php\/el-gobierno-nacional-dispuso-pagar-mas-aunque-es-poco-a-los-operarios-del-taller-protegido-peni-hue\/\",\"name\":\"El Gobierno Nacional dispuso pagar m\u00e1s, aunque es poco, a los operarios del Taller Protegido Pe\u00f1i Hu\u00e9 - Infoecos\",\"isPartOf\":{\"@id\":\"https:\/\/infoecos.com.ar\/#website\"},\"primaryImageOfPage\":{\"@id\":\"https:\/\/infoecos.com.ar\/index.php\/el-gobierno-nacional-dispuso-pagar-mas-aunque-es-poco-a-los-operarios-del-taller-protegido-peni-hue\/#primaryimage\"},\"image\":{\"@id\":\"https:\/\/infoecos.com.ar\/index.php\/el-gobierno-nacional-dispuso-pagar-mas-aunque-es-poco-a-los-operarios-del-taller-protegido-peni-hue\/#primaryimage\"},\"thumbnailUrl\":\"https:\/\/infoecos.com.ar\/wp-content\/uploads\/2026\/03\/image-96.png\",\"datePublished\":\"2026-03-11T17:23:09+00:00\",\"dateModified\":\"2026-03-15T05:46:29+00:00\",\"breadcrumb\":{\"@id\":\"https:\/\/infoecos.com.ar\/index.php\/el-gobierno-nacional-dispuso-pagar-mas-aunque-es-poco-a-los-operarios-del-taller-protegido-peni-hue\/#breadcrumb\"},\"inLanguage\":\"es\",\"potentialAction\":[{\"@type\":\"ReadAction\",\"target\":[\"https:\/\/infoecos.com.ar\/index.php\/el-gobierno-nacional-dispuso-pagar-mas-aunque-es-poco-a-los-operarios-del-taller-protegido-peni-hue\/\"]}]},{\"@type\":\"ImageObject\",\"inLanguage\":\"es\",\"@id\":\"https:\/\/infoecos.com.ar\/index.php\/el-gobierno-nacional-dispuso-pagar-mas-aunque-es-poco-a-los-operarios-del-taller-protegido-peni-hue\/#primaryimage\",\"url\":\"https:\/\/infoecos.com.ar\/wp-content\/uploads\/2026\/03\/image-96.png\",\"contentUrl\":\"https:\/\/infoecos.com.ar\/wp-content\/uploads\/2026\/03\/image-96.png\",\"width\":960,\"height\":720},{\"@type\":\"BreadcrumbList\",\"@id\":\"https:\/\/infoecos.com.ar\/index.php\/el-gobierno-nacional-dispuso-pagar-mas-aunque-es-poco-a-los-operarios-del-taller-protegido-peni-hue\/#breadcrumb\",\"itemListElement\":[{\"@type\":\"ListItem\",\"position\":1,\"name\":\"Portada\",\"item\":\"https:\/\/infoecos.com.ar\/\"},{\"@type\":\"ListItem\",\"position\":2,\"name\":\"El Gobierno Nacional dispuso pagar m\u00e1s, aunque es poco, a los operarios del Taller Protegido Pe\u00f1i Hu\u00e9\"}]},{\"@type\":\"WebSite\",\"@id\":\"https:\/\/infoecos.com.ar\/#website\",\"url\":\"https:\/\/infoecos.com.ar\/\",\"name\":\"Infoecos\",\"description\":\"Noticias de trenque lauquen y la zona\",\"publisher\":{\"@id\":\"https:\/\/infoecos.com.ar\/#organization\"},\"alternateName\":\"Noticias\",\"potentialAction\":[{\"@type\":\"SearchAction\",\"target\":{\"@type\":\"EntryPoint\",\"urlTemplate\":\"https:\/\/infoecos.com.ar\/?s={search_term_string}\"},\"query-input\":{\"@type\":\"PropertyValueSpecification\",\"valueRequired\":true,\"valueName\":\"search_term_string\"}}],\"inLanguage\":\"es\"},{\"@type\":\"Organization\",\"@id\":\"https:\/\/infoecos.com.ar\/#organization\",\"name\":\"Infoecos\",\"alternateName\":\"Noticias\",\"url\":\"https:\/\/infoecos.com.ar\/\",\"logo\":{\"@type\":\"ImageObject\",\"inLanguage\":\"es\",\"@id\":\"https:\/\/infoecos.com.ar\/#\/schema\/logo\/image\/\",\"url\":\"https:\/\/infoecos.com.ar\/wp-content\/uploads\/2024\/03\/cropped-logo.png\",\"contentUrl\":\"https:\/\/infoecos.com.ar\/wp-content\/uploads\/2024\/03\/cropped-logo.png\",\"width\":374,\"height\":90,\"caption\":\"Infoecos\"},\"image\":{\"@id\":\"https:\/\/infoecos.com.ar\/#\/schema\/logo\/image\/\"},\"sameAs\":[\"https:\/\/www.facebook.com\/profile.php?id=100063200290284\",\"https:\/\/x.com\/infoecos\"]},{\"@type\":\"Person\",\"@id\":\"https:\/\/infoecos.com.ar\/#\/schema\/person\/8f5ace5ce73b4b4aac4b7245aee6f191\",\"name\":\"Jorge Matheus\",\"url\":\"https:\/\/infoecos.com.ar\/index.php\/author\/jomatheus\/\"}]}<\/script>\n<!-- \/ Yoast SEO plugin. -->","yoast_head_json":{"title":"El Gobierno Nacional dispuso pagar m\u00e1s, aunque es poco, a los operarios del Taller Protegido Pe\u00f1i Hu\u00e9 - Infoecos","robots":{"index":"index","follow":"follow","max-snippet":"max-snippet:-1","max-image-preview":"max-image-preview:large","max-video-preview":"max-video-preview:-1"},"canonical":"https:\/\/infoecos.com.ar\/index.php\/el-gobierno-nacional-dispuso-pagar-mas-aunque-es-poco-a-los-operarios-del-taller-protegido-peni-hue\/","og_locale":"es_ES","og_type":"article","og_title":"El Gobierno Nacional dispuso pagar m\u00e1s, aunque es poco, a los operarios del Taller Protegido Pe\u00f1i Hu\u00e9 - Infoecos","og_description":"La resoluci\u00f3n, que lleva la firma de Julio Gabriel Cordero, Secretario de la Secretar\u00eda de Trabajo, Empleo y Seguridad de la Naci\u00f3n, est\u00e1 fechada el viernes pasado, y fue publicada hoy en el Bolet\u00edn Oficial","og_url":"https:\/\/infoecos.com.ar\/index.php\/el-gobierno-nacional-dispuso-pagar-mas-aunque-es-poco-a-los-operarios-del-taller-protegido-peni-hue\/","og_site_name":"Infoecos","article_publisher":"https:\/\/www.facebook.com\/profile.php?id=100063200290284","article_published_time":"2026-03-11T17:23:09+00:00","article_modified_time":"2026-03-15T05:46:29+00:00","og_image":[{"width":960,"height":720,"url":"https:\/\/infoecos.com.ar\/wp-content\/uploads\/2026\/03\/image-96.png","type":"image\/png"}],"author":"Jorge Matheus","twitter_card":"summary_large_image","twitter_creator":"@infoecos","twitter_site":"@infoecos","twitter_misc":{"Escrito por":"Jorge Matheus","Tiempo de lectura":"2 minutos"},"schema":{"@context":"https:\/\/schema.org","@graph":[{"@type":"Article","@id":"https:\/\/infoecos.com.ar\/index.php\/el-gobierno-nacional-dispuso-pagar-mas-aunque-es-poco-a-los-operarios-del-taller-protegido-peni-hue\/#article","isPartOf":{"@id":"https:\/\/infoecos.com.ar\/index.php\/el-gobierno-nacional-dispuso-pagar-mas-aunque-es-poco-a-los-operarios-del-taller-protegido-peni-hue\/"},"author":{"name":"Jorge Matheus","@id":"https:\/\/infoecos.com.ar\/#\/schema\/person\/8f5ace5ce73b4b4aac4b7245aee6f191"},"headline":"El Gobierno Nacional dispuso pagar m\u00e1s, aunque es poco, a los operarios del Taller Protegido Pe\u00f1i Hu\u00e9","datePublished":"2026-03-11T17:23:09+00:00","dateModified":"2026-03-15T05:46:29+00:00","mainEntityOfPage":{"@id":"https:\/\/infoecos.com.ar\/index.php\/el-gobierno-nacional-dispuso-pagar-mas-aunque-es-poco-a-los-operarios-del-taller-protegido-peni-hue\/"},"wordCount":271,"publisher":{"@id":"https:\/\/infoecos.com.ar\/#organization"},"image":{"@id":"https:\/\/infoecos.com.ar\/index.php\/el-gobierno-nacional-dispuso-pagar-mas-aunque-es-poco-a-los-operarios-del-taller-protegido-peni-hue\/#primaryimage"},"thumbnailUrl":"https:\/\/infoecos.com.ar\/wp-content\/uploads\/2026\/03\/image-96.png","keywords":["Actualidad","Bloque inferior"],"inLanguage":"es"},{"@type":"WebPage","@id":"https:\/\/infoecos.com.ar\/index.php\/el-gobierno-nacional-dispuso-pagar-mas-aunque-es-poco-a-los-operarios-del-taller-protegido-peni-hue\/","url":"https:\/\/infoecos.com.ar\/index.php\/el-gobierno-nacional-dispuso-pagar-mas-aunque-es-poco-a-los-operarios-del-taller-protegido-peni-hue\/","name":"El Gobierno Nacional dispuso pagar m\u00e1s, aunque es poco, a los operarios del Taller Protegido Pe\u00f1i Hu\u00e9 - Infoecos","isPartOf":{"@id":"https:\/\/infoecos.com.ar\/#website"},"primaryImageOfPage":{"@id":"https:\/\/infoecos.com.ar\/index.php\/el-gobierno-nacional-dispuso-pagar-mas-aunque-es-poco-a-los-operarios-del-taller-protegido-peni-hue\/#primaryimage"},"image":{"@id":"https:\/\/infoecos.com.ar\/index.php\/el-gobierno-nacional-dispuso-pagar-mas-aunque-es-poco-a-los-operarios-del-taller-protegido-peni-hue\/#primaryimage"},"thumbnailUrl":"https:\/\/infoecos.com.ar\/wp-content\/uploads\/2026\/03\/image-96.png","datePublished":"2026-03-11T17:23:09+00:00","dateModified":"2026-03-15T05:46:29+00:00","breadcrumb":{"@id":"https:\/\/infoecos.com.ar\/index.php\/el-gobierno-nacional-dispuso-pagar-mas-aunque-es-poco-a-los-operarios-del-taller-protegido-peni-hue\/#breadcrumb"},"inLanguage":"es","potentialAction":[{"@type":"ReadAction","target":["https:\/\/infoecos.com.ar\/index.php\/el-gobierno-nacional-dispuso-pagar-mas-aunque-es-poco-a-los-operarios-del-taller-protegido-peni-hue\/"]}]},{"@type":"ImageObject","inLanguage":"es","@id":"https:\/\/infoecos.com.ar\/index.php\/el-gobierno-nacional-dispuso-pagar-mas-aunque-es-poco-a-los-operarios-del-taller-protegido-peni-hue\/#primaryimage","url":"https:\/\/infoecos.com.ar\/wp-content\/uploads\/2026\/03\/image-96.png","contentUrl":"https:\/\/infoecos.com.ar\/wp-content\/uploads\/2026\/03\/image-96.png","width":960,"height":720},{"@type":"BreadcrumbList","@id":"https:\/\/infoecos.com.ar\/index.php\/el-gobierno-nacional-dispuso-pagar-mas-aunque-es-poco-a-los-operarios-del-taller-protegido-peni-hue\/#breadcrumb","itemListElement":[{"@type":"ListItem","position":1,"name":"Portada","item":"https:\/\/infoecos.com.ar\/"},{"@type":"ListItem","position":2,"name":"El Gobierno Nacional dispuso pagar m\u00e1s, aunque es poco, a los operarios del Taller Protegido Pe\u00f1i Hu\u00e9"}]},{"@type":"WebSite","@id":"https:\/\/infoecos.com.ar\/#website","url":"https:\/\/infoecos.com.ar\/","name":"Infoecos","description":"Noticias de trenque lauquen y la zona","publisher":{"@id":"https:\/\/infoecos.com.ar\/#organization"},"alternateName":"Noticias","potentialAction":[{"@type":"SearchAction","target":{"@type":"EntryPoint","urlTemplate":"https:\/\/infoecos.com.ar\/?s={search_term_string}"},"query-input":{"@type":"PropertyValueSpecification","valueRequired":true,"valueName":"search_term_string"}}],"inLanguage":"es"},{"@type":"Organization","@id":"https:\/\/infoecos.com.ar\/#organization","name":"Infoecos","alternateName":"Noticias","url":"https:\/\/infoecos.com.ar\/","logo":{"@type":"ImageObject","inLanguage":"es","@id":"https:\/\/infoecos.com.ar\/#\/schema\/logo\/image\/","url":"https:\/\/infoecos.com.ar\/wp-content\/uploads\/2024\/03\/cropped-logo.png","contentUrl":"https:\/\/infoecos.com.ar\/wp-content\/uploads\/2024\/03\/cropped-logo.png","width":374,"height":90,"caption":"Infoecos"},"image":{"@id":"https:\/\/infoecos.com.ar\/#\/schema\/logo\/image\/"},"sameAs":["https:\/\/www.facebook.com\/profile.php?id=100063200290284","https:\/\/x.com\/infoecos"]},{"@type":"Person","@id":"https:\/\/infoecos.com.ar\/#\/schema\/person\/8f5ace5ce73b4b4aac4b7245aee6f191","name":"Jorge Matheus","url":"https:\/\/infoecos.com.ar\/index.php\/author\/jomatheus\/"}]}},"featured_image_urls":{"full":["https:\/\/infoecos.com.ar\/wp-content\/uploads\/2026\/03\/image-96.png",960,720,false],"thumbnail":["https:\/\/infoecos.com.ar\/wp-content\/uploads\/2026\/03\/image-96-300x150.png",300,150,true],"medium":["https:\/\/infoecos.com.ar\/wp-content\/uploads\/2026\/03\/image-96-800x600.png",800,600,true],"medium_large":["https:\/\/infoecos.com.ar\/wp-content\/uploads\/2026\/03\/image-96-768x576.png",640,480,true],"large":["https:\/\/infoecos.com.ar\/wp-content\/uploads\/2026\/03\/image-96.png",640,480,false],"1536x1536":["https:\/\/infoecos.com.ar\/wp-content\/uploads\/2026\/03\/image-96.png",960,720,false],"2048x2048":["https:\/\/infoecos.com.ar\/wp-content\/uploads\/2026\/03\/image-96.png",960,720,false],"covernews-slider-full":["https:\/\/infoecos.com.ar\/wp-content\/uploads\/2026\/03\/image-96-960x715.png",960,715,true],"covernews-slider-center":["https:\/\/infoecos.com.ar\/wp-content\/uploads\/2026\/03\/image-96-800x500.png",800,500,true],"covernews-featured":["https:\/\/infoecos.com.ar\/wp-content\/uploads\/2026\/03\/image-96.png",960,720,false],"covernews-medium":["https:\/\/infoecos.com.ar\/wp-content\/uploads\/2026\/03\/image-96-540x340.png",540,340,true],"covernews-medium-square":["https:\/\/infoecos.com.ar\/wp-content\/uploads\/2026\/03\/image-96-400x250.png",400,250,true]},"author_info":{"info":["Jorge Matheus"]},"category_info":"<a href=\"https:\/\/infoecos.com.ar\/index.php\/category\/sin-categoria\/\" rel=\"category tag\">Sin categor\u00eda<\/a>","tag_info":"Sin categor\u00eda","comment_count":"0","_links":{"self":[{"href":"https:\/\/infoecos.com.ar\/index.php\/wp-json\/wp\/v2\/posts\/154842"}],"collection":[{"href":"https:\/\/infoecos.com.ar\/index.php\/wp-json\/wp\/v2\/posts"}],"about":[{"href":"https:\/\/infoecos.com.ar\/index.php\/wp-json\/wp\/v2\/types\/post"}],"author":[{"embeddable":true,"href":"https:\/\/infoecos.com.ar\/index.php\/wp-json\/wp\/v2\/users\/2"}],"replies":[{"embeddable":true,"href":"https:\/\/infoecos.com.ar\/index.php\/wp-json\/wp\/v2\/comments?post=154842"}],"version-history":[{"count":1,"href":"https:\/\/infoecos.com.ar\/index.php\/wp-json\/wp\/v2\/posts\/154842\/revisions"}],"predecessor-version":[{"id":154846,"href":"https:\/\/infoecos.com.ar\/index.php\/wp-json\/wp\/v2\/posts\/154842\/revisions\/154846"}],"wp:featuredmedia":[{"embeddable":true,"href":"https:\/\/infoecos.com.ar\/index.php\/wp-json\/wp\/v2\/media\/154843"}],"wp:attachment":[{"href":"https:\/\/infoecos.com.ar\/index.php\/wp-json\/wp\/v2\/media?parent=154842"}],"wp:term":[{"taxonomy":"category","embeddable":true,"href":"https:\/\/infoecos.com.ar\/index.php\/wp-json\/wp\/v2\/categories?post=154842"},{"taxonomy":"post_tag","embeddable":true,"href":"https:\/\/infoecos.com.ar\/index.php\/wp-json\/wp\/v2\/tags?post=154842"}],"curies":[{"name":"wp","href":"https:\/\/api.w.org\/{rel}","templated":true}]}}