{"id":154853,"date":"2026-03-11T21:22:19","date_gmt":"2026-03-12T00:22:19","guid":{"rendered":"https:\/\/infoecos.com.ar\/?p=154853"},"modified":"2026-03-11T21:22:20","modified_gmt":"2026-03-12T00:22:20","slug":"porque-luchamos-nos-desaparecieron-porque-aparecimos-seguimos-luchando-se-presenta-el-17-de-marzo-a-50-anos-del-golpe-militar","status":"publish","type":"post","link":"https:\/\/infoecos.com.ar\/index.php\/porque-luchamos-nos-desaparecieron-porque-aparecimos-seguimos-luchando-se-presenta-el-17-de-marzo-a-50-anos-del-golpe-militar\/","title":{"rendered":"\u201cPorque luchamos, nos desaparecieron. Porque aparecimos, seguimos luchando\u201d, se presenta el 17 de marzo a 50 a\u00f1os del Golpe Militar"},"content":{"rendered":"\n<p>Presentaci\u00f3n del Archivo Hist\u00f3rico de la Asociaci\u00f3n de Ex Detenidos Desaparecidos, <strong><em>\u201cPorque luchamos, nos desaparecieron. Porque aparecimos, seguimos luchando\u201d<\/em><\/strong>.<\/p>\n\n\n\n<p>En una invitaci\u00f3n cursada este mi\u00e9rcoles se se\u00f1ala que \u00abA 50 a\u00f1os del golpe genocida, nos proponemos recorrer este acervo documental elaborado colectivamente, que re\u00fane fotograf\u00edas, testimonios, art\u00edculos period\u00edsticos y diversos materiales, para reconstruir el amplio camino transitado en la lucha por Memoria, Verdad y Justicia\u00bb, para agregar m\u00e1s adelante que \u00abPorque hacer memoria es mantener en alto las banderas, y porque fuiste parte de esta lucha y de nuestra historia, te esperamos para compartir este emotivo encuentro\u00bb.<\/p>\n\n\n\n<p>La presentaci\u00f3n ser\u00e1 el 17 de marzo a las 19 h, En JJ Circuito Cultural (Jean Jaures 347. Abasto, CABA).<\/p>\n\n\n\n<figure class=\"wp-block-image size-full\"><img loading=\"lazy\" decoding=\"async\" width=\"1080\" height=\"1350\" src=\"https:\/\/infoecos.com.ar\/wp-content\/uploads\/2026\/03\/PHOTO-2026-03-11-20-37-31.jpg\" alt=\"\" class=\"wp-image-154854\" srcset=\"https:\/\/infoecos.com.ar\/wp-content\/uploads\/2026\/03\/PHOTO-2026-03-11-20-37-31.jpg 1080w, https:\/\/infoecos.com.ar\/wp-content\/uploads\/2026\/03\/PHOTO-2026-03-11-20-37-31-640x800.jpg 640w, https:\/\/infoecos.com.ar\/wp-content\/uploads\/2026\/03\/PHOTO-2026-03-11-20-37-31-768x960.jpg 768w, https:\/\/infoecos.com.ar\/wp-content\/uploads\/2026\/03\/PHOTO-2026-03-11-20-37-31-1024x1280.jpg 1024w\" sizes=\"(max-width: 1080px) 100vw, 1080px\" \/><\/figure>\n\n\n\n<p><\/p>\n","protected":false},"excerpt":{"rendered":"<p>En una invitaci\u00f3n cursada este mi\u00e9rcoles se se\u00f1ala que \u00abA 50 a\u00f1os del golpe genocida, nos proponemos recorrer este acervo documental elaborado colectivamente, que re\u00fane fotograf\u00edas, testimonios, art\u00edculos period\u00edsticos y diversos materiales, para reconstruir el amplio camino transitado en la lucha por Memoria, Verdad y Justicia\u00bb<\/p>\n","protected":false},"author":2,"featured_media":154854,"comment_status":"closed","ping_status":"open","sticky":false,"template":"","format":"standard","meta":{"footnotes":""},"categories":[1],"tags":[97,10290,1500,156],"class_list":["post-154853","post","type-post","status-publish","format-standard","has-post-thumbnail","hentry","category-sin-categoria","tag-economia","tag-entretenimiento","tag-regional","tag-salud"],"yoast_head":"<!-- This site is optimized with the Yoast SEO plugin v23.4 - https:\/\/yoast.com\/wordpress\/plugins\/seo\/ -->\n<title>\u201cPorque luchamos, nos desaparecieron. Porque aparecimos, seguimos luchando\u201d, se presenta el 17 de marzo a 50 a\u00f1os del Golpe Militar - Infoecos<\/title>\n<meta name=\"robots\" content=\"index, follow, max-snippet:-1, max-image-preview:large, max-video-preview:-1\" \/>\n<link rel=\"canonical\" href=\"https:\/\/infoecos.com.ar\/index.php\/porque-luchamos-nos-desaparecieron-porque-aparecimos-seguimos-luchando-se-presenta-el-17-de-marzo-a-50-anos-del-golpe-militar\/\" \/>\n<meta property=\"og:locale\" content=\"es_ES\" \/>\n<meta property=\"og:type\" content=\"article\" \/>\n<meta property=\"og:title\" content=\"\u201cPorque luchamos, nos desaparecieron. Porque aparecimos, seguimos luchando\u201d, se presenta el 17 de marzo a 50 a\u00f1os del Golpe Militar - Infoecos\" \/>\n<meta property=\"og:description\" content=\"En una invitaci\u00f3n cursada este mi\u00e9rcoles se se\u00f1ala que &quot;A 50 a\u00f1os del golpe genocida, nos proponemos recorrer este acervo documental elaborado colectivamente, que re\u00fane fotograf\u00edas, testimonios, art\u00edculos period\u00edsticos y diversos materiales, para reconstruir el amplio camino transitado en la lucha por Memoria, Verdad y Justicia&quot;\" \/>\n<meta property=\"og:url\" content=\"https:\/\/infoecos.com.ar\/index.php\/porque-luchamos-nos-desaparecieron-porque-aparecimos-seguimos-luchando-se-presenta-el-17-de-marzo-a-50-anos-del-golpe-militar\/\" \/>\n<meta property=\"og:site_name\" content=\"Infoecos\" \/>\n<meta property=\"article:publisher\" content=\"https:\/\/www.facebook.com\/profile.php?id=100063200290284\" \/>\n<meta property=\"article:published_time\" content=\"2026-03-12T00:22:19+00:00\" \/>\n<meta property=\"article:modified_time\" content=\"2026-03-12T00:22:20+00:00\" \/>\n<meta property=\"og:image\" content=\"https:\/\/infoecos.com.ar\/wp-content\/uploads\/2026\/03\/PHOTO-2026-03-11-20-37-31.jpg\" \/>\n\t<meta property=\"og:image:width\" content=\"1080\" \/>\n\t<meta property=\"og:image:height\" content=\"1350\" \/>\n\t<meta property=\"og:image:type\" content=\"image\/jpeg\" \/>\n<meta name=\"author\" content=\"Jorge Matheus\" \/>\n<meta name=\"twitter:card\" content=\"summary_large_image\" \/>\n<meta name=\"twitter:creator\" content=\"@infoecos\" \/>\n<meta name=\"twitter:site\" content=\"@infoecos\" \/>\n<meta name=\"twitter:label1\" content=\"Escrito por\" \/>\n\t<meta name=\"twitter:data1\" content=\"Jorge Matheus\" \/>\n\t<meta name=\"twitter:label2\" content=\"Tiempo de lectura\" \/>\n\t<meta name=\"twitter:data2\" content=\"1 minuto\" \/>\n<script type=\"application\/ld+json\" class=\"yoast-schema-graph\">{\"@context\":\"https:\/\/schema.org\",\"@graph\":[{\"@type\":\"Article\",\"@id\":\"https:\/\/infoecos.com.ar\/index.php\/porque-luchamos-nos-desaparecieron-porque-aparecimos-seguimos-luchando-se-presenta-el-17-de-marzo-a-50-anos-del-golpe-militar\/#article\",\"isPartOf\":{\"@id\":\"https:\/\/infoecos.com.ar\/index.php\/porque-luchamos-nos-desaparecieron-porque-aparecimos-seguimos-luchando-se-presenta-el-17-de-marzo-a-50-anos-del-golpe-militar\/\"},\"author\":{\"name\":\"Jorge Matheus\",\"@id\":\"https:\/\/infoecos.com.ar\/#\/schema\/person\/8f5ace5ce73b4b4aac4b7245aee6f191\"},\"headline\":\"\u201cPorque luchamos, nos desaparecieron. Porque aparecimos, seguimos luchando\u201d, se presenta el 17 de marzo a 50 a\u00f1os del Golpe Militar\",\"datePublished\":\"2026-03-12T00:22:19+00:00\",\"dateModified\":\"2026-03-12T00:22:20+00:00\",\"mainEntityOfPage\":{\"@id\":\"https:\/\/infoecos.com.ar\/index.php\/porque-luchamos-nos-desaparecieron-porque-aparecimos-seguimos-luchando-se-presenta-el-17-de-marzo-a-50-anos-del-golpe-militar\/\"},\"wordCount\":145,\"publisher\":{\"@id\":\"https:\/\/infoecos.com.ar\/#organization\"},\"image\":{\"@id\":\"https:\/\/infoecos.com.ar\/index.php\/porque-luchamos-nos-desaparecieron-porque-aparecimos-seguimos-luchando-se-presenta-el-17-de-marzo-a-50-anos-del-golpe-militar\/#primaryimage\"},\"thumbnailUrl\":\"https:\/\/infoecos.com.ar\/wp-content\/uploads\/2026\/03\/PHOTO-2026-03-11-20-37-31.jpg\",\"keywords\":[\"ECONOM\u00cdA\",\"Entretenimiento\",\"REGIONAL\",\"SALUD\"],\"inLanguage\":\"es\"},{\"@type\":\"WebPage\",\"@id\":\"https:\/\/infoecos.com.ar\/index.php\/porque-luchamos-nos-desaparecieron-porque-aparecimos-seguimos-luchando-se-presenta-el-17-de-marzo-a-50-anos-del-golpe-militar\/\",\"url\":\"https:\/\/infoecos.com.ar\/index.php\/porque-luchamos-nos-desaparecieron-porque-aparecimos-seguimos-luchando-se-presenta-el-17-de-marzo-a-50-anos-del-golpe-militar\/\",\"name\":\"\u201cPorque luchamos, nos desaparecieron. Porque aparecimos, seguimos luchando\u201d, se presenta el 17 de marzo a 50 a\u00f1os del Golpe Militar - Infoecos\",\"isPartOf\":{\"@id\":\"https:\/\/infoecos.com.ar\/#website\"},\"primaryImageOfPage\":{\"@id\":\"https:\/\/infoecos.com.ar\/index.php\/porque-luchamos-nos-desaparecieron-porque-aparecimos-seguimos-luchando-se-presenta-el-17-de-marzo-a-50-anos-del-golpe-militar\/#primaryimage\"},\"image\":{\"@id\":\"https:\/\/infoecos.com.ar\/index.php\/porque-luchamos-nos-desaparecieron-porque-aparecimos-seguimos-luchando-se-presenta-el-17-de-marzo-a-50-anos-del-golpe-militar\/#primaryimage\"},\"thumbnailUrl\":\"https:\/\/infoecos.com.ar\/wp-content\/uploads\/2026\/03\/PHOTO-2026-03-11-20-37-31.jpg\",\"datePublished\":\"2026-03-12T00:22:19+00:00\",\"dateModified\":\"2026-03-12T00:22:20+00:00\",\"breadcrumb\":{\"@id\":\"https:\/\/infoecos.com.ar\/index.php\/porque-luchamos-nos-desaparecieron-porque-aparecimos-seguimos-luchando-se-presenta-el-17-de-marzo-a-50-anos-del-golpe-militar\/#breadcrumb\"},\"inLanguage\":\"es\",\"potentialAction\":[{\"@type\":\"ReadAction\",\"target\":[\"https:\/\/infoecos.com.ar\/index.php\/porque-luchamos-nos-desaparecieron-porque-aparecimos-seguimos-luchando-se-presenta-el-17-de-marzo-a-50-anos-del-golpe-militar\/\"]}]},{\"@type\":\"ImageObject\",\"inLanguage\":\"es\",\"@id\":\"https:\/\/infoecos.com.ar\/index.php\/porque-luchamos-nos-desaparecieron-porque-aparecimos-seguimos-luchando-se-presenta-el-17-de-marzo-a-50-anos-del-golpe-militar\/#primaryimage\",\"url\":\"https:\/\/infoecos.com.ar\/wp-content\/uploads\/2026\/03\/PHOTO-2026-03-11-20-37-31.jpg\",\"contentUrl\":\"https:\/\/infoecos.com.ar\/wp-content\/uploads\/2026\/03\/PHOTO-2026-03-11-20-37-31.jpg\",\"width\":1080,\"height\":1350},{\"@type\":\"BreadcrumbList\",\"@id\":\"https:\/\/infoecos.com.ar\/index.php\/porque-luchamos-nos-desaparecieron-porque-aparecimos-seguimos-luchando-se-presenta-el-17-de-marzo-a-50-anos-del-golpe-militar\/#breadcrumb\",\"itemListElement\":[{\"@type\":\"ListItem\",\"position\":1,\"name\":\"Portada\",\"item\":\"https:\/\/infoecos.com.ar\/\"},{\"@type\":\"ListItem\",\"position\":2,\"name\":\"\u201cPorque luchamos, nos desaparecieron. Porque aparecimos, seguimos luchando\u201d, se presenta el 17 de marzo a 50 a\u00f1os del Golpe Militar\"}]},{\"@type\":\"WebSite\",\"@id\":\"https:\/\/infoecos.com.ar\/#website\",\"url\":\"https:\/\/infoecos.com.ar\/\",\"name\":\"Infoecos\",\"description\":\"Noticias de trenque lauquen y la zona\",\"publisher\":{\"@id\":\"https:\/\/infoecos.com.ar\/#organization\"},\"alternateName\":\"Noticias\",\"potentialAction\":[{\"@type\":\"SearchAction\",\"target\":{\"@type\":\"EntryPoint\",\"urlTemplate\":\"https:\/\/infoecos.com.ar\/?s={search_term_string}\"},\"query-input\":{\"@type\":\"PropertyValueSpecification\",\"valueRequired\":true,\"valueName\":\"search_term_string\"}}],\"inLanguage\":\"es\"},{\"@type\":\"Organization\",\"@id\":\"https:\/\/infoecos.com.ar\/#organization\",\"name\":\"Infoecos\",\"alternateName\":\"Noticias\",\"url\":\"https:\/\/infoecos.com.ar\/\",\"logo\":{\"@type\":\"ImageObject\",\"inLanguage\":\"es\",\"@id\":\"https:\/\/infoecos.com.ar\/#\/schema\/logo\/image\/\",\"url\":\"https:\/\/infoecos.com.ar\/wp-content\/uploads\/2024\/03\/cropped-logo.png\",\"contentUrl\":\"https:\/\/infoecos.com.ar\/wp-content\/uploads\/2024\/03\/cropped-logo.png\",\"width\":374,\"height\":90,\"caption\":\"Infoecos\"},\"image\":{\"@id\":\"https:\/\/infoecos.com.ar\/#\/schema\/logo\/image\/\"},\"sameAs\":[\"https:\/\/www.facebook.com\/profile.php?id=100063200290284\",\"https:\/\/x.com\/infoecos\"]},{\"@type\":\"Person\",\"@id\":\"https:\/\/infoecos.com.ar\/#\/schema\/person\/8f5ace5ce73b4b4aac4b7245aee6f191\",\"name\":\"Jorge Matheus\",\"url\":\"https:\/\/infoecos.com.ar\/index.php\/author\/jomatheus\/\"}]}<\/script>\n<!-- \/ Yoast SEO plugin. -->","yoast_head_json":{"title":"\u201cPorque luchamos, nos desaparecieron. Porque aparecimos, seguimos luchando\u201d, se presenta el 17 de marzo a 50 a\u00f1os del Golpe Militar - Infoecos","robots":{"index":"index","follow":"follow","max-snippet":"max-snippet:-1","max-image-preview":"max-image-preview:large","max-video-preview":"max-video-preview:-1"},"canonical":"https:\/\/infoecos.com.ar\/index.php\/porque-luchamos-nos-desaparecieron-porque-aparecimos-seguimos-luchando-se-presenta-el-17-de-marzo-a-50-anos-del-golpe-militar\/","og_locale":"es_ES","og_type":"article","og_title":"\u201cPorque luchamos, nos desaparecieron. Porque aparecimos, seguimos luchando\u201d, se presenta el 17 de marzo a 50 a\u00f1os del Golpe Militar - Infoecos","og_description":"En una invitaci\u00f3n cursada este mi\u00e9rcoles se se\u00f1ala que \"A 50 a\u00f1os del golpe genocida, nos proponemos recorrer este acervo documental elaborado colectivamente, que re\u00fane fotograf\u00edas, testimonios, art\u00edculos period\u00edsticos y diversos materiales, para reconstruir el amplio camino transitado en la lucha por Memoria, Verdad y Justicia\"","og_url":"https:\/\/infoecos.com.ar\/index.php\/porque-luchamos-nos-desaparecieron-porque-aparecimos-seguimos-luchando-se-presenta-el-17-de-marzo-a-50-anos-del-golpe-militar\/","og_site_name":"Infoecos","article_publisher":"https:\/\/www.facebook.com\/profile.php?id=100063200290284","article_published_time":"2026-03-12T00:22:19+00:00","article_modified_time":"2026-03-12T00:22:20+00:00","og_image":[{"width":1080,"height":1350,"url":"https:\/\/infoecos.com.ar\/wp-content\/uploads\/2026\/03\/PHOTO-2026-03-11-20-37-31.jpg","type":"image\/jpeg"}],"author":"Jorge Matheus","twitter_card":"summary_large_image","twitter_creator":"@infoecos","twitter_site":"@infoecos","twitter_misc":{"Escrito por":"Jorge Matheus","Tiempo de lectura":"1 minuto"},"schema":{"@context":"https:\/\/schema.org","@graph":[{"@type":"Article","@id":"https:\/\/infoecos.com.ar\/index.php\/porque-luchamos-nos-desaparecieron-porque-aparecimos-seguimos-luchando-se-presenta-el-17-de-marzo-a-50-anos-del-golpe-militar\/#article","isPartOf":{"@id":"https:\/\/infoecos.com.ar\/index.php\/porque-luchamos-nos-desaparecieron-porque-aparecimos-seguimos-luchando-se-presenta-el-17-de-marzo-a-50-anos-del-golpe-militar\/"},"author":{"name":"Jorge Matheus","@id":"https:\/\/infoecos.com.ar\/#\/schema\/person\/8f5ace5ce73b4b4aac4b7245aee6f191"},"headline":"\u201cPorque luchamos, nos desaparecieron. Porque aparecimos, seguimos luchando\u201d, se presenta el 17 de marzo a 50 a\u00f1os del Golpe Militar","datePublished":"2026-03-12T00:22:19+00:00","dateModified":"2026-03-12T00:22:20+00:00","mainEntityOfPage":{"@id":"https:\/\/infoecos.com.ar\/index.php\/porque-luchamos-nos-desaparecieron-porque-aparecimos-seguimos-luchando-se-presenta-el-17-de-marzo-a-50-anos-del-golpe-militar\/"},"wordCount":145,"publisher":{"@id":"https:\/\/infoecos.com.ar\/#organization"},"image":{"@id":"https:\/\/infoecos.com.ar\/index.php\/porque-luchamos-nos-desaparecieron-porque-aparecimos-seguimos-luchando-se-presenta-el-17-de-marzo-a-50-anos-del-golpe-militar\/#primaryimage"},"thumbnailUrl":"https:\/\/infoecos.com.ar\/wp-content\/uploads\/2026\/03\/PHOTO-2026-03-11-20-37-31.jpg","keywords":["ECONOM\u00cdA","Entretenimiento","REGIONAL","SALUD"],"inLanguage":"es"},{"@type":"WebPage","@id":"https:\/\/infoecos.com.ar\/index.php\/porque-luchamos-nos-desaparecieron-porque-aparecimos-seguimos-luchando-se-presenta-el-17-de-marzo-a-50-anos-del-golpe-militar\/","url":"https:\/\/infoecos.com.ar\/index.php\/porque-luchamos-nos-desaparecieron-porque-aparecimos-seguimos-luchando-se-presenta-el-17-de-marzo-a-50-anos-del-golpe-militar\/","name":"\u201cPorque luchamos, nos desaparecieron. Porque aparecimos, seguimos luchando\u201d, se presenta el 17 de marzo a 50 a\u00f1os del Golpe Militar - Infoecos","isPartOf":{"@id":"https:\/\/infoecos.com.ar\/#website"},"primaryImageOfPage":{"@id":"https:\/\/infoecos.com.ar\/index.php\/porque-luchamos-nos-desaparecieron-porque-aparecimos-seguimos-luchando-se-presenta-el-17-de-marzo-a-50-anos-del-golpe-militar\/#primaryimage"},"image":{"@id":"https:\/\/infoecos.com.ar\/index.php\/porque-luchamos-nos-desaparecieron-porque-aparecimos-seguimos-luchando-se-presenta-el-17-de-marzo-a-50-anos-del-golpe-militar\/#primaryimage"},"thumbnailUrl":"https:\/\/infoecos.com.ar\/wp-content\/uploads\/2026\/03\/PHOTO-2026-03-11-20-37-31.jpg","datePublished":"2026-03-12T00:22:19+00:00","dateModified":"2026-03-12T00:22:20+00:00","breadcrumb":{"@id":"https:\/\/infoecos.com.ar\/index.php\/porque-luchamos-nos-desaparecieron-porque-aparecimos-seguimos-luchando-se-presenta-el-17-de-marzo-a-50-anos-del-golpe-militar\/#breadcrumb"},"inLanguage":"es","potentialAction":[{"@type":"ReadAction","target":["https:\/\/infoecos.com.ar\/index.php\/porque-luchamos-nos-desaparecieron-porque-aparecimos-seguimos-luchando-se-presenta-el-17-de-marzo-a-50-anos-del-golpe-militar\/"]}]},{"@type":"ImageObject","inLanguage":"es","@id":"https:\/\/infoecos.com.ar\/index.php\/porque-luchamos-nos-desaparecieron-porque-aparecimos-seguimos-luchando-se-presenta-el-17-de-marzo-a-50-anos-del-golpe-militar\/#primaryimage","url":"https:\/\/infoecos.com.ar\/wp-content\/uploads\/2026\/03\/PHOTO-2026-03-11-20-37-31.jpg","contentUrl":"https:\/\/infoecos.com.ar\/wp-content\/uploads\/2026\/03\/PHOTO-2026-03-11-20-37-31.jpg","width":1080,"height":1350},{"@type":"BreadcrumbList","@id":"https:\/\/infoecos.com.ar\/index.php\/porque-luchamos-nos-desaparecieron-porque-aparecimos-seguimos-luchando-se-presenta-el-17-de-marzo-a-50-anos-del-golpe-militar\/#breadcrumb","itemListElement":[{"@type":"ListItem","position":1,"name":"Portada","item":"https:\/\/infoecos.com.ar\/"},{"@type":"ListItem","position":2,"name":"\u201cPorque luchamos, nos desaparecieron. Porque aparecimos, seguimos luchando\u201d, se presenta el 17 de marzo a 50 a\u00f1os del Golpe Militar"}]},{"@type":"WebSite","@id":"https:\/\/infoecos.com.ar\/#website","url":"https:\/\/infoecos.com.ar\/","name":"Infoecos","description":"Noticias de trenque lauquen y la zona","publisher":{"@id":"https:\/\/infoecos.com.ar\/#organization"},"alternateName":"Noticias","potentialAction":[{"@type":"SearchAction","target":{"@type":"EntryPoint","urlTemplate":"https:\/\/infoecos.com.ar\/?s={search_term_string}"},"query-input":{"@type":"PropertyValueSpecification","valueRequired":true,"valueName":"search_term_string"}}],"inLanguage":"es"},{"@type":"Organization","@id":"https:\/\/infoecos.com.ar\/#organization","name":"Infoecos","alternateName":"Noticias","url":"https:\/\/infoecos.com.ar\/","logo":{"@type":"ImageObject","inLanguage":"es","@id":"https:\/\/infoecos.com.ar\/#\/schema\/logo\/image\/","url":"https:\/\/infoecos.com.ar\/wp-content\/uploads\/2024\/03\/cropped-logo.png","contentUrl":"https:\/\/infoecos.com.ar\/wp-content\/uploads\/2024\/03\/cropped-logo.png","width":374,"height":90,"caption":"Infoecos"},"image":{"@id":"https:\/\/infoecos.com.ar\/#\/schema\/logo\/image\/"},"sameAs":["https:\/\/www.facebook.com\/profile.php?id=100063200290284","https:\/\/x.com\/infoecos"]},{"@type":"Person","@id":"https:\/\/infoecos.com.ar\/#\/schema\/person\/8f5ace5ce73b4b4aac4b7245aee6f191","name":"Jorge Matheus","url":"https:\/\/infoecos.com.ar\/index.php\/author\/jomatheus\/"}]}},"featured_image_urls":{"full":["https:\/\/infoecos.com.ar\/wp-content\/uploads\/2026\/03\/PHOTO-2026-03-11-20-37-31.jpg",1080,1350,false],"thumbnail":["https:\/\/infoecos.com.ar\/wp-content\/uploads\/2026\/03\/PHOTO-2026-03-11-20-37-31-300x150.jpg",300,150,true],"medium":["https:\/\/infoecos.com.ar\/wp-content\/uploads\/2026\/03\/PHOTO-2026-03-11-20-37-31-640x800.jpg",640,800,true],"medium_large":["https:\/\/infoecos.com.ar\/wp-content\/uploads\/2026\/03\/PHOTO-2026-03-11-20-37-31-768x960.jpg",640,800,true],"large":["https:\/\/infoecos.com.ar\/wp-content\/uploads\/2026\/03\/PHOTO-2026-03-11-20-37-31.jpg",640,800,false],"1536x1536":["https:\/\/infoecos.com.ar\/wp-content\/uploads\/2026\/03\/PHOTO-2026-03-11-20-37-31.jpg",1080,1350,false],"2048x2048":["https:\/\/infoecos.com.ar\/wp-content\/uploads\/2026\/03\/PHOTO-2026-03-11-20-37-31.jpg",1080,1350,false],"covernews-slider-full":["https:\/\/infoecos.com.ar\/wp-content\/uploads\/2026\/03\/PHOTO-2026-03-11-20-37-31-1080x715.jpg",1080,715,true],"covernews-slider-center":["https:\/\/infoecos.com.ar\/wp-content\/uploads\/2026\/03\/PHOTO-2026-03-11-20-37-31-800x500.jpg",800,500,true],"covernews-featured":["https:\/\/infoecos.com.ar\/wp-content\/uploads\/2026\/03\/PHOTO-2026-03-11-20-37-31-1024x1280.jpg",1024,1280,true],"covernews-medium":["https:\/\/infoecos.com.ar\/wp-content\/uploads\/2026\/03\/PHOTO-2026-03-11-20-37-31-540x340.jpg",540,340,true],"covernews-medium-square":["https:\/\/infoecos.com.ar\/wp-content\/uploads\/2026\/03\/PHOTO-2026-03-11-20-37-31-400x250.jpg",400,250,true]},"author_info":{"info":["Jorge Matheus"]},"category_info":"<a href=\"https:\/\/infoecos.com.ar\/index.php\/category\/sin-categoria\/\" rel=\"category tag\">Sin categor\u00eda<\/a>","tag_info":"Sin categor\u00eda","comment_count":"0","_links":{"self":[{"href":"https:\/\/infoecos.com.ar\/index.php\/wp-json\/wp\/v2\/posts\/154853"}],"collection":[{"href":"https:\/\/infoecos.com.ar\/index.php\/wp-json\/wp\/v2\/posts"}],"about":[{"href":"https:\/\/infoecos.com.ar\/index.php\/wp-json\/wp\/v2\/types\/post"}],"author":[{"embeddable":true,"href":"https:\/\/infoecos.com.ar\/index.php\/wp-json\/wp\/v2\/users\/2"}],"replies":[{"embeddable":true,"href":"https:\/\/infoecos.com.ar\/index.php\/wp-json\/wp\/v2\/comments?post=154853"}],"version-history":[{"count":1,"href":"https:\/\/infoecos.com.ar\/index.php\/wp-json\/wp\/v2\/posts\/154853\/revisions"}],"predecessor-version":[{"id":154855,"href":"https:\/\/infoecos.com.ar\/index.php\/wp-json\/wp\/v2\/posts\/154853\/revisions\/154855"}],"wp:featuredmedia":[{"embeddable":true,"href":"https:\/\/infoecos.com.ar\/index.php\/wp-json\/wp\/v2\/media\/154854"}],"wp:attachment":[{"href":"https:\/\/infoecos.com.ar\/index.php\/wp-json\/wp\/v2\/media?parent=154853"}],"wp:term":[{"taxonomy":"category","embeddable":true,"href":"https:\/\/infoecos.com.ar\/index.php\/wp-json\/wp\/v2\/categories?post=154853"},{"taxonomy":"post_tag","embeddable":true,"href":"https:\/\/infoecos.com.ar\/index.php\/wp-json\/wp\/v2\/tags?post=154853"}],"curies":[{"name":"wp","href":"https:\/\/api.w.org\/{rel}","templated":true}]}}