{"id":154856,"date":"2026-03-11T22:16:26","date_gmt":"2026-03-12T01:16:26","guid":{"rendered":"https:\/\/infoecos.com.ar\/?p=154856"},"modified":"2026-03-15T02:45:45","modified_gmt":"2026-03-15T05:45:45","slug":"relevamiento-del-arbolado-publico-realizado-por-el-municipio-de-trenque-lauquen-revela-la-importancia-del-bosque-urbano","status":"publish","type":"post","link":"https:\/\/infoecos.com.ar\/index.php\/relevamiento-del-arbolado-publico-realizado-por-el-municipio-de-trenque-lauquen-revela-la-importancia-del-bosque-urbano\/","title":{"rendered":"Relevamiento del Arbolado P\u00fablico realizado por el municipio de Trenque Lauquen, revela la importancia del \u00abbosque urbano\u00bb"},"content":{"rendered":"\n<p>Un relevamiento de temperaturas en zonas de sol y sombra en la ciudad de Trenque Lauquen realizado por el \u00e1rea de Espacios Verdes y el Consejo Asesor de Arbolado revel\u00f3 la importancia de contar con un \u201cbosque urbano\u201d, en beneficio de la calidad de vida de la comunidad y de la sustentabilidad del ambiente, <strong>se\u00f1ala un informe dado a conocer este mi\u00e9rcoles por la Municipalidad de Trenque Lauquen. <\/strong><\/p>\n\n\n\n<figure class=\"wp-block-gallery has-nested-images columns-default is-cropped wp-block-gallery-1 is-layout-flex wp-block-gallery-is-layout-flex\">\n<figure class=\"wp-block-image size-large\"><img loading=\"lazy\" decoding=\"async\" width=\"1067\" height=\"1600\" data-id=\"154859\" src=\"https:\/\/infoecos.com.ar\/wp-content\/uploads\/2026\/03\/Arbolado-03-1067x1600.jpg\" alt=\"\" class=\"wp-image-154859\" srcset=\"https:\/\/infoecos.com.ar\/wp-content\/uploads\/2026\/03\/Arbolado-03-1067x1600.jpg 1067w, https:\/\/infoecos.com.ar\/wp-content\/uploads\/2026\/03\/Arbolado-03-533x800.jpg 533w, https:\/\/infoecos.com.ar\/wp-content\/uploads\/2026\/03\/Arbolado-03-768x1152.jpg 768w, https:\/\/infoecos.com.ar\/wp-content\/uploads\/2026\/03\/Arbolado-03-1024x1536.jpg 1024w, https:\/\/infoecos.com.ar\/wp-content\/uploads\/2026\/03\/Arbolado-03-1365x2048.jpg 1365w, https:\/\/infoecos.com.ar\/wp-content\/uploads\/2026\/03\/Arbolado-03-scaled.jpg 1707w\" sizes=\"(max-width: 1067px) 100vw, 1067px\" \/><\/figure>\n\n\n\n<figure class=\"wp-block-image size-large\"><img loading=\"lazy\" decoding=\"async\" width=\"1067\" height=\"1600\" data-id=\"154858\" src=\"https:\/\/infoecos.com.ar\/wp-content\/uploads\/2026\/03\/Arbolado-13-1067x1600.jpg\" alt=\"\" class=\"wp-image-154858\" srcset=\"https:\/\/infoecos.com.ar\/wp-content\/uploads\/2026\/03\/Arbolado-13-1067x1600.jpg 1067w, https:\/\/infoecos.com.ar\/wp-content\/uploads\/2026\/03\/Arbolado-13-533x800.jpg 533w, https:\/\/infoecos.com.ar\/wp-content\/uploads\/2026\/03\/Arbolado-13-768x1152.jpg 768w, https:\/\/infoecos.com.ar\/wp-content\/uploads\/2026\/03\/Arbolado-13-1024x1536.jpg 1024w, https:\/\/infoecos.com.ar\/wp-content\/uploads\/2026\/03\/Arbolado-13-1365x2048.jpg 1365w, https:\/\/infoecos.com.ar\/wp-content\/uploads\/2026\/03\/Arbolado-13-scaled.jpg 1706w\" sizes=\"(max-width: 1067px) 100vw, 1067px\" \/><\/figure>\n\n\n\n<figure class=\"wp-block-image size-large\"><img loading=\"lazy\" decoding=\"async\" width=\"1067\" height=\"1600\" data-id=\"154857\" src=\"https:\/\/infoecos.com.ar\/wp-content\/uploads\/2026\/03\/Arbolado-14-1067x1600.jpg\" alt=\"\" class=\"wp-image-154857\" srcset=\"https:\/\/infoecos.com.ar\/wp-content\/uploads\/2026\/03\/Arbolado-14-1067x1600.jpg 1067w, https:\/\/infoecos.com.ar\/wp-content\/uploads\/2026\/03\/Arbolado-14-533x800.jpg 533w, https:\/\/infoecos.com.ar\/wp-content\/uploads\/2026\/03\/Arbolado-14-768x1152.jpg 768w, https:\/\/infoecos.com.ar\/wp-content\/uploads\/2026\/03\/Arbolado-14-1024x1536.jpg 1024w, https:\/\/infoecos.com.ar\/wp-content\/uploads\/2026\/03\/Arbolado-14-1365x2048.jpg 1365w, https:\/\/infoecos.com.ar\/wp-content\/uploads\/2026\/03\/Arbolado-14-scaled.jpg 1706w\" sizes=\"(max-width: 1067px) 100vw, 1067px\" \/><\/figure>\n<\/figure>\n\n\n\n<p>El relevamiento se llev\u00f3 a cabo un d\u00eda con una temperatura ambiente de 33 grados y puso de manifiesto las diferencias t\u00e9rmicas que existen entre una calle con buena cobertura arb\u00f3rea y otra donde casi no hay \u00e1rboles. El trabajo se realiz\u00f3 en la calle Roca, entre 9 de Julio y Teniente General Uriburu (pr\u00e1cticamente sin cobertura arb\u00f3rea) y en Teniente General Uriburu, entre Villegas y San Mart\u00edn (con una frondosa arboleda).<\/p>\n\n\n\n<p>La directora de Espacios Verdes, Germana Cuniberti, explic\u00f3 que \u201cen la \u00e9poca con las altas temperaturas, en lugares donde existe una gran cantidad de \u00e1rboles que producen sombra, la temperatura baja alrededor de 20 grados\u201d. Y precis\u00f3 que existe una diferencia t\u00e9rmica de hasta 20\u00ba entre las calles que tienen \u00e1rboles con copa cerrada y aquellas donde directamente no existen \u00e1rboles o hay \u00e1rboles peque\u00f1os.<\/p>\n\n\n\n<p>Cuniberti se\u00f1al\u00f3 que \u201cse tomaron los datos de la superficie de la vereda, del asfalto, de paredes y la temperatura en las ramblas, y las diferencias son enormes: pudimos ver temperaturas que superan hasta los 50 grados en lugares donde no hay \u00e1rboles y temperaturas que est\u00e1n por debajo de la temperatura ambiental en los lugares donde hay buena cobertura de sombra\u201d.<\/p>\n\n\n\n<p>\u201cEsto demuestra la importancia de tratar de que exista mayor cantidad de forestaci\u00f3n en las ciudades por la mitigaci\u00f3n del uso de las energ\u00edas renovables, y para que tambi\u00e9n las personas tengan una mejor calidad de vida en las ciudades\u201d, agreg\u00f3 Cuniberti.<\/p>\n\n\n\n<p>En tanto, el \u00e1rea de Espacios Verdes estar\u00e1 presentando pr\u00f3ximamente una nueva edici\u00f3n de la Campa\u00f1a de Arbolado con el objetivo de sostener el cuidado ambiental, lograr una participaci\u00f3n ciudadana activa en la protecci\u00f3n del espacio p\u00fablico y fomentar la forestaci\u00f3n de veredas en la ciudad, respetando los criterios t\u00e9cnicos y est\u00e9ticos establecidos en el Plan Regulador de Arbolado Urbano.<\/p>\n\n\n\n<p>La forestaci\u00f3n tendr\u00e1 un costo accesible por \u00e1rbol colocado, incluyendo el valor de la especie correspondiente seg\u00fan el dise\u00f1o del Plan, dos estacas de sost\u00e9n, tira antihormigas y la colocaci\u00f3n realizada por el personal especializado de la Direcci\u00f3n de Espacios Verdes.<\/p>\n\n\n\n<figure class=\"wp-block-image size-full\"><img loading=\"lazy\" decoding=\"async\" width=\"1600\" height=\"1000\" src=\"https:\/\/infoecos.com.ar\/wp-content\/uploads\/2026\/03\/Arbolado.jpeg\" alt=\"\" class=\"wp-image-154860\" srcset=\"https:\/\/infoecos.com.ar\/wp-content\/uploads\/2026\/03\/Arbolado.jpeg 1600w, https:\/\/infoecos.com.ar\/wp-content\/uploads\/2026\/03\/Arbolado-800x500.jpeg 800w, https:\/\/infoecos.com.ar\/wp-content\/uploads\/2026\/03\/Arbolado-768x480.jpeg 768w, https:\/\/infoecos.com.ar\/wp-content\/uploads\/2026\/03\/Arbolado-1536x960.jpeg 1536w, https:\/\/infoecos.com.ar\/wp-content\/uploads\/2026\/03\/Arbolado-1024x640.jpeg 1024w, https:\/\/infoecos.com.ar\/wp-content\/uploads\/2026\/03\/Arbolado-400x250.jpeg 400w\" sizes=\"(max-width: 1600px) 100vw, 1600px\" \/><\/figure>\n\n\n\n<p><strong>DATOS PARA TENER EN CUENTA:<\/strong><\/p>\n\n\n\n<p>. En verano, en las calles arboladas con cobertura cerrada de copa, se reduce 20 grados la temperatura, con respecto a calles que no tienen \u00e1rboles o tienen poca sombra.<\/p>\n\n\n\n<p>. La adecuada uniformidad de especies en arbolado de alineaci\u00f3n produce un 30% de reducci\u00f3n del gasto energ\u00e9tico. Esto es sustentabilidad.<\/p>\n\n\n\n<p>. El bosque urbano produce \u201cmitigaci\u00f3n sonora\u201d: mayor cantidad de especies perennes, mayor atenuaci\u00f3n del ruido. En bulevares, parques, plazoletas, se debe plantar un importante porcentaje de especies perennes para atenuar ruidos. Los niveles sonoros son mayores en invierno, por la menor biomasa (cantidad de especies caducas).<\/p>\n\n\n\n<p>. La forestaci\u00f3n produce refrescamiento nocturno de la trama urbana. Baja entre 4 y 7 grados por debajo la temperatura de la ciudad.<\/p>\n\n\n\n<p>. Los \u00e1rboles producen ox\u00edgeno a trav\u00e9s de la fotos\u00edntesis y cuanto mayor ox\u00edgeno hay en el ambiente, mejor es el humor de las personas y su calidad de vida.<\/p>\n\n\n\n<p>. El arbolado mejora la salud f\u00edsica y mental, la integraci\u00f3n social, propicia la recreaci\u00f3n y otorga enorme belleza paisaj\u00edstica a las ciudades.<\/p>\n\n\n\n<p>. El bosque urbano trae importantes beneficios ecosist\u00e9micos, como la diversidad de insectos ben\u00e9ficos que controlan plagas y equilibran el ecosistema. Tambi\u00e9n son generadores de polen a trav\u00e9s de sus flores.<\/p>\n\n\n\n<p>. Aten\u00faan los efectos negativos de la urbanizaci\u00f3n.<\/p>\n","protected":false},"excerpt":{"rendered":"<p>El relevamiento se llev\u00f3 a cabo un d\u00eda con una temperatura ambiente de 33 grados y puso de manifiesto las diferencias t\u00e9rmicas que existen entre una calle con buena cobertura arb\u00f3rea y otra donde casi no hay \u00e1rboles<\/p>\n","protected":false},"author":2,"featured_media":154858,"comment_status":"closed","ping_status":"open","sticky":false,"template":"","format":"standard","meta":{"footnotes":""},"categories":[1],"tags":[10304,10298],"class_list":["post-154856","post","type-post","status-publish","format-standard","has-post-thumbnail","hentry","category-sin-categoria","tag-actualidad","tag-bloque-inferior"],"yoast_head":"<!-- This site is optimized with the Yoast SEO plugin v23.4 - https:\/\/yoast.com\/wordpress\/plugins\/seo\/ -->\n<title>Relevamiento del Arbolado P\u00fablico realizado por el municipio de Trenque Lauquen, revela la importancia del &quot;bosque urbano&quot; - Infoecos<\/title>\n<meta name=\"robots\" content=\"index, follow, max-snippet:-1, max-image-preview:large, max-video-preview:-1\" \/>\n<link rel=\"canonical\" href=\"https:\/\/infoecos.com.ar\/index.php\/relevamiento-del-arbolado-publico-realizado-por-el-municipio-de-trenque-lauquen-revela-la-importancia-del-bosque-urbano\/\" \/>\n<meta property=\"og:locale\" content=\"es_ES\" \/>\n<meta property=\"og:type\" content=\"article\" \/>\n<meta property=\"og:title\" content=\"Relevamiento del Arbolado P\u00fablico realizado por el municipio de Trenque Lauquen, revela la importancia del &quot;bosque urbano&quot; - Infoecos\" \/>\n<meta property=\"og:description\" content=\"El relevamiento se llev\u00f3 a cabo un d\u00eda con una temperatura ambiente de 33 grados y puso de manifiesto las diferencias t\u00e9rmicas que existen entre una calle con buena cobertura arb\u00f3rea y otra donde casi no hay \u00e1rboles\" \/>\n<meta property=\"og:url\" content=\"https:\/\/infoecos.com.ar\/index.php\/relevamiento-del-arbolado-publico-realizado-por-el-municipio-de-trenque-lauquen-revela-la-importancia-del-bosque-urbano\/\" \/>\n<meta property=\"og:site_name\" content=\"Infoecos\" \/>\n<meta property=\"article:publisher\" content=\"https:\/\/www.facebook.com\/profile.php?id=100063200290284\" \/>\n<meta property=\"article:published_time\" content=\"2026-03-12T01:16:26+00:00\" \/>\n<meta property=\"article:modified_time\" content=\"2026-03-15T05:45:45+00:00\" \/>\n<meta property=\"og:image\" content=\"https:\/\/infoecos.com.ar\/wp-content\/uploads\/2026\/03\/Arbolado-13-scaled.jpg\" \/>\n\t<meta property=\"og:image:width\" content=\"1706\" \/>\n\t<meta property=\"og:image:height\" content=\"2560\" \/>\n\t<meta property=\"og:image:type\" content=\"image\/jpeg\" \/>\n<meta name=\"author\" content=\"Jorge Matheus\" \/>\n<meta name=\"twitter:card\" content=\"summary_large_image\" \/>\n<meta name=\"twitter:creator\" content=\"@infoecos\" \/>\n<meta name=\"twitter:site\" content=\"@infoecos\" \/>\n<meta name=\"twitter:label1\" content=\"Escrito por\" \/>\n\t<meta name=\"twitter:data1\" content=\"Jorge Matheus\" \/>\n\t<meta name=\"twitter:label2\" content=\"Tiempo de lectura\" \/>\n\t<meta name=\"twitter:data2\" content=\"4 minutos\" \/>\n<script type=\"application\/ld+json\" class=\"yoast-schema-graph\">{\"@context\":\"https:\/\/schema.org\",\"@graph\":[{\"@type\":\"Article\",\"@id\":\"https:\/\/infoecos.com.ar\/index.php\/relevamiento-del-arbolado-publico-realizado-por-el-municipio-de-trenque-lauquen-revela-la-importancia-del-bosque-urbano\/#article\",\"isPartOf\":{\"@id\":\"https:\/\/infoecos.com.ar\/index.php\/relevamiento-del-arbolado-publico-realizado-por-el-municipio-de-trenque-lauquen-revela-la-importancia-del-bosque-urbano\/\"},\"author\":{\"name\":\"Jorge Matheus\",\"@id\":\"https:\/\/infoecos.com.ar\/#\/schema\/person\/8f5ace5ce73b4b4aac4b7245aee6f191\"},\"headline\":\"Relevamiento del Arbolado P\u00fablico realizado por el municipio de Trenque Lauquen, revela la importancia del \u00abbosque urbano\u00bb\",\"datePublished\":\"2026-03-12T01:16:26+00:00\",\"dateModified\":\"2026-03-15T05:45:45+00:00\",\"mainEntityOfPage\":{\"@id\":\"https:\/\/infoecos.com.ar\/index.php\/relevamiento-del-arbolado-publico-realizado-por-el-municipio-de-trenque-lauquen-revela-la-importancia-del-bosque-urbano\/\"},\"wordCount\":680,\"publisher\":{\"@id\":\"https:\/\/infoecos.com.ar\/#organization\"},\"image\":{\"@id\":\"https:\/\/infoecos.com.ar\/index.php\/relevamiento-del-arbolado-publico-realizado-por-el-municipio-de-trenque-lauquen-revela-la-importancia-del-bosque-urbano\/#primaryimage\"},\"thumbnailUrl\":\"https:\/\/infoecos.com.ar\/wp-content\/uploads\/2026\/03\/Arbolado-13-scaled.jpg\",\"keywords\":[\"Actualidad\",\"Bloque inferior\"],\"inLanguage\":\"es\"},{\"@type\":\"WebPage\",\"@id\":\"https:\/\/infoecos.com.ar\/index.php\/relevamiento-del-arbolado-publico-realizado-por-el-municipio-de-trenque-lauquen-revela-la-importancia-del-bosque-urbano\/\",\"url\":\"https:\/\/infoecos.com.ar\/index.php\/relevamiento-del-arbolado-publico-realizado-por-el-municipio-de-trenque-lauquen-revela-la-importancia-del-bosque-urbano\/\",\"name\":\"Relevamiento del Arbolado P\u00fablico realizado por el municipio de Trenque Lauquen, revela la importancia del \\\"bosque urbano\\\" - Infoecos\",\"isPartOf\":{\"@id\":\"https:\/\/infoecos.com.ar\/#website\"},\"primaryImageOfPage\":{\"@id\":\"https:\/\/infoecos.com.ar\/index.php\/relevamiento-del-arbolado-publico-realizado-por-el-municipio-de-trenque-lauquen-revela-la-importancia-del-bosque-urbano\/#primaryimage\"},\"image\":{\"@id\":\"https:\/\/infoecos.com.ar\/index.php\/relevamiento-del-arbolado-publico-realizado-por-el-municipio-de-trenque-lauquen-revela-la-importancia-del-bosque-urbano\/#primaryimage\"},\"thumbnailUrl\":\"https:\/\/infoecos.com.ar\/wp-content\/uploads\/2026\/03\/Arbolado-13-scaled.jpg\",\"datePublished\":\"2026-03-12T01:16:26+00:00\",\"dateModified\":\"2026-03-15T05:45:45+00:00\",\"breadcrumb\":{\"@id\":\"https:\/\/infoecos.com.ar\/index.php\/relevamiento-del-arbolado-publico-realizado-por-el-municipio-de-trenque-lauquen-revela-la-importancia-del-bosque-urbano\/#breadcrumb\"},\"inLanguage\":\"es\",\"potentialAction\":[{\"@type\":\"ReadAction\",\"target\":[\"https:\/\/infoecos.com.ar\/index.php\/relevamiento-del-arbolado-publico-realizado-por-el-municipio-de-trenque-lauquen-revela-la-importancia-del-bosque-urbano\/\"]}]},{\"@type\":\"ImageObject\",\"inLanguage\":\"es\",\"@id\":\"https:\/\/infoecos.com.ar\/index.php\/relevamiento-del-arbolado-publico-realizado-por-el-municipio-de-trenque-lauquen-revela-la-importancia-del-bosque-urbano\/#primaryimage\",\"url\":\"https:\/\/infoecos.com.ar\/wp-content\/uploads\/2026\/03\/Arbolado-13-scaled.jpg\",\"contentUrl\":\"https:\/\/infoecos.com.ar\/wp-content\/uploads\/2026\/03\/Arbolado-13-scaled.jpg\",\"width\":1706,\"height\":2560},{\"@type\":\"BreadcrumbList\",\"@id\":\"https:\/\/infoecos.com.ar\/index.php\/relevamiento-del-arbolado-publico-realizado-por-el-municipio-de-trenque-lauquen-revela-la-importancia-del-bosque-urbano\/#breadcrumb\",\"itemListElement\":[{\"@type\":\"ListItem\",\"position\":1,\"name\":\"Portada\",\"item\":\"https:\/\/infoecos.com.ar\/\"},{\"@type\":\"ListItem\",\"position\":2,\"name\":\"Relevamiento del Arbolado P\u00fablico realizado por el municipio de Trenque Lauquen, revela la importancia del \u00abbosque urbano\u00bb\"}]},{\"@type\":\"WebSite\",\"@id\":\"https:\/\/infoecos.com.ar\/#website\",\"url\":\"https:\/\/infoecos.com.ar\/\",\"name\":\"Infoecos\",\"description\":\"Noticias de trenque lauquen y la zona\",\"publisher\":{\"@id\":\"https:\/\/infoecos.com.ar\/#organization\"},\"alternateName\":\"Noticias\",\"potentialAction\":[{\"@type\":\"SearchAction\",\"target\":{\"@type\":\"EntryPoint\",\"urlTemplate\":\"https:\/\/infoecos.com.ar\/?s={search_term_string}\"},\"query-input\":{\"@type\":\"PropertyValueSpecification\",\"valueRequired\":true,\"valueName\":\"search_term_string\"}}],\"inLanguage\":\"es\"},{\"@type\":\"Organization\",\"@id\":\"https:\/\/infoecos.com.ar\/#organization\",\"name\":\"Infoecos\",\"alternateName\":\"Noticias\",\"url\":\"https:\/\/infoecos.com.ar\/\",\"logo\":{\"@type\":\"ImageObject\",\"inLanguage\":\"es\",\"@id\":\"https:\/\/infoecos.com.ar\/#\/schema\/logo\/image\/\",\"url\":\"https:\/\/infoecos.com.ar\/wp-content\/uploads\/2024\/03\/cropped-logo.png\",\"contentUrl\":\"https:\/\/infoecos.com.ar\/wp-content\/uploads\/2024\/03\/cropped-logo.png\",\"width\":374,\"height\":90,\"caption\":\"Infoecos\"},\"image\":{\"@id\":\"https:\/\/infoecos.com.ar\/#\/schema\/logo\/image\/\"},\"sameAs\":[\"https:\/\/www.facebook.com\/profile.php?id=100063200290284\",\"https:\/\/x.com\/infoecos\"]},{\"@type\":\"Person\",\"@id\":\"https:\/\/infoecos.com.ar\/#\/schema\/person\/8f5ace5ce73b4b4aac4b7245aee6f191\",\"name\":\"Jorge Matheus\",\"url\":\"https:\/\/infoecos.com.ar\/index.php\/author\/jomatheus\/\"}]}<\/script>\n<!-- \/ Yoast SEO plugin. -->","yoast_head_json":{"title":"Relevamiento del Arbolado P\u00fablico realizado por el municipio de Trenque Lauquen, revela la importancia del \"bosque urbano\" - Infoecos","robots":{"index":"index","follow":"follow","max-snippet":"max-snippet:-1","max-image-preview":"max-image-preview:large","max-video-preview":"max-video-preview:-1"},"canonical":"https:\/\/infoecos.com.ar\/index.php\/relevamiento-del-arbolado-publico-realizado-por-el-municipio-de-trenque-lauquen-revela-la-importancia-del-bosque-urbano\/","og_locale":"es_ES","og_type":"article","og_title":"Relevamiento del Arbolado P\u00fablico realizado por el municipio de Trenque Lauquen, revela la importancia del \"bosque urbano\" - Infoecos","og_description":"El relevamiento se llev\u00f3 a cabo un d\u00eda con una temperatura ambiente de 33 grados y puso de manifiesto las diferencias t\u00e9rmicas que existen entre una calle con buena cobertura arb\u00f3rea y otra donde casi no hay \u00e1rboles","og_url":"https:\/\/infoecos.com.ar\/index.php\/relevamiento-del-arbolado-publico-realizado-por-el-municipio-de-trenque-lauquen-revela-la-importancia-del-bosque-urbano\/","og_site_name":"Infoecos","article_publisher":"https:\/\/www.facebook.com\/profile.php?id=100063200290284","article_published_time":"2026-03-12T01:16:26+00:00","article_modified_time":"2026-03-15T05:45:45+00:00","og_image":[{"width":1706,"height":2560,"url":"https:\/\/infoecos.com.ar\/wp-content\/uploads\/2026\/03\/Arbolado-13-scaled.jpg","type":"image\/jpeg"}],"author":"Jorge Matheus","twitter_card":"summary_large_image","twitter_creator":"@infoecos","twitter_site":"@infoecos","twitter_misc":{"Escrito por":"Jorge Matheus","Tiempo de lectura":"4 minutos"},"schema":{"@context":"https:\/\/schema.org","@graph":[{"@type":"Article","@id":"https:\/\/infoecos.com.ar\/index.php\/relevamiento-del-arbolado-publico-realizado-por-el-municipio-de-trenque-lauquen-revela-la-importancia-del-bosque-urbano\/#article","isPartOf":{"@id":"https:\/\/infoecos.com.ar\/index.php\/relevamiento-del-arbolado-publico-realizado-por-el-municipio-de-trenque-lauquen-revela-la-importancia-del-bosque-urbano\/"},"author":{"name":"Jorge Matheus","@id":"https:\/\/infoecos.com.ar\/#\/schema\/person\/8f5ace5ce73b4b4aac4b7245aee6f191"},"headline":"Relevamiento del Arbolado P\u00fablico realizado por el municipio de Trenque Lauquen, revela la importancia del \u00abbosque urbano\u00bb","datePublished":"2026-03-12T01:16:26+00:00","dateModified":"2026-03-15T05:45:45+00:00","mainEntityOfPage":{"@id":"https:\/\/infoecos.com.ar\/index.php\/relevamiento-del-arbolado-publico-realizado-por-el-municipio-de-trenque-lauquen-revela-la-importancia-del-bosque-urbano\/"},"wordCount":680,"publisher":{"@id":"https:\/\/infoecos.com.ar\/#organization"},"image":{"@id":"https:\/\/infoecos.com.ar\/index.php\/relevamiento-del-arbolado-publico-realizado-por-el-municipio-de-trenque-lauquen-revela-la-importancia-del-bosque-urbano\/#primaryimage"},"thumbnailUrl":"https:\/\/infoecos.com.ar\/wp-content\/uploads\/2026\/03\/Arbolado-13-scaled.jpg","keywords":["Actualidad","Bloque inferior"],"inLanguage":"es"},{"@type":"WebPage","@id":"https:\/\/infoecos.com.ar\/index.php\/relevamiento-del-arbolado-publico-realizado-por-el-municipio-de-trenque-lauquen-revela-la-importancia-del-bosque-urbano\/","url":"https:\/\/infoecos.com.ar\/index.php\/relevamiento-del-arbolado-publico-realizado-por-el-municipio-de-trenque-lauquen-revela-la-importancia-del-bosque-urbano\/","name":"Relevamiento del Arbolado P\u00fablico realizado por el municipio de Trenque Lauquen, revela la importancia del \"bosque urbano\" - Infoecos","isPartOf":{"@id":"https:\/\/infoecos.com.ar\/#website"},"primaryImageOfPage":{"@id":"https:\/\/infoecos.com.ar\/index.php\/relevamiento-del-arbolado-publico-realizado-por-el-municipio-de-trenque-lauquen-revela-la-importancia-del-bosque-urbano\/#primaryimage"},"image":{"@id":"https:\/\/infoecos.com.ar\/index.php\/relevamiento-del-arbolado-publico-realizado-por-el-municipio-de-trenque-lauquen-revela-la-importancia-del-bosque-urbano\/#primaryimage"},"thumbnailUrl":"https:\/\/infoecos.com.ar\/wp-content\/uploads\/2026\/03\/Arbolado-13-scaled.jpg","datePublished":"2026-03-12T01:16:26+00:00","dateModified":"2026-03-15T05:45:45+00:00","breadcrumb":{"@id":"https:\/\/infoecos.com.ar\/index.php\/relevamiento-del-arbolado-publico-realizado-por-el-municipio-de-trenque-lauquen-revela-la-importancia-del-bosque-urbano\/#breadcrumb"},"inLanguage":"es","potentialAction":[{"@type":"ReadAction","target":["https:\/\/infoecos.com.ar\/index.php\/relevamiento-del-arbolado-publico-realizado-por-el-municipio-de-trenque-lauquen-revela-la-importancia-del-bosque-urbano\/"]}]},{"@type":"ImageObject","inLanguage":"es","@id":"https:\/\/infoecos.com.ar\/index.php\/relevamiento-del-arbolado-publico-realizado-por-el-municipio-de-trenque-lauquen-revela-la-importancia-del-bosque-urbano\/#primaryimage","url":"https:\/\/infoecos.com.ar\/wp-content\/uploads\/2026\/03\/Arbolado-13-scaled.jpg","contentUrl":"https:\/\/infoecos.com.ar\/wp-content\/uploads\/2026\/03\/Arbolado-13-scaled.jpg","width":1706,"height":2560},{"@type":"BreadcrumbList","@id":"https:\/\/infoecos.com.ar\/index.php\/relevamiento-del-arbolado-publico-realizado-por-el-municipio-de-trenque-lauquen-revela-la-importancia-del-bosque-urbano\/#breadcrumb","itemListElement":[{"@type":"ListItem","position":1,"name":"Portada","item":"https:\/\/infoecos.com.ar\/"},{"@type":"ListItem","position":2,"name":"Relevamiento del Arbolado P\u00fablico realizado por el municipio de Trenque Lauquen, revela la importancia del \u00abbosque urbano\u00bb"}]},{"@type":"WebSite","@id":"https:\/\/infoecos.com.ar\/#website","url":"https:\/\/infoecos.com.ar\/","name":"Infoecos","description":"Noticias de trenque lauquen y la zona","publisher":{"@id":"https:\/\/infoecos.com.ar\/#organization"},"alternateName":"Noticias","potentialAction":[{"@type":"SearchAction","target":{"@type":"EntryPoint","urlTemplate":"https:\/\/infoecos.com.ar\/?s={search_term_string}"},"query-input":{"@type":"PropertyValueSpecification","valueRequired":true,"valueName":"search_term_string"}}],"inLanguage":"es"},{"@type":"Organization","@id":"https:\/\/infoecos.com.ar\/#organization","name":"Infoecos","alternateName":"Noticias","url":"https:\/\/infoecos.com.ar\/","logo":{"@type":"ImageObject","inLanguage":"es","@id":"https:\/\/infoecos.com.ar\/#\/schema\/logo\/image\/","url":"https:\/\/infoecos.com.ar\/wp-content\/uploads\/2024\/03\/cropped-logo.png","contentUrl":"https:\/\/infoecos.com.ar\/wp-content\/uploads\/2024\/03\/cropped-logo.png","width":374,"height":90,"caption":"Infoecos"},"image":{"@id":"https:\/\/infoecos.com.ar\/#\/schema\/logo\/image\/"},"sameAs":["https:\/\/www.facebook.com\/profile.php?id=100063200290284","https:\/\/x.com\/infoecos"]},{"@type":"Person","@id":"https:\/\/infoecos.com.ar\/#\/schema\/person\/8f5ace5ce73b4b4aac4b7245aee6f191","name":"Jorge Matheus","url":"https:\/\/infoecos.com.ar\/index.php\/author\/jomatheus\/"}]}},"featured_image_urls":{"full":["https:\/\/infoecos.com.ar\/wp-content\/uploads\/2026\/03\/Arbolado-13-scaled.jpg",1706,2560,false],"thumbnail":["https:\/\/infoecos.com.ar\/wp-content\/uploads\/2026\/03\/Arbolado-13-300x150.jpg",300,150,true],"medium":["https:\/\/infoecos.com.ar\/wp-content\/uploads\/2026\/03\/Arbolado-13-533x800.jpg",533,800,true],"medium_large":["https:\/\/infoecos.com.ar\/wp-content\/uploads\/2026\/03\/Arbolado-13-768x1152.jpg",640,960,true],"large":["https:\/\/infoecos.com.ar\/wp-content\/uploads\/2026\/03\/Arbolado-13-1067x1600.jpg",640,960,true],"1536x1536":["https:\/\/infoecos.com.ar\/wp-content\/uploads\/2026\/03\/Arbolado-13-1024x1536.jpg",1024,1536,true],"2048x2048":["https:\/\/infoecos.com.ar\/wp-content\/uploads\/2026\/03\/Arbolado-13-1365x2048.jpg",1365,2048,true],"covernews-slider-full":["https:\/\/infoecos.com.ar\/wp-content\/uploads\/2026\/03\/Arbolado-13-1115x715.jpg",1115,715,true],"covernews-slider-center":["https:\/\/infoecos.com.ar\/wp-content\/uploads\/2026\/03\/Arbolado-13-800x500.jpg",800,500,true],"covernews-featured":["https:\/\/infoecos.com.ar\/wp-content\/uploads\/2026\/03\/Arbolado-13-1024x1536.jpg",1024,1536,true],"covernews-medium":["https:\/\/infoecos.com.ar\/wp-content\/uploads\/2026\/03\/Arbolado-13-540x340.jpg",540,340,true],"covernews-medium-square":["https:\/\/infoecos.com.ar\/wp-content\/uploads\/2026\/03\/Arbolado-13-400x250.jpg",400,250,true]},"author_info":{"info":["Jorge Matheus"]},"category_info":"<a href=\"https:\/\/infoecos.com.ar\/index.php\/category\/sin-categoria\/\" rel=\"category tag\">Sin categor\u00eda<\/a>","tag_info":"Sin categor\u00eda","comment_count":"0","_links":{"self":[{"href":"https:\/\/infoecos.com.ar\/index.php\/wp-json\/wp\/v2\/posts\/154856"}],"collection":[{"href":"https:\/\/infoecos.com.ar\/index.php\/wp-json\/wp\/v2\/posts"}],"about":[{"href":"https:\/\/infoecos.com.ar\/index.php\/wp-json\/wp\/v2\/types\/post"}],"author":[{"embeddable":true,"href":"https:\/\/infoecos.com.ar\/index.php\/wp-json\/wp\/v2\/users\/2"}],"replies":[{"embeddable":true,"href":"https:\/\/infoecos.com.ar\/index.php\/wp-json\/wp\/v2\/comments?post=154856"}],"version-history":[{"count":1,"href":"https:\/\/infoecos.com.ar\/index.php\/wp-json\/wp\/v2\/posts\/154856\/revisions"}],"predecessor-version":[{"id":154861,"href":"https:\/\/infoecos.com.ar\/index.php\/wp-json\/wp\/v2\/posts\/154856\/revisions\/154861"}],"wp:featuredmedia":[{"embeddable":true,"href":"https:\/\/infoecos.com.ar\/index.php\/wp-json\/wp\/v2\/media\/154858"}],"wp:attachment":[{"href":"https:\/\/infoecos.com.ar\/index.php\/wp-json\/wp\/v2\/media?parent=154856"}],"wp:term":[{"taxonomy":"category","embeddable":true,"href":"https:\/\/infoecos.com.ar\/index.php\/wp-json\/wp\/v2\/categories?post=154856"},{"taxonomy":"post_tag","embeddable":true,"href":"https:\/\/infoecos.com.ar\/index.php\/wp-json\/wp\/v2\/tags?post=154856"}],"curies":[{"name":"wp","href":"https:\/\/api.w.org\/{rel}","templated":true}]}}