{"id":154881,"date":"2026-03-12T02:05:50","date_gmt":"2026-03-12T05:05:50","guid":{"rendered":"https:\/\/infoecos.com.ar\/?p=154881"},"modified":"2026-03-13T03:12:22","modified_gmt":"2026-03-13T06:12:22","slug":"comenzo-en-todo-el-distrito-de-trenque-lauquen-la-campana-de-vacunacion-antigripal-2026","status":"publish","type":"post","link":"https:\/\/infoecos.com.ar\/index.php\/comenzo-en-todo-el-distrito-de-trenque-lauquen-la-campana-de-vacunacion-antigripal-2026\/","title":{"rendered":"Comenz\u00f3 en todo el distrito de Trenque Lauquen la Campa\u00f1a de Vacunaci\u00f3n Antigripal 2026"},"content":{"rendered":"\n<p>El Servicio de Vacunaci\u00f3n de la Municipalidad de Trenque Lauquen inform\u00f3 que este mi\u00e9rcoles comenz\u00f3 en todo el distrito la Campa\u00f1a de Vacunaci\u00f3n Antigripal 2026, que en esta primera etapa est\u00e1 destinada al personal de salud y a las personas mayores de 65 a\u00f1os.<\/p>\n\n\n\n<p>Para el inicio de la campa\u00f1a, el distrito recibi\u00f3 un total de 3.920 dosis enviadas por Regi\u00f3n Sanitaria II: 2.800 destinadas a adultos mayores de 65 a\u00f1os y 1.120 para comenzar con la inmunizaci\u00f3n del personal de salud.<\/p>\n\n\n\n<p>A partir del 23 de marzo la campa\u00f1a se extender\u00e1 al resto de los grupos de riesgo.<\/p>\n\n\n\n<p>-VACUNATORIOS:<\/p>\n\n\n\n<p>. TRENQUE LAUQUEN<\/p>\n\n\n\n<p>\u2013 Hospital Municipal Dr. Pedro T. Orellana<\/p>\n\n\n\n<p>Castelli n.\u00ba 150<\/p>\n\n\n\n<p>De lunes a viernes de 8 a 14 h.<\/p>\n\n\n\n<p>&nbsp;\u2013 CAPS Ram\u00f3n Carrillo<\/p>\n\n\n\n<p>Rivadavia y Emiliano S\u00e1ez<\/p>\n\n\n\n<p>De lunes a viernes de 8 a 17 h.<\/p>\n\n\n\n<p>\u2013 CAPS Indio Trompa<\/p>\n\n\n\n<p>Vignau 1291<\/p>\n\n\n\n<p>De lunes a viernes de 8 a 17 h.<\/p>\n\n\n\n<p>\u2013 CAPS Barrios del Este<\/p>\n\n\n\n<p>Llamb\u00edas 1055<\/p>\n\n\n\n<p>De lunes a viernes de 8 a 17 h.<\/p>\n\n\n\n<p>\u2013 CAPS Ameghino<\/p>\n\n\n\n<p>Ameghino 439<\/p>\n\n\n\n<p>De lunes a viernes de 8 a 17 h.<\/p>\n\n\n\n<p>. BERUTI<\/p>\n\n\n\n<p>Sala Santa Clotilde<\/p>\n\n\n\n<p>De lunes a viernes de 8 a 17 h.<\/p>\n\n\n\n<p>. 30 DE AGOSTO<\/p>\n\n\n\n<p>Hospital Municipal Dr. Francisco Eguiguren<\/p>\n\n\n\n<p>De lunes a viernes de 7 a 12 h y de 14 a 16 h.<\/p>\n","protected":false},"excerpt":{"rendered":"<p>Para el inicio de la campa\u00f1a, el distrito recibi\u00f3 un total de 3.920 dosis enviadas por Regi\u00f3n Sanitaria II: 2.800 destinadas a adultos mayores de 65 a\u00f1os y 1.120 para comenzar con la inmunizaci\u00f3n del personal de salud<\/p>\n","protected":false},"author":2,"featured_media":154104,"comment_status":"closed","ping_status":"open","sticky":false,"template":"","format":"standard","meta":{"footnotes":""},"categories":[1],"tags":[10304,1500],"class_list":["post-154881","post","type-post","status-publish","format-standard","has-post-thumbnail","hentry","category-sin-categoria","tag-actualidad","tag-regional"],"yoast_head":"<!-- This site is optimized with the Yoast SEO plugin v23.4 - https:\/\/yoast.com\/wordpress\/plugins\/seo\/ -->\n<title>Comenz\u00f3 en todo el distrito de Trenque Lauquen la Campa\u00f1a de Vacunaci\u00f3n Antigripal 2026 - Infoecos<\/title>\n<meta name=\"robots\" content=\"index, follow, max-snippet:-1, max-image-preview:large, max-video-preview:-1\" \/>\n<link rel=\"canonical\" href=\"https:\/\/infoecos.com.ar\/index.php\/comenzo-en-todo-el-distrito-de-trenque-lauquen-la-campana-de-vacunacion-antigripal-2026\/\" \/>\n<meta property=\"og:locale\" content=\"es_ES\" \/>\n<meta property=\"og:type\" content=\"article\" \/>\n<meta property=\"og:title\" content=\"Comenz\u00f3 en todo el distrito de Trenque Lauquen la Campa\u00f1a de Vacunaci\u00f3n Antigripal 2026 - Infoecos\" \/>\n<meta property=\"og:description\" content=\"Para el inicio de la campa\u00f1a, el distrito recibi\u00f3 un total de 3.920 dosis enviadas por Regi\u00f3n Sanitaria II: 2.800 destinadas a adultos mayores de 65 a\u00f1os y 1.120 para comenzar con la inmunizaci\u00f3n del personal de salud\" \/>\n<meta property=\"og:url\" content=\"https:\/\/infoecos.com.ar\/index.php\/comenzo-en-todo-el-distrito-de-trenque-lauquen-la-campana-de-vacunacion-antigripal-2026\/\" \/>\n<meta property=\"og:site_name\" content=\"Infoecos\" \/>\n<meta property=\"article:publisher\" content=\"https:\/\/www.facebook.com\/profile.php?id=100063200290284\" \/>\n<meta property=\"article:published_time\" content=\"2026-03-12T05:05:50+00:00\" \/>\n<meta property=\"article:modified_time\" content=\"2026-03-13T06:12:22+00:00\" \/>\n<meta property=\"og:image\" content=\"https:\/\/infoecos.com.ar\/wp-content\/uploads\/2026\/02\/image-122.png\" \/>\n\t<meta property=\"og:image:width\" content=\"880\" \/>\n\t<meta property=\"og:image:height\" content=\"512\" \/>\n\t<meta property=\"og:image:type\" content=\"image\/png\" \/>\n<meta name=\"author\" content=\"Jorge Matheus\" \/>\n<meta name=\"twitter:card\" content=\"summary_large_image\" \/>\n<meta name=\"twitter:creator\" content=\"@infoecos\" \/>\n<meta name=\"twitter:site\" content=\"@infoecos\" \/>\n<meta name=\"twitter:label1\" content=\"Escrito por\" \/>\n\t<meta name=\"twitter:data1\" content=\"Jorge Matheus\" \/>\n\t<meta name=\"twitter:label2\" content=\"Tiempo de lectura\" \/>\n\t<meta name=\"twitter:data2\" content=\"2 minutos\" \/>\n<script type=\"application\/ld+json\" class=\"yoast-schema-graph\">{\"@context\":\"https:\/\/schema.org\",\"@graph\":[{\"@type\":\"Article\",\"@id\":\"https:\/\/infoecos.com.ar\/index.php\/comenzo-en-todo-el-distrito-de-trenque-lauquen-la-campana-de-vacunacion-antigripal-2026\/#article\",\"isPartOf\":{\"@id\":\"https:\/\/infoecos.com.ar\/index.php\/comenzo-en-todo-el-distrito-de-trenque-lauquen-la-campana-de-vacunacion-antigripal-2026\/\"},\"author\":{\"name\":\"Jorge Matheus\",\"@id\":\"https:\/\/infoecos.com.ar\/#\/schema\/person\/8f5ace5ce73b4b4aac4b7245aee6f191\"},\"headline\":\"Comenz\u00f3 en todo el distrito de Trenque Lauquen la Campa\u00f1a de Vacunaci\u00f3n Antigripal 2026\",\"datePublished\":\"2026-03-12T05:05:50+00:00\",\"dateModified\":\"2026-03-13T06:12:22+00:00\",\"mainEntityOfPage\":{\"@id\":\"https:\/\/infoecos.com.ar\/index.php\/comenzo-en-todo-el-distrito-de-trenque-lauquen-la-campana-de-vacunacion-antigripal-2026\/\"},\"wordCount\":215,\"publisher\":{\"@id\":\"https:\/\/infoecos.com.ar\/#organization\"},\"image\":{\"@id\":\"https:\/\/infoecos.com.ar\/index.php\/comenzo-en-todo-el-distrito-de-trenque-lauquen-la-campana-de-vacunacion-antigripal-2026\/#primaryimage\"},\"thumbnailUrl\":\"https:\/\/infoecos.com.ar\/wp-content\/uploads\/2026\/02\/image-122.png\",\"keywords\":[\"Actualidad\",\"REGIONAL\"],\"inLanguage\":\"es\"},{\"@type\":\"WebPage\",\"@id\":\"https:\/\/infoecos.com.ar\/index.php\/comenzo-en-todo-el-distrito-de-trenque-lauquen-la-campana-de-vacunacion-antigripal-2026\/\",\"url\":\"https:\/\/infoecos.com.ar\/index.php\/comenzo-en-todo-el-distrito-de-trenque-lauquen-la-campana-de-vacunacion-antigripal-2026\/\",\"name\":\"Comenz\u00f3 en todo el distrito de Trenque Lauquen la Campa\u00f1a de Vacunaci\u00f3n Antigripal 2026 - Infoecos\",\"isPartOf\":{\"@id\":\"https:\/\/infoecos.com.ar\/#website\"},\"primaryImageOfPage\":{\"@id\":\"https:\/\/infoecos.com.ar\/index.php\/comenzo-en-todo-el-distrito-de-trenque-lauquen-la-campana-de-vacunacion-antigripal-2026\/#primaryimage\"},\"image\":{\"@id\":\"https:\/\/infoecos.com.ar\/index.php\/comenzo-en-todo-el-distrito-de-trenque-lauquen-la-campana-de-vacunacion-antigripal-2026\/#primaryimage\"},\"thumbnailUrl\":\"https:\/\/infoecos.com.ar\/wp-content\/uploads\/2026\/02\/image-122.png\",\"datePublished\":\"2026-03-12T05:05:50+00:00\",\"dateModified\":\"2026-03-13T06:12:22+00:00\",\"breadcrumb\":{\"@id\":\"https:\/\/infoecos.com.ar\/index.php\/comenzo-en-todo-el-distrito-de-trenque-lauquen-la-campana-de-vacunacion-antigripal-2026\/#breadcrumb\"},\"inLanguage\":\"es\",\"potentialAction\":[{\"@type\":\"ReadAction\",\"target\":[\"https:\/\/infoecos.com.ar\/index.php\/comenzo-en-todo-el-distrito-de-trenque-lauquen-la-campana-de-vacunacion-antigripal-2026\/\"]}]},{\"@type\":\"ImageObject\",\"inLanguage\":\"es\",\"@id\":\"https:\/\/infoecos.com.ar\/index.php\/comenzo-en-todo-el-distrito-de-trenque-lauquen-la-campana-de-vacunacion-antigripal-2026\/#primaryimage\",\"url\":\"https:\/\/infoecos.com.ar\/wp-content\/uploads\/2026\/02\/image-122.png\",\"contentUrl\":\"https:\/\/infoecos.com.ar\/wp-content\/uploads\/2026\/02\/image-122.png\",\"width\":880,\"height\":512},{\"@type\":\"BreadcrumbList\",\"@id\":\"https:\/\/infoecos.com.ar\/index.php\/comenzo-en-todo-el-distrito-de-trenque-lauquen-la-campana-de-vacunacion-antigripal-2026\/#breadcrumb\",\"itemListElement\":[{\"@type\":\"ListItem\",\"position\":1,\"name\":\"Portada\",\"item\":\"https:\/\/infoecos.com.ar\/\"},{\"@type\":\"ListItem\",\"position\":2,\"name\":\"Comenz\u00f3 en todo el distrito de Trenque Lauquen la Campa\u00f1a de Vacunaci\u00f3n Antigripal 2026\"}]},{\"@type\":\"WebSite\",\"@id\":\"https:\/\/infoecos.com.ar\/#website\",\"url\":\"https:\/\/infoecos.com.ar\/\",\"name\":\"Infoecos\",\"description\":\"Noticias de trenque lauquen y la zona\",\"publisher\":{\"@id\":\"https:\/\/infoecos.com.ar\/#organization\"},\"alternateName\":\"Noticias\",\"potentialAction\":[{\"@type\":\"SearchAction\",\"target\":{\"@type\":\"EntryPoint\",\"urlTemplate\":\"https:\/\/infoecos.com.ar\/?s={search_term_string}\"},\"query-input\":{\"@type\":\"PropertyValueSpecification\",\"valueRequired\":true,\"valueName\":\"search_term_string\"}}],\"inLanguage\":\"es\"},{\"@type\":\"Organization\",\"@id\":\"https:\/\/infoecos.com.ar\/#organization\",\"name\":\"Infoecos\",\"alternateName\":\"Noticias\",\"url\":\"https:\/\/infoecos.com.ar\/\",\"logo\":{\"@type\":\"ImageObject\",\"inLanguage\":\"es\",\"@id\":\"https:\/\/infoecos.com.ar\/#\/schema\/logo\/image\/\",\"url\":\"https:\/\/infoecos.com.ar\/wp-content\/uploads\/2024\/03\/cropped-logo.png\",\"contentUrl\":\"https:\/\/infoecos.com.ar\/wp-content\/uploads\/2024\/03\/cropped-logo.png\",\"width\":374,\"height\":90,\"caption\":\"Infoecos\"},\"image\":{\"@id\":\"https:\/\/infoecos.com.ar\/#\/schema\/logo\/image\/\"},\"sameAs\":[\"https:\/\/www.facebook.com\/profile.php?id=100063200290284\",\"https:\/\/x.com\/infoecos\"]},{\"@type\":\"Person\",\"@id\":\"https:\/\/infoecos.com.ar\/#\/schema\/person\/8f5ace5ce73b4b4aac4b7245aee6f191\",\"name\":\"Jorge Matheus\",\"url\":\"https:\/\/infoecos.com.ar\/index.php\/author\/jomatheus\/\"}]}<\/script>\n<!-- \/ Yoast SEO plugin. -->","yoast_head_json":{"title":"Comenz\u00f3 en todo el distrito de Trenque Lauquen la Campa\u00f1a de Vacunaci\u00f3n Antigripal 2026 - Infoecos","robots":{"index":"index","follow":"follow","max-snippet":"max-snippet:-1","max-image-preview":"max-image-preview:large","max-video-preview":"max-video-preview:-1"},"canonical":"https:\/\/infoecos.com.ar\/index.php\/comenzo-en-todo-el-distrito-de-trenque-lauquen-la-campana-de-vacunacion-antigripal-2026\/","og_locale":"es_ES","og_type":"article","og_title":"Comenz\u00f3 en todo el distrito de Trenque Lauquen la Campa\u00f1a de Vacunaci\u00f3n Antigripal 2026 - Infoecos","og_description":"Para el inicio de la campa\u00f1a, el distrito recibi\u00f3 un total de 3.920 dosis enviadas por Regi\u00f3n Sanitaria II: 2.800 destinadas a adultos mayores de 65 a\u00f1os y 1.120 para comenzar con la inmunizaci\u00f3n del personal de salud","og_url":"https:\/\/infoecos.com.ar\/index.php\/comenzo-en-todo-el-distrito-de-trenque-lauquen-la-campana-de-vacunacion-antigripal-2026\/","og_site_name":"Infoecos","article_publisher":"https:\/\/www.facebook.com\/profile.php?id=100063200290284","article_published_time":"2026-03-12T05:05:50+00:00","article_modified_time":"2026-03-13T06:12:22+00:00","og_image":[{"width":880,"height":512,"url":"https:\/\/infoecos.com.ar\/wp-content\/uploads\/2026\/02\/image-122.png","type":"image\/png"}],"author":"Jorge Matheus","twitter_card":"summary_large_image","twitter_creator":"@infoecos","twitter_site":"@infoecos","twitter_misc":{"Escrito por":"Jorge Matheus","Tiempo de lectura":"2 minutos"},"schema":{"@context":"https:\/\/schema.org","@graph":[{"@type":"Article","@id":"https:\/\/infoecos.com.ar\/index.php\/comenzo-en-todo-el-distrito-de-trenque-lauquen-la-campana-de-vacunacion-antigripal-2026\/#article","isPartOf":{"@id":"https:\/\/infoecos.com.ar\/index.php\/comenzo-en-todo-el-distrito-de-trenque-lauquen-la-campana-de-vacunacion-antigripal-2026\/"},"author":{"name":"Jorge Matheus","@id":"https:\/\/infoecos.com.ar\/#\/schema\/person\/8f5ace5ce73b4b4aac4b7245aee6f191"},"headline":"Comenz\u00f3 en todo el distrito de Trenque Lauquen la Campa\u00f1a de Vacunaci\u00f3n Antigripal 2026","datePublished":"2026-03-12T05:05:50+00:00","dateModified":"2026-03-13T06:12:22+00:00","mainEntityOfPage":{"@id":"https:\/\/infoecos.com.ar\/index.php\/comenzo-en-todo-el-distrito-de-trenque-lauquen-la-campana-de-vacunacion-antigripal-2026\/"},"wordCount":215,"publisher":{"@id":"https:\/\/infoecos.com.ar\/#organization"},"image":{"@id":"https:\/\/infoecos.com.ar\/index.php\/comenzo-en-todo-el-distrito-de-trenque-lauquen-la-campana-de-vacunacion-antigripal-2026\/#primaryimage"},"thumbnailUrl":"https:\/\/infoecos.com.ar\/wp-content\/uploads\/2026\/02\/image-122.png","keywords":["Actualidad","REGIONAL"],"inLanguage":"es"},{"@type":"WebPage","@id":"https:\/\/infoecos.com.ar\/index.php\/comenzo-en-todo-el-distrito-de-trenque-lauquen-la-campana-de-vacunacion-antigripal-2026\/","url":"https:\/\/infoecos.com.ar\/index.php\/comenzo-en-todo-el-distrito-de-trenque-lauquen-la-campana-de-vacunacion-antigripal-2026\/","name":"Comenz\u00f3 en todo el distrito de Trenque Lauquen la Campa\u00f1a de Vacunaci\u00f3n Antigripal 2026 - Infoecos","isPartOf":{"@id":"https:\/\/infoecos.com.ar\/#website"},"primaryImageOfPage":{"@id":"https:\/\/infoecos.com.ar\/index.php\/comenzo-en-todo-el-distrito-de-trenque-lauquen-la-campana-de-vacunacion-antigripal-2026\/#primaryimage"},"image":{"@id":"https:\/\/infoecos.com.ar\/index.php\/comenzo-en-todo-el-distrito-de-trenque-lauquen-la-campana-de-vacunacion-antigripal-2026\/#primaryimage"},"thumbnailUrl":"https:\/\/infoecos.com.ar\/wp-content\/uploads\/2026\/02\/image-122.png","datePublished":"2026-03-12T05:05:50+00:00","dateModified":"2026-03-13T06:12:22+00:00","breadcrumb":{"@id":"https:\/\/infoecos.com.ar\/index.php\/comenzo-en-todo-el-distrito-de-trenque-lauquen-la-campana-de-vacunacion-antigripal-2026\/#breadcrumb"},"inLanguage":"es","potentialAction":[{"@type":"ReadAction","target":["https:\/\/infoecos.com.ar\/index.php\/comenzo-en-todo-el-distrito-de-trenque-lauquen-la-campana-de-vacunacion-antigripal-2026\/"]}]},{"@type":"ImageObject","inLanguage":"es","@id":"https:\/\/infoecos.com.ar\/index.php\/comenzo-en-todo-el-distrito-de-trenque-lauquen-la-campana-de-vacunacion-antigripal-2026\/#primaryimage","url":"https:\/\/infoecos.com.ar\/wp-content\/uploads\/2026\/02\/image-122.png","contentUrl":"https:\/\/infoecos.com.ar\/wp-content\/uploads\/2026\/02\/image-122.png","width":880,"height":512},{"@type":"BreadcrumbList","@id":"https:\/\/infoecos.com.ar\/index.php\/comenzo-en-todo-el-distrito-de-trenque-lauquen-la-campana-de-vacunacion-antigripal-2026\/#breadcrumb","itemListElement":[{"@type":"ListItem","position":1,"name":"Portada","item":"https:\/\/infoecos.com.ar\/"},{"@type":"ListItem","position":2,"name":"Comenz\u00f3 en todo el distrito de Trenque Lauquen la Campa\u00f1a de Vacunaci\u00f3n Antigripal 2026"}]},{"@type":"WebSite","@id":"https:\/\/infoecos.com.ar\/#website","url":"https:\/\/infoecos.com.ar\/","name":"Infoecos","description":"Noticias de trenque lauquen y la zona","publisher":{"@id":"https:\/\/infoecos.com.ar\/#organization"},"alternateName":"Noticias","potentialAction":[{"@type":"SearchAction","target":{"@type":"EntryPoint","urlTemplate":"https:\/\/infoecos.com.ar\/?s={search_term_string}"},"query-input":{"@type":"PropertyValueSpecification","valueRequired":true,"valueName":"search_term_string"}}],"inLanguage":"es"},{"@type":"Organization","@id":"https:\/\/infoecos.com.ar\/#organization","name":"Infoecos","alternateName":"Noticias","url":"https:\/\/infoecos.com.ar\/","logo":{"@type":"ImageObject","inLanguage":"es","@id":"https:\/\/infoecos.com.ar\/#\/schema\/logo\/image\/","url":"https:\/\/infoecos.com.ar\/wp-content\/uploads\/2024\/03\/cropped-logo.png","contentUrl":"https:\/\/infoecos.com.ar\/wp-content\/uploads\/2024\/03\/cropped-logo.png","width":374,"height":90,"caption":"Infoecos"},"image":{"@id":"https:\/\/infoecos.com.ar\/#\/schema\/logo\/image\/"},"sameAs":["https:\/\/www.facebook.com\/profile.php?id=100063200290284","https:\/\/x.com\/infoecos"]},{"@type":"Person","@id":"https:\/\/infoecos.com.ar\/#\/schema\/person\/8f5ace5ce73b4b4aac4b7245aee6f191","name":"Jorge Matheus","url":"https:\/\/infoecos.com.ar\/index.php\/author\/jomatheus\/"}]}},"featured_image_urls":{"full":["https:\/\/infoecos.com.ar\/wp-content\/uploads\/2026\/02\/image-122.png",880,512,false],"thumbnail":["https:\/\/infoecos.com.ar\/wp-content\/uploads\/2026\/02\/image-122-300x150.png",300,150,true],"medium":["https:\/\/infoecos.com.ar\/wp-content\/uploads\/2026\/02\/image-122-800x465.png",800,465,true],"medium_large":["https:\/\/infoecos.com.ar\/wp-content\/uploads\/2026\/02\/image-122-768x447.png",640,373,true],"large":["https:\/\/infoecos.com.ar\/wp-content\/uploads\/2026\/02\/image-122.png",640,372,false],"1536x1536":["https:\/\/infoecos.com.ar\/wp-content\/uploads\/2026\/02\/image-122.png",880,512,false],"2048x2048":["https:\/\/infoecos.com.ar\/wp-content\/uploads\/2026\/02\/image-122.png",880,512,false],"covernews-slider-full":["https:\/\/infoecos.com.ar\/wp-content\/uploads\/2026\/02\/image-122.png",880,512,false],"covernews-slider-center":["https:\/\/infoecos.com.ar\/wp-content\/uploads\/2026\/02\/image-122-800x500.png",800,500,true],"covernews-featured":["https:\/\/infoecos.com.ar\/wp-content\/uploads\/2026\/02\/image-122.png",880,512,false],"covernews-medium":["https:\/\/infoecos.com.ar\/wp-content\/uploads\/2026\/02\/image-122-540x340.png",540,340,true],"covernews-medium-square":["https:\/\/infoecos.com.ar\/wp-content\/uploads\/2026\/02\/image-122-400x250.png",400,250,true]},"author_info":{"info":["Jorge Matheus"]},"category_info":"<a href=\"https:\/\/infoecos.com.ar\/index.php\/category\/sin-categoria\/\" rel=\"category tag\">Sin categor\u00eda<\/a>","tag_info":"Sin categor\u00eda","comment_count":"0","_links":{"self":[{"href":"https:\/\/infoecos.com.ar\/index.php\/wp-json\/wp\/v2\/posts\/154881"}],"collection":[{"href":"https:\/\/infoecos.com.ar\/index.php\/wp-json\/wp\/v2\/posts"}],"about":[{"href":"https:\/\/infoecos.com.ar\/index.php\/wp-json\/wp\/v2\/types\/post"}],"author":[{"embeddable":true,"href":"https:\/\/infoecos.com.ar\/index.php\/wp-json\/wp\/v2\/users\/2"}],"replies":[{"embeddable":true,"href":"https:\/\/infoecos.com.ar\/index.php\/wp-json\/wp\/v2\/comments?post=154881"}],"version-history":[{"count":1,"href":"https:\/\/infoecos.com.ar\/index.php\/wp-json\/wp\/v2\/posts\/154881\/revisions"}],"predecessor-version":[{"id":154882,"href":"https:\/\/infoecos.com.ar\/index.php\/wp-json\/wp\/v2\/posts\/154881\/revisions\/154882"}],"wp:featuredmedia":[{"embeddable":true,"href":"https:\/\/infoecos.com.ar\/index.php\/wp-json\/wp\/v2\/media\/154104"}],"wp:attachment":[{"href":"https:\/\/infoecos.com.ar\/index.php\/wp-json\/wp\/v2\/media?parent=154881"}],"wp:term":[{"taxonomy":"category","embeddable":true,"href":"https:\/\/infoecos.com.ar\/index.php\/wp-json\/wp\/v2\/categories?post=154881"},{"taxonomy":"post_tag","embeddable":true,"href":"https:\/\/infoecos.com.ar\/index.php\/wp-json\/wp\/v2\/tags?post=154881"}],"curies":[{"name":"wp","href":"https:\/\/api.w.org\/{rel}","templated":true}]}}