{"id":154901,"date":"2026-03-13T01:42:25","date_gmt":"2026-03-13T04:42:25","guid":{"rendered":"https:\/\/infoecos.com.ar\/?p=154901"},"modified":"2026-03-16T01:51:06","modified_gmt":"2026-03-16T04:51:06","slug":"el-centro-medico-sinclair-suma-mayores-servicios-y-tecnologia-con-la-inauguracion-del-piso-de-la-mujer","status":"publish","type":"post","link":"https:\/\/infoecos.com.ar\/index.php\/el-centro-medico-sinclair-suma-mayores-servicios-y-tecnologia-con-la-inauguracion-del-piso-de-la-mujer\/","title":{"rendered":"El Centro M\u00e9dico Sinclair suma mayores servicios y tecnolog\u00eda con la inauguraci\u00f3n del Piso de la Mujer"},"content":{"rendered":"\n<p>El Centro M\u00e9dico Sinclair inaugur\u00f3 formalmente el Piso de la Mujer en el nuevo edificio de 25 de Mayo 142 de Trenque Lauquen.<\/p>\n\n\n\n<p>El acto fue encabezado por Federico Sinclair director m\u00e9dico del Centro, acompa\u00f1ado por su hermana Mar\u00eda.<\/p>\n\n\n\n<p>Constituy\u00f3 esta la inauguraci\u00f3n formal, en el marco del Mes de la Mujer. <\/p>\n\n\n\n<p>Se mostraron los trabajos con Inteligencia Artificial y se anunciaron planes a concretar en el futuro.<\/p>\n\n\n\n<figure class=\"wp-block-gallery has-nested-images columns-default is-cropped wp-block-gallery-1 is-layout-flex wp-block-gallery-is-layout-flex\">\n<figure class=\"wp-block-image size-large\"><img loading=\"lazy\" decoding=\"async\" width=\"1600\" height=\"1052\" data-id=\"154908\" src=\"https:\/\/infoecos.com.ar\/wp-content\/uploads\/2026\/03\/sinclair1-1600x1052.jpg\" alt=\"\" class=\"wp-image-154908\" srcset=\"https:\/\/infoecos.com.ar\/wp-content\/uploads\/2026\/03\/sinclair1-1600x1052.jpg 1600w, https:\/\/infoecos.com.ar\/wp-content\/uploads\/2026\/03\/sinclair1-800x526.jpg 800w, https:\/\/infoecos.com.ar\/wp-content\/uploads\/2026\/03\/sinclair1-768x505.jpg 768w, https:\/\/infoecos.com.ar\/wp-content\/uploads\/2026\/03\/sinclair1-1536x1010.jpg 1536w, https:\/\/infoecos.com.ar\/wp-content\/uploads\/2026\/03\/sinclair1-1024x673.jpg 1024w, https:\/\/infoecos.com.ar\/wp-content\/uploads\/2026\/03\/sinclair1.jpg 2048w\" sizes=\"(max-width: 1600px) 100vw, 1600px\" \/><\/figure>\n\n\n\n<figure class=\"wp-block-image size-large\"><img loading=\"lazy\" decoding=\"async\" width=\"1600\" height=\"901\" data-id=\"154905\" src=\"https:\/\/infoecos.com.ar\/wp-content\/uploads\/2026\/03\/sinclair3-1600x901.jpg\" alt=\"\" class=\"wp-image-154905\" srcset=\"https:\/\/infoecos.com.ar\/wp-content\/uploads\/2026\/03\/sinclair3-1600x901.jpg 1600w, https:\/\/infoecos.com.ar\/wp-content\/uploads\/2026\/03\/sinclair3-800x450.jpg 800w, https:\/\/infoecos.com.ar\/wp-content\/uploads\/2026\/03\/sinclair3-768x432.jpg 768w, https:\/\/infoecos.com.ar\/wp-content\/uploads\/2026\/03\/sinclair3-1536x865.jpg 1536w, https:\/\/infoecos.com.ar\/wp-content\/uploads\/2026\/03\/sinclair3-1024x577.jpg 1024w, https:\/\/infoecos.com.ar\/wp-content\/uploads\/2026\/03\/sinclair3.jpg 2048w\" sizes=\"(max-width: 1600px) 100vw, 1600px\" \/><\/figure>\n\n\n\n<figure class=\"wp-block-image size-large\"><img loading=\"lazy\" decoding=\"async\" width=\"1600\" height=\"901\" data-id=\"154903\" src=\"https:\/\/infoecos.com.ar\/wp-content\/uploads\/2026\/03\/sinclair4-1600x901.jpg\" alt=\"\" class=\"wp-image-154903\" srcset=\"https:\/\/infoecos.com.ar\/wp-content\/uploads\/2026\/03\/sinclair4-1600x901.jpg 1600w, https:\/\/infoecos.com.ar\/wp-content\/uploads\/2026\/03\/sinclair4-800x450.jpg 800w, https:\/\/infoecos.com.ar\/wp-content\/uploads\/2026\/03\/sinclair4-768x432.jpg 768w, https:\/\/infoecos.com.ar\/wp-content\/uploads\/2026\/03\/sinclair4-1536x865.jpg 1536w, https:\/\/infoecos.com.ar\/wp-content\/uploads\/2026\/03\/sinclair4-1024x577.jpg 1024w, https:\/\/infoecos.com.ar\/wp-content\/uploads\/2026\/03\/sinclair4.jpg 2048w\" sizes=\"(max-width: 1600px) 100vw, 1600px\" \/><\/figure>\n\n\n\n<figure class=\"wp-block-image size-large\"><img loading=\"lazy\" decoding=\"async\" width=\"1600\" height=\"900\" data-id=\"154902\" src=\"https:\/\/infoecos.com.ar\/wp-content\/uploads\/2026\/03\/sinclair5-1600x900.jpg\" alt=\"\" class=\"wp-image-154902\" srcset=\"https:\/\/infoecos.com.ar\/wp-content\/uploads\/2026\/03\/sinclair5-1600x900.jpg 1600w, https:\/\/infoecos.com.ar\/wp-content\/uploads\/2026\/03\/sinclair5-800x450.jpg 800w, https:\/\/infoecos.com.ar\/wp-content\/uploads\/2026\/03\/sinclair5-768x432.jpg 768w, https:\/\/infoecos.com.ar\/wp-content\/uploads\/2026\/03\/sinclair5-1536x864.jpg 1536w, https:\/\/infoecos.com.ar\/wp-content\/uploads\/2026\/03\/sinclair5-1024x576.jpg 1024w, https:\/\/infoecos.com.ar\/wp-content\/uploads\/2026\/03\/sinclair5.jpg 2048w\" sizes=\"(max-width: 1600px) 100vw, 1600px\" \/><\/figure>\n\n\n\n<figure class=\"wp-block-image size-large\"><img loading=\"lazy\" decoding=\"async\" width=\"1600\" height=\"995\" data-id=\"154906\" src=\"https:\/\/infoecos.com.ar\/wp-content\/uploads\/2026\/03\/sinclair6-1600x995.jpg\" alt=\"\" class=\"wp-image-154906\" srcset=\"https:\/\/infoecos.com.ar\/wp-content\/uploads\/2026\/03\/sinclair6-1600x995.jpg 1600w, https:\/\/infoecos.com.ar\/wp-content\/uploads\/2026\/03\/sinclair6-800x497.jpg 800w, https:\/\/infoecos.com.ar\/wp-content\/uploads\/2026\/03\/sinclair6-768x477.jpg 768w, https:\/\/infoecos.com.ar\/wp-content\/uploads\/2026\/03\/sinclair6-1536x955.jpg 1536w, https:\/\/infoecos.com.ar\/wp-content\/uploads\/2026\/03\/sinclair6-1024x637.jpg 1024w, https:\/\/infoecos.com.ar\/wp-content\/uploads\/2026\/03\/sinclair6-400x250.jpg 400w, https:\/\/infoecos.com.ar\/wp-content\/uploads\/2026\/03\/sinclair6.jpg 2048w\" sizes=\"(max-width: 1600px) 100vw, 1600px\" \/><\/figure>\n\n\n\n<figure class=\"wp-block-image size-large\"><img loading=\"lazy\" decoding=\"async\" width=\"1600\" height=\"901\" data-id=\"154907\" src=\"https:\/\/infoecos.com.ar\/wp-content\/uploads\/2026\/03\/sinclair7-1600x901.jpg\" alt=\"\" class=\"wp-image-154907\" srcset=\"https:\/\/infoecos.com.ar\/wp-content\/uploads\/2026\/03\/sinclair7-1600x901.jpg 1600w, https:\/\/infoecos.com.ar\/wp-content\/uploads\/2026\/03\/sinclair7-800x450.jpg 800w, https:\/\/infoecos.com.ar\/wp-content\/uploads\/2026\/03\/sinclair7-768x432.jpg 768w, https:\/\/infoecos.com.ar\/wp-content\/uploads\/2026\/03\/sinclair7-1536x865.jpg 1536w, https:\/\/infoecos.com.ar\/wp-content\/uploads\/2026\/03\/sinclair7-1024x577.jpg 1024w, https:\/\/infoecos.com.ar\/wp-content\/uploads\/2026\/03\/sinclair7.jpg 2048w\" sizes=\"(max-width: 1600px) 100vw, 1600px\" \/><\/figure>\n\n\n\n<figure class=\"wp-block-image size-large\"><img loading=\"lazy\" decoding=\"async\" width=\"1600\" height=\"901\" data-id=\"154904\" src=\"https:\/\/infoecos.com.ar\/wp-content\/uploads\/2026\/03\/sinclair8-1600x901.jpg\" alt=\"\" class=\"wp-image-154904\" srcset=\"https:\/\/infoecos.com.ar\/wp-content\/uploads\/2026\/03\/sinclair8-1600x901.jpg 1600w, https:\/\/infoecos.com.ar\/wp-content\/uploads\/2026\/03\/sinclair8-800x450.jpg 800w, https:\/\/infoecos.com.ar\/wp-content\/uploads\/2026\/03\/sinclair8-768x432.jpg 768w, https:\/\/infoecos.com.ar\/wp-content\/uploads\/2026\/03\/sinclair8-1536x865.jpg 1536w, https:\/\/infoecos.com.ar\/wp-content\/uploads\/2026\/03\/sinclair8-1024x577.jpg 1024w, https:\/\/infoecos.com.ar\/wp-content\/uploads\/2026\/03\/sinclair8.jpg 2048w\" sizes=\"(max-width: 1600px) 100vw, 1600px\" \/><\/figure>\n<\/figure>\n\n\n\n<p>Fotos: Diario La Opini\u00f3n Trenque Lauquen <\/p>\n","protected":false},"excerpt":{"rendered":"<p>Fotos: Diario La Opini\u00f3n Trenque Lauquen <\/p>\n","protected":false},"author":2,"featured_media":154906,"comment_status":"closed","ping_status":"open","sticky":false,"template":"","format":"standard","meta":{"footnotes":""},"categories":[1],"tags":[10304,97],"class_list":["post-154901","post","type-post","status-publish","format-standard","has-post-thumbnail","hentry","category-sin-categoria","tag-actualidad","tag-economia"],"yoast_head":"<!-- This site is optimized with the Yoast SEO plugin v23.4 - https:\/\/yoast.com\/wordpress\/plugins\/seo\/ -->\n<title>El Centro M\u00e9dico Sinclair suma mayores servicios y tecnolog\u00eda con la inauguraci\u00f3n del Piso de la Mujer - Infoecos<\/title>\n<meta name=\"robots\" content=\"index, follow, max-snippet:-1, max-image-preview:large, max-video-preview:-1\" \/>\n<link rel=\"canonical\" href=\"https:\/\/infoecos.com.ar\/index.php\/el-centro-medico-sinclair-suma-mayores-servicios-y-tecnologia-con-la-inauguracion-del-piso-de-la-mujer\/\" \/>\n<meta property=\"og:locale\" content=\"es_ES\" \/>\n<meta property=\"og:type\" content=\"article\" \/>\n<meta property=\"og:title\" content=\"El Centro M\u00e9dico Sinclair suma mayores servicios y tecnolog\u00eda con la inauguraci\u00f3n del Piso de la Mujer - Infoecos\" \/>\n<meta property=\"og:description\" content=\"Fotos: Diario La Opini\u00f3n Trenque Lauquen\" \/>\n<meta property=\"og:url\" content=\"https:\/\/infoecos.com.ar\/index.php\/el-centro-medico-sinclair-suma-mayores-servicios-y-tecnologia-con-la-inauguracion-del-piso-de-la-mujer\/\" \/>\n<meta property=\"og:site_name\" content=\"Infoecos\" \/>\n<meta property=\"article:publisher\" content=\"https:\/\/www.facebook.com\/profile.php?id=100063200290284\" \/>\n<meta property=\"article:published_time\" content=\"2026-03-13T04:42:25+00:00\" \/>\n<meta property=\"article:modified_time\" content=\"2026-03-16T04:51:06+00:00\" \/>\n<meta property=\"og:image\" content=\"https:\/\/infoecos.com.ar\/wp-content\/uploads\/2026\/03\/sinclair6.jpg\" \/>\n\t<meta property=\"og:image:width\" content=\"2048\" \/>\n\t<meta property=\"og:image:height\" content=\"1273\" \/>\n\t<meta property=\"og:image:type\" content=\"image\/jpeg\" \/>\n<meta name=\"author\" content=\"Jorge Matheus\" \/>\n<meta name=\"twitter:card\" content=\"summary_large_image\" \/>\n<meta name=\"twitter:creator\" content=\"@infoecos\" \/>\n<meta name=\"twitter:site\" content=\"@infoecos\" \/>\n<meta name=\"twitter:label1\" content=\"Escrito por\" \/>\n\t<meta name=\"twitter:data1\" content=\"Jorge Matheus\" \/>\n\t<meta name=\"twitter:label2\" content=\"Tiempo de lectura\" \/>\n\t<meta name=\"twitter:data2\" content=\"2 minutos\" \/>\n<script type=\"application\/ld+json\" class=\"yoast-schema-graph\">{\"@context\":\"https:\/\/schema.org\",\"@graph\":[{\"@type\":\"Article\",\"@id\":\"https:\/\/infoecos.com.ar\/index.php\/el-centro-medico-sinclair-suma-mayores-servicios-y-tecnologia-con-la-inauguracion-del-piso-de-la-mujer\/#article\",\"isPartOf\":{\"@id\":\"https:\/\/infoecos.com.ar\/index.php\/el-centro-medico-sinclair-suma-mayores-servicios-y-tecnologia-con-la-inauguracion-del-piso-de-la-mujer\/\"},\"author\":{\"name\":\"Jorge Matheus\",\"@id\":\"https:\/\/infoecos.com.ar\/#\/schema\/person\/8f5ace5ce73b4b4aac4b7245aee6f191\"},\"headline\":\"El Centro M\u00e9dico Sinclair suma mayores servicios y tecnolog\u00eda con la inauguraci\u00f3n del Piso de la Mujer\",\"datePublished\":\"2026-03-13T04:42:25+00:00\",\"dateModified\":\"2026-03-16T04:51:06+00:00\",\"mainEntityOfPage\":{\"@id\":\"https:\/\/infoecos.com.ar\/index.php\/el-centro-medico-sinclair-suma-mayores-servicios-y-tecnologia-con-la-inauguracion-del-piso-de-la-mujer\/\"},\"wordCount\":98,\"publisher\":{\"@id\":\"https:\/\/infoecos.com.ar\/#organization\"},\"image\":{\"@id\":\"https:\/\/infoecos.com.ar\/index.php\/el-centro-medico-sinclair-suma-mayores-servicios-y-tecnologia-con-la-inauguracion-del-piso-de-la-mujer\/#primaryimage\"},\"thumbnailUrl\":\"https:\/\/infoecos.com.ar\/wp-content\/uploads\/2026\/03\/sinclair6.jpg\",\"keywords\":[\"Actualidad\",\"ECONOM\u00cdA\"],\"inLanguage\":\"es\"},{\"@type\":\"WebPage\",\"@id\":\"https:\/\/infoecos.com.ar\/index.php\/el-centro-medico-sinclair-suma-mayores-servicios-y-tecnologia-con-la-inauguracion-del-piso-de-la-mujer\/\",\"url\":\"https:\/\/infoecos.com.ar\/index.php\/el-centro-medico-sinclair-suma-mayores-servicios-y-tecnologia-con-la-inauguracion-del-piso-de-la-mujer\/\",\"name\":\"El Centro M\u00e9dico Sinclair suma mayores servicios y tecnolog\u00eda con la inauguraci\u00f3n del Piso de la Mujer - Infoecos\",\"isPartOf\":{\"@id\":\"https:\/\/infoecos.com.ar\/#website\"},\"primaryImageOfPage\":{\"@id\":\"https:\/\/infoecos.com.ar\/index.php\/el-centro-medico-sinclair-suma-mayores-servicios-y-tecnologia-con-la-inauguracion-del-piso-de-la-mujer\/#primaryimage\"},\"image\":{\"@id\":\"https:\/\/infoecos.com.ar\/index.php\/el-centro-medico-sinclair-suma-mayores-servicios-y-tecnologia-con-la-inauguracion-del-piso-de-la-mujer\/#primaryimage\"},\"thumbnailUrl\":\"https:\/\/infoecos.com.ar\/wp-content\/uploads\/2026\/03\/sinclair6.jpg\",\"datePublished\":\"2026-03-13T04:42:25+00:00\",\"dateModified\":\"2026-03-16T04:51:06+00:00\",\"breadcrumb\":{\"@id\":\"https:\/\/infoecos.com.ar\/index.php\/el-centro-medico-sinclair-suma-mayores-servicios-y-tecnologia-con-la-inauguracion-del-piso-de-la-mujer\/#breadcrumb\"},\"inLanguage\":\"es\",\"potentialAction\":[{\"@type\":\"ReadAction\",\"target\":[\"https:\/\/infoecos.com.ar\/index.php\/el-centro-medico-sinclair-suma-mayores-servicios-y-tecnologia-con-la-inauguracion-del-piso-de-la-mujer\/\"]}]},{\"@type\":\"ImageObject\",\"inLanguage\":\"es\",\"@id\":\"https:\/\/infoecos.com.ar\/index.php\/el-centro-medico-sinclair-suma-mayores-servicios-y-tecnologia-con-la-inauguracion-del-piso-de-la-mujer\/#primaryimage\",\"url\":\"https:\/\/infoecos.com.ar\/wp-content\/uploads\/2026\/03\/sinclair6.jpg\",\"contentUrl\":\"https:\/\/infoecos.com.ar\/wp-content\/uploads\/2026\/03\/sinclair6.jpg\",\"width\":2048,\"height\":1273},{\"@type\":\"BreadcrumbList\",\"@id\":\"https:\/\/infoecos.com.ar\/index.php\/el-centro-medico-sinclair-suma-mayores-servicios-y-tecnologia-con-la-inauguracion-del-piso-de-la-mujer\/#breadcrumb\",\"itemListElement\":[{\"@type\":\"ListItem\",\"position\":1,\"name\":\"Portada\",\"item\":\"https:\/\/infoecos.com.ar\/\"},{\"@type\":\"ListItem\",\"position\":2,\"name\":\"El Centro M\u00e9dico Sinclair suma mayores servicios y tecnolog\u00eda con la inauguraci\u00f3n del Piso de la Mujer\"}]},{\"@type\":\"WebSite\",\"@id\":\"https:\/\/infoecos.com.ar\/#website\",\"url\":\"https:\/\/infoecos.com.ar\/\",\"name\":\"Infoecos\",\"description\":\"Noticias de trenque lauquen y la zona\",\"publisher\":{\"@id\":\"https:\/\/infoecos.com.ar\/#organization\"},\"alternateName\":\"Noticias\",\"potentialAction\":[{\"@type\":\"SearchAction\",\"target\":{\"@type\":\"EntryPoint\",\"urlTemplate\":\"https:\/\/infoecos.com.ar\/?s={search_term_string}\"},\"query-input\":{\"@type\":\"PropertyValueSpecification\",\"valueRequired\":true,\"valueName\":\"search_term_string\"}}],\"inLanguage\":\"es\"},{\"@type\":\"Organization\",\"@id\":\"https:\/\/infoecos.com.ar\/#organization\",\"name\":\"Infoecos\",\"alternateName\":\"Noticias\",\"url\":\"https:\/\/infoecos.com.ar\/\",\"logo\":{\"@type\":\"ImageObject\",\"inLanguage\":\"es\",\"@id\":\"https:\/\/infoecos.com.ar\/#\/schema\/logo\/image\/\",\"url\":\"https:\/\/infoecos.com.ar\/wp-content\/uploads\/2024\/03\/cropped-logo.png\",\"contentUrl\":\"https:\/\/infoecos.com.ar\/wp-content\/uploads\/2024\/03\/cropped-logo.png\",\"width\":374,\"height\":90,\"caption\":\"Infoecos\"},\"image\":{\"@id\":\"https:\/\/infoecos.com.ar\/#\/schema\/logo\/image\/\"},\"sameAs\":[\"https:\/\/www.facebook.com\/profile.php?id=100063200290284\",\"https:\/\/x.com\/infoecos\"]},{\"@type\":\"Person\",\"@id\":\"https:\/\/infoecos.com.ar\/#\/schema\/person\/8f5ace5ce73b4b4aac4b7245aee6f191\",\"name\":\"Jorge Matheus\",\"url\":\"https:\/\/infoecos.com.ar\/index.php\/author\/jomatheus\/\"}]}<\/script>\n<!-- \/ Yoast SEO plugin. -->","yoast_head_json":{"title":"El Centro M\u00e9dico Sinclair suma mayores servicios y tecnolog\u00eda con la inauguraci\u00f3n del Piso de la Mujer - Infoecos","robots":{"index":"index","follow":"follow","max-snippet":"max-snippet:-1","max-image-preview":"max-image-preview:large","max-video-preview":"max-video-preview:-1"},"canonical":"https:\/\/infoecos.com.ar\/index.php\/el-centro-medico-sinclair-suma-mayores-servicios-y-tecnologia-con-la-inauguracion-del-piso-de-la-mujer\/","og_locale":"es_ES","og_type":"article","og_title":"El Centro M\u00e9dico Sinclair suma mayores servicios y tecnolog\u00eda con la inauguraci\u00f3n del Piso de la Mujer - Infoecos","og_description":"Fotos: Diario La Opini\u00f3n Trenque Lauquen","og_url":"https:\/\/infoecos.com.ar\/index.php\/el-centro-medico-sinclair-suma-mayores-servicios-y-tecnologia-con-la-inauguracion-del-piso-de-la-mujer\/","og_site_name":"Infoecos","article_publisher":"https:\/\/www.facebook.com\/profile.php?id=100063200290284","article_published_time":"2026-03-13T04:42:25+00:00","article_modified_time":"2026-03-16T04:51:06+00:00","og_image":[{"width":2048,"height":1273,"url":"https:\/\/infoecos.com.ar\/wp-content\/uploads\/2026\/03\/sinclair6.jpg","type":"image\/jpeg"}],"author":"Jorge Matheus","twitter_card":"summary_large_image","twitter_creator":"@infoecos","twitter_site":"@infoecos","twitter_misc":{"Escrito por":"Jorge Matheus","Tiempo de lectura":"2 minutos"},"schema":{"@context":"https:\/\/schema.org","@graph":[{"@type":"Article","@id":"https:\/\/infoecos.com.ar\/index.php\/el-centro-medico-sinclair-suma-mayores-servicios-y-tecnologia-con-la-inauguracion-del-piso-de-la-mujer\/#article","isPartOf":{"@id":"https:\/\/infoecos.com.ar\/index.php\/el-centro-medico-sinclair-suma-mayores-servicios-y-tecnologia-con-la-inauguracion-del-piso-de-la-mujer\/"},"author":{"name":"Jorge Matheus","@id":"https:\/\/infoecos.com.ar\/#\/schema\/person\/8f5ace5ce73b4b4aac4b7245aee6f191"},"headline":"El Centro M\u00e9dico Sinclair suma mayores servicios y tecnolog\u00eda con la inauguraci\u00f3n del Piso de la Mujer","datePublished":"2026-03-13T04:42:25+00:00","dateModified":"2026-03-16T04:51:06+00:00","mainEntityOfPage":{"@id":"https:\/\/infoecos.com.ar\/index.php\/el-centro-medico-sinclair-suma-mayores-servicios-y-tecnologia-con-la-inauguracion-del-piso-de-la-mujer\/"},"wordCount":98,"publisher":{"@id":"https:\/\/infoecos.com.ar\/#organization"},"image":{"@id":"https:\/\/infoecos.com.ar\/index.php\/el-centro-medico-sinclair-suma-mayores-servicios-y-tecnologia-con-la-inauguracion-del-piso-de-la-mujer\/#primaryimage"},"thumbnailUrl":"https:\/\/infoecos.com.ar\/wp-content\/uploads\/2026\/03\/sinclair6.jpg","keywords":["Actualidad","ECONOM\u00cdA"],"inLanguage":"es"},{"@type":"WebPage","@id":"https:\/\/infoecos.com.ar\/index.php\/el-centro-medico-sinclair-suma-mayores-servicios-y-tecnologia-con-la-inauguracion-del-piso-de-la-mujer\/","url":"https:\/\/infoecos.com.ar\/index.php\/el-centro-medico-sinclair-suma-mayores-servicios-y-tecnologia-con-la-inauguracion-del-piso-de-la-mujer\/","name":"El Centro M\u00e9dico Sinclair suma mayores servicios y tecnolog\u00eda con la inauguraci\u00f3n del Piso de la Mujer - Infoecos","isPartOf":{"@id":"https:\/\/infoecos.com.ar\/#website"},"primaryImageOfPage":{"@id":"https:\/\/infoecos.com.ar\/index.php\/el-centro-medico-sinclair-suma-mayores-servicios-y-tecnologia-con-la-inauguracion-del-piso-de-la-mujer\/#primaryimage"},"image":{"@id":"https:\/\/infoecos.com.ar\/index.php\/el-centro-medico-sinclair-suma-mayores-servicios-y-tecnologia-con-la-inauguracion-del-piso-de-la-mujer\/#primaryimage"},"thumbnailUrl":"https:\/\/infoecos.com.ar\/wp-content\/uploads\/2026\/03\/sinclair6.jpg","datePublished":"2026-03-13T04:42:25+00:00","dateModified":"2026-03-16T04:51:06+00:00","breadcrumb":{"@id":"https:\/\/infoecos.com.ar\/index.php\/el-centro-medico-sinclair-suma-mayores-servicios-y-tecnologia-con-la-inauguracion-del-piso-de-la-mujer\/#breadcrumb"},"inLanguage":"es","potentialAction":[{"@type":"ReadAction","target":["https:\/\/infoecos.com.ar\/index.php\/el-centro-medico-sinclair-suma-mayores-servicios-y-tecnologia-con-la-inauguracion-del-piso-de-la-mujer\/"]}]},{"@type":"ImageObject","inLanguage":"es","@id":"https:\/\/infoecos.com.ar\/index.php\/el-centro-medico-sinclair-suma-mayores-servicios-y-tecnologia-con-la-inauguracion-del-piso-de-la-mujer\/#primaryimage","url":"https:\/\/infoecos.com.ar\/wp-content\/uploads\/2026\/03\/sinclair6.jpg","contentUrl":"https:\/\/infoecos.com.ar\/wp-content\/uploads\/2026\/03\/sinclair6.jpg","width":2048,"height":1273},{"@type":"BreadcrumbList","@id":"https:\/\/infoecos.com.ar\/index.php\/el-centro-medico-sinclair-suma-mayores-servicios-y-tecnologia-con-la-inauguracion-del-piso-de-la-mujer\/#breadcrumb","itemListElement":[{"@type":"ListItem","position":1,"name":"Portada","item":"https:\/\/infoecos.com.ar\/"},{"@type":"ListItem","position":2,"name":"El Centro M\u00e9dico Sinclair suma mayores servicios y tecnolog\u00eda con la inauguraci\u00f3n del Piso de la Mujer"}]},{"@type":"WebSite","@id":"https:\/\/infoecos.com.ar\/#website","url":"https:\/\/infoecos.com.ar\/","name":"Infoecos","description":"Noticias de trenque lauquen y la zona","publisher":{"@id":"https:\/\/infoecos.com.ar\/#organization"},"alternateName":"Noticias","potentialAction":[{"@type":"SearchAction","target":{"@type":"EntryPoint","urlTemplate":"https:\/\/infoecos.com.ar\/?s={search_term_string}"},"query-input":{"@type":"PropertyValueSpecification","valueRequired":true,"valueName":"search_term_string"}}],"inLanguage":"es"},{"@type":"Organization","@id":"https:\/\/infoecos.com.ar\/#organization","name":"Infoecos","alternateName":"Noticias","url":"https:\/\/infoecos.com.ar\/","logo":{"@type":"ImageObject","inLanguage":"es","@id":"https:\/\/infoecos.com.ar\/#\/schema\/logo\/image\/","url":"https:\/\/infoecos.com.ar\/wp-content\/uploads\/2024\/03\/cropped-logo.png","contentUrl":"https:\/\/infoecos.com.ar\/wp-content\/uploads\/2024\/03\/cropped-logo.png","width":374,"height":90,"caption":"Infoecos"},"image":{"@id":"https:\/\/infoecos.com.ar\/#\/schema\/logo\/image\/"},"sameAs":["https:\/\/www.facebook.com\/profile.php?id=100063200290284","https:\/\/x.com\/infoecos"]},{"@type":"Person","@id":"https:\/\/infoecos.com.ar\/#\/schema\/person\/8f5ace5ce73b4b4aac4b7245aee6f191","name":"Jorge Matheus","url":"https:\/\/infoecos.com.ar\/index.php\/author\/jomatheus\/"}]}},"featured_image_urls":{"full":["https:\/\/infoecos.com.ar\/wp-content\/uploads\/2026\/03\/sinclair6.jpg",2048,1273,false],"thumbnail":["https:\/\/infoecos.com.ar\/wp-content\/uploads\/2026\/03\/sinclair6-300x150.jpg",300,150,true],"medium":["https:\/\/infoecos.com.ar\/wp-content\/uploads\/2026\/03\/sinclair6-800x497.jpg",800,497,true],"medium_large":["https:\/\/infoecos.com.ar\/wp-content\/uploads\/2026\/03\/sinclair6-768x477.jpg",640,398,true],"large":["https:\/\/infoecos.com.ar\/wp-content\/uploads\/2026\/03\/sinclair6-1600x995.jpg",640,398,true],"1536x1536":["https:\/\/infoecos.com.ar\/wp-content\/uploads\/2026\/03\/sinclair6-1536x955.jpg",1536,955,true],"2048x2048":["https:\/\/infoecos.com.ar\/wp-content\/uploads\/2026\/03\/sinclair6.jpg",2048,1273,false],"covernews-slider-full":["https:\/\/infoecos.com.ar\/wp-content\/uploads\/2026\/03\/sinclair6-1115x715.jpg",1115,715,true],"covernews-slider-center":["https:\/\/infoecos.com.ar\/wp-content\/uploads\/2026\/03\/sinclair6-800x500.jpg",800,500,true],"covernews-featured":["https:\/\/infoecos.com.ar\/wp-content\/uploads\/2026\/03\/sinclair6-1024x637.jpg",1024,637,true],"covernews-medium":["https:\/\/infoecos.com.ar\/wp-content\/uploads\/2026\/03\/sinclair6-540x340.jpg",540,340,true],"covernews-medium-square":["https:\/\/infoecos.com.ar\/wp-content\/uploads\/2026\/03\/sinclair6-400x250.jpg",400,250,true]},"author_info":{"info":["Jorge Matheus"]},"category_info":"<a href=\"https:\/\/infoecos.com.ar\/index.php\/category\/sin-categoria\/\" rel=\"category tag\">Sin categor\u00eda<\/a>","tag_info":"Sin categor\u00eda","comment_count":"0","_links":{"self":[{"href":"https:\/\/infoecos.com.ar\/index.php\/wp-json\/wp\/v2\/posts\/154901"}],"collection":[{"href":"https:\/\/infoecos.com.ar\/index.php\/wp-json\/wp\/v2\/posts"}],"about":[{"href":"https:\/\/infoecos.com.ar\/index.php\/wp-json\/wp\/v2\/types\/post"}],"author":[{"embeddable":true,"href":"https:\/\/infoecos.com.ar\/index.php\/wp-json\/wp\/v2\/users\/2"}],"replies":[{"embeddable":true,"href":"https:\/\/infoecos.com.ar\/index.php\/wp-json\/wp\/v2\/comments?post=154901"}],"version-history":[{"count":1,"href":"https:\/\/infoecos.com.ar\/index.php\/wp-json\/wp\/v2\/posts\/154901\/revisions"}],"predecessor-version":[{"id":154909,"href":"https:\/\/infoecos.com.ar\/index.php\/wp-json\/wp\/v2\/posts\/154901\/revisions\/154909"}],"wp:featuredmedia":[{"embeddable":true,"href":"https:\/\/infoecos.com.ar\/index.php\/wp-json\/wp\/v2\/media\/154906"}],"wp:attachment":[{"href":"https:\/\/infoecos.com.ar\/index.php\/wp-json\/wp\/v2\/media?parent=154901"}],"wp:term":[{"taxonomy":"category","embeddable":true,"href":"https:\/\/infoecos.com.ar\/index.php\/wp-json\/wp\/v2\/categories?post=154901"},{"taxonomy":"post_tag","embeddable":true,"href":"https:\/\/infoecos.com.ar\/index.php\/wp-json\/wp\/v2\/tags?post=154901"}],"curies":[{"name":"wp","href":"https:\/\/api.w.org\/{rel}","templated":true}]}}