{"id":154910,"date":"2026-03-13T02:01:46","date_gmt":"2026-03-13T05:01:46","guid":{"rendered":"https:\/\/infoecos.com.ar\/?p=154910"},"modified":"2026-03-13T02:01:47","modified_gmt":"2026-03-13T05:01:47","slug":"cepa-la-inflacion-bajo-la-alfombra-ipc-nuevo-vs-ipc-caputo","status":"publish","type":"post","link":"https:\/\/infoecos.com.ar\/index.php\/cepa-la-inflacion-bajo-la-alfombra-ipc-nuevo-vs-ipc-caputo\/","title":{"rendered":"CEPA: La inflaci\u00f3n bajo la alfombra: IPC nuevo vs. IPC Caputo"},"content":{"rendered":"\n<p><strong>Consideraciones del Centro de Econom\u00eda Pol\u00edtica Argentina<\/strong><\/p>\n\n\n\n<p>El INDEC public\u00f3 el IPC de febrero 2026: 2,9%.&nbsp;Dos consideraciones:&nbsp;<\/p>\n\n\n\n<ol class=\"wp-block-list\">\n<li><strong>La inflaci\u00f3n sigue subiendo desde mayo 2025.\u00a0<\/strong>El INDEC public\u00f3 2,9% de inflaci\u00f3n en febrero 2026, repitiendo el dato de enero. Desde junio de 2025, la inflaci\u00f3n tuvo una curva ascendente y constante (salvo julio y agosto donde se repiti\u00f3 el dato de 1,9% en ambos meses). En este mes, el dato pr\u00e1cticamente duplica el de mayo de 2025, que hab\u00eda sido de 1,5%.<\/li>\n\n\n\n<li><strong>Con la metodolog\u00eda actualizada, la inflaci\u00f3n es m\u00e1s alta: desde que asumi\u00f3 Milei el INDEC escondi\u00f3 11,5% de inflaci\u00f3n debajo de la alfombra.<\/strong>\u00a0Tal como estaba establecido, el INDEC debi\u00f3 haber publicado -ya en el mes de enero- el \u00edndice de precios al consumidor con los ponderadores de la metodolog\u00eda actualizada, que toma la Encuesta Nacional de Gastos de los Hogares de 2017\/18.\u00a0La reponderaci\u00f3n -donde los servicios y el transporte pesan m\u00e1s- aplicada desde principios de 2026, hubiese dado por resultado una inflaci\u00f3n de 3,0% para el mes de febrero.\u00a0El diferencial entre la inflaci\u00f3n seg\u00fan ambas metodolog\u00edas se explica por el sensible incremento de servicios (producto de la quita de subsidios), aunque en febrero el impacto de esta suba se vio suavizada por el importante aumento en los precios de los alimentos: en efecto, en la comparaci\u00f3n entre la ENGHo 2004\/5 y 2017\/8 hay un trade off entre estos dos rubros.\u00a0Desde la asunci\u00f3n de Milei, la inflaci\u00f3n acumulada reportada por el INDEC fue de 280,5%. Calculando con los ponderadores actualizados, el aumento de los precios es mayor: alcanza 324,4%, es decir, es 11,5% m\u00e1s alta que la cifra oficial.<\/li>\n<\/ol>\n\n\n\n<div data-wp-interactive=\"core\/file\" class=\"wp-block-file\"><object data-wp-bind--hidden=\"!state.hasPdfPreview\"  class=\"wp-block-file__embed\" data=\"https:\/\/infoecos.com.ar\/wp-content\/uploads\/2026\/03\/La_Inflaci_oacute_n_bajo_la_alfombra_Marzo_2026.pdf\" type=\"application\/pdf\" style=\"width:100%;height:600px\" aria-label=\"Incrustado de La_Inflaci_oacute_n_bajo_la_alfombra_Marzo_2026.\"><\/object><a id=\"wp-block-file--media-90d852cf-3c01-422f-b579-163aa300a8a5\" href=\"https:\/\/infoecos.com.ar\/wp-content\/uploads\/2026\/03\/La_Inflaci_oacute_n_bajo_la_alfombra_Marzo_2026.pdf\">La_Inflaci_oacute_n_bajo_la_alfombra_Marzo_2026<\/a><a href=\"https:\/\/infoecos.com.ar\/wp-content\/uploads\/2026\/03\/La_Inflaci_oacute_n_bajo_la_alfombra_Marzo_2026.pdf\" class=\"wp-block-file__button wp-element-button\" download aria-describedby=\"wp-block-file--media-90d852cf-3c01-422f-b579-163aa300a8a5\">Descarga<\/a><\/div>\n","protected":false},"excerpt":{"rendered":"<p>Consideraciones del Centro de Econom\u00eda Pol\u00edtica Argentina<\/p>\n","protected":false},"author":2,"featured_media":154912,"comment_status":"closed","ping_status":"open","sticky":false,"template":"","format":"standard","meta":{"footnotes":""},"categories":[1],"tags":[97,1500],"class_list":["post-154910","post","type-post","status-publish","format-standard","has-post-thumbnail","hentry","category-sin-categoria","tag-economia","tag-regional"],"yoast_head":"<!-- This site is optimized with the Yoast SEO plugin v23.4 - https:\/\/yoast.com\/wordpress\/plugins\/seo\/ -->\n<title>CEPA: La inflaci\u00f3n bajo la alfombra: IPC nuevo vs. IPC Caputo - Infoecos<\/title>\n<meta name=\"robots\" content=\"index, follow, max-snippet:-1, max-image-preview:large, max-video-preview:-1\" \/>\n<link rel=\"canonical\" href=\"https:\/\/infoecos.com.ar\/index.php\/cepa-la-inflacion-bajo-la-alfombra-ipc-nuevo-vs-ipc-caputo\/\" \/>\n<meta property=\"og:locale\" content=\"es_ES\" \/>\n<meta property=\"og:type\" content=\"article\" \/>\n<meta property=\"og:title\" content=\"CEPA: La inflaci\u00f3n bajo la alfombra: IPC nuevo vs. IPC Caputo - Infoecos\" \/>\n<meta property=\"og:description\" content=\"Consideraciones del Centro de Econom\u00eda Pol\u00edtica Argentina\" \/>\n<meta property=\"og:url\" content=\"https:\/\/infoecos.com.ar\/index.php\/cepa-la-inflacion-bajo-la-alfombra-ipc-nuevo-vs-ipc-caputo\/\" \/>\n<meta property=\"og:site_name\" content=\"Infoecos\" \/>\n<meta property=\"article:publisher\" content=\"https:\/\/www.facebook.com\/profile.php?id=100063200290284\" \/>\n<meta property=\"article:published_time\" content=\"2026-03-13T05:01:46+00:00\" \/>\n<meta property=\"article:modified_time\" content=\"2026-03-13T05:01:47+00:00\" \/>\n<meta property=\"og:image\" content=\"https:\/\/infoecos.com.ar\/wp-content\/uploads\/2026\/03\/inflacionbajolaalfombra.jpg\" \/>\n\t<meta property=\"og:image:width\" content=\"1200\" \/>\n\t<meta property=\"og:image:height\" content=\"600\" \/>\n\t<meta property=\"og:image:type\" content=\"image\/jpeg\" \/>\n<meta name=\"author\" content=\"Jorge Matheus\" \/>\n<meta name=\"twitter:card\" content=\"summary_large_image\" \/>\n<meta name=\"twitter:creator\" content=\"@infoecos\" \/>\n<meta name=\"twitter:site\" content=\"@infoecos\" \/>\n<meta name=\"twitter:label1\" content=\"Escrito por\" \/>\n\t<meta name=\"twitter:data1\" content=\"Jorge Matheus\" \/>\n\t<meta name=\"twitter:label2\" content=\"Tiempo de lectura\" \/>\n\t<meta name=\"twitter:data2\" content=\"2 minutos\" \/>\n<script type=\"application\/ld+json\" class=\"yoast-schema-graph\">{\"@context\":\"https:\/\/schema.org\",\"@graph\":[{\"@type\":\"Article\",\"@id\":\"https:\/\/infoecos.com.ar\/index.php\/cepa-la-inflacion-bajo-la-alfombra-ipc-nuevo-vs-ipc-caputo\/#article\",\"isPartOf\":{\"@id\":\"https:\/\/infoecos.com.ar\/index.php\/cepa-la-inflacion-bajo-la-alfombra-ipc-nuevo-vs-ipc-caputo\/\"},\"author\":{\"name\":\"Jorge Matheus\",\"@id\":\"https:\/\/infoecos.com.ar\/#\/schema\/person\/8f5ace5ce73b4b4aac4b7245aee6f191\"},\"headline\":\"CEPA: La inflaci\u00f3n bajo la alfombra: IPC nuevo vs. IPC Caputo\",\"datePublished\":\"2026-03-13T05:01:46+00:00\",\"dateModified\":\"2026-03-13T05:01:47+00:00\",\"mainEntityOfPage\":{\"@id\":\"https:\/\/infoecos.com.ar\/index.php\/cepa-la-inflacion-bajo-la-alfombra-ipc-nuevo-vs-ipc-caputo\/\"},\"wordCount\":301,\"publisher\":{\"@id\":\"https:\/\/infoecos.com.ar\/#organization\"},\"image\":{\"@id\":\"https:\/\/infoecos.com.ar\/index.php\/cepa-la-inflacion-bajo-la-alfombra-ipc-nuevo-vs-ipc-caputo\/#primaryimage\"},\"thumbnailUrl\":\"https:\/\/infoecos.com.ar\/wp-content\/uploads\/2026\/03\/inflacionbajolaalfombra.jpg\",\"keywords\":[\"ECONOM\u00cdA\",\"REGIONAL\"],\"inLanguage\":\"es\"},{\"@type\":\"WebPage\",\"@id\":\"https:\/\/infoecos.com.ar\/index.php\/cepa-la-inflacion-bajo-la-alfombra-ipc-nuevo-vs-ipc-caputo\/\",\"url\":\"https:\/\/infoecos.com.ar\/index.php\/cepa-la-inflacion-bajo-la-alfombra-ipc-nuevo-vs-ipc-caputo\/\",\"name\":\"CEPA: La inflaci\u00f3n bajo la alfombra: IPC nuevo vs. IPC Caputo - Infoecos\",\"isPartOf\":{\"@id\":\"https:\/\/infoecos.com.ar\/#website\"},\"primaryImageOfPage\":{\"@id\":\"https:\/\/infoecos.com.ar\/index.php\/cepa-la-inflacion-bajo-la-alfombra-ipc-nuevo-vs-ipc-caputo\/#primaryimage\"},\"image\":{\"@id\":\"https:\/\/infoecos.com.ar\/index.php\/cepa-la-inflacion-bajo-la-alfombra-ipc-nuevo-vs-ipc-caputo\/#primaryimage\"},\"thumbnailUrl\":\"https:\/\/infoecos.com.ar\/wp-content\/uploads\/2026\/03\/inflacionbajolaalfombra.jpg\",\"datePublished\":\"2026-03-13T05:01:46+00:00\",\"dateModified\":\"2026-03-13T05:01:47+00:00\",\"breadcrumb\":{\"@id\":\"https:\/\/infoecos.com.ar\/index.php\/cepa-la-inflacion-bajo-la-alfombra-ipc-nuevo-vs-ipc-caputo\/#breadcrumb\"},\"inLanguage\":\"es\",\"potentialAction\":[{\"@type\":\"ReadAction\",\"target\":[\"https:\/\/infoecos.com.ar\/index.php\/cepa-la-inflacion-bajo-la-alfombra-ipc-nuevo-vs-ipc-caputo\/\"]}]},{\"@type\":\"ImageObject\",\"inLanguage\":\"es\",\"@id\":\"https:\/\/infoecos.com.ar\/index.php\/cepa-la-inflacion-bajo-la-alfombra-ipc-nuevo-vs-ipc-caputo\/#primaryimage\",\"url\":\"https:\/\/infoecos.com.ar\/wp-content\/uploads\/2026\/03\/inflacionbajolaalfombra.jpg\",\"contentUrl\":\"https:\/\/infoecos.com.ar\/wp-content\/uploads\/2026\/03\/inflacionbajolaalfombra.jpg\",\"width\":1200,\"height\":600},{\"@type\":\"BreadcrumbList\",\"@id\":\"https:\/\/infoecos.com.ar\/index.php\/cepa-la-inflacion-bajo-la-alfombra-ipc-nuevo-vs-ipc-caputo\/#breadcrumb\",\"itemListElement\":[{\"@type\":\"ListItem\",\"position\":1,\"name\":\"Portada\",\"item\":\"https:\/\/infoecos.com.ar\/\"},{\"@type\":\"ListItem\",\"position\":2,\"name\":\"CEPA: La inflaci\u00f3n bajo la alfombra: IPC nuevo vs. IPC Caputo\"}]},{\"@type\":\"WebSite\",\"@id\":\"https:\/\/infoecos.com.ar\/#website\",\"url\":\"https:\/\/infoecos.com.ar\/\",\"name\":\"Infoecos\",\"description\":\"Noticias de trenque lauquen y la zona\",\"publisher\":{\"@id\":\"https:\/\/infoecos.com.ar\/#organization\"},\"alternateName\":\"Noticias\",\"potentialAction\":[{\"@type\":\"SearchAction\",\"target\":{\"@type\":\"EntryPoint\",\"urlTemplate\":\"https:\/\/infoecos.com.ar\/?s={search_term_string}\"},\"query-input\":{\"@type\":\"PropertyValueSpecification\",\"valueRequired\":true,\"valueName\":\"search_term_string\"}}],\"inLanguage\":\"es\"},{\"@type\":\"Organization\",\"@id\":\"https:\/\/infoecos.com.ar\/#organization\",\"name\":\"Infoecos\",\"alternateName\":\"Noticias\",\"url\":\"https:\/\/infoecos.com.ar\/\",\"logo\":{\"@type\":\"ImageObject\",\"inLanguage\":\"es\",\"@id\":\"https:\/\/infoecos.com.ar\/#\/schema\/logo\/image\/\",\"url\":\"https:\/\/infoecos.com.ar\/wp-content\/uploads\/2024\/03\/cropped-logo.png\",\"contentUrl\":\"https:\/\/infoecos.com.ar\/wp-content\/uploads\/2024\/03\/cropped-logo.png\",\"width\":374,\"height\":90,\"caption\":\"Infoecos\"},\"image\":{\"@id\":\"https:\/\/infoecos.com.ar\/#\/schema\/logo\/image\/\"},\"sameAs\":[\"https:\/\/www.facebook.com\/profile.php?id=100063200290284\",\"https:\/\/x.com\/infoecos\"]},{\"@type\":\"Person\",\"@id\":\"https:\/\/infoecos.com.ar\/#\/schema\/person\/8f5ace5ce73b4b4aac4b7245aee6f191\",\"name\":\"Jorge Matheus\",\"url\":\"https:\/\/infoecos.com.ar\/index.php\/author\/jomatheus\/\"}]}<\/script>\n<!-- \/ Yoast SEO plugin. -->","yoast_head_json":{"title":"CEPA: La inflaci\u00f3n bajo la alfombra: IPC nuevo vs. IPC Caputo - Infoecos","robots":{"index":"index","follow":"follow","max-snippet":"max-snippet:-1","max-image-preview":"max-image-preview:large","max-video-preview":"max-video-preview:-1"},"canonical":"https:\/\/infoecos.com.ar\/index.php\/cepa-la-inflacion-bajo-la-alfombra-ipc-nuevo-vs-ipc-caputo\/","og_locale":"es_ES","og_type":"article","og_title":"CEPA: La inflaci\u00f3n bajo la alfombra: IPC nuevo vs. IPC Caputo - Infoecos","og_description":"Consideraciones del Centro de Econom\u00eda Pol\u00edtica Argentina","og_url":"https:\/\/infoecos.com.ar\/index.php\/cepa-la-inflacion-bajo-la-alfombra-ipc-nuevo-vs-ipc-caputo\/","og_site_name":"Infoecos","article_publisher":"https:\/\/www.facebook.com\/profile.php?id=100063200290284","article_published_time":"2026-03-13T05:01:46+00:00","article_modified_time":"2026-03-13T05:01:47+00:00","og_image":[{"width":1200,"height":600,"url":"https:\/\/infoecos.com.ar\/wp-content\/uploads\/2026\/03\/inflacionbajolaalfombra.jpg","type":"image\/jpeg"}],"author":"Jorge Matheus","twitter_card":"summary_large_image","twitter_creator":"@infoecos","twitter_site":"@infoecos","twitter_misc":{"Escrito por":"Jorge Matheus","Tiempo de lectura":"2 minutos"},"schema":{"@context":"https:\/\/schema.org","@graph":[{"@type":"Article","@id":"https:\/\/infoecos.com.ar\/index.php\/cepa-la-inflacion-bajo-la-alfombra-ipc-nuevo-vs-ipc-caputo\/#article","isPartOf":{"@id":"https:\/\/infoecos.com.ar\/index.php\/cepa-la-inflacion-bajo-la-alfombra-ipc-nuevo-vs-ipc-caputo\/"},"author":{"name":"Jorge Matheus","@id":"https:\/\/infoecos.com.ar\/#\/schema\/person\/8f5ace5ce73b4b4aac4b7245aee6f191"},"headline":"CEPA: La inflaci\u00f3n bajo la alfombra: IPC nuevo vs. IPC Caputo","datePublished":"2026-03-13T05:01:46+00:00","dateModified":"2026-03-13T05:01:47+00:00","mainEntityOfPage":{"@id":"https:\/\/infoecos.com.ar\/index.php\/cepa-la-inflacion-bajo-la-alfombra-ipc-nuevo-vs-ipc-caputo\/"},"wordCount":301,"publisher":{"@id":"https:\/\/infoecos.com.ar\/#organization"},"image":{"@id":"https:\/\/infoecos.com.ar\/index.php\/cepa-la-inflacion-bajo-la-alfombra-ipc-nuevo-vs-ipc-caputo\/#primaryimage"},"thumbnailUrl":"https:\/\/infoecos.com.ar\/wp-content\/uploads\/2026\/03\/inflacionbajolaalfombra.jpg","keywords":["ECONOM\u00cdA","REGIONAL"],"inLanguage":"es"},{"@type":"WebPage","@id":"https:\/\/infoecos.com.ar\/index.php\/cepa-la-inflacion-bajo-la-alfombra-ipc-nuevo-vs-ipc-caputo\/","url":"https:\/\/infoecos.com.ar\/index.php\/cepa-la-inflacion-bajo-la-alfombra-ipc-nuevo-vs-ipc-caputo\/","name":"CEPA: La inflaci\u00f3n bajo la alfombra: IPC nuevo vs. IPC Caputo - Infoecos","isPartOf":{"@id":"https:\/\/infoecos.com.ar\/#website"},"primaryImageOfPage":{"@id":"https:\/\/infoecos.com.ar\/index.php\/cepa-la-inflacion-bajo-la-alfombra-ipc-nuevo-vs-ipc-caputo\/#primaryimage"},"image":{"@id":"https:\/\/infoecos.com.ar\/index.php\/cepa-la-inflacion-bajo-la-alfombra-ipc-nuevo-vs-ipc-caputo\/#primaryimage"},"thumbnailUrl":"https:\/\/infoecos.com.ar\/wp-content\/uploads\/2026\/03\/inflacionbajolaalfombra.jpg","datePublished":"2026-03-13T05:01:46+00:00","dateModified":"2026-03-13T05:01:47+00:00","breadcrumb":{"@id":"https:\/\/infoecos.com.ar\/index.php\/cepa-la-inflacion-bajo-la-alfombra-ipc-nuevo-vs-ipc-caputo\/#breadcrumb"},"inLanguage":"es","potentialAction":[{"@type":"ReadAction","target":["https:\/\/infoecos.com.ar\/index.php\/cepa-la-inflacion-bajo-la-alfombra-ipc-nuevo-vs-ipc-caputo\/"]}]},{"@type":"ImageObject","inLanguage":"es","@id":"https:\/\/infoecos.com.ar\/index.php\/cepa-la-inflacion-bajo-la-alfombra-ipc-nuevo-vs-ipc-caputo\/#primaryimage","url":"https:\/\/infoecos.com.ar\/wp-content\/uploads\/2026\/03\/inflacionbajolaalfombra.jpg","contentUrl":"https:\/\/infoecos.com.ar\/wp-content\/uploads\/2026\/03\/inflacionbajolaalfombra.jpg","width":1200,"height":600},{"@type":"BreadcrumbList","@id":"https:\/\/infoecos.com.ar\/index.php\/cepa-la-inflacion-bajo-la-alfombra-ipc-nuevo-vs-ipc-caputo\/#breadcrumb","itemListElement":[{"@type":"ListItem","position":1,"name":"Portada","item":"https:\/\/infoecos.com.ar\/"},{"@type":"ListItem","position":2,"name":"CEPA: La inflaci\u00f3n bajo la alfombra: IPC nuevo vs. IPC Caputo"}]},{"@type":"WebSite","@id":"https:\/\/infoecos.com.ar\/#website","url":"https:\/\/infoecos.com.ar\/","name":"Infoecos","description":"Noticias de trenque lauquen y la zona","publisher":{"@id":"https:\/\/infoecos.com.ar\/#organization"},"alternateName":"Noticias","potentialAction":[{"@type":"SearchAction","target":{"@type":"EntryPoint","urlTemplate":"https:\/\/infoecos.com.ar\/?s={search_term_string}"},"query-input":{"@type":"PropertyValueSpecification","valueRequired":true,"valueName":"search_term_string"}}],"inLanguage":"es"},{"@type":"Organization","@id":"https:\/\/infoecos.com.ar\/#organization","name":"Infoecos","alternateName":"Noticias","url":"https:\/\/infoecos.com.ar\/","logo":{"@type":"ImageObject","inLanguage":"es","@id":"https:\/\/infoecos.com.ar\/#\/schema\/logo\/image\/","url":"https:\/\/infoecos.com.ar\/wp-content\/uploads\/2024\/03\/cropped-logo.png","contentUrl":"https:\/\/infoecos.com.ar\/wp-content\/uploads\/2024\/03\/cropped-logo.png","width":374,"height":90,"caption":"Infoecos"},"image":{"@id":"https:\/\/infoecos.com.ar\/#\/schema\/logo\/image\/"},"sameAs":["https:\/\/www.facebook.com\/profile.php?id=100063200290284","https:\/\/x.com\/infoecos"]},{"@type":"Person","@id":"https:\/\/infoecos.com.ar\/#\/schema\/person\/8f5ace5ce73b4b4aac4b7245aee6f191","name":"Jorge Matheus","url":"https:\/\/infoecos.com.ar\/index.php\/author\/jomatheus\/"}]}},"featured_image_urls":{"full":["https:\/\/infoecos.com.ar\/wp-content\/uploads\/2026\/03\/inflacionbajolaalfombra.jpg",1200,600,false],"thumbnail":["https:\/\/infoecos.com.ar\/wp-content\/uploads\/2026\/03\/inflacionbajolaalfombra-300x150.jpg",300,150,true],"medium":["https:\/\/infoecos.com.ar\/wp-content\/uploads\/2026\/03\/inflacionbajolaalfombra-800x400.jpg",800,400,true],"medium_large":["https:\/\/infoecos.com.ar\/wp-content\/uploads\/2026\/03\/inflacionbajolaalfombra-768x384.jpg",640,320,true],"large":["https:\/\/infoecos.com.ar\/wp-content\/uploads\/2026\/03\/inflacionbajolaalfombra.jpg",640,320,false],"1536x1536":["https:\/\/infoecos.com.ar\/wp-content\/uploads\/2026\/03\/inflacionbajolaalfombra.jpg",1200,600,false],"2048x2048":["https:\/\/infoecos.com.ar\/wp-content\/uploads\/2026\/03\/inflacionbajolaalfombra.jpg",1200,600,false],"covernews-slider-full":["https:\/\/infoecos.com.ar\/wp-content\/uploads\/2026\/03\/inflacionbajolaalfombra-1115x600.jpg",1115,600,true],"covernews-slider-center":["https:\/\/infoecos.com.ar\/wp-content\/uploads\/2026\/03\/inflacionbajolaalfombra-800x500.jpg",800,500,true],"covernews-featured":["https:\/\/infoecos.com.ar\/wp-content\/uploads\/2026\/03\/inflacionbajolaalfombra-1024x512.jpg",1024,512,true],"covernews-medium":["https:\/\/infoecos.com.ar\/wp-content\/uploads\/2026\/03\/inflacionbajolaalfombra-540x340.jpg",540,340,true],"covernews-medium-square":["https:\/\/infoecos.com.ar\/wp-content\/uploads\/2026\/03\/inflacionbajolaalfombra-400x250.jpg",400,250,true]},"author_info":{"info":["Jorge Matheus"]},"category_info":"<a href=\"https:\/\/infoecos.com.ar\/index.php\/category\/sin-categoria\/\" rel=\"category tag\">Sin categor\u00eda<\/a>","tag_info":"Sin categor\u00eda","comment_count":"0","_links":{"self":[{"href":"https:\/\/infoecos.com.ar\/index.php\/wp-json\/wp\/v2\/posts\/154910"}],"collection":[{"href":"https:\/\/infoecos.com.ar\/index.php\/wp-json\/wp\/v2\/posts"}],"about":[{"href":"https:\/\/infoecos.com.ar\/index.php\/wp-json\/wp\/v2\/types\/post"}],"author":[{"embeddable":true,"href":"https:\/\/infoecos.com.ar\/index.php\/wp-json\/wp\/v2\/users\/2"}],"replies":[{"embeddable":true,"href":"https:\/\/infoecos.com.ar\/index.php\/wp-json\/wp\/v2\/comments?post=154910"}],"version-history":[{"count":1,"href":"https:\/\/infoecos.com.ar\/index.php\/wp-json\/wp\/v2\/posts\/154910\/revisions"}],"predecessor-version":[{"id":154913,"href":"https:\/\/infoecos.com.ar\/index.php\/wp-json\/wp\/v2\/posts\/154910\/revisions\/154913"}],"wp:featuredmedia":[{"embeddable":true,"href":"https:\/\/infoecos.com.ar\/index.php\/wp-json\/wp\/v2\/media\/154912"}],"wp:attachment":[{"href":"https:\/\/infoecos.com.ar\/index.php\/wp-json\/wp\/v2\/media?parent=154910"}],"wp:term":[{"taxonomy":"category","embeddable":true,"href":"https:\/\/infoecos.com.ar\/index.php\/wp-json\/wp\/v2\/categories?post=154910"},{"taxonomy":"post_tag","embeddable":true,"href":"https:\/\/infoecos.com.ar\/index.php\/wp-json\/wp\/v2\/tags?post=154910"}],"curies":[{"name":"wp","href":"https:\/\/api.w.org\/{rel}","templated":true}]}}