{"id":154914,"date":"2026-03-13T02:17:14","date_gmt":"2026-03-13T05:17:14","guid":{"rendered":"https:\/\/infoecos.com.ar\/?p=154914"},"modified":"2026-03-16T01:49:20","modified_gmt":"2026-03-16T04:49:20","slug":"el-delegado-de-pasteur-estuvo-en-carlos-tejedor-y-coordino-tareas-para-el-mejoramiento-de-los-caminos-limitrofes-con-lincoln","status":"publish","type":"post","link":"https:\/\/infoecos.com.ar\/index.php\/el-delegado-de-pasteur-estuvo-en-carlos-tejedor-y-coordino-tareas-para-el-mejoramiento-de-los-caminos-limitrofes-con-lincoln\/","title":{"rendered":"El delegado de Pasteur estuvo en Carlos Tejedor y coordin\u00f3 tareas para el mejoramiento de los caminos lim\u00edtrofes con Lincoln"},"content":{"rendered":"\n<p>La secretaria de Servicios P\u00fablicos, Giuliana Mandrini Gatti, junto al jefe Vial Adri\u00e1n Carrizo y el concejal Armando Palau, mantuvieron una reuni\u00f3n con Leonardo Gisbert, delegado de Pasteur, de Lincoln.<\/p>\n\n\n\n<p>El encuentro fue para coordinar tareas de reparaci\u00f3n y mantenimiento de caminos rurales lim\u00edtrofes entre los distritos.<\/p>\n\n\n\n<p>Durante el encuentro se acord\u00f3 avanzar de manera articulada en trabajos que permitan mejorar la transitabilidad y las condiciones de circulaci\u00f3n en estas zonas rurales.<\/p>\n\n\n\n<p>Fuente: <a href=\"https:\/\/www.facebook.com\/laser913?__cft__[0]=AZbU9S8dCwlNSQuO8pX9n3Woui9tImIzWcg9x2RL-7boUaH-0RMqWjREWrpB779kJwRKNs8j3w40_rZziXx9c3GbA0JIcGNcWIGP9UaM6I_6ZxfC5pZxUSD5QWd0h9gOUVgBLjQMYOhB9iPm94RUsw5smA-3qFq2prF5-2kRoKkRwRAae9tdhYqGm-4xDGxSR3g&amp;__tn__=-UC%2CP-R\"><strong>RADIO FM LASER 91.3 LRI 989 Carlos Tejedor<\/strong><\/a><\/p>\n\n\n\n<figure class=\"wp-block-image aligncenter size-full\"><img loading=\"lazy\" decoding=\"async\" width=\"526\" height=\"530\" src=\"https:\/\/infoecos.com.ar\/wp-content\/uploads\/2026\/03\/image-110.png\" alt=\"\" class=\"wp-image-154915\"\/><\/figure>\n","protected":false},"excerpt":{"rendered":"<p>Fuente: RADIO FM LASER 91.3 LRI 989 Carlos Tejedor<\/p>\n","protected":false},"author":2,"featured_media":154915,"comment_status":"closed","ping_status":"open","sticky":false,"template":"","format":"standard","meta":{"footnotes":""},"categories":[1],"tags":[10304,1500],"class_list":["post-154914","post","type-post","status-publish","format-standard","has-post-thumbnail","hentry","category-sin-categoria","tag-actualidad","tag-regional"],"yoast_head":"<!-- This site is optimized with the Yoast SEO plugin v23.4 - https:\/\/yoast.com\/wordpress\/plugins\/seo\/ -->\n<title>El delegado de Pasteur estuvo en Carlos Tejedor y coordin\u00f3 tareas para el mejoramiento de los caminos lim\u00edtrofes con Lincoln - Infoecos<\/title>\n<meta name=\"robots\" content=\"index, follow, max-snippet:-1, max-image-preview:large, max-video-preview:-1\" \/>\n<link rel=\"canonical\" href=\"https:\/\/infoecos.com.ar\/index.php\/el-delegado-de-pasteur-estuvo-en-carlos-tejedor-y-coordino-tareas-para-el-mejoramiento-de-los-caminos-limitrofes-con-lincoln\/\" \/>\n<meta property=\"og:locale\" content=\"es_ES\" \/>\n<meta property=\"og:type\" content=\"article\" \/>\n<meta property=\"og:title\" content=\"El delegado de Pasteur estuvo en Carlos Tejedor y coordin\u00f3 tareas para el mejoramiento de los caminos lim\u00edtrofes con Lincoln - Infoecos\" \/>\n<meta property=\"og:description\" content=\"Fuente: RADIO FM LASER 91.3 LRI 989 Carlos Tejedor\" \/>\n<meta property=\"og:url\" content=\"https:\/\/infoecos.com.ar\/index.php\/el-delegado-de-pasteur-estuvo-en-carlos-tejedor-y-coordino-tareas-para-el-mejoramiento-de-los-caminos-limitrofes-con-lincoln\/\" \/>\n<meta property=\"og:site_name\" content=\"Infoecos\" \/>\n<meta property=\"article:publisher\" content=\"https:\/\/www.facebook.com\/profile.php?id=100063200290284\" \/>\n<meta property=\"article:published_time\" content=\"2026-03-13T05:17:14+00:00\" \/>\n<meta property=\"article:modified_time\" content=\"2026-03-16T04:49:20+00:00\" \/>\n<meta property=\"og:image\" content=\"https:\/\/infoecos.com.ar\/wp-content\/uploads\/2026\/03\/image-110.png\" \/>\n\t<meta property=\"og:image:width\" content=\"526\" \/>\n\t<meta property=\"og:image:height\" content=\"530\" \/>\n\t<meta property=\"og:image:type\" content=\"image\/png\" \/>\n<meta name=\"author\" content=\"Jorge Matheus\" \/>\n<meta name=\"twitter:card\" content=\"summary_large_image\" \/>\n<meta name=\"twitter:creator\" content=\"@infoecos\" \/>\n<meta name=\"twitter:site\" content=\"@infoecos\" \/>\n<meta name=\"twitter:label1\" content=\"Escrito por\" \/>\n\t<meta name=\"twitter:data1\" content=\"Jorge Matheus\" \/>\n\t<meta name=\"twitter:label2\" content=\"Tiempo de lectura\" \/>\n\t<meta name=\"twitter:data2\" content=\"1 minuto\" \/>\n<script type=\"application\/ld+json\" class=\"yoast-schema-graph\">{\"@context\":\"https:\/\/schema.org\",\"@graph\":[{\"@type\":\"Article\",\"@id\":\"https:\/\/infoecos.com.ar\/index.php\/el-delegado-de-pasteur-estuvo-en-carlos-tejedor-y-coordino-tareas-para-el-mejoramiento-de-los-caminos-limitrofes-con-lincoln\/#article\",\"isPartOf\":{\"@id\":\"https:\/\/infoecos.com.ar\/index.php\/el-delegado-de-pasteur-estuvo-en-carlos-tejedor-y-coordino-tareas-para-el-mejoramiento-de-los-caminos-limitrofes-con-lincoln\/\"},\"author\":{\"name\":\"Jorge Matheus\",\"@id\":\"https:\/\/infoecos.com.ar\/#\/schema\/person\/8f5ace5ce73b4b4aac4b7245aee6f191\"},\"headline\":\"El delegado de Pasteur estuvo en Carlos Tejedor y coordin\u00f3 tareas para el mejoramiento de los caminos lim\u00edtrofes con Lincoln\",\"datePublished\":\"2026-03-13T05:17:14+00:00\",\"dateModified\":\"2026-03-16T04:49:20+00:00\",\"mainEntityOfPage\":{\"@id\":\"https:\/\/infoecos.com.ar\/index.php\/el-delegado-de-pasteur-estuvo-en-carlos-tejedor-y-coordino-tareas-para-el-mejoramiento-de-los-caminos-limitrofes-con-lincoln\/\"},\"wordCount\":106,\"publisher\":{\"@id\":\"https:\/\/infoecos.com.ar\/#organization\"},\"image\":{\"@id\":\"https:\/\/infoecos.com.ar\/index.php\/el-delegado-de-pasteur-estuvo-en-carlos-tejedor-y-coordino-tareas-para-el-mejoramiento-de-los-caminos-limitrofes-con-lincoln\/#primaryimage\"},\"thumbnailUrl\":\"https:\/\/infoecos.com.ar\/wp-content\/uploads\/2026\/03\/image-110.png\",\"keywords\":[\"Actualidad\",\"REGIONAL\"],\"inLanguage\":\"es\"},{\"@type\":\"WebPage\",\"@id\":\"https:\/\/infoecos.com.ar\/index.php\/el-delegado-de-pasteur-estuvo-en-carlos-tejedor-y-coordino-tareas-para-el-mejoramiento-de-los-caminos-limitrofes-con-lincoln\/\",\"url\":\"https:\/\/infoecos.com.ar\/index.php\/el-delegado-de-pasteur-estuvo-en-carlos-tejedor-y-coordino-tareas-para-el-mejoramiento-de-los-caminos-limitrofes-con-lincoln\/\",\"name\":\"El delegado de Pasteur estuvo en Carlos Tejedor y coordin\u00f3 tareas para el mejoramiento de los caminos lim\u00edtrofes con Lincoln - Infoecos\",\"isPartOf\":{\"@id\":\"https:\/\/infoecos.com.ar\/#website\"},\"primaryImageOfPage\":{\"@id\":\"https:\/\/infoecos.com.ar\/index.php\/el-delegado-de-pasteur-estuvo-en-carlos-tejedor-y-coordino-tareas-para-el-mejoramiento-de-los-caminos-limitrofes-con-lincoln\/#primaryimage\"},\"image\":{\"@id\":\"https:\/\/infoecos.com.ar\/index.php\/el-delegado-de-pasteur-estuvo-en-carlos-tejedor-y-coordino-tareas-para-el-mejoramiento-de-los-caminos-limitrofes-con-lincoln\/#primaryimage\"},\"thumbnailUrl\":\"https:\/\/infoecos.com.ar\/wp-content\/uploads\/2026\/03\/image-110.png\",\"datePublished\":\"2026-03-13T05:17:14+00:00\",\"dateModified\":\"2026-03-16T04:49:20+00:00\",\"breadcrumb\":{\"@id\":\"https:\/\/infoecos.com.ar\/index.php\/el-delegado-de-pasteur-estuvo-en-carlos-tejedor-y-coordino-tareas-para-el-mejoramiento-de-los-caminos-limitrofes-con-lincoln\/#breadcrumb\"},\"inLanguage\":\"es\",\"potentialAction\":[{\"@type\":\"ReadAction\",\"target\":[\"https:\/\/infoecos.com.ar\/index.php\/el-delegado-de-pasteur-estuvo-en-carlos-tejedor-y-coordino-tareas-para-el-mejoramiento-de-los-caminos-limitrofes-con-lincoln\/\"]}]},{\"@type\":\"ImageObject\",\"inLanguage\":\"es\",\"@id\":\"https:\/\/infoecos.com.ar\/index.php\/el-delegado-de-pasteur-estuvo-en-carlos-tejedor-y-coordino-tareas-para-el-mejoramiento-de-los-caminos-limitrofes-con-lincoln\/#primaryimage\",\"url\":\"https:\/\/infoecos.com.ar\/wp-content\/uploads\/2026\/03\/image-110.png\",\"contentUrl\":\"https:\/\/infoecos.com.ar\/wp-content\/uploads\/2026\/03\/image-110.png\",\"width\":526,\"height\":530},{\"@type\":\"BreadcrumbList\",\"@id\":\"https:\/\/infoecos.com.ar\/index.php\/el-delegado-de-pasteur-estuvo-en-carlos-tejedor-y-coordino-tareas-para-el-mejoramiento-de-los-caminos-limitrofes-con-lincoln\/#breadcrumb\",\"itemListElement\":[{\"@type\":\"ListItem\",\"position\":1,\"name\":\"Portada\",\"item\":\"https:\/\/infoecos.com.ar\/\"},{\"@type\":\"ListItem\",\"position\":2,\"name\":\"El delegado de Pasteur estuvo en Carlos Tejedor y coordin\u00f3 tareas para el mejoramiento de los caminos lim\u00edtrofes con Lincoln\"}]},{\"@type\":\"WebSite\",\"@id\":\"https:\/\/infoecos.com.ar\/#website\",\"url\":\"https:\/\/infoecos.com.ar\/\",\"name\":\"Infoecos\",\"description\":\"Noticias de trenque lauquen y la zona\",\"publisher\":{\"@id\":\"https:\/\/infoecos.com.ar\/#organization\"},\"alternateName\":\"Noticias\",\"potentialAction\":[{\"@type\":\"SearchAction\",\"target\":{\"@type\":\"EntryPoint\",\"urlTemplate\":\"https:\/\/infoecos.com.ar\/?s={search_term_string}\"},\"query-input\":{\"@type\":\"PropertyValueSpecification\",\"valueRequired\":true,\"valueName\":\"search_term_string\"}}],\"inLanguage\":\"es\"},{\"@type\":\"Organization\",\"@id\":\"https:\/\/infoecos.com.ar\/#organization\",\"name\":\"Infoecos\",\"alternateName\":\"Noticias\",\"url\":\"https:\/\/infoecos.com.ar\/\",\"logo\":{\"@type\":\"ImageObject\",\"inLanguage\":\"es\",\"@id\":\"https:\/\/infoecos.com.ar\/#\/schema\/logo\/image\/\",\"url\":\"https:\/\/infoecos.com.ar\/wp-content\/uploads\/2024\/03\/cropped-logo.png\",\"contentUrl\":\"https:\/\/infoecos.com.ar\/wp-content\/uploads\/2024\/03\/cropped-logo.png\",\"width\":374,\"height\":90,\"caption\":\"Infoecos\"},\"image\":{\"@id\":\"https:\/\/infoecos.com.ar\/#\/schema\/logo\/image\/\"},\"sameAs\":[\"https:\/\/www.facebook.com\/profile.php?id=100063200290284\",\"https:\/\/x.com\/infoecos\"]},{\"@type\":\"Person\",\"@id\":\"https:\/\/infoecos.com.ar\/#\/schema\/person\/8f5ace5ce73b4b4aac4b7245aee6f191\",\"name\":\"Jorge Matheus\",\"url\":\"https:\/\/infoecos.com.ar\/index.php\/author\/jomatheus\/\"}]}<\/script>\n<!-- \/ Yoast SEO plugin. -->","yoast_head_json":{"title":"El delegado de Pasteur estuvo en Carlos Tejedor y coordin\u00f3 tareas para el mejoramiento de los caminos lim\u00edtrofes con Lincoln - Infoecos","robots":{"index":"index","follow":"follow","max-snippet":"max-snippet:-1","max-image-preview":"max-image-preview:large","max-video-preview":"max-video-preview:-1"},"canonical":"https:\/\/infoecos.com.ar\/index.php\/el-delegado-de-pasteur-estuvo-en-carlos-tejedor-y-coordino-tareas-para-el-mejoramiento-de-los-caminos-limitrofes-con-lincoln\/","og_locale":"es_ES","og_type":"article","og_title":"El delegado de Pasteur estuvo en Carlos Tejedor y coordin\u00f3 tareas para el mejoramiento de los caminos lim\u00edtrofes con Lincoln - Infoecos","og_description":"Fuente: RADIO FM LASER 91.3 LRI 989 Carlos Tejedor","og_url":"https:\/\/infoecos.com.ar\/index.php\/el-delegado-de-pasteur-estuvo-en-carlos-tejedor-y-coordino-tareas-para-el-mejoramiento-de-los-caminos-limitrofes-con-lincoln\/","og_site_name":"Infoecos","article_publisher":"https:\/\/www.facebook.com\/profile.php?id=100063200290284","article_published_time":"2026-03-13T05:17:14+00:00","article_modified_time":"2026-03-16T04:49:20+00:00","og_image":[{"width":526,"height":530,"url":"https:\/\/infoecos.com.ar\/wp-content\/uploads\/2026\/03\/image-110.png","type":"image\/png"}],"author":"Jorge Matheus","twitter_card":"summary_large_image","twitter_creator":"@infoecos","twitter_site":"@infoecos","twitter_misc":{"Escrito por":"Jorge Matheus","Tiempo de lectura":"1 minuto"},"schema":{"@context":"https:\/\/schema.org","@graph":[{"@type":"Article","@id":"https:\/\/infoecos.com.ar\/index.php\/el-delegado-de-pasteur-estuvo-en-carlos-tejedor-y-coordino-tareas-para-el-mejoramiento-de-los-caminos-limitrofes-con-lincoln\/#article","isPartOf":{"@id":"https:\/\/infoecos.com.ar\/index.php\/el-delegado-de-pasteur-estuvo-en-carlos-tejedor-y-coordino-tareas-para-el-mejoramiento-de-los-caminos-limitrofes-con-lincoln\/"},"author":{"name":"Jorge Matheus","@id":"https:\/\/infoecos.com.ar\/#\/schema\/person\/8f5ace5ce73b4b4aac4b7245aee6f191"},"headline":"El delegado de Pasteur estuvo en Carlos Tejedor y coordin\u00f3 tareas para el mejoramiento de los caminos lim\u00edtrofes con Lincoln","datePublished":"2026-03-13T05:17:14+00:00","dateModified":"2026-03-16T04:49:20+00:00","mainEntityOfPage":{"@id":"https:\/\/infoecos.com.ar\/index.php\/el-delegado-de-pasteur-estuvo-en-carlos-tejedor-y-coordino-tareas-para-el-mejoramiento-de-los-caminos-limitrofes-con-lincoln\/"},"wordCount":106,"publisher":{"@id":"https:\/\/infoecos.com.ar\/#organization"},"image":{"@id":"https:\/\/infoecos.com.ar\/index.php\/el-delegado-de-pasteur-estuvo-en-carlos-tejedor-y-coordino-tareas-para-el-mejoramiento-de-los-caminos-limitrofes-con-lincoln\/#primaryimage"},"thumbnailUrl":"https:\/\/infoecos.com.ar\/wp-content\/uploads\/2026\/03\/image-110.png","keywords":["Actualidad","REGIONAL"],"inLanguage":"es"},{"@type":"WebPage","@id":"https:\/\/infoecos.com.ar\/index.php\/el-delegado-de-pasteur-estuvo-en-carlos-tejedor-y-coordino-tareas-para-el-mejoramiento-de-los-caminos-limitrofes-con-lincoln\/","url":"https:\/\/infoecos.com.ar\/index.php\/el-delegado-de-pasteur-estuvo-en-carlos-tejedor-y-coordino-tareas-para-el-mejoramiento-de-los-caminos-limitrofes-con-lincoln\/","name":"El delegado de Pasteur estuvo en Carlos Tejedor y coordin\u00f3 tareas para el mejoramiento de los caminos lim\u00edtrofes con Lincoln - Infoecos","isPartOf":{"@id":"https:\/\/infoecos.com.ar\/#website"},"primaryImageOfPage":{"@id":"https:\/\/infoecos.com.ar\/index.php\/el-delegado-de-pasteur-estuvo-en-carlos-tejedor-y-coordino-tareas-para-el-mejoramiento-de-los-caminos-limitrofes-con-lincoln\/#primaryimage"},"image":{"@id":"https:\/\/infoecos.com.ar\/index.php\/el-delegado-de-pasteur-estuvo-en-carlos-tejedor-y-coordino-tareas-para-el-mejoramiento-de-los-caminos-limitrofes-con-lincoln\/#primaryimage"},"thumbnailUrl":"https:\/\/infoecos.com.ar\/wp-content\/uploads\/2026\/03\/image-110.png","datePublished":"2026-03-13T05:17:14+00:00","dateModified":"2026-03-16T04:49:20+00:00","breadcrumb":{"@id":"https:\/\/infoecos.com.ar\/index.php\/el-delegado-de-pasteur-estuvo-en-carlos-tejedor-y-coordino-tareas-para-el-mejoramiento-de-los-caminos-limitrofes-con-lincoln\/#breadcrumb"},"inLanguage":"es","potentialAction":[{"@type":"ReadAction","target":["https:\/\/infoecos.com.ar\/index.php\/el-delegado-de-pasteur-estuvo-en-carlos-tejedor-y-coordino-tareas-para-el-mejoramiento-de-los-caminos-limitrofes-con-lincoln\/"]}]},{"@type":"ImageObject","inLanguage":"es","@id":"https:\/\/infoecos.com.ar\/index.php\/el-delegado-de-pasteur-estuvo-en-carlos-tejedor-y-coordino-tareas-para-el-mejoramiento-de-los-caminos-limitrofes-con-lincoln\/#primaryimage","url":"https:\/\/infoecos.com.ar\/wp-content\/uploads\/2026\/03\/image-110.png","contentUrl":"https:\/\/infoecos.com.ar\/wp-content\/uploads\/2026\/03\/image-110.png","width":526,"height":530},{"@type":"BreadcrumbList","@id":"https:\/\/infoecos.com.ar\/index.php\/el-delegado-de-pasteur-estuvo-en-carlos-tejedor-y-coordino-tareas-para-el-mejoramiento-de-los-caminos-limitrofes-con-lincoln\/#breadcrumb","itemListElement":[{"@type":"ListItem","position":1,"name":"Portada","item":"https:\/\/infoecos.com.ar\/"},{"@type":"ListItem","position":2,"name":"El delegado de Pasteur estuvo en Carlos Tejedor y coordin\u00f3 tareas para el mejoramiento de los caminos lim\u00edtrofes con Lincoln"}]},{"@type":"WebSite","@id":"https:\/\/infoecos.com.ar\/#website","url":"https:\/\/infoecos.com.ar\/","name":"Infoecos","description":"Noticias de trenque lauquen y la zona","publisher":{"@id":"https:\/\/infoecos.com.ar\/#organization"},"alternateName":"Noticias","potentialAction":[{"@type":"SearchAction","target":{"@type":"EntryPoint","urlTemplate":"https:\/\/infoecos.com.ar\/?s={search_term_string}"},"query-input":{"@type":"PropertyValueSpecification","valueRequired":true,"valueName":"search_term_string"}}],"inLanguage":"es"},{"@type":"Organization","@id":"https:\/\/infoecos.com.ar\/#organization","name":"Infoecos","alternateName":"Noticias","url":"https:\/\/infoecos.com.ar\/","logo":{"@type":"ImageObject","inLanguage":"es","@id":"https:\/\/infoecos.com.ar\/#\/schema\/logo\/image\/","url":"https:\/\/infoecos.com.ar\/wp-content\/uploads\/2024\/03\/cropped-logo.png","contentUrl":"https:\/\/infoecos.com.ar\/wp-content\/uploads\/2024\/03\/cropped-logo.png","width":374,"height":90,"caption":"Infoecos"},"image":{"@id":"https:\/\/infoecos.com.ar\/#\/schema\/logo\/image\/"},"sameAs":["https:\/\/www.facebook.com\/profile.php?id=100063200290284","https:\/\/x.com\/infoecos"]},{"@type":"Person","@id":"https:\/\/infoecos.com.ar\/#\/schema\/person\/8f5ace5ce73b4b4aac4b7245aee6f191","name":"Jorge Matheus","url":"https:\/\/infoecos.com.ar\/index.php\/author\/jomatheus\/"}]}},"featured_image_urls":{"full":["https:\/\/infoecos.com.ar\/wp-content\/uploads\/2026\/03\/image-110.png",526,530,false],"thumbnail":["https:\/\/infoecos.com.ar\/wp-content\/uploads\/2026\/03\/image-110-300x150.png",300,150,true],"medium":["https:\/\/infoecos.com.ar\/wp-content\/uploads\/2026\/03\/image-110.png",526,530,false],"medium_large":["https:\/\/infoecos.com.ar\/wp-content\/uploads\/2026\/03\/image-110.png",526,530,false],"large":["https:\/\/infoecos.com.ar\/wp-content\/uploads\/2026\/03\/image-110.png",526,530,false],"1536x1536":["https:\/\/infoecos.com.ar\/wp-content\/uploads\/2026\/03\/image-110.png",526,530,false],"2048x2048":["https:\/\/infoecos.com.ar\/wp-content\/uploads\/2026\/03\/image-110.png",526,530,false],"covernews-slider-full":["https:\/\/infoecos.com.ar\/wp-content\/uploads\/2026\/03\/image-110.png",526,530,false],"covernews-slider-center":["https:\/\/infoecos.com.ar\/wp-content\/uploads\/2026\/03\/image-110-526x500.png",526,500,true],"covernews-featured":["https:\/\/infoecos.com.ar\/wp-content\/uploads\/2026\/03\/image-110.png",526,530,false],"covernews-medium":["https:\/\/infoecos.com.ar\/wp-content\/uploads\/2026\/03\/image-110-526x340.png",526,340,true],"covernews-medium-square":["https:\/\/infoecos.com.ar\/wp-content\/uploads\/2026\/03\/image-110-400x250.png",400,250,true]},"author_info":{"info":["Jorge Matheus"]},"category_info":"<a href=\"https:\/\/infoecos.com.ar\/index.php\/category\/sin-categoria\/\" rel=\"category tag\">Sin categor\u00eda<\/a>","tag_info":"Sin categor\u00eda","comment_count":"0","_links":{"self":[{"href":"https:\/\/infoecos.com.ar\/index.php\/wp-json\/wp\/v2\/posts\/154914"}],"collection":[{"href":"https:\/\/infoecos.com.ar\/index.php\/wp-json\/wp\/v2\/posts"}],"about":[{"href":"https:\/\/infoecos.com.ar\/index.php\/wp-json\/wp\/v2\/types\/post"}],"author":[{"embeddable":true,"href":"https:\/\/infoecos.com.ar\/index.php\/wp-json\/wp\/v2\/users\/2"}],"replies":[{"embeddable":true,"href":"https:\/\/infoecos.com.ar\/index.php\/wp-json\/wp\/v2\/comments?post=154914"}],"version-history":[{"count":1,"href":"https:\/\/infoecos.com.ar\/index.php\/wp-json\/wp\/v2\/posts\/154914\/revisions"}],"predecessor-version":[{"id":154916,"href":"https:\/\/infoecos.com.ar\/index.php\/wp-json\/wp\/v2\/posts\/154914\/revisions\/154916"}],"wp:featuredmedia":[{"embeddable":true,"href":"https:\/\/infoecos.com.ar\/index.php\/wp-json\/wp\/v2\/media\/154915"}],"wp:attachment":[{"href":"https:\/\/infoecos.com.ar\/index.php\/wp-json\/wp\/v2\/media?parent=154914"}],"wp:term":[{"taxonomy":"category","embeddable":true,"href":"https:\/\/infoecos.com.ar\/index.php\/wp-json\/wp\/v2\/categories?post=154914"},{"taxonomy":"post_tag","embeddable":true,"href":"https:\/\/infoecos.com.ar\/index.php\/wp-json\/wp\/v2\/tags?post=154914"}],"curies":[{"name":"wp","href":"https:\/\/api.w.org\/{rel}","templated":true}]}}